{"id":22109,"date":"2011-10-21T16:27:05","date_gmt":"2011-10-21T14:27:05","guid":{"rendered":"https:\/\/sandzakpress.net\/arhiva\/?p=22109"},"modified":"2011-10-21T16:28:01","modified_gmt":"2011-10-21T14:28:01","slug":"u-ankari-otvoren-park-alija-izetbegovic","status":"publish","type":"post","link":"https:\/\/sandzakpress.net\/arhiva\/u-ankari-otvoren-park-alija-izetbegovic\/","title":{"rendered":"U Ankari otvoren park Alija Izetbegovi\u0107"},"content":{"rendered":"<p><strong><a href=\"https:\/\/sandzakpress.net\/arhiva\/wp-content\/uploads\/2011\/10\/Ankara_Park_Alija_Izetbegovic_21.jpg\"><img loading=\"lazy\" decoding=\"async\" class=\"alignleft size-medium wp-image-22111\" title=\"&lt;Digimax D53&gt;\" src=\"https:\/\/sandzakpress.net\/arhiva\/wp-content\/uploads\/2011\/10\/Ankara_Park_Alija_Izetbegovic_21-300x225.jpg\" alt=\"\" width=\"300\" height=\"225\" \/><\/a>Turska &#8211; U srijedu 19. oktobra, na 8. godi\u0161njicu smrti Alije Izatbegovi\u0107a, prvog predsjednika nezavisne Bosne i Hercegovine, sa po\u010detkom u 11:00 sati uprili\u010deno je sve\u010dano otvaranje parka \u201eAlija Izetbegovic\u201c u Ankari. <\/strong><\/p>\n<p>Zahvaljuju\u0107i podr\u0161ci turskog naroda i Op\u0107ine Etimesgut uz suradnji sa Asocijacijom bo\u0161nja\u010dke omladine, Ankara je postala bogatija za jo\u0161 jedan park, koji sa ponosom nosi ime Alija Izetbegovi\u0107. Park je ujedno i dokaz da je Alija Izetbegovi\u0107 sa\u010duvan od zaborava ne samo Bo\u0161njaka nego i naroda Turske.<\/p>\n<p>Na sve\u010danom otvaranju prisustvovali su predstavnici Parlamenta Turske, Grada Ankare, Op\u0107ine Etimesgut, \u010dlanovi Asocijacije bo\u0161nja\u010dke omladine, kao i gra\u0111ani Turske.<\/p>\n<p>U svom obra\u0107anju na\u010dalnik Etimesgut Op\u0107ine Enver Demirel je rekao da lik i djelo Alije Izetbegovi\u0107a predstavlja borbu protiv nepravde, okupacije, opresije, boli i patnje jednog naroda. Ista ta patnja koja se osje\u0107a danas u zraku diljem Turske zbog pogibije 26 vojnika, ubijenih na jugoistoku Turske u teroristi\u010dkom napadu kurdskih pobunjenika. Iz tog razloga Alija Izetbegovi\u0107 nije samo mislilac i predstavnik bosnja\u010dkog naroda, nego svih Muslimana koji osje\u0107aju bilo koji vid opresije i terorizma.<\/p>\n<p>Izvor: <strong>Bosnjaci.net<\/strong><\/p>\n","protected":false},"excerpt":{"rendered":"<p>Turska &#8211; U srijedu 19. oktobra, na 8. godi\u0161njicu smrti Alije Izatbegovi\u0107a, prvog predsjednika nezavisne Bosne i Hercegovine, sa po\u010detkom u 11:00 sati uprili\u010deno je sve\u010dano otvaranje parka \u201eAlija Izetbegovic\u201c u Ankari. Zahvaljuju\u0107i podr\u0161ci turskog naroda i Op\u0107ine Etimesgut uz suradnji sa Asocijacijom bo\u0161nja\u010dke omladine, Ankara je postala bogatija za jo\u0161 jedan park, koji sa [&hellip;]<\/p>\n","protected":false},"author":14,"featured_media":22111,"comment_status":"open","ping_status":"open","sticky":false,"template":"","format":"standard","meta":{"footnotes":""},"categories":[2860,72,800,327,2692],"tags":[],"class_list":{"0":"post-22109","1":"post","2":"type-post","3":"status-publish","4":"format-standard","5":"has-post-thumbnail","7":"category-bosna-i-hercegovina-gradovi","8":"category-novi-pazar","9":"category-nacija","10":"category-tutin","11":"category-turska-gradovi"},"yoast_head":"<!-- This site is optimized with the Yoast SEO Premium plugin v23.1 (Yoast SEO v24.9) - https:\/\/yoast.com\/wordpress\/plugins\/seo\/ -->\n<title>U Ankari otvoren park Alija Izetbegovi\u0107<\/title>\n<meta name=\"robots\" content=\"index, follow, max-snippet:-1, max-image-preview:large, max-video-preview:-1\" \/>\n<link rel=\"canonical\" href=\"https:\/\/sandzakpress.net\/arhiva\/u-ankari-otvoren-park-alija-izetbegovic\/\" \/>\n<meta property=\"og:locale\" content=\"bs_BA\" \/>\n<meta property=\"og:type\" content=\"article\" \/>\n<meta property=\"og:title\" content=\"U Ankari otvoren park Alija Izetbegovi\u0107\" \/>\n<meta property=\"og:description\" content=\"Turska &#8211; U srijedu 19. oktobra, na 8. godi\u0161njicu smrti Alije Izatbegovi\u0107a, prvog predsjednika nezavisne Bosne i Hercegovine, sa po\u010detkom u 11:00 sati uprili\u010deno je sve\u010dano otvaranje parka \u201eAlija Izetbegovic\u201c u Ankari. Zahvaljuju\u0107i podr\u0161ci turskog naroda i Op\u0107ine Etimesgut uz suradnji sa Asocijacijom bo\u0161nja\u010dke omladine, Ankara je postala bogatija za jo\u0161 jedan park, koji sa [&hellip;]\" \/>\n<meta property=\"og:url\" content=\"https:\/\/sandzakpress.net\/arhiva\/u-ankari-otvoren-park-alija-izetbegovic\/\" \/>\n<meta property=\"og:site_name\" content=\"Sand\u017eak PRESS\" \/>\n<meta property=\"article:published_time\" content=\"2011-10-21T14:27:05+00:00\" \/>\n<meta property=\"article:modified_time\" content=\"2011-10-21T14:28:01+00:00\" \/>\n<meta property=\"og:image\" content=\"https:\/\/sandzakpress.net\/arhiva\/wp-content\/uploads\/2011\/10\/Ankara_Park_Alija_Izetbegovic_21.jpg\" \/>\n\t<meta property=\"og:image:width\" content=\"616\" \/>\n\t<meta property=\"og:image:height\" content=\"462\" \/>\n\t<meta property=\"og:image:type\" content=\"image\/jpeg\" \/>\n<meta name=\"twitter:card\" content=\"summary_large_image\" \/>\n<meta name=\"twitter:label1\" content=\"Written by\" \/>\n\t<meta name=\"twitter:data1\" content=\"\" \/>\n\t<meta name=\"twitter:label2\" content=\"Est. reading time\" \/>\n\t<meta name=\"twitter:data2\" content=\"1 minuta\" \/>\n<script type=\"application\/ld+json\" class=\"yoast-schema-graph\">{\"@context\":\"https:\/\/schema.org\",\"@graph\":[{\"@type\":\"Article\",\"@id\":\"https:\/\/sandzakpress.net\/arhiva\/u-ankari-otvoren-park-alija-izetbegovic\/#article\",\"isPartOf\":{\"@id\":\"https:\/\/sandzakpress.net\/arhiva\/u-ankari-otvoren-park-alija-izetbegovic\/\"},\"author\":{\"name\":\"\",\"@id\":\"\"},\"headline\":\"U Ankari otvoren park Alija Izetbegovi\u0107\",\"datePublished\":\"2011-10-21T14:27:05+00:00\",\"dateModified\":\"2011-10-21T14:28:01+00:00\",\"mainEntityOfPage\":{\"@id\":\"https:\/\/sandzakpress.net\/arhiva\/u-ankari-otvoren-park-alija-izetbegovic\/\"},\"wordCount\":203,\"commentCount\":1,\"publisher\":{\"@id\":\"https:\/\/sandzakpress.net\/arhiva\/#\/schema\/person\/6e72b67d6e51910a1117b3b483ba20bd\"},\"image\":{\"@id\":\"https:\/\/sandzakpress.net\/arhiva\/u-ankari-otvoren-park-alija-izetbegovic\/#primaryimage\"},\"thumbnailUrl\":\"https:\/\/sandzakpress.net\/arhiva\/wp-content\/uploads\/2011\/10\/Ankara_Park_Alija_Izetbegovic_21.jpg\",\"articleSection\":[\"Bosna i Hercegovina\",\"Novi Pazar\",\"Nacija\",\"Tutin\",\"Turska\"],\"inLanguage\":\"bs-BA\",\"potentialAction\":[{\"@type\":\"CommentAction\",\"name\":\"Comment\",\"target\":[\"https:\/\/sandzakpress.net\/arhiva\/u-ankari-otvoren-park-alija-izetbegovic\/#respond\"]}]},{\"@type\":\"WebPage\",\"@id\":\"https:\/\/sandzakpress.net\/arhiva\/u-ankari-otvoren-park-alija-izetbegovic\/\",\"url\":\"https:\/\/sandzakpress.net\/arhiva\/u-ankari-otvoren-park-alija-izetbegovic\/\",\"name\":\"U Ankari otvoren park Alija Izetbegovi\u0107\",\"isPartOf\":{\"@id\":\"https:\/\/sandzakpress.net\/arhiva\/#website\"},\"primaryImageOfPage\":{\"@id\":\"https:\/\/sandzakpress.net\/arhiva\/u-ankari-otvoren-park-alija-izetbegovic\/#primaryimage\"},\"image\":{\"@id\":\"https:\/\/sandzakpress.net\/arhiva\/u-ankari-otvoren-park-alija-izetbegovic\/#primaryimage\"},\"thumbnailUrl\":\"https:\/\/sandzakpress.net\/arhiva\/wp-content\/uploads\/2011\/10\/Ankara_Park_Alija_Izetbegovic_21.jpg\",\"datePublished\":\"2011-10-21T14:27:05+00:00\",\"dateModified\":\"2011-10-21T14:28:01+00:00\",\"breadcrumb\":{\"@id\":\"https:\/\/sandzakpress.net\/arhiva\/u-ankari-otvoren-park-alija-izetbegovic\/#breadcrumb\"},\"inLanguage\":\"bs-BA\",\"potentialAction\":[{\"@type\":\"ReadAction\",\"target\":[\"https:\/\/sandzakpress.net\/arhiva\/u-ankari-otvoren-park-alija-izetbegovic\/\"]}]},{\"@type\":\"ImageObject\",\"inLanguage\":\"bs-BA\",\"@id\":\"https:\/\/sandzakpress.net\/arhiva\/u-ankari-otvoren-park-alija-izetbegovic\/#primaryimage\",\"url\":\"https:\/\/sandzakpress.net\/arhiva\/wp-content\/uploads\/2011\/10\/Ankara_Park_Alija_Izetbegovic_21.jpg\",\"contentUrl\":\"https:\/\/sandzakpress.net\/arhiva\/wp-content\/uploads\/2011\/10\/Ankara_Park_Alija_Izetbegovic_21.jpg\",\"width\":616,\"height\":462},{\"@type\":\"BreadcrumbList\",\"@id\":\"https:\/\/sandzakpress.net\/arhiva\/u-ankari-otvoren-park-alija-izetbegovic\/#breadcrumb\",\"itemListElement\":[{\"@type\":\"ListItem\",\"position\":1,\"name\":\"Home\",\"item\":\"https:\/\/sandzakpress.net\/arhiva\/\"},{\"@type\":\"ListItem\",\"position\":2,\"name\":\"U Ankari otvoren park Alija Izetbegovi\u0107\"}]},{\"@type\":\"WebSite\",\"@id\":\"https:\/\/sandzakpress.net\/arhiva\/#website\",\"url\":\"https:\/\/sandzakpress.net\/arhiva\/\",\"name\":\"Sand\u017eak PRESS\",\"description\":\"Prve elektronske novine u Sand\u017eaku\",\"publisher\":{\"@id\":\"https:\/\/sandzakpress.net\/arhiva\/#\/schema\/person\/6e72b67d6e51910a1117b3b483ba20bd\"},\"potentialAction\":[{\"@type\":\"SearchAction\",\"target\":{\"@type\":\"EntryPoint\",\"urlTemplate\":\"https:\/\/sandzakpress.net\/arhiva\/?s={search_term_string}\"},\"query-input\":{\"@type\":\"PropertyValueSpecification\",\"valueRequired\":true,\"valueName\":\"search_term_string\"}}],\"inLanguage\":\"bs-BA\"},{\"@type\":[\"Person\",\"Organization\"],\"@id\":\"https:\/\/sandzakpress.net\/arhiva\/#\/schema\/person\/6e72b67d6e51910a1117b3b483ba20bd\",\"name\":\"Kul\",\"image\":{\"@type\":\"ImageObject\",\"inLanguage\":\"bs-BA\",\"@id\":\"https:\/\/sandzakpress.net\/arhiva\/#\/schema\/person\/image\/\",\"url\":\"https:\/\/secure.gravatar.com\/avatar\/42263f39aa27ac04c43cab85c280eb2e?s=96&d=mm&r=pg\",\"contentUrl\":\"https:\/\/secure.gravatar.com\/avatar\/42263f39aa27ac04c43cab85c280eb2e?s=96&d=mm&r=pg\",\"caption\":\"Kul\"},\"logo\":{\"@id\":\"https:\/\/sandzakpress.net\/arhiva\/#\/schema\/person\/image\/\"}},{\"@type\":\"Person\",\"@id\":\"\",\"url\":\"https:\/\/sandzakpress.net\/arhiva\/author\/\"}]}<\/script>\n<!-- \/ Yoast SEO Premium plugin. -->","yoast_head_json":{"title":"U Ankari otvoren park Alija Izetbegovi\u0107","robots":{"index":"index","follow":"follow","max-snippet":"max-snippet:-1","max-image-preview":"max-image-preview:large","max-video-preview":"max-video-preview:-1"},"canonical":"https:\/\/sandzakpress.net\/arhiva\/u-ankari-otvoren-park-alija-izetbegovic\/","og_locale":"bs_BA","og_type":"article","og_title":"U Ankari otvoren park Alija Izetbegovi\u0107","og_description":"Turska &#8211; U srijedu 19. oktobra, na 8. godi\u0161njicu smrti Alije Izatbegovi\u0107a, prvog predsjednika nezavisne Bosne i Hercegovine, sa po\u010detkom u 11:00 sati uprili\u010deno je sve\u010dano otvaranje parka \u201eAlija Izetbegovic\u201c u Ankari. Zahvaljuju\u0107i podr\u0161ci turskog naroda i Op\u0107ine Etimesgut uz suradnji sa Asocijacijom bo\u0161nja\u010dke omladine, Ankara je postala bogatija za jo\u0161 jedan park, koji sa [&hellip;]","og_url":"https:\/\/sandzakpress.net\/arhiva\/u-ankari-otvoren-park-alija-izetbegovic\/","og_site_name":"Sand\u017eak PRESS","article_published_time":"2011-10-21T14:27:05+00:00","article_modified_time":"2011-10-21T14:28:01+00:00","og_image":[{"width":616,"height":462,"url":"https:\/\/sandzakpress.net\/arhiva\/wp-content\/uploads\/2011\/10\/Ankara_Park_Alija_Izetbegovic_21.jpg","type":"image\/jpeg"}],"twitter_card":"summary_large_image","twitter_misc":{"Written by":"","Est. reading time":"1 minuta"},"schema":{"@context":"https:\/\/schema.org","@graph":[{"@type":"Article","@id":"https:\/\/sandzakpress.net\/arhiva\/u-ankari-otvoren-park-alija-izetbegovic\/#article","isPartOf":{"@id":"https:\/\/sandzakpress.net\/arhiva\/u-ankari-otvoren-park-alija-izetbegovic\/"},"author":{"name":"","@id":""},"headline":"U Ankari otvoren park Alija Izetbegovi\u0107","datePublished":"2011-10-21T14:27:05+00:00","dateModified":"2011-10-21T14:28:01+00:00","mainEntityOfPage":{"@id":"https:\/\/sandzakpress.net\/arhiva\/u-ankari-otvoren-park-alija-izetbegovic\/"},"wordCount":203,"commentCount":1,"publisher":{"@id":"https:\/\/sandzakpress.net\/arhiva\/#\/schema\/person\/6e72b67d6e51910a1117b3b483ba20bd"},"image":{"@id":"https:\/\/sandzakpress.net\/arhiva\/u-ankari-otvoren-park-alija-izetbegovic\/#primaryimage"},"thumbnailUrl":"https:\/\/sandzakpress.net\/arhiva\/wp-content\/uploads\/2011\/10\/Ankara_Park_Alija_Izetbegovic_21.jpg","articleSection":["Bosna i Hercegovina","Novi Pazar","Nacija","Tutin","Turska"],"inLanguage":"bs-BA","potentialAction":[{"@type":"CommentAction","name":"Comment","target":["https:\/\/sandzakpress.net\/arhiva\/u-ankari-otvoren-park-alija-izetbegovic\/#respond"]}]},{"@type":"WebPage","@id":"https:\/\/sandzakpress.net\/arhiva\/u-ankari-otvoren-park-alija-izetbegovic\/","url":"https:\/\/sandzakpress.net\/arhiva\/u-ankari-otvoren-park-alija-izetbegovic\/","name":"U Ankari otvoren park Alija Izetbegovi\u0107","isPartOf":{"@id":"https:\/\/sandzakpress.net\/arhiva\/#website"},"primaryImageOfPage":{"@id":"https:\/\/sandzakpress.net\/arhiva\/u-ankari-otvoren-park-alija-izetbegovic\/#primaryimage"},"image":{"@id":"https:\/\/sandzakpress.net\/arhiva\/u-ankari-otvoren-park-alija-izetbegovic\/#primaryimage"},"thumbnailUrl":"https:\/\/sandzakpress.net\/arhiva\/wp-content\/uploads\/2011\/10\/Ankara_Park_Alija_Izetbegovic_21.jpg","datePublished":"2011-10-21T14:27:05+00:00","dateModified":"2011-10-21T14:28:01+00:00","breadcrumb":{"@id":"https:\/\/sandzakpress.net\/arhiva\/u-ankari-otvoren-park-alija-izetbegovic\/#breadcrumb"},"inLanguage":"bs-BA","potentialAction":[{"@type":"ReadAction","target":["https:\/\/sandzakpress.net\/arhiva\/u-ankari-otvoren-park-alija-izetbegovic\/"]}]},{"@type":"ImageObject","inLanguage":"bs-BA","@id":"https:\/\/sandzakpress.net\/arhiva\/u-ankari-otvoren-park-alija-izetbegovic\/#primaryimage","url":"https:\/\/sandzakpress.net\/arhiva\/wp-content\/uploads\/2011\/10\/Ankara_Park_Alija_Izetbegovic_21.jpg","contentUrl":"https:\/\/sandzakpress.net\/arhiva\/wp-content\/uploads\/2011\/10\/Ankara_Park_Alija_Izetbegovic_21.jpg","width":616,"height":462},{"@type":"BreadcrumbList","@id":"https:\/\/sandzakpress.net\/arhiva\/u-ankari-otvoren-park-alija-izetbegovic\/#breadcrumb","itemListElement":[{"@type":"ListItem","position":1,"name":"Home","item":"https:\/\/sandzakpress.net\/arhiva\/"},{"@type":"ListItem","position":2,"name":"U Ankari otvoren park Alija Izetbegovi\u0107"}]},{"@type":"WebSite","@id":"https:\/\/sandzakpress.net\/arhiva\/#website","url":"https:\/\/sandzakpress.net\/arhiva\/","name":"Sand\u017eak PRESS","description":"Prve elektronske novine u Sand\u017eaku","publisher":{"@id":"https:\/\/sandzakpress.net\/arhiva\/#\/schema\/person\/6e72b67d6e51910a1117b3b483ba20bd"},"potentialAction":[{"@type":"SearchAction","target":{"@type":"EntryPoint","urlTemplate":"https:\/\/sandzakpress.net\/arhiva\/?s={search_term_string}"},"query-input":{"@type":"PropertyValueSpecification","valueRequired":true,"valueName":"search_term_string"}}],"inLanguage":"bs-BA"},{"@type":["Person","Organization"],"@id":"https:\/\/sandzakpress.net\/arhiva\/#\/schema\/person\/6e72b67d6e51910a1117b3b483ba20bd","name":"Kul","image":{"@type":"ImageObject","inLanguage":"bs-BA","@id":"https:\/\/sandzakpress.net\/arhiva\/#\/schema\/person\/image\/","url":"https:\/\/secure.gravatar.com\/avatar\/42263f39aa27ac04c43cab85c280eb2e?s=96&d=mm&r=pg","contentUrl":"https:\/\/secure.gravatar.com\/avatar\/42263f39aa27ac04c43cab85c280eb2e?s=96&d=mm&r=pg","caption":"Kul"},"logo":{"@id":"https:\/\/sandzakpress.net\/arhiva\/#\/schema\/person\/image\/"}},{"@type":"Person","@id":"","url":"https:\/\/sandzakpress.net\/arhiva\/author\/"}]}},"_links":{"self":[{"href":"https:\/\/sandzakpress.net\/arhiva\/wp-json\/wp\/v2\/posts\/22109"}],"collection":[{"href":"https:\/\/sandzakpress.net\/arhiva\/wp-json\/wp\/v2\/posts"}],"about":[{"href":"https:\/\/sandzakpress.net\/arhiva\/wp-json\/wp\/v2\/types\/post"}],"author":[{"embeddable":true,"href":"https:\/\/sandzakpress.net\/arhiva\/wp-json\/wp\/v2\/users\/14"}],"replies":[{"embeddable":true,"href":"https:\/\/sandzakpress.net\/arhiva\/wp-json\/wp\/v2\/comments?post=22109"}],"version-history":[{"count":0,"href":"https:\/\/sandzakpress.net\/arhiva\/wp-json\/wp\/v2\/posts\/22109\/revisions"}],"wp:featuredmedia":[{"embeddable":true,"href":"https:\/\/sandzakpress.net\/arhiva\/wp-json\/wp\/v2\/media\/22111"}],"wp:attachment":[{"href":"https:\/\/sandzakpress.net\/arhiva\/wp-json\/wp\/v2\/media?parent=22109"}],"wp:term":[{"taxonomy":"category","embeddable":true,"href":"https:\/\/sandzakpress.net\/arhiva\/wp-json\/wp\/v2\/categories?post=22109"},{"taxonomy":"post_tag","embeddable":true,"href":"https:\/\/sandzakpress.net\/arhiva\/wp-json\/wp\/v2\/tags?post=22109"}],"curies":[{"name":"wp","href":"https:\/\/api.w.org\/{rel}","templated":true}]}}