{"id":221060,"date":"2019-04-04T22:07:38","date_gmt":"2019-04-04T20:07:38","guid":{"rendered":"https:\/\/sandzakpress.net\/arhiva\/?p=221060"},"modified":"2019-04-04T22:07:38","modified_gmt":"2019-04-04T20:07:38","slug":"ilma-eminovic-iz-novog-pazara-dobitnica-nagrade-gradjevinskog-fakulteta-u-beogradu","status":"publish","type":"post","link":"https:\/\/sandzakpress.net\/arhiva\/ilma-eminovic-iz-novog-pazara-dobitnica-nagrade-gradjevinskog-fakulteta-u-beogradu\/","title":{"rendered":"Ilma Eminovi\u0107 iz Novog Pazara dobitnica nagrade Gra\u0111evinskog fakulteta u Beogradu"},"content":{"rendered":"<p><img decoding=\"async\" src=\"http:\/\/pesterpress.com\/wp-content\/uploads\/2019\/04\/19510508_1436119693112195_7055391231216672065_n-696x522.jpg\" \/><\/p>\n<p><strong>,,U novopazarsku Gimnaziju stiglo je pismo dekana Gra\u0111evinskog fakulteta u Beogradu prof.dr Vladana Kuzmanovi\u0107a koji posebno isti\u010de biv\u0161u u\u010denicu ove \u0161kole i \u0111aka generacije Ilmu Eminovi\u0107 koja i na ovom presti\u017enom fakultetu posti\u017ee izvanredne uspjehe. Prenosimo pismo u cjelini<\/strong><\/p>\n<p>Po\u0161tovani gospodine Dra\u017eanin,<\/p>\n<p>Obra\u0107am Vam se u ime dekanskog kolegijuma Gra\u0111evinskog fakulteta Univerziteta u Beogradu i u svoje li\u010dno ime. Imam veliko zadovoljstvo da Vas obavestim da je biv\u0161a u\u010denica Va\u0161e \u0161kole, Ilma Eminovi\u0107 (ro\u0111ena 1997. godine), kao student tre\u0107e godine osnovnih akademskih studija Gra\u0111evinarstvo, ostvarila izuzetan uspeh dosada\u0161njem \u0161kolovanju, zbog \u010dega je nagra\u0111ena na sve\u010danoj akademiji povodom proslave Dana Gra\u0111evinskog fakulteta. <\/p>\n<p>Pored rada i zalaganja koje Ilma svakodnevno ula\u017ee kako bi savladala gradivo na Gra\u0111evinskom fakultetu, sigurni smo da su joj od velike pomo\u0107i u toku studiranja i temeljna znanja i vrijednosti koje je stekla poha\u0111aju\u0107i Va\u0161u cenjenu \u0161kolu. Presudnu ulogu u tome imalo su profesori Va\u0161e \u0161kole koje su u vremenima u kojika izuzetnost mo\u017eda nije uvijek prepoznata kao vrlina, ostaju\u0107i na putu svoje profesije, uspjeli da obrazuju i vaspitaju \u0111ake koji na na\u0161em fakultetu posti\u017eu izuzetne rezultate.<\/p>\n<p>Molim da o Ilminom uspehu obavestite sve \u010dlanove Va\u0161eg kolektiva i prenesete im na\u0161u zahvalnost i \u010destitke na izuzetnom radu, ali i sve Va\u0161e \u0111ake. Nadamo se da \u0107e takvo obave\u0161tenje podsta\u0107i jo\u0161 Va\u0161ih u\u010denika da krenu putem nastavka \u0161kolovanja i tako sebi uve\u0107aju mogu\u0107nost izbora u \u017eivotu. Sa rado\u0161\u0107u o\u010dekujemo nove generacije Va\u0161ih \u0111aka i nadamo se da \u0107e mnogi od njih svoju profesiju potra\u017eiti u na\u0161im klupama ,,.<br \/>Stoji u pismu dekana Gra\u0111evinskog fakulteta u Beogradu prof.dr Vladana Kuzmanovi\u0107a.<\/p>\n<p>(pesterpress.com)<\/p>\n","protected":false},"excerpt":{"rendered":"<p>,,U novopazarsku Gimnaziju stiglo je pismo dekana Gra\u0111evinskog fakulteta u Beogradu prof.dr Vladana Kuzmanovi\u0107a koji posebno isti\u010de biv\u0161u u\u010denicu ove \u0161kole i \u0111aka generacije Ilmu Eminovi\u0107 koja i na ovom presti\u017enom fakultetu posti\u017ee izvanredne uspjehe. Prenosimo pismo u cjelini Po\u0161tovani gospodine Dra\u017eanin, Obra\u0107am Vam se u ime dekanskog kolegijuma Gra\u0111evinskog fakulteta Univerziteta u Beogradu i [&hellip;]<\/p>\n","protected":false},"author":509,"featured_media":221061,"comment_status":"open","ping_status":"open","sticky":false,"template":"","format":"standard","meta":{"footnotes":""},"categories":[72,10307,5,798],"tags":[],"class_list":{"0":"post-221060","1":"post","2":"type-post","3":"status-publish","4":"format-standard","5":"has-post-thumbnail","7":"category-novi-pazar","8":"category-srbija","9":"category-drustvo","10":"category-teme"},"yoast_head":"<!-- This site is optimized with the Yoast SEO Premium plugin v23.1 (Yoast SEO v24.9) - https:\/\/yoast.com\/wordpress\/plugins\/seo\/ -->\n<title>Ilma Eminovi\u0107 iz Novog Pazara dobitnica nagrade Gra\u0111evinskog fakulteta u Beogradu<\/title>\n<meta name=\"robots\" content=\"index, follow, max-snippet:-1, max-image-preview:large, max-video-preview:-1\" \/>\n<link rel=\"canonical\" href=\"https:\/\/sandzakpress.net\/arhiva\/ilma-eminovic-iz-novog-pazara-dobitnica-nagrade-gradjevinskog-fakulteta-u-beogradu\/\" \/>\n<meta property=\"og:locale\" content=\"bs_BA\" \/>\n<meta property=\"og:type\" content=\"article\" \/>\n<meta property=\"og:title\" content=\"Ilma Eminovi\u0107 iz Novog Pazara dobitnica nagrade Gra\u0111evinskog fakulteta u Beogradu\" \/>\n<meta property=\"og:description\" content=\",,U novopazarsku Gimnaziju stiglo je pismo dekana Gra\u0111evinskog fakulteta u Beogradu prof.dr Vladana Kuzmanovi\u0107a koji posebno isti\u010de biv\u0161u u\u010denicu ove \u0161kole i \u0111aka generacije Ilmu Eminovi\u0107 koja i na ovom presti\u017enom fakultetu posti\u017ee izvanredne uspjehe. Prenosimo pismo u cjelini Po\u0161tovani gospodine Dra\u017eanin, Obra\u0107am Vam se u ime dekanskog kolegijuma Gra\u0111evinskog fakulteta Univerziteta u Beogradu i [&hellip;]\" \/>\n<meta property=\"og:url\" content=\"https:\/\/sandzakpress.net\/arhiva\/ilma-eminovic-iz-novog-pazara-dobitnica-nagrade-gradjevinskog-fakulteta-u-beogradu\/\" \/>\n<meta property=\"og:site_name\" content=\"Sand\u017eak PRESS\" \/>\n<meta property=\"article:published_time\" content=\"2019-04-04T20:07:38+00:00\" \/>\n<meta property=\"og:image\" content=\"https:\/\/sandzakpress.net\/arhiva\/wp-content\/uploads\/2019\/04\/19510508_1436119693112195_7055391231216672065_n-696x522.jpg\" \/>\n\t<meta property=\"og:image:width\" content=\"696\" \/>\n\t<meta property=\"og:image:height\" content=\"522\" \/>\n\t<meta property=\"og:image:type\" content=\"image\/jpeg\" \/>\n<meta name=\"author\" content=\"Agencija\" \/>\n<meta name=\"twitter:card\" content=\"summary_large_image\" \/>\n<meta name=\"twitter:label1\" content=\"Written by\" \/>\n\t<meta name=\"twitter:data1\" content=\"Agencija\" \/>\n\t<meta name=\"twitter:label2\" content=\"Est. reading time\" \/>\n\t<meta name=\"twitter:data2\" content=\"2 minute\" \/>\n<script type=\"application\/ld+json\" class=\"yoast-schema-graph\">{\"@context\":\"https:\/\/schema.org\",\"@graph\":[{\"@type\":\"Article\",\"@id\":\"https:\/\/sandzakpress.net\/arhiva\/ilma-eminovic-iz-novog-pazara-dobitnica-nagrade-gradjevinskog-fakulteta-u-beogradu\/#article\",\"isPartOf\":{\"@id\":\"https:\/\/sandzakpress.net\/arhiva\/ilma-eminovic-iz-novog-pazara-dobitnica-nagrade-gradjevinskog-fakulteta-u-beogradu\/\"},\"author\":{\"name\":\"Agencija\",\"@id\":\"https:\/\/sandzakpress.net\/arhiva\/#\/schema\/person\/cb59d7e3ab91ab90dd680ad0305a6185\"},\"headline\":\"Ilma Eminovi\u0107 iz Novog Pazara dobitnica nagrade Gra\u0111evinskog fakulteta u Beogradu\",\"datePublished\":\"2019-04-04T20:07:38+00:00\",\"mainEntityOfPage\":{\"@id\":\"https:\/\/sandzakpress.net\/arhiva\/ilma-eminovic-iz-novog-pazara-dobitnica-nagrade-gradjevinskog-fakulteta-u-beogradu\/\"},\"wordCount\":323,\"commentCount\":0,\"publisher\":{\"@id\":\"https:\/\/sandzakpress.net\/arhiva\/#\/schema\/person\/6e72b67d6e51910a1117b3b483ba20bd\"},\"image\":{\"@id\":\"https:\/\/sandzakpress.net\/arhiva\/ilma-eminovic-iz-novog-pazara-dobitnica-nagrade-gradjevinskog-fakulteta-u-beogradu\/#primaryimage\"},\"thumbnailUrl\":\"https:\/\/sandzakpress.net\/arhiva\/wp-content\/uploads\/2019\/04\/19510508_1436119693112195_7055391231216672065_n-696x522.jpg\",\"articleSection\":[\"Novi Pazar\",\"Srbija\",\"Dru\u0161tvo\",\"NAJNOVIJE\"],\"inLanguage\":\"bs-BA\",\"potentialAction\":[{\"@type\":\"CommentAction\",\"name\":\"Comment\",\"target\":[\"https:\/\/sandzakpress.net\/arhiva\/ilma-eminovic-iz-novog-pazara-dobitnica-nagrade-gradjevinskog-fakulteta-u-beogradu\/#respond\"]}]},{\"@type\":\"WebPage\",\"@id\":\"https:\/\/sandzakpress.net\/arhiva\/ilma-eminovic-iz-novog-pazara-dobitnica-nagrade-gradjevinskog-fakulteta-u-beogradu\/\",\"url\":\"https:\/\/sandzakpress.net\/arhiva\/ilma-eminovic-iz-novog-pazara-dobitnica-nagrade-gradjevinskog-fakulteta-u-beogradu\/\",\"name\":\"Ilma Eminovi\u0107 iz Novog Pazara dobitnica nagrade Gra\u0111evinskog fakulteta u Beogradu\",\"isPartOf\":{\"@id\":\"https:\/\/sandzakpress.net\/arhiva\/#website\"},\"primaryImageOfPage\":{\"@id\":\"https:\/\/sandzakpress.net\/arhiva\/ilma-eminovic-iz-novog-pazara-dobitnica-nagrade-gradjevinskog-fakulteta-u-beogradu\/#primaryimage\"},\"image\":{\"@id\":\"https:\/\/sandzakpress.net\/arhiva\/ilma-eminovic-iz-novog-pazara-dobitnica-nagrade-gradjevinskog-fakulteta-u-beogradu\/#primaryimage\"},\"thumbnailUrl\":\"https:\/\/sandzakpress.net\/arhiva\/wp-content\/uploads\/2019\/04\/19510508_1436119693112195_7055391231216672065_n-696x522.jpg\",\"datePublished\":\"2019-04-04T20:07:38+00:00\",\"breadcrumb\":{\"@id\":\"https:\/\/sandzakpress.net\/arhiva\/ilma-eminovic-iz-novog-pazara-dobitnica-nagrade-gradjevinskog-fakulteta-u-beogradu\/#breadcrumb\"},\"inLanguage\":\"bs-BA\",\"potentialAction\":[{\"@type\":\"ReadAction\",\"target\":[\"https:\/\/sandzakpress.net\/arhiva\/ilma-eminovic-iz-novog-pazara-dobitnica-nagrade-gradjevinskog-fakulteta-u-beogradu\/\"]}]},{\"@type\":\"ImageObject\",\"inLanguage\":\"bs-BA\",\"@id\":\"https:\/\/sandzakpress.net\/arhiva\/ilma-eminovic-iz-novog-pazara-dobitnica-nagrade-gradjevinskog-fakulteta-u-beogradu\/#primaryimage\",\"url\":\"https:\/\/sandzakpress.net\/arhiva\/wp-content\/uploads\/2019\/04\/19510508_1436119693112195_7055391231216672065_n-696x522.jpg\",\"contentUrl\":\"https:\/\/sandzakpress.net\/arhiva\/wp-content\/uploads\/2019\/04\/19510508_1436119693112195_7055391231216672065_n-696x522.jpg\",\"width\":696,\"height\":522},{\"@type\":\"BreadcrumbList\",\"@id\":\"https:\/\/sandzakpress.net\/arhiva\/ilma-eminovic-iz-novog-pazara-dobitnica-nagrade-gradjevinskog-fakulteta-u-beogradu\/#breadcrumb\",\"itemListElement\":[{\"@type\":\"ListItem\",\"position\":1,\"name\":\"Home\",\"item\":\"https:\/\/sandzakpress.net\/arhiva\/\"},{\"@type\":\"ListItem\",\"position\":2,\"name\":\"Ilma Eminovi\u0107 iz Novog Pazara dobitnica nagrade Gra\u0111evinskog fakulteta u Beogradu\"}]},{\"@type\":\"WebSite\",\"@id\":\"https:\/\/sandzakpress.net\/arhiva\/#website\",\"url\":\"https:\/\/sandzakpress.net\/arhiva\/\",\"name\":\"Sand\u017eak PRESS\",\"description\":\"Prve elektronske novine u Sand\u017eaku\",\"publisher\":{\"@id\":\"https:\/\/sandzakpress.net\/arhiva\/#\/schema\/person\/6e72b67d6e51910a1117b3b483ba20bd\"},\"potentialAction\":[{\"@type\":\"SearchAction\",\"target\":{\"@type\":\"EntryPoint\",\"urlTemplate\":\"https:\/\/sandzakpress.net\/arhiva\/?s={search_term_string}\"},\"query-input\":{\"@type\":\"PropertyValueSpecification\",\"valueRequired\":true,\"valueName\":\"search_term_string\"}}],\"inLanguage\":\"bs-BA\"},{\"@type\":[\"Person\",\"Organization\"],\"@id\":\"https:\/\/sandzakpress.net\/arhiva\/#\/schema\/person\/6e72b67d6e51910a1117b3b483ba20bd\",\"name\":\"Kul\",\"image\":{\"@type\":\"ImageObject\",\"inLanguage\":\"bs-BA\",\"@id\":\"https:\/\/sandzakpress.net\/arhiva\/#\/schema\/person\/image\/\",\"url\":\"https:\/\/secure.gravatar.com\/avatar\/42263f39aa27ac04c43cab85c280eb2e?s=96&d=mm&r=pg\",\"contentUrl\":\"https:\/\/secure.gravatar.com\/avatar\/42263f39aa27ac04c43cab85c280eb2e?s=96&d=mm&r=pg\",\"caption\":\"Kul\"},\"logo\":{\"@id\":\"https:\/\/sandzakpress.net\/arhiva\/#\/schema\/person\/image\/\"}},{\"@type\":\"Person\",\"@id\":\"https:\/\/sandzakpress.net\/arhiva\/#\/schema\/person\/cb59d7e3ab91ab90dd680ad0305a6185\",\"name\":\"Agencija\",\"image\":{\"@type\":\"ImageObject\",\"inLanguage\":\"bs-BA\",\"@id\":\"https:\/\/sandzakpress.net\/arhiva\/#\/schema\/person\/image\/\",\"url\":\"https:\/\/secure.gravatar.com\/avatar\/4b7fafa80a22f0c2afe23966b3961fe0?s=96&d=mm&r=pg\",\"contentUrl\":\"https:\/\/secure.gravatar.com\/avatar\/4b7fafa80a22f0c2afe23966b3961fe0?s=96&d=mm&r=pg\",\"caption\":\"Agencija\"},\"url\":\"https:\/\/sandzakpress.net\/arhiva\/author\/agencija\/\"}]}<\/script>\n<!-- \/ Yoast SEO Premium plugin. -->","yoast_head_json":{"title":"Ilma Eminovi\u0107 iz Novog Pazara dobitnica nagrade Gra\u0111evinskog fakulteta u Beogradu","robots":{"index":"index","follow":"follow","max-snippet":"max-snippet:-1","max-image-preview":"max-image-preview:large","max-video-preview":"max-video-preview:-1"},"canonical":"https:\/\/sandzakpress.net\/arhiva\/ilma-eminovic-iz-novog-pazara-dobitnica-nagrade-gradjevinskog-fakulteta-u-beogradu\/","og_locale":"bs_BA","og_type":"article","og_title":"Ilma Eminovi\u0107 iz Novog Pazara dobitnica nagrade Gra\u0111evinskog fakulteta u Beogradu","og_description":",,U novopazarsku Gimnaziju stiglo je pismo dekana Gra\u0111evinskog fakulteta u Beogradu prof.dr Vladana Kuzmanovi\u0107a koji posebno isti\u010de biv\u0161u u\u010denicu ove \u0161kole i \u0111aka generacije Ilmu Eminovi\u0107 koja i na ovom presti\u017enom fakultetu posti\u017ee izvanredne uspjehe. Prenosimo pismo u cjelini Po\u0161tovani gospodine Dra\u017eanin, Obra\u0107am Vam se u ime dekanskog kolegijuma Gra\u0111evinskog fakulteta Univerziteta u Beogradu i [&hellip;]","og_url":"https:\/\/sandzakpress.net\/arhiva\/ilma-eminovic-iz-novog-pazara-dobitnica-nagrade-gradjevinskog-fakulteta-u-beogradu\/","og_site_name":"Sand\u017eak PRESS","article_published_time":"2019-04-04T20:07:38+00:00","og_image":[{"width":696,"height":522,"url":"https:\/\/sandzakpress.net\/arhiva\/wp-content\/uploads\/2019\/04\/19510508_1436119693112195_7055391231216672065_n-696x522.jpg","type":"image\/jpeg"}],"author":"Agencija","twitter_card":"summary_large_image","twitter_misc":{"Written by":"Agencija","Est. reading time":"2 minute"},"schema":{"@context":"https:\/\/schema.org","@graph":[{"@type":"Article","@id":"https:\/\/sandzakpress.net\/arhiva\/ilma-eminovic-iz-novog-pazara-dobitnica-nagrade-gradjevinskog-fakulteta-u-beogradu\/#article","isPartOf":{"@id":"https:\/\/sandzakpress.net\/arhiva\/ilma-eminovic-iz-novog-pazara-dobitnica-nagrade-gradjevinskog-fakulteta-u-beogradu\/"},"author":{"name":"Agencija","@id":"https:\/\/sandzakpress.net\/arhiva\/#\/schema\/person\/cb59d7e3ab91ab90dd680ad0305a6185"},"headline":"Ilma Eminovi\u0107 iz Novog Pazara dobitnica nagrade Gra\u0111evinskog fakulteta u Beogradu","datePublished":"2019-04-04T20:07:38+00:00","mainEntityOfPage":{"@id":"https:\/\/sandzakpress.net\/arhiva\/ilma-eminovic-iz-novog-pazara-dobitnica-nagrade-gradjevinskog-fakulteta-u-beogradu\/"},"wordCount":323,"commentCount":0,"publisher":{"@id":"https:\/\/sandzakpress.net\/arhiva\/#\/schema\/person\/6e72b67d6e51910a1117b3b483ba20bd"},"image":{"@id":"https:\/\/sandzakpress.net\/arhiva\/ilma-eminovic-iz-novog-pazara-dobitnica-nagrade-gradjevinskog-fakulteta-u-beogradu\/#primaryimage"},"thumbnailUrl":"https:\/\/sandzakpress.net\/arhiva\/wp-content\/uploads\/2019\/04\/19510508_1436119693112195_7055391231216672065_n-696x522.jpg","articleSection":["Novi Pazar","Srbija","Dru\u0161tvo","NAJNOVIJE"],"inLanguage":"bs-BA","potentialAction":[{"@type":"CommentAction","name":"Comment","target":["https:\/\/sandzakpress.net\/arhiva\/ilma-eminovic-iz-novog-pazara-dobitnica-nagrade-gradjevinskog-fakulteta-u-beogradu\/#respond"]}]},{"@type":"WebPage","@id":"https:\/\/sandzakpress.net\/arhiva\/ilma-eminovic-iz-novog-pazara-dobitnica-nagrade-gradjevinskog-fakulteta-u-beogradu\/","url":"https:\/\/sandzakpress.net\/arhiva\/ilma-eminovic-iz-novog-pazara-dobitnica-nagrade-gradjevinskog-fakulteta-u-beogradu\/","name":"Ilma Eminovi\u0107 iz Novog Pazara dobitnica nagrade Gra\u0111evinskog fakulteta u Beogradu","isPartOf":{"@id":"https:\/\/sandzakpress.net\/arhiva\/#website"},"primaryImageOfPage":{"@id":"https:\/\/sandzakpress.net\/arhiva\/ilma-eminovic-iz-novog-pazara-dobitnica-nagrade-gradjevinskog-fakulteta-u-beogradu\/#primaryimage"},"image":{"@id":"https:\/\/sandzakpress.net\/arhiva\/ilma-eminovic-iz-novog-pazara-dobitnica-nagrade-gradjevinskog-fakulteta-u-beogradu\/#primaryimage"},"thumbnailUrl":"https:\/\/sandzakpress.net\/arhiva\/wp-content\/uploads\/2019\/04\/19510508_1436119693112195_7055391231216672065_n-696x522.jpg","datePublished":"2019-04-04T20:07:38+00:00","breadcrumb":{"@id":"https:\/\/sandzakpress.net\/arhiva\/ilma-eminovic-iz-novog-pazara-dobitnica-nagrade-gradjevinskog-fakulteta-u-beogradu\/#breadcrumb"},"inLanguage":"bs-BA","potentialAction":[{"@type":"ReadAction","target":["https:\/\/sandzakpress.net\/arhiva\/ilma-eminovic-iz-novog-pazara-dobitnica-nagrade-gradjevinskog-fakulteta-u-beogradu\/"]}]},{"@type":"ImageObject","inLanguage":"bs-BA","@id":"https:\/\/sandzakpress.net\/arhiva\/ilma-eminovic-iz-novog-pazara-dobitnica-nagrade-gradjevinskog-fakulteta-u-beogradu\/#primaryimage","url":"https:\/\/sandzakpress.net\/arhiva\/wp-content\/uploads\/2019\/04\/19510508_1436119693112195_7055391231216672065_n-696x522.jpg","contentUrl":"https:\/\/sandzakpress.net\/arhiva\/wp-content\/uploads\/2019\/04\/19510508_1436119693112195_7055391231216672065_n-696x522.jpg","width":696,"height":522},{"@type":"BreadcrumbList","@id":"https:\/\/sandzakpress.net\/arhiva\/ilma-eminovic-iz-novog-pazara-dobitnica-nagrade-gradjevinskog-fakulteta-u-beogradu\/#breadcrumb","itemListElement":[{"@type":"ListItem","position":1,"name":"Home","item":"https:\/\/sandzakpress.net\/arhiva\/"},{"@type":"ListItem","position":2,"name":"Ilma Eminovi\u0107 iz Novog Pazara dobitnica nagrade Gra\u0111evinskog fakulteta u Beogradu"}]},{"@type":"WebSite","@id":"https:\/\/sandzakpress.net\/arhiva\/#website","url":"https:\/\/sandzakpress.net\/arhiva\/","name":"Sand\u017eak PRESS","description":"Prve elektronske novine u Sand\u017eaku","publisher":{"@id":"https:\/\/sandzakpress.net\/arhiva\/#\/schema\/person\/6e72b67d6e51910a1117b3b483ba20bd"},"potentialAction":[{"@type":"SearchAction","target":{"@type":"EntryPoint","urlTemplate":"https:\/\/sandzakpress.net\/arhiva\/?s={search_term_string}"},"query-input":{"@type":"PropertyValueSpecification","valueRequired":true,"valueName":"search_term_string"}}],"inLanguage":"bs-BA"},{"@type":["Person","Organization"],"@id":"https:\/\/sandzakpress.net\/arhiva\/#\/schema\/person\/6e72b67d6e51910a1117b3b483ba20bd","name":"Kul","image":{"@type":"ImageObject","inLanguage":"bs-BA","@id":"https:\/\/sandzakpress.net\/arhiva\/#\/schema\/person\/image\/","url":"https:\/\/secure.gravatar.com\/avatar\/42263f39aa27ac04c43cab85c280eb2e?s=96&d=mm&r=pg","contentUrl":"https:\/\/secure.gravatar.com\/avatar\/42263f39aa27ac04c43cab85c280eb2e?s=96&d=mm&r=pg","caption":"Kul"},"logo":{"@id":"https:\/\/sandzakpress.net\/arhiva\/#\/schema\/person\/image\/"}},{"@type":"Person","@id":"https:\/\/sandzakpress.net\/arhiva\/#\/schema\/person\/cb59d7e3ab91ab90dd680ad0305a6185","name":"Agencija","image":{"@type":"ImageObject","inLanguage":"bs-BA","@id":"https:\/\/sandzakpress.net\/arhiva\/#\/schema\/person\/image\/","url":"https:\/\/secure.gravatar.com\/avatar\/4b7fafa80a22f0c2afe23966b3961fe0?s=96&d=mm&r=pg","contentUrl":"https:\/\/secure.gravatar.com\/avatar\/4b7fafa80a22f0c2afe23966b3961fe0?s=96&d=mm&r=pg","caption":"Agencija"},"url":"https:\/\/sandzakpress.net\/arhiva\/author\/agencija\/"}]}},"_links":{"self":[{"href":"https:\/\/sandzakpress.net\/arhiva\/wp-json\/wp\/v2\/posts\/221060"}],"collection":[{"href":"https:\/\/sandzakpress.net\/arhiva\/wp-json\/wp\/v2\/posts"}],"about":[{"href":"https:\/\/sandzakpress.net\/arhiva\/wp-json\/wp\/v2\/types\/post"}],"author":[{"embeddable":true,"href":"https:\/\/sandzakpress.net\/arhiva\/wp-json\/wp\/v2\/users\/509"}],"replies":[{"embeddable":true,"href":"https:\/\/sandzakpress.net\/arhiva\/wp-json\/wp\/v2\/comments?post=221060"}],"version-history":[{"count":0,"href":"https:\/\/sandzakpress.net\/arhiva\/wp-json\/wp\/v2\/posts\/221060\/revisions"}],"wp:featuredmedia":[{"embeddable":true,"href":"https:\/\/sandzakpress.net\/arhiva\/wp-json\/wp\/v2\/media\/221061"}],"wp:attachment":[{"href":"https:\/\/sandzakpress.net\/arhiva\/wp-json\/wp\/v2\/media?parent=221060"}],"wp:term":[{"taxonomy":"category","embeddable":true,"href":"https:\/\/sandzakpress.net\/arhiva\/wp-json\/wp\/v2\/categories?post=221060"},{"taxonomy":"post_tag","embeddable":true,"href":"https:\/\/sandzakpress.net\/arhiva\/wp-json\/wp\/v2\/tags?post=221060"}],"curies":[{"name":"wp","href":"https:\/\/api.w.org\/{rel}","templated":true}]}}