{"id":221005,"date":"2019-04-03T20:05:53","date_gmt":"2019-04-03T18:05:53","guid":{"rendered":"https:\/\/sandzakpress.net\/arhiva\/?p=221005"},"modified":"2019-04-03T20:13:37","modified_gmt":"2019-04-03T18:13:37","slug":"medresa-organizirala-naucno-putovanje-u-tursku-2","status":"publish","type":"post","link":"https:\/\/sandzakpress.net\/arhiva\/medresa-organizirala-naucno-putovanje-u-tursku-2\/","title":{"rendered":"Medresa organizirala nau\u010dno putovanje u Tursku"},"content":{"rendered":"<p><img loading=\"lazy\" decoding=\"async\" class=\"alignnone size-full wp-image-221007\" src=\"https:\/\/sandzakpress.net\/arhiva\/wp-content\/uploads\/2019\/04\/img-20190403-wa00002963122828000603556.jpg\" alt=\"\" width=\"1590\" height=\"865\" srcset=\"https:\/\/sandzakpress.net\/arhiva\/wp-content\/uploads\/2019\/04\/img-20190403-wa00002963122828000603556.jpg 1590w, https:\/\/sandzakpress.net\/arhiva\/wp-content\/uploads\/2019\/04\/img-20190403-wa00002963122828000603556-768x418.jpg 768w, https:\/\/sandzakpress.net\/arhiva\/wp-content\/uploads\/2019\/04\/img-20190403-wa00002963122828000603556-616x335.jpg 616w\" sizes=\"(max-width: 1590px) 100vw, 1590px\" \/><\/p>\n<p>U periodu od 27 \u2013 31.03.2019.godine Uprava Medrese je uprili\u010dila nau\u010dno putovanje u Tursku za u\u010denike zavr\u0161nih razreda, od kojih je njih 57 uzelo u\u010de\u0161\u0107e.<br \/>Po dolasku u Istanbul, u\u010desnici putovanja su imali priliku upoznati se sa simbolima Istanbula: d\u017eamijama Aja Sofijom i Sultan Ahmedom, te njihovom okolinom, a potom Kapali \u010darsijom i Sultan Sulejmanovom d\u017eamijom.<br \/>Tako\u0111e, uprili\u010dena je posjeta muzeju Panorama, koji prikazuje osvajanje Istanbula od strane sultana Mehmeda Fatiha, Miniaturk parku, d\u017eamiji Sultan Ejub, a potom i najve\u0107oj novotvorenoj dzamiji na \u010camlid\u017ei u Azijskom dijelu Istanbula, kao i nezaobilazna tura krstarenja po Bosforu.<br \/>Maturanti Medrese su imali priliku upoznati se sa pomenutim i mnogim drugim znamenitostima Istanbula, koje su ovo njihovo zavr\u0161no zajedni\u010dko putovanje, prije okon\u010danja \u0161kolovanja, u\u010dinile nezaboravnim i duboko urezanim u lijepom sje\u0107anju.<br \/>U pratnji u\u010denika Medrese bili su direktor i troje profesora, koji su svojim angazovanjem doprinijeli da ovo putovanje uspije.<br \/>Uprava Medrese, na \u010delu sa direktorom, zahvaljuje Centru za humanitarni rad Hajrat i svim drugim pojedincima koji je pomogli u realizaciji ovog putovanja, koje je ove godine, za razliku od pro\u0161le, realizirano bez podr\u0161ke predstavnika Dijaneta, koji nisu imali razumijevanja i mjesecima nisu odgovorili na zahtjev Uprave Medrese da u\u010destvuju i pomognu u njegovom realiziranju.<\/p>\n<p style=\"text-align: right;\"><em>Informativna slu\u017eba<\/em><\/p>\n<p><img decoding=\"async\" src=\"https:\/\/mesihat.org\/wp-content\/uploads\/2019\/04\/img-20190403-wa00022961361690151261787.jpg\" \/><img decoding=\"async\" src=\"https:\/\/mesihat.org\/wp-content\/uploads\/2019\/04\/img-20190403-wa00017616983132740982973.jpg\" \/><img decoding=\"async\" src=\"https:\/\/mesihat.org\/wp-content\/uploads\/2019\/04\/img-20190403-wa00042378998807956167327.jpg\" \/><img decoding=\"async\" src=\"https:\/\/mesihat.org\/wp-content\/uploads\/2019\/04\/img-20190403-wa00032164410533080942562.jpg\" \/><img decoding=\"async\" src=\"https:\/\/mesihat.org\/wp-content\/uploads\/2019\/04\/img-20190403-wa00066276550394476278663.jpg\" \/><img decoding=\"async\" src=\"https:\/\/mesihat.org\/wp-content\/uploads\/2019\/04\/img-20190403-wa00058245775778021549001.jpg\" \/><img decoding=\"async\" src=\"https:\/\/mesihat.org\/wp-content\/uploads\/2019\/04\/img-20190403-wa00084795920558163009868.jpg\" \/><img decoding=\"async\" src=\"https:\/\/mesihat.org\/wp-content\/uploads\/2019\/04\/img-20190403-wa00077241669639736975411.jpg\" \/><img decoding=\"async\" src=\"https:\/\/mesihat.org\/wp-content\/uploads\/2019\/04\/img-20190403-wa00126555209304794099016.jpg\" \/><img decoding=\"async\" src=\"https:\/\/mesihat.org\/wp-content\/uploads\/2019\/04\/img-20190403-wa00144940796819773769553.jpg\" \/><\/p>\n<p><em>mesihat.org<\/em><\/p>\n","protected":false},"excerpt":{"rendered":"<p>U periodu od 27 \u2013 31.03.2019.godine Uprava Medrese je uprili\u010dila nau\u010dno putovanje u Tursku za u\u010denike zavr\u0161nih razreda, od kojih je njih 57 uzelo u\u010de\u0161\u0107e.Po dolasku u Istanbul, u\u010desnici putovanja su imali priliku upoznati se sa simbolima Istanbula: d\u017eamijama Aja Sofijom i Sultan Ahmedom, te njihovom okolinom, a potom Kapali \u010darsijom i Sultan Sulejmanovom d\u017eamijom.Tako\u0111e, [&hellip;]<\/p>\n","protected":false},"author":509,"featured_media":221007,"comment_status":"open","ping_status":"open","sticky":false,"template":"","format":"standard","meta":{"footnotes":""},"categories":[72,802,8957,2692],"tags":[],"class_list":{"0":"post-221005","1":"post","2":"type-post","3":"status-publish","4":"format-standard","5":"has-post-thumbnail","7":"category-novi-pazar","8":"category-islamska_zajednica","9":"category-vijesti-dana","10":"category-turska-gradovi"},"yoast_head":"<!-- This site is optimized with the Yoast SEO Premium plugin v23.1 (Yoast SEO v24.9) - https:\/\/yoast.com\/wordpress\/plugins\/seo\/ -->\n<title>Medresa organizirala nau\u010dno putovanje u Tursku<\/title>\n<meta name=\"robots\" content=\"index, follow, max-snippet:-1, max-image-preview:large, max-video-preview:-1\" \/>\n<link rel=\"canonical\" href=\"https:\/\/sandzakpress.net\/arhiva\/medresa-organizirala-naucno-putovanje-u-tursku-2\/\" \/>\n<meta property=\"og:locale\" content=\"bs_BA\" \/>\n<meta property=\"og:type\" content=\"article\" \/>\n<meta property=\"og:title\" content=\"Medresa organizirala nau\u010dno putovanje u Tursku\" \/>\n<meta property=\"og:description\" content=\"U periodu od 27 \u2013 31.03.2019.godine Uprava Medrese je uprili\u010dila nau\u010dno putovanje u Tursku za u\u010denike zavr\u0161nih razreda, od kojih je njih 57 uzelo u\u010de\u0161\u0107e.Po dolasku u Istanbul, u\u010desnici putovanja su imali priliku upoznati se sa simbolima Istanbula: d\u017eamijama Aja Sofijom i Sultan Ahmedom, te njihovom okolinom, a potom Kapali \u010darsijom i Sultan Sulejmanovom d\u017eamijom.Tako\u0111e, [&hellip;]\" \/>\n<meta property=\"og:url\" content=\"https:\/\/sandzakpress.net\/arhiva\/medresa-organizirala-naucno-putovanje-u-tursku-2\/\" \/>\n<meta property=\"og:site_name\" content=\"Sand\u017eak PRESS\" \/>\n<meta property=\"article:published_time\" content=\"2019-04-03T18:05:53+00:00\" \/>\n<meta property=\"article:modified_time\" content=\"2019-04-03T18:13:37+00:00\" \/>\n<meta property=\"og:image\" content=\"https:\/\/sandzakpress.net\/arhiva\/wp-content\/uploads\/2019\/04\/img-20190403-wa00002963122828000603556.jpg\" \/>\n\t<meta property=\"og:image:width\" content=\"1590\" \/>\n\t<meta property=\"og:image:height\" content=\"865\" \/>\n\t<meta property=\"og:image:type\" content=\"image\/jpeg\" \/>\n<meta name=\"author\" content=\"Agencija\" \/>\n<meta name=\"twitter:card\" content=\"summary_large_image\" \/>\n<meta name=\"twitter:label1\" content=\"Written by\" \/>\n\t<meta name=\"twitter:data1\" content=\"Agencija\" \/>\n\t<meta name=\"twitter:label2\" content=\"Est. reading time\" \/>\n\t<meta name=\"twitter:data2\" content=\"1 minuta\" \/>\n<script type=\"application\/ld+json\" class=\"yoast-schema-graph\">{\"@context\":\"https:\/\/schema.org\",\"@graph\":[{\"@type\":\"Article\",\"@id\":\"https:\/\/sandzakpress.net\/arhiva\/medresa-organizirala-naucno-putovanje-u-tursku-2\/#article\",\"isPartOf\":{\"@id\":\"https:\/\/sandzakpress.net\/arhiva\/medresa-organizirala-naucno-putovanje-u-tursku-2\/\"},\"author\":{\"name\":\"Agencija\",\"@id\":\"https:\/\/sandzakpress.net\/arhiva\/#\/schema\/person\/cb59d7e3ab91ab90dd680ad0305a6185\"},\"headline\":\"Medresa organizirala nau\u010dno putovanje u Tursku\",\"datePublished\":\"2019-04-03T18:05:53+00:00\",\"dateModified\":\"2019-04-03T18:13:37+00:00\",\"mainEntityOfPage\":{\"@id\":\"https:\/\/sandzakpress.net\/arhiva\/medresa-organizirala-naucno-putovanje-u-tursku-2\/\"},\"wordCount\":233,\"commentCount\":2,\"publisher\":{\"@id\":\"https:\/\/sandzakpress.net\/arhiva\/#\/schema\/person\/6e72b67d6e51910a1117b3b483ba20bd\"},\"image\":{\"@id\":\"https:\/\/sandzakpress.net\/arhiva\/medresa-organizirala-naucno-putovanje-u-tursku-2\/#primaryimage\"},\"thumbnailUrl\":\"https:\/\/sandzakpress.net\/arhiva\/wp-content\/uploads\/2019\/04\/img-20190403-wa00002963122828000603556.jpg\",\"articleSection\":[\"Novi Pazar\",\"Islamska zajednica\",\"VIJESTI DANA\",\"Turska\"],\"inLanguage\":\"bs-BA\",\"potentialAction\":[{\"@type\":\"CommentAction\",\"name\":\"Comment\",\"target\":[\"https:\/\/sandzakpress.net\/arhiva\/medresa-organizirala-naucno-putovanje-u-tursku-2\/#respond\"]}]},{\"@type\":\"WebPage\",\"@id\":\"https:\/\/sandzakpress.net\/arhiva\/medresa-organizirala-naucno-putovanje-u-tursku-2\/\",\"url\":\"https:\/\/sandzakpress.net\/arhiva\/medresa-organizirala-naucno-putovanje-u-tursku-2\/\",\"name\":\"Medresa organizirala nau\u010dno putovanje u Tursku\",\"isPartOf\":{\"@id\":\"https:\/\/sandzakpress.net\/arhiva\/#website\"},\"primaryImageOfPage\":{\"@id\":\"https:\/\/sandzakpress.net\/arhiva\/medresa-organizirala-naucno-putovanje-u-tursku-2\/#primaryimage\"},\"image\":{\"@id\":\"https:\/\/sandzakpress.net\/arhiva\/medresa-organizirala-naucno-putovanje-u-tursku-2\/#primaryimage\"},\"thumbnailUrl\":\"https:\/\/sandzakpress.net\/arhiva\/wp-content\/uploads\/2019\/04\/img-20190403-wa00002963122828000603556.jpg\",\"datePublished\":\"2019-04-03T18:05:53+00:00\",\"dateModified\":\"2019-04-03T18:13:37+00:00\",\"breadcrumb\":{\"@id\":\"https:\/\/sandzakpress.net\/arhiva\/medresa-organizirala-naucno-putovanje-u-tursku-2\/#breadcrumb\"},\"inLanguage\":\"bs-BA\",\"potentialAction\":[{\"@type\":\"ReadAction\",\"target\":[\"https:\/\/sandzakpress.net\/arhiva\/medresa-organizirala-naucno-putovanje-u-tursku-2\/\"]}]},{\"@type\":\"ImageObject\",\"inLanguage\":\"bs-BA\",\"@id\":\"https:\/\/sandzakpress.net\/arhiva\/medresa-organizirala-naucno-putovanje-u-tursku-2\/#primaryimage\",\"url\":\"https:\/\/sandzakpress.net\/arhiva\/wp-content\/uploads\/2019\/04\/img-20190403-wa00002963122828000603556.jpg\",\"contentUrl\":\"https:\/\/sandzakpress.net\/arhiva\/wp-content\/uploads\/2019\/04\/img-20190403-wa00002963122828000603556.jpg\",\"width\":1590,\"height\":865},{\"@type\":\"BreadcrumbList\",\"@id\":\"https:\/\/sandzakpress.net\/arhiva\/medresa-organizirala-naucno-putovanje-u-tursku-2\/#breadcrumb\",\"itemListElement\":[{\"@type\":\"ListItem\",\"position\":1,\"name\":\"Home\",\"item\":\"https:\/\/sandzakpress.net\/arhiva\/\"},{\"@type\":\"ListItem\",\"position\":2,\"name\":\"Medresa organizirala nau\u010dno putovanje u Tursku\"}]},{\"@type\":\"WebSite\",\"@id\":\"https:\/\/sandzakpress.net\/arhiva\/#website\",\"url\":\"https:\/\/sandzakpress.net\/arhiva\/\",\"name\":\"Sand\u017eak PRESS\",\"description\":\"Prve elektronske novine u Sand\u017eaku\",\"publisher\":{\"@id\":\"https:\/\/sandzakpress.net\/arhiva\/#\/schema\/person\/6e72b67d6e51910a1117b3b483ba20bd\"},\"potentialAction\":[{\"@type\":\"SearchAction\",\"target\":{\"@type\":\"EntryPoint\",\"urlTemplate\":\"https:\/\/sandzakpress.net\/arhiva\/?s={search_term_string}\"},\"query-input\":{\"@type\":\"PropertyValueSpecification\",\"valueRequired\":true,\"valueName\":\"search_term_string\"}}],\"inLanguage\":\"bs-BA\"},{\"@type\":[\"Person\",\"Organization\"],\"@id\":\"https:\/\/sandzakpress.net\/arhiva\/#\/schema\/person\/6e72b67d6e51910a1117b3b483ba20bd\",\"name\":\"Kul\",\"image\":{\"@type\":\"ImageObject\",\"inLanguage\":\"bs-BA\",\"@id\":\"https:\/\/sandzakpress.net\/arhiva\/#\/schema\/person\/image\/\",\"url\":\"https:\/\/secure.gravatar.com\/avatar\/42263f39aa27ac04c43cab85c280eb2e?s=96&d=mm&r=pg\",\"contentUrl\":\"https:\/\/secure.gravatar.com\/avatar\/42263f39aa27ac04c43cab85c280eb2e?s=96&d=mm&r=pg\",\"caption\":\"Kul\"},\"logo\":{\"@id\":\"https:\/\/sandzakpress.net\/arhiva\/#\/schema\/person\/image\/\"}},{\"@type\":\"Person\",\"@id\":\"https:\/\/sandzakpress.net\/arhiva\/#\/schema\/person\/cb59d7e3ab91ab90dd680ad0305a6185\",\"name\":\"Agencija\",\"image\":{\"@type\":\"ImageObject\",\"inLanguage\":\"bs-BA\",\"@id\":\"https:\/\/sandzakpress.net\/arhiva\/#\/schema\/person\/image\/\",\"url\":\"https:\/\/secure.gravatar.com\/avatar\/4b7fafa80a22f0c2afe23966b3961fe0?s=96&d=mm&r=pg\",\"contentUrl\":\"https:\/\/secure.gravatar.com\/avatar\/4b7fafa80a22f0c2afe23966b3961fe0?s=96&d=mm&r=pg\",\"caption\":\"Agencija\"},\"url\":\"https:\/\/sandzakpress.net\/arhiva\/author\/agencija\/\"}]}<\/script>\n<!-- \/ Yoast SEO Premium plugin. -->","yoast_head_json":{"title":"Medresa organizirala nau\u010dno putovanje u Tursku","robots":{"index":"index","follow":"follow","max-snippet":"max-snippet:-1","max-image-preview":"max-image-preview:large","max-video-preview":"max-video-preview:-1"},"canonical":"https:\/\/sandzakpress.net\/arhiva\/medresa-organizirala-naucno-putovanje-u-tursku-2\/","og_locale":"bs_BA","og_type":"article","og_title":"Medresa organizirala nau\u010dno putovanje u Tursku","og_description":"U periodu od 27 \u2013 31.03.2019.godine Uprava Medrese je uprili\u010dila nau\u010dno putovanje u Tursku za u\u010denike zavr\u0161nih razreda, od kojih je njih 57 uzelo u\u010de\u0161\u0107e.Po dolasku u Istanbul, u\u010desnici putovanja su imali priliku upoznati se sa simbolima Istanbula: d\u017eamijama Aja Sofijom i Sultan Ahmedom, te njihovom okolinom, a potom Kapali \u010darsijom i Sultan Sulejmanovom d\u017eamijom.Tako\u0111e, [&hellip;]","og_url":"https:\/\/sandzakpress.net\/arhiva\/medresa-organizirala-naucno-putovanje-u-tursku-2\/","og_site_name":"Sand\u017eak PRESS","article_published_time":"2019-04-03T18:05:53+00:00","article_modified_time":"2019-04-03T18:13:37+00:00","og_image":[{"width":1590,"height":865,"url":"https:\/\/sandzakpress.net\/arhiva\/wp-content\/uploads\/2019\/04\/img-20190403-wa00002963122828000603556.jpg","type":"image\/jpeg"}],"author":"Agencija","twitter_card":"summary_large_image","twitter_misc":{"Written by":"Agencija","Est. reading time":"1 minuta"},"schema":{"@context":"https:\/\/schema.org","@graph":[{"@type":"Article","@id":"https:\/\/sandzakpress.net\/arhiva\/medresa-organizirala-naucno-putovanje-u-tursku-2\/#article","isPartOf":{"@id":"https:\/\/sandzakpress.net\/arhiva\/medresa-organizirala-naucno-putovanje-u-tursku-2\/"},"author":{"name":"Agencija","@id":"https:\/\/sandzakpress.net\/arhiva\/#\/schema\/person\/cb59d7e3ab91ab90dd680ad0305a6185"},"headline":"Medresa organizirala nau\u010dno putovanje u Tursku","datePublished":"2019-04-03T18:05:53+00:00","dateModified":"2019-04-03T18:13:37+00:00","mainEntityOfPage":{"@id":"https:\/\/sandzakpress.net\/arhiva\/medresa-organizirala-naucno-putovanje-u-tursku-2\/"},"wordCount":233,"commentCount":2,"publisher":{"@id":"https:\/\/sandzakpress.net\/arhiva\/#\/schema\/person\/6e72b67d6e51910a1117b3b483ba20bd"},"image":{"@id":"https:\/\/sandzakpress.net\/arhiva\/medresa-organizirala-naucno-putovanje-u-tursku-2\/#primaryimage"},"thumbnailUrl":"https:\/\/sandzakpress.net\/arhiva\/wp-content\/uploads\/2019\/04\/img-20190403-wa00002963122828000603556.jpg","articleSection":["Novi Pazar","Islamska zajednica","VIJESTI DANA","Turska"],"inLanguage":"bs-BA","potentialAction":[{"@type":"CommentAction","name":"Comment","target":["https:\/\/sandzakpress.net\/arhiva\/medresa-organizirala-naucno-putovanje-u-tursku-2\/#respond"]}]},{"@type":"WebPage","@id":"https:\/\/sandzakpress.net\/arhiva\/medresa-organizirala-naucno-putovanje-u-tursku-2\/","url":"https:\/\/sandzakpress.net\/arhiva\/medresa-organizirala-naucno-putovanje-u-tursku-2\/","name":"Medresa organizirala nau\u010dno putovanje u Tursku","isPartOf":{"@id":"https:\/\/sandzakpress.net\/arhiva\/#website"},"primaryImageOfPage":{"@id":"https:\/\/sandzakpress.net\/arhiva\/medresa-organizirala-naucno-putovanje-u-tursku-2\/#primaryimage"},"image":{"@id":"https:\/\/sandzakpress.net\/arhiva\/medresa-organizirala-naucno-putovanje-u-tursku-2\/#primaryimage"},"thumbnailUrl":"https:\/\/sandzakpress.net\/arhiva\/wp-content\/uploads\/2019\/04\/img-20190403-wa00002963122828000603556.jpg","datePublished":"2019-04-03T18:05:53+00:00","dateModified":"2019-04-03T18:13:37+00:00","breadcrumb":{"@id":"https:\/\/sandzakpress.net\/arhiva\/medresa-organizirala-naucno-putovanje-u-tursku-2\/#breadcrumb"},"inLanguage":"bs-BA","potentialAction":[{"@type":"ReadAction","target":["https:\/\/sandzakpress.net\/arhiva\/medresa-organizirala-naucno-putovanje-u-tursku-2\/"]}]},{"@type":"ImageObject","inLanguage":"bs-BA","@id":"https:\/\/sandzakpress.net\/arhiva\/medresa-organizirala-naucno-putovanje-u-tursku-2\/#primaryimage","url":"https:\/\/sandzakpress.net\/arhiva\/wp-content\/uploads\/2019\/04\/img-20190403-wa00002963122828000603556.jpg","contentUrl":"https:\/\/sandzakpress.net\/arhiva\/wp-content\/uploads\/2019\/04\/img-20190403-wa00002963122828000603556.jpg","width":1590,"height":865},{"@type":"BreadcrumbList","@id":"https:\/\/sandzakpress.net\/arhiva\/medresa-organizirala-naucno-putovanje-u-tursku-2\/#breadcrumb","itemListElement":[{"@type":"ListItem","position":1,"name":"Home","item":"https:\/\/sandzakpress.net\/arhiva\/"},{"@type":"ListItem","position":2,"name":"Medresa organizirala nau\u010dno putovanje u Tursku"}]},{"@type":"WebSite","@id":"https:\/\/sandzakpress.net\/arhiva\/#website","url":"https:\/\/sandzakpress.net\/arhiva\/","name":"Sand\u017eak PRESS","description":"Prve elektronske novine u Sand\u017eaku","publisher":{"@id":"https:\/\/sandzakpress.net\/arhiva\/#\/schema\/person\/6e72b67d6e51910a1117b3b483ba20bd"},"potentialAction":[{"@type":"SearchAction","target":{"@type":"EntryPoint","urlTemplate":"https:\/\/sandzakpress.net\/arhiva\/?s={search_term_string}"},"query-input":{"@type":"PropertyValueSpecification","valueRequired":true,"valueName":"search_term_string"}}],"inLanguage":"bs-BA"},{"@type":["Person","Organization"],"@id":"https:\/\/sandzakpress.net\/arhiva\/#\/schema\/person\/6e72b67d6e51910a1117b3b483ba20bd","name":"Kul","image":{"@type":"ImageObject","inLanguage":"bs-BA","@id":"https:\/\/sandzakpress.net\/arhiva\/#\/schema\/person\/image\/","url":"https:\/\/secure.gravatar.com\/avatar\/42263f39aa27ac04c43cab85c280eb2e?s=96&d=mm&r=pg","contentUrl":"https:\/\/secure.gravatar.com\/avatar\/42263f39aa27ac04c43cab85c280eb2e?s=96&d=mm&r=pg","caption":"Kul"},"logo":{"@id":"https:\/\/sandzakpress.net\/arhiva\/#\/schema\/person\/image\/"}},{"@type":"Person","@id":"https:\/\/sandzakpress.net\/arhiva\/#\/schema\/person\/cb59d7e3ab91ab90dd680ad0305a6185","name":"Agencija","image":{"@type":"ImageObject","inLanguage":"bs-BA","@id":"https:\/\/sandzakpress.net\/arhiva\/#\/schema\/person\/image\/","url":"https:\/\/secure.gravatar.com\/avatar\/4b7fafa80a22f0c2afe23966b3961fe0?s=96&d=mm&r=pg","contentUrl":"https:\/\/secure.gravatar.com\/avatar\/4b7fafa80a22f0c2afe23966b3961fe0?s=96&d=mm&r=pg","caption":"Agencija"},"url":"https:\/\/sandzakpress.net\/arhiva\/author\/agencija\/"}]}},"_links":{"self":[{"href":"https:\/\/sandzakpress.net\/arhiva\/wp-json\/wp\/v2\/posts\/221005"}],"collection":[{"href":"https:\/\/sandzakpress.net\/arhiva\/wp-json\/wp\/v2\/posts"}],"about":[{"href":"https:\/\/sandzakpress.net\/arhiva\/wp-json\/wp\/v2\/types\/post"}],"author":[{"embeddable":true,"href":"https:\/\/sandzakpress.net\/arhiva\/wp-json\/wp\/v2\/users\/509"}],"replies":[{"embeddable":true,"href":"https:\/\/sandzakpress.net\/arhiva\/wp-json\/wp\/v2\/comments?post=221005"}],"version-history":[{"count":0,"href":"https:\/\/sandzakpress.net\/arhiva\/wp-json\/wp\/v2\/posts\/221005\/revisions"}],"wp:featuredmedia":[{"embeddable":true,"href":"https:\/\/sandzakpress.net\/arhiva\/wp-json\/wp\/v2\/media\/221007"}],"wp:attachment":[{"href":"https:\/\/sandzakpress.net\/arhiva\/wp-json\/wp\/v2\/media?parent=221005"}],"wp:term":[{"taxonomy":"category","embeddable":true,"href":"https:\/\/sandzakpress.net\/arhiva\/wp-json\/wp\/v2\/categories?post=221005"},{"taxonomy":"post_tag","embeddable":true,"href":"https:\/\/sandzakpress.net\/arhiva\/wp-json\/wp\/v2\/tags?post=221005"}],"curies":[{"name":"wp","href":"https:\/\/api.w.org\/{rel}","templated":true}]}}