{"id":220956,"date":"2019-04-03T15:15:20","date_gmt":"2019-04-03T13:15:20","guid":{"rendered":"https:\/\/sandzakpress.net\/arhiva\/?p=220956"},"modified":"2019-04-03T15:15:20","modified_gmt":"2019-04-03T13:15:20","slug":"proces-upisa-prvaka-za-nastavu-na-bosanskom-jeziku-tece-bez-problema","status":"publish","type":"post","link":"https:\/\/sandzakpress.net\/arhiva\/proces-upisa-prvaka-za-nastavu-na-bosanskom-jeziku-tece-bez-problema\/","title":{"rendered":"Proces upisa prvaka za nastavu na bosanskom jeziku te\u010de bez problema"},"content":{"rendered":"<p><img decoding=\"async\" src=\"https:\/\/indeksonline.rs\/wp-content\/uploads\/2019\/04\/img_0459.jpg\" \/><\/p>\n<p><strong>U Srbiji je od ponedjeljka, 1. aprila, po\u010deo upis \u0111aka u prvi razred osnovne \u0161kole. Time je po\u010deo i upis sedme generacije \u0111aka na nastavu na bosanskom jeziku u \u0161kolama u Sand\u017eaku.<\/strong><\/p>\n<p>Novina od ove godine, prilikom upisa prvaka je ta da se roditelji vi\u0161e ne anketiraju po pitanju izbora da li \u0107e dijete poha\u0111ati nastavu na maternjem, bosanskom jeziku. Upis prvaka odvija se na na\u010din da se djeca po automatizmu, na osnovu maternjeg jezika roditelja, upisuju na nastavu na bosanskom jeziku. Ipak, roditelji imaju mogu\u0107nost da to ne u\u010dine, pa mogu potpisati izjavu kojom dijete upisuju na nastavu na nematernjem jeziku.<\/p>\n<p>\u201eU Republici Srbiji kona\u010dno su se stekli uslovi da se postigne potpuna ravnopravnost u odgoju i obrazovanju na maternjem jeziku. Bo\u0161njaci su autohton narod ali su u Srbiji svedeni na nivo nacionalne manjine. I kao takvi, Bo\u0161njaci ostvaruju sva svoja prava u skladu sa Ustavom i zakonima Republike Srbije. Bo\u0161nja\u010dko nacionalno vij\u0107e putilo je dopis \u0161kolama sa jasnim uputstvom da svaki roditelj ima pravo i mogu\u0107nost da usmjeri svoje dijete da u\u010di nastavu na svom maternjem jeziku. Predsjednik BNV Esad D\u017eud\u017eo uputio je taj dopis svim \u0161kolama na teritoriji Novog Pazara, Sjenice, Tutina i Prijepolja\u201c, rekao je potpredsjednik Bo\u0161nja\u010dkog nacionalnog vije\u0107a zadu\u017een za nastavu na bosanskom jeziku prof. dr Sait Ka\u010dapor.<\/p>\n<p>Ministarstvo prosvjete Republike Srbije odlu\u010dilo je da od \u0161kolske 2021. godine svr\u0161eni srednjo\u0161kolci pola\u017eu dr\u017eavni ispit, koji bi trebao da zamjeni polaganje prijemnog ispita za upis na fakultete.<\/p>\n<p>\u201eTo zna\u010di da \u0107e se polagati na kraju mature i bosanski jezik, ravnopravno sa srpskim jezikom. To \u0107e biti viza za upis na fakultete\u201c, obja\u0161njava Ka\u010dapor.<\/p>\n<p>Podsjetimo, u \u0161kolama u Novom Pazaru, Sjenici, Tutinu i jednoj \u0161koli u Borodarevu nastavu na bosanskom jeziku poha\u0111a oko 17. 500 \u0111aka.<\/p>\n","protected":false},"excerpt":{"rendered":"<p>U Srbiji je od ponedjeljka, 1. aprila, po\u010deo upis \u0111aka u prvi razred osnovne \u0161kole. Time je po\u010deo i upis sedme generacije \u0111aka na nastavu na bosanskom jeziku u \u0161kolama u Sand\u017eaku. Novina od ove godine, prilikom upisa prvaka je ta da se roditelji vi\u0161e ne anketiraju po pitanju izbora da li \u0107e dijete poha\u0111ati [&hellip;]<\/p>\n","protected":false},"author":509,"featured_media":220957,"comment_status":"open","ping_status":"open","sticky":false,"template":"","format":"standard","meta":{"footnotes":""},"categories":[72,800],"tags":[],"class_list":{"0":"post-220956","1":"post","2":"type-post","3":"status-publish","4":"format-standard","5":"has-post-thumbnail","7":"category-novi-pazar","8":"category-nacija"},"yoast_head":"<!-- This site is optimized with the Yoast SEO Premium plugin v23.1 (Yoast SEO v24.9) - https:\/\/yoast.com\/wordpress\/plugins\/seo\/ -->\n<title>Proces upisa prvaka za nastavu na bosanskom jeziku te\u010de bez problema<\/title>\n<meta name=\"robots\" content=\"index, follow, max-snippet:-1, max-image-preview:large, max-video-preview:-1\" \/>\n<link rel=\"canonical\" href=\"https:\/\/sandzakpress.net\/arhiva\/proces-upisa-prvaka-za-nastavu-na-bosanskom-jeziku-tece-bez-problema\/\" \/>\n<meta property=\"og:locale\" content=\"bs_BA\" \/>\n<meta property=\"og:type\" content=\"article\" \/>\n<meta property=\"og:title\" content=\"Proces upisa prvaka za nastavu na bosanskom jeziku te\u010de bez problema\" \/>\n<meta property=\"og:description\" content=\"U Srbiji je od ponedjeljka, 1. aprila, po\u010deo upis \u0111aka u prvi razred osnovne \u0161kole. Time je po\u010deo i upis sedme generacije \u0111aka na nastavu na bosanskom jeziku u \u0161kolama u Sand\u017eaku. Novina od ove godine, prilikom upisa prvaka je ta da se roditelji vi\u0161e ne anketiraju po pitanju izbora da li \u0107e dijete poha\u0111ati [&hellip;]\" \/>\n<meta property=\"og:url\" content=\"https:\/\/sandzakpress.net\/arhiva\/proces-upisa-prvaka-za-nastavu-na-bosanskom-jeziku-tece-bez-problema\/\" \/>\n<meta property=\"og:site_name\" content=\"Sand\u017eak PRESS\" \/>\n<meta property=\"article:published_time\" content=\"2019-04-03T13:15:20+00:00\" \/>\n<meta property=\"og:image\" content=\"https:\/\/sandzakpress.net\/arhiva\/wp-content\/uploads\/2019\/04\/img_0459.jpg\" \/>\n\t<meta property=\"og:image:width\" content=\"800\" \/>\n\t<meta property=\"og:image:height\" content=\"450\" \/>\n\t<meta property=\"og:image:type\" content=\"image\/jpeg\" \/>\n<meta name=\"author\" content=\"Agencija\" \/>\n<meta name=\"twitter:card\" content=\"summary_large_image\" \/>\n<meta name=\"twitter:label1\" content=\"Written by\" \/>\n\t<meta name=\"twitter:data1\" content=\"Agencija\" \/>\n\t<meta name=\"twitter:label2\" content=\"Est. reading time\" \/>\n\t<meta name=\"twitter:data2\" content=\"2 minute\" \/>\n<script type=\"application\/ld+json\" class=\"yoast-schema-graph\">{\"@context\":\"https:\/\/schema.org\",\"@graph\":[{\"@type\":\"Article\",\"@id\":\"https:\/\/sandzakpress.net\/arhiva\/proces-upisa-prvaka-za-nastavu-na-bosanskom-jeziku-tece-bez-problema\/#article\",\"isPartOf\":{\"@id\":\"https:\/\/sandzakpress.net\/arhiva\/proces-upisa-prvaka-za-nastavu-na-bosanskom-jeziku-tece-bez-problema\/\"},\"author\":{\"name\":\"Agencija\",\"@id\":\"https:\/\/sandzakpress.net\/arhiva\/#\/schema\/person\/cb59d7e3ab91ab90dd680ad0305a6185\"},\"headline\":\"Proces upisa prvaka za nastavu na bosanskom jeziku te\u010de bez problema\",\"datePublished\":\"2019-04-03T13:15:20+00:00\",\"mainEntityOfPage\":{\"@id\":\"https:\/\/sandzakpress.net\/arhiva\/proces-upisa-prvaka-za-nastavu-na-bosanskom-jeziku-tece-bez-problema\/\"},\"wordCount\":329,\"commentCount\":0,\"publisher\":{\"@id\":\"https:\/\/sandzakpress.net\/arhiva\/#\/schema\/person\/6e72b67d6e51910a1117b3b483ba20bd\"},\"image\":{\"@id\":\"https:\/\/sandzakpress.net\/arhiva\/proces-upisa-prvaka-za-nastavu-na-bosanskom-jeziku-tece-bez-problema\/#primaryimage\"},\"thumbnailUrl\":\"https:\/\/sandzakpress.net\/arhiva\/wp-content\/uploads\/2019\/04\/img_0459.jpg\",\"articleSection\":[\"Novi Pazar\",\"Nacija\"],\"inLanguage\":\"bs-BA\",\"potentialAction\":[{\"@type\":\"CommentAction\",\"name\":\"Comment\",\"target\":[\"https:\/\/sandzakpress.net\/arhiva\/proces-upisa-prvaka-za-nastavu-na-bosanskom-jeziku-tece-bez-problema\/#respond\"]}]},{\"@type\":\"WebPage\",\"@id\":\"https:\/\/sandzakpress.net\/arhiva\/proces-upisa-prvaka-za-nastavu-na-bosanskom-jeziku-tece-bez-problema\/\",\"url\":\"https:\/\/sandzakpress.net\/arhiva\/proces-upisa-prvaka-za-nastavu-na-bosanskom-jeziku-tece-bez-problema\/\",\"name\":\"Proces upisa prvaka za nastavu na bosanskom jeziku te\u010de bez problema\",\"isPartOf\":{\"@id\":\"https:\/\/sandzakpress.net\/arhiva\/#website\"},\"primaryImageOfPage\":{\"@id\":\"https:\/\/sandzakpress.net\/arhiva\/proces-upisa-prvaka-za-nastavu-na-bosanskom-jeziku-tece-bez-problema\/#primaryimage\"},\"image\":{\"@id\":\"https:\/\/sandzakpress.net\/arhiva\/proces-upisa-prvaka-za-nastavu-na-bosanskom-jeziku-tece-bez-problema\/#primaryimage\"},\"thumbnailUrl\":\"https:\/\/sandzakpress.net\/arhiva\/wp-content\/uploads\/2019\/04\/img_0459.jpg\",\"datePublished\":\"2019-04-03T13:15:20+00:00\",\"breadcrumb\":{\"@id\":\"https:\/\/sandzakpress.net\/arhiva\/proces-upisa-prvaka-za-nastavu-na-bosanskom-jeziku-tece-bez-problema\/#breadcrumb\"},\"inLanguage\":\"bs-BA\",\"potentialAction\":[{\"@type\":\"ReadAction\",\"target\":[\"https:\/\/sandzakpress.net\/arhiva\/proces-upisa-prvaka-za-nastavu-na-bosanskom-jeziku-tece-bez-problema\/\"]}]},{\"@type\":\"ImageObject\",\"inLanguage\":\"bs-BA\",\"@id\":\"https:\/\/sandzakpress.net\/arhiva\/proces-upisa-prvaka-za-nastavu-na-bosanskom-jeziku-tece-bez-problema\/#primaryimage\",\"url\":\"https:\/\/sandzakpress.net\/arhiva\/wp-content\/uploads\/2019\/04\/img_0459.jpg\",\"contentUrl\":\"https:\/\/sandzakpress.net\/arhiva\/wp-content\/uploads\/2019\/04\/img_0459.jpg\",\"width\":800,\"height\":450},{\"@type\":\"BreadcrumbList\",\"@id\":\"https:\/\/sandzakpress.net\/arhiva\/proces-upisa-prvaka-za-nastavu-na-bosanskom-jeziku-tece-bez-problema\/#breadcrumb\",\"itemListElement\":[{\"@type\":\"ListItem\",\"position\":1,\"name\":\"Home\",\"item\":\"https:\/\/sandzakpress.net\/arhiva\/\"},{\"@type\":\"ListItem\",\"position\":2,\"name\":\"Proces upisa prvaka za nastavu na bosanskom jeziku te\u010de bez problema\"}]},{\"@type\":\"WebSite\",\"@id\":\"https:\/\/sandzakpress.net\/arhiva\/#website\",\"url\":\"https:\/\/sandzakpress.net\/arhiva\/\",\"name\":\"Sand\u017eak PRESS\",\"description\":\"Prve elektronske novine u Sand\u017eaku\",\"publisher\":{\"@id\":\"https:\/\/sandzakpress.net\/arhiva\/#\/schema\/person\/6e72b67d6e51910a1117b3b483ba20bd\"},\"potentialAction\":[{\"@type\":\"SearchAction\",\"target\":{\"@type\":\"EntryPoint\",\"urlTemplate\":\"https:\/\/sandzakpress.net\/arhiva\/?s={search_term_string}\"},\"query-input\":{\"@type\":\"PropertyValueSpecification\",\"valueRequired\":true,\"valueName\":\"search_term_string\"}}],\"inLanguage\":\"bs-BA\"},{\"@type\":[\"Person\",\"Organization\"],\"@id\":\"https:\/\/sandzakpress.net\/arhiva\/#\/schema\/person\/6e72b67d6e51910a1117b3b483ba20bd\",\"name\":\"Kul\",\"image\":{\"@type\":\"ImageObject\",\"inLanguage\":\"bs-BA\",\"@id\":\"https:\/\/sandzakpress.net\/arhiva\/#\/schema\/person\/image\/\",\"url\":\"https:\/\/secure.gravatar.com\/avatar\/42263f39aa27ac04c43cab85c280eb2e?s=96&d=mm&r=pg\",\"contentUrl\":\"https:\/\/secure.gravatar.com\/avatar\/42263f39aa27ac04c43cab85c280eb2e?s=96&d=mm&r=pg\",\"caption\":\"Kul\"},\"logo\":{\"@id\":\"https:\/\/sandzakpress.net\/arhiva\/#\/schema\/person\/image\/\"}},{\"@type\":\"Person\",\"@id\":\"https:\/\/sandzakpress.net\/arhiva\/#\/schema\/person\/cb59d7e3ab91ab90dd680ad0305a6185\",\"name\":\"Agencija\",\"image\":{\"@type\":\"ImageObject\",\"inLanguage\":\"bs-BA\",\"@id\":\"https:\/\/sandzakpress.net\/arhiva\/#\/schema\/person\/image\/\",\"url\":\"https:\/\/secure.gravatar.com\/avatar\/4b7fafa80a22f0c2afe23966b3961fe0?s=96&d=mm&r=pg\",\"contentUrl\":\"https:\/\/secure.gravatar.com\/avatar\/4b7fafa80a22f0c2afe23966b3961fe0?s=96&d=mm&r=pg\",\"caption\":\"Agencija\"},\"url\":\"https:\/\/sandzakpress.net\/arhiva\/author\/agencija\/\"}]}<\/script>\n<!-- \/ Yoast SEO Premium plugin. -->","yoast_head_json":{"title":"Proces upisa prvaka za nastavu na bosanskom jeziku te\u010de bez problema","robots":{"index":"index","follow":"follow","max-snippet":"max-snippet:-1","max-image-preview":"max-image-preview:large","max-video-preview":"max-video-preview:-1"},"canonical":"https:\/\/sandzakpress.net\/arhiva\/proces-upisa-prvaka-za-nastavu-na-bosanskom-jeziku-tece-bez-problema\/","og_locale":"bs_BA","og_type":"article","og_title":"Proces upisa prvaka za nastavu na bosanskom jeziku te\u010de bez problema","og_description":"U Srbiji je od ponedjeljka, 1. aprila, po\u010deo upis \u0111aka u prvi razred osnovne \u0161kole. Time je po\u010deo i upis sedme generacije \u0111aka na nastavu na bosanskom jeziku u \u0161kolama u Sand\u017eaku. Novina od ove godine, prilikom upisa prvaka je ta da se roditelji vi\u0161e ne anketiraju po pitanju izbora da li \u0107e dijete poha\u0111ati [&hellip;]","og_url":"https:\/\/sandzakpress.net\/arhiva\/proces-upisa-prvaka-za-nastavu-na-bosanskom-jeziku-tece-bez-problema\/","og_site_name":"Sand\u017eak PRESS","article_published_time":"2019-04-03T13:15:20+00:00","og_image":[{"width":800,"height":450,"url":"https:\/\/sandzakpress.net\/arhiva\/wp-content\/uploads\/2019\/04\/img_0459.jpg","type":"image\/jpeg"}],"author":"Agencija","twitter_card":"summary_large_image","twitter_misc":{"Written by":"Agencija","Est. reading time":"2 minute"},"schema":{"@context":"https:\/\/schema.org","@graph":[{"@type":"Article","@id":"https:\/\/sandzakpress.net\/arhiva\/proces-upisa-prvaka-za-nastavu-na-bosanskom-jeziku-tece-bez-problema\/#article","isPartOf":{"@id":"https:\/\/sandzakpress.net\/arhiva\/proces-upisa-prvaka-za-nastavu-na-bosanskom-jeziku-tece-bez-problema\/"},"author":{"name":"Agencija","@id":"https:\/\/sandzakpress.net\/arhiva\/#\/schema\/person\/cb59d7e3ab91ab90dd680ad0305a6185"},"headline":"Proces upisa prvaka za nastavu na bosanskom jeziku te\u010de bez problema","datePublished":"2019-04-03T13:15:20+00:00","mainEntityOfPage":{"@id":"https:\/\/sandzakpress.net\/arhiva\/proces-upisa-prvaka-za-nastavu-na-bosanskom-jeziku-tece-bez-problema\/"},"wordCount":329,"commentCount":0,"publisher":{"@id":"https:\/\/sandzakpress.net\/arhiva\/#\/schema\/person\/6e72b67d6e51910a1117b3b483ba20bd"},"image":{"@id":"https:\/\/sandzakpress.net\/arhiva\/proces-upisa-prvaka-za-nastavu-na-bosanskom-jeziku-tece-bez-problema\/#primaryimage"},"thumbnailUrl":"https:\/\/sandzakpress.net\/arhiva\/wp-content\/uploads\/2019\/04\/img_0459.jpg","articleSection":["Novi Pazar","Nacija"],"inLanguage":"bs-BA","potentialAction":[{"@type":"CommentAction","name":"Comment","target":["https:\/\/sandzakpress.net\/arhiva\/proces-upisa-prvaka-za-nastavu-na-bosanskom-jeziku-tece-bez-problema\/#respond"]}]},{"@type":"WebPage","@id":"https:\/\/sandzakpress.net\/arhiva\/proces-upisa-prvaka-za-nastavu-na-bosanskom-jeziku-tece-bez-problema\/","url":"https:\/\/sandzakpress.net\/arhiva\/proces-upisa-prvaka-za-nastavu-na-bosanskom-jeziku-tece-bez-problema\/","name":"Proces upisa prvaka za nastavu na bosanskom jeziku te\u010de bez problema","isPartOf":{"@id":"https:\/\/sandzakpress.net\/arhiva\/#website"},"primaryImageOfPage":{"@id":"https:\/\/sandzakpress.net\/arhiva\/proces-upisa-prvaka-za-nastavu-na-bosanskom-jeziku-tece-bez-problema\/#primaryimage"},"image":{"@id":"https:\/\/sandzakpress.net\/arhiva\/proces-upisa-prvaka-za-nastavu-na-bosanskom-jeziku-tece-bez-problema\/#primaryimage"},"thumbnailUrl":"https:\/\/sandzakpress.net\/arhiva\/wp-content\/uploads\/2019\/04\/img_0459.jpg","datePublished":"2019-04-03T13:15:20+00:00","breadcrumb":{"@id":"https:\/\/sandzakpress.net\/arhiva\/proces-upisa-prvaka-za-nastavu-na-bosanskom-jeziku-tece-bez-problema\/#breadcrumb"},"inLanguage":"bs-BA","potentialAction":[{"@type":"ReadAction","target":["https:\/\/sandzakpress.net\/arhiva\/proces-upisa-prvaka-za-nastavu-na-bosanskom-jeziku-tece-bez-problema\/"]}]},{"@type":"ImageObject","inLanguage":"bs-BA","@id":"https:\/\/sandzakpress.net\/arhiva\/proces-upisa-prvaka-za-nastavu-na-bosanskom-jeziku-tece-bez-problema\/#primaryimage","url":"https:\/\/sandzakpress.net\/arhiva\/wp-content\/uploads\/2019\/04\/img_0459.jpg","contentUrl":"https:\/\/sandzakpress.net\/arhiva\/wp-content\/uploads\/2019\/04\/img_0459.jpg","width":800,"height":450},{"@type":"BreadcrumbList","@id":"https:\/\/sandzakpress.net\/arhiva\/proces-upisa-prvaka-za-nastavu-na-bosanskom-jeziku-tece-bez-problema\/#breadcrumb","itemListElement":[{"@type":"ListItem","position":1,"name":"Home","item":"https:\/\/sandzakpress.net\/arhiva\/"},{"@type":"ListItem","position":2,"name":"Proces upisa prvaka za nastavu na bosanskom jeziku te\u010de bez problema"}]},{"@type":"WebSite","@id":"https:\/\/sandzakpress.net\/arhiva\/#website","url":"https:\/\/sandzakpress.net\/arhiva\/","name":"Sand\u017eak PRESS","description":"Prve elektronske novine u Sand\u017eaku","publisher":{"@id":"https:\/\/sandzakpress.net\/arhiva\/#\/schema\/person\/6e72b67d6e51910a1117b3b483ba20bd"},"potentialAction":[{"@type":"SearchAction","target":{"@type":"EntryPoint","urlTemplate":"https:\/\/sandzakpress.net\/arhiva\/?s={search_term_string}"},"query-input":{"@type":"PropertyValueSpecification","valueRequired":true,"valueName":"search_term_string"}}],"inLanguage":"bs-BA"},{"@type":["Person","Organization"],"@id":"https:\/\/sandzakpress.net\/arhiva\/#\/schema\/person\/6e72b67d6e51910a1117b3b483ba20bd","name":"Kul","image":{"@type":"ImageObject","inLanguage":"bs-BA","@id":"https:\/\/sandzakpress.net\/arhiva\/#\/schema\/person\/image\/","url":"https:\/\/secure.gravatar.com\/avatar\/42263f39aa27ac04c43cab85c280eb2e?s=96&d=mm&r=pg","contentUrl":"https:\/\/secure.gravatar.com\/avatar\/42263f39aa27ac04c43cab85c280eb2e?s=96&d=mm&r=pg","caption":"Kul"},"logo":{"@id":"https:\/\/sandzakpress.net\/arhiva\/#\/schema\/person\/image\/"}},{"@type":"Person","@id":"https:\/\/sandzakpress.net\/arhiva\/#\/schema\/person\/cb59d7e3ab91ab90dd680ad0305a6185","name":"Agencija","image":{"@type":"ImageObject","inLanguage":"bs-BA","@id":"https:\/\/sandzakpress.net\/arhiva\/#\/schema\/person\/image\/","url":"https:\/\/secure.gravatar.com\/avatar\/4b7fafa80a22f0c2afe23966b3961fe0?s=96&d=mm&r=pg","contentUrl":"https:\/\/secure.gravatar.com\/avatar\/4b7fafa80a22f0c2afe23966b3961fe0?s=96&d=mm&r=pg","caption":"Agencija"},"url":"https:\/\/sandzakpress.net\/arhiva\/author\/agencija\/"}]}},"_links":{"self":[{"href":"https:\/\/sandzakpress.net\/arhiva\/wp-json\/wp\/v2\/posts\/220956"}],"collection":[{"href":"https:\/\/sandzakpress.net\/arhiva\/wp-json\/wp\/v2\/posts"}],"about":[{"href":"https:\/\/sandzakpress.net\/arhiva\/wp-json\/wp\/v2\/types\/post"}],"author":[{"embeddable":true,"href":"https:\/\/sandzakpress.net\/arhiva\/wp-json\/wp\/v2\/users\/509"}],"replies":[{"embeddable":true,"href":"https:\/\/sandzakpress.net\/arhiva\/wp-json\/wp\/v2\/comments?post=220956"}],"version-history":[{"count":0,"href":"https:\/\/sandzakpress.net\/arhiva\/wp-json\/wp\/v2\/posts\/220956\/revisions"}],"wp:featuredmedia":[{"embeddable":true,"href":"https:\/\/sandzakpress.net\/arhiva\/wp-json\/wp\/v2\/media\/220957"}],"wp:attachment":[{"href":"https:\/\/sandzakpress.net\/arhiva\/wp-json\/wp\/v2\/media?parent=220956"}],"wp:term":[{"taxonomy":"category","embeddable":true,"href":"https:\/\/sandzakpress.net\/arhiva\/wp-json\/wp\/v2\/categories?post=220956"},{"taxonomy":"post_tag","embeddable":true,"href":"https:\/\/sandzakpress.net\/arhiva\/wp-json\/wp\/v2\/tags?post=220956"}],"curies":[{"name":"wp","href":"https:\/\/api.w.org\/{rel}","templated":true}]}}