{"id":220888,"date":"2019-04-02T15:29:53","date_gmt":"2019-04-02T13:29:53","guid":{"rendered":"https:\/\/sandzakpress.net\/arhiva\/ko-je-bio-mustafa-busuladzic-ime-mu-nadzivjelo-sistem-koji-ga-je-osudio-na-smrt"},"modified":"2019-04-02T15:29:53","modified_gmt":"2019-04-02T13:29:53","slug":"ko-je-bio-mustafa-busuladzic-ime-mu-nadzivjelo-sistem-koji-ga-je-osudio-na-smrt","status":"publish","type":"post","link":"https:\/\/sandzakpress.net\/arhiva\/ko-je-bio-mustafa-busuladzic-ime-mu-nadzivjelo-sistem-koji-ga-je-osudio-na-smrt\/","title":{"rendered":"Ko je bio Mustafa Busulad\u017ei\u0107: Ime mu nad\u017eivjelo sistem koji ga je osudio na smrt"},"content":{"rendered":"<p><span class=\"cb-itemprop\"><\/p>\n<p><img loading=\"lazy\" decoding=\"async\" class=\"alignnone size-full wp-image-206871\" src=\"https:\/\/bosnapress.net\/wp-content\/uploads\/2019\/04\/ip4.jpg\" alt=\"\" width=\"896\" height=\"550\" \/><\/p>\n<p class=\"introtext\"><strong>Odmah po dolasku na vlast 1945. godine komunisti\u010dki re\u017eim uhapsio je Mustafu Busulad\u017ei\u0107a i po kratkom ga postupku osudio na smrt. U no\u0107i 29. juna strijeljan je u sarajevskom naselju Vele\u0161i\u0107i, iza \u017eeljezni\u010dke stanice. Neznani prolaznik na mjestu strijeljanja prona\u0161ao je njegove nao\u010dale i fes i odnio ih Mustafinim roditeljima. O\u010devici su svjedo\u010dili da je pred pogubljenje bio veoma smiren i da je cijele no\u0107i u\u010dio Kur'an<\/strong><\/p>\n<p>Rijetki su oni koji za \u017eivota urade ne\u0161to \u0161to nadilazi okvire prosje\u010dne ljudske egzistencije, oni \u010dije ideje nad\u017eive i njih same. Jo\u0161 ih je manje koji su spremni svoje rije\u010di glavom platiti. Takav je bio Mustafa Busulad\u017ei\u0107, \u010diji je tridesetjednogodi\u0161nji \u017eivot izvrsna lekcija kako se \u017eivi i kako se umire.<\/p>\n<p>Mustafa Busulad\u017ei\u0107 ro\u0111en je 1. aprila 1914. godine u Gorici kod Trebinja, od oca Smaila i majke Emine. Njegov sin Muhamed kazuje da je Mustafa imao sretno djetinjstvo i da se ve\u0107 tada interesirao za vjeru. Njegov \u017ear za vjerom Muhamed obja\u0161njava preko romana\u00a0<em>Muhammed a.s.<\/em>\u00a0Abdurezaka Hivzi Bjelevca.<\/p>\n<p>\u201cU tom romanu Bjelevac pi\u0161e da je ambijent pustinje idealan za razvoj vjerskog mentaliteta. Sunce koje sna\u017eno sija, pi\u0161e Bjelevac, palilo je u Muhammedu, a.s., ljubav prema vjeri. Trebinjski je kraj u tom smislu specifi\u010dan, jer nosi obilje\u017eja kontinentalnog zale\u0111a, a u njemu se osje\u0107a i miris Mediterana. U tom ambijentu i u mom ocu javila se ljubav prema vjeri\u201d, ka\u017ee Muhamed.<\/p>\n<p>Nakon zavr\u0161ena \u010detiri razreda osnovne \u0161kole, Mustafa Busulad\u017ei\u0107 upisuje El\u010di Ibrahim-pa\u0161inu medresu u Travniku. Poslije tri godine \u0161kolovanja prebacuje se u Gazi Husrev-begovu medresu u Sarajevu, gdje maturira 1936. godine. Jo\u0161 kao u\u010denik medrese objavljivao je tekstove u \u201eNovom Beharu\u201c, \u201eIslamskom glasu\u201c, \u201eObzoru\u201c, \u201eSvijesti\u201c, \u201eEl-Hidaji\u201c i \u201eNa\u0161oj domovini\u201c. Njegov sin Muhamed kazuje da Mustafine tekstove pisane u medresi do\u017eivljava kao \u0161to kriti\u010dari knji\u017eevnosti do\u017eivljavaju rana djela Lava Tolstoja.<\/p>\n<p>\u201cKriti\u010dari su kazali da su Tolstojeva rana djela jednako ozbiljna i zrela kao i njegova djela pisana u kasnijoj fazi. Mislim da su po\u010detni radovi mog oca jednako zreli kao i oni koje je pisao pred strijeljanje\u201d, isti\u010de Muhamed.<\/p>\n<p>Mustafa Busulad\u017ei\u0107 govorio je dobro i pisao na arapskom, turskom, italijanskom, francuskom i njema\u010dkom jeziku.<\/p>\n<p>\u201cRahmetli Hazim \u0160abanovi\u0107, \u0161kolski kolega mog oca, rekao mi je da je Mustafa jo\u0161 u medresi \u010ditao Oswalda Spenglera u originalu, na njema\u010dkom jeziku, te da je mnogo stranica iz te knjige znao napamet. Njema\u010dki filozof Spengler napisao je \u010duveno djelo \u2018Propast zapada\u2019. To je djelo koristilo mom ocu da bolje razumijeva procese u tada\u0161njem dru\u0161tvu\u201d, obja\u0161njava Muhamed.<\/p>\n<p>Hafiz Mahmud Tralji\u0107 zabilje\u017eio je o njegovim vazovima: \u201cGdje god je on vazio ili predavao, prostorije su bile ispunjene do posljednjeg mjesta. Neke od svojih vazova i predavanja je i \u0161tampao. Njegovi vazovi, predavanja i uop\u0107e objavljeni radovi imaju te\u017einu i vrijednost i danas, nakon pedeset i vi\u0161e godina, kao i kad su odr\u017eani ili \u0161tampani.\u201d<\/p>\n<p>Muhamed spominje da nisu samo muslimani bili odu\u0161evljeni intelektualnim kapacitetima i karakterom Mustafe Busulad\u017ei\u0107a. Dru\u017eio se sa svima i otvoreno je pristupao neistomi\u0161ljenicima. Jedan je od njih i Du\u0161an \u0160im\u0161i\u0107, Srbin koji se dru\u017eio s Mustafom. Upravo je Du\u0161an rekao da su Mustafa i njegovi najbli\u017ei prijatelji prerasli i nadrasli svoju generaciju, da su dosegli zrelost prije kolektiva u kojem su \u017eivjeli i da je u tome njihova najve\u0107a tragedija.<\/p>\n<p>\u00a0<\/p>\n<p>Nakon zavr\u0161ene medrese upisuje se na Vi\u0161u islamsku \u0161erijatsku \u0161kolu koja je u to vrijeme bila najvi\u0161a obrazovna ustanova u Bosni i Hercegovini. Kao jedan od najboljih studenata dobija stipendiju italijanske vlade i 1940. godine odlazi na postdiplomski studij u Rim. Muhamed pripovijeda da je Mustafa tokom boravka u Trebinju nerijetko u ljetnoj ba\u0161\u010di vodio razgovore i s pravoslavnim i katoli\u010dkim sve\u0107enicima. Prije nego je po\u0161ao u Rim, kazuje Muhamed, Mustafa se u Zenici vjen\u010dao, a onda oti\u0161ao u Trebinje da se halali sa svojim roditeljima. O ugledu kojeg je u\u017eivao u Trebinju najbolje govori podatak da su ga svi stanovnici Trebinja, bez obzira na nacionalnu i vjersku pripadnost, ispratili do Huma i za\u017eeljeli mu sretan zavr\u0161etak studija.<\/p>\n<p>Tokom boravka u Rimu, Mustafa je objavljivao radove u dvama italijanska \u010dasopisima: \u201eOriente Moderno\u201c (zvani\u010dno glasilo Orijentalnog instituta Univerziteta u Rimu) i \u201eMondo Arabo\u201c (sedmi\u010dnik o de\u0161avanjima u arapskom svijetu). Muhamed kazuje da se pouzdano zna da je u magazinu \u201eMondo Arabo\u201c objavio radove o Gazi Husrev-begu i Mehmedu Hand\u017ei\u0107u.<\/p>\n<p>Jo\u0161 je u Rimu Busulad\u017ei\u0107 pisao i govorio protiv komunizma. Zaokupljalo ga je pitanje kako da se muslimani postave prema ratu, fa\u0161izmu i komunizmu. Na \u201eRadio Rimu\u201c vodio je emisiju u kojoj je iznosio svoje stavove prema goru\u0107im pitanjima tog vremena. Godine 1942. vra\u0107a se u Sarajevo gdje zati\u010de potpuni haos. Muhamed kazuje da je bilo gotovo nemogu\u0107e konkretno i prakti\u010dno djelovati pa je Mustafa nastavio s prosvjetiteljskim anga\u017emanom kroz pisanu rije\u010d: \u201cBio je svjestan da \u0107e komunizam uni\u0161titi moral, i to ne samo muslimana ve\u0107 i svih drugih ljudi. Tako\u0111er, bio je svjestan da \u0107e komunizam uni\u0161titi porodicu kao osnovnu \u0107eliju ljudskog dru\u0161tva. Pisao je da \u0107e komunisti omogu\u0107iti biolo\u0161ko pre\u017eivljavanje, ali da \u0107e uni\u0161titi na\u0161e duhovno bi\u0107e, kao i identitet bo\u0161nja\u010dkog naroda.\u201d<\/p>\n<p>Kataklizmu Drugog svjetskog rata, kazuje Muhamed, Bo\u0161njaci su do\u010dekali na razme\u0111u svjetova, razapeti izme\u0111u dviju opcija: da podr\u017ee Nijemce, \u0161to bi prakti\u010dno bila veleizdaja domovine, ili da podr\u017ee partizane, \u0161to bi u slu\u010daju pobjede Saveznika zna\u010dilo izravnu pomo\u0107 dolasku komunizma na na\u0161e prostore. Mustafa Busulad\u017ei\u0107 okrenuo se protiv partizana, smatraju\u0107i da je komunizam najve\u0107a po\u0161ast koja prijeti \u010dovje\u010danstvu. Odlu\u010dio je vratiti se u domovinu kako bi pomogao svom narodu. Muhamed kazuje da mu je Safija-hanuma, u\u010denica Mustafe Busulad\u017ei\u0107a, rekla da je Mustafa iz Italije do\u0161ao u svojstvu novinara \u201eRadio Rima\u201c, jer nije mogao putovati bez posebnog odobrenja.<\/p>\n<p>Prije nego su do\u0161li na vlast, komunisti su napravili spisak osoba za likvidaciju na kojem se na\u0161lo ime Mustafe Busulad\u017ei\u0107a. Odmah po dolasku na vlast po\u010dela je otvorena borba s politi\u010dkim neistomi\u0161ljenicima. Mustafa je uhap\u0161en me\u0111u prvima. Skupa s njim uhap\u0161en je Atif Had\u017eikadi\u0107, nekada\u0161nji gradona\u010delnik Sarajeva. Su\u0111enje je trajalo dva dana, a Mustafi je su\u0111eno zbog knjige \u201eMuslimani u Sovjetskoj Rusiji\u201c, kao i zbog njegovih stavova o komunizmu. Po kratkom je postupku osu\u0111en na smrt strijeljanjem. U no\u0107i 29. juna strijeljan je u sarajevskom naselju Vele\u0161i\u0107i, iza \u017eeljezni\u010dke stanice. Zbog ugleda koji je u\u017eivao me\u0111u svim slojevima dru\u0161tva, komunisti su njegovo tijelo zakopali u tajnosti. Ni danas se ne zna gdje mu je mezar. Ipak, ime Mustafe Busulad\u017ei\u0107a nad\u017eivjelo je sistem koji ga je osudio na smrt. Bez ni\u0161ana na biljegu zemlje, Mustafa je ostao \u017eivjeti u jeziku i kolektivnom pam\u0107enju. A onima koji se tamo nastane, mezar nije ni potreban.<\/p>\n<p><em>stav.ba<\/em><\/p>\n<p><\/span><br \/>\nPogledajte vijest na izvornom sajtu:<\/p>\n<p><a href=\"https:\/\/bosnapress.net\/ko-je-bio-mustafa-busuladzic-ime-mu-nadzivjelo-sistem-koji-ga-je-osudio-na-smrt\/\" target=\"_blank\">Ko je bio Mustafa Busulad\u017ei\u0107: Ime mu nad\u017eivjelo sistem koji ga je osudio na smrt<\/a><\/p>\n","protected":false},"excerpt":{"rendered":"<p>Odmah po dolasku na vlast 1945. godine komunisti\u010dki re\u017eim uhapsio je Mustafu Busulad\u017ei\u0107a i po kratkom ga postupku osudio na smrt. U no\u0107i 29. juna strijeljan je u sarajevskom naselju Vele\u0161i\u0107i, iza \u017eeljezni\u010dke stanice. Neznani prolaznik na mjestu strijeljanja prona\u0161ao je njegove nao\u010dale i fes i odnio ih Mustafinim roditeljima. O\u010devici su svjedo\u010dili da je [&hellip;]<\/p>\n","protected":false},"author":83,"featured_media":220889,"comment_status":"open","ping_status":"open","sticky":false,"template":"","format":"standard","meta":{"footnotes":""},"categories":[10513],"tags":[10466],"class_list":{"0":"post-220888","1":"post","2":"type-post","3":"status-publish","4":"format-standard","5":"has-post-thumbnail","7":"category-bosna-press","8":"tag-bosna-i-hercegovina"},"yoast_head":"<!-- This site is optimized with the Yoast SEO Premium plugin v23.1 (Yoast SEO v24.9) - https:\/\/yoast.com\/wordpress\/plugins\/seo\/ -->\n<title>Ko je bio Mustafa Busulad\u017ei\u0107: Ime mu nad\u017eivjelo sistem koji ga je osudio na smrt<\/title>\n<meta name=\"robots\" content=\"index, follow, max-snippet:-1, max-image-preview:large, max-video-preview:-1\" \/>\n<link rel=\"canonical\" href=\"https:\/\/sandzakpress.net\/arhiva\/ko-je-bio-mustafa-busuladzic-ime-mu-nadzivjelo-sistem-koji-ga-je-osudio-na-smrt\/\" \/>\n<meta property=\"og:locale\" content=\"bs_BA\" \/>\n<meta property=\"og:type\" content=\"article\" \/>\n<meta property=\"og:title\" content=\"Ko je bio Mustafa Busulad\u017ei\u0107: Ime mu nad\u017eivjelo sistem koji ga je osudio na smrt\" \/>\n<meta property=\"og:description\" content=\"Odmah po dolasku na vlast 1945. godine komunisti\u010dki re\u017eim uhapsio je Mustafu Busulad\u017ei\u0107a i po kratkom ga postupku osudio na smrt. U no\u0107i 29. juna strijeljan je u sarajevskom naselju Vele\u0161i\u0107i, iza \u017eeljezni\u010dke stanice. Neznani prolaznik na mjestu strijeljanja prona\u0161ao je njegove nao\u010dale i fes i odnio ih Mustafinim roditeljima. O\u010devici su svjedo\u010dili da je [&hellip;]\" \/>\n<meta property=\"og:url\" content=\"https:\/\/sandzakpress.net\/arhiva\/ko-je-bio-mustafa-busuladzic-ime-mu-nadzivjelo-sistem-koji-ga-je-osudio-na-smrt\/\" \/>\n<meta property=\"og:site_name\" content=\"Sand\u017eak PRESS\" \/>\n<meta property=\"article:published_time\" content=\"2019-04-02T13:29:53+00:00\" \/>\n<meta property=\"og:image\" content=\"https:\/\/sandzakpress.net\/arhiva\/wp-content\/uploads\/2019\/04\/ip4.jpg\" \/>\n\t<meta property=\"og:image:width\" content=\"896\" \/>\n\t<meta property=\"og:image:height\" content=\"550\" \/>\n\t<meta property=\"og:image:type\" content=\"image\/jpeg\" \/>\n<meta name=\"author\" content=\"bosniak\" \/>\n<meta name=\"twitter:card\" content=\"summary_large_image\" \/>\n<meta name=\"twitter:label1\" content=\"Written by\" \/>\n\t<meta name=\"twitter:data1\" content=\"bosniak\" \/>\n\t<meta name=\"twitter:label2\" content=\"Est. reading time\" \/>\n\t<meta name=\"twitter:data2\" content=\"6 minuta\" \/>\n<script type=\"application\/ld+json\" class=\"yoast-schema-graph\">{\"@context\":\"https:\/\/schema.org\",\"@graph\":[{\"@type\":\"Article\",\"@id\":\"https:\/\/sandzakpress.net\/arhiva\/ko-je-bio-mustafa-busuladzic-ime-mu-nadzivjelo-sistem-koji-ga-je-osudio-na-smrt\/#article\",\"isPartOf\":{\"@id\":\"https:\/\/sandzakpress.net\/arhiva\/ko-je-bio-mustafa-busuladzic-ime-mu-nadzivjelo-sistem-koji-ga-je-osudio-na-smrt\/\"},\"author\":{\"name\":\"bosniak\",\"@id\":\"https:\/\/sandzakpress.net\/arhiva\/#\/schema\/person\/c8baee722073534b583ea7bdb2e36c02\"},\"headline\":\"Ko je bio Mustafa Busulad\u017ei\u0107: Ime mu nad\u017eivjelo sistem koji ga je osudio na smrt\",\"datePublished\":\"2019-04-02T13:29:53+00:00\",\"mainEntityOfPage\":{\"@id\":\"https:\/\/sandzakpress.net\/arhiva\/ko-je-bio-mustafa-busuladzic-ime-mu-nadzivjelo-sistem-koji-ga-je-osudio-na-smrt\/\"},\"wordCount\":1263,\"commentCount\":0,\"publisher\":{\"@id\":\"https:\/\/sandzakpress.net\/arhiva\/#\/schema\/person\/6e72b67d6e51910a1117b3b483ba20bd\"},\"image\":{\"@id\":\"https:\/\/sandzakpress.net\/arhiva\/ko-je-bio-mustafa-busuladzic-ime-mu-nadzivjelo-sistem-koji-ga-je-osudio-na-smrt\/#primaryimage\"},\"thumbnailUrl\":\"https:\/\/sandzakpress.net\/arhiva\/wp-content\/uploads\/2019\/04\/ip4.jpg\",\"keywords\":[\"Bosna i Hercegovina\"],\"articleSection\":[\"Bosna PRESS\"],\"inLanguage\":\"bs-BA\",\"potentialAction\":[{\"@type\":\"CommentAction\",\"name\":\"Comment\",\"target\":[\"https:\/\/sandzakpress.net\/arhiva\/ko-je-bio-mustafa-busuladzic-ime-mu-nadzivjelo-sistem-koji-ga-je-osudio-na-smrt\/#respond\"]}]},{\"@type\":\"WebPage\",\"@id\":\"https:\/\/sandzakpress.net\/arhiva\/ko-je-bio-mustafa-busuladzic-ime-mu-nadzivjelo-sistem-koji-ga-je-osudio-na-smrt\/\",\"url\":\"https:\/\/sandzakpress.net\/arhiva\/ko-je-bio-mustafa-busuladzic-ime-mu-nadzivjelo-sistem-koji-ga-je-osudio-na-smrt\/\",\"name\":\"Ko je bio Mustafa Busulad\u017ei\u0107: Ime mu nad\u017eivjelo sistem koji ga je osudio na smrt\",\"isPartOf\":{\"@id\":\"https:\/\/sandzakpress.net\/arhiva\/#website\"},\"primaryImageOfPage\":{\"@id\":\"https:\/\/sandzakpress.net\/arhiva\/ko-je-bio-mustafa-busuladzic-ime-mu-nadzivjelo-sistem-koji-ga-je-osudio-na-smrt\/#primaryimage\"},\"image\":{\"@id\":\"https:\/\/sandzakpress.net\/arhiva\/ko-je-bio-mustafa-busuladzic-ime-mu-nadzivjelo-sistem-koji-ga-je-osudio-na-smrt\/#primaryimage\"},\"thumbnailUrl\":\"https:\/\/sandzakpress.net\/arhiva\/wp-content\/uploads\/2019\/04\/ip4.jpg\",\"datePublished\":\"2019-04-02T13:29:53+00:00\",\"breadcrumb\":{\"@id\":\"https:\/\/sandzakpress.net\/arhiva\/ko-je-bio-mustafa-busuladzic-ime-mu-nadzivjelo-sistem-koji-ga-je-osudio-na-smrt\/#breadcrumb\"},\"inLanguage\":\"bs-BA\",\"potentialAction\":[{\"@type\":\"ReadAction\",\"target\":[\"https:\/\/sandzakpress.net\/arhiva\/ko-je-bio-mustafa-busuladzic-ime-mu-nadzivjelo-sistem-koji-ga-je-osudio-na-smrt\/\"]}]},{\"@type\":\"ImageObject\",\"inLanguage\":\"bs-BA\",\"@id\":\"https:\/\/sandzakpress.net\/arhiva\/ko-je-bio-mustafa-busuladzic-ime-mu-nadzivjelo-sistem-koji-ga-je-osudio-na-smrt\/#primaryimage\",\"url\":\"https:\/\/sandzakpress.net\/arhiva\/wp-content\/uploads\/2019\/04\/ip4.jpg\",\"contentUrl\":\"https:\/\/sandzakpress.net\/arhiva\/wp-content\/uploads\/2019\/04\/ip4.jpg\",\"width\":896,\"height\":550},{\"@type\":\"BreadcrumbList\",\"@id\":\"https:\/\/sandzakpress.net\/arhiva\/ko-je-bio-mustafa-busuladzic-ime-mu-nadzivjelo-sistem-koji-ga-je-osudio-na-smrt\/#breadcrumb\",\"itemListElement\":[{\"@type\":\"ListItem\",\"position\":1,\"name\":\"Home\",\"item\":\"https:\/\/sandzakpress.net\/arhiva\/\"},{\"@type\":\"ListItem\",\"position\":2,\"name\":\"Ko je bio Mustafa Busulad\u017ei\u0107: Ime mu nad\u017eivjelo sistem koji ga je osudio na smrt\"}]},{\"@type\":\"WebSite\",\"@id\":\"https:\/\/sandzakpress.net\/arhiva\/#website\",\"url\":\"https:\/\/sandzakpress.net\/arhiva\/\",\"name\":\"Sand\u017eak PRESS\",\"description\":\"Prve elektronske novine u Sand\u017eaku\",\"publisher\":{\"@id\":\"https:\/\/sandzakpress.net\/arhiva\/#\/schema\/person\/6e72b67d6e51910a1117b3b483ba20bd\"},\"potentialAction\":[{\"@type\":\"SearchAction\",\"target\":{\"@type\":\"EntryPoint\",\"urlTemplate\":\"https:\/\/sandzakpress.net\/arhiva\/?s={search_term_string}\"},\"query-input\":{\"@type\":\"PropertyValueSpecification\",\"valueRequired\":true,\"valueName\":\"search_term_string\"}}],\"inLanguage\":\"bs-BA\"},{\"@type\":[\"Person\",\"Organization\"],\"@id\":\"https:\/\/sandzakpress.net\/arhiva\/#\/schema\/person\/6e72b67d6e51910a1117b3b483ba20bd\",\"name\":\"Kul\",\"image\":{\"@type\":\"ImageObject\",\"inLanguage\":\"bs-BA\",\"@id\":\"https:\/\/sandzakpress.net\/arhiva\/#\/schema\/person\/image\/\",\"url\":\"https:\/\/secure.gravatar.com\/avatar\/42263f39aa27ac04c43cab85c280eb2e?s=96&d=mm&r=pg\",\"contentUrl\":\"https:\/\/secure.gravatar.com\/avatar\/42263f39aa27ac04c43cab85c280eb2e?s=96&d=mm&r=pg\",\"caption\":\"Kul\"},\"logo\":{\"@id\":\"https:\/\/sandzakpress.net\/arhiva\/#\/schema\/person\/image\/\"}},{\"@type\":\"Person\",\"@id\":\"https:\/\/sandzakpress.net\/arhiva\/#\/schema\/person\/c8baee722073534b583ea7bdb2e36c02\",\"name\":\"bosniak\",\"image\":{\"@type\":\"ImageObject\",\"inLanguage\":\"bs-BA\",\"@id\":\"https:\/\/sandzakpress.net\/arhiva\/#\/schema\/person\/image\/\",\"url\":\"https:\/\/secure.gravatar.com\/avatar\/a04fd330bfe3a36a72a0ad4a6d89fca7?s=96&d=mm&r=pg\",\"contentUrl\":\"https:\/\/secure.gravatar.com\/avatar\/a04fd330bfe3a36a72a0ad4a6d89fca7?s=96&d=mm&r=pg\",\"caption\":\"bosniak\"},\"url\":\"https:\/\/sandzakpress.net\/arhiva\/author\/bosniak\/\"}]}<\/script>\n<!-- \/ Yoast SEO Premium plugin. -->","yoast_head_json":{"title":"Ko je bio Mustafa Busulad\u017ei\u0107: Ime mu nad\u017eivjelo sistem koji ga je osudio na smrt","robots":{"index":"index","follow":"follow","max-snippet":"max-snippet:-1","max-image-preview":"max-image-preview:large","max-video-preview":"max-video-preview:-1"},"canonical":"https:\/\/sandzakpress.net\/arhiva\/ko-je-bio-mustafa-busuladzic-ime-mu-nadzivjelo-sistem-koji-ga-je-osudio-na-smrt\/","og_locale":"bs_BA","og_type":"article","og_title":"Ko je bio Mustafa Busulad\u017ei\u0107: Ime mu nad\u017eivjelo sistem koji ga je osudio na smrt","og_description":"Odmah po dolasku na vlast 1945. godine komunisti\u010dki re\u017eim uhapsio je Mustafu Busulad\u017ei\u0107a i po kratkom ga postupku osudio na smrt. U no\u0107i 29. juna strijeljan je u sarajevskom naselju Vele\u0161i\u0107i, iza \u017eeljezni\u010dke stanice. Neznani prolaznik na mjestu strijeljanja prona\u0161ao je njegove nao\u010dale i fes i odnio ih Mustafinim roditeljima. O\u010devici su svjedo\u010dili da je [&hellip;]","og_url":"https:\/\/sandzakpress.net\/arhiva\/ko-je-bio-mustafa-busuladzic-ime-mu-nadzivjelo-sistem-koji-ga-je-osudio-na-smrt\/","og_site_name":"Sand\u017eak PRESS","article_published_time":"2019-04-02T13:29:53+00:00","og_image":[{"width":896,"height":550,"url":"https:\/\/sandzakpress.net\/arhiva\/wp-content\/uploads\/2019\/04\/ip4.jpg","type":"image\/jpeg"}],"author":"bosniak","twitter_card":"summary_large_image","twitter_misc":{"Written by":"bosniak","Est. reading time":"6 minuta"},"schema":{"@context":"https:\/\/schema.org","@graph":[{"@type":"Article","@id":"https:\/\/sandzakpress.net\/arhiva\/ko-je-bio-mustafa-busuladzic-ime-mu-nadzivjelo-sistem-koji-ga-je-osudio-na-smrt\/#article","isPartOf":{"@id":"https:\/\/sandzakpress.net\/arhiva\/ko-je-bio-mustafa-busuladzic-ime-mu-nadzivjelo-sistem-koji-ga-je-osudio-na-smrt\/"},"author":{"name":"bosniak","@id":"https:\/\/sandzakpress.net\/arhiva\/#\/schema\/person\/c8baee722073534b583ea7bdb2e36c02"},"headline":"Ko je bio Mustafa Busulad\u017ei\u0107: Ime mu nad\u017eivjelo sistem koji ga je osudio na smrt","datePublished":"2019-04-02T13:29:53+00:00","mainEntityOfPage":{"@id":"https:\/\/sandzakpress.net\/arhiva\/ko-je-bio-mustafa-busuladzic-ime-mu-nadzivjelo-sistem-koji-ga-je-osudio-na-smrt\/"},"wordCount":1263,"commentCount":0,"publisher":{"@id":"https:\/\/sandzakpress.net\/arhiva\/#\/schema\/person\/6e72b67d6e51910a1117b3b483ba20bd"},"image":{"@id":"https:\/\/sandzakpress.net\/arhiva\/ko-je-bio-mustafa-busuladzic-ime-mu-nadzivjelo-sistem-koji-ga-je-osudio-na-smrt\/#primaryimage"},"thumbnailUrl":"https:\/\/sandzakpress.net\/arhiva\/wp-content\/uploads\/2019\/04\/ip4.jpg","keywords":["Bosna i Hercegovina"],"articleSection":["Bosna PRESS"],"inLanguage":"bs-BA","potentialAction":[{"@type":"CommentAction","name":"Comment","target":["https:\/\/sandzakpress.net\/arhiva\/ko-je-bio-mustafa-busuladzic-ime-mu-nadzivjelo-sistem-koji-ga-je-osudio-na-smrt\/#respond"]}]},{"@type":"WebPage","@id":"https:\/\/sandzakpress.net\/arhiva\/ko-je-bio-mustafa-busuladzic-ime-mu-nadzivjelo-sistem-koji-ga-je-osudio-na-smrt\/","url":"https:\/\/sandzakpress.net\/arhiva\/ko-je-bio-mustafa-busuladzic-ime-mu-nadzivjelo-sistem-koji-ga-je-osudio-na-smrt\/","name":"Ko je bio Mustafa Busulad\u017ei\u0107: Ime mu nad\u017eivjelo sistem koji ga je osudio na smrt","isPartOf":{"@id":"https:\/\/sandzakpress.net\/arhiva\/#website"},"primaryImageOfPage":{"@id":"https:\/\/sandzakpress.net\/arhiva\/ko-je-bio-mustafa-busuladzic-ime-mu-nadzivjelo-sistem-koji-ga-je-osudio-na-smrt\/#primaryimage"},"image":{"@id":"https:\/\/sandzakpress.net\/arhiva\/ko-je-bio-mustafa-busuladzic-ime-mu-nadzivjelo-sistem-koji-ga-je-osudio-na-smrt\/#primaryimage"},"thumbnailUrl":"https:\/\/sandzakpress.net\/arhiva\/wp-content\/uploads\/2019\/04\/ip4.jpg","datePublished":"2019-04-02T13:29:53+00:00","breadcrumb":{"@id":"https:\/\/sandzakpress.net\/arhiva\/ko-je-bio-mustafa-busuladzic-ime-mu-nadzivjelo-sistem-koji-ga-je-osudio-na-smrt\/#breadcrumb"},"inLanguage":"bs-BA","potentialAction":[{"@type":"ReadAction","target":["https:\/\/sandzakpress.net\/arhiva\/ko-je-bio-mustafa-busuladzic-ime-mu-nadzivjelo-sistem-koji-ga-je-osudio-na-smrt\/"]}]},{"@type":"ImageObject","inLanguage":"bs-BA","@id":"https:\/\/sandzakpress.net\/arhiva\/ko-je-bio-mustafa-busuladzic-ime-mu-nadzivjelo-sistem-koji-ga-je-osudio-na-smrt\/#primaryimage","url":"https:\/\/sandzakpress.net\/arhiva\/wp-content\/uploads\/2019\/04\/ip4.jpg","contentUrl":"https:\/\/sandzakpress.net\/arhiva\/wp-content\/uploads\/2019\/04\/ip4.jpg","width":896,"height":550},{"@type":"BreadcrumbList","@id":"https:\/\/sandzakpress.net\/arhiva\/ko-je-bio-mustafa-busuladzic-ime-mu-nadzivjelo-sistem-koji-ga-je-osudio-na-smrt\/#breadcrumb","itemListElement":[{"@type":"ListItem","position":1,"name":"Home","item":"https:\/\/sandzakpress.net\/arhiva\/"},{"@type":"ListItem","position":2,"name":"Ko je bio Mustafa Busulad\u017ei\u0107: Ime mu nad\u017eivjelo sistem koji ga je osudio na smrt"}]},{"@type":"WebSite","@id":"https:\/\/sandzakpress.net\/arhiva\/#website","url":"https:\/\/sandzakpress.net\/arhiva\/","name":"Sand\u017eak PRESS","description":"Prve elektronske novine u Sand\u017eaku","publisher":{"@id":"https:\/\/sandzakpress.net\/arhiva\/#\/schema\/person\/6e72b67d6e51910a1117b3b483ba20bd"},"potentialAction":[{"@type":"SearchAction","target":{"@type":"EntryPoint","urlTemplate":"https:\/\/sandzakpress.net\/arhiva\/?s={search_term_string}"},"query-input":{"@type":"PropertyValueSpecification","valueRequired":true,"valueName":"search_term_string"}}],"inLanguage":"bs-BA"},{"@type":["Person","Organization"],"@id":"https:\/\/sandzakpress.net\/arhiva\/#\/schema\/person\/6e72b67d6e51910a1117b3b483ba20bd","name":"Kul","image":{"@type":"ImageObject","inLanguage":"bs-BA","@id":"https:\/\/sandzakpress.net\/arhiva\/#\/schema\/person\/image\/","url":"https:\/\/secure.gravatar.com\/avatar\/42263f39aa27ac04c43cab85c280eb2e?s=96&d=mm&r=pg","contentUrl":"https:\/\/secure.gravatar.com\/avatar\/42263f39aa27ac04c43cab85c280eb2e?s=96&d=mm&r=pg","caption":"Kul"},"logo":{"@id":"https:\/\/sandzakpress.net\/arhiva\/#\/schema\/person\/image\/"}},{"@type":"Person","@id":"https:\/\/sandzakpress.net\/arhiva\/#\/schema\/person\/c8baee722073534b583ea7bdb2e36c02","name":"bosniak","image":{"@type":"ImageObject","inLanguage":"bs-BA","@id":"https:\/\/sandzakpress.net\/arhiva\/#\/schema\/person\/image\/","url":"https:\/\/secure.gravatar.com\/avatar\/a04fd330bfe3a36a72a0ad4a6d89fca7?s=96&d=mm&r=pg","contentUrl":"https:\/\/secure.gravatar.com\/avatar\/a04fd330bfe3a36a72a0ad4a6d89fca7?s=96&d=mm&r=pg","caption":"bosniak"},"url":"https:\/\/sandzakpress.net\/arhiva\/author\/bosniak\/"}]}},"_links":{"self":[{"href":"https:\/\/sandzakpress.net\/arhiva\/wp-json\/wp\/v2\/posts\/220888"}],"collection":[{"href":"https:\/\/sandzakpress.net\/arhiva\/wp-json\/wp\/v2\/posts"}],"about":[{"href":"https:\/\/sandzakpress.net\/arhiva\/wp-json\/wp\/v2\/types\/post"}],"author":[{"embeddable":true,"href":"https:\/\/sandzakpress.net\/arhiva\/wp-json\/wp\/v2\/users\/83"}],"replies":[{"embeddable":true,"href":"https:\/\/sandzakpress.net\/arhiva\/wp-json\/wp\/v2\/comments?post=220888"}],"version-history":[{"count":0,"href":"https:\/\/sandzakpress.net\/arhiva\/wp-json\/wp\/v2\/posts\/220888\/revisions"}],"wp:featuredmedia":[{"embeddable":true,"href":"https:\/\/sandzakpress.net\/arhiva\/wp-json\/wp\/v2\/media\/220889"}],"wp:attachment":[{"href":"https:\/\/sandzakpress.net\/arhiva\/wp-json\/wp\/v2\/media?parent=220888"}],"wp:term":[{"taxonomy":"category","embeddable":true,"href":"https:\/\/sandzakpress.net\/arhiva\/wp-json\/wp\/v2\/categories?post=220888"},{"taxonomy":"post_tag","embeddable":true,"href":"https:\/\/sandzakpress.net\/arhiva\/wp-json\/wp\/v2\/tags?post=220888"}],"curies":[{"name":"wp","href":"https:\/\/api.w.org\/{rel}","templated":true}]}}