{"id":220650,"date":"2019-03-28T19:24:49","date_gmt":"2019-03-28T18:24:49","guid":{"rendered":"https:\/\/sandzakpress.net\/arhiva\/?p=220650"},"modified":"2019-03-28T19:24:49","modified_gmt":"2019-03-28T18:24:49","slug":"pocela-islamska-konferencija-u-moskvi","status":"publish","type":"post","link":"https:\/\/sandzakpress.net\/arhiva\/pocela-islamska-konferencija-u-moskvi\/","title":{"rendered":"Po\u010dela islamska konferencija u Moskvi"},"content":{"rendered":"<p><img loading=\"lazy\" decoding=\"async\" class=\"alignnone size-full wp-image-220652\" src=\"https:\/\/sandzakpress.net\/arhiva\/wp-content\/uploads\/2019\/03\/c07e3b48-8fa6-4f61-ab04-e306f2f9bf6e.jpg\" alt=\"\" width=\"768\" height=\"1024\" srcset=\"https:\/\/sandzakpress.net\/arhiva\/wp-content\/uploads\/2019\/03\/c07e3b48-8fa6-4f61-ab04-e306f2f9bf6e.jpg 768w, https:\/\/sandzakpress.net\/arhiva\/wp-content\/uploads\/2019\/03\/c07e3b48-8fa6-4f61-ab04-e306f2f9bf6e-616x821.jpg 616w\" sizes=\"(max-width: 768px) 100vw, 768px\" \/><\/p>\n<div dir=\"auto\">U organizaciji Svjetske muslimanske lige \u2013 Rabite i Islamske zajednice \u010ce\u010denije danas 28.03.2019. godine po\u010dela je me\u0111unarodna konferencija u Moskvi na temu \u201cIslam \u2013 poruka milosti i mira\u201d na kojoj prisustvuje 240 u\u010desnika iz 43 dr\u017eave.\u00a0<\/div>\n<div dir=\"auto\">Prilikom otvaranja konferencije prisutnima se u ime doma\u0107ina obratio vrhovni muftija \u010ce\u010denije Salah Me\u017eiev Mitevi\u010d te generalni sekretar Rabite Muhamed bin Abdulkerim el Isa, koji su jasno osudili teroristi\u010dki akt na Novom Zelandu.\u00a0<\/div>\n<div dir=\"auto\">Nakon toga prisutnima su pro\u010ditane poruke predsjednika Rusije Vladimira Putina i premijera \u010ce\u010denije Ramzana Kadirova, a zatim je nastavljena konferencija u sesijama.<\/p>\n<div dir=\"auto\">Predsjednik Me\u0161ihata IZ-e u Srbiji muftija dr. Mevlud ef. Dudi\u0107 je na konferenciji uzeo u\u010de\u0161\u0107e u pratnji generalnig sekretara Me\u0161ihata Samira \u0160krijelja. Muftija Dudi\u0107 je u svom obra\u0107anju govorio o zna\u010daju pravilnog razumijevanja islama kao misije milosti i mira. Podsjetio je na koji na\u010din se muslimani u Srbiji nose sa izazovima, podsje\u0107aju\u0107i da je rije\u010d selam izvedenica iz islama i tamo gdje je selam tu je sre\u0107a za sve.<\/div>\n<div dir=\"auto\">Konferencija \u0107e se u dva narodna dana nastaviti u Groznom \u2013 glavnom gradu \u010ce\u010denije.<\/div>\n<div dir=\"auto\"><em><img loading=\"lazy\" decoding=\"async\" class=\"size-full wp-image-47096\" src=\"https:\/\/mesihat.org\/wp-content\/uploads\/2019\/03\/96471cff-a039-45fe-a140-9af54aa2a71d.jpg\" width=\"768\" height=\"1024\" \/><img loading=\"lazy\" decoding=\"async\" class=\"size-full wp-image-47094\" src=\"https:\/\/mesihat.org\/wp-content\/uploads\/2019\/03\/65495a20-4779-4002-90c0-85ac51cee83e.jpg\" width=\"768\" height=\"1024\" \/><img loading=\"lazy\" decoding=\"async\" class=\"size-full wp-image-47093\" src=\"https:\/\/mesihat.org\/wp-content\/uploads\/2019\/03\/21a380f0-9d46-47ea-b94d-dbc912513180.jpg\" width=\"768\" height=\"1024\" \/><img loading=\"lazy\" decoding=\"async\" class=\"size-full wp-image-47092\" src=\"https:\/\/mesihat.org\/wp-content\/uploads\/2019\/03\/75e5b59d-1439-4c4e-8472-7dec85e5b6b0.jpg\" sizes=\"(max-width: 761px) 100vw, 761px\" srcset=\"https:\/\/mesihat.org\/wp-content\/uploads\/2019\/03\/75e5b59d-1439-4c4e-8472-7dec85e5b6b0.jpg 761w, https:\/\/mesihat.org\/wp-content\/uploads\/2019\/03\/75e5b59d-1439-4c4e-8472-7dec85e5b6b0-150x150.jpg 150w, https:\/\/mesihat.org\/wp-content\/uploads\/2019\/03\/75e5b59d-1439-4c4e-8472-7dec85e5b6b0-768x775.jpg 768w, https:\/\/mesihat.org\/wp-content\/uploads\/2019\/03\/75e5b59d-1439-4c4e-8472-7dec85e5b6b0-125x125.jpg 125w\" width=\"761\" height=\"768\" \/><img loading=\"lazy\" decoding=\"async\" class=\"size-full wp-image-47091\" src=\"https:\/\/mesihat.org\/wp-content\/uploads\/2019\/03\/89f122ec-2085-45a5-8dfb-45ee7bcd8cc8.jpg\" sizes=\"(max-width: 548px) 100vw, 548px\" srcset=\"https:\/\/mesihat.org\/wp-content\/uploads\/2019\/03\/89f122ec-2085-45a5-8dfb-45ee7bcd8cc8.jpg 548w, https:\/\/mesihat.org\/wp-content\/uploads\/2019\/03\/89f122ec-2085-45a5-8dfb-45ee7bcd8cc8-768x1435.jpg 768w\" width=\"548\" height=\"1024\" \/><img loading=\"lazy\" decoding=\"async\" class=\"size-full wp-image-47098\" src=\"https:\/\/mesihat.org\/wp-content\/uploads\/2019\/03\/47ee0d38-3eec-41fe-af6a-3d45a373a75a.jpg\" sizes=\"(max-width: 534px) 100vw, 534px\" srcset=\"https:\/\/mesihat.org\/wp-content\/uploads\/2019\/03\/47ee0d38-3eec-41fe-af6a-3d45a373a75a.jpg 534w, https:\/\/mesihat.org\/wp-content\/uploads\/2019\/03\/47ee0d38-3eec-41fe-af6a-3d45a373a75a-768x1472.jpg 768w\" width=\"534\" height=\"1024\" \/><img loading=\"lazy\" decoding=\"async\" class=\"size-full wp-image-47099\" src=\"https:\/\/mesihat.org\/wp-content\/uploads\/2019\/03\/97cfd9c6-92a3-410f-8e48-c769879d2787.jpg\" width=\"768\" height=\"1024\" \/><img loading=\"lazy\" decoding=\"async\" class=\"size-full wp-image-47101\" src=\"https:\/\/mesihat.org\/wp-content\/uploads\/2019\/03\/24d4328a-e621-44ec-8932-bc7e49202939.jpg\" width=\"768\" height=\"1024\" \/><img loading=\"lazy\" decoding=\"async\" class=\"size-full wp-image-47097\" src=\"https:\/\/mesihat.org\/wp-content\/uploads\/2019\/03\/7e572da7-ae5f-424f-b0c8-dc8f965a723b.jpg\" width=\"768\" height=\"1024\" \/><img loading=\"lazy\" decoding=\"async\" class=\"size-full wp-image-47100\" src=\"https:\/\/mesihat.org\/wp-content\/uploads\/2019\/03\/8392a7e6-786e-48c6-96e6-c4f8ac0ba7b3.jpg\" width=\"768\" height=\"1024\" \/><\/em><\/div>\n<\/div>\n<div dir=\"auto\">\u00a0<\/div>\n<div dir=\"auto\"><em>mesihat.org<\/em><\/div>\n","protected":false},"excerpt":{"rendered":"<p>U organizaciji Svjetske muslimanske lige \u2013 Rabite i Islamske zajednice \u010ce\u010denije danas 28.03.2019. godine po\u010dela je me\u0111unarodna konferencija u Moskvi na temu \u201cIslam \u2013 poruka milosti i mira\u201d na kojoj prisustvuje 240 u\u010desnika iz 43 dr\u017eave.\u00a0 Prilikom otvaranja konferencije prisutnima se u ime doma\u0107ina obratio vrhovni muftija \u010ce\u010denije Salah Me\u017eiev Mitevi\u010d te generalni sekretar Rabite [&hellip;]<\/p>\n","protected":false},"author":509,"featured_media":220652,"comment_status":"open","ping_status":"open","sticky":false,"template":"","format":"standard","meta":{"footnotes":""},"categories":[72,10512,802,8957],"tags":[],"class_list":{"0":"post-220650","1":"post","2":"type-post","3":"status-publish","4":"format-standard","5":"has-post-thumbnail","7":"category-novi-pazar","8":"category-islamski-svijet","9":"category-islamska_zajednica","10":"category-vijesti-dana"},"yoast_head":"<!-- This site is optimized with the Yoast SEO Premium plugin v23.1 (Yoast SEO v24.9) - https:\/\/yoast.com\/wordpress\/plugins\/seo\/ -->\n<title>Po\u010dela islamska konferencija u Moskvi<\/title>\n<meta name=\"robots\" content=\"index, follow, max-snippet:-1, max-image-preview:large, max-video-preview:-1\" \/>\n<link rel=\"canonical\" href=\"https:\/\/sandzakpress.net\/arhiva\/pocela-islamska-konferencija-u-moskvi\/\" \/>\n<meta property=\"og:locale\" content=\"bs_BA\" \/>\n<meta property=\"og:type\" content=\"article\" \/>\n<meta property=\"og:title\" content=\"Po\u010dela islamska konferencija u Moskvi\" \/>\n<meta property=\"og:description\" content=\"U organizaciji Svjetske muslimanske lige \u2013 Rabite i Islamske zajednice \u010ce\u010denije danas 28.03.2019. godine po\u010dela je me\u0111unarodna konferencija u Moskvi na temu \u201cIslam \u2013 poruka milosti i mira\u201d na kojoj prisustvuje 240 u\u010desnika iz 43 dr\u017eave.\u00a0 Prilikom otvaranja konferencije prisutnima se u ime doma\u0107ina obratio vrhovni muftija \u010ce\u010denije Salah Me\u017eiev Mitevi\u010d te generalni sekretar Rabite [&hellip;]\" \/>\n<meta property=\"og:url\" content=\"https:\/\/sandzakpress.net\/arhiva\/pocela-islamska-konferencija-u-moskvi\/\" \/>\n<meta property=\"og:site_name\" content=\"Sand\u017eak PRESS\" \/>\n<meta property=\"article:published_time\" content=\"2019-03-28T18:24:49+00:00\" \/>\n<meta property=\"og:image\" content=\"https:\/\/sandzakpress.net\/arhiva\/wp-content\/uploads\/2019\/03\/c07e3b48-8fa6-4f61-ab04-e306f2f9bf6e.jpg\" \/>\n\t<meta property=\"og:image:width\" content=\"768\" \/>\n\t<meta property=\"og:image:height\" content=\"1024\" \/>\n\t<meta property=\"og:image:type\" content=\"image\/jpeg\" \/>\n<meta name=\"author\" content=\"Agencija\" \/>\n<meta name=\"twitter:card\" content=\"summary_large_image\" \/>\n<meta name=\"twitter:label1\" content=\"Written by\" \/>\n\t<meta name=\"twitter:data1\" content=\"Agencija\" \/>\n\t<meta name=\"twitter:label2\" content=\"Est. reading time\" \/>\n\t<meta name=\"twitter:data2\" content=\"1 minuta\" \/>\n<script type=\"application\/ld+json\" class=\"yoast-schema-graph\">{\"@context\":\"https:\/\/schema.org\",\"@graph\":[{\"@type\":\"Article\",\"@id\":\"https:\/\/sandzakpress.net\/arhiva\/pocela-islamska-konferencija-u-moskvi\/#article\",\"isPartOf\":{\"@id\":\"https:\/\/sandzakpress.net\/arhiva\/pocela-islamska-konferencija-u-moskvi\/\"},\"author\":{\"name\":\"Agencija\",\"@id\":\"https:\/\/sandzakpress.net\/arhiva\/#\/schema\/person\/cb59d7e3ab91ab90dd680ad0305a6185\"},\"headline\":\"Po\u010dela islamska konferencija u Moskvi\",\"datePublished\":\"2019-03-28T18:24:49+00:00\",\"mainEntityOfPage\":{\"@id\":\"https:\/\/sandzakpress.net\/arhiva\/pocela-islamska-konferencija-u-moskvi\/\"},\"wordCount\":198,\"commentCount\":0,\"publisher\":{\"@id\":\"https:\/\/sandzakpress.net\/arhiva\/#\/schema\/person\/6e72b67d6e51910a1117b3b483ba20bd\"},\"image\":{\"@id\":\"https:\/\/sandzakpress.net\/arhiva\/pocela-islamska-konferencija-u-moskvi\/#primaryimage\"},\"thumbnailUrl\":\"https:\/\/sandzakpress.net\/arhiva\/wp-content\/uploads\/2019\/03\/c07e3b48-8fa6-4f61-ab04-e306f2f9bf6e.jpg\",\"articleSection\":[\"Novi Pazar\",\"Islamski svijet\",\"Islamska zajednica\",\"VIJESTI DANA\"],\"inLanguage\":\"bs-BA\",\"potentialAction\":[{\"@type\":\"CommentAction\",\"name\":\"Comment\",\"target\":[\"https:\/\/sandzakpress.net\/arhiva\/pocela-islamska-konferencija-u-moskvi\/#respond\"]}]},{\"@type\":\"WebPage\",\"@id\":\"https:\/\/sandzakpress.net\/arhiva\/pocela-islamska-konferencija-u-moskvi\/\",\"url\":\"https:\/\/sandzakpress.net\/arhiva\/pocela-islamska-konferencija-u-moskvi\/\",\"name\":\"Po\u010dela islamska konferencija u Moskvi\",\"isPartOf\":{\"@id\":\"https:\/\/sandzakpress.net\/arhiva\/#website\"},\"primaryImageOfPage\":{\"@id\":\"https:\/\/sandzakpress.net\/arhiva\/pocela-islamska-konferencija-u-moskvi\/#primaryimage\"},\"image\":{\"@id\":\"https:\/\/sandzakpress.net\/arhiva\/pocela-islamska-konferencija-u-moskvi\/#primaryimage\"},\"thumbnailUrl\":\"https:\/\/sandzakpress.net\/arhiva\/wp-content\/uploads\/2019\/03\/c07e3b48-8fa6-4f61-ab04-e306f2f9bf6e.jpg\",\"datePublished\":\"2019-03-28T18:24:49+00:00\",\"breadcrumb\":{\"@id\":\"https:\/\/sandzakpress.net\/arhiva\/pocela-islamska-konferencija-u-moskvi\/#breadcrumb\"},\"inLanguage\":\"bs-BA\",\"potentialAction\":[{\"@type\":\"ReadAction\",\"target\":[\"https:\/\/sandzakpress.net\/arhiva\/pocela-islamska-konferencija-u-moskvi\/\"]}]},{\"@type\":\"ImageObject\",\"inLanguage\":\"bs-BA\",\"@id\":\"https:\/\/sandzakpress.net\/arhiva\/pocela-islamska-konferencija-u-moskvi\/#primaryimage\",\"url\":\"https:\/\/sandzakpress.net\/arhiva\/wp-content\/uploads\/2019\/03\/c07e3b48-8fa6-4f61-ab04-e306f2f9bf6e.jpg\",\"contentUrl\":\"https:\/\/sandzakpress.net\/arhiva\/wp-content\/uploads\/2019\/03\/c07e3b48-8fa6-4f61-ab04-e306f2f9bf6e.jpg\",\"width\":768,\"height\":1024},{\"@type\":\"BreadcrumbList\",\"@id\":\"https:\/\/sandzakpress.net\/arhiva\/pocela-islamska-konferencija-u-moskvi\/#breadcrumb\",\"itemListElement\":[{\"@type\":\"ListItem\",\"position\":1,\"name\":\"Home\",\"item\":\"https:\/\/sandzakpress.net\/arhiva\/\"},{\"@type\":\"ListItem\",\"position\":2,\"name\":\"Po\u010dela islamska konferencija u Moskvi\"}]},{\"@type\":\"WebSite\",\"@id\":\"https:\/\/sandzakpress.net\/arhiva\/#website\",\"url\":\"https:\/\/sandzakpress.net\/arhiva\/\",\"name\":\"Sand\u017eak PRESS\",\"description\":\"Prve elektronske novine u Sand\u017eaku\",\"publisher\":{\"@id\":\"https:\/\/sandzakpress.net\/arhiva\/#\/schema\/person\/6e72b67d6e51910a1117b3b483ba20bd\"},\"potentialAction\":[{\"@type\":\"SearchAction\",\"target\":{\"@type\":\"EntryPoint\",\"urlTemplate\":\"https:\/\/sandzakpress.net\/arhiva\/?s={search_term_string}\"},\"query-input\":{\"@type\":\"PropertyValueSpecification\",\"valueRequired\":true,\"valueName\":\"search_term_string\"}}],\"inLanguage\":\"bs-BA\"},{\"@type\":[\"Person\",\"Organization\"],\"@id\":\"https:\/\/sandzakpress.net\/arhiva\/#\/schema\/person\/6e72b67d6e51910a1117b3b483ba20bd\",\"name\":\"Kul\",\"image\":{\"@type\":\"ImageObject\",\"inLanguage\":\"bs-BA\",\"@id\":\"https:\/\/sandzakpress.net\/arhiva\/#\/schema\/person\/image\/\",\"url\":\"https:\/\/secure.gravatar.com\/avatar\/42263f39aa27ac04c43cab85c280eb2e?s=96&d=mm&r=pg\",\"contentUrl\":\"https:\/\/secure.gravatar.com\/avatar\/42263f39aa27ac04c43cab85c280eb2e?s=96&d=mm&r=pg\",\"caption\":\"Kul\"},\"logo\":{\"@id\":\"https:\/\/sandzakpress.net\/arhiva\/#\/schema\/person\/image\/\"}},{\"@type\":\"Person\",\"@id\":\"https:\/\/sandzakpress.net\/arhiva\/#\/schema\/person\/cb59d7e3ab91ab90dd680ad0305a6185\",\"name\":\"Agencija\",\"image\":{\"@type\":\"ImageObject\",\"inLanguage\":\"bs-BA\",\"@id\":\"https:\/\/sandzakpress.net\/arhiva\/#\/schema\/person\/image\/\",\"url\":\"https:\/\/secure.gravatar.com\/avatar\/4b7fafa80a22f0c2afe23966b3961fe0?s=96&d=mm&r=pg\",\"contentUrl\":\"https:\/\/secure.gravatar.com\/avatar\/4b7fafa80a22f0c2afe23966b3961fe0?s=96&d=mm&r=pg\",\"caption\":\"Agencija\"},\"url\":\"https:\/\/sandzakpress.net\/arhiva\/author\/agencija\/\"}]}<\/script>\n<!-- \/ Yoast SEO Premium plugin. -->","yoast_head_json":{"title":"Po\u010dela islamska konferencija u Moskvi","robots":{"index":"index","follow":"follow","max-snippet":"max-snippet:-1","max-image-preview":"max-image-preview:large","max-video-preview":"max-video-preview:-1"},"canonical":"https:\/\/sandzakpress.net\/arhiva\/pocela-islamska-konferencija-u-moskvi\/","og_locale":"bs_BA","og_type":"article","og_title":"Po\u010dela islamska konferencija u Moskvi","og_description":"U organizaciji Svjetske muslimanske lige \u2013 Rabite i Islamske zajednice \u010ce\u010denije danas 28.03.2019. godine po\u010dela je me\u0111unarodna konferencija u Moskvi na temu \u201cIslam \u2013 poruka milosti i mira\u201d na kojoj prisustvuje 240 u\u010desnika iz 43 dr\u017eave.\u00a0 Prilikom otvaranja konferencije prisutnima se u ime doma\u0107ina obratio vrhovni muftija \u010ce\u010denije Salah Me\u017eiev Mitevi\u010d te generalni sekretar Rabite [&hellip;]","og_url":"https:\/\/sandzakpress.net\/arhiva\/pocela-islamska-konferencija-u-moskvi\/","og_site_name":"Sand\u017eak PRESS","article_published_time":"2019-03-28T18:24:49+00:00","og_image":[{"width":768,"height":1024,"url":"https:\/\/sandzakpress.net\/arhiva\/wp-content\/uploads\/2019\/03\/c07e3b48-8fa6-4f61-ab04-e306f2f9bf6e.jpg","type":"image\/jpeg"}],"author":"Agencija","twitter_card":"summary_large_image","twitter_misc":{"Written by":"Agencija","Est. reading time":"1 minuta"},"schema":{"@context":"https:\/\/schema.org","@graph":[{"@type":"Article","@id":"https:\/\/sandzakpress.net\/arhiva\/pocela-islamska-konferencija-u-moskvi\/#article","isPartOf":{"@id":"https:\/\/sandzakpress.net\/arhiva\/pocela-islamska-konferencija-u-moskvi\/"},"author":{"name":"Agencija","@id":"https:\/\/sandzakpress.net\/arhiva\/#\/schema\/person\/cb59d7e3ab91ab90dd680ad0305a6185"},"headline":"Po\u010dela islamska konferencija u Moskvi","datePublished":"2019-03-28T18:24:49+00:00","mainEntityOfPage":{"@id":"https:\/\/sandzakpress.net\/arhiva\/pocela-islamska-konferencija-u-moskvi\/"},"wordCount":198,"commentCount":0,"publisher":{"@id":"https:\/\/sandzakpress.net\/arhiva\/#\/schema\/person\/6e72b67d6e51910a1117b3b483ba20bd"},"image":{"@id":"https:\/\/sandzakpress.net\/arhiva\/pocela-islamska-konferencija-u-moskvi\/#primaryimage"},"thumbnailUrl":"https:\/\/sandzakpress.net\/arhiva\/wp-content\/uploads\/2019\/03\/c07e3b48-8fa6-4f61-ab04-e306f2f9bf6e.jpg","articleSection":["Novi Pazar","Islamski svijet","Islamska zajednica","VIJESTI DANA"],"inLanguage":"bs-BA","potentialAction":[{"@type":"CommentAction","name":"Comment","target":["https:\/\/sandzakpress.net\/arhiva\/pocela-islamska-konferencija-u-moskvi\/#respond"]}]},{"@type":"WebPage","@id":"https:\/\/sandzakpress.net\/arhiva\/pocela-islamska-konferencija-u-moskvi\/","url":"https:\/\/sandzakpress.net\/arhiva\/pocela-islamska-konferencija-u-moskvi\/","name":"Po\u010dela islamska konferencija u Moskvi","isPartOf":{"@id":"https:\/\/sandzakpress.net\/arhiva\/#website"},"primaryImageOfPage":{"@id":"https:\/\/sandzakpress.net\/arhiva\/pocela-islamska-konferencija-u-moskvi\/#primaryimage"},"image":{"@id":"https:\/\/sandzakpress.net\/arhiva\/pocela-islamska-konferencija-u-moskvi\/#primaryimage"},"thumbnailUrl":"https:\/\/sandzakpress.net\/arhiva\/wp-content\/uploads\/2019\/03\/c07e3b48-8fa6-4f61-ab04-e306f2f9bf6e.jpg","datePublished":"2019-03-28T18:24:49+00:00","breadcrumb":{"@id":"https:\/\/sandzakpress.net\/arhiva\/pocela-islamska-konferencija-u-moskvi\/#breadcrumb"},"inLanguage":"bs-BA","potentialAction":[{"@type":"ReadAction","target":["https:\/\/sandzakpress.net\/arhiva\/pocela-islamska-konferencija-u-moskvi\/"]}]},{"@type":"ImageObject","inLanguage":"bs-BA","@id":"https:\/\/sandzakpress.net\/arhiva\/pocela-islamska-konferencija-u-moskvi\/#primaryimage","url":"https:\/\/sandzakpress.net\/arhiva\/wp-content\/uploads\/2019\/03\/c07e3b48-8fa6-4f61-ab04-e306f2f9bf6e.jpg","contentUrl":"https:\/\/sandzakpress.net\/arhiva\/wp-content\/uploads\/2019\/03\/c07e3b48-8fa6-4f61-ab04-e306f2f9bf6e.jpg","width":768,"height":1024},{"@type":"BreadcrumbList","@id":"https:\/\/sandzakpress.net\/arhiva\/pocela-islamska-konferencija-u-moskvi\/#breadcrumb","itemListElement":[{"@type":"ListItem","position":1,"name":"Home","item":"https:\/\/sandzakpress.net\/arhiva\/"},{"@type":"ListItem","position":2,"name":"Po\u010dela islamska konferencija u Moskvi"}]},{"@type":"WebSite","@id":"https:\/\/sandzakpress.net\/arhiva\/#website","url":"https:\/\/sandzakpress.net\/arhiva\/","name":"Sand\u017eak PRESS","description":"Prve elektronske novine u Sand\u017eaku","publisher":{"@id":"https:\/\/sandzakpress.net\/arhiva\/#\/schema\/person\/6e72b67d6e51910a1117b3b483ba20bd"},"potentialAction":[{"@type":"SearchAction","target":{"@type":"EntryPoint","urlTemplate":"https:\/\/sandzakpress.net\/arhiva\/?s={search_term_string}"},"query-input":{"@type":"PropertyValueSpecification","valueRequired":true,"valueName":"search_term_string"}}],"inLanguage":"bs-BA"},{"@type":["Person","Organization"],"@id":"https:\/\/sandzakpress.net\/arhiva\/#\/schema\/person\/6e72b67d6e51910a1117b3b483ba20bd","name":"Kul","image":{"@type":"ImageObject","inLanguage":"bs-BA","@id":"https:\/\/sandzakpress.net\/arhiva\/#\/schema\/person\/image\/","url":"https:\/\/secure.gravatar.com\/avatar\/42263f39aa27ac04c43cab85c280eb2e?s=96&d=mm&r=pg","contentUrl":"https:\/\/secure.gravatar.com\/avatar\/42263f39aa27ac04c43cab85c280eb2e?s=96&d=mm&r=pg","caption":"Kul"},"logo":{"@id":"https:\/\/sandzakpress.net\/arhiva\/#\/schema\/person\/image\/"}},{"@type":"Person","@id":"https:\/\/sandzakpress.net\/arhiva\/#\/schema\/person\/cb59d7e3ab91ab90dd680ad0305a6185","name":"Agencija","image":{"@type":"ImageObject","inLanguage":"bs-BA","@id":"https:\/\/sandzakpress.net\/arhiva\/#\/schema\/person\/image\/","url":"https:\/\/secure.gravatar.com\/avatar\/4b7fafa80a22f0c2afe23966b3961fe0?s=96&d=mm&r=pg","contentUrl":"https:\/\/secure.gravatar.com\/avatar\/4b7fafa80a22f0c2afe23966b3961fe0?s=96&d=mm&r=pg","caption":"Agencija"},"url":"https:\/\/sandzakpress.net\/arhiva\/author\/agencija\/"}]}},"_links":{"self":[{"href":"https:\/\/sandzakpress.net\/arhiva\/wp-json\/wp\/v2\/posts\/220650"}],"collection":[{"href":"https:\/\/sandzakpress.net\/arhiva\/wp-json\/wp\/v2\/posts"}],"about":[{"href":"https:\/\/sandzakpress.net\/arhiva\/wp-json\/wp\/v2\/types\/post"}],"author":[{"embeddable":true,"href":"https:\/\/sandzakpress.net\/arhiva\/wp-json\/wp\/v2\/users\/509"}],"replies":[{"embeddable":true,"href":"https:\/\/sandzakpress.net\/arhiva\/wp-json\/wp\/v2\/comments?post=220650"}],"version-history":[{"count":0,"href":"https:\/\/sandzakpress.net\/arhiva\/wp-json\/wp\/v2\/posts\/220650\/revisions"}],"wp:featuredmedia":[{"embeddable":true,"href":"https:\/\/sandzakpress.net\/arhiva\/wp-json\/wp\/v2\/media\/220652"}],"wp:attachment":[{"href":"https:\/\/sandzakpress.net\/arhiva\/wp-json\/wp\/v2\/media?parent=220650"}],"wp:term":[{"taxonomy":"category","embeddable":true,"href":"https:\/\/sandzakpress.net\/arhiva\/wp-json\/wp\/v2\/categories?post=220650"},{"taxonomy":"post_tag","embeddable":true,"href":"https:\/\/sandzakpress.net\/arhiva\/wp-json\/wp\/v2\/tags?post=220650"}],"curies":[{"name":"wp","href":"https:\/\/api.w.org\/{rel}","templated":true}]}}