{"id":220427,"date":"2019-03-25T16:54:33","date_gmt":"2019-03-25T15:54:33","guid":{"rendered":"https:\/\/sandzakpress.net\/arhiva\/?p=220427"},"modified":"2019-03-25T16:54:33","modified_gmt":"2019-03-25T15:54:33","slug":"predsjednik-mesihata-u-subotici-sa-gradonacelnikom-nacelnikom-policije-i-upravom-medzlisa","status":"publish","type":"post","link":"https:\/\/sandzakpress.net\/arhiva\/predsjednik-mesihata-u-subotici-sa-gradonacelnikom-nacelnikom-policije-i-upravom-medzlisa\/","title":{"rendered":"Predsjednik Me\u0161ihata u Subotici sa gradona\u010delnikom, na\u010delnikom Policije i upravom Med\u017elisa"},"content":{"rendered":"<p><img decoding=\"async\" src=\"https:\/\/mesihat.org\/wp-content\/uploads\/2019\/03\/307158af-8c7e-4096-b2be-bc12e9f34eb9.jpg\" \/><\/p>\n<p>Dana 25.03.2019. godine delegacija Me\u0161ihata Islamske zajednice u Srbiji predvo\u0111ena muftijom dr. Mevlud ef. Dudi\u0107em bila je u posjeti Med\u017elisu Islamske zajednice Subotica. Muftija Dudi\u0107 je odr\u017eao sastanak sa predsjednikom Med\u017elisa Ibazerom Uzairijem i d\u017eematlijama u vezi sa lijepljenjem islamofobi\u010dnih naljepnica sa precrtanom d\u017eamijom. Muftija Dudi\u0107 je istakao brigu za d\u017eematlije i obe\u0107ao svaki vid podr\u0161ke, kako njima tako i uop\u0107e Islamskoj zajednici u Subotici. Pozvao ih je da sa\u010duvaju prisebnost i da nastave sa redovnim posje\u0107ivanjem d\u017eamije na svim namazima, uklju\u010duju\u0107i i d\u017eumu petkom.<\/p>\n<p>Predsjednik Me\u0161ihata je nakon obilaska Med\u017elisa imao i sastanak sa gradona\u010delnikom Subotice Bogdanom Labanom sa kojim je razgovarao o ovom incidentu. Dogovorili su da zajedno rade na o\u010duvanju povjerenja i dobre saradnje suboti\u010dkih vlasti sa Islamskom zajednicom, kao i organiziranju akcija koje se ti\u010du zajedni\u010dkog me\u0111ureligijskog rada na uljep\u0161avanju i ure\u0111enju Subotice, \u0161to doprinosi vjerskoj toleranciji i ja\u010danju su\u017eivota u ovom multinacionalnom gradu. Istovremeno je gradona\u010delnik Laban izrazio zadovoljstvo da posjeti Suboti\u010dki med\u017elis u narednom periodu te iskazao svoju zahvalnost na posjeti muftiji Dudi\u0107u.<\/p>\n<p>Istoga dana predsjednik Me\u0161ihata se sastao sa na\u010delnikom Policijske uprave u Subotici Nenadom Sekuli\u0107em koji je saop\u0107io muftiji Dudi\u0107u da su identifikovali po\u010dinioce, te da \u0107e sve u\u010diniti da se muslimani u ovome gradu osje\u0107aju kao i svi drugi gra\u0111ani.<\/p>\n<p>Delegaciju Me\u0161ihata su pored muftije Dudi\u0107a \u010dinili i Sead ef. \u0160a\u0107irovi\u0107 \u2013 direktor Islamskog centra u Beogradu i Ibazer Uzeiri \u2013 predsjednik Med\u017elisa IZ-e Subotica.<\/p>\n<p>Muftija Dudi\u0107 je nakon posjete Subotici obi\u0161ao radove na objektu Islamske zajednice u Velikom Ritu u Med\u017elisu IZ-e Novi Sad. Tom prilikom izrazio je zadovoljstvo onim \u0161to je vidio i pozvao predstavnike Novosadskog med\u017elisa da poja\u010daju dinamiku radova na pomenutom objektu.<\/p>\n<p><em>Informativna slu\u017eba<\/em><\/p>\n<p><em><img decoding=\"async\" src=\"https:\/\/mesihat.org\/wp-content\/uploads\/2019\/03\/b856c9dc-d9c4-4bfe-93db-907d7f951ecd.jpg\" \/><\/em><\/p>\n","protected":false},"excerpt":{"rendered":"<p>Dana 25.03.2019. godine delegacija Me\u0161ihata Islamske zajednice u Srbiji predvo\u0111ena muftijom dr. Mevlud ef. Dudi\u0107em bila je u posjeti Med\u017elisu Islamske zajednice Subotica. Muftija Dudi\u0107 je odr\u017eao sastanak sa predsjednikom Med\u017elisa Ibazerom Uzairijem i d\u017eematlijama u vezi sa lijepljenjem islamofobi\u010dnih naljepnica sa precrtanom d\u017eamijom. Muftija Dudi\u0107 je istakao brigu za d\u017eematlije i obe\u0107ao svaki vid [&hellip;]<\/p>\n","protected":false},"author":509,"featured_media":220429,"comment_status":"open","ping_status":"open","sticky":false,"template":"","format":"standard","meta":{"footnotes":""},"categories":[72,10307,802,8957],"tags":[],"class_list":{"0":"post-220427","1":"post","2":"type-post","3":"status-publish","4":"format-standard","5":"has-post-thumbnail","7":"category-novi-pazar","8":"category-srbija","9":"category-islamska_zajednica","10":"category-vijesti-dana"},"yoast_head":"<!-- This site is optimized with the Yoast SEO Premium plugin v23.1 (Yoast SEO v24.9) - https:\/\/yoast.com\/wordpress\/plugins\/seo\/ -->\n<title>Predsjednik Me\u0161ihata u Subotici sa gradona\u010delnikom, na\u010delnikom Policije i upravom Med\u017elisa<\/title>\n<meta name=\"robots\" content=\"index, follow, max-snippet:-1, max-image-preview:large, max-video-preview:-1\" \/>\n<link rel=\"canonical\" href=\"https:\/\/sandzakpress.net\/arhiva\/predsjednik-mesihata-u-subotici-sa-gradonacelnikom-nacelnikom-policije-i-upravom-medzlisa\/\" \/>\n<meta property=\"og:locale\" content=\"bs_BA\" \/>\n<meta property=\"og:type\" content=\"article\" \/>\n<meta property=\"og:title\" content=\"Predsjednik Me\u0161ihata u Subotici sa gradona\u010delnikom, na\u010delnikom Policije i upravom Med\u017elisa\" \/>\n<meta property=\"og:description\" content=\"Dana 25.03.2019. godine delegacija Me\u0161ihata Islamske zajednice u Srbiji predvo\u0111ena muftijom dr. Mevlud ef. Dudi\u0107em bila je u posjeti Med\u017elisu Islamske zajednice Subotica. Muftija Dudi\u0107 je odr\u017eao sastanak sa predsjednikom Med\u017elisa Ibazerom Uzairijem i d\u017eematlijama u vezi sa lijepljenjem islamofobi\u010dnih naljepnica sa precrtanom d\u017eamijom. Muftija Dudi\u0107 je istakao brigu za d\u017eematlije i obe\u0107ao svaki vid [&hellip;]\" \/>\n<meta property=\"og:url\" content=\"https:\/\/sandzakpress.net\/arhiva\/predsjednik-mesihata-u-subotici-sa-gradonacelnikom-nacelnikom-policije-i-upravom-medzlisa\/\" \/>\n<meta property=\"og:site_name\" content=\"Sand\u017eak PRESS\" \/>\n<meta property=\"article:published_time\" content=\"2019-03-25T15:54:33+00:00\" \/>\n<meta property=\"og:image\" content=\"https:\/\/sandzakpress.net\/arhiva\/wp-content\/uploads\/2019\/03\/307158af-8c7e-4096-b2be-bc12e9f34eb9.jpg\" \/>\n\t<meta property=\"og:image:width\" content=\"793\" \/>\n\t<meta property=\"og:image:height\" content=\"780\" \/>\n\t<meta property=\"og:image:type\" content=\"image\/jpeg\" \/>\n<meta name=\"author\" content=\"Agencija\" \/>\n<meta name=\"twitter:card\" content=\"summary_large_image\" \/>\n<meta name=\"twitter:label1\" content=\"Written by\" \/>\n\t<meta name=\"twitter:data1\" content=\"Agencija\" \/>\n\t<meta name=\"twitter:label2\" content=\"Est. reading time\" \/>\n\t<meta name=\"twitter:data2\" content=\"2 minute\" \/>\n<script type=\"application\/ld+json\" class=\"yoast-schema-graph\">{\"@context\":\"https:\/\/schema.org\",\"@graph\":[{\"@type\":\"Article\",\"@id\":\"https:\/\/sandzakpress.net\/arhiva\/predsjednik-mesihata-u-subotici-sa-gradonacelnikom-nacelnikom-policije-i-upravom-medzlisa\/#article\",\"isPartOf\":{\"@id\":\"https:\/\/sandzakpress.net\/arhiva\/predsjednik-mesihata-u-subotici-sa-gradonacelnikom-nacelnikom-policije-i-upravom-medzlisa\/\"},\"author\":{\"name\":\"Agencija\",\"@id\":\"https:\/\/sandzakpress.net\/arhiva\/#\/schema\/person\/cb59d7e3ab91ab90dd680ad0305a6185\"},\"headline\":\"Predsjednik Me\u0161ihata u Subotici sa gradona\u010delnikom, na\u010delnikom Policije i upravom Med\u017elisa\",\"datePublished\":\"2019-03-25T15:54:33+00:00\",\"mainEntityOfPage\":{\"@id\":\"https:\/\/sandzakpress.net\/arhiva\/predsjednik-mesihata-u-subotici-sa-gradonacelnikom-nacelnikom-policije-i-upravom-medzlisa\/\"},\"wordCount\":342,\"commentCount\":1,\"publisher\":{\"@id\":\"https:\/\/sandzakpress.net\/arhiva\/#\/schema\/person\/6e72b67d6e51910a1117b3b483ba20bd\"},\"image\":{\"@id\":\"https:\/\/sandzakpress.net\/arhiva\/predsjednik-mesihata-u-subotici-sa-gradonacelnikom-nacelnikom-policije-i-upravom-medzlisa\/#primaryimage\"},\"thumbnailUrl\":\"https:\/\/sandzakpress.net\/arhiva\/wp-content\/uploads\/2019\/03\/307158af-8c7e-4096-b2be-bc12e9f34eb9.jpg\",\"articleSection\":[\"Novi Pazar\",\"Srbija\",\"Islamska zajednica\",\"VIJESTI DANA\"],\"inLanguage\":\"bs-BA\",\"potentialAction\":[{\"@type\":\"CommentAction\",\"name\":\"Comment\",\"target\":[\"https:\/\/sandzakpress.net\/arhiva\/predsjednik-mesihata-u-subotici-sa-gradonacelnikom-nacelnikom-policije-i-upravom-medzlisa\/#respond\"]}]},{\"@type\":\"WebPage\",\"@id\":\"https:\/\/sandzakpress.net\/arhiva\/predsjednik-mesihata-u-subotici-sa-gradonacelnikom-nacelnikom-policije-i-upravom-medzlisa\/\",\"url\":\"https:\/\/sandzakpress.net\/arhiva\/predsjednik-mesihata-u-subotici-sa-gradonacelnikom-nacelnikom-policije-i-upravom-medzlisa\/\",\"name\":\"Predsjednik Me\u0161ihata u Subotici sa gradona\u010delnikom, na\u010delnikom Policije i upravom Med\u017elisa\",\"isPartOf\":{\"@id\":\"https:\/\/sandzakpress.net\/arhiva\/#website\"},\"primaryImageOfPage\":{\"@id\":\"https:\/\/sandzakpress.net\/arhiva\/predsjednik-mesihata-u-subotici-sa-gradonacelnikom-nacelnikom-policije-i-upravom-medzlisa\/#primaryimage\"},\"image\":{\"@id\":\"https:\/\/sandzakpress.net\/arhiva\/predsjednik-mesihata-u-subotici-sa-gradonacelnikom-nacelnikom-policije-i-upravom-medzlisa\/#primaryimage\"},\"thumbnailUrl\":\"https:\/\/sandzakpress.net\/arhiva\/wp-content\/uploads\/2019\/03\/307158af-8c7e-4096-b2be-bc12e9f34eb9.jpg\",\"datePublished\":\"2019-03-25T15:54:33+00:00\",\"breadcrumb\":{\"@id\":\"https:\/\/sandzakpress.net\/arhiva\/predsjednik-mesihata-u-subotici-sa-gradonacelnikom-nacelnikom-policije-i-upravom-medzlisa\/#breadcrumb\"},\"inLanguage\":\"bs-BA\",\"potentialAction\":[{\"@type\":\"ReadAction\",\"target\":[\"https:\/\/sandzakpress.net\/arhiva\/predsjednik-mesihata-u-subotici-sa-gradonacelnikom-nacelnikom-policije-i-upravom-medzlisa\/\"]}]},{\"@type\":\"ImageObject\",\"inLanguage\":\"bs-BA\",\"@id\":\"https:\/\/sandzakpress.net\/arhiva\/predsjednik-mesihata-u-subotici-sa-gradonacelnikom-nacelnikom-policije-i-upravom-medzlisa\/#primaryimage\",\"url\":\"https:\/\/sandzakpress.net\/arhiva\/wp-content\/uploads\/2019\/03\/307158af-8c7e-4096-b2be-bc12e9f34eb9.jpg\",\"contentUrl\":\"https:\/\/sandzakpress.net\/arhiva\/wp-content\/uploads\/2019\/03\/307158af-8c7e-4096-b2be-bc12e9f34eb9.jpg\",\"width\":793,\"height\":780},{\"@type\":\"BreadcrumbList\",\"@id\":\"https:\/\/sandzakpress.net\/arhiva\/predsjednik-mesihata-u-subotici-sa-gradonacelnikom-nacelnikom-policije-i-upravom-medzlisa\/#breadcrumb\",\"itemListElement\":[{\"@type\":\"ListItem\",\"position\":1,\"name\":\"Home\",\"item\":\"https:\/\/sandzakpress.net\/arhiva\/\"},{\"@type\":\"ListItem\",\"position\":2,\"name\":\"Predsjednik Me\u0161ihata u Subotici sa gradona\u010delnikom, na\u010delnikom Policije i upravom Med\u017elisa\"}]},{\"@type\":\"WebSite\",\"@id\":\"https:\/\/sandzakpress.net\/arhiva\/#website\",\"url\":\"https:\/\/sandzakpress.net\/arhiva\/\",\"name\":\"Sand\u017eak PRESS\",\"description\":\"Prve elektronske novine u Sand\u017eaku\",\"publisher\":{\"@id\":\"https:\/\/sandzakpress.net\/arhiva\/#\/schema\/person\/6e72b67d6e51910a1117b3b483ba20bd\"},\"potentialAction\":[{\"@type\":\"SearchAction\",\"target\":{\"@type\":\"EntryPoint\",\"urlTemplate\":\"https:\/\/sandzakpress.net\/arhiva\/?s={search_term_string}\"},\"query-input\":{\"@type\":\"PropertyValueSpecification\",\"valueRequired\":true,\"valueName\":\"search_term_string\"}}],\"inLanguage\":\"bs-BA\"},{\"@type\":[\"Person\",\"Organization\"],\"@id\":\"https:\/\/sandzakpress.net\/arhiva\/#\/schema\/person\/6e72b67d6e51910a1117b3b483ba20bd\",\"name\":\"Kul\",\"image\":{\"@type\":\"ImageObject\",\"inLanguage\":\"bs-BA\",\"@id\":\"https:\/\/sandzakpress.net\/arhiva\/#\/schema\/person\/image\/\",\"url\":\"https:\/\/secure.gravatar.com\/avatar\/42263f39aa27ac04c43cab85c280eb2e?s=96&d=mm&r=pg\",\"contentUrl\":\"https:\/\/secure.gravatar.com\/avatar\/42263f39aa27ac04c43cab85c280eb2e?s=96&d=mm&r=pg\",\"caption\":\"Kul\"},\"logo\":{\"@id\":\"https:\/\/sandzakpress.net\/arhiva\/#\/schema\/person\/image\/\"}},{\"@type\":\"Person\",\"@id\":\"https:\/\/sandzakpress.net\/arhiva\/#\/schema\/person\/cb59d7e3ab91ab90dd680ad0305a6185\",\"name\":\"Agencija\",\"image\":{\"@type\":\"ImageObject\",\"inLanguage\":\"bs-BA\",\"@id\":\"https:\/\/sandzakpress.net\/arhiva\/#\/schema\/person\/image\/\",\"url\":\"https:\/\/secure.gravatar.com\/avatar\/4b7fafa80a22f0c2afe23966b3961fe0?s=96&d=mm&r=pg\",\"contentUrl\":\"https:\/\/secure.gravatar.com\/avatar\/4b7fafa80a22f0c2afe23966b3961fe0?s=96&d=mm&r=pg\",\"caption\":\"Agencija\"},\"url\":\"https:\/\/sandzakpress.net\/arhiva\/author\/agencija\/\"}]}<\/script>\n<!-- \/ Yoast SEO Premium plugin. -->","yoast_head_json":{"title":"Predsjednik Me\u0161ihata u Subotici sa gradona\u010delnikom, na\u010delnikom Policije i upravom Med\u017elisa","robots":{"index":"index","follow":"follow","max-snippet":"max-snippet:-1","max-image-preview":"max-image-preview:large","max-video-preview":"max-video-preview:-1"},"canonical":"https:\/\/sandzakpress.net\/arhiva\/predsjednik-mesihata-u-subotici-sa-gradonacelnikom-nacelnikom-policije-i-upravom-medzlisa\/","og_locale":"bs_BA","og_type":"article","og_title":"Predsjednik Me\u0161ihata u Subotici sa gradona\u010delnikom, na\u010delnikom Policije i upravom Med\u017elisa","og_description":"Dana 25.03.2019. godine delegacija Me\u0161ihata Islamske zajednice u Srbiji predvo\u0111ena muftijom dr. Mevlud ef. Dudi\u0107em bila je u posjeti Med\u017elisu Islamske zajednice Subotica. Muftija Dudi\u0107 je odr\u017eao sastanak sa predsjednikom Med\u017elisa Ibazerom Uzairijem i d\u017eematlijama u vezi sa lijepljenjem islamofobi\u010dnih naljepnica sa precrtanom d\u017eamijom. Muftija Dudi\u0107 je istakao brigu za d\u017eematlije i obe\u0107ao svaki vid [&hellip;]","og_url":"https:\/\/sandzakpress.net\/arhiva\/predsjednik-mesihata-u-subotici-sa-gradonacelnikom-nacelnikom-policije-i-upravom-medzlisa\/","og_site_name":"Sand\u017eak PRESS","article_published_time":"2019-03-25T15:54:33+00:00","og_image":[{"width":793,"height":780,"url":"https:\/\/sandzakpress.net\/arhiva\/wp-content\/uploads\/2019\/03\/307158af-8c7e-4096-b2be-bc12e9f34eb9.jpg","type":"image\/jpeg"}],"author":"Agencija","twitter_card":"summary_large_image","twitter_misc":{"Written by":"Agencija","Est. reading time":"2 minute"},"schema":{"@context":"https:\/\/schema.org","@graph":[{"@type":"Article","@id":"https:\/\/sandzakpress.net\/arhiva\/predsjednik-mesihata-u-subotici-sa-gradonacelnikom-nacelnikom-policije-i-upravom-medzlisa\/#article","isPartOf":{"@id":"https:\/\/sandzakpress.net\/arhiva\/predsjednik-mesihata-u-subotici-sa-gradonacelnikom-nacelnikom-policije-i-upravom-medzlisa\/"},"author":{"name":"Agencija","@id":"https:\/\/sandzakpress.net\/arhiva\/#\/schema\/person\/cb59d7e3ab91ab90dd680ad0305a6185"},"headline":"Predsjednik Me\u0161ihata u Subotici sa gradona\u010delnikom, na\u010delnikom Policije i upravom Med\u017elisa","datePublished":"2019-03-25T15:54:33+00:00","mainEntityOfPage":{"@id":"https:\/\/sandzakpress.net\/arhiva\/predsjednik-mesihata-u-subotici-sa-gradonacelnikom-nacelnikom-policije-i-upravom-medzlisa\/"},"wordCount":342,"commentCount":1,"publisher":{"@id":"https:\/\/sandzakpress.net\/arhiva\/#\/schema\/person\/6e72b67d6e51910a1117b3b483ba20bd"},"image":{"@id":"https:\/\/sandzakpress.net\/arhiva\/predsjednik-mesihata-u-subotici-sa-gradonacelnikom-nacelnikom-policije-i-upravom-medzlisa\/#primaryimage"},"thumbnailUrl":"https:\/\/sandzakpress.net\/arhiva\/wp-content\/uploads\/2019\/03\/307158af-8c7e-4096-b2be-bc12e9f34eb9.jpg","articleSection":["Novi Pazar","Srbija","Islamska zajednica","VIJESTI DANA"],"inLanguage":"bs-BA","potentialAction":[{"@type":"CommentAction","name":"Comment","target":["https:\/\/sandzakpress.net\/arhiva\/predsjednik-mesihata-u-subotici-sa-gradonacelnikom-nacelnikom-policije-i-upravom-medzlisa\/#respond"]}]},{"@type":"WebPage","@id":"https:\/\/sandzakpress.net\/arhiva\/predsjednik-mesihata-u-subotici-sa-gradonacelnikom-nacelnikom-policije-i-upravom-medzlisa\/","url":"https:\/\/sandzakpress.net\/arhiva\/predsjednik-mesihata-u-subotici-sa-gradonacelnikom-nacelnikom-policije-i-upravom-medzlisa\/","name":"Predsjednik Me\u0161ihata u Subotici sa gradona\u010delnikom, na\u010delnikom Policije i upravom Med\u017elisa","isPartOf":{"@id":"https:\/\/sandzakpress.net\/arhiva\/#website"},"primaryImageOfPage":{"@id":"https:\/\/sandzakpress.net\/arhiva\/predsjednik-mesihata-u-subotici-sa-gradonacelnikom-nacelnikom-policije-i-upravom-medzlisa\/#primaryimage"},"image":{"@id":"https:\/\/sandzakpress.net\/arhiva\/predsjednik-mesihata-u-subotici-sa-gradonacelnikom-nacelnikom-policije-i-upravom-medzlisa\/#primaryimage"},"thumbnailUrl":"https:\/\/sandzakpress.net\/arhiva\/wp-content\/uploads\/2019\/03\/307158af-8c7e-4096-b2be-bc12e9f34eb9.jpg","datePublished":"2019-03-25T15:54:33+00:00","breadcrumb":{"@id":"https:\/\/sandzakpress.net\/arhiva\/predsjednik-mesihata-u-subotici-sa-gradonacelnikom-nacelnikom-policije-i-upravom-medzlisa\/#breadcrumb"},"inLanguage":"bs-BA","potentialAction":[{"@type":"ReadAction","target":["https:\/\/sandzakpress.net\/arhiva\/predsjednik-mesihata-u-subotici-sa-gradonacelnikom-nacelnikom-policije-i-upravom-medzlisa\/"]}]},{"@type":"ImageObject","inLanguage":"bs-BA","@id":"https:\/\/sandzakpress.net\/arhiva\/predsjednik-mesihata-u-subotici-sa-gradonacelnikom-nacelnikom-policije-i-upravom-medzlisa\/#primaryimage","url":"https:\/\/sandzakpress.net\/arhiva\/wp-content\/uploads\/2019\/03\/307158af-8c7e-4096-b2be-bc12e9f34eb9.jpg","contentUrl":"https:\/\/sandzakpress.net\/arhiva\/wp-content\/uploads\/2019\/03\/307158af-8c7e-4096-b2be-bc12e9f34eb9.jpg","width":793,"height":780},{"@type":"BreadcrumbList","@id":"https:\/\/sandzakpress.net\/arhiva\/predsjednik-mesihata-u-subotici-sa-gradonacelnikom-nacelnikom-policije-i-upravom-medzlisa\/#breadcrumb","itemListElement":[{"@type":"ListItem","position":1,"name":"Home","item":"https:\/\/sandzakpress.net\/arhiva\/"},{"@type":"ListItem","position":2,"name":"Predsjednik Me\u0161ihata u Subotici sa gradona\u010delnikom, na\u010delnikom Policije i upravom Med\u017elisa"}]},{"@type":"WebSite","@id":"https:\/\/sandzakpress.net\/arhiva\/#website","url":"https:\/\/sandzakpress.net\/arhiva\/","name":"Sand\u017eak PRESS","description":"Prve elektronske novine u Sand\u017eaku","publisher":{"@id":"https:\/\/sandzakpress.net\/arhiva\/#\/schema\/person\/6e72b67d6e51910a1117b3b483ba20bd"},"potentialAction":[{"@type":"SearchAction","target":{"@type":"EntryPoint","urlTemplate":"https:\/\/sandzakpress.net\/arhiva\/?s={search_term_string}"},"query-input":{"@type":"PropertyValueSpecification","valueRequired":true,"valueName":"search_term_string"}}],"inLanguage":"bs-BA"},{"@type":["Person","Organization"],"@id":"https:\/\/sandzakpress.net\/arhiva\/#\/schema\/person\/6e72b67d6e51910a1117b3b483ba20bd","name":"Kul","image":{"@type":"ImageObject","inLanguage":"bs-BA","@id":"https:\/\/sandzakpress.net\/arhiva\/#\/schema\/person\/image\/","url":"https:\/\/secure.gravatar.com\/avatar\/42263f39aa27ac04c43cab85c280eb2e?s=96&d=mm&r=pg","contentUrl":"https:\/\/secure.gravatar.com\/avatar\/42263f39aa27ac04c43cab85c280eb2e?s=96&d=mm&r=pg","caption":"Kul"},"logo":{"@id":"https:\/\/sandzakpress.net\/arhiva\/#\/schema\/person\/image\/"}},{"@type":"Person","@id":"https:\/\/sandzakpress.net\/arhiva\/#\/schema\/person\/cb59d7e3ab91ab90dd680ad0305a6185","name":"Agencija","image":{"@type":"ImageObject","inLanguage":"bs-BA","@id":"https:\/\/sandzakpress.net\/arhiva\/#\/schema\/person\/image\/","url":"https:\/\/secure.gravatar.com\/avatar\/4b7fafa80a22f0c2afe23966b3961fe0?s=96&d=mm&r=pg","contentUrl":"https:\/\/secure.gravatar.com\/avatar\/4b7fafa80a22f0c2afe23966b3961fe0?s=96&d=mm&r=pg","caption":"Agencija"},"url":"https:\/\/sandzakpress.net\/arhiva\/author\/agencija\/"}]}},"_links":{"self":[{"href":"https:\/\/sandzakpress.net\/arhiva\/wp-json\/wp\/v2\/posts\/220427"}],"collection":[{"href":"https:\/\/sandzakpress.net\/arhiva\/wp-json\/wp\/v2\/posts"}],"about":[{"href":"https:\/\/sandzakpress.net\/arhiva\/wp-json\/wp\/v2\/types\/post"}],"author":[{"embeddable":true,"href":"https:\/\/sandzakpress.net\/arhiva\/wp-json\/wp\/v2\/users\/509"}],"replies":[{"embeddable":true,"href":"https:\/\/sandzakpress.net\/arhiva\/wp-json\/wp\/v2\/comments?post=220427"}],"version-history":[{"count":0,"href":"https:\/\/sandzakpress.net\/arhiva\/wp-json\/wp\/v2\/posts\/220427\/revisions"}],"wp:featuredmedia":[{"embeddable":true,"href":"https:\/\/sandzakpress.net\/arhiva\/wp-json\/wp\/v2\/media\/220429"}],"wp:attachment":[{"href":"https:\/\/sandzakpress.net\/arhiva\/wp-json\/wp\/v2\/media?parent=220427"}],"wp:term":[{"taxonomy":"category","embeddable":true,"href":"https:\/\/sandzakpress.net\/arhiva\/wp-json\/wp\/v2\/categories?post=220427"},{"taxonomy":"post_tag","embeddable":true,"href":"https:\/\/sandzakpress.net\/arhiva\/wp-json\/wp\/v2\/tags?post=220427"}],"curies":[{"name":"wp","href":"https:\/\/api.w.org\/{rel}","templated":true}]}}