{"id":220078,"date":"2019-03-20T13:35:38","date_gmt":"2019-03-20T12:35:38","guid":{"rendered":"https:\/\/sandzakpress.net\/arhiva\/?p=220078"},"modified":"2019-03-20T13:35:38","modified_gmt":"2019-03-20T12:35:38","slug":"berane-pretucen-hrvat-bosnjacka-stranka-osudila-sovinisticki-napad","status":"publish","type":"post","link":"https:\/\/sandzakpress.net\/arhiva\/berane-pretucen-hrvat-bosnjacka-stranka-osudila-sovinisticki-napad\/","title":{"rendered":"Berane: Pretu\u010den Hrvat, Bo\u0161nja\u010dka stranka osudila \u0161ovinisti\u010dki napad"},"content":{"rendered":"<p><img decoding=\"async\" src=\"https:\/\/www.snews.rs\/wp-content\/uploads\/2019\/03\/hapsenjecgpolicija.jpg\" \/><\/p>\n<p><strong>Policija prona\u0161la i li\u0161ila slobode dva lica osumnji\u010dena da su se nasilni\u010dki pona\u0161ala prema I.T. i nanijela mu te\u0161ku tjelesnu povredu<\/strong><\/p>\n<p>Slu\u017ebenici Uprave policije \u2013 Centra bezbjednosti Berane u utorak su brzom i efikasnom akcijom, prona\u0161li i li\u0161ili slobode N.P. (19) i M.R. (24) iz Berana, zbog sumnje da su, na \u0161tetu I.T. iz Berana, po\u010dinili krivi\u010dno djelo nasilni\u010dko pona\u0161anje u sticaju sa krivi\u010dnim djelom te\u0161ka tjelesna povreda.<\/p>\n<p>I.T. je napad Centru bezbjednosti Berane prijavio u utorak u popodnevnim satima. Policija je odmah postupila po prijavi i tragala za navedenim licima koje je ubrzo prona\u0161la, privela a potom i li\u0161ila slobode, u konsultaciji sa nadle\u017enim tu\u017eiocem, saop\u0107ila je Uprava policije Crne Gore.<\/p>\n<p>N.P. i M.R. su, kako se sumnja fizi\u010dki napali I.T. u njegovoj radnji u Beranama i udarili ga vi\u0161e puta stisnutim pesnicama u predjelu nosa, od \u010dega je I.T. zadobio te\u0161ku tjelesnu povredu \u2013 frakturu nosne kosti. Oni \u0107e, uz krivi\u010dnu prijavu, biti privedeni nadle\u017enom tu\u017eiocu. Motiv izvr\u0161enja krivi\u010dnog djela \u0107e biti utvr\u0111en u postupku.<\/p>\n<p>Direktor Uprave policije je primio I.T. na razgovor prije desetak dana i tada je nalo\u017eio slu\u017ebenicima CB Berane da se odmah preduzmu mjere i radnje na rasvjetljavanju doga\u0111aja koji je tada prijavio \u2013 kra\u0111a u njegovoj radnji. Policija, u koordinaciji sa tu\u017eila\u0161tvom, preduzima aktivnosti na rasvjetljavanju ovog doga\u0111aja.<\/p>\n<p>Policija \u0107e, navodi se u saop\u0107enju, preduzeti preventivne mjere i radnje na za\u0161titi I.T. i njegove imovine.<\/p>\n<p><strong>\u2013 Bo\u0161nja\u010dka stranka osu\u0111uje \u0161ovinisti\u010dki napad na Beranca<\/strong><\/p>\n<p>Bo\u0161nja\u010dka stranka najo\u0161trije osu\u0111uje \u0161ovinisti\u010dki napad na Igora Tomki\u0107a, gra\u0111anina Berana.<\/p>\n<p>\u201cPozivamo nadle\u017ene institucije da procesiraju i kazne vinovnike napada na Tomki\u0107a i za\u0161tite njegov porodi\u010dni integritet i imovinu. Napad na uglednog gra\u0111anina i na\u0161eg kom\u0161iju hrvatske nacionalnosti, predstavlja atak na gra\u0111anski mir i multietnicki sklad u Beranama\u201d, saop\u0107io je Op\u0161tinski odbor Bo\u0161nja\u010dke stranke Berane<\/p>\n<p>Iz ove stranke ocjnejuju da za\u010du\u0111uje da nadle\u017eni kojima se Tomovi\u0107 obra\u0107ao nisu postupili ozbiljno u cilju njegove za\u0161tite, pa stoga i oni imaju odgovornost za ovakav razvoj doga\u0111aja.<\/p>\n<p>\u201cDr\u017eava Crna Gora mora imati mehanizme, ali i svijest o potrebi zaustavljanja bujanja etni\u010dke i vjerske isklju\u010divost. Grad Berane i lokalna uprava moraju biti svjesni da je potrebna o\u0161tra osuda i proaktivno djelovanje da bi se o\u010duvali me\u0111ukom\u0161ijsko povjerenje i gra\u0111anski mir\u201d ukazuju iz Bo\u0161anje\u010dke stranke nagla\u0161avaju\u0107i da \u201ciskustvo devedesetih mora svima biti nauk, jer o\u010duvati multietni\u010dki sklad predstavlja najve\u0107u dragocjenost na\u0161eg dru\u0161tva\u201d.<\/p>\n","protected":false},"excerpt":{"rendered":"<p>Policija prona\u0161la i li\u0161ila slobode dva lica osumnji\u010dena da su se nasilni\u010dki pona\u0161ala prema I.T. i nanijela mu te\u0161ku tjelesnu povredu Slu\u017ebenici Uprave policije \u2013 Centra bezbjednosti Berane u utorak su brzom i efikasnom akcijom, prona\u0161li i li\u0161ili slobode N.P. (19) i M.R. (24) iz Berana, zbog sumnje da su, na \u0161tetu I.T. iz Berana, [&hellip;]<\/p>\n","protected":false},"author":509,"featured_media":220081,"comment_status":"open","ping_status":"open","sticky":false,"template":"","format":"standard","meta":{"footnotes":""},"categories":[397,801],"tags":[],"class_list":{"0":"post-220078","1":"post","2":"type-post","3":"status-publish","4":"format-standard","5":"has-post-thumbnail","7":"category-berane","8":"category-crna_hronika"},"yoast_head":"<!-- This site is optimized with the Yoast SEO Premium plugin v23.1 (Yoast SEO v24.9) - https:\/\/yoast.com\/wordpress\/plugins\/seo\/ -->\n<title>Berane: Pretu\u010den Hrvat, Bo\u0161nja\u010dka stranka osudila \u0161ovinisti\u010dki napad<\/title>\n<meta name=\"robots\" content=\"index, follow, max-snippet:-1, max-image-preview:large, max-video-preview:-1\" \/>\n<link rel=\"canonical\" href=\"https:\/\/sandzakpress.net\/arhiva\/berane-pretucen-hrvat-bosnjacka-stranka-osudila-sovinisticki-napad\/\" \/>\n<meta property=\"og:locale\" content=\"bs_BA\" \/>\n<meta property=\"og:type\" content=\"article\" \/>\n<meta property=\"og:title\" content=\"Berane: Pretu\u010den Hrvat, Bo\u0161nja\u010dka stranka osudila \u0161ovinisti\u010dki napad\" \/>\n<meta property=\"og:description\" content=\"Policija prona\u0161la i li\u0161ila slobode dva lica osumnji\u010dena da su se nasilni\u010dki pona\u0161ala prema I.T. i nanijela mu te\u0161ku tjelesnu povredu Slu\u017ebenici Uprave policije \u2013 Centra bezbjednosti Berane u utorak su brzom i efikasnom akcijom, prona\u0161li i li\u0161ili slobode N.P. (19) i M.R. (24) iz Berana, zbog sumnje da su, na \u0161tetu I.T. iz Berana, [&hellip;]\" \/>\n<meta property=\"og:url\" content=\"https:\/\/sandzakpress.net\/arhiva\/berane-pretucen-hrvat-bosnjacka-stranka-osudila-sovinisticki-napad\/\" \/>\n<meta property=\"og:site_name\" content=\"Sand\u017eak PRESS\" \/>\n<meta property=\"article:published_time\" content=\"2019-03-20T12:35:38+00:00\" \/>\n<meta property=\"og:image\" content=\"https:\/\/sandzakpress.net\/arhiva\/wp-content\/uploads\/2019\/03\/hapsenjecgpolicija.jpg\" \/>\n\t<meta property=\"og:image:width\" content=\"800\" \/>\n\t<meta property=\"og:image:height\" content=\"456\" \/>\n\t<meta property=\"og:image:type\" content=\"image\/jpeg\" \/>\n<meta name=\"author\" content=\"Agencija\" \/>\n<meta name=\"twitter:card\" content=\"summary_large_image\" \/>\n<meta name=\"twitter:label1\" content=\"Written by\" \/>\n\t<meta name=\"twitter:data1\" content=\"Agencija\" \/>\n\t<meta name=\"twitter:label2\" content=\"Est. reading time\" \/>\n\t<meta name=\"twitter:data2\" content=\"2 minute\" \/>\n<script type=\"application\/ld+json\" class=\"yoast-schema-graph\">{\"@context\":\"https:\/\/schema.org\",\"@graph\":[{\"@type\":\"Article\",\"@id\":\"https:\/\/sandzakpress.net\/arhiva\/berane-pretucen-hrvat-bosnjacka-stranka-osudila-sovinisticki-napad\/#article\",\"isPartOf\":{\"@id\":\"https:\/\/sandzakpress.net\/arhiva\/berane-pretucen-hrvat-bosnjacka-stranka-osudila-sovinisticki-napad\/\"},\"author\":{\"name\":\"Agencija\",\"@id\":\"https:\/\/sandzakpress.net\/arhiva\/#\/schema\/person\/cb59d7e3ab91ab90dd680ad0305a6185\"},\"headline\":\"Berane: Pretu\u010den Hrvat, Bo\u0161nja\u010dka stranka osudila \u0161ovinisti\u010dki napad\",\"datePublished\":\"2019-03-20T12:35:38+00:00\",\"mainEntityOfPage\":{\"@id\":\"https:\/\/sandzakpress.net\/arhiva\/berane-pretucen-hrvat-bosnjacka-stranka-osudila-sovinisticki-napad\/\"},\"wordCount\":488,\"commentCount\":0,\"publisher\":{\"@id\":\"https:\/\/sandzakpress.net\/arhiva\/#\/schema\/person\/6e72b67d6e51910a1117b3b483ba20bd\"},\"image\":{\"@id\":\"https:\/\/sandzakpress.net\/arhiva\/berane-pretucen-hrvat-bosnjacka-stranka-osudila-sovinisticki-napad\/#primaryimage\"},\"thumbnailUrl\":\"https:\/\/sandzakpress.net\/arhiva\/wp-content\/uploads\/2019\/03\/hapsenjecgpolicija.jpg\",\"articleSection\":[\"Berane\",\"Hronika\"],\"inLanguage\":\"bs-BA\",\"potentialAction\":[{\"@type\":\"CommentAction\",\"name\":\"Comment\",\"target\":[\"https:\/\/sandzakpress.net\/arhiva\/berane-pretucen-hrvat-bosnjacka-stranka-osudila-sovinisticki-napad\/#respond\"]}]},{\"@type\":\"WebPage\",\"@id\":\"https:\/\/sandzakpress.net\/arhiva\/berane-pretucen-hrvat-bosnjacka-stranka-osudila-sovinisticki-napad\/\",\"url\":\"https:\/\/sandzakpress.net\/arhiva\/berane-pretucen-hrvat-bosnjacka-stranka-osudila-sovinisticki-napad\/\",\"name\":\"Berane: Pretu\u010den Hrvat, Bo\u0161nja\u010dka stranka osudila \u0161ovinisti\u010dki napad\",\"isPartOf\":{\"@id\":\"https:\/\/sandzakpress.net\/arhiva\/#website\"},\"primaryImageOfPage\":{\"@id\":\"https:\/\/sandzakpress.net\/arhiva\/berane-pretucen-hrvat-bosnjacka-stranka-osudila-sovinisticki-napad\/#primaryimage\"},\"image\":{\"@id\":\"https:\/\/sandzakpress.net\/arhiva\/berane-pretucen-hrvat-bosnjacka-stranka-osudila-sovinisticki-napad\/#primaryimage\"},\"thumbnailUrl\":\"https:\/\/sandzakpress.net\/arhiva\/wp-content\/uploads\/2019\/03\/hapsenjecgpolicija.jpg\",\"datePublished\":\"2019-03-20T12:35:38+00:00\",\"breadcrumb\":{\"@id\":\"https:\/\/sandzakpress.net\/arhiva\/berane-pretucen-hrvat-bosnjacka-stranka-osudila-sovinisticki-napad\/#breadcrumb\"},\"inLanguage\":\"bs-BA\",\"potentialAction\":[{\"@type\":\"ReadAction\",\"target\":[\"https:\/\/sandzakpress.net\/arhiva\/berane-pretucen-hrvat-bosnjacka-stranka-osudila-sovinisticki-napad\/\"]}]},{\"@type\":\"ImageObject\",\"inLanguage\":\"bs-BA\",\"@id\":\"https:\/\/sandzakpress.net\/arhiva\/berane-pretucen-hrvat-bosnjacka-stranka-osudila-sovinisticki-napad\/#primaryimage\",\"url\":\"https:\/\/sandzakpress.net\/arhiva\/wp-content\/uploads\/2019\/03\/hapsenjecgpolicija.jpg\",\"contentUrl\":\"https:\/\/sandzakpress.net\/arhiva\/wp-content\/uploads\/2019\/03\/hapsenjecgpolicija.jpg\",\"width\":800,\"height\":456},{\"@type\":\"BreadcrumbList\",\"@id\":\"https:\/\/sandzakpress.net\/arhiva\/berane-pretucen-hrvat-bosnjacka-stranka-osudila-sovinisticki-napad\/#breadcrumb\",\"itemListElement\":[{\"@type\":\"ListItem\",\"position\":1,\"name\":\"Home\",\"item\":\"https:\/\/sandzakpress.net\/arhiva\/\"},{\"@type\":\"ListItem\",\"position\":2,\"name\":\"Berane: Pretu\u010den Hrvat, Bo\u0161nja\u010dka stranka osudila \u0161ovinisti\u010dki napad\"}]},{\"@type\":\"WebSite\",\"@id\":\"https:\/\/sandzakpress.net\/arhiva\/#website\",\"url\":\"https:\/\/sandzakpress.net\/arhiva\/\",\"name\":\"Sand\u017eak PRESS\",\"description\":\"Prve elektronske novine u Sand\u017eaku\",\"publisher\":{\"@id\":\"https:\/\/sandzakpress.net\/arhiva\/#\/schema\/person\/6e72b67d6e51910a1117b3b483ba20bd\"},\"potentialAction\":[{\"@type\":\"SearchAction\",\"target\":{\"@type\":\"EntryPoint\",\"urlTemplate\":\"https:\/\/sandzakpress.net\/arhiva\/?s={search_term_string}\"},\"query-input\":{\"@type\":\"PropertyValueSpecification\",\"valueRequired\":true,\"valueName\":\"search_term_string\"}}],\"inLanguage\":\"bs-BA\"},{\"@type\":[\"Person\",\"Organization\"],\"@id\":\"https:\/\/sandzakpress.net\/arhiva\/#\/schema\/person\/6e72b67d6e51910a1117b3b483ba20bd\",\"name\":\"Kul\",\"image\":{\"@type\":\"ImageObject\",\"inLanguage\":\"bs-BA\",\"@id\":\"https:\/\/sandzakpress.net\/arhiva\/#\/schema\/person\/image\/\",\"url\":\"https:\/\/secure.gravatar.com\/avatar\/42263f39aa27ac04c43cab85c280eb2e?s=96&d=mm&r=pg\",\"contentUrl\":\"https:\/\/secure.gravatar.com\/avatar\/42263f39aa27ac04c43cab85c280eb2e?s=96&d=mm&r=pg\",\"caption\":\"Kul\"},\"logo\":{\"@id\":\"https:\/\/sandzakpress.net\/arhiva\/#\/schema\/person\/image\/\"}},{\"@type\":\"Person\",\"@id\":\"https:\/\/sandzakpress.net\/arhiva\/#\/schema\/person\/cb59d7e3ab91ab90dd680ad0305a6185\",\"name\":\"Agencija\",\"image\":{\"@type\":\"ImageObject\",\"inLanguage\":\"bs-BA\",\"@id\":\"https:\/\/sandzakpress.net\/arhiva\/#\/schema\/person\/image\/\",\"url\":\"https:\/\/secure.gravatar.com\/avatar\/4b7fafa80a22f0c2afe23966b3961fe0?s=96&d=mm&r=pg\",\"contentUrl\":\"https:\/\/secure.gravatar.com\/avatar\/4b7fafa80a22f0c2afe23966b3961fe0?s=96&d=mm&r=pg\",\"caption\":\"Agencija\"},\"url\":\"https:\/\/sandzakpress.net\/arhiva\/author\/agencija\/\"}]}<\/script>\n<!-- \/ Yoast SEO Premium plugin. -->","yoast_head_json":{"title":"Berane: Pretu\u010den Hrvat, Bo\u0161nja\u010dka stranka osudila \u0161ovinisti\u010dki napad","robots":{"index":"index","follow":"follow","max-snippet":"max-snippet:-1","max-image-preview":"max-image-preview:large","max-video-preview":"max-video-preview:-1"},"canonical":"https:\/\/sandzakpress.net\/arhiva\/berane-pretucen-hrvat-bosnjacka-stranka-osudila-sovinisticki-napad\/","og_locale":"bs_BA","og_type":"article","og_title":"Berane: Pretu\u010den Hrvat, Bo\u0161nja\u010dka stranka osudila \u0161ovinisti\u010dki napad","og_description":"Policija prona\u0161la i li\u0161ila slobode dva lica osumnji\u010dena da su se nasilni\u010dki pona\u0161ala prema I.T. i nanijela mu te\u0161ku tjelesnu povredu Slu\u017ebenici Uprave policije \u2013 Centra bezbjednosti Berane u utorak su brzom i efikasnom akcijom, prona\u0161li i li\u0161ili slobode N.P. (19) i M.R. (24) iz Berana, zbog sumnje da su, na \u0161tetu I.T. iz Berana, [&hellip;]","og_url":"https:\/\/sandzakpress.net\/arhiva\/berane-pretucen-hrvat-bosnjacka-stranka-osudila-sovinisticki-napad\/","og_site_name":"Sand\u017eak PRESS","article_published_time":"2019-03-20T12:35:38+00:00","og_image":[{"width":800,"height":456,"url":"https:\/\/sandzakpress.net\/arhiva\/wp-content\/uploads\/2019\/03\/hapsenjecgpolicija.jpg","type":"image\/jpeg"}],"author":"Agencija","twitter_card":"summary_large_image","twitter_misc":{"Written by":"Agencija","Est. reading time":"2 minute"},"schema":{"@context":"https:\/\/schema.org","@graph":[{"@type":"Article","@id":"https:\/\/sandzakpress.net\/arhiva\/berane-pretucen-hrvat-bosnjacka-stranka-osudila-sovinisticki-napad\/#article","isPartOf":{"@id":"https:\/\/sandzakpress.net\/arhiva\/berane-pretucen-hrvat-bosnjacka-stranka-osudila-sovinisticki-napad\/"},"author":{"name":"Agencija","@id":"https:\/\/sandzakpress.net\/arhiva\/#\/schema\/person\/cb59d7e3ab91ab90dd680ad0305a6185"},"headline":"Berane: Pretu\u010den Hrvat, Bo\u0161nja\u010dka stranka osudila \u0161ovinisti\u010dki napad","datePublished":"2019-03-20T12:35:38+00:00","mainEntityOfPage":{"@id":"https:\/\/sandzakpress.net\/arhiva\/berane-pretucen-hrvat-bosnjacka-stranka-osudila-sovinisticki-napad\/"},"wordCount":488,"commentCount":0,"publisher":{"@id":"https:\/\/sandzakpress.net\/arhiva\/#\/schema\/person\/6e72b67d6e51910a1117b3b483ba20bd"},"image":{"@id":"https:\/\/sandzakpress.net\/arhiva\/berane-pretucen-hrvat-bosnjacka-stranka-osudila-sovinisticki-napad\/#primaryimage"},"thumbnailUrl":"https:\/\/sandzakpress.net\/arhiva\/wp-content\/uploads\/2019\/03\/hapsenjecgpolicija.jpg","articleSection":["Berane","Hronika"],"inLanguage":"bs-BA","potentialAction":[{"@type":"CommentAction","name":"Comment","target":["https:\/\/sandzakpress.net\/arhiva\/berane-pretucen-hrvat-bosnjacka-stranka-osudila-sovinisticki-napad\/#respond"]}]},{"@type":"WebPage","@id":"https:\/\/sandzakpress.net\/arhiva\/berane-pretucen-hrvat-bosnjacka-stranka-osudila-sovinisticki-napad\/","url":"https:\/\/sandzakpress.net\/arhiva\/berane-pretucen-hrvat-bosnjacka-stranka-osudila-sovinisticki-napad\/","name":"Berane: Pretu\u010den Hrvat, Bo\u0161nja\u010dka stranka osudila \u0161ovinisti\u010dki napad","isPartOf":{"@id":"https:\/\/sandzakpress.net\/arhiva\/#website"},"primaryImageOfPage":{"@id":"https:\/\/sandzakpress.net\/arhiva\/berane-pretucen-hrvat-bosnjacka-stranka-osudila-sovinisticki-napad\/#primaryimage"},"image":{"@id":"https:\/\/sandzakpress.net\/arhiva\/berane-pretucen-hrvat-bosnjacka-stranka-osudila-sovinisticki-napad\/#primaryimage"},"thumbnailUrl":"https:\/\/sandzakpress.net\/arhiva\/wp-content\/uploads\/2019\/03\/hapsenjecgpolicija.jpg","datePublished":"2019-03-20T12:35:38+00:00","breadcrumb":{"@id":"https:\/\/sandzakpress.net\/arhiva\/berane-pretucen-hrvat-bosnjacka-stranka-osudila-sovinisticki-napad\/#breadcrumb"},"inLanguage":"bs-BA","potentialAction":[{"@type":"ReadAction","target":["https:\/\/sandzakpress.net\/arhiva\/berane-pretucen-hrvat-bosnjacka-stranka-osudila-sovinisticki-napad\/"]}]},{"@type":"ImageObject","inLanguage":"bs-BA","@id":"https:\/\/sandzakpress.net\/arhiva\/berane-pretucen-hrvat-bosnjacka-stranka-osudila-sovinisticki-napad\/#primaryimage","url":"https:\/\/sandzakpress.net\/arhiva\/wp-content\/uploads\/2019\/03\/hapsenjecgpolicija.jpg","contentUrl":"https:\/\/sandzakpress.net\/arhiva\/wp-content\/uploads\/2019\/03\/hapsenjecgpolicija.jpg","width":800,"height":456},{"@type":"BreadcrumbList","@id":"https:\/\/sandzakpress.net\/arhiva\/berane-pretucen-hrvat-bosnjacka-stranka-osudila-sovinisticki-napad\/#breadcrumb","itemListElement":[{"@type":"ListItem","position":1,"name":"Home","item":"https:\/\/sandzakpress.net\/arhiva\/"},{"@type":"ListItem","position":2,"name":"Berane: Pretu\u010den Hrvat, Bo\u0161nja\u010dka stranka osudila \u0161ovinisti\u010dki napad"}]},{"@type":"WebSite","@id":"https:\/\/sandzakpress.net\/arhiva\/#website","url":"https:\/\/sandzakpress.net\/arhiva\/","name":"Sand\u017eak PRESS","description":"Prve elektronske novine u Sand\u017eaku","publisher":{"@id":"https:\/\/sandzakpress.net\/arhiva\/#\/schema\/person\/6e72b67d6e51910a1117b3b483ba20bd"},"potentialAction":[{"@type":"SearchAction","target":{"@type":"EntryPoint","urlTemplate":"https:\/\/sandzakpress.net\/arhiva\/?s={search_term_string}"},"query-input":{"@type":"PropertyValueSpecification","valueRequired":true,"valueName":"search_term_string"}}],"inLanguage":"bs-BA"},{"@type":["Person","Organization"],"@id":"https:\/\/sandzakpress.net\/arhiva\/#\/schema\/person\/6e72b67d6e51910a1117b3b483ba20bd","name":"Kul","image":{"@type":"ImageObject","inLanguage":"bs-BA","@id":"https:\/\/sandzakpress.net\/arhiva\/#\/schema\/person\/image\/","url":"https:\/\/secure.gravatar.com\/avatar\/42263f39aa27ac04c43cab85c280eb2e?s=96&d=mm&r=pg","contentUrl":"https:\/\/secure.gravatar.com\/avatar\/42263f39aa27ac04c43cab85c280eb2e?s=96&d=mm&r=pg","caption":"Kul"},"logo":{"@id":"https:\/\/sandzakpress.net\/arhiva\/#\/schema\/person\/image\/"}},{"@type":"Person","@id":"https:\/\/sandzakpress.net\/arhiva\/#\/schema\/person\/cb59d7e3ab91ab90dd680ad0305a6185","name":"Agencija","image":{"@type":"ImageObject","inLanguage":"bs-BA","@id":"https:\/\/sandzakpress.net\/arhiva\/#\/schema\/person\/image\/","url":"https:\/\/secure.gravatar.com\/avatar\/4b7fafa80a22f0c2afe23966b3961fe0?s=96&d=mm&r=pg","contentUrl":"https:\/\/secure.gravatar.com\/avatar\/4b7fafa80a22f0c2afe23966b3961fe0?s=96&d=mm&r=pg","caption":"Agencija"},"url":"https:\/\/sandzakpress.net\/arhiva\/author\/agencija\/"}]}},"_links":{"self":[{"href":"https:\/\/sandzakpress.net\/arhiva\/wp-json\/wp\/v2\/posts\/220078"}],"collection":[{"href":"https:\/\/sandzakpress.net\/arhiva\/wp-json\/wp\/v2\/posts"}],"about":[{"href":"https:\/\/sandzakpress.net\/arhiva\/wp-json\/wp\/v2\/types\/post"}],"author":[{"embeddable":true,"href":"https:\/\/sandzakpress.net\/arhiva\/wp-json\/wp\/v2\/users\/509"}],"replies":[{"embeddable":true,"href":"https:\/\/sandzakpress.net\/arhiva\/wp-json\/wp\/v2\/comments?post=220078"}],"version-history":[{"count":0,"href":"https:\/\/sandzakpress.net\/arhiva\/wp-json\/wp\/v2\/posts\/220078\/revisions"}],"wp:featuredmedia":[{"embeddable":true,"href":"https:\/\/sandzakpress.net\/arhiva\/wp-json\/wp\/v2\/media\/220081"}],"wp:attachment":[{"href":"https:\/\/sandzakpress.net\/arhiva\/wp-json\/wp\/v2\/media?parent=220078"}],"wp:term":[{"taxonomy":"category","embeddable":true,"href":"https:\/\/sandzakpress.net\/arhiva\/wp-json\/wp\/v2\/categories?post=220078"},{"taxonomy":"post_tag","embeddable":true,"href":"https:\/\/sandzakpress.net\/arhiva\/wp-json\/wp\/v2\/tags?post=220078"}],"curies":[{"name":"wp","href":"https:\/\/api.w.org\/{rel}","templated":true}]}}