{"id":219958,"date":"2019-03-19T11:11:43","date_gmt":"2019-03-19T10:11:43","guid":{"rendered":"https:\/\/sandzakpress.net\/arhiva\/?p=219958"},"modified":"2019-03-19T22:27:21","modified_gmt":"2019-03-19T21:27:21","slug":"porodica-koju-je-bahati-mladic-pri-150-km-h-udario-kolima-ponovo-prozivljava-strahote-posle-stravicnog-snimka","status":"publish","type":"post","link":"https:\/\/sandzakpress.net\/arhiva\/porodica-koju-je-bahati-mladic-pri-150-km-h-udario-kolima-ponovo-prozivljava-strahote-posle-stravicnog-snimka\/","title":{"rendered":"Porodica, koju je bahati mladi\u0107 pri 150 km\/h udario kolima, ponovo pro\u017eivljava strahote posle stravi\u010dnog snimka"},"content":{"rendered":"<p><img loading=\"lazy\" decoding=\"async\" class=\"alignnone size-full wp-image-219959\" src=\"https:\/\/sandzakpress.net\/arhiva\/wp-content\/uploads\/2019\/03\/udes-krusevacki-most-696x469.jpg\" alt=\"\" width=\"696\" height=\"469\" srcset=\"https:\/\/sandzakpress.net\/arhiva\/wp-content\/uploads\/2019\/03\/udes-krusevacki-most-696x469.jpg 696w, https:\/\/sandzakpress.net\/arhiva\/wp-content\/uploads\/2019\/03\/udes-krusevacki-most-696x469-616x415.jpg 616w\" sizes=\"(max-width: 696px) 100vw, 696px\" \/><\/p>\n<p>Ljekari u Novom Pazaru su ih, kako ka\u017ee njihova k\u0107erka, neodgovorno zbrinuli, a \u017eenu otpustili uz ru\u010dno napisanu otpusnu listu<\/p>\n<p>\u201cDva mjeseca smo brinuli za tog dje\u010dka, isto koliko i za moje roditelje. Ali otkako je ovaj snimak objavljen, gdje on brzinom od 150 km na sat ulazi u krivinu\u2026 Kao da smo ih jednom sahranili, pa onda opet, dok se on na mre\u017eama hvali kako je vozio toliko brzo, a na kraju mu nije bilo ni\u0161ta\u201d, pri\u010da za Telegraf.rs Sena T, k\u0107erka bra\u010dnog para iz Crne Gore, koji je te\u0161ko povrije\u0111en u saobra\u0107ajnoj nesre\u0107i na Kru\u0161eva\u010dkom mostu kod Novog Pazara.<\/p>\n<p>Snimak bahate vo\u017enje, gdje voza\u010d pri brzini od 150 km\/h ulije\u0107e u krivinu i direktno se sudara sa autom koji ide u suprotnom pravcu, zgrozio je prije dva dana region, a porodici Had\u017ei\u0107 iz Ro\u017eaja otvorio stare du\u0161evne rane, dok one bukvalne, fizi\u010dke, jo\u0161 nisu zalije\u010dile.<\/p>\n<div id=\"fb-root\" class=\" fb_reset\">\n<div>\n<div>\u00a0<\/div>\n<\/div>\n<\/div>\n<div class=\"fb-video fb_iframe_widget fb_iframe_widget_fluid_desktop\" data-href=\"https:\/\/www.facebook.com\/SandzakPRESS\/videos\/1125042317704467\/\" data-width=\"696\"><iframe loading=\"lazy\" class=\"\" title=\"fb:video Facebook Social Plugin\" src=\"https:\/\/www.facebook.com\/v3.2\/plugins\/video.php?app_id=&amp;channel=https%3A%2F%2Fstaticxx.facebook.com%2Fconnect%2Fxd_arbiter%2Fr%2Fd_vbiawPdxB.js%3Fversion%3D44%23cb%3Df334d3c8b4e607%26domain%3Dwww.sandzacke.rs%26origin%3Dhttp%253A%252F%252Fwww.sandzacke.rs%252Ff11504d6a000e94%26relation%3Dparent.parent&amp;container_width=696&amp;href=https%3A%2F%2Fwww.facebook.com%2FSandzakPRESS%2Fvideos%2F1125042317704467%2F&amp;locale=en_US&amp;sdk=joey&amp;width=696\" name=\"f15df2147ab9d8\" width=\"696px\" height=\"1000px\" frameborder=\"0\" scrolling=\"no\" allowfullscreen=\"allowfullscreen\" data-mce-fragment=\"1\"><\/iframe><\/div>\n<p>A nije im samo snimak pogor\u0161ao traumu od nesre\u0107e koju su pukom sre\u0107om pre\u017eivjeli.<\/p>\n<p>\u201cU svim medijima bilo je napisano da su povrede koje su zadobili i moji roditelji, i taj mladi\u0107 lak\u0161e. Moji roditelji imaju 65 i 69 godina, rane im sporo zarastaju, nose midere, a ocu se pojavio hematom na nozi. I sada ide svaki dan u Hitnu pomo\u0107 da mu cijede sukrvicu iz rane, a mi strahujemo da se ne nastane sepsa. Modrice su im se pojavile tek nakon nekoliko dana \u2013 \u010ditavo tijelo bilo im je crno. Oboje imaju po nekoliko polomljenih rebara, naprsle pr\u0161ljenove, slomljene grudne kosti, a mami je nagnje\u010dena jetra. Za 10-ak dana otac treba da ode na skener, tada \u0107emo znati vi\u0161e\u201d, rekla je Sena.<\/p>\n<p><strong>Otpustnu listu napisali ru\u010dno<\/strong><\/p>\n<p>Po njenom saznanju, mladi\u0107 koji je jurio kolima i sudario se sa njenim roditeljima, proveo je 10 dana u komi, a tek su mu u Beogradu, u Institutu na Banjici, gdje je operisao obje slomljene noge, otkrili da u plu\u0107ima ima krv.<\/p>\n<figure class=\"wp-caption alignnone\"><img loading=\"lazy\" decoding=\"async\" class=\"td-animation-stack-type0-1\" src=\"https:\/\/xdn.tf.rs\/\/2019\/03\/18\/20190317164601-830x0.jpg\" alt=\"\" width=\"830\" height=\"1476\" \/><figcaption class=\"wp-caption-text\">Foto: Privatna arhiva<\/figcaption><\/figure>\n<p>\u201cLjuti smo na novopazarske ljekare, zbog njihove nemarnosti i neodgovornosti. Kada su pregledali moje roditelje, rekli su da nemaju nijedno slomljeno rebro, da bi posle saznali da ih je slomljeno devet. Poslije onako te\u0161ke nesre\u0107e otpustili su ih poslije samo sata, a da ne pominjem da su sami pla\u0107ali injekcije i \u0161ta sve jo\u0161 ne. Oni jesu strani dr\u017eavljani, ali \u0161ta bi bilo da su siroma\u0161ni i da nisu imali ni eura kod sebe? Pustili bi ih da umru? Ljuti smo na novopazarske ljekare \u0161to ih nisu zadr\u017eali barem 24 sata. Mogli su imati unutra\u0161nje krvarenje i umrijeti\u201d, pita se Sena.<\/p>\n<p>Kap u \u010da\u0161i bile su otpustne liste.<\/p>\n<p>\u201cKoliko su profesionalni pokazuje i to da su samo mom ocu otkucali otpusnu, ali po\u0161to nisu imali vi\u0161e papira, za moju majku su je napisali ru\u010dno. Da nije \u017ealosno, bilo bi smije\u0161no\u201d, tvrdi ona.<\/p>\n<figure class=\"wp-caption alignnone\"><img loading=\"lazy\" decoding=\"async\" class=\"td-animation-stack-type0-1\" src=\"https:\/\/xdn.tf.rs\/\/2019\/03\/18\/img-848fd4a47a4645c15c63a18b41141e27-v-830x0.jpg\" alt=\"\" width=\"830\" height=\"1476\" \/><figcaption class=\"wp-caption-text\">Foto: Privatna arhiva<\/figcaption><\/figure>\n<p>Koliko su te\u0161ke povrede njihovih roditelja Sena i njen brat saznali su tek sutradan, kada su ih odveli kod ljekara u Berane. Stariji par odmah je dobio uput kod ortopeda i hirurga, poslali su ih na skener, prepisali terapije, ali za njihov oporavak treba vremena.<\/p>\n<p><strong>Snimak sve preokrenuo<\/strong><\/p>\n<p>Za sve ovo vrijeme porodica iz Ro\u017eaja se jednako brinula za svoje povrije\u0111ene, koliko i za mladi\u0107a koji je vozio kola. Kako S.T. ka\u017ee, njegovi roditelji su sa njenim bili u kontaktu, \u010dak su ih i posjetili jednom prilikom.<\/p>\n<p>\u201cMislili smo \u2013 mladost, ludost. Nesre\u0107e se de\u0161avaju, saobra\u0107aj je nepredvidiv. A onda se pojavio ovaj snimak! Cijelu no\u0107 nisam mogla da zaspim! Em se pona\u0161ati tako monstruozno, kao da ho\u0107e da ubije i sebe i druge, em onda pustiti taj snimak u etar. \u010culi smo \u010dak i da ga je prenosio u\u017eivo na Facebooku. Zamislite kako je bilo mojim roditeljima kada su to vidjeli\u201d, ka\u017ee ova mlada \u017eena.<\/p>\n<p>Objavom snimka ispalo je kao da se mladi\u0107 hvali \u0161to je vozio tako brzo i pre\u017eivio.<\/p>\n<p>\u201cA nama \u2013 kao da smo ih sahranili. Ako si ve\u0107 uradio ne\u0161to tako, \u0161to je ostavilo trajne posljedice, zar ne bi trebalo da prije svega izbri\u0161e\u0161 taj snimak, da ne podsje\u0107a ni tebe, ni druge? \u010culi smo kako mu je navodno neko ukrao telefon i to objavio bez njegovog znanja, ali vi\u0161e ne znam u \u0161ta da vjerujem. On nije mali, ima 19, 20 godina, u to doba se ljudi i \u017eene i zasnivaju porodice. Ne, ne mo\u017ee se ovakva neodgovornost prepisati godinama\u201d, ka\u017ee uznemirena k\u0107erka.<\/p>\n<p>Izvor: Telegraf.rs<\/p>\n","protected":false},"excerpt":{"rendered":"<p>Ljekari u Novom Pazaru su ih, kako ka\u017ee njihova k\u0107erka, neodgovorno zbrinuli, a \u017eenu otpustili uz ru\u010dno napisanu otpusnu listu \u201cDva mjeseca smo brinuli za tog dje\u010dka, isto koliko i za moje roditelje. Ali otkako je ovaj snimak objavljen, gdje on brzinom od 150 km na sat ulazi u krivinu\u2026 Kao da smo ih jednom [&hellip;]<\/p>\n","protected":false},"author":509,"featured_media":219959,"comment_status":"open","ping_status":"open","sticky":false,"template":"","format":"standard","meta":{"footnotes":""},"categories":[398,72,801,8957],"tags":[],"class_list":{"0":"post-219958","1":"post","2":"type-post","3":"status-publish","4":"format-standard","5":"has-post-thumbnail","7":"category-rozaje","8":"category-novi-pazar","9":"category-crna_hronika","10":"category-vijesti-dana"},"yoast_head":"<!-- This site is optimized with the Yoast SEO Premium plugin v23.1 (Yoast SEO v24.9) - https:\/\/yoast.com\/wordpress\/plugins\/seo\/ -->\n<title>Porodica, koju je bahati mladi\u0107 pri 150 km\/h udario kolima, ponovo pro\u017eivljava strahote posle stravi\u010dnog snimka<\/title>\n<meta name=\"robots\" content=\"index, follow, max-snippet:-1, max-image-preview:large, max-video-preview:-1\" \/>\n<link rel=\"canonical\" href=\"https:\/\/sandzakpress.net\/arhiva\/porodica-koju-je-bahati-mladic-pri-150-km-h-udario-kolima-ponovo-prozivljava-strahote-posle-stravicnog-snimka\/\" \/>\n<meta property=\"og:locale\" content=\"bs_BA\" \/>\n<meta property=\"og:type\" content=\"article\" \/>\n<meta property=\"og:title\" content=\"Porodica, koju je bahati mladi\u0107 pri 150 km\/h udario kolima, ponovo pro\u017eivljava strahote posle stravi\u010dnog snimka\" \/>\n<meta property=\"og:description\" content=\"Ljekari u Novom Pazaru su ih, kako ka\u017ee njihova k\u0107erka, neodgovorno zbrinuli, a \u017eenu otpustili uz ru\u010dno napisanu otpusnu listu \u201cDva mjeseca smo brinuli za tog dje\u010dka, isto koliko i za moje roditelje. Ali otkako je ovaj snimak objavljen, gdje on brzinom od 150 km na sat ulazi u krivinu\u2026 Kao da smo ih jednom [&hellip;]\" \/>\n<meta property=\"og:url\" content=\"https:\/\/sandzakpress.net\/arhiva\/porodica-koju-je-bahati-mladic-pri-150-km-h-udario-kolima-ponovo-prozivljava-strahote-posle-stravicnog-snimka\/\" \/>\n<meta property=\"og:site_name\" content=\"Sand\u017eak PRESS\" \/>\n<meta property=\"article:published_time\" content=\"2019-03-19T10:11:43+00:00\" \/>\n<meta property=\"article:modified_time\" content=\"2019-03-19T21:27:21+00:00\" \/>\n<meta property=\"og:image\" content=\"https:\/\/sandzakpress.net\/arhiva\/wp-content\/uploads\/2019\/03\/udes-krusevacki-most-696x469.jpg\" \/>\n\t<meta property=\"og:image:width\" content=\"696\" \/>\n\t<meta property=\"og:image:height\" content=\"469\" \/>\n\t<meta property=\"og:image:type\" content=\"image\/jpeg\" \/>\n<meta name=\"author\" content=\"Agencija\" \/>\n<meta name=\"twitter:card\" content=\"summary_large_image\" \/>\n<meta name=\"twitter:label1\" content=\"Written by\" \/>\n\t<meta name=\"twitter:data1\" content=\"Agencija\" \/>\n\t<meta name=\"twitter:label2\" content=\"Est. reading time\" \/>\n\t<meta name=\"twitter:data2\" content=\"4 minute\" \/>\n<script type=\"application\/ld+json\" class=\"yoast-schema-graph\">{\"@context\":\"https:\/\/schema.org\",\"@graph\":[{\"@type\":\"Article\",\"@id\":\"https:\/\/sandzakpress.net\/arhiva\/porodica-koju-je-bahati-mladic-pri-150-km-h-udario-kolima-ponovo-prozivljava-strahote-posle-stravicnog-snimka\/#article\",\"isPartOf\":{\"@id\":\"https:\/\/sandzakpress.net\/arhiva\/porodica-koju-je-bahati-mladic-pri-150-km-h-udario-kolima-ponovo-prozivljava-strahote-posle-stravicnog-snimka\/\"},\"author\":{\"name\":\"Agencija\",\"@id\":\"https:\/\/sandzakpress.net\/arhiva\/#\/schema\/person\/cb59d7e3ab91ab90dd680ad0305a6185\"},\"headline\":\"Porodica, koju je bahati mladi\u0107 pri 150 km\/h udario kolima, ponovo pro\u017eivljava strahote posle stravi\u010dnog snimka\",\"datePublished\":\"2019-03-19T10:11:43+00:00\",\"dateModified\":\"2019-03-19T21:27:21+00:00\",\"mainEntityOfPage\":{\"@id\":\"https:\/\/sandzakpress.net\/arhiva\/porodica-koju-je-bahati-mladic-pri-150-km-h-udario-kolima-ponovo-prozivljava-strahote-posle-stravicnog-snimka\/\"},\"wordCount\":800,\"commentCount\":0,\"publisher\":{\"@id\":\"https:\/\/sandzakpress.net\/arhiva\/#\/schema\/person\/6e72b67d6e51910a1117b3b483ba20bd\"},\"image\":{\"@id\":\"https:\/\/sandzakpress.net\/arhiva\/porodica-koju-je-bahati-mladic-pri-150-km-h-udario-kolima-ponovo-prozivljava-strahote-posle-stravicnog-snimka\/#primaryimage\"},\"thumbnailUrl\":\"https:\/\/sandzakpress.net\/arhiva\/wp-content\/uploads\/2019\/03\/udes-krusevacki-most-696x469.jpg\",\"articleSection\":[\"Ro\u017eaje\",\"Novi Pazar\",\"Hronika\",\"VIJESTI DANA\"],\"inLanguage\":\"bs-BA\",\"potentialAction\":[{\"@type\":\"CommentAction\",\"name\":\"Comment\",\"target\":[\"https:\/\/sandzakpress.net\/arhiva\/porodica-koju-je-bahati-mladic-pri-150-km-h-udario-kolima-ponovo-prozivljava-strahote-posle-stravicnog-snimka\/#respond\"]}]},{\"@type\":\"WebPage\",\"@id\":\"https:\/\/sandzakpress.net\/arhiva\/porodica-koju-je-bahati-mladic-pri-150-km-h-udario-kolima-ponovo-prozivljava-strahote-posle-stravicnog-snimka\/\",\"url\":\"https:\/\/sandzakpress.net\/arhiva\/porodica-koju-je-bahati-mladic-pri-150-km-h-udario-kolima-ponovo-prozivljava-strahote-posle-stravicnog-snimka\/\",\"name\":\"Porodica, koju je bahati mladi\u0107 pri 150 km\/h udario kolima, ponovo pro\u017eivljava strahote posle stravi\u010dnog snimka\",\"isPartOf\":{\"@id\":\"https:\/\/sandzakpress.net\/arhiva\/#website\"},\"primaryImageOfPage\":{\"@id\":\"https:\/\/sandzakpress.net\/arhiva\/porodica-koju-je-bahati-mladic-pri-150-km-h-udario-kolima-ponovo-prozivljava-strahote-posle-stravicnog-snimka\/#primaryimage\"},\"image\":{\"@id\":\"https:\/\/sandzakpress.net\/arhiva\/porodica-koju-je-bahati-mladic-pri-150-km-h-udario-kolima-ponovo-prozivljava-strahote-posle-stravicnog-snimka\/#primaryimage\"},\"thumbnailUrl\":\"https:\/\/sandzakpress.net\/arhiva\/wp-content\/uploads\/2019\/03\/udes-krusevacki-most-696x469.jpg\",\"datePublished\":\"2019-03-19T10:11:43+00:00\",\"dateModified\":\"2019-03-19T21:27:21+00:00\",\"breadcrumb\":{\"@id\":\"https:\/\/sandzakpress.net\/arhiva\/porodica-koju-je-bahati-mladic-pri-150-km-h-udario-kolima-ponovo-prozivljava-strahote-posle-stravicnog-snimka\/#breadcrumb\"},\"inLanguage\":\"bs-BA\",\"potentialAction\":[{\"@type\":\"ReadAction\",\"target\":[\"https:\/\/sandzakpress.net\/arhiva\/porodica-koju-je-bahati-mladic-pri-150-km-h-udario-kolima-ponovo-prozivljava-strahote-posle-stravicnog-snimka\/\"]}]},{\"@type\":\"ImageObject\",\"inLanguage\":\"bs-BA\",\"@id\":\"https:\/\/sandzakpress.net\/arhiva\/porodica-koju-je-bahati-mladic-pri-150-km-h-udario-kolima-ponovo-prozivljava-strahote-posle-stravicnog-snimka\/#primaryimage\",\"url\":\"https:\/\/sandzakpress.net\/arhiva\/wp-content\/uploads\/2019\/03\/udes-krusevacki-most-696x469.jpg\",\"contentUrl\":\"https:\/\/sandzakpress.net\/arhiva\/wp-content\/uploads\/2019\/03\/udes-krusevacki-most-696x469.jpg\",\"width\":696,\"height\":469},{\"@type\":\"BreadcrumbList\",\"@id\":\"https:\/\/sandzakpress.net\/arhiva\/porodica-koju-je-bahati-mladic-pri-150-km-h-udario-kolima-ponovo-prozivljava-strahote-posle-stravicnog-snimka\/#breadcrumb\",\"itemListElement\":[{\"@type\":\"ListItem\",\"position\":1,\"name\":\"Home\",\"item\":\"https:\/\/sandzakpress.net\/arhiva\/\"},{\"@type\":\"ListItem\",\"position\":2,\"name\":\"Porodica, koju je bahati mladi\u0107 pri 150 km\/h udario kolima, ponovo pro\u017eivljava strahote posle stravi\u010dnog snimka\"}]},{\"@type\":\"WebSite\",\"@id\":\"https:\/\/sandzakpress.net\/arhiva\/#website\",\"url\":\"https:\/\/sandzakpress.net\/arhiva\/\",\"name\":\"Sand\u017eak PRESS\",\"description\":\"Prve elektronske novine u Sand\u017eaku\",\"publisher\":{\"@id\":\"https:\/\/sandzakpress.net\/arhiva\/#\/schema\/person\/6e72b67d6e51910a1117b3b483ba20bd\"},\"potentialAction\":[{\"@type\":\"SearchAction\",\"target\":{\"@type\":\"EntryPoint\",\"urlTemplate\":\"https:\/\/sandzakpress.net\/arhiva\/?s={search_term_string}\"},\"query-input\":{\"@type\":\"PropertyValueSpecification\",\"valueRequired\":true,\"valueName\":\"search_term_string\"}}],\"inLanguage\":\"bs-BA\"},{\"@type\":[\"Person\",\"Organization\"],\"@id\":\"https:\/\/sandzakpress.net\/arhiva\/#\/schema\/person\/6e72b67d6e51910a1117b3b483ba20bd\",\"name\":\"Kul\",\"image\":{\"@type\":\"ImageObject\",\"inLanguage\":\"bs-BA\",\"@id\":\"https:\/\/sandzakpress.net\/arhiva\/#\/schema\/person\/image\/\",\"url\":\"https:\/\/secure.gravatar.com\/avatar\/42263f39aa27ac04c43cab85c280eb2e?s=96&d=mm&r=pg\",\"contentUrl\":\"https:\/\/secure.gravatar.com\/avatar\/42263f39aa27ac04c43cab85c280eb2e?s=96&d=mm&r=pg\",\"caption\":\"Kul\"},\"logo\":{\"@id\":\"https:\/\/sandzakpress.net\/arhiva\/#\/schema\/person\/image\/\"}},{\"@type\":\"Person\",\"@id\":\"https:\/\/sandzakpress.net\/arhiva\/#\/schema\/person\/cb59d7e3ab91ab90dd680ad0305a6185\",\"name\":\"Agencija\",\"image\":{\"@type\":\"ImageObject\",\"inLanguage\":\"bs-BA\",\"@id\":\"https:\/\/sandzakpress.net\/arhiva\/#\/schema\/person\/image\/\",\"url\":\"https:\/\/secure.gravatar.com\/avatar\/4b7fafa80a22f0c2afe23966b3961fe0?s=96&d=mm&r=pg\",\"contentUrl\":\"https:\/\/secure.gravatar.com\/avatar\/4b7fafa80a22f0c2afe23966b3961fe0?s=96&d=mm&r=pg\",\"caption\":\"Agencija\"},\"url\":\"https:\/\/sandzakpress.net\/arhiva\/author\/agencija\/\"}]}<\/script>\n<!-- \/ Yoast SEO Premium plugin. -->","yoast_head_json":{"title":"Porodica, koju je bahati mladi\u0107 pri 150 km\/h udario kolima, ponovo pro\u017eivljava strahote posle stravi\u010dnog snimka","robots":{"index":"index","follow":"follow","max-snippet":"max-snippet:-1","max-image-preview":"max-image-preview:large","max-video-preview":"max-video-preview:-1"},"canonical":"https:\/\/sandzakpress.net\/arhiva\/porodica-koju-je-bahati-mladic-pri-150-km-h-udario-kolima-ponovo-prozivljava-strahote-posle-stravicnog-snimka\/","og_locale":"bs_BA","og_type":"article","og_title":"Porodica, koju je bahati mladi\u0107 pri 150 km\/h udario kolima, ponovo pro\u017eivljava strahote posle stravi\u010dnog snimka","og_description":"Ljekari u Novom Pazaru su ih, kako ka\u017ee njihova k\u0107erka, neodgovorno zbrinuli, a \u017eenu otpustili uz ru\u010dno napisanu otpusnu listu \u201cDva mjeseca smo brinuli za tog dje\u010dka, isto koliko i za moje roditelje. Ali otkako je ovaj snimak objavljen, gdje on brzinom od 150 km na sat ulazi u krivinu\u2026 Kao da smo ih jednom [&hellip;]","og_url":"https:\/\/sandzakpress.net\/arhiva\/porodica-koju-je-bahati-mladic-pri-150-km-h-udario-kolima-ponovo-prozivljava-strahote-posle-stravicnog-snimka\/","og_site_name":"Sand\u017eak PRESS","article_published_time":"2019-03-19T10:11:43+00:00","article_modified_time":"2019-03-19T21:27:21+00:00","og_image":[{"width":696,"height":469,"url":"https:\/\/sandzakpress.net\/arhiva\/wp-content\/uploads\/2019\/03\/udes-krusevacki-most-696x469.jpg","type":"image\/jpeg"}],"author":"Agencija","twitter_card":"summary_large_image","twitter_misc":{"Written by":"Agencija","Est. reading time":"4 minute"},"schema":{"@context":"https:\/\/schema.org","@graph":[{"@type":"Article","@id":"https:\/\/sandzakpress.net\/arhiva\/porodica-koju-je-bahati-mladic-pri-150-km-h-udario-kolima-ponovo-prozivljava-strahote-posle-stravicnog-snimka\/#article","isPartOf":{"@id":"https:\/\/sandzakpress.net\/arhiva\/porodica-koju-je-bahati-mladic-pri-150-km-h-udario-kolima-ponovo-prozivljava-strahote-posle-stravicnog-snimka\/"},"author":{"name":"Agencija","@id":"https:\/\/sandzakpress.net\/arhiva\/#\/schema\/person\/cb59d7e3ab91ab90dd680ad0305a6185"},"headline":"Porodica, koju je bahati mladi\u0107 pri 150 km\/h udario kolima, ponovo pro\u017eivljava strahote posle stravi\u010dnog snimka","datePublished":"2019-03-19T10:11:43+00:00","dateModified":"2019-03-19T21:27:21+00:00","mainEntityOfPage":{"@id":"https:\/\/sandzakpress.net\/arhiva\/porodica-koju-je-bahati-mladic-pri-150-km-h-udario-kolima-ponovo-prozivljava-strahote-posle-stravicnog-snimka\/"},"wordCount":800,"commentCount":0,"publisher":{"@id":"https:\/\/sandzakpress.net\/arhiva\/#\/schema\/person\/6e72b67d6e51910a1117b3b483ba20bd"},"image":{"@id":"https:\/\/sandzakpress.net\/arhiva\/porodica-koju-je-bahati-mladic-pri-150-km-h-udario-kolima-ponovo-prozivljava-strahote-posle-stravicnog-snimka\/#primaryimage"},"thumbnailUrl":"https:\/\/sandzakpress.net\/arhiva\/wp-content\/uploads\/2019\/03\/udes-krusevacki-most-696x469.jpg","articleSection":["Ro\u017eaje","Novi Pazar","Hronika","VIJESTI DANA"],"inLanguage":"bs-BA","potentialAction":[{"@type":"CommentAction","name":"Comment","target":["https:\/\/sandzakpress.net\/arhiva\/porodica-koju-je-bahati-mladic-pri-150-km-h-udario-kolima-ponovo-prozivljava-strahote-posle-stravicnog-snimka\/#respond"]}]},{"@type":"WebPage","@id":"https:\/\/sandzakpress.net\/arhiva\/porodica-koju-je-bahati-mladic-pri-150-km-h-udario-kolima-ponovo-prozivljava-strahote-posle-stravicnog-snimka\/","url":"https:\/\/sandzakpress.net\/arhiva\/porodica-koju-je-bahati-mladic-pri-150-km-h-udario-kolima-ponovo-prozivljava-strahote-posle-stravicnog-snimka\/","name":"Porodica, koju je bahati mladi\u0107 pri 150 km\/h udario kolima, ponovo pro\u017eivljava strahote posle stravi\u010dnog snimka","isPartOf":{"@id":"https:\/\/sandzakpress.net\/arhiva\/#website"},"primaryImageOfPage":{"@id":"https:\/\/sandzakpress.net\/arhiva\/porodica-koju-je-bahati-mladic-pri-150-km-h-udario-kolima-ponovo-prozivljava-strahote-posle-stravicnog-snimka\/#primaryimage"},"image":{"@id":"https:\/\/sandzakpress.net\/arhiva\/porodica-koju-je-bahati-mladic-pri-150-km-h-udario-kolima-ponovo-prozivljava-strahote-posle-stravicnog-snimka\/#primaryimage"},"thumbnailUrl":"https:\/\/sandzakpress.net\/arhiva\/wp-content\/uploads\/2019\/03\/udes-krusevacki-most-696x469.jpg","datePublished":"2019-03-19T10:11:43+00:00","dateModified":"2019-03-19T21:27:21+00:00","breadcrumb":{"@id":"https:\/\/sandzakpress.net\/arhiva\/porodica-koju-je-bahati-mladic-pri-150-km-h-udario-kolima-ponovo-prozivljava-strahote-posle-stravicnog-snimka\/#breadcrumb"},"inLanguage":"bs-BA","potentialAction":[{"@type":"ReadAction","target":["https:\/\/sandzakpress.net\/arhiva\/porodica-koju-je-bahati-mladic-pri-150-km-h-udario-kolima-ponovo-prozivljava-strahote-posle-stravicnog-snimka\/"]}]},{"@type":"ImageObject","inLanguage":"bs-BA","@id":"https:\/\/sandzakpress.net\/arhiva\/porodica-koju-je-bahati-mladic-pri-150-km-h-udario-kolima-ponovo-prozivljava-strahote-posle-stravicnog-snimka\/#primaryimage","url":"https:\/\/sandzakpress.net\/arhiva\/wp-content\/uploads\/2019\/03\/udes-krusevacki-most-696x469.jpg","contentUrl":"https:\/\/sandzakpress.net\/arhiva\/wp-content\/uploads\/2019\/03\/udes-krusevacki-most-696x469.jpg","width":696,"height":469},{"@type":"BreadcrumbList","@id":"https:\/\/sandzakpress.net\/arhiva\/porodica-koju-je-bahati-mladic-pri-150-km-h-udario-kolima-ponovo-prozivljava-strahote-posle-stravicnog-snimka\/#breadcrumb","itemListElement":[{"@type":"ListItem","position":1,"name":"Home","item":"https:\/\/sandzakpress.net\/arhiva\/"},{"@type":"ListItem","position":2,"name":"Porodica, koju je bahati mladi\u0107 pri 150 km\/h udario kolima, ponovo pro\u017eivljava strahote posle stravi\u010dnog snimka"}]},{"@type":"WebSite","@id":"https:\/\/sandzakpress.net\/arhiva\/#website","url":"https:\/\/sandzakpress.net\/arhiva\/","name":"Sand\u017eak PRESS","description":"Prve elektronske novine u Sand\u017eaku","publisher":{"@id":"https:\/\/sandzakpress.net\/arhiva\/#\/schema\/person\/6e72b67d6e51910a1117b3b483ba20bd"},"potentialAction":[{"@type":"SearchAction","target":{"@type":"EntryPoint","urlTemplate":"https:\/\/sandzakpress.net\/arhiva\/?s={search_term_string}"},"query-input":{"@type":"PropertyValueSpecification","valueRequired":true,"valueName":"search_term_string"}}],"inLanguage":"bs-BA"},{"@type":["Person","Organization"],"@id":"https:\/\/sandzakpress.net\/arhiva\/#\/schema\/person\/6e72b67d6e51910a1117b3b483ba20bd","name":"Kul","image":{"@type":"ImageObject","inLanguage":"bs-BA","@id":"https:\/\/sandzakpress.net\/arhiva\/#\/schema\/person\/image\/","url":"https:\/\/secure.gravatar.com\/avatar\/42263f39aa27ac04c43cab85c280eb2e?s=96&d=mm&r=pg","contentUrl":"https:\/\/secure.gravatar.com\/avatar\/42263f39aa27ac04c43cab85c280eb2e?s=96&d=mm&r=pg","caption":"Kul"},"logo":{"@id":"https:\/\/sandzakpress.net\/arhiva\/#\/schema\/person\/image\/"}},{"@type":"Person","@id":"https:\/\/sandzakpress.net\/arhiva\/#\/schema\/person\/cb59d7e3ab91ab90dd680ad0305a6185","name":"Agencija","image":{"@type":"ImageObject","inLanguage":"bs-BA","@id":"https:\/\/sandzakpress.net\/arhiva\/#\/schema\/person\/image\/","url":"https:\/\/secure.gravatar.com\/avatar\/4b7fafa80a22f0c2afe23966b3961fe0?s=96&d=mm&r=pg","contentUrl":"https:\/\/secure.gravatar.com\/avatar\/4b7fafa80a22f0c2afe23966b3961fe0?s=96&d=mm&r=pg","caption":"Agencija"},"url":"https:\/\/sandzakpress.net\/arhiva\/author\/agencija\/"}]}},"_links":{"self":[{"href":"https:\/\/sandzakpress.net\/arhiva\/wp-json\/wp\/v2\/posts\/219958"}],"collection":[{"href":"https:\/\/sandzakpress.net\/arhiva\/wp-json\/wp\/v2\/posts"}],"about":[{"href":"https:\/\/sandzakpress.net\/arhiva\/wp-json\/wp\/v2\/types\/post"}],"author":[{"embeddable":true,"href":"https:\/\/sandzakpress.net\/arhiva\/wp-json\/wp\/v2\/users\/509"}],"replies":[{"embeddable":true,"href":"https:\/\/sandzakpress.net\/arhiva\/wp-json\/wp\/v2\/comments?post=219958"}],"version-history":[{"count":0,"href":"https:\/\/sandzakpress.net\/arhiva\/wp-json\/wp\/v2\/posts\/219958\/revisions"}],"wp:featuredmedia":[{"embeddable":true,"href":"https:\/\/sandzakpress.net\/arhiva\/wp-json\/wp\/v2\/media\/219959"}],"wp:attachment":[{"href":"https:\/\/sandzakpress.net\/arhiva\/wp-json\/wp\/v2\/media?parent=219958"}],"wp:term":[{"taxonomy":"category","embeddable":true,"href":"https:\/\/sandzakpress.net\/arhiva\/wp-json\/wp\/v2\/categories?post=219958"},{"taxonomy":"post_tag","embeddable":true,"href":"https:\/\/sandzakpress.net\/arhiva\/wp-json\/wp\/v2\/tags?post=219958"}],"curies":[{"name":"wp","href":"https:\/\/api.w.org\/{rel}","templated":true}]}}