{"id":219795,"date":"2019-03-17T10:39:58","date_gmt":"2019-03-17T09:39:58","guid":{"rendered":"https:\/\/sandzakpress.net\/arhiva\/?p=219795"},"modified":"2019-03-17T10:39:58","modified_gmt":"2019-03-17T09:39:58","slug":"predsjednik-markovic-u-plavu-vlada-obezbijedila-milion-eura-vise-za-plav","status":"publish","type":"post","link":"https:\/\/sandzakpress.net\/arhiva\/predsjednik-markovic-u-plavu-vlada-obezbijedila-milion-eura-vise-za-plav\/","title":{"rendered":"Predsjednik Markovi\u0107 u Plavu: Vlada obezbijedila milion eura vi\u0161e za Plav"},"content":{"rendered":"<div class=\"single-intro\">\n<p><img loading=\"lazy\" decoding=\"async\" class=\"alignnone size-full wp-image-219797\" src=\"https:\/\/sandzakpress.net\/arhiva\/wp-content\/uploads\/2019\/03\/GetImage.jpeg\" alt=\"\" width=\"470\" height=\"304\" srcset=\"https:\/\/sandzakpress.net\/arhiva\/wp-content\/uploads\/2019\/03\/GetImage.jpeg 470w, https:\/\/sandzakpress.net\/arhiva\/wp-content\/uploads\/2019\/03\/GetImage-100x65.jpeg 100w\" sizes=\"(max-width: 470px) 100vw, 470px\" \/><\/p>\n<\/div>\n<div class=\"single-text\">\n<div><strong>Vlada Crne Gore obezbijedila je milion eura vi\u0161e iz dr\u017eavnog bud\u017eeta za op\u0161tinu Plav za 2019. godinu, kazao je predsjednik Vlade\u00a0Du\u0161ko Markovi\u0107\u00a0na sastanku sa lokalnim rukovodstvom.\u00a0<\/strong><\/div>\n<div>\u00a0<\/div>\n<div>\u201cDo\u0161ao sam u Plav da bismo mijenjali stvari na bolje i da bi Plavljani osjetili benefite Vladine politike regionalnog razvoja\u201d, kazao je predsjednik Markovi\u0107.\u00a0<\/div>\n<div>\u00a0<\/div>\n<div>Premijer je ukazao na va\u017enost stabilizacije lokalnih javnih finansija, ali i ukazao na izda\u0161nu podr\u0161ku Vlade kako kroz direktnu bud\u017eetsku podr\u0161ku tako i kroz investicije iz Kapitalnog bud\u017eeta, koji je najve\u0107i od obnove nezavisnosti Crne Gore. Tako\u0111e, premijer je saop\u0161tio da sjever mo\u017ee o\u010dekivati zna\u010dajne benefite i od programa ekonomskog dr\u017eavljanstva od kojeg \u0107e sredstva biti kori\u0161\u0107ena za izgradnju infrastrukture u op\u0161tinama na sjeveru.\u00a0<\/div>\n<div>\u00a0<\/div>\n<div>Na sastanku je saop\u0161teno da su u toku brojni infrastrukturni projekti vrijedni preko 1,5 miliona eura, a posebno su va\u017eni milion eura vrijednih projekti dje\u010dijeg igrali\u0161ta i sportskih terena, kao i rekonstrukcija \u0161kole u Vojnom selu.\u00a0<\/div>\n<div>\u00a0<\/div>\n<div>Istaknut je zna\u010daj puteva Plav &#8211; De\u010dani, Plav &#8211; Bogi\u0107evica, kao i putnog pravca od Podgorice preko Dino\u0161e do Cijevne Zatrijeba\u010dke koji \u0107e pribli\u017eiti Plav centralnom i ju\u017enom dijelu dr\u017eave, a koji je vrijedan 11 miliona eura.\u00a0<\/div>\n<div>\u00a0<\/div>\n<div>Zajedni\u010dki je konstatovan zna\u010daj revitalizacije i za\u0161tite Plavskog jezera bez kojeg se Plav ne mo\u017ee razvijati i iskoristiti svoje potencijale.\u00a0<\/div>\n<div>\u00a0<\/div>\n<div>Predsjednik opstine Plav\u00a0<strong>Mirsad Barjaktarevi\u0107<\/strong>\u00a0je izrazio zadovoljstvo posjetom, i pozitivno ocijenio ukupni doprinos predsjednika Vlade razvoju sjevera.\u00a0<\/div>\n<div>\u00a0<\/div>\n<div>\u201cVi ste prijatelj svih nas u lokalnim samoupravama i borac za razvoj Sjevera\u201d, kazao je predsjednik Skup\u0161tine opstine Plav\u00a0<strong>\u0160efket Jevri\u0107<\/strong>.\u00a0<\/div>\n<\/div>\n<div class=\"youtube-embed\" data-video_id=\"FSxEHFjciQE\"><iframe loading=\"lazy\" title=\"2019 03 15   Predsjednik Vlade Du\u0161ko Markovi\u0107\u2013 radna posjeta Op\u0161tini Plav\" width=\"696\" height=\"392\" src=\"https:\/\/www.youtube.com\/embed\/FSxEHFjciQE?feature=oembed&#038;enablejsapi=1\" frameborder=\"0\" allow=\"accelerometer; autoplay; encrypted-media; gyroscope; picture-in-picture\" allowfullscreen><\/iframe><\/div>\n","protected":false},"excerpt":{"rendered":"<p>Vlada Crne Gore obezbijedila je milion eura vi\u0161e iz dr\u017eavnog bud\u017eeta za op\u0161tinu Plav za 2019. godinu, kazao je predsjednik Vlade\u00a0Du\u0161ko Markovi\u0107\u00a0na sastanku sa lokalnim rukovodstvom.\u00a0 \u00a0 \u201cDo\u0161ao sam u Plav da bismo mijenjali stvari na bolje i da bi Plavljani osjetili benefite Vladine politike regionalnog razvoja\u201d, kazao je predsjednik Markovi\u0107.\u00a0 \u00a0 Premijer je ukazao [&hellip;]<\/p>\n","protected":false},"author":509,"featured_media":219797,"comment_status":"open","ping_status":"open","sticky":false,"template":"","format":"standard","meta":{"footnotes":""},"categories":[1,399,8957],"tags":[],"class_list":{"0":"post-219795","1":"post","2":"type-post","3":"status-publish","4":"format-standard","5":"has-post-thumbnail","7":"category-politika","8":"category-plav_","9":"category-vijesti-dana"},"yoast_head":"<!-- This site is optimized with the Yoast SEO Premium plugin v23.1 (Yoast SEO v24.9) - https:\/\/yoast.com\/wordpress\/plugins\/seo\/ -->\n<title>Predsjednik Markovi\u0107 u Plavu: Vlada obezbijedila milion eura vi\u0161e za Plav<\/title>\n<meta name=\"robots\" content=\"index, follow, max-snippet:-1, max-image-preview:large, max-video-preview:-1\" \/>\n<link rel=\"canonical\" href=\"https:\/\/sandzakpress.net\/arhiva\/predsjednik-markovic-u-plavu-vlada-obezbijedila-milion-eura-vise-za-plav\/\" \/>\n<meta property=\"og:locale\" content=\"bs_BA\" \/>\n<meta property=\"og:type\" content=\"article\" \/>\n<meta property=\"og:title\" content=\"Predsjednik Markovi\u0107 u Plavu: Vlada obezbijedila milion eura vi\u0161e za Plav\" \/>\n<meta property=\"og:description\" content=\"Vlada Crne Gore obezbijedila je milion eura vi\u0161e iz dr\u017eavnog bud\u017eeta za op\u0161tinu Plav za 2019. godinu, kazao je predsjednik Vlade\u00a0Du\u0161ko Markovi\u0107\u00a0na sastanku sa lokalnim rukovodstvom.\u00a0 \u00a0 \u201cDo\u0161ao sam u Plav da bismo mijenjali stvari na bolje i da bi Plavljani osjetili benefite Vladine politike regionalnog razvoja\u201d, kazao je predsjednik Markovi\u0107.\u00a0 \u00a0 Premijer je ukazao [&hellip;]\" \/>\n<meta property=\"og:url\" content=\"https:\/\/sandzakpress.net\/arhiva\/predsjednik-markovic-u-plavu-vlada-obezbijedila-milion-eura-vise-za-plav\/\" \/>\n<meta property=\"og:site_name\" content=\"Sand\u017eak PRESS\" \/>\n<meta property=\"article:published_time\" content=\"2019-03-17T09:39:58+00:00\" \/>\n<meta property=\"og:image\" content=\"https:\/\/sandzakpress.net\/arhiva\/wp-content\/uploads\/2019\/03\/GetImage.jpeg\" \/>\n\t<meta property=\"og:image:width\" content=\"470\" \/>\n\t<meta property=\"og:image:height\" content=\"304\" \/>\n\t<meta property=\"og:image:type\" content=\"image\/jpeg\" \/>\n<meta name=\"author\" content=\"Agencija\" \/>\n<meta name=\"twitter:card\" content=\"summary_large_image\" \/>\n<meta name=\"twitter:label1\" content=\"Written by\" \/>\n\t<meta name=\"twitter:data1\" content=\"Agencija\" \/>\n\t<meta name=\"twitter:label2\" content=\"Est. reading time\" \/>\n\t<meta name=\"twitter:data2\" content=\"1 minuta\" \/>\n<script type=\"application\/ld+json\" class=\"yoast-schema-graph\">{\"@context\":\"https:\/\/schema.org\",\"@graph\":[{\"@type\":\"Article\",\"@id\":\"https:\/\/sandzakpress.net\/arhiva\/predsjednik-markovic-u-plavu-vlada-obezbijedila-milion-eura-vise-za-plav\/#article\",\"isPartOf\":{\"@id\":\"https:\/\/sandzakpress.net\/arhiva\/predsjednik-markovic-u-plavu-vlada-obezbijedila-milion-eura-vise-za-plav\/\"},\"author\":{\"name\":\"Agencija\",\"@id\":\"https:\/\/sandzakpress.net\/arhiva\/#\/schema\/person\/cb59d7e3ab91ab90dd680ad0305a6185\"},\"headline\":\"Predsjednik Markovi\u0107 u Plavu: Vlada obezbijedila milion eura vi\u0161e za Plav\",\"datePublished\":\"2019-03-17T09:39:58+00:00\",\"mainEntityOfPage\":{\"@id\":\"https:\/\/sandzakpress.net\/arhiva\/predsjednik-markovic-u-plavu-vlada-obezbijedila-milion-eura-vise-za-plav\/\"},\"wordCount\":302,\"commentCount\":0,\"publisher\":{\"@id\":\"https:\/\/sandzakpress.net\/arhiva\/#\/schema\/person\/6e72b67d6e51910a1117b3b483ba20bd\"},\"image\":{\"@id\":\"https:\/\/sandzakpress.net\/arhiva\/predsjednik-markovic-u-plavu-vlada-obezbijedila-milion-eura-vise-za-plav\/#primaryimage\"},\"thumbnailUrl\":\"https:\/\/sandzakpress.net\/arhiva\/wp-content\/uploads\/2019\/03\/GetImage.jpeg\",\"articleSection\":[\"Politika\",\"Plav\",\"VIJESTI DANA\"],\"inLanguage\":\"bs-BA\",\"potentialAction\":[{\"@type\":\"CommentAction\",\"name\":\"Comment\",\"target\":[\"https:\/\/sandzakpress.net\/arhiva\/predsjednik-markovic-u-plavu-vlada-obezbijedila-milion-eura-vise-za-plav\/#respond\"]}]},{\"@type\":\"WebPage\",\"@id\":\"https:\/\/sandzakpress.net\/arhiva\/predsjednik-markovic-u-plavu-vlada-obezbijedila-milion-eura-vise-za-plav\/\",\"url\":\"https:\/\/sandzakpress.net\/arhiva\/predsjednik-markovic-u-plavu-vlada-obezbijedila-milion-eura-vise-za-plav\/\",\"name\":\"Predsjednik Markovi\u0107 u Plavu: Vlada obezbijedila milion eura vi\u0161e za Plav\",\"isPartOf\":{\"@id\":\"https:\/\/sandzakpress.net\/arhiva\/#website\"},\"primaryImageOfPage\":{\"@id\":\"https:\/\/sandzakpress.net\/arhiva\/predsjednik-markovic-u-plavu-vlada-obezbijedila-milion-eura-vise-za-plav\/#primaryimage\"},\"image\":{\"@id\":\"https:\/\/sandzakpress.net\/arhiva\/predsjednik-markovic-u-plavu-vlada-obezbijedila-milion-eura-vise-za-plav\/#primaryimage\"},\"thumbnailUrl\":\"https:\/\/sandzakpress.net\/arhiva\/wp-content\/uploads\/2019\/03\/GetImage.jpeg\",\"datePublished\":\"2019-03-17T09:39:58+00:00\",\"breadcrumb\":{\"@id\":\"https:\/\/sandzakpress.net\/arhiva\/predsjednik-markovic-u-plavu-vlada-obezbijedila-milion-eura-vise-za-plav\/#breadcrumb\"},\"inLanguage\":\"bs-BA\",\"potentialAction\":[{\"@type\":\"ReadAction\",\"target\":[\"https:\/\/sandzakpress.net\/arhiva\/predsjednik-markovic-u-plavu-vlada-obezbijedila-milion-eura-vise-za-plav\/\"]}]},{\"@type\":\"ImageObject\",\"inLanguage\":\"bs-BA\",\"@id\":\"https:\/\/sandzakpress.net\/arhiva\/predsjednik-markovic-u-plavu-vlada-obezbijedila-milion-eura-vise-za-plav\/#primaryimage\",\"url\":\"https:\/\/sandzakpress.net\/arhiva\/wp-content\/uploads\/2019\/03\/GetImage.jpeg\",\"contentUrl\":\"https:\/\/sandzakpress.net\/arhiva\/wp-content\/uploads\/2019\/03\/GetImage.jpeg\",\"width\":470,\"height\":304},{\"@type\":\"BreadcrumbList\",\"@id\":\"https:\/\/sandzakpress.net\/arhiva\/predsjednik-markovic-u-plavu-vlada-obezbijedila-milion-eura-vise-za-plav\/#breadcrumb\",\"itemListElement\":[{\"@type\":\"ListItem\",\"position\":1,\"name\":\"Home\",\"item\":\"https:\/\/sandzakpress.net\/arhiva\/\"},{\"@type\":\"ListItem\",\"position\":2,\"name\":\"Predsjednik Markovi\u0107 u Plavu: Vlada obezbijedila milion eura vi\u0161e za Plav\"}]},{\"@type\":\"WebSite\",\"@id\":\"https:\/\/sandzakpress.net\/arhiva\/#website\",\"url\":\"https:\/\/sandzakpress.net\/arhiva\/\",\"name\":\"Sand\u017eak PRESS\",\"description\":\"Prve elektronske novine u Sand\u017eaku\",\"publisher\":{\"@id\":\"https:\/\/sandzakpress.net\/arhiva\/#\/schema\/person\/6e72b67d6e51910a1117b3b483ba20bd\"},\"potentialAction\":[{\"@type\":\"SearchAction\",\"target\":{\"@type\":\"EntryPoint\",\"urlTemplate\":\"https:\/\/sandzakpress.net\/arhiva\/?s={search_term_string}\"},\"query-input\":{\"@type\":\"PropertyValueSpecification\",\"valueRequired\":true,\"valueName\":\"search_term_string\"}}],\"inLanguage\":\"bs-BA\"},{\"@type\":[\"Person\",\"Organization\"],\"@id\":\"https:\/\/sandzakpress.net\/arhiva\/#\/schema\/person\/6e72b67d6e51910a1117b3b483ba20bd\",\"name\":\"Kul\",\"image\":{\"@type\":\"ImageObject\",\"inLanguage\":\"bs-BA\",\"@id\":\"https:\/\/sandzakpress.net\/arhiva\/#\/schema\/person\/image\/\",\"url\":\"https:\/\/secure.gravatar.com\/avatar\/42263f39aa27ac04c43cab85c280eb2e?s=96&d=mm&r=pg\",\"contentUrl\":\"https:\/\/secure.gravatar.com\/avatar\/42263f39aa27ac04c43cab85c280eb2e?s=96&d=mm&r=pg\",\"caption\":\"Kul\"},\"logo\":{\"@id\":\"https:\/\/sandzakpress.net\/arhiva\/#\/schema\/person\/image\/\"}},{\"@type\":\"Person\",\"@id\":\"https:\/\/sandzakpress.net\/arhiva\/#\/schema\/person\/cb59d7e3ab91ab90dd680ad0305a6185\",\"name\":\"Agencija\",\"image\":{\"@type\":\"ImageObject\",\"inLanguage\":\"bs-BA\",\"@id\":\"https:\/\/sandzakpress.net\/arhiva\/#\/schema\/person\/image\/\",\"url\":\"https:\/\/secure.gravatar.com\/avatar\/4b7fafa80a22f0c2afe23966b3961fe0?s=96&d=mm&r=pg\",\"contentUrl\":\"https:\/\/secure.gravatar.com\/avatar\/4b7fafa80a22f0c2afe23966b3961fe0?s=96&d=mm&r=pg\",\"caption\":\"Agencija\"},\"url\":\"https:\/\/sandzakpress.net\/arhiva\/author\/agencija\/\"}]}<\/script>\n<!-- \/ Yoast SEO Premium plugin. -->","yoast_head_json":{"title":"Predsjednik Markovi\u0107 u Plavu: Vlada obezbijedila milion eura vi\u0161e za Plav","robots":{"index":"index","follow":"follow","max-snippet":"max-snippet:-1","max-image-preview":"max-image-preview:large","max-video-preview":"max-video-preview:-1"},"canonical":"https:\/\/sandzakpress.net\/arhiva\/predsjednik-markovic-u-plavu-vlada-obezbijedila-milion-eura-vise-za-plav\/","og_locale":"bs_BA","og_type":"article","og_title":"Predsjednik Markovi\u0107 u Plavu: Vlada obezbijedila milion eura vi\u0161e za Plav","og_description":"Vlada Crne Gore obezbijedila je milion eura vi\u0161e iz dr\u017eavnog bud\u017eeta za op\u0161tinu Plav za 2019. godinu, kazao je predsjednik Vlade\u00a0Du\u0161ko Markovi\u0107\u00a0na sastanku sa lokalnim rukovodstvom.\u00a0 \u00a0 \u201cDo\u0161ao sam u Plav da bismo mijenjali stvari na bolje i da bi Plavljani osjetili benefite Vladine politike regionalnog razvoja\u201d, kazao je predsjednik Markovi\u0107.\u00a0 \u00a0 Premijer je ukazao [&hellip;]","og_url":"https:\/\/sandzakpress.net\/arhiva\/predsjednik-markovic-u-plavu-vlada-obezbijedila-milion-eura-vise-za-plav\/","og_site_name":"Sand\u017eak PRESS","article_published_time":"2019-03-17T09:39:58+00:00","og_image":[{"width":470,"height":304,"url":"https:\/\/sandzakpress.net\/arhiva\/wp-content\/uploads\/2019\/03\/GetImage.jpeg","type":"image\/jpeg"}],"author":"Agencija","twitter_card":"summary_large_image","twitter_misc":{"Written by":"Agencija","Est. reading time":"1 minuta"},"schema":{"@context":"https:\/\/schema.org","@graph":[{"@type":"Article","@id":"https:\/\/sandzakpress.net\/arhiva\/predsjednik-markovic-u-plavu-vlada-obezbijedila-milion-eura-vise-za-plav\/#article","isPartOf":{"@id":"https:\/\/sandzakpress.net\/arhiva\/predsjednik-markovic-u-plavu-vlada-obezbijedila-milion-eura-vise-za-plav\/"},"author":{"name":"Agencija","@id":"https:\/\/sandzakpress.net\/arhiva\/#\/schema\/person\/cb59d7e3ab91ab90dd680ad0305a6185"},"headline":"Predsjednik Markovi\u0107 u Plavu: Vlada obezbijedila milion eura vi\u0161e za Plav","datePublished":"2019-03-17T09:39:58+00:00","mainEntityOfPage":{"@id":"https:\/\/sandzakpress.net\/arhiva\/predsjednik-markovic-u-plavu-vlada-obezbijedila-milion-eura-vise-za-plav\/"},"wordCount":302,"commentCount":0,"publisher":{"@id":"https:\/\/sandzakpress.net\/arhiva\/#\/schema\/person\/6e72b67d6e51910a1117b3b483ba20bd"},"image":{"@id":"https:\/\/sandzakpress.net\/arhiva\/predsjednik-markovic-u-plavu-vlada-obezbijedila-milion-eura-vise-za-plav\/#primaryimage"},"thumbnailUrl":"https:\/\/sandzakpress.net\/arhiva\/wp-content\/uploads\/2019\/03\/GetImage.jpeg","articleSection":["Politika","Plav","VIJESTI DANA"],"inLanguage":"bs-BA","potentialAction":[{"@type":"CommentAction","name":"Comment","target":["https:\/\/sandzakpress.net\/arhiva\/predsjednik-markovic-u-plavu-vlada-obezbijedila-milion-eura-vise-za-plav\/#respond"]}]},{"@type":"WebPage","@id":"https:\/\/sandzakpress.net\/arhiva\/predsjednik-markovic-u-plavu-vlada-obezbijedila-milion-eura-vise-za-plav\/","url":"https:\/\/sandzakpress.net\/arhiva\/predsjednik-markovic-u-plavu-vlada-obezbijedila-milion-eura-vise-za-plav\/","name":"Predsjednik Markovi\u0107 u Plavu: Vlada obezbijedila milion eura vi\u0161e za Plav","isPartOf":{"@id":"https:\/\/sandzakpress.net\/arhiva\/#website"},"primaryImageOfPage":{"@id":"https:\/\/sandzakpress.net\/arhiva\/predsjednik-markovic-u-plavu-vlada-obezbijedila-milion-eura-vise-za-plav\/#primaryimage"},"image":{"@id":"https:\/\/sandzakpress.net\/arhiva\/predsjednik-markovic-u-plavu-vlada-obezbijedila-milion-eura-vise-za-plav\/#primaryimage"},"thumbnailUrl":"https:\/\/sandzakpress.net\/arhiva\/wp-content\/uploads\/2019\/03\/GetImage.jpeg","datePublished":"2019-03-17T09:39:58+00:00","breadcrumb":{"@id":"https:\/\/sandzakpress.net\/arhiva\/predsjednik-markovic-u-plavu-vlada-obezbijedila-milion-eura-vise-za-plav\/#breadcrumb"},"inLanguage":"bs-BA","potentialAction":[{"@type":"ReadAction","target":["https:\/\/sandzakpress.net\/arhiva\/predsjednik-markovic-u-plavu-vlada-obezbijedila-milion-eura-vise-za-plav\/"]}]},{"@type":"ImageObject","inLanguage":"bs-BA","@id":"https:\/\/sandzakpress.net\/arhiva\/predsjednik-markovic-u-plavu-vlada-obezbijedila-milion-eura-vise-za-plav\/#primaryimage","url":"https:\/\/sandzakpress.net\/arhiva\/wp-content\/uploads\/2019\/03\/GetImage.jpeg","contentUrl":"https:\/\/sandzakpress.net\/arhiva\/wp-content\/uploads\/2019\/03\/GetImage.jpeg","width":470,"height":304},{"@type":"BreadcrumbList","@id":"https:\/\/sandzakpress.net\/arhiva\/predsjednik-markovic-u-plavu-vlada-obezbijedila-milion-eura-vise-za-plav\/#breadcrumb","itemListElement":[{"@type":"ListItem","position":1,"name":"Home","item":"https:\/\/sandzakpress.net\/arhiva\/"},{"@type":"ListItem","position":2,"name":"Predsjednik Markovi\u0107 u Plavu: Vlada obezbijedila milion eura vi\u0161e za Plav"}]},{"@type":"WebSite","@id":"https:\/\/sandzakpress.net\/arhiva\/#website","url":"https:\/\/sandzakpress.net\/arhiva\/","name":"Sand\u017eak PRESS","description":"Prve elektronske novine u Sand\u017eaku","publisher":{"@id":"https:\/\/sandzakpress.net\/arhiva\/#\/schema\/person\/6e72b67d6e51910a1117b3b483ba20bd"},"potentialAction":[{"@type":"SearchAction","target":{"@type":"EntryPoint","urlTemplate":"https:\/\/sandzakpress.net\/arhiva\/?s={search_term_string}"},"query-input":{"@type":"PropertyValueSpecification","valueRequired":true,"valueName":"search_term_string"}}],"inLanguage":"bs-BA"},{"@type":["Person","Organization"],"@id":"https:\/\/sandzakpress.net\/arhiva\/#\/schema\/person\/6e72b67d6e51910a1117b3b483ba20bd","name":"Kul","image":{"@type":"ImageObject","inLanguage":"bs-BA","@id":"https:\/\/sandzakpress.net\/arhiva\/#\/schema\/person\/image\/","url":"https:\/\/secure.gravatar.com\/avatar\/42263f39aa27ac04c43cab85c280eb2e?s=96&d=mm&r=pg","contentUrl":"https:\/\/secure.gravatar.com\/avatar\/42263f39aa27ac04c43cab85c280eb2e?s=96&d=mm&r=pg","caption":"Kul"},"logo":{"@id":"https:\/\/sandzakpress.net\/arhiva\/#\/schema\/person\/image\/"}},{"@type":"Person","@id":"https:\/\/sandzakpress.net\/arhiva\/#\/schema\/person\/cb59d7e3ab91ab90dd680ad0305a6185","name":"Agencija","image":{"@type":"ImageObject","inLanguage":"bs-BA","@id":"https:\/\/sandzakpress.net\/arhiva\/#\/schema\/person\/image\/","url":"https:\/\/secure.gravatar.com\/avatar\/4b7fafa80a22f0c2afe23966b3961fe0?s=96&d=mm&r=pg","contentUrl":"https:\/\/secure.gravatar.com\/avatar\/4b7fafa80a22f0c2afe23966b3961fe0?s=96&d=mm&r=pg","caption":"Agencija"},"url":"https:\/\/sandzakpress.net\/arhiva\/author\/agencija\/"}]}},"_links":{"self":[{"href":"https:\/\/sandzakpress.net\/arhiva\/wp-json\/wp\/v2\/posts\/219795"}],"collection":[{"href":"https:\/\/sandzakpress.net\/arhiva\/wp-json\/wp\/v2\/posts"}],"about":[{"href":"https:\/\/sandzakpress.net\/arhiva\/wp-json\/wp\/v2\/types\/post"}],"author":[{"embeddable":true,"href":"https:\/\/sandzakpress.net\/arhiva\/wp-json\/wp\/v2\/users\/509"}],"replies":[{"embeddable":true,"href":"https:\/\/sandzakpress.net\/arhiva\/wp-json\/wp\/v2\/comments?post=219795"}],"version-history":[{"count":0,"href":"https:\/\/sandzakpress.net\/arhiva\/wp-json\/wp\/v2\/posts\/219795\/revisions"}],"wp:featuredmedia":[{"embeddable":true,"href":"https:\/\/sandzakpress.net\/arhiva\/wp-json\/wp\/v2\/media\/219797"}],"wp:attachment":[{"href":"https:\/\/sandzakpress.net\/arhiva\/wp-json\/wp\/v2\/media?parent=219795"}],"wp:term":[{"taxonomy":"category","embeddable":true,"href":"https:\/\/sandzakpress.net\/arhiva\/wp-json\/wp\/v2\/categories?post=219795"},{"taxonomy":"post_tag","embeddable":true,"href":"https:\/\/sandzakpress.net\/arhiva\/wp-json\/wp\/v2\/tags?post=219795"}],"curies":[{"name":"wp","href":"https:\/\/api.w.org\/{rel}","templated":true}]}}