{"id":219753,"date":"2019-03-16T19:16:26","date_gmt":"2019-03-16T18:16:26","guid":{"rendered":"https:\/\/sandzakpress.net\/arhiva\/?p=219753"},"modified":"2019-03-16T19:16:26","modified_gmt":"2019-03-16T18:16:26","slug":"cetnici-kroz-gusle-gaje-san-o-silovanju-mislimanki-n-pazara","status":"publish","type":"post","link":"https:\/\/sandzakpress.net\/arhiva\/cetnici-kroz-gusle-gaje-san-o-silovanju-mislimanki-n-pazara\/","title":{"rendered":"\u010cetnici kroz gusle gaje san o silovanju mislimanki N. Pazara"},"content":{"rendered":"<p><img decoding=\"async\" src=\"https:\/\/img.youtube.com\/vi\/Y7C15UROX-4\/hqdefault.jpg\" \/><\/p>\n<p><strong>Na Youtubeu je jo\u0161 2008. godine objavljena stara guslarska pjesma u kojoj \u010detnici njeguju genocidne fantazije o silovanju muslimanki Pazara.<\/strong><\/p>\n<p><iframe loading=\"lazy\" title=\"Srpski Guslar - Janko - Fata Iz Novog Pazara\" width=\"696\" height=\"522\" src=\"https:\/\/www.youtube.com\/embed\/Y7C15UROX-4?feature=oembed\" frameborder=\"0\" allow=\"accelerometer; autoplay; encrypted-media; gyroscope; picture-in-picture\" allowfullscreen><\/iframe><\/p>\n<p>1943. su \u010detnici poku\u0161ali zauzeti Novi Pazar i izvr\u0161iti genocid kakav se dogodio u zapadnom Sand\u017eaku, me\u0111utim, odbrana na \u010delu sa A\u0107if efendijom komandantom i saveznicima sa Kosova je uspijela da odbrani Novi Pazar.<\/p>\n<p>Guslarska udru\u017eenja djeluju \u0161irom Srbije i Crne Gore, kroz koje se njeguje genocidna tradicija mr\u017enje prema muslimanima.<\/p>\n<blockquote class=\"wp-embedded-content\" data-secret=\"DxViB9cnW9\"><p><a href=\"https:\/\/sandzakpress.net\/arhiva\/pogledajte-srbi-u-bratuncu-oj-pazaru-novi-vukovaru-oj-sjenice-nova-srebrenice\/\">POGLEDAJTE: Srbi u Bratuncu pjevaju: \u201cOj Pazaru novi Vukovaru, oj Sjenice nova Srebrenice \u2026\u201d<\/a><\/p><\/blockquote>\n<p><iframe loading=\"lazy\" class=\"wp-embedded-content\" sandbox=\"allow-scripts\" security=\"restricted\" style=\"position: absolute; visibility: hidden;\" title=\"&#8220;POGLEDAJTE: Srbi u Bratuncu pjevaju: \u201cOj Pazaru novi Vukovaru, oj Sjenice nova Srebrenice \u2026\u201d&#8221; &#8212; Sand\u017eak PRESS\" src=\"https:\/\/sandzakpress.net\/arhiva\/pogledajte-srbi-u-bratuncu-oj-pazaru-novi-vukovaru-oj-sjenice-nova-srebrenice\/embed\/#?secret=PhL9gbwB9s#?secret=DxViB9cnW9\" data-secret=\"DxViB9cnW9\" width=\"600\" height=\"338\" frameborder=\"0\" marginwidth=\"0\" marginheight=\"0\" scrolling=\"no\"><\/iframe><\/p>\n<blockquote class=\"wp-embedded-content\" data-secret=\"IXhsOiKGNl\"><p><a href=\"https:\/\/sandzakpress.net\/arhiva\/muftijin-odgovor-na-parole-oj-pazaru-novi-vukovaru-oj-sjenice-nova-srebrenice\/\">Muftijin odgovor na parole &#8216;Oj Pazaru novi Vukovaru, oj Sjenice nova Srebrenice&#8217;<\/a><\/p><\/blockquote>\n<p><iframe loading=\"lazy\" class=\"wp-embedded-content\" sandbox=\"allow-scripts\" security=\"restricted\" style=\"position: absolute; visibility: hidden;\" title=\"&#8220;Muftijin odgovor na parole &#8216;Oj Pazaru novi Vukovaru, oj Sjenice nova Srebrenice&#8217;&#8221; &#8212; Sand\u017eak PRESS\" src=\"https:\/\/sandzakpress.net\/arhiva\/muftijin-odgovor-na-parole-oj-pazaru-novi-vukovaru-oj-sjenice-nova-srebrenice\/embed\/#?secret=hAqQeObPhe#?secret=IXhsOiKGNl\" data-secret=\"IXhsOiKGNl\" width=\"600\" height=\"338\" frameborder=\"0\" marginwidth=\"0\" marginheight=\"0\" scrolling=\"no\"><\/iframe><\/p>\n<blockquote class=\"wp-embedded-content\" data-secret=\"39WWHZGbK4\"><p><a href=\"https:\/\/sandzakpress.net\/arhiva\/novi-snimak-na-svadbi-pjevali-oj-pazaru-novi-vukovaru-oj-sjenice-nova-srebrenice\/\">NOVI SNIMAK &#8211; Na svadbi pjevali: &#8220;Oj Pazaru novi Vukovaru, oj Sjenice nova Srebrenice&#8221;<\/a><\/p><\/blockquote>\n<p><iframe loading=\"lazy\" class=\"wp-embedded-content\" sandbox=\"allow-scripts\" security=\"restricted\" style=\"position: absolute; visibility: hidden;\" title=\"&#8220;NOVI SNIMAK &#8211; Na svadbi pjevali: &#8220;Oj Pazaru novi Vukovaru, oj Sjenice nova Srebrenice&#8221;&#8221; &#8212; Sand\u017eak PRESS\" src=\"https:\/\/sandzakpress.net\/arhiva\/novi-snimak-na-svadbi-pjevali-oj-pazaru-novi-vukovaru-oj-sjenice-nova-srebrenice\/embed\/#?secret=dfSKz4d5SQ#?secret=39WWHZGbK4\" data-secret=\"39WWHZGbK4\" width=\"600\" height=\"338\" frameborder=\"0\" marginwidth=\"0\" marginheight=\"0\" scrolling=\"no\"><\/iframe><\/p>\n","protected":false},"excerpt":{"rendered":"<p>Na Youtubeu je jo\u0161 2008. godine objavljena stara guslarska pjesma u kojoj \u010detnici njeguju genocidne fantazije o silovanju muslimanki Pazara. 1943. su \u010detnici poku\u0161ali zauzeti Novi Pazar i izvr\u0161iti genocid kakav se dogodio u zapadnom Sand\u017eaku, me\u0111utim, odbrana na \u010delu sa A\u0107if efendijom komandantom i saveznicima sa Kosova je uspijela da odbrani Novi Pazar. Guslarska [&hellip;]<\/p>\n","protected":false},"author":509,"featured_media":219754,"comment_status":"open","ping_status":"open","sticky":false,"template":"","format":"standard","meta":{"footnotes":""},"categories":[72,10307,8957,798,10193],"tags":[],"class_list":{"0":"post-219753","1":"post","2":"type-post","3":"status-publish","4":"format-standard","5":"has-post-thumbnail","7":"category-novi-pazar","8":"category-srbija","9":"category-vijesti-dana","10":"category-teme","11":"category-sandzak-2"},"yoast_head":"<!-- This site is optimized with the Yoast SEO Premium plugin v23.1 (Yoast SEO v24.9) - https:\/\/yoast.com\/wordpress\/plugins\/seo\/ -->\n<title>\u010cetnici kroz gusle gaje san o silovanju mislimanki N. Pazara<\/title>\n<meta name=\"robots\" content=\"index, follow, max-snippet:-1, max-image-preview:large, max-video-preview:-1\" \/>\n<link rel=\"canonical\" href=\"https:\/\/sandzakpress.net\/arhiva\/cetnici-kroz-gusle-gaje-san-o-silovanju-mislimanki-n-pazara\/\" \/>\n<meta property=\"og:locale\" content=\"bs_BA\" \/>\n<meta property=\"og:type\" content=\"article\" \/>\n<meta property=\"og:title\" content=\"\u010cetnici kroz gusle gaje san o silovanju mislimanki N. Pazara\" \/>\n<meta property=\"og:description\" content=\"Na Youtubeu je jo\u0161 2008. godine objavljena stara guslarska pjesma u kojoj \u010detnici njeguju genocidne fantazije o silovanju muslimanki Pazara. 1943. su \u010detnici poku\u0161ali zauzeti Novi Pazar i izvr\u0161iti genocid kakav se dogodio u zapadnom Sand\u017eaku, me\u0111utim, odbrana na \u010delu sa A\u0107if efendijom komandantom i saveznicima sa Kosova je uspijela da odbrani Novi Pazar. Guslarska [&hellip;]\" \/>\n<meta property=\"og:url\" content=\"https:\/\/sandzakpress.net\/arhiva\/cetnici-kroz-gusle-gaje-san-o-silovanju-mislimanki-n-pazara\/\" \/>\n<meta property=\"og:site_name\" content=\"Sand\u017eak PRESS\" \/>\n<meta property=\"article:published_time\" content=\"2019-03-16T18:16:26+00:00\" \/>\n<meta property=\"og:image\" content=\"https:\/\/sandzakpress.net\/arhiva\/wp-content\/uploads\/2019\/03\/hqdefault-6.jpg\" \/>\n\t<meta property=\"og:image:width\" content=\"480\" \/>\n\t<meta property=\"og:image:height\" content=\"360\" \/>\n\t<meta property=\"og:image:type\" content=\"image\/jpeg\" \/>\n<meta name=\"author\" content=\"Agencija\" \/>\n<meta name=\"twitter:card\" content=\"summary_large_image\" \/>\n<meta name=\"twitter:label1\" content=\"Written by\" \/>\n\t<meta name=\"twitter:data1\" content=\"Agencija\" \/>\n<script type=\"application\/ld+json\" class=\"yoast-schema-graph\">{\"@context\":\"https:\/\/schema.org\",\"@graph\":[{\"@type\":\"Article\",\"@id\":\"https:\/\/sandzakpress.net\/arhiva\/cetnici-kroz-gusle-gaje-san-o-silovanju-mislimanki-n-pazara\/#article\",\"isPartOf\":{\"@id\":\"https:\/\/sandzakpress.net\/arhiva\/cetnici-kroz-gusle-gaje-san-o-silovanju-mislimanki-n-pazara\/\"},\"author\":{\"name\":\"Agencija\",\"@id\":\"https:\/\/sandzakpress.net\/arhiva\/#\/schema\/person\/cb59d7e3ab91ab90dd680ad0305a6185\"},\"headline\":\"\u010cetnici kroz gusle gaje san o silovanju mislimanki N. Pazara\",\"datePublished\":\"2019-03-16T18:16:26+00:00\",\"mainEntityOfPage\":{\"@id\":\"https:\/\/sandzakpress.net\/arhiva\/cetnici-kroz-gusle-gaje-san-o-silovanju-mislimanki-n-pazara\/\"},\"wordCount\":108,\"commentCount\":7,\"publisher\":{\"@id\":\"https:\/\/sandzakpress.net\/arhiva\/#\/schema\/person\/6e72b67d6e51910a1117b3b483ba20bd\"},\"image\":{\"@id\":\"https:\/\/sandzakpress.net\/arhiva\/cetnici-kroz-gusle-gaje-san-o-silovanju-mislimanki-n-pazara\/#primaryimage\"},\"thumbnailUrl\":\"https:\/\/sandzakpress.net\/arhiva\/wp-content\/uploads\/2019\/03\/hqdefault-6.jpg\",\"articleSection\":[\"Novi Pazar\",\"Srbija\",\"VIJESTI DANA\",\"NAJNOVIJE\",\"Sand\u017eak\"],\"inLanguage\":\"bs-BA\",\"potentialAction\":[{\"@type\":\"CommentAction\",\"name\":\"Comment\",\"target\":[\"https:\/\/sandzakpress.net\/arhiva\/cetnici-kroz-gusle-gaje-san-o-silovanju-mislimanki-n-pazara\/#respond\"]}]},{\"@type\":\"WebPage\",\"@id\":\"https:\/\/sandzakpress.net\/arhiva\/cetnici-kroz-gusle-gaje-san-o-silovanju-mislimanki-n-pazara\/\",\"url\":\"https:\/\/sandzakpress.net\/arhiva\/cetnici-kroz-gusle-gaje-san-o-silovanju-mislimanki-n-pazara\/\",\"name\":\"\u010cetnici kroz gusle gaje san o silovanju mislimanki N. Pazara\",\"isPartOf\":{\"@id\":\"https:\/\/sandzakpress.net\/arhiva\/#website\"},\"primaryImageOfPage\":{\"@id\":\"https:\/\/sandzakpress.net\/arhiva\/cetnici-kroz-gusle-gaje-san-o-silovanju-mislimanki-n-pazara\/#primaryimage\"},\"image\":{\"@id\":\"https:\/\/sandzakpress.net\/arhiva\/cetnici-kroz-gusle-gaje-san-o-silovanju-mislimanki-n-pazara\/#primaryimage\"},\"thumbnailUrl\":\"https:\/\/sandzakpress.net\/arhiva\/wp-content\/uploads\/2019\/03\/hqdefault-6.jpg\",\"datePublished\":\"2019-03-16T18:16:26+00:00\",\"breadcrumb\":{\"@id\":\"https:\/\/sandzakpress.net\/arhiva\/cetnici-kroz-gusle-gaje-san-o-silovanju-mislimanki-n-pazara\/#breadcrumb\"},\"inLanguage\":\"bs-BA\",\"potentialAction\":[{\"@type\":\"ReadAction\",\"target\":[\"https:\/\/sandzakpress.net\/arhiva\/cetnici-kroz-gusle-gaje-san-o-silovanju-mislimanki-n-pazara\/\"]}]},{\"@type\":\"ImageObject\",\"inLanguage\":\"bs-BA\",\"@id\":\"https:\/\/sandzakpress.net\/arhiva\/cetnici-kroz-gusle-gaje-san-o-silovanju-mislimanki-n-pazara\/#primaryimage\",\"url\":\"https:\/\/sandzakpress.net\/arhiva\/wp-content\/uploads\/2019\/03\/hqdefault-6.jpg\",\"contentUrl\":\"https:\/\/sandzakpress.net\/arhiva\/wp-content\/uploads\/2019\/03\/hqdefault-6.jpg\",\"width\":480,\"height\":360},{\"@type\":\"BreadcrumbList\",\"@id\":\"https:\/\/sandzakpress.net\/arhiva\/cetnici-kroz-gusle-gaje-san-o-silovanju-mislimanki-n-pazara\/#breadcrumb\",\"itemListElement\":[{\"@type\":\"ListItem\",\"position\":1,\"name\":\"Home\",\"item\":\"https:\/\/sandzakpress.net\/arhiva\/\"},{\"@type\":\"ListItem\",\"position\":2,\"name\":\"\u010cetnici kroz gusle gaje san o silovanju mislimanki N. Pazara\"}]},{\"@type\":\"WebSite\",\"@id\":\"https:\/\/sandzakpress.net\/arhiva\/#website\",\"url\":\"https:\/\/sandzakpress.net\/arhiva\/\",\"name\":\"Sand\u017eak PRESS\",\"description\":\"Prve elektronske novine u Sand\u017eaku\",\"publisher\":{\"@id\":\"https:\/\/sandzakpress.net\/arhiva\/#\/schema\/person\/6e72b67d6e51910a1117b3b483ba20bd\"},\"potentialAction\":[{\"@type\":\"SearchAction\",\"target\":{\"@type\":\"EntryPoint\",\"urlTemplate\":\"https:\/\/sandzakpress.net\/arhiva\/?s={search_term_string}\"},\"query-input\":{\"@type\":\"PropertyValueSpecification\",\"valueRequired\":true,\"valueName\":\"search_term_string\"}}],\"inLanguage\":\"bs-BA\"},{\"@type\":[\"Person\",\"Organization\"],\"@id\":\"https:\/\/sandzakpress.net\/arhiva\/#\/schema\/person\/6e72b67d6e51910a1117b3b483ba20bd\",\"name\":\"Kul\",\"image\":{\"@type\":\"ImageObject\",\"inLanguage\":\"bs-BA\",\"@id\":\"https:\/\/sandzakpress.net\/arhiva\/#\/schema\/person\/image\/\",\"url\":\"https:\/\/secure.gravatar.com\/avatar\/42263f39aa27ac04c43cab85c280eb2e?s=96&d=mm&r=pg\",\"contentUrl\":\"https:\/\/secure.gravatar.com\/avatar\/42263f39aa27ac04c43cab85c280eb2e?s=96&d=mm&r=pg\",\"caption\":\"Kul\"},\"logo\":{\"@id\":\"https:\/\/sandzakpress.net\/arhiva\/#\/schema\/person\/image\/\"}},{\"@type\":\"Person\",\"@id\":\"https:\/\/sandzakpress.net\/arhiva\/#\/schema\/person\/cb59d7e3ab91ab90dd680ad0305a6185\",\"name\":\"Agencija\",\"image\":{\"@type\":\"ImageObject\",\"inLanguage\":\"bs-BA\",\"@id\":\"https:\/\/sandzakpress.net\/arhiva\/#\/schema\/person\/image\/\",\"url\":\"https:\/\/secure.gravatar.com\/avatar\/4b7fafa80a22f0c2afe23966b3961fe0?s=96&d=mm&r=pg\",\"contentUrl\":\"https:\/\/secure.gravatar.com\/avatar\/4b7fafa80a22f0c2afe23966b3961fe0?s=96&d=mm&r=pg\",\"caption\":\"Agencija\"},\"url\":\"https:\/\/sandzakpress.net\/arhiva\/author\/agencija\/\"}]}<\/script>\n<!-- \/ Yoast SEO Premium plugin. -->","yoast_head_json":{"title":"\u010cetnici kroz gusle gaje san o silovanju mislimanki N. Pazara","robots":{"index":"index","follow":"follow","max-snippet":"max-snippet:-1","max-image-preview":"max-image-preview:large","max-video-preview":"max-video-preview:-1"},"canonical":"https:\/\/sandzakpress.net\/arhiva\/cetnici-kroz-gusle-gaje-san-o-silovanju-mislimanki-n-pazara\/","og_locale":"bs_BA","og_type":"article","og_title":"\u010cetnici kroz gusle gaje san o silovanju mislimanki N. Pazara","og_description":"Na Youtubeu je jo\u0161 2008. godine objavljena stara guslarska pjesma u kojoj \u010detnici njeguju genocidne fantazije o silovanju muslimanki Pazara. 1943. su \u010detnici poku\u0161ali zauzeti Novi Pazar i izvr\u0161iti genocid kakav se dogodio u zapadnom Sand\u017eaku, me\u0111utim, odbrana na \u010delu sa A\u0107if efendijom komandantom i saveznicima sa Kosova je uspijela da odbrani Novi Pazar. Guslarska [&hellip;]","og_url":"https:\/\/sandzakpress.net\/arhiva\/cetnici-kroz-gusle-gaje-san-o-silovanju-mislimanki-n-pazara\/","og_site_name":"Sand\u017eak PRESS","article_published_time":"2019-03-16T18:16:26+00:00","og_image":[{"width":480,"height":360,"url":"https:\/\/sandzakpress.net\/arhiva\/wp-content\/uploads\/2019\/03\/hqdefault-6.jpg","type":"image\/jpeg"}],"author":"Agencija","twitter_card":"summary_large_image","twitter_misc":{"Written by":"Agencija"},"schema":{"@context":"https:\/\/schema.org","@graph":[{"@type":"Article","@id":"https:\/\/sandzakpress.net\/arhiva\/cetnici-kroz-gusle-gaje-san-o-silovanju-mislimanki-n-pazara\/#article","isPartOf":{"@id":"https:\/\/sandzakpress.net\/arhiva\/cetnici-kroz-gusle-gaje-san-o-silovanju-mislimanki-n-pazara\/"},"author":{"name":"Agencija","@id":"https:\/\/sandzakpress.net\/arhiva\/#\/schema\/person\/cb59d7e3ab91ab90dd680ad0305a6185"},"headline":"\u010cetnici kroz gusle gaje san o silovanju mislimanki N. Pazara","datePublished":"2019-03-16T18:16:26+00:00","mainEntityOfPage":{"@id":"https:\/\/sandzakpress.net\/arhiva\/cetnici-kroz-gusle-gaje-san-o-silovanju-mislimanki-n-pazara\/"},"wordCount":108,"commentCount":7,"publisher":{"@id":"https:\/\/sandzakpress.net\/arhiva\/#\/schema\/person\/6e72b67d6e51910a1117b3b483ba20bd"},"image":{"@id":"https:\/\/sandzakpress.net\/arhiva\/cetnici-kroz-gusle-gaje-san-o-silovanju-mislimanki-n-pazara\/#primaryimage"},"thumbnailUrl":"https:\/\/sandzakpress.net\/arhiva\/wp-content\/uploads\/2019\/03\/hqdefault-6.jpg","articleSection":["Novi Pazar","Srbija","VIJESTI DANA","NAJNOVIJE","Sand\u017eak"],"inLanguage":"bs-BA","potentialAction":[{"@type":"CommentAction","name":"Comment","target":["https:\/\/sandzakpress.net\/arhiva\/cetnici-kroz-gusle-gaje-san-o-silovanju-mislimanki-n-pazara\/#respond"]}]},{"@type":"WebPage","@id":"https:\/\/sandzakpress.net\/arhiva\/cetnici-kroz-gusle-gaje-san-o-silovanju-mislimanki-n-pazara\/","url":"https:\/\/sandzakpress.net\/arhiva\/cetnici-kroz-gusle-gaje-san-o-silovanju-mislimanki-n-pazara\/","name":"\u010cetnici kroz gusle gaje san o silovanju mislimanki N. Pazara","isPartOf":{"@id":"https:\/\/sandzakpress.net\/arhiva\/#website"},"primaryImageOfPage":{"@id":"https:\/\/sandzakpress.net\/arhiva\/cetnici-kroz-gusle-gaje-san-o-silovanju-mislimanki-n-pazara\/#primaryimage"},"image":{"@id":"https:\/\/sandzakpress.net\/arhiva\/cetnici-kroz-gusle-gaje-san-o-silovanju-mislimanki-n-pazara\/#primaryimage"},"thumbnailUrl":"https:\/\/sandzakpress.net\/arhiva\/wp-content\/uploads\/2019\/03\/hqdefault-6.jpg","datePublished":"2019-03-16T18:16:26+00:00","breadcrumb":{"@id":"https:\/\/sandzakpress.net\/arhiva\/cetnici-kroz-gusle-gaje-san-o-silovanju-mislimanki-n-pazara\/#breadcrumb"},"inLanguage":"bs-BA","potentialAction":[{"@type":"ReadAction","target":["https:\/\/sandzakpress.net\/arhiva\/cetnici-kroz-gusle-gaje-san-o-silovanju-mislimanki-n-pazara\/"]}]},{"@type":"ImageObject","inLanguage":"bs-BA","@id":"https:\/\/sandzakpress.net\/arhiva\/cetnici-kroz-gusle-gaje-san-o-silovanju-mislimanki-n-pazara\/#primaryimage","url":"https:\/\/sandzakpress.net\/arhiva\/wp-content\/uploads\/2019\/03\/hqdefault-6.jpg","contentUrl":"https:\/\/sandzakpress.net\/arhiva\/wp-content\/uploads\/2019\/03\/hqdefault-6.jpg","width":480,"height":360},{"@type":"BreadcrumbList","@id":"https:\/\/sandzakpress.net\/arhiva\/cetnici-kroz-gusle-gaje-san-o-silovanju-mislimanki-n-pazara\/#breadcrumb","itemListElement":[{"@type":"ListItem","position":1,"name":"Home","item":"https:\/\/sandzakpress.net\/arhiva\/"},{"@type":"ListItem","position":2,"name":"\u010cetnici kroz gusle gaje san o silovanju mislimanki N. Pazara"}]},{"@type":"WebSite","@id":"https:\/\/sandzakpress.net\/arhiva\/#website","url":"https:\/\/sandzakpress.net\/arhiva\/","name":"Sand\u017eak PRESS","description":"Prve elektronske novine u Sand\u017eaku","publisher":{"@id":"https:\/\/sandzakpress.net\/arhiva\/#\/schema\/person\/6e72b67d6e51910a1117b3b483ba20bd"},"potentialAction":[{"@type":"SearchAction","target":{"@type":"EntryPoint","urlTemplate":"https:\/\/sandzakpress.net\/arhiva\/?s={search_term_string}"},"query-input":{"@type":"PropertyValueSpecification","valueRequired":true,"valueName":"search_term_string"}}],"inLanguage":"bs-BA"},{"@type":["Person","Organization"],"@id":"https:\/\/sandzakpress.net\/arhiva\/#\/schema\/person\/6e72b67d6e51910a1117b3b483ba20bd","name":"Kul","image":{"@type":"ImageObject","inLanguage":"bs-BA","@id":"https:\/\/sandzakpress.net\/arhiva\/#\/schema\/person\/image\/","url":"https:\/\/secure.gravatar.com\/avatar\/42263f39aa27ac04c43cab85c280eb2e?s=96&d=mm&r=pg","contentUrl":"https:\/\/secure.gravatar.com\/avatar\/42263f39aa27ac04c43cab85c280eb2e?s=96&d=mm&r=pg","caption":"Kul"},"logo":{"@id":"https:\/\/sandzakpress.net\/arhiva\/#\/schema\/person\/image\/"}},{"@type":"Person","@id":"https:\/\/sandzakpress.net\/arhiva\/#\/schema\/person\/cb59d7e3ab91ab90dd680ad0305a6185","name":"Agencija","image":{"@type":"ImageObject","inLanguage":"bs-BA","@id":"https:\/\/sandzakpress.net\/arhiva\/#\/schema\/person\/image\/","url":"https:\/\/secure.gravatar.com\/avatar\/4b7fafa80a22f0c2afe23966b3961fe0?s=96&d=mm&r=pg","contentUrl":"https:\/\/secure.gravatar.com\/avatar\/4b7fafa80a22f0c2afe23966b3961fe0?s=96&d=mm&r=pg","caption":"Agencija"},"url":"https:\/\/sandzakpress.net\/arhiva\/author\/agencija\/"}]}},"_links":{"self":[{"href":"https:\/\/sandzakpress.net\/arhiva\/wp-json\/wp\/v2\/posts\/219753"}],"collection":[{"href":"https:\/\/sandzakpress.net\/arhiva\/wp-json\/wp\/v2\/posts"}],"about":[{"href":"https:\/\/sandzakpress.net\/arhiva\/wp-json\/wp\/v2\/types\/post"}],"author":[{"embeddable":true,"href":"https:\/\/sandzakpress.net\/arhiva\/wp-json\/wp\/v2\/users\/509"}],"replies":[{"embeddable":true,"href":"https:\/\/sandzakpress.net\/arhiva\/wp-json\/wp\/v2\/comments?post=219753"}],"version-history":[{"count":0,"href":"https:\/\/sandzakpress.net\/arhiva\/wp-json\/wp\/v2\/posts\/219753\/revisions"}],"wp:featuredmedia":[{"embeddable":true,"href":"https:\/\/sandzakpress.net\/arhiva\/wp-json\/wp\/v2\/media\/219754"}],"wp:attachment":[{"href":"https:\/\/sandzakpress.net\/arhiva\/wp-json\/wp\/v2\/media?parent=219753"}],"wp:term":[{"taxonomy":"category","embeddable":true,"href":"https:\/\/sandzakpress.net\/arhiva\/wp-json\/wp\/v2\/categories?post=219753"},{"taxonomy":"post_tag","embeddable":true,"href":"https:\/\/sandzakpress.net\/arhiva\/wp-json\/wp\/v2\/tags?post=219753"}],"curies":[{"name":"wp","href":"https:\/\/api.w.org\/{rel}","templated":true}]}}