{"id":219750,"date":"2019-03-16T19:03:43","date_gmt":"2019-03-16T18:03:43","guid":{"rendered":"https:\/\/sandzakpress.net\/arhiva\/?p=219750"},"modified":"2019-03-16T19:03:43","modified_gmt":"2019-03-16T18:03:43","slug":"sandzak-sansa-za-crnu-goru-da-sustinski-postane-dio-evrope","status":"publish","type":"post","link":"https:\/\/sandzakpress.net\/arhiva\/sandzak-sansa-za-crnu-goru-da-sustinski-postane-dio-evrope\/","title":{"rendered":"Sand\u017eak \u0161ansa za Crnu Goru da su\u0161tinski postane dio Evrope"},"content":{"rendered":"<div>\u00a0<\/div>\n<div><img decoding=\"async\" src=\"https:\/\/portalanalitika.me\/storage\/2019\/03\/16\/thumbs\/5c8d14ff-6384-45fa-a6aa-1a830a0a0a64-prsandzak-previewOrg.jpg?v=1.2\" alt=\"Sandzak sansa za Crnu Goru da sustinski postane dio Evrope\" \/><\/div>\n<div>\u00a0<\/div>\n<div id=\"articleIntro\"><strong>Formiranje euroregiona Sand\u017eaka predstavlja \u0161ansu za Crnu Goru i Srbiju, u procesu evropskih integracija, da uspostave regionalnu saradnju, valorizuju ekonomske potencijale i stabilizuju odnose na Balkanu, ne ugro\u017eavaju\u0107i dr\u017eavni suverenitet i teritorijalni integritet te dvije dr\u017eave.To je poru\u010deno na tribini \u201eSand\u017eak prekograni\u010dna regija \u2013 \u0160ansa i evropska perpektiva Crne Gore\u201c, koju je organizovala\u00a0nevladina organizacija ,,Sand\u017eak EU regija\u201d\u00a0u Bijelom Polju.<\/strong><\/div>\n<div class=\"jssocials-share jssocials-share-facebook\">\u00a0<\/div>\n<div>\u00a0<\/div>\n<div>\n<p>Diplomirani ekonomista, Hazbija Kala\u010d, poru\u010dio je da pitanje Sand\u017eaka za Crnu Goru ne predstavlja problem, ve\u0107 \u0161ansu za povezivanje sa ostatkom regiona.<\/p>\n<p>\u201eCrna Gora ne smije ostati zarobljenik bilo \u010dijih interasa ili ideja, ve\u0107 se njeni interesi moraju uskladiti sa interesima dr\u017eava sa kojima dijeli ovaj prostor. Crna Gora mora biti oslonjena na Srbiju i Bosnu i Hercegovinu, mora se otvoriti prema tim dr\u017eavama. Sand\u017eak kao prekograni\u010dna regija je \u0161ansa da se te dr\u017eave pove\u017eu, valorizuju svoje ekonomske potencijale koje Sand\u017eak, kao zasebna teritorija, posjeduje\u201c, poru\u010dio je Kala\u010d.<\/p>\n<p>On je istakao da Crna Gora i Srbija, ali i ostale balkanske dr\u017eave imaju obavezu da pru\u017ee prosperitetniju budu\u0107nost svojim gra\u0111anima.<\/p>\n<p>\u201eSand\u017eak kao prekograni\u010dna regija jeste evropski projekat i \u0161ansa za Crnu Goru da pru\u017ei svoj doprinos regionalizmu kao evropskom projektu, i da kroz taj proces na svom unutra\u0161njem planu stabilizuje neke odnose kojim se, preko Sand\u017eaka, rje\u0161ava pitanje odnosa sa Srbijom, Bosnom i Hercegovinom, Kosovom i drugim zemljama\u201d, ocijenio je Kala\u010d.<\/p>\n<p>Kako je istakao, sand\u017ea\u010dki interes je prepoznat u integraciji regiona i mogu\u0107nosti da ta oblast postane \u201esu\u0161tinski dio evropskog prostora\u201c.<\/p>\n<p>\u00a0\u201eEvropa je sama prirstupila regionalizmu, i upravo zato bi trebali pristupiti rje\u0161avanju pitanja Sand\u017eaka, jer time pokazujemo kapacitet da uspostavimo regionalnu saradnju i poka\u017eemo po\u0161tovanje prema jednoj istorijskoj regiji i \u0161ansama koje Sand\u017eak posjeduje\u201c, naveo je Kala\u010d.<\/p>\n<p>On je poru\u010dio da je Sand\u017eak plemenita pri\u010da, koja garantuje Srbiji i Crnoj Gori dr\u017eavni suverenitet i teritorijalni integritet.<\/p>\n<p>\u201eMe\u0111utim, ni Srbiji, ni Crnoj Gori ne treba ovaj prostor bez ljudi. Ako je neko planirao da ovo budu lovi\u0161ta fazana, bogate turiste, taj je uni\u0161tio budu\u0107nost svoje djece. Iako je Crna Gora mala dr\u017eava, iako ima velike strahove koji se odnose na o\u010duvanje dr\u017eavnog suvereniteta, crnogorskog, politi\u010dkog i nacionalnog identiteta, ne bi smjela dodatno da se zatvara. Smatram da je to pogre\u0161na politika\u201c, rekao je Kala\u010d.<\/p>\n<p>On je rekao da bi projekat slobodnih carinskih zona u Sand\u017eaku bio povoljan za Crnu Goru i Srbiju, jer bi, kako je ocijenio, podstakao pobolj\u0161anje privrede i ekonomije.<\/p>\n<p>\u201eNajve\u0107i strah, po svim analizama predstavlja da autoput koji je u izgradnji ne\u0107e biti rentabilan i da ne\u0107e imati dovoljno korisnika. To bi bio jedan od motiva Crne Gore i Srbije da stacionira slobodne carinske zone u Sand\u017eaku, sredi\u0161tu spajanja \u010detiri dr\u017eave, i na taj na\u010din o\u017eivi istorisku regiju, pru\u017eaju\u0107i budu\u0107nost stanovnicima\u201c, istakao je Kala\u010d.<\/p>\n<p>Profesor na Departmanu za pravne nauke Internacionalnog univerziteta u Novom Pazaru, Rejhan Kurtovi\u0107, rekao je da Sand\u017eak predstavlja \u201emost spajanja\u201c izme\u0111u Srbije i Crne Gore, ali i ostalih balkanskih dr\u017eava.<\/p>\n<p>\u201eSand\u017eak predstavlja \u0161ansu, evropskoj budu\u0107nosti Crne Gore, i to nije problem koji zadire u teritorijalni integritet i suverenitet Crne Gore i Srbije, i to je ideja za koju se brojne dr\u017eave zala\u017eu. Ta ideja postoji u Ustavu Srbije, kao i Crne Gore, i one su obuhva\u0107ene mnogim strategijama i pravima razvoja Vlada tih dr\u017eava\u201d, poru\u010dio je Kurtovi\u0107.<\/p>\n<p>On je kazao da, upkos zalaganjima Crne Gore i Srbije u procesu evropskih integracija, postoje nerazvijene regije u obije dr\u017eave.<\/p>\n<p>\u201eNajve\u0107i broj sand\u017ea\u010dkih op\u0161tina u Crnoj Gori nalazi se na sjeveru, koji se ozna\u010dava kao siroma\u0161ni dio Crne Gore. U aktima Vlade Republike Srbije, najve\u0107i broj sand\u017ea\u010dkih op\u0161tina u Srbiji ozna\u010den je kao nedovoljno razvijena podru\u010dja\u201c, naveo je Kurtovi\u0107.<\/p>\n<p>On je pojasnio da Evropska unija izdvaja zna\u010dajna sredstva za osnivanje novih euroregiona, pomo\u0107 postoje\u0107im i onim koji se formiraju, \u0161to je prilika za prosperitet Crne Gore i Srbije.<\/p>\n<p>\u201eU jednom velikom dru\u0161tvenom problemu, kada mladi napu\u0161taju dr\u017eave, kada ekonomija stagnira, kada nema otvaranja novih fabrika i radnih mijesta, kada nestaje i ono malo \u0161to je postojalo, djeluje da se nalazimo u bezizlaznoj situaciji, ali nije tako. Na\u0161a \u0161ansa i uzlazna putanja iz ove krize jeste formiranje EU regiona Sand\u017eaka, a da bi koristili evropske fondove moramo ga formirati\u201c, rekao je Kurtovi\u0107.<\/p>\n<p>On je kazao da Sand\u017eak ima velike resurse koji su neiskori\u0161\u0107eni, a koji bi se ulaskom u EU i formiranjem euroregiona Sand\u017eak efikasno iskoristili.<\/p>\n<p>\u201eRudnik u Pljevljima i Sjenici, kao izvori energenata, predstavljaju veliko bogatstvo Evrope. Rudnik mrkog uglja u Sjenici ozna\u010den je kao jedan od najva\u017enijih energetskih mjesta u Evropi. Upravo kori\u0161\u0107enjem ovih resursa mo\u017eu se i dalje razvijati na\u0161a privreda\u201c, poru\u010dio je Kurtovi\u0107.<\/p>\n<p>Profesor i istori\u010dar, Maksud Mehmutovi\u0107, kazao je da je podru\u010dje Sand\u017eaka uvijek bila veza Istoka i Zapada, a da je razlog za integraciju te regije, kako je poru\u010dio, stvaranje povoljnijih ekonomskih uslova, kao i razvoj kulture i turizma.<\/p>\n<p>\u201eRazlog da se formira prekograni\u010dna regija jeste taj \u0161to su stanovnici tih podru\u010dja vezani rodbinskim, bra\u010dnim, ekonomskim, kulturnim i tradicionalnim vezama koje su trajale vjekovima i bile neraskidive. Ovaj prostor je bio uvijek neka spona povezanosti\u201d, rekao je Mahmutovi\u0107.<\/p>\n<p>Prema njegovim rije\u010dima, ne postoji autobuska linija na teritoriji Sand\u017eaka, koja vodi od Novog Pazara ka Pljevljima, Plavu i Gusinju, iako je povezanost, kako je zaklju\u010dio, interes svih stanovnika, bez obzira na vjeru i naciju.<\/p>\n<\/div>\n<p>(portalanalitika.me)<\/p>\n","protected":false},"excerpt":{"rendered":"<p>\u00a0 \u00a0 Formiranje euroregiona Sand\u017eaka predstavlja \u0161ansu za Crnu Goru i Srbiju, u procesu evropskih integracija, da uspostave regionalnu saradnju, valorizuju ekonomske potencijale i stabilizuju odnose na Balkanu, ne ugro\u017eavaju\u0107i dr\u017eavni suverenitet i teritorijalni integritet te dvije dr\u017eave.To je poru\u010deno na tribini \u201eSand\u017eak prekograni\u010dna regija \u2013 \u0160ansa i evropska perpektiva Crne Gore\u201c, koju je organizovala\u00a0nevladina [&hellip;]<\/p>\n","protected":false},"author":509,"featured_media":219751,"comment_status":"open","ping_status":"open","sticky":false,"template":"","format":"standard","meta":{"footnotes":""},"categories":[398,10504,1,397,10174,10308,396,395,399,10173,8957,798,2693],"tags":[],"class_list":{"0":"post-219750","1":"post","2":"type-post","3":"status-publish","4":"format-standard","5":"has-post-thumbnail","7":"category-rozaje","8":"category-juzni-sandzak-sandzak-2","9":"category-politika","10":"category-berane","11":"category-petnjica-vase-vijesti","12":"category-crna-gora","13":"category-bijelo_polje","14":"category-pljevlja_","15":"category-plav_","16":"category-gusinje-vase-vijesti","17":"category-vijesti-dana","18":"category-teme","19":"category-dijaspora-gradovi"},"yoast_head":"<!-- This site is optimized with the Yoast SEO Premium plugin v23.1 (Yoast SEO v24.9) - https:\/\/yoast.com\/wordpress\/plugins\/seo\/ -->\n<title>Sand\u017eak \u0161ansa za Crnu Goru da su\u0161tinski postane dio Evrope<\/title>\n<meta name=\"robots\" content=\"index, follow, max-snippet:-1, max-image-preview:large, max-video-preview:-1\" \/>\n<link rel=\"canonical\" href=\"https:\/\/sandzakpress.net\/arhiva\/sandzak-sansa-za-crnu-goru-da-sustinski-postane-dio-evrope\/\" \/>\n<meta property=\"og:locale\" content=\"bs_BA\" \/>\n<meta property=\"og:type\" content=\"article\" \/>\n<meta property=\"og:title\" content=\"Sand\u017eak \u0161ansa za Crnu Goru da su\u0161tinski postane dio Evrope\" \/>\n<meta property=\"og:description\" content=\"\u00a0 \u00a0 Formiranje euroregiona Sand\u017eaka predstavlja \u0161ansu za Crnu Goru i Srbiju, u procesu evropskih integracija, da uspostave regionalnu saradnju, valorizuju ekonomske potencijale i stabilizuju odnose na Balkanu, ne ugro\u017eavaju\u0107i dr\u017eavni suverenitet i teritorijalni integritet te dvije dr\u017eave.To je poru\u010deno na tribini \u201eSand\u017eak prekograni\u010dna regija \u2013 \u0160ansa i evropska perpektiva Crne Gore\u201c, koju je organizovala\u00a0nevladina [&hellip;]\" \/>\n<meta property=\"og:url\" content=\"https:\/\/sandzakpress.net\/arhiva\/sandzak-sansa-za-crnu-goru-da-sustinski-postane-dio-evrope\/\" \/>\n<meta property=\"og:site_name\" content=\"Sand\u017eak PRESS\" \/>\n<meta property=\"article:published_time\" content=\"2019-03-16T18:03:43+00:00\" \/>\n<meta property=\"og:image\" content=\"https:\/\/sandzakpress.net\/arhiva\/wp-content\/uploads\/2019\/03\/5c8d14ff-6384-45fa-a6aa-1a830a0a0a64-prsandzak-previewOrg.jpg\" \/>\n\t<meta property=\"og:image:width\" content=\"1052\" \/>\n\t<meta property=\"og:image:height\" content=\"600\" \/>\n\t<meta property=\"og:image:type\" content=\"image\/jpeg\" \/>\n<meta name=\"author\" content=\"Agencija\" \/>\n<meta name=\"twitter:card\" content=\"summary_large_image\" \/>\n<meta name=\"twitter:label1\" content=\"Written by\" \/>\n\t<meta name=\"twitter:data1\" content=\"Agencija\" \/>\n\t<meta name=\"twitter:label2\" content=\"Est. reading time\" \/>\n\t<meta name=\"twitter:data2\" content=\"5 minuta\" \/>\n<script type=\"application\/ld+json\" class=\"yoast-schema-graph\">{\"@context\":\"https:\/\/schema.org\",\"@graph\":[{\"@type\":\"Article\",\"@id\":\"https:\/\/sandzakpress.net\/arhiva\/sandzak-sansa-za-crnu-goru-da-sustinski-postane-dio-evrope\/#article\",\"isPartOf\":{\"@id\":\"https:\/\/sandzakpress.net\/arhiva\/sandzak-sansa-za-crnu-goru-da-sustinski-postane-dio-evrope\/\"},\"author\":{\"name\":\"Agencija\",\"@id\":\"https:\/\/sandzakpress.net\/arhiva\/#\/schema\/person\/cb59d7e3ab91ab90dd680ad0305a6185\"},\"headline\":\"Sand\u017eak \u0161ansa za Crnu Goru da su\u0161tinski postane dio Evrope\",\"datePublished\":\"2019-03-16T18:03:43+00:00\",\"mainEntityOfPage\":{\"@id\":\"https:\/\/sandzakpress.net\/arhiva\/sandzak-sansa-za-crnu-goru-da-sustinski-postane-dio-evrope\/\"},\"wordCount\":989,\"commentCount\":0,\"publisher\":{\"@id\":\"https:\/\/sandzakpress.net\/arhiva\/#\/schema\/person\/6e72b67d6e51910a1117b3b483ba20bd\"},\"image\":{\"@id\":\"https:\/\/sandzakpress.net\/arhiva\/sandzak-sansa-za-crnu-goru-da-sustinski-postane-dio-evrope\/#primaryimage\"},\"thumbnailUrl\":\"https:\/\/sandzakpress.net\/arhiva\/wp-content\/uploads\/2019\/03\/5c8d14ff-6384-45fa-a6aa-1a830a0a0a64-prsandzak-previewOrg.jpg\",\"articleSection\":[\"Ro\u017eaje\",\"Ju\u017eni Sand\u017eak\",\"Politika\",\"Berane\",\"Petnjica\",\"Crna Gora\",\"Bijelo Polje\",\"Pljevlja\",\"Plav\",\"Gusinje\",\"VIJESTI DANA\",\"NAJNOVIJE\",\"Evropa\"],\"inLanguage\":\"bs-BA\",\"potentialAction\":[{\"@type\":\"CommentAction\",\"name\":\"Comment\",\"target\":[\"https:\/\/sandzakpress.net\/arhiva\/sandzak-sansa-za-crnu-goru-da-sustinski-postane-dio-evrope\/#respond\"]}]},{\"@type\":\"WebPage\",\"@id\":\"https:\/\/sandzakpress.net\/arhiva\/sandzak-sansa-za-crnu-goru-da-sustinski-postane-dio-evrope\/\",\"url\":\"https:\/\/sandzakpress.net\/arhiva\/sandzak-sansa-za-crnu-goru-da-sustinski-postane-dio-evrope\/\",\"name\":\"Sand\u017eak \u0161ansa za Crnu Goru da su\u0161tinski postane dio Evrope\",\"isPartOf\":{\"@id\":\"https:\/\/sandzakpress.net\/arhiva\/#website\"},\"primaryImageOfPage\":{\"@id\":\"https:\/\/sandzakpress.net\/arhiva\/sandzak-sansa-za-crnu-goru-da-sustinski-postane-dio-evrope\/#primaryimage\"},\"image\":{\"@id\":\"https:\/\/sandzakpress.net\/arhiva\/sandzak-sansa-za-crnu-goru-da-sustinski-postane-dio-evrope\/#primaryimage\"},\"thumbnailUrl\":\"https:\/\/sandzakpress.net\/arhiva\/wp-content\/uploads\/2019\/03\/5c8d14ff-6384-45fa-a6aa-1a830a0a0a64-prsandzak-previewOrg.jpg\",\"datePublished\":\"2019-03-16T18:03:43+00:00\",\"breadcrumb\":{\"@id\":\"https:\/\/sandzakpress.net\/arhiva\/sandzak-sansa-za-crnu-goru-da-sustinski-postane-dio-evrope\/#breadcrumb\"},\"inLanguage\":\"bs-BA\",\"potentialAction\":[{\"@type\":\"ReadAction\",\"target\":[\"https:\/\/sandzakpress.net\/arhiva\/sandzak-sansa-za-crnu-goru-da-sustinski-postane-dio-evrope\/\"]}]},{\"@type\":\"ImageObject\",\"inLanguage\":\"bs-BA\",\"@id\":\"https:\/\/sandzakpress.net\/arhiva\/sandzak-sansa-za-crnu-goru-da-sustinski-postane-dio-evrope\/#primaryimage\",\"url\":\"https:\/\/sandzakpress.net\/arhiva\/wp-content\/uploads\/2019\/03\/5c8d14ff-6384-45fa-a6aa-1a830a0a0a64-prsandzak-previewOrg.jpg\",\"contentUrl\":\"https:\/\/sandzakpress.net\/arhiva\/wp-content\/uploads\/2019\/03\/5c8d14ff-6384-45fa-a6aa-1a830a0a0a64-prsandzak-previewOrg.jpg\",\"width\":1052,\"height\":600},{\"@type\":\"BreadcrumbList\",\"@id\":\"https:\/\/sandzakpress.net\/arhiva\/sandzak-sansa-za-crnu-goru-da-sustinski-postane-dio-evrope\/#breadcrumb\",\"itemListElement\":[{\"@type\":\"ListItem\",\"position\":1,\"name\":\"Home\",\"item\":\"https:\/\/sandzakpress.net\/arhiva\/\"},{\"@type\":\"ListItem\",\"position\":2,\"name\":\"Sand\u017eak \u0161ansa za Crnu Goru da su\u0161tinski postane dio Evrope\"}]},{\"@type\":\"WebSite\",\"@id\":\"https:\/\/sandzakpress.net\/arhiva\/#website\",\"url\":\"https:\/\/sandzakpress.net\/arhiva\/\",\"name\":\"Sand\u017eak PRESS\",\"description\":\"Prve elektronske novine u Sand\u017eaku\",\"publisher\":{\"@id\":\"https:\/\/sandzakpress.net\/arhiva\/#\/schema\/person\/6e72b67d6e51910a1117b3b483ba20bd\"},\"potentialAction\":[{\"@type\":\"SearchAction\",\"target\":{\"@type\":\"EntryPoint\",\"urlTemplate\":\"https:\/\/sandzakpress.net\/arhiva\/?s={search_term_string}\"},\"query-input\":{\"@type\":\"PropertyValueSpecification\",\"valueRequired\":true,\"valueName\":\"search_term_string\"}}],\"inLanguage\":\"bs-BA\"},{\"@type\":[\"Person\",\"Organization\"],\"@id\":\"https:\/\/sandzakpress.net\/arhiva\/#\/schema\/person\/6e72b67d6e51910a1117b3b483ba20bd\",\"name\":\"Kul\",\"image\":{\"@type\":\"ImageObject\",\"inLanguage\":\"bs-BA\",\"@id\":\"https:\/\/sandzakpress.net\/arhiva\/#\/schema\/person\/image\/\",\"url\":\"https:\/\/secure.gravatar.com\/avatar\/42263f39aa27ac04c43cab85c280eb2e?s=96&d=mm&r=pg\",\"contentUrl\":\"https:\/\/secure.gravatar.com\/avatar\/42263f39aa27ac04c43cab85c280eb2e?s=96&d=mm&r=pg\",\"caption\":\"Kul\"},\"logo\":{\"@id\":\"https:\/\/sandzakpress.net\/arhiva\/#\/schema\/person\/image\/\"}},{\"@type\":\"Person\",\"@id\":\"https:\/\/sandzakpress.net\/arhiva\/#\/schema\/person\/cb59d7e3ab91ab90dd680ad0305a6185\",\"name\":\"Agencija\",\"image\":{\"@type\":\"ImageObject\",\"inLanguage\":\"bs-BA\",\"@id\":\"https:\/\/sandzakpress.net\/arhiva\/#\/schema\/person\/image\/\",\"url\":\"https:\/\/secure.gravatar.com\/avatar\/4b7fafa80a22f0c2afe23966b3961fe0?s=96&d=mm&r=pg\",\"contentUrl\":\"https:\/\/secure.gravatar.com\/avatar\/4b7fafa80a22f0c2afe23966b3961fe0?s=96&d=mm&r=pg\",\"caption\":\"Agencija\"},\"url\":\"https:\/\/sandzakpress.net\/arhiva\/author\/agencija\/\"}]}<\/script>\n<!-- \/ Yoast SEO Premium plugin. -->","yoast_head_json":{"title":"Sand\u017eak \u0161ansa za Crnu Goru da su\u0161tinski postane dio Evrope","robots":{"index":"index","follow":"follow","max-snippet":"max-snippet:-1","max-image-preview":"max-image-preview:large","max-video-preview":"max-video-preview:-1"},"canonical":"https:\/\/sandzakpress.net\/arhiva\/sandzak-sansa-za-crnu-goru-da-sustinski-postane-dio-evrope\/","og_locale":"bs_BA","og_type":"article","og_title":"Sand\u017eak \u0161ansa za Crnu Goru da su\u0161tinski postane dio Evrope","og_description":"\u00a0 \u00a0 Formiranje euroregiona Sand\u017eaka predstavlja \u0161ansu za Crnu Goru i Srbiju, u procesu evropskih integracija, da uspostave regionalnu saradnju, valorizuju ekonomske potencijale i stabilizuju odnose na Balkanu, ne ugro\u017eavaju\u0107i dr\u017eavni suverenitet i teritorijalni integritet te dvije dr\u017eave.To je poru\u010deno na tribini \u201eSand\u017eak prekograni\u010dna regija \u2013 \u0160ansa i evropska perpektiva Crne Gore\u201c, koju je organizovala\u00a0nevladina [&hellip;]","og_url":"https:\/\/sandzakpress.net\/arhiva\/sandzak-sansa-za-crnu-goru-da-sustinski-postane-dio-evrope\/","og_site_name":"Sand\u017eak PRESS","article_published_time":"2019-03-16T18:03:43+00:00","og_image":[{"width":1052,"height":600,"url":"https:\/\/sandzakpress.net\/arhiva\/wp-content\/uploads\/2019\/03\/5c8d14ff-6384-45fa-a6aa-1a830a0a0a64-prsandzak-previewOrg.jpg","type":"image\/jpeg"}],"author":"Agencija","twitter_card":"summary_large_image","twitter_misc":{"Written by":"Agencija","Est. reading time":"5 minuta"},"schema":{"@context":"https:\/\/schema.org","@graph":[{"@type":"Article","@id":"https:\/\/sandzakpress.net\/arhiva\/sandzak-sansa-za-crnu-goru-da-sustinski-postane-dio-evrope\/#article","isPartOf":{"@id":"https:\/\/sandzakpress.net\/arhiva\/sandzak-sansa-za-crnu-goru-da-sustinski-postane-dio-evrope\/"},"author":{"name":"Agencija","@id":"https:\/\/sandzakpress.net\/arhiva\/#\/schema\/person\/cb59d7e3ab91ab90dd680ad0305a6185"},"headline":"Sand\u017eak \u0161ansa za Crnu Goru da su\u0161tinski postane dio Evrope","datePublished":"2019-03-16T18:03:43+00:00","mainEntityOfPage":{"@id":"https:\/\/sandzakpress.net\/arhiva\/sandzak-sansa-za-crnu-goru-da-sustinski-postane-dio-evrope\/"},"wordCount":989,"commentCount":0,"publisher":{"@id":"https:\/\/sandzakpress.net\/arhiva\/#\/schema\/person\/6e72b67d6e51910a1117b3b483ba20bd"},"image":{"@id":"https:\/\/sandzakpress.net\/arhiva\/sandzak-sansa-za-crnu-goru-da-sustinski-postane-dio-evrope\/#primaryimage"},"thumbnailUrl":"https:\/\/sandzakpress.net\/arhiva\/wp-content\/uploads\/2019\/03\/5c8d14ff-6384-45fa-a6aa-1a830a0a0a64-prsandzak-previewOrg.jpg","articleSection":["Ro\u017eaje","Ju\u017eni Sand\u017eak","Politika","Berane","Petnjica","Crna Gora","Bijelo Polje","Pljevlja","Plav","Gusinje","VIJESTI DANA","NAJNOVIJE","Evropa"],"inLanguage":"bs-BA","potentialAction":[{"@type":"CommentAction","name":"Comment","target":["https:\/\/sandzakpress.net\/arhiva\/sandzak-sansa-za-crnu-goru-da-sustinski-postane-dio-evrope\/#respond"]}]},{"@type":"WebPage","@id":"https:\/\/sandzakpress.net\/arhiva\/sandzak-sansa-za-crnu-goru-da-sustinski-postane-dio-evrope\/","url":"https:\/\/sandzakpress.net\/arhiva\/sandzak-sansa-za-crnu-goru-da-sustinski-postane-dio-evrope\/","name":"Sand\u017eak \u0161ansa za Crnu Goru da su\u0161tinski postane dio Evrope","isPartOf":{"@id":"https:\/\/sandzakpress.net\/arhiva\/#website"},"primaryImageOfPage":{"@id":"https:\/\/sandzakpress.net\/arhiva\/sandzak-sansa-za-crnu-goru-da-sustinski-postane-dio-evrope\/#primaryimage"},"image":{"@id":"https:\/\/sandzakpress.net\/arhiva\/sandzak-sansa-za-crnu-goru-da-sustinski-postane-dio-evrope\/#primaryimage"},"thumbnailUrl":"https:\/\/sandzakpress.net\/arhiva\/wp-content\/uploads\/2019\/03\/5c8d14ff-6384-45fa-a6aa-1a830a0a0a64-prsandzak-previewOrg.jpg","datePublished":"2019-03-16T18:03:43+00:00","breadcrumb":{"@id":"https:\/\/sandzakpress.net\/arhiva\/sandzak-sansa-za-crnu-goru-da-sustinski-postane-dio-evrope\/#breadcrumb"},"inLanguage":"bs-BA","potentialAction":[{"@type":"ReadAction","target":["https:\/\/sandzakpress.net\/arhiva\/sandzak-sansa-za-crnu-goru-da-sustinski-postane-dio-evrope\/"]}]},{"@type":"ImageObject","inLanguage":"bs-BA","@id":"https:\/\/sandzakpress.net\/arhiva\/sandzak-sansa-za-crnu-goru-da-sustinski-postane-dio-evrope\/#primaryimage","url":"https:\/\/sandzakpress.net\/arhiva\/wp-content\/uploads\/2019\/03\/5c8d14ff-6384-45fa-a6aa-1a830a0a0a64-prsandzak-previewOrg.jpg","contentUrl":"https:\/\/sandzakpress.net\/arhiva\/wp-content\/uploads\/2019\/03\/5c8d14ff-6384-45fa-a6aa-1a830a0a0a64-prsandzak-previewOrg.jpg","width":1052,"height":600},{"@type":"BreadcrumbList","@id":"https:\/\/sandzakpress.net\/arhiva\/sandzak-sansa-za-crnu-goru-da-sustinski-postane-dio-evrope\/#breadcrumb","itemListElement":[{"@type":"ListItem","position":1,"name":"Home","item":"https:\/\/sandzakpress.net\/arhiva\/"},{"@type":"ListItem","position":2,"name":"Sand\u017eak \u0161ansa za Crnu Goru da su\u0161tinski postane dio Evrope"}]},{"@type":"WebSite","@id":"https:\/\/sandzakpress.net\/arhiva\/#website","url":"https:\/\/sandzakpress.net\/arhiva\/","name":"Sand\u017eak PRESS","description":"Prve elektronske novine u Sand\u017eaku","publisher":{"@id":"https:\/\/sandzakpress.net\/arhiva\/#\/schema\/person\/6e72b67d6e51910a1117b3b483ba20bd"},"potentialAction":[{"@type":"SearchAction","target":{"@type":"EntryPoint","urlTemplate":"https:\/\/sandzakpress.net\/arhiva\/?s={search_term_string}"},"query-input":{"@type":"PropertyValueSpecification","valueRequired":true,"valueName":"search_term_string"}}],"inLanguage":"bs-BA"},{"@type":["Person","Organization"],"@id":"https:\/\/sandzakpress.net\/arhiva\/#\/schema\/person\/6e72b67d6e51910a1117b3b483ba20bd","name":"Kul","image":{"@type":"ImageObject","inLanguage":"bs-BA","@id":"https:\/\/sandzakpress.net\/arhiva\/#\/schema\/person\/image\/","url":"https:\/\/secure.gravatar.com\/avatar\/42263f39aa27ac04c43cab85c280eb2e?s=96&d=mm&r=pg","contentUrl":"https:\/\/secure.gravatar.com\/avatar\/42263f39aa27ac04c43cab85c280eb2e?s=96&d=mm&r=pg","caption":"Kul"},"logo":{"@id":"https:\/\/sandzakpress.net\/arhiva\/#\/schema\/person\/image\/"}},{"@type":"Person","@id":"https:\/\/sandzakpress.net\/arhiva\/#\/schema\/person\/cb59d7e3ab91ab90dd680ad0305a6185","name":"Agencija","image":{"@type":"ImageObject","inLanguage":"bs-BA","@id":"https:\/\/sandzakpress.net\/arhiva\/#\/schema\/person\/image\/","url":"https:\/\/secure.gravatar.com\/avatar\/4b7fafa80a22f0c2afe23966b3961fe0?s=96&d=mm&r=pg","contentUrl":"https:\/\/secure.gravatar.com\/avatar\/4b7fafa80a22f0c2afe23966b3961fe0?s=96&d=mm&r=pg","caption":"Agencija"},"url":"https:\/\/sandzakpress.net\/arhiva\/author\/agencija\/"}]}},"_links":{"self":[{"href":"https:\/\/sandzakpress.net\/arhiva\/wp-json\/wp\/v2\/posts\/219750"}],"collection":[{"href":"https:\/\/sandzakpress.net\/arhiva\/wp-json\/wp\/v2\/posts"}],"about":[{"href":"https:\/\/sandzakpress.net\/arhiva\/wp-json\/wp\/v2\/types\/post"}],"author":[{"embeddable":true,"href":"https:\/\/sandzakpress.net\/arhiva\/wp-json\/wp\/v2\/users\/509"}],"replies":[{"embeddable":true,"href":"https:\/\/sandzakpress.net\/arhiva\/wp-json\/wp\/v2\/comments?post=219750"}],"version-history":[{"count":0,"href":"https:\/\/sandzakpress.net\/arhiva\/wp-json\/wp\/v2\/posts\/219750\/revisions"}],"wp:featuredmedia":[{"embeddable":true,"href":"https:\/\/sandzakpress.net\/arhiva\/wp-json\/wp\/v2\/media\/219751"}],"wp:attachment":[{"href":"https:\/\/sandzakpress.net\/arhiva\/wp-json\/wp\/v2\/media?parent=219750"}],"wp:term":[{"taxonomy":"category","embeddable":true,"href":"https:\/\/sandzakpress.net\/arhiva\/wp-json\/wp\/v2\/categories?post=219750"},{"taxonomy":"post_tag","embeddable":true,"href":"https:\/\/sandzakpress.net\/arhiva\/wp-json\/wp\/v2\/tags?post=219750"}],"curies":[{"name":"wp","href":"https:\/\/api.w.org\/{rel}","templated":true}]}}