{"id":219715,"date":"2019-03-16T15:40:42","date_gmt":"2019-03-16T14:40:42","guid":{"rendered":"https:\/\/sandzakpress.net\/arhiva\/?p=219715"},"modified":"2019-03-16T15:40:42","modified_gmt":"2019-03-16T14:40:42","slug":"rahman-husovic-nece-savez-sa-dps-om","status":"publish","type":"post","link":"https:\/\/sandzakpress.net\/arhiva\/rahman-husovic-nece-savez-sa-dps-om\/","title":{"rendered":"Rahman Husovi\u0107 ne\u0107e savez sa DPS-om"},"content":{"rendered":"<p style=\"box-sizing:border-box; margin-top:0px; margin-right:0px; margin-bottom:20px!important; margin-left:0px; color:rgb(51,51,51); font-size:17.92px; line-height:28.672px; font-weight:400; font-family:\" sourcesanspro\",sans-serif; font-style:normal; font-variant-ligatures:normal; font-variant-caps:normal; letter-spacing:normal; orphans:2text-indent:0px; text-transform:none; white-space:normal; widows:2; word-spacing:0px; -webkit-text-stroke-width:0px; background-color:rgb(255,255,255); text-decoration-style:initial; text-decoration-color:initial; text-align:left;\"><img loading=\"lazy\" decoding=\"async\" src=\"https:\/\/sandzakpress.net\/arhiva\/wp-content\/uploads\/2019\/03\/20181207161252_b121f58384a527eb9749c9edad4b8cbea104ee961e308becb79d5c68316982c57237705444490304807.jpeg\" class=\"wp-image-219714 alignnone size-full\" width=\"513\" height=\"385\"\/><\/p>\n<p><strong>Bo\u0161nja\u010dka stranka (BS) bi trebalo na sjednici op\u0161inskog odbora u Ro\u017eajama da izabere predstavnike koji \u0107e pregovarati o formiranju koalicije sa Demokratskom partijom socijalista (DPS), ali prema saznanjima \u201cVijesti\u201d jedan dio \u010dlanova, uklju\u010duju\u0107i i predsjednika odbora Rahmana Husovi\u0107a ne podr\u017eava predlog da se vlast u toj op\u0161tini podijeli sa DPS-om.<\/strong>\n<\/p>\n<p style=\"box-sizing:border-box; margin-top:0px; margin-right:0px; margin-bottom:20px!important; margin-left:0px; color:rgb(51,51,51); font-size:17.92px; line-height:28.672px; font-weight:400; font-family:\" sourcesanspro\",sans-serif; font-style:normal; font-variant-ligatures:normal; font-variant-caps:normal; letter-spacing:normal; orphans:2text-indent:0px; text-transform:none; white-space:normal; widows:2; word-spacing:0px; -webkit-text-stroke-width:0px; background-color:rgb(255,255,255); text-decoration-style:initial; text-decoration-color:initial; text-align:left;\">Bo\u0161nja\u010dka stranka je u Ro\u017eajama osvojila apsolutnu vlast na izborima u maju, a njeno predsjedni\u0161tvo je uputilo poziv na razgovore partnerima na dr\u017eavnom nivou, uprkos apelima \u0161efa ro\u017eajskog odbora da ih ne treba zvati DPS u lokalnu vlast. Predsjedni\u0161tvo je poziv uputilo jo\u0161 27. juna, a BS je u me\u0111uvremenu za gradona\u010delnika ponovo izabrala Ejupa Nurkovi\u0107a, a za predsjednika SO Almira Avdi\u0107a. Odbornici DPS-a podr\u017eali su ih u lokalnom parlamentu.<\/p>\n<p>Prema saznanjima \u201cVijesti\u201d, Rahman Husovi\u0107 i dio njemu bliskih \u010dlanova odla\u017eu zakazivanje sjednice odbora na kojoj bi se imenovao tim koji \u0107e pregovarati sa DPS-om i Socijaldemokratama (SD) jer ne \u017eele da sklapaju savez u op\u0161tini gdje imaju apsolutnu vlast. Sagovornik \u201cVijesti\u201d iz BS-a tvrdi da u tom odboru o\u010dekuju da Husovi\u0107 uskoro zaka\u017ee sjednicu i da se izabere pregovara\u010dki tim kako se ne bi pogazio poziv predsjedni\u0161tva. Za sjutra je zakazana sjednica SO Ro\u017eaje, na kojoj \u0107e se formirati savjeti i radna tijela lokalnog parlamenta i raspravljati o kadrovskim rje\u0161enjima za op\u0161tinske sekretarijate. Iz ro\u017eajskog DPS-a su upozorili da ne \u017eele po svaku cijenu da prave savez sa BS-om \u201ciako smatraju da je koalicija dobar izbor\u201d.<\/p>\n<p>\u201cNeozbiljno je od strane BS-a \u0161to ve\u0107 nezvani\u010dno planira pojedina kadrovska rje\u0161enja prije nego se i po\u010delo pregovarati o koaliciji. Ipak, oni su nama uputili poziv\u201d, kazao je sagovornik \u201cVijesti\u201d iz ro\u017eajskog DPS-a.<\/p>\n<p>Izvor: vijesti<\/p>\n","protected":false},"excerpt":{"rendered":"<p>Bo\u0161nja\u010dka stranka (BS) bi trebalo na sjednici op\u0161inskog odbora u Ro\u017eajama da izabere predstavnike koji \u0107e pregovarati o formiranju koalicije sa Demokratskom partijom socijalista (DPS), ali prema saznanjima \u201cVijesti\u201d jedan dio \u010dlanova, uklju\u010duju\u0107i i predsjednika odbora Rahmana Husovi\u0107a ne podr\u017eava predlog da se vlast u toj op\u0161tini podijeli sa DPS-om. Bo\u0161nja\u010dka stranka je u Ro\u017eajama [&hellip;]<\/p>\n","protected":false},"author":509,"featured_media":219714,"comment_status":"open","ping_status":"open","sticky":false,"template":"","format":"standard","meta":{"footnotes":""},"categories":[398,8957],"tags":[],"class_list":{"0":"post-219715","1":"post","2":"type-post","3":"status-publish","4":"format-standard","5":"has-post-thumbnail","7":"category-rozaje","8":"category-vijesti-dana"},"yoast_head":"<!-- This site is optimized with the Yoast SEO Premium plugin v23.1 (Yoast SEO v24.9) - https:\/\/yoast.com\/wordpress\/plugins\/seo\/ -->\n<title>Rahman Husovi\u0107 ne\u0107e savez sa DPS-om<\/title>\n<meta name=\"robots\" content=\"index, follow, max-snippet:-1, max-image-preview:large, max-video-preview:-1\" \/>\n<link rel=\"canonical\" href=\"https:\/\/sandzakpress.net\/arhiva\/rahman-husovic-nece-savez-sa-dps-om\/\" \/>\n<meta property=\"og:locale\" content=\"bs_BA\" \/>\n<meta property=\"og:type\" content=\"article\" \/>\n<meta property=\"og:title\" content=\"Rahman Husovi\u0107 ne\u0107e savez sa DPS-om\" \/>\n<meta property=\"og:description\" content=\"Bo\u0161nja\u010dka stranka (BS) bi trebalo na sjednici op\u0161inskog odbora u Ro\u017eajama da izabere predstavnike koji \u0107e pregovarati o formiranju koalicije sa Demokratskom partijom socijalista (DPS), ali prema saznanjima \u201cVijesti\u201d jedan dio \u010dlanova, uklju\u010duju\u0107i i predsjednika odbora Rahmana Husovi\u0107a ne podr\u017eava predlog da se vlast u toj op\u0161tini podijeli sa DPS-om. Bo\u0161nja\u010dka stranka je u Ro\u017eajama [&hellip;]\" \/>\n<meta property=\"og:url\" content=\"https:\/\/sandzakpress.net\/arhiva\/rahman-husovic-nece-savez-sa-dps-om\/\" \/>\n<meta property=\"og:site_name\" content=\"Sand\u017eak PRESS\" \/>\n<meta property=\"article:published_time\" content=\"2019-03-16T14:40:42+00:00\" \/>\n<meta property=\"og:image\" content=\"https:\/\/sandzakpress.net\/arhiva\/wp-content\/uploads\/2019\/03\/20181207161252_b121f58384a527eb9749c9edad4b8cbea104ee961e308becb79d5c68316982c57237705444490304807.jpeg\" \/>\n\t<meta property=\"og:image:width\" content=\"513\" \/>\n\t<meta property=\"og:image:height\" content=\"385\" \/>\n\t<meta property=\"og:image:type\" content=\"image\/jpeg\" \/>\n<meta name=\"author\" content=\"Agencija\" \/>\n<meta name=\"twitter:card\" content=\"summary_large_image\" \/>\n<meta name=\"twitter:label1\" content=\"Written by\" \/>\n\t<meta name=\"twitter:data1\" content=\"Agencija\" \/>\n\t<meta name=\"twitter:label2\" content=\"Est. reading time\" \/>\n\t<meta name=\"twitter:data2\" content=\"2 minute\" \/>\n<script type=\"application\/ld+json\" class=\"yoast-schema-graph\">{\"@context\":\"https:\/\/schema.org\",\"@graph\":[{\"@type\":\"Article\",\"@id\":\"https:\/\/sandzakpress.net\/arhiva\/rahman-husovic-nece-savez-sa-dps-om\/#article\",\"isPartOf\":{\"@id\":\"https:\/\/sandzakpress.net\/arhiva\/rahman-husovic-nece-savez-sa-dps-om\/\"},\"author\":{\"name\":\"Agencija\",\"@id\":\"https:\/\/sandzakpress.net\/arhiva\/#\/schema\/person\/cb59d7e3ab91ab90dd680ad0305a6185\"},\"headline\":\"Rahman Husovi\u0107 ne\u0107e savez sa DPS-om\",\"datePublished\":\"2019-03-16T14:40:42+00:00\",\"mainEntityOfPage\":{\"@id\":\"https:\/\/sandzakpress.net\/arhiva\/rahman-husovic-nece-savez-sa-dps-om\/\"},\"wordCount\":313,\"commentCount\":1,\"publisher\":{\"@id\":\"https:\/\/sandzakpress.net\/arhiva\/#\/schema\/person\/6e72b67d6e51910a1117b3b483ba20bd\"},\"image\":{\"@id\":\"https:\/\/sandzakpress.net\/arhiva\/rahman-husovic-nece-savez-sa-dps-om\/#primaryimage\"},\"thumbnailUrl\":\"https:\/\/sandzakpress.net\/arhiva\/wp-content\/uploads\/2019\/03\/20181207161252_b121f58384a527eb9749c9edad4b8cbea104ee961e308becb79d5c68316982c57237705444490304807.jpeg\",\"articleSection\":[\"Ro\u017eaje\",\"VIJESTI DANA\"],\"inLanguage\":\"bs-BA\",\"potentialAction\":[{\"@type\":\"CommentAction\",\"name\":\"Comment\",\"target\":[\"https:\/\/sandzakpress.net\/arhiva\/rahman-husovic-nece-savez-sa-dps-om\/#respond\"]}]},{\"@type\":\"WebPage\",\"@id\":\"https:\/\/sandzakpress.net\/arhiva\/rahman-husovic-nece-savez-sa-dps-om\/\",\"url\":\"https:\/\/sandzakpress.net\/arhiva\/rahman-husovic-nece-savez-sa-dps-om\/\",\"name\":\"Rahman Husovi\u0107 ne\u0107e savez sa DPS-om\",\"isPartOf\":{\"@id\":\"https:\/\/sandzakpress.net\/arhiva\/#website\"},\"primaryImageOfPage\":{\"@id\":\"https:\/\/sandzakpress.net\/arhiva\/rahman-husovic-nece-savez-sa-dps-om\/#primaryimage\"},\"image\":{\"@id\":\"https:\/\/sandzakpress.net\/arhiva\/rahman-husovic-nece-savez-sa-dps-om\/#primaryimage\"},\"thumbnailUrl\":\"https:\/\/sandzakpress.net\/arhiva\/wp-content\/uploads\/2019\/03\/20181207161252_b121f58384a527eb9749c9edad4b8cbea104ee961e308becb79d5c68316982c57237705444490304807.jpeg\",\"datePublished\":\"2019-03-16T14:40:42+00:00\",\"breadcrumb\":{\"@id\":\"https:\/\/sandzakpress.net\/arhiva\/rahman-husovic-nece-savez-sa-dps-om\/#breadcrumb\"},\"inLanguage\":\"bs-BA\",\"potentialAction\":[{\"@type\":\"ReadAction\",\"target\":[\"https:\/\/sandzakpress.net\/arhiva\/rahman-husovic-nece-savez-sa-dps-om\/\"]}]},{\"@type\":\"ImageObject\",\"inLanguage\":\"bs-BA\",\"@id\":\"https:\/\/sandzakpress.net\/arhiva\/rahman-husovic-nece-savez-sa-dps-om\/#primaryimage\",\"url\":\"https:\/\/sandzakpress.net\/arhiva\/wp-content\/uploads\/2019\/03\/20181207161252_b121f58384a527eb9749c9edad4b8cbea104ee961e308becb79d5c68316982c57237705444490304807.jpeg\",\"contentUrl\":\"https:\/\/sandzakpress.net\/arhiva\/wp-content\/uploads\/2019\/03\/20181207161252_b121f58384a527eb9749c9edad4b8cbea104ee961e308becb79d5c68316982c57237705444490304807.jpeg\",\"width\":513,\"height\":385},{\"@type\":\"BreadcrumbList\",\"@id\":\"https:\/\/sandzakpress.net\/arhiva\/rahman-husovic-nece-savez-sa-dps-om\/#breadcrumb\",\"itemListElement\":[{\"@type\":\"ListItem\",\"position\":1,\"name\":\"Home\",\"item\":\"https:\/\/sandzakpress.net\/arhiva\/\"},{\"@type\":\"ListItem\",\"position\":2,\"name\":\"Rahman Husovi\u0107 ne\u0107e savez sa DPS-om\"}]},{\"@type\":\"WebSite\",\"@id\":\"https:\/\/sandzakpress.net\/arhiva\/#website\",\"url\":\"https:\/\/sandzakpress.net\/arhiva\/\",\"name\":\"Sand\u017eak PRESS\",\"description\":\"Prve elektronske novine u Sand\u017eaku\",\"publisher\":{\"@id\":\"https:\/\/sandzakpress.net\/arhiva\/#\/schema\/person\/6e72b67d6e51910a1117b3b483ba20bd\"},\"potentialAction\":[{\"@type\":\"SearchAction\",\"target\":{\"@type\":\"EntryPoint\",\"urlTemplate\":\"https:\/\/sandzakpress.net\/arhiva\/?s={search_term_string}\"},\"query-input\":{\"@type\":\"PropertyValueSpecification\",\"valueRequired\":true,\"valueName\":\"search_term_string\"}}],\"inLanguage\":\"bs-BA\"},{\"@type\":[\"Person\",\"Organization\"],\"@id\":\"https:\/\/sandzakpress.net\/arhiva\/#\/schema\/person\/6e72b67d6e51910a1117b3b483ba20bd\",\"name\":\"Kul\",\"image\":{\"@type\":\"ImageObject\",\"inLanguage\":\"bs-BA\",\"@id\":\"https:\/\/sandzakpress.net\/arhiva\/#\/schema\/person\/image\/\",\"url\":\"https:\/\/secure.gravatar.com\/avatar\/42263f39aa27ac04c43cab85c280eb2e?s=96&d=mm&r=pg\",\"contentUrl\":\"https:\/\/secure.gravatar.com\/avatar\/42263f39aa27ac04c43cab85c280eb2e?s=96&d=mm&r=pg\",\"caption\":\"Kul\"},\"logo\":{\"@id\":\"https:\/\/sandzakpress.net\/arhiva\/#\/schema\/person\/image\/\"}},{\"@type\":\"Person\",\"@id\":\"https:\/\/sandzakpress.net\/arhiva\/#\/schema\/person\/cb59d7e3ab91ab90dd680ad0305a6185\",\"name\":\"Agencija\",\"image\":{\"@type\":\"ImageObject\",\"inLanguage\":\"bs-BA\",\"@id\":\"https:\/\/sandzakpress.net\/arhiva\/#\/schema\/person\/image\/\",\"url\":\"https:\/\/secure.gravatar.com\/avatar\/4b7fafa80a22f0c2afe23966b3961fe0?s=96&d=mm&r=pg\",\"contentUrl\":\"https:\/\/secure.gravatar.com\/avatar\/4b7fafa80a22f0c2afe23966b3961fe0?s=96&d=mm&r=pg\",\"caption\":\"Agencija\"},\"url\":\"https:\/\/sandzakpress.net\/arhiva\/author\/agencija\/\"}]}<\/script>\n<!-- \/ Yoast SEO Premium plugin. -->","yoast_head_json":{"title":"Rahman Husovi\u0107 ne\u0107e savez sa DPS-om","robots":{"index":"index","follow":"follow","max-snippet":"max-snippet:-1","max-image-preview":"max-image-preview:large","max-video-preview":"max-video-preview:-1"},"canonical":"https:\/\/sandzakpress.net\/arhiva\/rahman-husovic-nece-savez-sa-dps-om\/","og_locale":"bs_BA","og_type":"article","og_title":"Rahman Husovi\u0107 ne\u0107e savez sa DPS-om","og_description":"Bo\u0161nja\u010dka stranka (BS) bi trebalo na sjednici op\u0161inskog odbora u Ro\u017eajama da izabere predstavnike koji \u0107e pregovarati o formiranju koalicije sa Demokratskom partijom socijalista (DPS), ali prema saznanjima \u201cVijesti\u201d jedan dio \u010dlanova, uklju\u010duju\u0107i i predsjednika odbora Rahmana Husovi\u0107a ne podr\u017eava predlog da se vlast u toj op\u0161tini podijeli sa DPS-om. Bo\u0161nja\u010dka stranka je u Ro\u017eajama [&hellip;]","og_url":"https:\/\/sandzakpress.net\/arhiva\/rahman-husovic-nece-savez-sa-dps-om\/","og_site_name":"Sand\u017eak PRESS","article_published_time":"2019-03-16T14:40:42+00:00","og_image":[{"width":513,"height":385,"url":"https:\/\/sandzakpress.net\/arhiva\/wp-content\/uploads\/2019\/03\/20181207161252_b121f58384a527eb9749c9edad4b8cbea104ee961e308becb79d5c68316982c57237705444490304807.jpeg","type":"image\/jpeg"}],"author":"Agencija","twitter_card":"summary_large_image","twitter_misc":{"Written by":"Agencija","Est. reading time":"2 minute"},"schema":{"@context":"https:\/\/schema.org","@graph":[{"@type":"Article","@id":"https:\/\/sandzakpress.net\/arhiva\/rahman-husovic-nece-savez-sa-dps-om\/#article","isPartOf":{"@id":"https:\/\/sandzakpress.net\/arhiva\/rahman-husovic-nece-savez-sa-dps-om\/"},"author":{"name":"Agencija","@id":"https:\/\/sandzakpress.net\/arhiva\/#\/schema\/person\/cb59d7e3ab91ab90dd680ad0305a6185"},"headline":"Rahman Husovi\u0107 ne\u0107e savez sa DPS-om","datePublished":"2019-03-16T14:40:42+00:00","mainEntityOfPage":{"@id":"https:\/\/sandzakpress.net\/arhiva\/rahman-husovic-nece-savez-sa-dps-om\/"},"wordCount":313,"commentCount":1,"publisher":{"@id":"https:\/\/sandzakpress.net\/arhiva\/#\/schema\/person\/6e72b67d6e51910a1117b3b483ba20bd"},"image":{"@id":"https:\/\/sandzakpress.net\/arhiva\/rahman-husovic-nece-savez-sa-dps-om\/#primaryimage"},"thumbnailUrl":"https:\/\/sandzakpress.net\/arhiva\/wp-content\/uploads\/2019\/03\/20181207161252_b121f58384a527eb9749c9edad4b8cbea104ee961e308becb79d5c68316982c57237705444490304807.jpeg","articleSection":["Ro\u017eaje","VIJESTI DANA"],"inLanguage":"bs-BA","potentialAction":[{"@type":"CommentAction","name":"Comment","target":["https:\/\/sandzakpress.net\/arhiva\/rahman-husovic-nece-savez-sa-dps-om\/#respond"]}]},{"@type":"WebPage","@id":"https:\/\/sandzakpress.net\/arhiva\/rahman-husovic-nece-savez-sa-dps-om\/","url":"https:\/\/sandzakpress.net\/arhiva\/rahman-husovic-nece-savez-sa-dps-om\/","name":"Rahman Husovi\u0107 ne\u0107e savez sa DPS-om","isPartOf":{"@id":"https:\/\/sandzakpress.net\/arhiva\/#website"},"primaryImageOfPage":{"@id":"https:\/\/sandzakpress.net\/arhiva\/rahman-husovic-nece-savez-sa-dps-om\/#primaryimage"},"image":{"@id":"https:\/\/sandzakpress.net\/arhiva\/rahman-husovic-nece-savez-sa-dps-om\/#primaryimage"},"thumbnailUrl":"https:\/\/sandzakpress.net\/arhiva\/wp-content\/uploads\/2019\/03\/20181207161252_b121f58384a527eb9749c9edad4b8cbea104ee961e308becb79d5c68316982c57237705444490304807.jpeg","datePublished":"2019-03-16T14:40:42+00:00","breadcrumb":{"@id":"https:\/\/sandzakpress.net\/arhiva\/rahman-husovic-nece-savez-sa-dps-om\/#breadcrumb"},"inLanguage":"bs-BA","potentialAction":[{"@type":"ReadAction","target":["https:\/\/sandzakpress.net\/arhiva\/rahman-husovic-nece-savez-sa-dps-om\/"]}]},{"@type":"ImageObject","inLanguage":"bs-BA","@id":"https:\/\/sandzakpress.net\/arhiva\/rahman-husovic-nece-savez-sa-dps-om\/#primaryimage","url":"https:\/\/sandzakpress.net\/arhiva\/wp-content\/uploads\/2019\/03\/20181207161252_b121f58384a527eb9749c9edad4b8cbea104ee961e308becb79d5c68316982c57237705444490304807.jpeg","contentUrl":"https:\/\/sandzakpress.net\/arhiva\/wp-content\/uploads\/2019\/03\/20181207161252_b121f58384a527eb9749c9edad4b8cbea104ee961e308becb79d5c68316982c57237705444490304807.jpeg","width":513,"height":385},{"@type":"BreadcrumbList","@id":"https:\/\/sandzakpress.net\/arhiva\/rahman-husovic-nece-savez-sa-dps-om\/#breadcrumb","itemListElement":[{"@type":"ListItem","position":1,"name":"Home","item":"https:\/\/sandzakpress.net\/arhiva\/"},{"@type":"ListItem","position":2,"name":"Rahman Husovi\u0107 ne\u0107e savez sa DPS-om"}]},{"@type":"WebSite","@id":"https:\/\/sandzakpress.net\/arhiva\/#website","url":"https:\/\/sandzakpress.net\/arhiva\/","name":"Sand\u017eak PRESS","description":"Prve elektronske novine u Sand\u017eaku","publisher":{"@id":"https:\/\/sandzakpress.net\/arhiva\/#\/schema\/person\/6e72b67d6e51910a1117b3b483ba20bd"},"potentialAction":[{"@type":"SearchAction","target":{"@type":"EntryPoint","urlTemplate":"https:\/\/sandzakpress.net\/arhiva\/?s={search_term_string}"},"query-input":{"@type":"PropertyValueSpecification","valueRequired":true,"valueName":"search_term_string"}}],"inLanguage":"bs-BA"},{"@type":["Person","Organization"],"@id":"https:\/\/sandzakpress.net\/arhiva\/#\/schema\/person\/6e72b67d6e51910a1117b3b483ba20bd","name":"Kul","image":{"@type":"ImageObject","inLanguage":"bs-BA","@id":"https:\/\/sandzakpress.net\/arhiva\/#\/schema\/person\/image\/","url":"https:\/\/secure.gravatar.com\/avatar\/42263f39aa27ac04c43cab85c280eb2e?s=96&d=mm&r=pg","contentUrl":"https:\/\/secure.gravatar.com\/avatar\/42263f39aa27ac04c43cab85c280eb2e?s=96&d=mm&r=pg","caption":"Kul"},"logo":{"@id":"https:\/\/sandzakpress.net\/arhiva\/#\/schema\/person\/image\/"}},{"@type":"Person","@id":"https:\/\/sandzakpress.net\/arhiva\/#\/schema\/person\/cb59d7e3ab91ab90dd680ad0305a6185","name":"Agencija","image":{"@type":"ImageObject","inLanguage":"bs-BA","@id":"https:\/\/sandzakpress.net\/arhiva\/#\/schema\/person\/image\/","url":"https:\/\/secure.gravatar.com\/avatar\/4b7fafa80a22f0c2afe23966b3961fe0?s=96&d=mm&r=pg","contentUrl":"https:\/\/secure.gravatar.com\/avatar\/4b7fafa80a22f0c2afe23966b3961fe0?s=96&d=mm&r=pg","caption":"Agencija"},"url":"https:\/\/sandzakpress.net\/arhiva\/author\/agencija\/"}]}},"_links":{"self":[{"href":"https:\/\/sandzakpress.net\/arhiva\/wp-json\/wp\/v2\/posts\/219715"}],"collection":[{"href":"https:\/\/sandzakpress.net\/arhiva\/wp-json\/wp\/v2\/posts"}],"about":[{"href":"https:\/\/sandzakpress.net\/arhiva\/wp-json\/wp\/v2\/types\/post"}],"author":[{"embeddable":true,"href":"https:\/\/sandzakpress.net\/arhiva\/wp-json\/wp\/v2\/users\/509"}],"replies":[{"embeddable":true,"href":"https:\/\/sandzakpress.net\/arhiva\/wp-json\/wp\/v2\/comments?post=219715"}],"version-history":[{"count":0,"href":"https:\/\/sandzakpress.net\/arhiva\/wp-json\/wp\/v2\/posts\/219715\/revisions"}],"wp:featuredmedia":[{"embeddable":true,"href":"https:\/\/sandzakpress.net\/arhiva\/wp-json\/wp\/v2\/media\/219714"}],"wp:attachment":[{"href":"https:\/\/sandzakpress.net\/arhiva\/wp-json\/wp\/v2\/media?parent=219715"}],"wp:term":[{"taxonomy":"category","embeddable":true,"href":"https:\/\/sandzakpress.net\/arhiva\/wp-json\/wp\/v2\/categories?post=219715"},{"taxonomy":"post_tag","embeddable":true,"href":"https:\/\/sandzakpress.net\/arhiva\/wp-json\/wp\/v2\/tags?post=219715"}],"curies":[{"name":"wp","href":"https:\/\/api.w.org\/{rel}","templated":true}]}}