{"id":219559,"date":"2019-03-15T14:18:25","date_gmt":"2019-03-15T13:18:25","guid":{"rendered":"https:\/\/sandzakpress.net\/arhiva\/?p=219559"},"modified":"2019-03-15T14:18:25","modified_gmt":"2019-03-15T13:18:25","slug":"bosnjacka-kulturna-bastina-cetenija-i-kap-veselja","status":"publish","type":"post","link":"https:\/\/sandzakpress.net\/arhiva\/bosnjacka-kulturna-bastina-cetenija-i-kap-veselja\/","title":{"rendered":"Bo\u0161nja\u010dka kulturna ba\u0161tina: \u0106etenija i \u201ckap\u201d veselja"},"content":{"rendered":"<p><img decoding=\"async\" src=\"http:\/\/www.listpolimlje.info\/media\/k2\/items\/cache\/acb1c7a29e4afb847e63ea0455deea1b_XL.jpg\" alt=\"BO\u00c5\u00a0NJA\u00c4\u008cKA KULTURNA BA\u00c5\u00a0TINA: \u00c4\u0086ETENIJA I \u00e2\u0080\u009cKAP\u00e2\u0080\u009d VESELJA\" \/><\/p>\n<div class=\"itemIntroText\">\n<p><strong>Tajna pripremanja \u0107etenije krije se u vje\u0161tim rukama iskusnih doma\u0107ica.<\/strong><\/p>\n<\/div>\n<div class=\"itemFullText\">\n<p>\u0106etenija je sino\u0107 ba\u0161 uspela! Tako ka\u017eu vrsne prijepoljske doma\u0107ice koje su i ove godine pred mnogobrojnim posetiocima pripremale ovu staru poslasticu svojstvenu bo\u0161nja\u010dkoj kuhinji. Nije uspjela samo ova \u201cslatka tajna\u201d ve\u0107 i dru\u017eenje uz sevdalinke i po\u0161alice u prostoru Doma kulture koji je bio mali da primi sve one koji su na licu mesta htjeli da vide pripremanje \u0107etenije. Nije bilo mjesta ni zebnji da ne\u0107e biti biti dovoljno \u0107etenije za sve goste. Svako je imao priliku da proba i zasladi se tradicionalnom poslasticom koja se pravi od bra\u0161na i karamelisanog \u0161e\u0107era.<\/p>\n<p>Tajna pripremanja nije, ka\u017ee iskusna D\u017eeva Mezild\u017ei\u0107, glavna kuvarica, u sastojcima ve\u0107 u postupku, vje\u0161tini doma\u0107ica i uskladjenom ritmu rada, jer u pripremanju \u0107etenije ni jedna ruka ne sme da \u201cizda\u201d niti da zaostane.<\/p>\n<p>Ono \u0161to pripremanje \u0107etenije \u010dini posebnim je zapravo veselo dru\u017eenje uz pesmu i igru, jer je to bio jedan od starinskih na\u010dina da se ljudi provesele, zbli\u017ee, da osete pripadnost i jedinstvo. Upravo to je bio cilj ove ve\u010deri, da se o\u017eive i od zaborava sa\u010duvaju neki tradicionalni obi\u010daji Bo\u0161njaka ovih prostora. A jedan od njih je, prema re\u010dima Ibrahima Ali\u010dkovi\u0107a, urednika za bo\u0161nja\u010dku programe pri Domu kulture, i ozboljna namera da se \u0107etenija za\u0161titi i udje u registar nematerijalne kulturne ba\u0161tine Bo\u0161njaka.<\/p>\n<p>Dobra muzika tambura\u0161kog orkestra \u00ab\u00a0Izazov\u00a0\u00bb, lep ambijent, veselo dru\u0161tvo i uspela poslastica, u\u010dinili su da ve\u010de \u0107etenije protekne u dobrom raspolo\u017eenju i poka\u017ee da \u00ab\u00a0narodu\u00a0\u00bb nedostaje upravo to, malo vi\u0161e dru\u017eenja, malo vi\u0161e pjesme, smjeha, igre, ta kap veselja.<\/p>\n<p><img decoding=\"async\" src=\"http:\/\/www.listpolimlje.info\/images\/MC_Cetenija_2.jpg\" alt=\"MC Cetenija 2\" \/><\/p>\n<p><img decoding=\"async\" src=\"http:\/\/www.listpolimlje.info\/images\/MC_Cetenija_3.jpg\" alt=\"MC Cetenija 3\" \/><\/p>\n<\/div>\n","protected":false},"excerpt":{"rendered":"<p>Tajna pripremanja \u0107etenije krije se u vje\u0161tim rukama iskusnih doma\u0107ica. \u0106etenija je sino\u0107 ba\u0161 uspela! Tako ka\u017eu vrsne prijepoljske doma\u0107ice koje su i ove godine pred mnogobrojnim posetiocima pripremale ovu staru poslasticu svojstvenu bo\u0161nja\u010dkoj kuhinji. Nije uspjela samo ova \u201cslatka tajna\u201d ve\u0107 i dru\u017eenje uz sevdalinke i po\u0161alice u prostoru Doma kulture koji je bio [&hellip;]<\/p>\n","protected":false},"author":509,"featured_media":219564,"comment_status":"open","ping_status":"open","sticky":false,"template":"","format":"standard","meta":{"footnotes":""},"categories":[800,392],"tags":[],"class_list":{"0":"post-219559","1":"post","2":"type-post","3":"status-publish","4":"format-standard","5":"has-post-thumbnail","7":"category-nacija","8":"category-prijepolje_"},"yoast_head":"<!-- This site is optimized with the Yoast SEO Premium plugin v23.1 (Yoast SEO v24.9) - https:\/\/yoast.com\/wordpress\/plugins\/seo\/ -->\n<title>Bo\u0161nja\u010dka kulturna ba\u0161tina: \u0106etenija i \u201ckap\u201d veselja<\/title>\n<meta name=\"robots\" content=\"index, follow, max-snippet:-1, max-image-preview:large, max-video-preview:-1\" \/>\n<link rel=\"canonical\" href=\"https:\/\/sandzakpress.net\/arhiva\/bosnjacka-kulturna-bastina-cetenija-i-kap-veselja\/\" \/>\n<meta property=\"og:locale\" content=\"bs_BA\" \/>\n<meta property=\"og:type\" content=\"article\" \/>\n<meta property=\"og:title\" content=\"Bo\u0161nja\u010dka kulturna ba\u0161tina: \u0106etenija i \u201ckap\u201d veselja\" \/>\n<meta property=\"og:description\" content=\"Tajna pripremanja \u0107etenije krije se u vje\u0161tim rukama iskusnih doma\u0107ica. \u0106etenija je sino\u0107 ba\u0161 uspela! Tako ka\u017eu vrsne prijepoljske doma\u0107ice koje su i ove godine pred mnogobrojnim posetiocima pripremale ovu staru poslasticu svojstvenu bo\u0161nja\u010dkoj kuhinji. Nije uspjela samo ova \u201cslatka tajna\u201d ve\u0107 i dru\u017eenje uz sevdalinke i po\u0161alice u prostoru Doma kulture koji je bio [&hellip;]\" \/>\n<meta property=\"og:url\" content=\"https:\/\/sandzakpress.net\/arhiva\/bosnjacka-kulturna-bastina-cetenija-i-kap-veselja\/\" \/>\n<meta property=\"og:site_name\" content=\"Sand\u017eak PRESS\" \/>\n<meta property=\"article:published_time\" content=\"2019-03-15T13:18:25+00:00\" \/>\n<meta property=\"og:image\" content=\"https:\/\/sandzakpress.net\/arhiva\/wp-content\/uploads\/2019\/03\/acb1c7a29e4afb847e63ea0455deea1b_XL.jpg\" \/>\n\t<meta property=\"og:image:width\" content=\"1000\" \/>\n\t<meta property=\"og:image:height\" content=\"750\" \/>\n\t<meta property=\"og:image:type\" content=\"image\/jpeg\" \/>\n<meta name=\"author\" content=\"Agencija\" \/>\n<meta name=\"twitter:card\" content=\"summary_large_image\" \/>\n<meta name=\"twitter:label1\" content=\"Written by\" \/>\n\t<meta name=\"twitter:data1\" content=\"Agencija\" \/>\n\t<meta name=\"twitter:label2\" content=\"Est. reading time\" \/>\n\t<meta name=\"twitter:data2\" content=\"2 minute\" \/>\n<script type=\"application\/ld+json\" class=\"yoast-schema-graph\">{\"@context\":\"https:\/\/schema.org\",\"@graph\":[{\"@type\":\"Article\",\"@id\":\"https:\/\/sandzakpress.net\/arhiva\/bosnjacka-kulturna-bastina-cetenija-i-kap-veselja\/#article\",\"isPartOf\":{\"@id\":\"https:\/\/sandzakpress.net\/arhiva\/bosnjacka-kulturna-bastina-cetenija-i-kap-veselja\/\"},\"author\":{\"name\":\"Agencija\",\"@id\":\"https:\/\/sandzakpress.net\/arhiva\/#\/schema\/person\/cb59d7e3ab91ab90dd680ad0305a6185\"},\"headline\":\"Bo\u0161nja\u010dka kulturna ba\u0161tina: \u0106etenija i \u201ckap\u201d veselja\",\"datePublished\":\"2019-03-15T13:18:25+00:00\",\"mainEntityOfPage\":{\"@id\":\"https:\/\/sandzakpress.net\/arhiva\/bosnjacka-kulturna-bastina-cetenija-i-kap-veselja\/\"},\"wordCount\":310,\"commentCount\":0,\"publisher\":{\"@id\":\"https:\/\/sandzakpress.net\/arhiva\/#\/schema\/person\/6e72b67d6e51910a1117b3b483ba20bd\"},\"image\":{\"@id\":\"https:\/\/sandzakpress.net\/arhiva\/bosnjacka-kulturna-bastina-cetenija-i-kap-veselja\/#primaryimage\"},\"thumbnailUrl\":\"https:\/\/sandzakpress.net\/arhiva\/wp-content\/uploads\/2019\/03\/acb1c7a29e4afb847e63ea0455deea1b_XL.jpg\",\"articleSection\":[\"Nacija\",\"Prijepolje\"],\"inLanguage\":\"bs-BA\",\"potentialAction\":[{\"@type\":\"CommentAction\",\"name\":\"Comment\",\"target\":[\"https:\/\/sandzakpress.net\/arhiva\/bosnjacka-kulturna-bastina-cetenija-i-kap-veselja\/#respond\"]}]},{\"@type\":\"WebPage\",\"@id\":\"https:\/\/sandzakpress.net\/arhiva\/bosnjacka-kulturna-bastina-cetenija-i-kap-veselja\/\",\"url\":\"https:\/\/sandzakpress.net\/arhiva\/bosnjacka-kulturna-bastina-cetenija-i-kap-veselja\/\",\"name\":\"Bo\u0161nja\u010dka kulturna ba\u0161tina: \u0106etenija i \u201ckap\u201d veselja\",\"isPartOf\":{\"@id\":\"https:\/\/sandzakpress.net\/arhiva\/#website\"},\"primaryImageOfPage\":{\"@id\":\"https:\/\/sandzakpress.net\/arhiva\/bosnjacka-kulturna-bastina-cetenija-i-kap-veselja\/#primaryimage\"},\"image\":{\"@id\":\"https:\/\/sandzakpress.net\/arhiva\/bosnjacka-kulturna-bastina-cetenija-i-kap-veselja\/#primaryimage\"},\"thumbnailUrl\":\"https:\/\/sandzakpress.net\/arhiva\/wp-content\/uploads\/2019\/03\/acb1c7a29e4afb847e63ea0455deea1b_XL.jpg\",\"datePublished\":\"2019-03-15T13:18:25+00:00\",\"breadcrumb\":{\"@id\":\"https:\/\/sandzakpress.net\/arhiva\/bosnjacka-kulturna-bastina-cetenija-i-kap-veselja\/#breadcrumb\"},\"inLanguage\":\"bs-BA\",\"potentialAction\":[{\"@type\":\"ReadAction\",\"target\":[\"https:\/\/sandzakpress.net\/arhiva\/bosnjacka-kulturna-bastina-cetenija-i-kap-veselja\/\"]}]},{\"@type\":\"ImageObject\",\"inLanguage\":\"bs-BA\",\"@id\":\"https:\/\/sandzakpress.net\/arhiva\/bosnjacka-kulturna-bastina-cetenija-i-kap-veselja\/#primaryimage\",\"url\":\"https:\/\/sandzakpress.net\/arhiva\/wp-content\/uploads\/2019\/03\/acb1c7a29e4afb847e63ea0455deea1b_XL.jpg\",\"contentUrl\":\"https:\/\/sandzakpress.net\/arhiva\/wp-content\/uploads\/2019\/03\/acb1c7a29e4afb847e63ea0455deea1b_XL.jpg\",\"width\":1000,\"height\":750},{\"@type\":\"BreadcrumbList\",\"@id\":\"https:\/\/sandzakpress.net\/arhiva\/bosnjacka-kulturna-bastina-cetenija-i-kap-veselja\/#breadcrumb\",\"itemListElement\":[{\"@type\":\"ListItem\",\"position\":1,\"name\":\"Home\",\"item\":\"https:\/\/sandzakpress.net\/arhiva\/\"},{\"@type\":\"ListItem\",\"position\":2,\"name\":\"Bo\u0161nja\u010dka kulturna ba\u0161tina: \u0106etenija i \u201ckap\u201d veselja\"}]},{\"@type\":\"WebSite\",\"@id\":\"https:\/\/sandzakpress.net\/arhiva\/#website\",\"url\":\"https:\/\/sandzakpress.net\/arhiva\/\",\"name\":\"Sand\u017eak PRESS\",\"description\":\"Prve elektronske novine u Sand\u017eaku\",\"publisher\":{\"@id\":\"https:\/\/sandzakpress.net\/arhiva\/#\/schema\/person\/6e72b67d6e51910a1117b3b483ba20bd\"},\"potentialAction\":[{\"@type\":\"SearchAction\",\"target\":{\"@type\":\"EntryPoint\",\"urlTemplate\":\"https:\/\/sandzakpress.net\/arhiva\/?s={search_term_string}\"},\"query-input\":{\"@type\":\"PropertyValueSpecification\",\"valueRequired\":true,\"valueName\":\"search_term_string\"}}],\"inLanguage\":\"bs-BA\"},{\"@type\":[\"Person\",\"Organization\"],\"@id\":\"https:\/\/sandzakpress.net\/arhiva\/#\/schema\/person\/6e72b67d6e51910a1117b3b483ba20bd\",\"name\":\"Kul\",\"image\":{\"@type\":\"ImageObject\",\"inLanguage\":\"bs-BA\",\"@id\":\"https:\/\/sandzakpress.net\/arhiva\/#\/schema\/person\/image\/\",\"url\":\"https:\/\/secure.gravatar.com\/avatar\/42263f39aa27ac04c43cab85c280eb2e?s=96&d=mm&r=pg\",\"contentUrl\":\"https:\/\/secure.gravatar.com\/avatar\/42263f39aa27ac04c43cab85c280eb2e?s=96&d=mm&r=pg\",\"caption\":\"Kul\"},\"logo\":{\"@id\":\"https:\/\/sandzakpress.net\/arhiva\/#\/schema\/person\/image\/\"}},{\"@type\":\"Person\",\"@id\":\"https:\/\/sandzakpress.net\/arhiva\/#\/schema\/person\/cb59d7e3ab91ab90dd680ad0305a6185\",\"name\":\"Agencija\",\"image\":{\"@type\":\"ImageObject\",\"inLanguage\":\"bs-BA\",\"@id\":\"https:\/\/sandzakpress.net\/arhiva\/#\/schema\/person\/image\/\",\"url\":\"https:\/\/secure.gravatar.com\/avatar\/4b7fafa80a22f0c2afe23966b3961fe0?s=96&d=mm&r=pg\",\"contentUrl\":\"https:\/\/secure.gravatar.com\/avatar\/4b7fafa80a22f0c2afe23966b3961fe0?s=96&d=mm&r=pg\",\"caption\":\"Agencija\"},\"url\":\"https:\/\/sandzakpress.net\/arhiva\/author\/agencija\/\"}]}<\/script>\n<!-- \/ Yoast SEO Premium plugin. -->","yoast_head_json":{"title":"Bo\u0161nja\u010dka kulturna ba\u0161tina: \u0106etenija i \u201ckap\u201d veselja","robots":{"index":"index","follow":"follow","max-snippet":"max-snippet:-1","max-image-preview":"max-image-preview:large","max-video-preview":"max-video-preview:-1"},"canonical":"https:\/\/sandzakpress.net\/arhiva\/bosnjacka-kulturna-bastina-cetenija-i-kap-veselja\/","og_locale":"bs_BA","og_type":"article","og_title":"Bo\u0161nja\u010dka kulturna ba\u0161tina: \u0106etenija i \u201ckap\u201d veselja","og_description":"Tajna pripremanja \u0107etenije krije se u vje\u0161tim rukama iskusnih doma\u0107ica. \u0106etenija je sino\u0107 ba\u0161 uspela! Tako ka\u017eu vrsne prijepoljske doma\u0107ice koje su i ove godine pred mnogobrojnim posetiocima pripremale ovu staru poslasticu svojstvenu bo\u0161nja\u010dkoj kuhinji. Nije uspjela samo ova \u201cslatka tajna\u201d ve\u0107 i dru\u017eenje uz sevdalinke i po\u0161alice u prostoru Doma kulture koji je bio [&hellip;]","og_url":"https:\/\/sandzakpress.net\/arhiva\/bosnjacka-kulturna-bastina-cetenija-i-kap-veselja\/","og_site_name":"Sand\u017eak PRESS","article_published_time":"2019-03-15T13:18:25+00:00","og_image":[{"width":1000,"height":750,"url":"https:\/\/sandzakpress.net\/arhiva\/wp-content\/uploads\/2019\/03\/acb1c7a29e4afb847e63ea0455deea1b_XL.jpg","type":"image\/jpeg"}],"author":"Agencija","twitter_card":"summary_large_image","twitter_misc":{"Written by":"Agencija","Est. reading time":"2 minute"},"schema":{"@context":"https:\/\/schema.org","@graph":[{"@type":"Article","@id":"https:\/\/sandzakpress.net\/arhiva\/bosnjacka-kulturna-bastina-cetenija-i-kap-veselja\/#article","isPartOf":{"@id":"https:\/\/sandzakpress.net\/arhiva\/bosnjacka-kulturna-bastina-cetenija-i-kap-veselja\/"},"author":{"name":"Agencija","@id":"https:\/\/sandzakpress.net\/arhiva\/#\/schema\/person\/cb59d7e3ab91ab90dd680ad0305a6185"},"headline":"Bo\u0161nja\u010dka kulturna ba\u0161tina: \u0106etenija i \u201ckap\u201d veselja","datePublished":"2019-03-15T13:18:25+00:00","mainEntityOfPage":{"@id":"https:\/\/sandzakpress.net\/arhiva\/bosnjacka-kulturna-bastina-cetenija-i-kap-veselja\/"},"wordCount":310,"commentCount":0,"publisher":{"@id":"https:\/\/sandzakpress.net\/arhiva\/#\/schema\/person\/6e72b67d6e51910a1117b3b483ba20bd"},"image":{"@id":"https:\/\/sandzakpress.net\/arhiva\/bosnjacka-kulturna-bastina-cetenija-i-kap-veselja\/#primaryimage"},"thumbnailUrl":"https:\/\/sandzakpress.net\/arhiva\/wp-content\/uploads\/2019\/03\/acb1c7a29e4afb847e63ea0455deea1b_XL.jpg","articleSection":["Nacija","Prijepolje"],"inLanguage":"bs-BA","potentialAction":[{"@type":"CommentAction","name":"Comment","target":["https:\/\/sandzakpress.net\/arhiva\/bosnjacka-kulturna-bastina-cetenija-i-kap-veselja\/#respond"]}]},{"@type":"WebPage","@id":"https:\/\/sandzakpress.net\/arhiva\/bosnjacka-kulturna-bastina-cetenija-i-kap-veselja\/","url":"https:\/\/sandzakpress.net\/arhiva\/bosnjacka-kulturna-bastina-cetenija-i-kap-veselja\/","name":"Bo\u0161nja\u010dka kulturna ba\u0161tina: \u0106etenija i \u201ckap\u201d veselja","isPartOf":{"@id":"https:\/\/sandzakpress.net\/arhiva\/#website"},"primaryImageOfPage":{"@id":"https:\/\/sandzakpress.net\/arhiva\/bosnjacka-kulturna-bastina-cetenija-i-kap-veselja\/#primaryimage"},"image":{"@id":"https:\/\/sandzakpress.net\/arhiva\/bosnjacka-kulturna-bastina-cetenija-i-kap-veselja\/#primaryimage"},"thumbnailUrl":"https:\/\/sandzakpress.net\/arhiva\/wp-content\/uploads\/2019\/03\/acb1c7a29e4afb847e63ea0455deea1b_XL.jpg","datePublished":"2019-03-15T13:18:25+00:00","breadcrumb":{"@id":"https:\/\/sandzakpress.net\/arhiva\/bosnjacka-kulturna-bastina-cetenija-i-kap-veselja\/#breadcrumb"},"inLanguage":"bs-BA","potentialAction":[{"@type":"ReadAction","target":["https:\/\/sandzakpress.net\/arhiva\/bosnjacka-kulturna-bastina-cetenija-i-kap-veselja\/"]}]},{"@type":"ImageObject","inLanguage":"bs-BA","@id":"https:\/\/sandzakpress.net\/arhiva\/bosnjacka-kulturna-bastina-cetenija-i-kap-veselja\/#primaryimage","url":"https:\/\/sandzakpress.net\/arhiva\/wp-content\/uploads\/2019\/03\/acb1c7a29e4afb847e63ea0455deea1b_XL.jpg","contentUrl":"https:\/\/sandzakpress.net\/arhiva\/wp-content\/uploads\/2019\/03\/acb1c7a29e4afb847e63ea0455deea1b_XL.jpg","width":1000,"height":750},{"@type":"BreadcrumbList","@id":"https:\/\/sandzakpress.net\/arhiva\/bosnjacka-kulturna-bastina-cetenija-i-kap-veselja\/#breadcrumb","itemListElement":[{"@type":"ListItem","position":1,"name":"Home","item":"https:\/\/sandzakpress.net\/arhiva\/"},{"@type":"ListItem","position":2,"name":"Bo\u0161nja\u010dka kulturna ba\u0161tina: \u0106etenija i \u201ckap\u201d veselja"}]},{"@type":"WebSite","@id":"https:\/\/sandzakpress.net\/arhiva\/#website","url":"https:\/\/sandzakpress.net\/arhiva\/","name":"Sand\u017eak PRESS","description":"Prve elektronske novine u Sand\u017eaku","publisher":{"@id":"https:\/\/sandzakpress.net\/arhiva\/#\/schema\/person\/6e72b67d6e51910a1117b3b483ba20bd"},"potentialAction":[{"@type":"SearchAction","target":{"@type":"EntryPoint","urlTemplate":"https:\/\/sandzakpress.net\/arhiva\/?s={search_term_string}"},"query-input":{"@type":"PropertyValueSpecification","valueRequired":true,"valueName":"search_term_string"}}],"inLanguage":"bs-BA"},{"@type":["Person","Organization"],"@id":"https:\/\/sandzakpress.net\/arhiva\/#\/schema\/person\/6e72b67d6e51910a1117b3b483ba20bd","name":"Kul","image":{"@type":"ImageObject","inLanguage":"bs-BA","@id":"https:\/\/sandzakpress.net\/arhiva\/#\/schema\/person\/image\/","url":"https:\/\/secure.gravatar.com\/avatar\/42263f39aa27ac04c43cab85c280eb2e?s=96&d=mm&r=pg","contentUrl":"https:\/\/secure.gravatar.com\/avatar\/42263f39aa27ac04c43cab85c280eb2e?s=96&d=mm&r=pg","caption":"Kul"},"logo":{"@id":"https:\/\/sandzakpress.net\/arhiva\/#\/schema\/person\/image\/"}},{"@type":"Person","@id":"https:\/\/sandzakpress.net\/arhiva\/#\/schema\/person\/cb59d7e3ab91ab90dd680ad0305a6185","name":"Agencija","image":{"@type":"ImageObject","inLanguage":"bs-BA","@id":"https:\/\/sandzakpress.net\/arhiva\/#\/schema\/person\/image\/","url":"https:\/\/secure.gravatar.com\/avatar\/4b7fafa80a22f0c2afe23966b3961fe0?s=96&d=mm&r=pg","contentUrl":"https:\/\/secure.gravatar.com\/avatar\/4b7fafa80a22f0c2afe23966b3961fe0?s=96&d=mm&r=pg","caption":"Agencija"},"url":"https:\/\/sandzakpress.net\/arhiva\/author\/agencija\/"}]}},"_links":{"self":[{"href":"https:\/\/sandzakpress.net\/arhiva\/wp-json\/wp\/v2\/posts\/219559"}],"collection":[{"href":"https:\/\/sandzakpress.net\/arhiva\/wp-json\/wp\/v2\/posts"}],"about":[{"href":"https:\/\/sandzakpress.net\/arhiva\/wp-json\/wp\/v2\/types\/post"}],"author":[{"embeddable":true,"href":"https:\/\/sandzakpress.net\/arhiva\/wp-json\/wp\/v2\/users\/509"}],"replies":[{"embeddable":true,"href":"https:\/\/sandzakpress.net\/arhiva\/wp-json\/wp\/v2\/comments?post=219559"}],"version-history":[{"count":0,"href":"https:\/\/sandzakpress.net\/arhiva\/wp-json\/wp\/v2\/posts\/219559\/revisions"}],"wp:featuredmedia":[{"embeddable":true,"href":"https:\/\/sandzakpress.net\/arhiva\/wp-json\/wp\/v2\/media\/219564"}],"wp:attachment":[{"href":"https:\/\/sandzakpress.net\/arhiva\/wp-json\/wp\/v2\/media?parent=219559"}],"wp:term":[{"taxonomy":"category","embeddable":true,"href":"https:\/\/sandzakpress.net\/arhiva\/wp-json\/wp\/v2\/categories?post=219559"},{"taxonomy":"post_tag","embeddable":true,"href":"https:\/\/sandzakpress.net\/arhiva\/wp-json\/wp\/v2\/tags?post=219559"}],"curies":[{"name":"wp","href":"https:\/\/api.w.org\/{rel}","templated":true}]}}