{"id":219506,"date":"2019-03-15T09:52:31","date_gmt":"2019-03-15T08:52:31","guid":{"rendered":"https:\/\/sandzakpress.net\/arhiva\/?p=219506"},"modified":"2019-03-15T09:52:31","modified_gmt":"2019-03-15T08:52:31","slug":"sokantno-masovni-ubica-iz-dzamije-u-novom-zelandu-na-oruzju-cirilicom-ispisao-i-dva-imena-na-srpskom","status":"publish","type":"post","link":"https:\/\/sandzakpress.net\/arhiva\/sokantno-masovni-ubica-iz-dzamije-u-novom-zelandu-na-oruzju-cirilicom-ispisao-i-dva-imena-na-srpskom\/","title":{"rendered":"\u0160OKANTNO Masovni ubica iz d\u017eamije u Novom Zelandu na oru\u017eju \u0106IRILICOM ISPISAO I DVA IMENA NA SRPSKOM"},"content":{"rendered":"<p><img decoding=\"async\" src=\"https:\/\/ocdn.eu\/pulscms-transforms\/1\/ffMk9lMaHR0cDovL29jZG4uZXUvaW1hZ2VzL3B1bHNjbXMvWkRBN01EQV8vMjFmYTA3YjBiMmM5Mjk3NjEyNWMwZWRmMTFhZWI4OTMuanBlZ5GTAs0C5ACBAAE\" alt=\"Terorista na oru\u00c5\u00beju \u00c4\u0087irilicom ispisao i dva imena na srpskom\" \/><\/p>\n<p><strong>Masovni ubica koji je izvr\u0161io pokolj u jednoj od d\u017eamija u Novom Zelandu na svom oru\u017eju \u0107irilicom je napisao i dva imena na srpskom!<\/strong><\/p>\n<p>Terorista koji je danas u\u010destvovao u pokolju u kom je ubijeno 49 ljudi, a 20 ranjeno, na svom oru\u017eju napisao je \u0107irilicom imena: Marko Milajnov Popovi\u0107 i Stefan Lazar.<\/p>\n<p>Zapadni mediji, poput Dejli mejla, gre\u0161kom pi\u0161u da su to imena drugih terorista koji su u\u010destvovali u stravi\u010dnom napadu.<\/p>\n<p>Me\u0111utim radi se o imenu crnogorskog vojvode i srpskog kneza.<\/p>\n<p><strong>Marko Miljanov Popovi\u0107<\/strong>\u00a0(1833 &#8211; 1901), crnogorski narodni knji\u017eevnik, vojskovo\u0111a i vojvoda iz plemena Ku\u010di.<\/p>\n<p><strong>Stefan Lazar<\/strong>\u00a0&#8211; srpski knez Lazar Hrebeljanovi\u0107 (1329 &#8211; 1389), poginuo u boju sa Turcima na Kosovu Polju. Koristio kraljevsko ime Stefan Lazar.<\/p>\n<p>Jo\u0161 jedno od imena koje je terorista napisao na svom oru\u017eju je i\u00a0<strong>\u0160erban Kantakuzin.<\/strong>\u00a0U pitanju je vla\u0161ki knez (1640 &#8211; 1688), koji je sara\u0111ivao sa rumunskim knezom srpskog porekla \u0110or\u0111em Brankovi\u0107em.<\/p>\n<p>Na oru\u017eju su ispisana i slede\u0107a imena: Dmitri Senjavin, Edvard Kodrington, Marko Antonio Bragadin i Ernest Ridger fon \u0160tarhemberg.<\/p>\n<p><strong>Edvard Kodrington<\/strong>\u00a0(1770 &#8211; 1851), bio je britanski admiral koji je u\u010destvovao u trafalgarskoj bici i bici kod Navarina.<\/p>\n<p><strong>Marko Antonio Bragadin\u00a0<\/strong>(1523 &#8211; 1571) bio je mleta\u010dki advokat i vojskovo\u0111a.<\/p>\n<p><strong>Grof Ernst Ridger fon \u0160tarhemberg<\/strong>\u00a0(1638 &#8211; 1701) je bio general carske austrougarske vojske za vreme ratova Austrije sa Turcima.<\/p>\n<p>Sve ove istorijske li\u010dnosti spaja jedno, zbog \u010dega im je napada\u010d iz Krajst\u010de\u010da verovatno i zloupotrebio imena: u jednom periodu svojih \u017eivota borili su se protiv turske otomanske vojske. Mada su pojedini s Turcima jedno vrijeme i sara\u0111ivali, poput \u0160arbana Kantakuzina, koji je sa velikim vezirom Kara Mustafa-pa\u0161om opsedao Be\u010d 1683. godine.<\/p>\n<p>U stravi\u010dnom napadu na dve d\u017eamije na Novom Zelandu ubijeno je 49 osoba, a ranjeno najmanje 20. Policija je uhapsila \u010detiri osobe osumnji\u010dene za ove stravi\u010dne napade. Jedan od napada\u010da je pokolj u d\u017eamiji prenosio u\u017eivo na svom Fejsbuk profilu!<\/p>\n<p>(blic.rs)<\/p>\n","protected":false},"excerpt":{"rendered":"<p>Masovni ubica koji je izvr\u0161io pokolj u jednoj od d\u017eamija u Novom Zelandu na svom oru\u017eju \u0107irilicom je napisao i dva imena na srpskom! Terorista koji je danas u\u010destvovao u pokolju u kom je ubijeno 49 ljudi, a 20 ranjeno, na svom oru\u017eju napisao je \u0107irilicom imena: Marko Milajnov Popovi\u0107 i Stefan Lazar. Zapadni mediji, [&hellip;]<\/p>\n","protected":false},"author":509,"featured_media":219507,"comment_status":"open","ping_status":"open","sticky":false,"template":"","format":"standard","meta":{"footnotes":""},"categories":[10307,9,8957,798],"tags":[],"class_list":{"0":"post-219506","1":"post","2":"type-post","3":"status-publish","4":"format-standard","5":"has-post-thumbnail","7":"category-srbija","8":"category-svijet","9":"category-vijesti-dana","10":"category-teme"},"yoast_head":"<!-- This site is optimized with the Yoast SEO Premium plugin v23.1 (Yoast SEO v24.9) - https:\/\/yoast.com\/wordpress\/plugins\/seo\/ -->\n<title>\u0160OKANTNO Masovni ubica iz d\u017eamije u Novom Zelandu na oru\u017eju \u0106IRILICOM ISPISAO I DVA IMENA NA SRPSKOM<\/title>\n<meta name=\"robots\" content=\"index, follow, max-snippet:-1, max-image-preview:large, max-video-preview:-1\" \/>\n<link rel=\"canonical\" href=\"https:\/\/sandzakpress.net\/arhiva\/sokantno-masovni-ubica-iz-dzamije-u-novom-zelandu-na-oruzju-cirilicom-ispisao-i-dva-imena-na-srpskom\/\" \/>\n<meta property=\"og:locale\" content=\"bs_BA\" \/>\n<meta property=\"og:type\" content=\"article\" \/>\n<meta property=\"og:title\" content=\"\u0160OKANTNO Masovni ubica iz d\u017eamije u Novom Zelandu na oru\u017eju \u0106IRILICOM ISPISAO I DVA IMENA NA SRPSKOM\" \/>\n<meta property=\"og:description\" content=\"Masovni ubica koji je izvr\u0161io pokolj u jednoj od d\u017eamija u Novom Zelandu na svom oru\u017eju \u0107irilicom je napisao i dva imena na srpskom! Terorista koji je danas u\u010destvovao u pokolju u kom je ubijeno 49 ljudi, a 20 ranjeno, na svom oru\u017eju napisao je \u0107irilicom imena: Marko Milajnov Popovi\u0107 i Stefan Lazar. Zapadni mediji, [&hellip;]\" \/>\n<meta property=\"og:url\" content=\"https:\/\/sandzakpress.net\/arhiva\/sokantno-masovni-ubica-iz-dzamije-u-novom-zelandu-na-oruzju-cirilicom-ispisao-i-dva-imena-na-srpskom\/\" \/>\n<meta property=\"og:site_name\" content=\"Sand\u017eak PRESS\" \/>\n<meta property=\"article:published_time\" content=\"2019-03-15T08:52:31+00:00\" \/>\n<meta property=\"og:image\" content=\"https:\/\/sandzakpress.net\/arhiva\/wp-content\/uploads\/2019\/03\/ffMk9lMaHR0cDovL29jZG4uZXUvaW1hZ2VzL3B1bHNjbXMvWkRBN01EQV8vMjFmYTA3YjBiMmM5Mjk3NjEyNWMwZWRmMTFhZWI4OTMuanBlZ5GTAs0C5ACBAAE.jpg\" \/>\n\t<meta property=\"og:image:width\" content=\"740\" \/>\n\t<meta property=\"og:image:height\" content=\"720\" \/>\n\t<meta property=\"og:image:type\" content=\"image\/jpeg\" \/>\n<meta name=\"author\" content=\"Agencija\" \/>\n<meta name=\"twitter:card\" content=\"summary_large_image\" \/>\n<meta name=\"twitter:label1\" content=\"Written by\" \/>\n\t<meta name=\"twitter:data1\" content=\"Agencija\" \/>\n\t<meta name=\"twitter:label2\" content=\"Est. reading time\" \/>\n\t<meta name=\"twitter:data2\" content=\"2 minute\" \/>\n<script type=\"application\/ld+json\" class=\"yoast-schema-graph\">{\"@context\":\"https:\/\/schema.org\",\"@graph\":[{\"@type\":\"Article\",\"@id\":\"https:\/\/sandzakpress.net\/arhiva\/sokantno-masovni-ubica-iz-dzamije-u-novom-zelandu-na-oruzju-cirilicom-ispisao-i-dva-imena-na-srpskom\/#article\",\"isPartOf\":{\"@id\":\"https:\/\/sandzakpress.net\/arhiva\/sokantno-masovni-ubica-iz-dzamije-u-novom-zelandu-na-oruzju-cirilicom-ispisao-i-dva-imena-na-srpskom\/\"},\"author\":{\"name\":\"Agencija\",\"@id\":\"https:\/\/sandzakpress.net\/arhiva\/#\/schema\/person\/cb59d7e3ab91ab90dd680ad0305a6185\"},\"headline\":\"\u0160OKANTNO Masovni ubica iz d\u017eamije u Novom Zelandu na oru\u017eju \u0106IRILICOM ISPISAO I DVA IMENA NA SRPSKOM\",\"datePublished\":\"2019-03-15T08:52:31+00:00\",\"mainEntityOfPage\":{\"@id\":\"https:\/\/sandzakpress.net\/arhiva\/sokantno-masovni-ubica-iz-dzamije-u-novom-zelandu-na-oruzju-cirilicom-ispisao-i-dva-imena-na-srpskom\/\"},\"wordCount\":354,\"commentCount\":12,\"publisher\":{\"@id\":\"https:\/\/sandzakpress.net\/arhiva\/#\/schema\/person\/6e72b67d6e51910a1117b3b483ba20bd\"},\"image\":{\"@id\":\"https:\/\/sandzakpress.net\/arhiva\/sokantno-masovni-ubica-iz-dzamije-u-novom-zelandu-na-oruzju-cirilicom-ispisao-i-dva-imena-na-srpskom\/#primaryimage\"},\"thumbnailUrl\":\"https:\/\/sandzakpress.net\/arhiva\/wp-content\/uploads\/2019\/03\/ffMk9lMaHR0cDovL29jZG4uZXUvaW1hZ2VzL3B1bHNjbXMvWkRBN01EQV8vMjFmYTA3YjBiMmM5Mjk3NjEyNWMwZWRmMTFhZWI4OTMuanBlZ5GTAs0C5ACBAAE.jpg\",\"articleSection\":[\"Srbija\",\"Svijet\",\"VIJESTI DANA\",\"NAJNOVIJE\"],\"inLanguage\":\"bs-BA\",\"potentialAction\":[{\"@type\":\"CommentAction\",\"name\":\"Comment\",\"target\":[\"https:\/\/sandzakpress.net\/arhiva\/sokantno-masovni-ubica-iz-dzamije-u-novom-zelandu-na-oruzju-cirilicom-ispisao-i-dva-imena-na-srpskom\/#respond\"]}]},{\"@type\":\"WebPage\",\"@id\":\"https:\/\/sandzakpress.net\/arhiva\/sokantno-masovni-ubica-iz-dzamije-u-novom-zelandu-na-oruzju-cirilicom-ispisao-i-dva-imena-na-srpskom\/\",\"url\":\"https:\/\/sandzakpress.net\/arhiva\/sokantno-masovni-ubica-iz-dzamije-u-novom-zelandu-na-oruzju-cirilicom-ispisao-i-dva-imena-na-srpskom\/\",\"name\":\"\u0160OKANTNO Masovni ubica iz d\u017eamije u Novom Zelandu na oru\u017eju \u0106IRILICOM ISPISAO I DVA IMENA NA SRPSKOM\",\"isPartOf\":{\"@id\":\"https:\/\/sandzakpress.net\/arhiva\/#website\"},\"primaryImageOfPage\":{\"@id\":\"https:\/\/sandzakpress.net\/arhiva\/sokantno-masovni-ubica-iz-dzamije-u-novom-zelandu-na-oruzju-cirilicom-ispisao-i-dva-imena-na-srpskom\/#primaryimage\"},\"image\":{\"@id\":\"https:\/\/sandzakpress.net\/arhiva\/sokantno-masovni-ubica-iz-dzamije-u-novom-zelandu-na-oruzju-cirilicom-ispisao-i-dva-imena-na-srpskom\/#primaryimage\"},\"thumbnailUrl\":\"https:\/\/sandzakpress.net\/arhiva\/wp-content\/uploads\/2019\/03\/ffMk9lMaHR0cDovL29jZG4uZXUvaW1hZ2VzL3B1bHNjbXMvWkRBN01EQV8vMjFmYTA3YjBiMmM5Mjk3NjEyNWMwZWRmMTFhZWI4OTMuanBlZ5GTAs0C5ACBAAE.jpg\",\"datePublished\":\"2019-03-15T08:52:31+00:00\",\"breadcrumb\":{\"@id\":\"https:\/\/sandzakpress.net\/arhiva\/sokantno-masovni-ubica-iz-dzamije-u-novom-zelandu-na-oruzju-cirilicom-ispisao-i-dva-imena-na-srpskom\/#breadcrumb\"},\"inLanguage\":\"bs-BA\",\"potentialAction\":[{\"@type\":\"ReadAction\",\"target\":[\"https:\/\/sandzakpress.net\/arhiva\/sokantno-masovni-ubica-iz-dzamije-u-novom-zelandu-na-oruzju-cirilicom-ispisao-i-dva-imena-na-srpskom\/\"]}]},{\"@type\":\"ImageObject\",\"inLanguage\":\"bs-BA\",\"@id\":\"https:\/\/sandzakpress.net\/arhiva\/sokantno-masovni-ubica-iz-dzamije-u-novom-zelandu-na-oruzju-cirilicom-ispisao-i-dva-imena-na-srpskom\/#primaryimage\",\"url\":\"https:\/\/sandzakpress.net\/arhiva\/wp-content\/uploads\/2019\/03\/ffMk9lMaHR0cDovL29jZG4uZXUvaW1hZ2VzL3B1bHNjbXMvWkRBN01EQV8vMjFmYTA3YjBiMmM5Mjk3NjEyNWMwZWRmMTFhZWI4OTMuanBlZ5GTAs0C5ACBAAE.jpg\",\"contentUrl\":\"https:\/\/sandzakpress.net\/arhiva\/wp-content\/uploads\/2019\/03\/ffMk9lMaHR0cDovL29jZG4uZXUvaW1hZ2VzL3B1bHNjbXMvWkRBN01EQV8vMjFmYTA3YjBiMmM5Mjk3NjEyNWMwZWRmMTFhZWI4OTMuanBlZ5GTAs0C5ACBAAE.jpg\",\"width\":740,\"height\":720},{\"@type\":\"BreadcrumbList\",\"@id\":\"https:\/\/sandzakpress.net\/arhiva\/sokantno-masovni-ubica-iz-dzamije-u-novom-zelandu-na-oruzju-cirilicom-ispisao-i-dva-imena-na-srpskom\/#breadcrumb\",\"itemListElement\":[{\"@type\":\"ListItem\",\"position\":1,\"name\":\"Home\",\"item\":\"https:\/\/sandzakpress.net\/arhiva\/\"},{\"@type\":\"ListItem\",\"position\":2,\"name\":\"\u0160OKANTNO Masovni ubica iz d\u017eamije u Novom Zelandu na oru\u017eju \u0106IRILICOM ISPISAO I DVA IMENA NA SRPSKOM\"}]},{\"@type\":\"WebSite\",\"@id\":\"https:\/\/sandzakpress.net\/arhiva\/#website\",\"url\":\"https:\/\/sandzakpress.net\/arhiva\/\",\"name\":\"Sand\u017eak PRESS\",\"description\":\"Prve elektronske novine u Sand\u017eaku\",\"publisher\":{\"@id\":\"https:\/\/sandzakpress.net\/arhiva\/#\/schema\/person\/6e72b67d6e51910a1117b3b483ba20bd\"},\"potentialAction\":[{\"@type\":\"SearchAction\",\"target\":{\"@type\":\"EntryPoint\",\"urlTemplate\":\"https:\/\/sandzakpress.net\/arhiva\/?s={search_term_string}\"},\"query-input\":{\"@type\":\"PropertyValueSpecification\",\"valueRequired\":true,\"valueName\":\"search_term_string\"}}],\"inLanguage\":\"bs-BA\"},{\"@type\":[\"Person\",\"Organization\"],\"@id\":\"https:\/\/sandzakpress.net\/arhiva\/#\/schema\/person\/6e72b67d6e51910a1117b3b483ba20bd\",\"name\":\"Kul\",\"image\":{\"@type\":\"ImageObject\",\"inLanguage\":\"bs-BA\",\"@id\":\"https:\/\/sandzakpress.net\/arhiva\/#\/schema\/person\/image\/\",\"url\":\"https:\/\/secure.gravatar.com\/avatar\/42263f39aa27ac04c43cab85c280eb2e?s=96&d=mm&r=pg\",\"contentUrl\":\"https:\/\/secure.gravatar.com\/avatar\/42263f39aa27ac04c43cab85c280eb2e?s=96&d=mm&r=pg\",\"caption\":\"Kul\"},\"logo\":{\"@id\":\"https:\/\/sandzakpress.net\/arhiva\/#\/schema\/person\/image\/\"}},{\"@type\":\"Person\",\"@id\":\"https:\/\/sandzakpress.net\/arhiva\/#\/schema\/person\/cb59d7e3ab91ab90dd680ad0305a6185\",\"name\":\"Agencija\",\"image\":{\"@type\":\"ImageObject\",\"inLanguage\":\"bs-BA\",\"@id\":\"https:\/\/sandzakpress.net\/arhiva\/#\/schema\/person\/image\/\",\"url\":\"https:\/\/secure.gravatar.com\/avatar\/4b7fafa80a22f0c2afe23966b3961fe0?s=96&d=mm&r=pg\",\"contentUrl\":\"https:\/\/secure.gravatar.com\/avatar\/4b7fafa80a22f0c2afe23966b3961fe0?s=96&d=mm&r=pg\",\"caption\":\"Agencija\"},\"url\":\"https:\/\/sandzakpress.net\/arhiva\/author\/agencija\/\"}]}<\/script>\n<!-- \/ Yoast SEO Premium plugin. -->","yoast_head_json":{"title":"\u0160OKANTNO Masovni ubica iz d\u017eamije u Novom Zelandu na oru\u017eju \u0106IRILICOM ISPISAO I DVA IMENA NA SRPSKOM","robots":{"index":"index","follow":"follow","max-snippet":"max-snippet:-1","max-image-preview":"max-image-preview:large","max-video-preview":"max-video-preview:-1"},"canonical":"https:\/\/sandzakpress.net\/arhiva\/sokantno-masovni-ubica-iz-dzamije-u-novom-zelandu-na-oruzju-cirilicom-ispisao-i-dva-imena-na-srpskom\/","og_locale":"bs_BA","og_type":"article","og_title":"\u0160OKANTNO Masovni ubica iz d\u017eamije u Novom Zelandu na oru\u017eju \u0106IRILICOM ISPISAO I DVA IMENA NA SRPSKOM","og_description":"Masovni ubica koji je izvr\u0161io pokolj u jednoj od d\u017eamija u Novom Zelandu na svom oru\u017eju \u0107irilicom je napisao i dva imena na srpskom! Terorista koji je danas u\u010destvovao u pokolju u kom je ubijeno 49 ljudi, a 20 ranjeno, na svom oru\u017eju napisao je \u0107irilicom imena: Marko Milajnov Popovi\u0107 i Stefan Lazar. Zapadni mediji, [&hellip;]","og_url":"https:\/\/sandzakpress.net\/arhiva\/sokantno-masovni-ubica-iz-dzamije-u-novom-zelandu-na-oruzju-cirilicom-ispisao-i-dva-imena-na-srpskom\/","og_site_name":"Sand\u017eak PRESS","article_published_time":"2019-03-15T08:52:31+00:00","og_image":[{"width":740,"height":720,"url":"https:\/\/sandzakpress.net\/arhiva\/wp-content\/uploads\/2019\/03\/ffMk9lMaHR0cDovL29jZG4uZXUvaW1hZ2VzL3B1bHNjbXMvWkRBN01EQV8vMjFmYTA3YjBiMmM5Mjk3NjEyNWMwZWRmMTFhZWI4OTMuanBlZ5GTAs0C5ACBAAE.jpg","type":"image\/jpeg"}],"author":"Agencija","twitter_card":"summary_large_image","twitter_misc":{"Written by":"Agencija","Est. reading time":"2 minute"},"schema":{"@context":"https:\/\/schema.org","@graph":[{"@type":"Article","@id":"https:\/\/sandzakpress.net\/arhiva\/sokantno-masovni-ubica-iz-dzamije-u-novom-zelandu-na-oruzju-cirilicom-ispisao-i-dva-imena-na-srpskom\/#article","isPartOf":{"@id":"https:\/\/sandzakpress.net\/arhiva\/sokantno-masovni-ubica-iz-dzamije-u-novom-zelandu-na-oruzju-cirilicom-ispisao-i-dva-imena-na-srpskom\/"},"author":{"name":"Agencija","@id":"https:\/\/sandzakpress.net\/arhiva\/#\/schema\/person\/cb59d7e3ab91ab90dd680ad0305a6185"},"headline":"\u0160OKANTNO Masovni ubica iz d\u017eamije u Novom Zelandu na oru\u017eju \u0106IRILICOM ISPISAO I DVA IMENA NA SRPSKOM","datePublished":"2019-03-15T08:52:31+00:00","mainEntityOfPage":{"@id":"https:\/\/sandzakpress.net\/arhiva\/sokantno-masovni-ubica-iz-dzamije-u-novom-zelandu-na-oruzju-cirilicom-ispisao-i-dva-imena-na-srpskom\/"},"wordCount":354,"commentCount":12,"publisher":{"@id":"https:\/\/sandzakpress.net\/arhiva\/#\/schema\/person\/6e72b67d6e51910a1117b3b483ba20bd"},"image":{"@id":"https:\/\/sandzakpress.net\/arhiva\/sokantno-masovni-ubica-iz-dzamije-u-novom-zelandu-na-oruzju-cirilicom-ispisao-i-dva-imena-na-srpskom\/#primaryimage"},"thumbnailUrl":"https:\/\/sandzakpress.net\/arhiva\/wp-content\/uploads\/2019\/03\/ffMk9lMaHR0cDovL29jZG4uZXUvaW1hZ2VzL3B1bHNjbXMvWkRBN01EQV8vMjFmYTA3YjBiMmM5Mjk3NjEyNWMwZWRmMTFhZWI4OTMuanBlZ5GTAs0C5ACBAAE.jpg","articleSection":["Srbija","Svijet","VIJESTI DANA","NAJNOVIJE"],"inLanguage":"bs-BA","potentialAction":[{"@type":"CommentAction","name":"Comment","target":["https:\/\/sandzakpress.net\/arhiva\/sokantno-masovni-ubica-iz-dzamije-u-novom-zelandu-na-oruzju-cirilicom-ispisao-i-dva-imena-na-srpskom\/#respond"]}]},{"@type":"WebPage","@id":"https:\/\/sandzakpress.net\/arhiva\/sokantno-masovni-ubica-iz-dzamije-u-novom-zelandu-na-oruzju-cirilicom-ispisao-i-dva-imena-na-srpskom\/","url":"https:\/\/sandzakpress.net\/arhiva\/sokantno-masovni-ubica-iz-dzamije-u-novom-zelandu-na-oruzju-cirilicom-ispisao-i-dva-imena-na-srpskom\/","name":"\u0160OKANTNO Masovni ubica iz d\u017eamije u Novom Zelandu na oru\u017eju \u0106IRILICOM ISPISAO I DVA IMENA NA SRPSKOM","isPartOf":{"@id":"https:\/\/sandzakpress.net\/arhiva\/#website"},"primaryImageOfPage":{"@id":"https:\/\/sandzakpress.net\/arhiva\/sokantno-masovni-ubica-iz-dzamije-u-novom-zelandu-na-oruzju-cirilicom-ispisao-i-dva-imena-na-srpskom\/#primaryimage"},"image":{"@id":"https:\/\/sandzakpress.net\/arhiva\/sokantno-masovni-ubica-iz-dzamije-u-novom-zelandu-na-oruzju-cirilicom-ispisao-i-dva-imena-na-srpskom\/#primaryimage"},"thumbnailUrl":"https:\/\/sandzakpress.net\/arhiva\/wp-content\/uploads\/2019\/03\/ffMk9lMaHR0cDovL29jZG4uZXUvaW1hZ2VzL3B1bHNjbXMvWkRBN01EQV8vMjFmYTA3YjBiMmM5Mjk3NjEyNWMwZWRmMTFhZWI4OTMuanBlZ5GTAs0C5ACBAAE.jpg","datePublished":"2019-03-15T08:52:31+00:00","breadcrumb":{"@id":"https:\/\/sandzakpress.net\/arhiva\/sokantno-masovni-ubica-iz-dzamije-u-novom-zelandu-na-oruzju-cirilicom-ispisao-i-dva-imena-na-srpskom\/#breadcrumb"},"inLanguage":"bs-BA","potentialAction":[{"@type":"ReadAction","target":["https:\/\/sandzakpress.net\/arhiva\/sokantno-masovni-ubica-iz-dzamije-u-novom-zelandu-na-oruzju-cirilicom-ispisao-i-dva-imena-na-srpskom\/"]}]},{"@type":"ImageObject","inLanguage":"bs-BA","@id":"https:\/\/sandzakpress.net\/arhiva\/sokantno-masovni-ubica-iz-dzamije-u-novom-zelandu-na-oruzju-cirilicom-ispisao-i-dva-imena-na-srpskom\/#primaryimage","url":"https:\/\/sandzakpress.net\/arhiva\/wp-content\/uploads\/2019\/03\/ffMk9lMaHR0cDovL29jZG4uZXUvaW1hZ2VzL3B1bHNjbXMvWkRBN01EQV8vMjFmYTA3YjBiMmM5Mjk3NjEyNWMwZWRmMTFhZWI4OTMuanBlZ5GTAs0C5ACBAAE.jpg","contentUrl":"https:\/\/sandzakpress.net\/arhiva\/wp-content\/uploads\/2019\/03\/ffMk9lMaHR0cDovL29jZG4uZXUvaW1hZ2VzL3B1bHNjbXMvWkRBN01EQV8vMjFmYTA3YjBiMmM5Mjk3NjEyNWMwZWRmMTFhZWI4OTMuanBlZ5GTAs0C5ACBAAE.jpg","width":740,"height":720},{"@type":"BreadcrumbList","@id":"https:\/\/sandzakpress.net\/arhiva\/sokantno-masovni-ubica-iz-dzamije-u-novom-zelandu-na-oruzju-cirilicom-ispisao-i-dva-imena-na-srpskom\/#breadcrumb","itemListElement":[{"@type":"ListItem","position":1,"name":"Home","item":"https:\/\/sandzakpress.net\/arhiva\/"},{"@type":"ListItem","position":2,"name":"\u0160OKANTNO Masovni ubica iz d\u017eamije u Novom Zelandu na oru\u017eju \u0106IRILICOM ISPISAO I DVA IMENA NA SRPSKOM"}]},{"@type":"WebSite","@id":"https:\/\/sandzakpress.net\/arhiva\/#website","url":"https:\/\/sandzakpress.net\/arhiva\/","name":"Sand\u017eak PRESS","description":"Prve elektronske novine u Sand\u017eaku","publisher":{"@id":"https:\/\/sandzakpress.net\/arhiva\/#\/schema\/person\/6e72b67d6e51910a1117b3b483ba20bd"},"potentialAction":[{"@type":"SearchAction","target":{"@type":"EntryPoint","urlTemplate":"https:\/\/sandzakpress.net\/arhiva\/?s={search_term_string}"},"query-input":{"@type":"PropertyValueSpecification","valueRequired":true,"valueName":"search_term_string"}}],"inLanguage":"bs-BA"},{"@type":["Person","Organization"],"@id":"https:\/\/sandzakpress.net\/arhiva\/#\/schema\/person\/6e72b67d6e51910a1117b3b483ba20bd","name":"Kul","image":{"@type":"ImageObject","inLanguage":"bs-BA","@id":"https:\/\/sandzakpress.net\/arhiva\/#\/schema\/person\/image\/","url":"https:\/\/secure.gravatar.com\/avatar\/42263f39aa27ac04c43cab85c280eb2e?s=96&d=mm&r=pg","contentUrl":"https:\/\/secure.gravatar.com\/avatar\/42263f39aa27ac04c43cab85c280eb2e?s=96&d=mm&r=pg","caption":"Kul"},"logo":{"@id":"https:\/\/sandzakpress.net\/arhiva\/#\/schema\/person\/image\/"}},{"@type":"Person","@id":"https:\/\/sandzakpress.net\/arhiva\/#\/schema\/person\/cb59d7e3ab91ab90dd680ad0305a6185","name":"Agencija","image":{"@type":"ImageObject","inLanguage":"bs-BA","@id":"https:\/\/sandzakpress.net\/arhiva\/#\/schema\/person\/image\/","url":"https:\/\/secure.gravatar.com\/avatar\/4b7fafa80a22f0c2afe23966b3961fe0?s=96&d=mm&r=pg","contentUrl":"https:\/\/secure.gravatar.com\/avatar\/4b7fafa80a22f0c2afe23966b3961fe0?s=96&d=mm&r=pg","caption":"Agencija"},"url":"https:\/\/sandzakpress.net\/arhiva\/author\/agencija\/"}]}},"_links":{"self":[{"href":"https:\/\/sandzakpress.net\/arhiva\/wp-json\/wp\/v2\/posts\/219506"}],"collection":[{"href":"https:\/\/sandzakpress.net\/arhiva\/wp-json\/wp\/v2\/posts"}],"about":[{"href":"https:\/\/sandzakpress.net\/arhiva\/wp-json\/wp\/v2\/types\/post"}],"author":[{"embeddable":true,"href":"https:\/\/sandzakpress.net\/arhiva\/wp-json\/wp\/v2\/users\/509"}],"replies":[{"embeddable":true,"href":"https:\/\/sandzakpress.net\/arhiva\/wp-json\/wp\/v2\/comments?post=219506"}],"version-history":[{"count":0,"href":"https:\/\/sandzakpress.net\/arhiva\/wp-json\/wp\/v2\/posts\/219506\/revisions"}],"wp:featuredmedia":[{"embeddable":true,"href":"https:\/\/sandzakpress.net\/arhiva\/wp-json\/wp\/v2\/media\/219507"}],"wp:attachment":[{"href":"https:\/\/sandzakpress.net\/arhiva\/wp-json\/wp\/v2\/media?parent=219506"}],"wp:term":[{"taxonomy":"category","embeddable":true,"href":"https:\/\/sandzakpress.net\/arhiva\/wp-json\/wp\/v2\/categories?post=219506"},{"taxonomy":"post_tag","embeddable":true,"href":"https:\/\/sandzakpress.net\/arhiva\/wp-json\/wp\/v2\/tags?post=219506"}],"curies":[{"name":"wp","href":"https:\/\/api.w.org\/{rel}","templated":true}]}}