{"id":219445,"date":"2019-03-14T15:51:55","date_gmt":"2019-03-14T14:51:55","guid":{"rendered":"https:\/\/sandzakpress.net\/arhiva\/?p=219445"},"modified":"2019-03-14T15:51:55","modified_gmt":"2019-03-14T14:51:55","slug":"vecer-kurana-i-donatorska-vecer-u-minhenu-za-dzamiju-u-juznom-sandzaku","status":"publish","type":"post","link":"https:\/\/sandzakpress.net\/arhiva\/vecer-kurana-i-donatorska-vecer-u-minhenu-za-dzamiju-u-juznom-sandzaku\/","title":{"rendered":"Ve\u010der Kur'ana i donatorska ve\u010der u Minhenu za d\u017eamiju u Ju\u017enom Sand\u017eaku"},"content":{"rendered":"<p><img decoding=\"async\" src=\"http:\/\/sanapress.info\/wp-content\/uploads\/2019\/03\/dobrodole-plakata.jpg\" \/><\/p>\n<p><strong>U petak i subotu 29. i 30. marta 2019. godine od 20 \u010dasova u sali Mirad\u017e d\u017eamije u Minhenu (Mirac Camii) na adresi Heidemann str. 3b uprili\u010dit \u0107e se Ve\u010deri Kur'ana \u010casnog na kojima \u0107e specijalni gost biti svjetski poznati u\u010da\u010d Kur'ana hfz. Abdurahman Sadien.<\/strong><\/p>\n<p>Sav prihod od ulaznica bit \u0107e doniran za izgradnju d\u017eamije u Ju\u017enom Sand\u017eaku.<\/p>\n<p>Kontakt telefon: +4917668418127.<\/p>\n","protected":false},"excerpt":{"rendered":"<p>U petak i subotu 29. i 30. marta 2019. godine od 20 \u010dasova u sali Mirad\u017e d\u017eamije u Minhenu (Mirac Camii) na adresi Heidemann str. 3b uprili\u010dit \u0107e se Ve\u010deri Kur'ana \u010casnog na kojima \u0107e specijalni gost biti svjetski poznati u\u010da\u010d Kur'ana hfz. Abdurahman Sadien. Sav prihod od ulaznica bit \u0107e doniran za izgradnju d\u017eamije [&hellip;]<\/p>\n","protected":false},"author":509,"featured_media":219446,"comment_status":"open","ping_status":"open","sticky":false,"template":"","format":"standard","meta":{"footnotes":""},"categories":[9538,10174,802],"tags":[],"class_list":{"0":"post-219445","1":"post","2":"type-post","3":"status-publish","4":"format-standard","5":"has-post-thumbnail","7":"category-njemacka-dijaspora-gradovi-vase-vijesti","8":"category-petnjica-vase-vijesti","9":"category-islamska_zajednica"},"yoast_head":"<!-- This site is optimized with the Yoast SEO Premium plugin v23.1 (Yoast SEO v24.9) - https:\/\/yoast.com\/wordpress\/plugins\/seo\/ -->\n<title>Ve\u010der Kur&#039;ana i donatorska ve\u010der u Minhenu za d\u017eamiju u Ju\u017enom Sand\u017eaku<\/title>\n<meta name=\"robots\" content=\"index, follow, max-snippet:-1, max-image-preview:large, max-video-preview:-1\" \/>\n<link rel=\"canonical\" href=\"https:\/\/sandzakpress.net\/arhiva\/vecer-kurana-i-donatorska-vecer-u-minhenu-za-dzamiju-u-juznom-sandzaku\/\" \/>\n<meta property=\"og:locale\" content=\"bs_BA\" \/>\n<meta property=\"og:type\" content=\"article\" \/>\n<meta property=\"og:title\" content=\"Ve\u010der Kur&#039;ana i donatorska ve\u010der u Minhenu za d\u017eamiju u Ju\u017enom Sand\u017eaku\" \/>\n<meta property=\"og:description\" content=\"U petak i subotu 29. i 30. marta 2019. godine od 20 \u010dasova u sali Mirad\u017e d\u017eamije u Minhenu (Mirac Camii) na adresi Heidemann str. 3b uprili\u010dit \u0107e se Ve\u010deri Kur&#039;ana \u010casnog na kojima \u0107e specijalni gost biti svjetski poznati u\u010da\u010d Kur&#039;ana hfz. Abdurahman Sadien. Sav prihod od ulaznica bit \u0107e doniran za izgradnju d\u017eamije [&hellip;]\" \/>\n<meta property=\"og:url\" content=\"https:\/\/sandzakpress.net\/arhiva\/vecer-kurana-i-donatorska-vecer-u-minhenu-za-dzamiju-u-juznom-sandzaku\/\" \/>\n<meta property=\"og:site_name\" content=\"Sand\u017eak PRESS\" \/>\n<meta property=\"article:published_time\" content=\"2019-03-14T14:51:55+00:00\" \/>\n<meta property=\"og:image\" content=\"https:\/\/sandzakpress.net\/arhiva\/wp-content\/uploads\/2019\/03\/dobrodole-plakata.jpg\" \/>\n\t<meta property=\"og:image:width\" content=\"877\" \/>\n\t<meta property=\"og:image:height\" content=\"703\" \/>\n\t<meta property=\"og:image:type\" content=\"image\/jpeg\" \/>\n<meta name=\"author\" content=\"Agencija\" \/>\n<meta name=\"twitter:card\" content=\"summary_large_image\" \/>\n<meta name=\"twitter:label1\" content=\"Written by\" \/>\n\t<meta name=\"twitter:data1\" content=\"Agencija\" \/>\n<script type=\"application\/ld+json\" class=\"yoast-schema-graph\">{\"@context\":\"https:\/\/schema.org\",\"@graph\":[{\"@type\":\"Article\",\"@id\":\"https:\/\/sandzakpress.net\/arhiva\/vecer-kurana-i-donatorska-vecer-u-minhenu-za-dzamiju-u-juznom-sandzaku\/#article\",\"isPartOf\":{\"@id\":\"https:\/\/sandzakpress.net\/arhiva\/vecer-kurana-i-donatorska-vecer-u-minhenu-za-dzamiju-u-juznom-sandzaku\/\"},\"author\":{\"name\":\"Agencija\",\"@id\":\"https:\/\/sandzakpress.net\/arhiva\/#\/schema\/person\/cb59d7e3ab91ab90dd680ad0305a6185\"},\"headline\":\"Ve\u010der Kur'ana i donatorska ve\u010der u Minhenu za d\u017eamiju u Ju\u017enom Sand\u017eaku\",\"datePublished\":\"2019-03-14T14:51:55+00:00\",\"mainEntityOfPage\":{\"@id\":\"https:\/\/sandzakpress.net\/arhiva\/vecer-kurana-i-donatorska-vecer-u-minhenu-za-dzamiju-u-juznom-sandzaku\/\"},\"wordCount\":83,\"commentCount\":0,\"publisher\":{\"@id\":\"https:\/\/sandzakpress.net\/arhiva\/#\/schema\/person\/6e72b67d6e51910a1117b3b483ba20bd\"},\"image\":{\"@id\":\"https:\/\/sandzakpress.net\/arhiva\/vecer-kurana-i-donatorska-vecer-u-minhenu-za-dzamiju-u-juznom-sandzaku\/#primaryimage\"},\"thumbnailUrl\":\"https:\/\/sandzakpress.net\/arhiva\/wp-content\/uploads\/2019\/03\/dobrodole-plakata.jpg\",\"articleSection\":[\"Njema\u010dka\",\"Petnjica\",\"Islamska zajednica\"],\"inLanguage\":\"bs-BA\",\"potentialAction\":[{\"@type\":\"CommentAction\",\"name\":\"Comment\",\"target\":[\"https:\/\/sandzakpress.net\/arhiva\/vecer-kurana-i-donatorska-vecer-u-minhenu-za-dzamiju-u-juznom-sandzaku\/#respond\"]}]},{\"@type\":\"WebPage\",\"@id\":\"https:\/\/sandzakpress.net\/arhiva\/vecer-kurana-i-donatorska-vecer-u-minhenu-za-dzamiju-u-juznom-sandzaku\/\",\"url\":\"https:\/\/sandzakpress.net\/arhiva\/vecer-kurana-i-donatorska-vecer-u-minhenu-za-dzamiju-u-juznom-sandzaku\/\",\"name\":\"Ve\u010der Kur'ana i donatorska ve\u010der u Minhenu za d\u017eamiju u Ju\u017enom Sand\u017eaku\",\"isPartOf\":{\"@id\":\"https:\/\/sandzakpress.net\/arhiva\/#website\"},\"primaryImageOfPage\":{\"@id\":\"https:\/\/sandzakpress.net\/arhiva\/vecer-kurana-i-donatorska-vecer-u-minhenu-za-dzamiju-u-juznom-sandzaku\/#primaryimage\"},\"image\":{\"@id\":\"https:\/\/sandzakpress.net\/arhiva\/vecer-kurana-i-donatorska-vecer-u-minhenu-za-dzamiju-u-juznom-sandzaku\/#primaryimage\"},\"thumbnailUrl\":\"https:\/\/sandzakpress.net\/arhiva\/wp-content\/uploads\/2019\/03\/dobrodole-plakata.jpg\",\"datePublished\":\"2019-03-14T14:51:55+00:00\",\"breadcrumb\":{\"@id\":\"https:\/\/sandzakpress.net\/arhiva\/vecer-kurana-i-donatorska-vecer-u-minhenu-za-dzamiju-u-juznom-sandzaku\/#breadcrumb\"},\"inLanguage\":\"bs-BA\",\"potentialAction\":[{\"@type\":\"ReadAction\",\"target\":[\"https:\/\/sandzakpress.net\/arhiva\/vecer-kurana-i-donatorska-vecer-u-minhenu-za-dzamiju-u-juznom-sandzaku\/\"]}]},{\"@type\":\"ImageObject\",\"inLanguage\":\"bs-BA\",\"@id\":\"https:\/\/sandzakpress.net\/arhiva\/vecer-kurana-i-donatorska-vecer-u-minhenu-za-dzamiju-u-juznom-sandzaku\/#primaryimage\",\"url\":\"https:\/\/sandzakpress.net\/arhiva\/wp-content\/uploads\/2019\/03\/dobrodole-plakata.jpg\",\"contentUrl\":\"https:\/\/sandzakpress.net\/arhiva\/wp-content\/uploads\/2019\/03\/dobrodole-plakata.jpg\",\"width\":877,\"height\":703},{\"@type\":\"BreadcrumbList\",\"@id\":\"https:\/\/sandzakpress.net\/arhiva\/vecer-kurana-i-donatorska-vecer-u-minhenu-za-dzamiju-u-juznom-sandzaku\/#breadcrumb\",\"itemListElement\":[{\"@type\":\"ListItem\",\"position\":1,\"name\":\"Home\",\"item\":\"https:\/\/sandzakpress.net\/arhiva\/\"},{\"@type\":\"ListItem\",\"position\":2,\"name\":\"Ve\u010der Kur'ana i donatorska ve\u010der u Minhenu za d\u017eamiju u Ju\u017enom Sand\u017eaku\"}]},{\"@type\":\"WebSite\",\"@id\":\"https:\/\/sandzakpress.net\/arhiva\/#website\",\"url\":\"https:\/\/sandzakpress.net\/arhiva\/\",\"name\":\"Sand\u017eak PRESS\",\"description\":\"Prve elektronske novine u Sand\u017eaku\",\"publisher\":{\"@id\":\"https:\/\/sandzakpress.net\/arhiva\/#\/schema\/person\/6e72b67d6e51910a1117b3b483ba20bd\"},\"potentialAction\":[{\"@type\":\"SearchAction\",\"target\":{\"@type\":\"EntryPoint\",\"urlTemplate\":\"https:\/\/sandzakpress.net\/arhiva\/?s={search_term_string}\"},\"query-input\":{\"@type\":\"PropertyValueSpecification\",\"valueRequired\":true,\"valueName\":\"search_term_string\"}}],\"inLanguage\":\"bs-BA\"},{\"@type\":[\"Person\",\"Organization\"],\"@id\":\"https:\/\/sandzakpress.net\/arhiva\/#\/schema\/person\/6e72b67d6e51910a1117b3b483ba20bd\",\"name\":\"Kul\",\"image\":{\"@type\":\"ImageObject\",\"inLanguage\":\"bs-BA\",\"@id\":\"https:\/\/sandzakpress.net\/arhiva\/#\/schema\/person\/image\/\",\"url\":\"https:\/\/secure.gravatar.com\/avatar\/42263f39aa27ac04c43cab85c280eb2e?s=96&d=mm&r=pg\",\"contentUrl\":\"https:\/\/secure.gravatar.com\/avatar\/42263f39aa27ac04c43cab85c280eb2e?s=96&d=mm&r=pg\",\"caption\":\"Kul\"},\"logo\":{\"@id\":\"https:\/\/sandzakpress.net\/arhiva\/#\/schema\/person\/image\/\"}},{\"@type\":\"Person\",\"@id\":\"https:\/\/sandzakpress.net\/arhiva\/#\/schema\/person\/cb59d7e3ab91ab90dd680ad0305a6185\",\"name\":\"Agencija\",\"image\":{\"@type\":\"ImageObject\",\"inLanguage\":\"bs-BA\",\"@id\":\"https:\/\/sandzakpress.net\/arhiva\/#\/schema\/person\/image\/\",\"url\":\"https:\/\/secure.gravatar.com\/avatar\/4b7fafa80a22f0c2afe23966b3961fe0?s=96&d=mm&r=pg\",\"contentUrl\":\"https:\/\/secure.gravatar.com\/avatar\/4b7fafa80a22f0c2afe23966b3961fe0?s=96&d=mm&r=pg\",\"caption\":\"Agencija\"},\"url\":\"https:\/\/sandzakpress.net\/arhiva\/author\/agencija\/\"}]}<\/script>\n<!-- \/ Yoast SEO Premium plugin. -->","yoast_head_json":{"title":"Ve\u010der Kur'ana i donatorska ve\u010der u Minhenu za d\u017eamiju u Ju\u017enom Sand\u017eaku","robots":{"index":"index","follow":"follow","max-snippet":"max-snippet:-1","max-image-preview":"max-image-preview:large","max-video-preview":"max-video-preview:-1"},"canonical":"https:\/\/sandzakpress.net\/arhiva\/vecer-kurana-i-donatorska-vecer-u-minhenu-za-dzamiju-u-juznom-sandzaku\/","og_locale":"bs_BA","og_type":"article","og_title":"Ve\u010der Kur'ana i donatorska ve\u010der u Minhenu za d\u017eamiju u Ju\u017enom Sand\u017eaku","og_description":"U petak i subotu 29. i 30. marta 2019. godine od 20 \u010dasova u sali Mirad\u017e d\u017eamije u Minhenu (Mirac Camii) na adresi Heidemann str. 3b uprili\u010dit \u0107e se Ve\u010deri Kur'ana \u010casnog na kojima \u0107e specijalni gost biti svjetski poznati u\u010da\u010d Kur'ana hfz. Abdurahman Sadien. Sav prihod od ulaznica bit \u0107e doniran za izgradnju d\u017eamije [&hellip;]","og_url":"https:\/\/sandzakpress.net\/arhiva\/vecer-kurana-i-donatorska-vecer-u-minhenu-za-dzamiju-u-juznom-sandzaku\/","og_site_name":"Sand\u017eak PRESS","article_published_time":"2019-03-14T14:51:55+00:00","og_image":[{"width":877,"height":703,"url":"https:\/\/sandzakpress.net\/arhiva\/wp-content\/uploads\/2019\/03\/dobrodole-plakata.jpg","type":"image\/jpeg"}],"author":"Agencija","twitter_card":"summary_large_image","twitter_misc":{"Written by":"Agencija"},"schema":{"@context":"https:\/\/schema.org","@graph":[{"@type":"Article","@id":"https:\/\/sandzakpress.net\/arhiva\/vecer-kurana-i-donatorska-vecer-u-minhenu-za-dzamiju-u-juznom-sandzaku\/#article","isPartOf":{"@id":"https:\/\/sandzakpress.net\/arhiva\/vecer-kurana-i-donatorska-vecer-u-minhenu-za-dzamiju-u-juznom-sandzaku\/"},"author":{"name":"Agencija","@id":"https:\/\/sandzakpress.net\/arhiva\/#\/schema\/person\/cb59d7e3ab91ab90dd680ad0305a6185"},"headline":"Ve\u010der Kur'ana i donatorska ve\u010der u Minhenu za d\u017eamiju u Ju\u017enom Sand\u017eaku","datePublished":"2019-03-14T14:51:55+00:00","mainEntityOfPage":{"@id":"https:\/\/sandzakpress.net\/arhiva\/vecer-kurana-i-donatorska-vecer-u-minhenu-za-dzamiju-u-juznom-sandzaku\/"},"wordCount":83,"commentCount":0,"publisher":{"@id":"https:\/\/sandzakpress.net\/arhiva\/#\/schema\/person\/6e72b67d6e51910a1117b3b483ba20bd"},"image":{"@id":"https:\/\/sandzakpress.net\/arhiva\/vecer-kurana-i-donatorska-vecer-u-minhenu-za-dzamiju-u-juznom-sandzaku\/#primaryimage"},"thumbnailUrl":"https:\/\/sandzakpress.net\/arhiva\/wp-content\/uploads\/2019\/03\/dobrodole-plakata.jpg","articleSection":["Njema\u010dka","Petnjica","Islamska zajednica"],"inLanguage":"bs-BA","potentialAction":[{"@type":"CommentAction","name":"Comment","target":["https:\/\/sandzakpress.net\/arhiva\/vecer-kurana-i-donatorska-vecer-u-minhenu-za-dzamiju-u-juznom-sandzaku\/#respond"]}]},{"@type":"WebPage","@id":"https:\/\/sandzakpress.net\/arhiva\/vecer-kurana-i-donatorska-vecer-u-minhenu-za-dzamiju-u-juznom-sandzaku\/","url":"https:\/\/sandzakpress.net\/arhiva\/vecer-kurana-i-donatorska-vecer-u-minhenu-za-dzamiju-u-juznom-sandzaku\/","name":"Ve\u010der Kur'ana i donatorska ve\u010der u Minhenu za d\u017eamiju u Ju\u017enom Sand\u017eaku","isPartOf":{"@id":"https:\/\/sandzakpress.net\/arhiva\/#website"},"primaryImageOfPage":{"@id":"https:\/\/sandzakpress.net\/arhiva\/vecer-kurana-i-donatorska-vecer-u-minhenu-za-dzamiju-u-juznom-sandzaku\/#primaryimage"},"image":{"@id":"https:\/\/sandzakpress.net\/arhiva\/vecer-kurana-i-donatorska-vecer-u-minhenu-za-dzamiju-u-juznom-sandzaku\/#primaryimage"},"thumbnailUrl":"https:\/\/sandzakpress.net\/arhiva\/wp-content\/uploads\/2019\/03\/dobrodole-plakata.jpg","datePublished":"2019-03-14T14:51:55+00:00","breadcrumb":{"@id":"https:\/\/sandzakpress.net\/arhiva\/vecer-kurana-i-donatorska-vecer-u-minhenu-za-dzamiju-u-juznom-sandzaku\/#breadcrumb"},"inLanguage":"bs-BA","potentialAction":[{"@type":"ReadAction","target":["https:\/\/sandzakpress.net\/arhiva\/vecer-kurana-i-donatorska-vecer-u-minhenu-za-dzamiju-u-juznom-sandzaku\/"]}]},{"@type":"ImageObject","inLanguage":"bs-BA","@id":"https:\/\/sandzakpress.net\/arhiva\/vecer-kurana-i-donatorska-vecer-u-minhenu-za-dzamiju-u-juznom-sandzaku\/#primaryimage","url":"https:\/\/sandzakpress.net\/arhiva\/wp-content\/uploads\/2019\/03\/dobrodole-plakata.jpg","contentUrl":"https:\/\/sandzakpress.net\/arhiva\/wp-content\/uploads\/2019\/03\/dobrodole-plakata.jpg","width":877,"height":703},{"@type":"BreadcrumbList","@id":"https:\/\/sandzakpress.net\/arhiva\/vecer-kurana-i-donatorska-vecer-u-minhenu-za-dzamiju-u-juznom-sandzaku\/#breadcrumb","itemListElement":[{"@type":"ListItem","position":1,"name":"Home","item":"https:\/\/sandzakpress.net\/arhiva\/"},{"@type":"ListItem","position":2,"name":"Ve\u010der Kur'ana i donatorska ve\u010der u Minhenu za d\u017eamiju u Ju\u017enom Sand\u017eaku"}]},{"@type":"WebSite","@id":"https:\/\/sandzakpress.net\/arhiva\/#website","url":"https:\/\/sandzakpress.net\/arhiva\/","name":"Sand\u017eak PRESS","description":"Prve elektronske novine u Sand\u017eaku","publisher":{"@id":"https:\/\/sandzakpress.net\/arhiva\/#\/schema\/person\/6e72b67d6e51910a1117b3b483ba20bd"},"potentialAction":[{"@type":"SearchAction","target":{"@type":"EntryPoint","urlTemplate":"https:\/\/sandzakpress.net\/arhiva\/?s={search_term_string}"},"query-input":{"@type":"PropertyValueSpecification","valueRequired":true,"valueName":"search_term_string"}}],"inLanguage":"bs-BA"},{"@type":["Person","Organization"],"@id":"https:\/\/sandzakpress.net\/arhiva\/#\/schema\/person\/6e72b67d6e51910a1117b3b483ba20bd","name":"Kul","image":{"@type":"ImageObject","inLanguage":"bs-BA","@id":"https:\/\/sandzakpress.net\/arhiva\/#\/schema\/person\/image\/","url":"https:\/\/secure.gravatar.com\/avatar\/42263f39aa27ac04c43cab85c280eb2e?s=96&d=mm&r=pg","contentUrl":"https:\/\/secure.gravatar.com\/avatar\/42263f39aa27ac04c43cab85c280eb2e?s=96&d=mm&r=pg","caption":"Kul"},"logo":{"@id":"https:\/\/sandzakpress.net\/arhiva\/#\/schema\/person\/image\/"}},{"@type":"Person","@id":"https:\/\/sandzakpress.net\/arhiva\/#\/schema\/person\/cb59d7e3ab91ab90dd680ad0305a6185","name":"Agencija","image":{"@type":"ImageObject","inLanguage":"bs-BA","@id":"https:\/\/sandzakpress.net\/arhiva\/#\/schema\/person\/image\/","url":"https:\/\/secure.gravatar.com\/avatar\/4b7fafa80a22f0c2afe23966b3961fe0?s=96&d=mm&r=pg","contentUrl":"https:\/\/secure.gravatar.com\/avatar\/4b7fafa80a22f0c2afe23966b3961fe0?s=96&d=mm&r=pg","caption":"Agencija"},"url":"https:\/\/sandzakpress.net\/arhiva\/author\/agencija\/"}]}},"_links":{"self":[{"href":"https:\/\/sandzakpress.net\/arhiva\/wp-json\/wp\/v2\/posts\/219445"}],"collection":[{"href":"https:\/\/sandzakpress.net\/arhiva\/wp-json\/wp\/v2\/posts"}],"about":[{"href":"https:\/\/sandzakpress.net\/arhiva\/wp-json\/wp\/v2\/types\/post"}],"author":[{"embeddable":true,"href":"https:\/\/sandzakpress.net\/arhiva\/wp-json\/wp\/v2\/users\/509"}],"replies":[{"embeddable":true,"href":"https:\/\/sandzakpress.net\/arhiva\/wp-json\/wp\/v2\/comments?post=219445"}],"version-history":[{"count":0,"href":"https:\/\/sandzakpress.net\/arhiva\/wp-json\/wp\/v2\/posts\/219445\/revisions"}],"wp:featuredmedia":[{"embeddable":true,"href":"https:\/\/sandzakpress.net\/arhiva\/wp-json\/wp\/v2\/media\/219446"}],"wp:attachment":[{"href":"https:\/\/sandzakpress.net\/arhiva\/wp-json\/wp\/v2\/media?parent=219445"}],"wp:term":[{"taxonomy":"category","embeddable":true,"href":"https:\/\/sandzakpress.net\/arhiva\/wp-json\/wp\/v2\/categories?post=219445"},{"taxonomy":"post_tag","embeddable":true,"href":"https:\/\/sandzakpress.net\/arhiva\/wp-json\/wp\/v2\/tags?post=219445"}],"curies":[{"name":"wp","href":"https:\/\/api.w.org\/{rel}","templated":true}]}}