{"id":219439,"date":"2019-03-14T15:46:57","date_gmt":"2019-03-14T14:46:57","guid":{"rendered":"https:\/\/sandzakpress.net\/arhiva\/?p=219439"},"modified":"2019-03-14T15:46:57","modified_gmt":"2019-03-14T14:46:57","slug":"poostreni-uslovi-registracije-odzvonilo-vojnim-kamionima","status":"publish","type":"post","link":"https:\/\/sandzakpress.net\/arhiva\/poostreni-uslovi-registracije-odzvonilo-vojnim-kamionima\/","title":{"rendered":"Poo\u0161treni uslovi registracije, odzvonilo vojnim kamionima"},"content":{"rendered":"<p><img decoding=\"async\" src=\"https:\/\/ppmedia.rs\/wp-content\/uploads\/2019\/03\/tehnicki-regled-haris-rovcaninfotogzs.jpg\" \/><\/p>\n<p><strong>Vi\u0161e od 50 vlasnika kamiona ima problem sa registracijom svojih vozila i to samo zato \u0161to su vojna. D\u017eanko Bjelak iz Prijepolja jedan je od njih, koji ka\u017ee da ve\u0107 mjesec dana ne mo\u017ee da registruje kamion iako je u njegovom vlasni\u0161tvu ve\u0107 sedam godina.<\/strong><\/p>\n<p>\u201eZa sve ove godine to nije bio problem, sada odjednom postaje. Imam \u010dak i atest za njega. Jedino obja\u0161njenje koje smo dobili i to usmjeno na tehni\u010dkom pregledu jeste da je zabranjena registracija vojnih kamiona, ni\u0161ta drugo. Oni ne znaju da nam objasne zbog \u010dega i za\u0161to\u201d, rekao je Bjelak za Glas zapadne Srbije.<\/p>\n<p>Vlasnika vojnih kamiona ima i u Novoj Varo\u0161i i Priboju i svi zajedno su se obratili advokatu, ali kako ka\u017eu ne znaju koga da tu\u017ee.<\/p>\n<p>\u201eOvo ne mo\u017ee ovako da se zavr\u0161i, 100 ku\u0107a \u017eivi od posla preko ovih kamiona. Ako se problem ne re\u0161i mora\u0107emo da iza\u0111emo i blokiramo put\u201d, kazao je Bjelak.<\/p>\n<p>Rov\u010danin: Novim pravilnikom poo\u0161treni uslovi registracije<\/p>\n<p>Me\u0111utim, prema re\u010dima Harisa Rov\u010danina iz prijepoljske firme Logistik Frend doo, stupanjem na snagu novih pravilnika koji se primenjuju na liniji tehni\u010dkih pregleda do\u0161lo je do zna\u010dajnih promena kada je re\u010d o ovakvim vozilima.<\/p>\n<p>\u201c\u041aontrolori na tehni\u010dkim pregledima se sve vi\u0161e susre\u0107u sa problemima oko vozila koja su nekada bila registrovana, a danas su za produ\u017eenje registracije takvih vozila potrebna naknadna ispitivanja, odnosno atestiranja od strane Agencije za bezbednost saobra\u0107aja\u201d, tvrdi Rov\u010danin.<\/p>\n<p>On je potvrdio da su ovim pravilnikom naro\u010dito pogo\u0111eni vlasnici vozila koja su nekada kupljena od vojske, koja su pravljena za njihove potrebe i kao takva nisu morala da ispunjavaju pojedine uslove predvi\u0111ene dana\u0161njim pravilnicima, pa se zbog toga moraju dodatno ispitati.<\/p>\n<p>\u201cTakva vozila su uglavnom imala naknadne prepravke od strane vlasnika ili korisnika, oni su ih prilgo\u0111avali svojim potrebama i poslovima koje su obavljali, pa su na primer takva vozila imala naknadno ugra\u0111ene utovarne ruke, \u010dekrke za vu\u010du tereta, \u0161ticeve za prevoz drva i tome sli\u010dno\u201d, navodi Rov\u010danin.<\/p>\n<p>On je istakao da su svi tehni\u010dki pregledi dobili dopis od MUP \u2013 a, u kome se navodi da sva vozila koja su kupljena od vojske moraju biti ispitana i moraju zadovoljavati sve uslove koje predvi\u0111aju dana\u0161nji pravilnici.<\/p>\n<p>\u201cVlasnici takvih vozila ne be\u017ee od atestiranja, me\u0111utim procedura uop\u0161te nije jednostavna i \u010desto ko\u0161ta po par hiljada evra, za saglasnosti, projektnu dokumentaciju i prilago\u0111avanje vozila uslovima koje danas treba da ispune da bi se mogla registrovati\u201d, rekao je Rov\u010danin.<\/p>\n<p>Prema njegovim re\u010dima uvedena je jo\u0161 jedna novina koja se odnosi na vozila koja su kupljena od Vojske Srbije a imaju najve\u0107u dozvoljenu masu preko 3500 kilograma.<\/p>\n<p>\u201cTakva vozila mora\u0107e da imaju ugra\u0111en i ba\u017edaren tahograf\u201d, ka\u017ee Rov\u010danin. On je dodao da vozila koja su nekada bila atestirana od strane ovla\u0161\u0107enih laboratorija, ukoliko zadovoljavaju sve potrebne uslove predvi\u0111ene dana\u0161njim pravilnicima, ne\u0107e imati nikakvih smetnji pri produ\u017eenju registracije.<\/p>\n","protected":false},"excerpt":{"rendered":"<p>Vi\u0161e od 50 vlasnika kamiona ima problem sa registracijom svojih vozila i to samo zato \u0161to su vojna. D\u017eanko Bjelak iz Prijepolja jedan je od njih, koji ka\u017ee da ve\u0107 mjesec dana ne mo\u017ee da registruje kamion iako je u njegovom vlasni\u0161tvu ve\u0107 sedam godina. \u201eZa sve ove godine to nije bio problem, sada odjednom [&hellip;]<\/p>\n","protected":false},"author":509,"featured_media":219440,"comment_status":"open","ping_status":"open","sticky":false,"template":"","format":"standard","meta":{"footnotes":""},"categories":[392,393,394,5],"tags":[],"class_list":{"0":"post-219439","1":"post","2":"type-post","3":"status-publish","4":"format-standard","5":"has-post-thumbnail","7":"category-prijepolje_","8":"category-priboj","9":"category-nova-varos","10":"category-drustvo"},"yoast_head":"<!-- This site is optimized with the Yoast SEO Premium plugin v23.1 (Yoast SEO v24.9) - https:\/\/yoast.com\/wordpress\/plugins\/seo\/ -->\n<title>Poo\u0161treni uslovi registracije, odzvonilo vojnim kamionima<\/title>\n<meta name=\"robots\" content=\"index, follow, max-snippet:-1, max-image-preview:large, max-video-preview:-1\" \/>\n<link rel=\"canonical\" href=\"https:\/\/sandzakpress.net\/arhiva\/poostreni-uslovi-registracije-odzvonilo-vojnim-kamionima\/\" \/>\n<meta property=\"og:locale\" content=\"bs_BA\" \/>\n<meta property=\"og:type\" content=\"article\" \/>\n<meta property=\"og:title\" content=\"Poo\u0161treni uslovi registracije, odzvonilo vojnim kamionima\" \/>\n<meta property=\"og:description\" content=\"Vi\u0161e od 50 vlasnika kamiona ima problem sa registracijom svojih vozila i to samo zato \u0161to su vojna. D\u017eanko Bjelak iz Prijepolja jedan je od njih, koji ka\u017ee da ve\u0107 mjesec dana ne mo\u017ee da registruje kamion iako je u njegovom vlasni\u0161tvu ve\u0107 sedam godina. \u201eZa sve ove godine to nije bio problem, sada odjednom [&hellip;]\" \/>\n<meta property=\"og:url\" content=\"https:\/\/sandzakpress.net\/arhiva\/poostreni-uslovi-registracije-odzvonilo-vojnim-kamionima\/\" \/>\n<meta property=\"og:site_name\" content=\"Sand\u017eak PRESS\" \/>\n<meta property=\"article:published_time\" content=\"2019-03-14T14:46:57+00:00\" \/>\n<meta property=\"og:image\" content=\"https:\/\/sandzakpress.net\/arhiva\/wp-content\/uploads\/2019\/03\/tehnicki-regled-haris-rovcaninfotogzs.jpg\" \/>\n\t<meta property=\"og:image:width\" content=\"800\" \/>\n\t<meta property=\"og:image:height\" content=\"419\" \/>\n\t<meta property=\"og:image:type\" content=\"image\/jpeg\" \/>\n<meta name=\"author\" content=\"Agencija\" \/>\n<meta name=\"twitter:card\" content=\"summary_large_image\" \/>\n<meta name=\"twitter:label1\" content=\"Written by\" \/>\n\t<meta name=\"twitter:data1\" content=\"Agencija\" \/>\n\t<meta name=\"twitter:label2\" content=\"Est. reading time\" \/>\n\t<meta name=\"twitter:data2\" content=\"3 minute\" \/>\n<script type=\"application\/ld+json\" class=\"yoast-schema-graph\">{\"@context\":\"https:\/\/schema.org\",\"@graph\":[{\"@type\":\"Article\",\"@id\":\"https:\/\/sandzakpress.net\/arhiva\/poostreni-uslovi-registracije-odzvonilo-vojnim-kamionima\/#article\",\"isPartOf\":{\"@id\":\"https:\/\/sandzakpress.net\/arhiva\/poostreni-uslovi-registracije-odzvonilo-vojnim-kamionima\/\"},\"author\":{\"name\":\"Agencija\",\"@id\":\"https:\/\/sandzakpress.net\/arhiva\/#\/schema\/person\/cb59d7e3ab91ab90dd680ad0305a6185\"},\"headline\":\"Poo\u0161treni uslovi registracije, odzvonilo vojnim kamionima\",\"datePublished\":\"2019-03-14T14:46:57+00:00\",\"mainEntityOfPage\":{\"@id\":\"https:\/\/sandzakpress.net\/arhiva\/poostreni-uslovi-registracije-odzvonilo-vojnim-kamionima\/\"},\"wordCount\":533,\"commentCount\":0,\"publisher\":{\"@id\":\"https:\/\/sandzakpress.net\/arhiva\/#\/schema\/person\/6e72b67d6e51910a1117b3b483ba20bd\"},\"image\":{\"@id\":\"https:\/\/sandzakpress.net\/arhiva\/poostreni-uslovi-registracije-odzvonilo-vojnim-kamionima\/#primaryimage\"},\"thumbnailUrl\":\"https:\/\/sandzakpress.net\/arhiva\/wp-content\/uploads\/2019\/03\/tehnicki-regled-haris-rovcaninfotogzs.jpg\",\"articleSection\":[\"Prijepolje\",\"Priboj\",\"Nova Varo\u0161\",\"Dru\u0161tvo\"],\"inLanguage\":\"bs-BA\",\"potentialAction\":[{\"@type\":\"CommentAction\",\"name\":\"Comment\",\"target\":[\"https:\/\/sandzakpress.net\/arhiva\/poostreni-uslovi-registracije-odzvonilo-vojnim-kamionima\/#respond\"]}]},{\"@type\":\"WebPage\",\"@id\":\"https:\/\/sandzakpress.net\/arhiva\/poostreni-uslovi-registracije-odzvonilo-vojnim-kamionima\/\",\"url\":\"https:\/\/sandzakpress.net\/arhiva\/poostreni-uslovi-registracije-odzvonilo-vojnim-kamionima\/\",\"name\":\"Poo\u0161treni uslovi registracije, odzvonilo vojnim kamionima\",\"isPartOf\":{\"@id\":\"https:\/\/sandzakpress.net\/arhiva\/#website\"},\"primaryImageOfPage\":{\"@id\":\"https:\/\/sandzakpress.net\/arhiva\/poostreni-uslovi-registracije-odzvonilo-vojnim-kamionima\/#primaryimage\"},\"image\":{\"@id\":\"https:\/\/sandzakpress.net\/arhiva\/poostreni-uslovi-registracije-odzvonilo-vojnim-kamionima\/#primaryimage\"},\"thumbnailUrl\":\"https:\/\/sandzakpress.net\/arhiva\/wp-content\/uploads\/2019\/03\/tehnicki-regled-haris-rovcaninfotogzs.jpg\",\"datePublished\":\"2019-03-14T14:46:57+00:00\",\"breadcrumb\":{\"@id\":\"https:\/\/sandzakpress.net\/arhiva\/poostreni-uslovi-registracije-odzvonilo-vojnim-kamionima\/#breadcrumb\"},\"inLanguage\":\"bs-BA\",\"potentialAction\":[{\"@type\":\"ReadAction\",\"target\":[\"https:\/\/sandzakpress.net\/arhiva\/poostreni-uslovi-registracije-odzvonilo-vojnim-kamionima\/\"]}]},{\"@type\":\"ImageObject\",\"inLanguage\":\"bs-BA\",\"@id\":\"https:\/\/sandzakpress.net\/arhiva\/poostreni-uslovi-registracije-odzvonilo-vojnim-kamionima\/#primaryimage\",\"url\":\"https:\/\/sandzakpress.net\/arhiva\/wp-content\/uploads\/2019\/03\/tehnicki-regled-haris-rovcaninfotogzs.jpg\",\"contentUrl\":\"https:\/\/sandzakpress.net\/arhiva\/wp-content\/uploads\/2019\/03\/tehnicki-regled-haris-rovcaninfotogzs.jpg\",\"width\":800,\"height\":419},{\"@type\":\"BreadcrumbList\",\"@id\":\"https:\/\/sandzakpress.net\/arhiva\/poostreni-uslovi-registracije-odzvonilo-vojnim-kamionima\/#breadcrumb\",\"itemListElement\":[{\"@type\":\"ListItem\",\"position\":1,\"name\":\"Home\",\"item\":\"https:\/\/sandzakpress.net\/arhiva\/\"},{\"@type\":\"ListItem\",\"position\":2,\"name\":\"Poo\u0161treni uslovi registracije, odzvonilo vojnim kamionima\"}]},{\"@type\":\"WebSite\",\"@id\":\"https:\/\/sandzakpress.net\/arhiva\/#website\",\"url\":\"https:\/\/sandzakpress.net\/arhiva\/\",\"name\":\"Sand\u017eak PRESS\",\"description\":\"Prve elektronske novine u Sand\u017eaku\",\"publisher\":{\"@id\":\"https:\/\/sandzakpress.net\/arhiva\/#\/schema\/person\/6e72b67d6e51910a1117b3b483ba20bd\"},\"potentialAction\":[{\"@type\":\"SearchAction\",\"target\":{\"@type\":\"EntryPoint\",\"urlTemplate\":\"https:\/\/sandzakpress.net\/arhiva\/?s={search_term_string}\"},\"query-input\":{\"@type\":\"PropertyValueSpecification\",\"valueRequired\":true,\"valueName\":\"search_term_string\"}}],\"inLanguage\":\"bs-BA\"},{\"@type\":[\"Person\",\"Organization\"],\"@id\":\"https:\/\/sandzakpress.net\/arhiva\/#\/schema\/person\/6e72b67d6e51910a1117b3b483ba20bd\",\"name\":\"Kul\",\"image\":{\"@type\":\"ImageObject\",\"inLanguage\":\"bs-BA\",\"@id\":\"https:\/\/sandzakpress.net\/arhiva\/#\/schema\/person\/image\/\",\"url\":\"https:\/\/secure.gravatar.com\/avatar\/42263f39aa27ac04c43cab85c280eb2e?s=96&d=mm&r=pg\",\"contentUrl\":\"https:\/\/secure.gravatar.com\/avatar\/42263f39aa27ac04c43cab85c280eb2e?s=96&d=mm&r=pg\",\"caption\":\"Kul\"},\"logo\":{\"@id\":\"https:\/\/sandzakpress.net\/arhiva\/#\/schema\/person\/image\/\"}},{\"@type\":\"Person\",\"@id\":\"https:\/\/sandzakpress.net\/arhiva\/#\/schema\/person\/cb59d7e3ab91ab90dd680ad0305a6185\",\"name\":\"Agencija\",\"image\":{\"@type\":\"ImageObject\",\"inLanguage\":\"bs-BA\",\"@id\":\"https:\/\/sandzakpress.net\/arhiva\/#\/schema\/person\/image\/\",\"url\":\"https:\/\/secure.gravatar.com\/avatar\/4b7fafa80a22f0c2afe23966b3961fe0?s=96&d=mm&r=pg\",\"contentUrl\":\"https:\/\/secure.gravatar.com\/avatar\/4b7fafa80a22f0c2afe23966b3961fe0?s=96&d=mm&r=pg\",\"caption\":\"Agencija\"},\"url\":\"https:\/\/sandzakpress.net\/arhiva\/author\/agencija\/\"}]}<\/script>\n<!-- \/ Yoast SEO Premium plugin. -->","yoast_head_json":{"title":"Poo\u0161treni uslovi registracije, odzvonilo vojnim kamionima","robots":{"index":"index","follow":"follow","max-snippet":"max-snippet:-1","max-image-preview":"max-image-preview:large","max-video-preview":"max-video-preview:-1"},"canonical":"https:\/\/sandzakpress.net\/arhiva\/poostreni-uslovi-registracije-odzvonilo-vojnim-kamionima\/","og_locale":"bs_BA","og_type":"article","og_title":"Poo\u0161treni uslovi registracije, odzvonilo vojnim kamionima","og_description":"Vi\u0161e od 50 vlasnika kamiona ima problem sa registracijom svojih vozila i to samo zato \u0161to su vojna. D\u017eanko Bjelak iz Prijepolja jedan je od njih, koji ka\u017ee da ve\u0107 mjesec dana ne mo\u017ee da registruje kamion iako je u njegovom vlasni\u0161tvu ve\u0107 sedam godina. \u201eZa sve ove godine to nije bio problem, sada odjednom [&hellip;]","og_url":"https:\/\/sandzakpress.net\/arhiva\/poostreni-uslovi-registracije-odzvonilo-vojnim-kamionima\/","og_site_name":"Sand\u017eak PRESS","article_published_time":"2019-03-14T14:46:57+00:00","og_image":[{"width":800,"height":419,"url":"https:\/\/sandzakpress.net\/arhiva\/wp-content\/uploads\/2019\/03\/tehnicki-regled-haris-rovcaninfotogzs.jpg","type":"image\/jpeg"}],"author":"Agencija","twitter_card":"summary_large_image","twitter_misc":{"Written by":"Agencija","Est. reading time":"3 minute"},"schema":{"@context":"https:\/\/schema.org","@graph":[{"@type":"Article","@id":"https:\/\/sandzakpress.net\/arhiva\/poostreni-uslovi-registracije-odzvonilo-vojnim-kamionima\/#article","isPartOf":{"@id":"https:\/\/sandzakpress.net\/arhiva\/poostreni-uslovi-registracije-odzvonilo-vojnim-kamionima\/"},"author":{"name":"Agencija","@id":"https:\/\/sandzakpress.net\/arhiva\/#\/schema\/person\/cb59d7e3ab91ab90dd680ad0305a6185"},"headline":"Poo\u0161treni uslovi registracije, odzvonilo vojnim kamionima","datePublished":"2019-03-14T14:46:57+00:00","mainEntityOfPage":{"@id":"https:\/\/sandzakpress.net\/arhiva\/poostreni-uslovi-registracije-odzvonilo-vojnim-kamionima\/"},"wordCount":533,"commentCount":0,"publisher":{"@id":"https:\/\/sandzakpress.net\/arhiva\/#\/schema\/person\/6e72b67d6e51910a1117b3b483ba20bd"},"image":{"@id":"https:\/\/sandzakpress.net\/arhiva\/poostreni-uslovi-registracije-odzvonilo-vojnim-kamionima\/#primaryimage"},"thumbnailUrl":"https:\/\/sandzakpress.net\/arhiva\/wp-content\/uploads\/2019\/03\/tehnicki-regled-haris-rovcaninfotogzs.jpg","articleSection":["Prijepolje","Priboj","Nova Varo\u0161","Dru\u0161tvo"],"inLanguage":"bs-BA","potentialAction":[{"@type":"CommentAction","name":"Comment","target":["https:\/\/sandzakpress.net\/arhiva\/poostreni-uslovi-registracije-odzvonilo-vojnim-kamionima\/#respond"]}]},{"@type":"WebPage","@id":"https:\/\/sandzakpress.net\/arhiva\/poostreni-uslovi-registracije-odzvonilo-vojnim-kamionima\/","url":"https:\/\/sandzakpress.net\/arhiva\/poostreni-uslovi-registracije-odzvonilo-vojnim-kamionima\/","name":"Poo\u0161treni uslovi registracije, odzvonilo vojnim kamionima","isPartOf":{"@id":"https:\/\/sandzakpress.net\/arhiva\/#website"},"primaryImageOfPage":{"@id":"https:\/\/sandzakpress.net\/arhiva\/poostreni-uslovi-registracije-odzvonilo-vojnim-kamionima\/#primaryimage"},"image":{"@id":"https:\/\/sandzakpress.net\/arhiva\/poostreni-uslovi-registracije-odzvonilo-vojnim-kamionima\/#primaryimage"},"thumbnailUrl":"https:\/\/sandzakpress.net\/arhiva\/wp-content\/uploads\/2019\/03\/tehnicki-regled-haris-rovcaninfotogzs.jpg","datePublished":"2019-03-14T14:46:57+00:00","breadcrumb":{"@id":"https:\/\/sandzakpress.net\/arhiva\/poostreni-uslovi-registracije-odzvonilo-vojnim-kamionima\/#breadcrumb"},"inLanguage":"bs-BA","potentialAction":[{"@type":"ReadAction","target":["https:\/\/sandzakpress.net\/arhiva\/poostreni-uslovi-registracije-odzvonilo-vojnim-kamionima\/"]}]},{"@type":"ImageObject","inLanguage":"bs-BA","@id":"https:\/\/sandzakpress.net\/arhiva\/poostreni-uslovi-registracije-odzvonilo-vojnim-kamionima\/#primaryimage","url":"https:\/\/sandzakpress.net\/arhiva\/wp-content\/uploads\/2019\/03\/tehnicki-regled-haris-rovcaninfotogzs.jpg","contentUrl":"https:\/\/sandzakpress.net\/arhiva\/wp-content\/uploads\/2019\/03\/tehnicki-regled-haris-rovcaninfotogzs.jpg","width":800,"height":419},{"@type":"BreadcrumbList","@id":"https:\/\/sandzakpress.net\/arhiva\/poostreni-uslovi-registracije-odzvonilo-vojnim-kamionima\/#breadcrumb","itemListElement":[{"@type":"ListItem","position":1,"name":"Home","item":"https:\/\/sandzakpress.net\/arhiva\/"},{"@type":"ListItem","position":2,"name":"Poo\u0161treni uslovi registracije, odzvonilo vojnim kamionima"}]},{"@type":"WebSite","@id":"https:\/\/sandzakpress.net\/arhiva\/#website","url":"https:\/\/sandzakpress.net\/arhiva\/","name":"Sand\u017eak PRESS","description":"Prve elektronske novine u Sand\u017eaku","publisher":{"@id":"https:\/\/sandzakpress.net\/arhiva\/#\/schema\/person\/6e72b67d6e51910a1117b3b483ba20bd"},"potentialAction":[{"@type":"SearchAction","target":{"@type":"EntryPoint","urlTemplate":"https:\/\/sandzakpress.net\/arhiva\/?s={search_term_string}"},"query-input":{"@type":"PropertyValueSpecification","valueRequired":true,"valueName":"search_term_string"}}],"inLanguage":"bs-BA"},{"@type":["Person","Organization"],"@id":"https:\/\/sandzakpress.net\/arhiva\/#\/schema\/person\/6e72b67d6e51910a1117b3b483ba20bd","name":"Kul","image":{"@type":"ImageObject","inLanguage":"bs-BA","@id":"https:\/\/sandzakpress.net\/arhiva\/#\/schema\/person\/image\/","url":"https:\/\/secure.gravatar.com\/avatar\/42263f39aa27ac04c43cab85c280eb2e?s=96&d=mm&r=pg","contentUrl":"https:\/\/secure.gravatar.com\/avatar\/42263f39aa27ac04c43cab85c280eb2e?s=96&d=mm&r=pg","caption":"Kul"},"logo":{"@id":"https:\/\/sandzakpress.net\/arhiva\/#\/schema\/person\/image\/"}},{"@type":"Person","@id":"https:\/\/sandzakpress.net\/arhiva\/#\/schema\/person\/cb59d7e3ab91ab90dd680ad0305a6185","name":"Agencija","image":{"@type":"ImageObject","inLanguage":"bs-BA","@id":"https:\/\/sandzakpress.net\/arhiva\/#\/schema\/person\/image\/","url":"https:\/\/secure.gravatar.com\/avatar\/4b7fafa80a22f0c2afe23966b3961fe0?s=96&d=mm&r=pg","contentUrl":"https:\/\/secure.gravatar.com\/avatar\/4b7fafa80a22f0c2afe23966b3961fe0?s=96&d=mm&r=pg","caption":"Agencija"},"url":"https:\/\/sandzakpress.net\/arhiva\/author\/agencija\/"}]}},"_links":{"self":[{"href":"https:\/\/sandzakpress.net\/arhiva\/wp-json\/wp\/v2\/posts\/219439"}],"collection":[{"href":"https:\/\/sandzakpress.net\/arhiva\/wp-json\/wp\/v2\/posts"}],"about":[{"href":"https:\/\/sandzakpress.net\/arhiva\/wp-json\/wp\/v2\/types\/post"}],"author":[{"embeddable":true,"href":"https:\/\/sandzakpress.net\/arhiva\/wp-json\/wp\/v2\/users\/509"}],"replies":[{"embeddable":true,"href":"https:\/\/sandzakpress.net\/arhiva\/wp-json\/wp\/v2\/comments?post=219439"}],"version-history":[{"count":0,"href":"https:\/\/sandzakpress.net\/arhiva\/wp-json\/wp\/v2\/posts\/219439\/revisions"}],"wp:featuredmedia":[{"embeddable":true,"href":"https:\/\/sandzakpress.net\/arhiva\/wp-json\/wp\/v2\/media\/219440"}],"wp:attachment":[{"href":"https:\/\/sandzakpress.net\/arhiva\/wp-json\/wp\/v2\/media?parent=219439"}],"wp:term":[{"taxonomy":"category","embeddable":true,"href":"https:\/\/sandzakpress.net\/arhiva\/wp-json\/wp\/v2\/categories?post=219439"},{"taxonomy":"post_tag","embeddable":true,"href":"https:\/\/sandzakpress.net\/arhiva\/wp-json\/wp\/v2\/tags?post=219439"}],"curies":[{"name":"wp","href":"https:\/\/api.w.org\/{rel}","templated":true}]}}