{"id":219416,"date":"2019-03-14T15:48:11","date_gmt":"2019-03-14T14:48:11","guid":{"rendered":"https:\/\/sandzakpress.net\/arhiva\/?p=219416"},"modified":"2019-03-14T15:48:11","modified_gmt":"2019-03-14T14:48:11","slug":"dzudzo-bosnjacka-djeca-po-automatizmu-na-nastavi-na-bosanskom","status":"publish","type":"post","link":"https:\/\/sandzakpress.net\/arhiva\/dzudzo-bosnjacka-djeca-po-automatizmu-na-nastavi-na-bosanskom\/","title":{"rendered":"D\u017eud\u017eo: Bo\u0161nja\u010dka djeca po automatizmu na nastavi na bosanskom"},"content":{"rendered":"<p><a href=\"http:\/\/www.radiostoplus.com\/images\/clanci\/LICNOSTI\/esad_dzudzo_mart2019.jpg\" rel=\"lightbox-gallery\"><img decoding=\"async\" class=\"aligncenter\" src=\"http:\/\/www.radiostoplus.com\/images\/clanci\/LICNOSTI\/esad_dzudzo_mart2019.jpg\" \/><\/a><\/p>\n<p><b>Predsjednik Bo\u0161nja\u010dkog nacionalnog vije\u0107a (BNV) Esad D\u017eud\u017eo rekao je danas da \u0107e se od ove \u0161kolske godine bo\u0161nja\u010dka djeca po automatizmu, na osnovu maternjeg jezika roditelja, upisivati na nastavu na bosanskom jeziku.<\/b> <\/p>\n<div class=\"desc_holder mb15\">\n<p>On je na konferenciji za novinare rekao da vi\u0161e ne\u0107e biti anketiranja prilikom upisa u\u010denika i da su za to dobili podr\u0161ku od resornog ministarstva i od direktora sand\u017ea\u010dkih obrazovnih ustanova.<\/p>\n<p>\u201cDakle, \u0161esta generacija u\u010denika u kompletnoj nastavi na bosanskom jeziku upisiva\u0107e se po automatizmu kao \u0161to je to slu\u010daj kod u\u010denika na srpskom, ma\u0111arskom, slova\u010dkom, rumunskom, albanskom, bugarskom, rusinskom i hrvatskom jeziku. Zaklju\u010dak je da za naredne dvije godine uskladimo poha\u0111anje nastave na bosanskom i srpskom jeziku sa nacionalnom strukturom u ovom regionu, gdje \u017eivi 64,2 odsto Bo\u0161njaka\u201c, rekao je D\u017eud\u017eo.<\/p>\n<p>Nastavu na bosanskom jeziku trenutno poha\u0111a oko 17.500 u\u010denika u 40 obrazovnih ustanova u pred\u0161kolskim, osnovnim i srednjim \u0161kolama u Sand\u017eaku.<\/p>\n<p>Kao jedan od priroteta ovog nacionalnog organa, \u010diji novi saziv 29. marta broji 100 dana od preuzivanja rukovo\u0111enjem, naveo je obnavljanje Musale u Prijepolju do kraja ove godine.<\/p>\n<p>Izvor: <a href=\"http:\/\/www.radiostoplus.com\/item\/26159\">Radiostoplus<\/a><\/p>\n<\/div>\n","protected":false},"excerpt":{"rendered":"<p>Predsjednik Bo\u0161nja\u010dkog nacionalnog vije\u0107a (BNV) Esad D\u017eud\u017eo rekao je danas da \u0107e se od ove \u0161kolske godine bo\u0161nja\u010dka djeca po automatizmu, na osnovu maternjeg jezika roditelja, upisivati na nastavu na bosanskom jeziku. On je na konferenciji za novinare rekao da vi\u0161e ne\u0107e biti anketiranja prilikom upisa u\u010denika i da su za to dobili podr\u0161ku od [&hellip;]<\/p>\n","protected":false},"author":509,"featured_media":219442,"comment_status":"open","ping_status":"open","sticky":false,"template":"","format":"standard","meta":{"footnotes":""},"categories":[72,800,8957],"tags":[],"class_list":{"0":"post-219416","1":"post","2":"type-post","3":"status-publish","4":"format-standard","5":"has-post-thumbnail","7":"category-novi-pazar","8":"category-nacija","9":"category-vijesti-dana"},"yoast_head":"<!-- This site is optimized with the Yoast SEO Premium plugin v23.1 (Yoast SEO v24.9) - https:\/\/yoast.com\/wordpress\/plugins\/seo\/ -->\n<title>D\u017eud\u017eo: Bo\u0161nja\u010dka djeca po automatizmu na nastavi na bosanskom<\/title>\n<meta name=\"robots\" content=\"index, follow, max-snippet:-1, max-image-preview:large, max-video-preview:-1\" \/>\n<link rel=\"canonical\" href=\"https:\/\/sandzakpress.net\/arhiva\/dzudzo-bosnjacka-djeca-po-automatizmu-na-nastavi-na-bosanskom\/\" \/>\n<meta property=\"og:locale\" content=\"bs_BA\" \/>\n<meta property=\"og:type\" content=\"article\" \/>\n<meta property=\"og:title\" content=\"D\u017eud\u017eo: Bo\u0161nja\u010dka djeca po automatizmu na nastavi na bosanskom\" \/>\n<meta property=\"og:description\" content=\"Predsjednik Bo\u0161nja\u010dkog nacionalnog vije\u0107a (BNV) Esad D\u017eud\u017eo rekao je danas da \u0107e se od ove \u0161kolske godine bo\u0161nja\u010dka djeca po automatizmu, na osnovu maternjeg jezika roditelja, upisivati na nastavu na bosanskom jeziku. On je na konferenciji za novinare rekao da vi\u0161e ne\u0107e biti anketiranja prilikom upisa u\u010denika i da su za to dobili podr\u0161ku od [&hellip;]\" \/>\n<meta property=\"og:url\" content=\"https:\/\/sandzakpress.net\/arhiva\/dzudzo-bosnjacka-djeca-po-automatizmu-na-nastavi-na-bosanskom\/\" \/>\n<meta property=\"og:site_name\" content=\"Sand\u017eak PRESS\" \/>\n<meta property=\"article:published_time\" content=\"2019-03-14T14:48:11+00:00\" \/>\n<meta property=\"og:image\" content=\"https:\/\/sandzakpress.net\/arhiva\/wp-content\/uploads\/2019\/03\/esad_dzudzo_mart2019.jpg\" \/>\n\t<meta property=\"og:image:width\" content=\"4160\" \/>\n\t<meta property=\"og:image:height\" content=\"3120\" \/>\n\t<meta property=\"og:image:type\" content=\"image\/jpeg\" \/>\n<meta name=\"author\" content=\"Agencija\" \/>\n<meta name=\"twitter:card\" content=\"summary_large_image\" \/>\n<meta name=\"twitter:label1\" content=\"Written by\" \/>\n\t<meta name=\"twitter:data1\" content=\"Agencija\" \/>\n\t<meta name=\"twitter:label2\" content=\"Est. reading time\" \/>\n\t<meta name=\"twitter:data2\" content=\"1 minuta\" \/>\n<script type=\"application\/ld+json\" class=\"yoast-schema-graph\">{\"@context\":\"https:\/\/schema.org\",\"@graph\":[{\"@type\":\"Article\",\"@id\":\"https:\/\/sandzakpress.net\/arhiva\/dzudzo-bosnjacka-djeca-po-automatizmu-na-nastavi-na-bosanskom\/#article\",\"isPartOf\":{\"@id\":\"https:\/\/sandzakpress.net\/arhiva\/dzudzo-bosnjacka-djeca-po-automatizmu-na-nastavi-na-bosanskom\/\"},\"author\":{\"name\":\"Agencija\",\"@id\":\"https:\/\/sandzakpress.net\/arhiva\/#\/schema\/person\/cb59d7e3ab91ab90dd680ad0305a6185\"},\"headline\":\"D\u017eud\u017eo: Bo\u0161nja\u010dka djeca po automatizmu na nastavi na bosanskom\",\"datePublished\":\"2019-03-14T14:48:11+00:00\",\"mainEntityOfPage\":{\"@id\":\"https:\/\/sandzakpress.net\/arhiva\/dzudzo-bosnjacka-djeca-po-automatizmu-na-nastavi-na-bosanskom\/\"},\"wordCount\":212,\"commentCount\":1,\"publisher\":{\"@id\":\"https:\/\/sandzakpress.net\/arhiva\/#\/schema\/person\/6e72b67d6e51910a1117b3b483ba20bd\"},\"image\":{\"@id\":\"https:\/\/sandzakpress.net\/arhiva\/dzudzo-bosnjacka-djeca-po-automatizmu-na-nastavi-na-bosanskom\/#primaryimage\"},\"thumbnailUrl\":\"https:\/\/sandzakpress.net\/arhiva\/wp-content\/uploads\/2019\/03\/esad_dzudzo_mart2019.jpg\",\"articleSection\":[\"Novi Pazar\",\"Nacija\",\"VIJESTI DANA\"],\"inLanguage\":\"bs-BA\",\"potentialAction\":[{\"@type\":\"CommentAction\",\"name\":\"Comment\",\"target\":[\"https:\/\/sandzakpress.net\/arhiva\/dzudzo-bosnjacka-djeca-po-automatizmu-na-nastavi-na-bosanskom\/#respond\"]}]},{\"@type\":\"WebPage\",\"@id\":\"https:\/\/sandzakpress.net\/arhiva\/dzudzo-bosnjacka-djeca-po-automatizmu-na-nastavi-na-bosanskom\/\",\"url\":\"https:\/\/sandzakpress.net\/arhiva\/dzudzo-bosnjacka-djeca-po-automatizmu-na-nastavi-na-bosanskom\/\",\"name\":\"D\u017eud\u017eo: Bo\u0161nja\u010dka djeca po automatizmu na nastavi na bosanskom\",\"isPartOf\":{\"@id\":\"https:\/\/sandzakpress.net\/arhiva\/#website\"},\"primaryImageOfPage\":{\"@id\":\"https:\/\/sandzakpress.net\/arhiva\/dzudzo-bosnjacka-djeca-po-automatizmu-na-nastavi-na-bosanskom\/#primaryimage\"},\"image\":{\"@id\":\"https:\/\/sandzakpress.net\/arhiva\/dzudzo-bosnjacka-djeca-po-automatizmu-na-nastavi-na-bosanskom\/#primaryimage\"},\"thumbnailUrl\":\"https:\/\/sandzakpress.net\/arhiva\/wp-content\/uploads\/2019\/03\/esad_dzudzo_mart2019.jpg\",\"datePublished\":\"2019-03-14T14:48:11+00:00\",\"breadcrumb\":{\"@id\":\"https:\/\/sandzakpress.net\/arhiva\/dzudzo-bosnjacka-djeca-po-automatizmu-na-nastavi-na-bosanskom\/#breadcrumb\"},\"inLanguage\":\"bs-BA\",\"potentialAction\":[{\"@type\":\"ReadAction\",\"target\":[\"https:\/\/sandzakpress.net\/arhiva\/dzudzo-bosnjacka-djeca-po-automatizmu-na-nastavi-na-bosanskom\/\"]}]},{\"@type\":\"ImageObject\",\"inLanguage\":\"bs-BA\",\"@id\":\"https:\/\/sandzakpress.net\/arhiva\/dzudzo-bosnjacka-djeca-po-automatizmu-na-nastavi-na-bosanskom\/#primaryimage\",\"url\":\"https:\/\/sandzakpress.net\/arhiva\/wp-content\/uploads\/2019\/03\/esad_dzudzo_mart2019.jpg\",\"contentUrl\":\"https:\/\/sandzakpress.net\/arhiva\/wp-content\/uploads\/2019\/03\/esad_dzudzo_mart2019.jpg\",\"width\":4160,\"height\":3120},{\"@type\":\"BreadcrumbList\",\"@id\":\"https:\/\/sandzakpress.net\/arhiva\/dzudzo-bosnjacka-djeca-po-automatizmu-na-nastavi-na-bosanskom\/#breadcrumb\",\"itemListElement\":[{\"@type\":\"ListItem\",\"position\":1,\"name\":\"Home\",\"item\":\"https:\/\/sandzakpress.net\/arhiva\/\"},{\"@type\":\"ListItem\",\"position\":2,\"name\":\"D\u017eud\u017eo: Bo\u0161nja\u010dka djeca po automatizmu na nastavi na bosanskom\"}]},{\"@type\":\"WebSite\",\"@id\":\"https:\/\/sandzakpress.net\/arhiva\/#website\",\"url\":\"https:\/\/sandzakpress.net\/arhiva\/\",\"name\":\"Sand\u017eak PRESS\",\"description\":\"Prve elektronske novine u Sand\u017eaku\",\"publisher\":{\"@id\":\"https:\/\/sandzakpress.net\/arhiva\/#\/schema\/person\/6e72b67d6e51910a1117b3b483ba20bd\"},\"potentialAction\":[{\"@type\":\"SearchAction\",\"target\":{\"@type\":\"EntryPoint\",\"urlTemplate\":\"https:\/\/sandzakpress.net\/arhiva\/?s={search_term_string}\"},\"query-input\":{\"@type\":\"PropertyValueSpecification\",\"valueRequired\":true,\"valueName\":\"search_term_string\"}}],\"inLanguage\":\"bs-BA\"},{\"@type\":[\"Person\",\"Organization\"],\"@id\":\"https:\/\/sandzakpress.net\/arhiva\/#\/schema\/person\/6e72b67d6e51910a1117b3b483ba20bd\",\"name\":\"Kul\",\"image\":{\"@type\":\"ImageObject\",\"inLanguage\":\"bs-BA\",\"@id\":\"https:\/\/sandzakpress.net\/arhiva\/#\/schema\/person\/image\/\",\"url\":\"https:\/\/secure.gravatar.com\/avatar\/42263f39aa27ac04c43cab85c280eb2e?s=96&d=mm&r=pg\",\"contentUrl\":\"https:\/\/secure.gravatar.com\/avatar\/42263f39aa27ac04c43cab85c280eb2e?s=96&d=mm&r=pg\",\"caption\":\"Kul\"},\"logo\":{\"@id\":\"https:\/\/sandzakpress.net\/arhiva\/#\/schema\/person\/image\/\"}},{\"@type\":\"Person\",\"@id\":\"https:\/\/sandzakpress.net\/arhiva\/#\/schema\/person\/cb59d7e3ab91ab90dd680ad0305a6185\",\"name\":\"Agencija\",\"image\":{\"@type\":\"ImageObject\",\"inLanguage\":\"bs-BA\",\"@id\":\"https:\/\/sandzakpress.net\/arhiva\/#\/schema\/person\/image\/\",\"url\":\"https:\/\/secure.gravatar.com\/avatar\/4b7fafa80a22f0c2afe23966b3961fe0?s=96&d=mm&r=pg\",\"contentUrl\":\"https:\/\/secure.gravatar.com\/avatar\/4b7fafa80a22f0c2afe23966b3961fe0?s=96&d=mm&r=pg\",\"caption\":\"Agencija\"},\"url\":\"https:\/\/sandzakpress.net\/arhiva\/author\/agencija\/\"}]}<\/script>\n<!-- \/ Yoast SEO Premium plugin. -->","yoast_head_json":{"title":"D\u017eud\u017eo: Bo\u0161nja\u010dka djeca po automatizmu na nastavi na bosanskom","robots":{"index":"index","follow":"follow","max-snippet":"max-snippet:-1","max-image-preview":"max-image-preview:large","max-video-preview":"max-video-preview:-1"},"canonical":"https:\/\/sandzakpress.net\/arhiva\/dzudzo-bosnjacka-djeca-po-automatizmu-na-nastavi-na-bosanskom\/","og_locale":"bs_BA","og_type":"article","og_title":"D\u017eud\u017eo: Bo\u0161nja\u010dka djeca po automatizmu na nastavi na bosanskom","og_description":"Predsjednik Bo\u0161nja\u010dkog nacionalnog vije\u0107a (BNV) Esad D\u017eud\u017eo rekao je danas da \u0107e se od ove \u0161kolske godine bo\u0161nja\u010dka djeca po automatizmu, na osnovu maternjeg jezika roditelja, upisivati na nastavu na bosanskom jeziku. On je na konferenciji za novinare rekao da vi\u0161e ne\u0107e biti anketiranja prilikom upisa u\u010denika i da su za to dobili podr\u0161ku od [&hellip;]","og_url":"https:\/\/sandzakpress.net\/arhiva\/dzudzo-bosnjacka-djeca-po-automatizmu-na-nastavi-na-bosanskom\/","og_site_name":"Sand\u017eak PRESS","article_published_time":"2019-03-14T14:48:11+00:00","og_image":[{"width":4160,"height":3120,"url":"https:\/\/sandzakpress.net\/arhiva\/wp-content\/uploads\/2019\/03\/esad_dzudzo_mart2019.jpg","type":"image\/jpeg"}],"author":"Agencija","twitter_card":"summary_large_image","twitter_misc":{"Written by":"Agencija","Est. reading time":"1 minuta"},"schema":{"@context":"https:\/\/schema.org","@graph":[{"@type":"Article","@id":"https:\/\/sandzakpress.net\/arhiva\/dzudzo-bosnjacka-djeca-po-automatizmu-na-nastavi-na-bosanskom\/#article","isPartOf":{"@id":"https:\/\/sandzakpress.net\/arhiva\/dzudzo-bosnjacka-djeca-po-automatizmu-na-nastavi-na-bosanskom\/"},"author":{"name":"Agencija","@id":"https:\/\/sandzakpress.net\/arhiva\/#\/schema\/person\/cb59d7e3ab91ab90dd680ad0305a6185"},"headline":"D\u017eud\u017eo: Bo\u0161nja\u010dka djeca po automatizmu na nastavi na bosanskom","datePublished":"2019-03-14T14:48:11+00:00","mainEntityOfPage":{"@id":"https:\/\/sandzakpress.net\/arhiva\/dzudzo-bosnjacka-djeca-po-automatizmu-na-nastavi-na-bosanskom\/"},"wordCount":212,"commentCount":1,"publisher":{"@id":"https:\/\/sandzakpress.net\/arhiva\/#\/schema\/person\/6e72b67d6e51910a1117b3b483ba20bd"},"image":{"@id":"https:\/\/sandzakpress.net\/arhiva\/dzudzo-bosnjacka-djeca-po-automatizmu-na-nastavi-na-bosanskom\/#primaryimage"},"thumbnailUrl":"https:\/\/sandzakpress.net\/arhiva\/wp-content\/uploads\/2019\/03\/esad_dzudzo_mart2019.jpg","articleSection":["Novi Pazar","Nacija","VIJESTI DANA"],"inLanguage":"bs-BA","potentialAction":[{"@type":"CommentAction","name":"Comment","target":["https:\/\/sandzakpress.net\/arhiva\/dzudzo-bosnjacka-djeca-po-automatizmu-na-nastavi-na-bosanskom\/#respond"]}]},{"@type":"WebPage","@id":"https:\/\/sandzakpress.net\/arhiva\/dzudzo-bosnjacka-djeca-po-automatizmu-na-nastavi-na-bosanskom\/","url":"https:\/\/sandzakpress.net\/arhiva\/dzudzo-bosnjacka-djeca-po-automatizmu-na-nastavi-na-bosanskom\/","name":"D\u017eud\u017eo: Bo\u0161nja\u010dka djeca po automatizmu na nastavi na bosanskom","isPartOf":{"@id":"https:\/\/sandzakpress.net\/arhiva\/#website"},"primaryImageOfPage":{"@id":"https:\/\/sandzakpress.net\/arhiva\/dzudzo-bosnjacka-djeca-po-automatizmu-na-nastavi-na-bosanskom\/#primaryimage"},"image":{"@id":"https:\/\/sandzakpress.net\/arhiva\/dzudzo-bosnjacka-djeca-po-automatizmu-na-nastavi-na-bosanskom\/#primaryimage"},"thumbnailUrl":"https:\/\/sandzakpress.net\/arhiva\/wp-content\/uploads\/2019\/03\/esad_dzudzo_mart2019.jpg","datePublished":"2019-03-14T14:48:11+00:00","breadcrumb":{"@id":"https:\/\/sandzakpress.net\/arhiva\/dzudzo-bosnjacka-djeca-po-automatizmu-na-nastavi-na-bosanskom\/#breadcrumb"},"inLanguage":"bs-BA","potentialAction":[{"@type":"ReadAction","target":["https:\/\/sandzakpress.net\/arhiva\/dzudzo-bosnjacka-djeca-po-automatizmu-na-nastavi-na-bosanskom\/"]}]},{"@type":"ImageObject","inLanguage":"bs-BA","@id":"https:\/\/sandzakpress.net\/arhiva\/dzudzo-bosnjacka-djeca-po-automatizmu-na-nastavi-na-bosanskom\/#primaryimage","url":"https:\/\/sandzakpress.net\/arhiva\/wp-content\/uploads\/2019\/03\/esad_dzudzo_mart2019.jpg","contentUrl":"https:\/\/sandzakpress.net\/arhiva\/wp-content\/uploads\/2019\/03\/esad_dzudzo_mart2019.jpg","width":4160,"height":3120},{"@type":"BreadcrumbList","@id":"https:\/\/sandzakpress.net\/arhiva\/dzudzo-bosnjacka-djeca-po-automatizmu-na-nastavi-na-bosanskom\/#breadcrumb","itemListElement":[{"@type":"ListItem","position":1,"name":"Home","item":"https:\/\/sandzakpress.net\/arhiva\/"},{"@type":"ListItem","position":2,"name":"D\u017eud\u017eo: Bo\u0161nja\u010dka djeca po automatizmu na nastavi na bosanskom"}]},{"@type":"WebSite","@id":"https:\/\/sandzakpress.net\/arhiva\/#website","url":"https:\/\/sandzakpress.net\/arhiva\/","name":"Sand\u017eak PRESS","description":"Prve elektronske novine u Sand\u017eaku","publisher":{"@id":"https:\/\/sandzakpress.net\/arhiva\/#\/schema\/person\/6e72b67d6e51910a1117b3b483ba20bd"},"potentialAction":[{"@type":"SearchAction","target":{"@type":"EntryPoint","urlTemplate":"https:\/\/sandzakpress.net\/arhiva\/?s={search_term_string}"},"query-input":{"@type":"PropertyValueSpecification","valueRequired":true,"valueName":"search_term_string"}}],"inLanguage":"bs-BA"},{"@type":["Person","Organization"],"@id":"https:\/\/sandzakpress.net\/arhiva\/#\/schema\/person\/6e72b67d6e51910a1117b3b483ba20bd","name":"Kul","image":{"@type":"ImageObject","inLanguage":"bs-BA","@id":"https:\/\/sandzakpress.net\/arhiva\/#\/schema\/person\/image\/","url":"https:\/\/secure.gravatar.com\/avatar\/42263f39aa27ac04c43cab85c280eb2e?s=96&d=mm&r=pg","contentUrl":"https:\/\/secure.gravatar.com\/avatar\/42263f39aa27ac04c43cab85c280eb2e?s=96&d=mm&r=pg","caption":"Kul"},"logo":{"@id":"https:\/\/sandzakpress.net\/arhiva\/#\/schema\/person\/image\/"}},{"@type":"Person","@id":"https:\/\/sandzakpress.net\/arhiva\/#\/schema\/person\/cb59d7e3ab91ab90dd680ad0305a6185","name":"Agencija","image":{"@type":"ImageObject","inLanguage":"bs-BA","@id":"https:\/\/sandzakpress.net\/arhiva\/#\/schema\/person\/image\/","url":"https:\/\/secure.gravatar.com\/avatar\/4b7fafa80a22f0c2afe23966b3961fe0?s=96&d=mm&r=pg","contentUrl":"https:\/\/secure.gravatar.com\/avatar\/4b7fafa80a22f0c2afe23966b3961fe0?s=96&d=mm&r=pg","caption":"Agencija"},"url":"https:\/\/sandzakpress.net\/arhiva\/author\/agencija\/"}]}},"_links":{"self":[{"href":"https:\/\/sandzakpress.net\/arhiva\/wp-json\/wp\/v2\/posts\/219416"}],"collection":[{"href":"https:\/\/sandzakpress.net\/arhiva\/wp-json\/wp\/v2\/posts"}],"about":[{"href":"https:\/\/sandzakpress.net\/arhiva\/wp-json\/wp\/v2\/types\/post"}],"author":[{"embeddable":true,"href":"https:\/\/sandzakpress.net\/arhiva\/wp-json\/wp\/v2\/users\/509"}],"replies":[{"embeddable":true,"href":"https:\/\/sandzakpress.net\/arhiva\/wp-json\/wp\/v2\/comments?post=219416"}],"version-history":[{"count":0,"href":"https:\/\/sandzakpress.net\/arhiva\/wp-json\/wp\/v2\/posts\/219416\/revisions"}],"wp:featuredmedia":[{"embeddable":true,"href":"https:\/\/sandzakpress.net\/arhiva\/wp-json\/wp\/v2\/media\/219442"}],"wp:attachment":[{"href":"https:\/\/sandzakpress.net\/arhiva\/wp-json\/wp\/v2\/media?parent=219416"}],"wp:term":[{"taxonomy":"category","embeddable":true,"href":"https:\/\/sandzakpress.net\/arhiva\/wp-json\/wp\/v2\/categories?post=219416"},{"taxonomy":"post_tag","embeddable":true,"href":"https:\/\/sandzakpress.net\/arhiva\/wp-json\/wp\/v2\/tags?post=219416"}],"curies":[{"name":"wp","href":"https:\/\/api.w.org\/{rel}","templated":true}]}}