{"id":219267,"date":"2019-03-13T13:01:39","date_gmt":"2019-03-13T12:01:39","guid":{"rendered":"https:\/\/sandzakpress.net\/arhiva\/?p=219267"},"modified":"2019-03-13T21:57:12","modified_gmt":"2019-03-13T20:57:12","slug":"srednja-medicinska-skola-od-danas-nosi-naziv-dva-heroja","status":"publish","type":"post","link":"https:\/\/sandzakpress.net\/arhiva\/srednja-medicinska-skola-od-danas-nosi-naziv-dva-heroja\/","title":{"rendered":"Srednja Medicinska \u0161kola od danas nosi naziv \u201cDva heroja\u201d"},"content":{"rendered":"<p><img decoding=\"async\" src=\"http:\/\/www.radiostoplus.com\/images\/clanci\/DRUSTVO\/objekti\/dva_heroja_tabla2019.jpg\" \/><\/p>\n<p><b>\u010clanovi porodica\u00a0i gradona\u010delnik Novog Pazara Nihat Bi\u0161evac zajedno su danas otkrili spomen plo\u010du ljekaru D\u017eevadu Ljaji\u0107u i anesteziologu Miroslavu Veselinovi\u0107u na zgradi Medicinske \u0161kole u ovom gradu koja od po\u010detka \u0161kolske godine nosi naziv &#8220;Dva heroja&#8221;.<\/b><\/p>\n<p>Na plo\u010di je ispisana poruka\u00a0&#8220;Ono \u0161to \u010dinimo za \u017eivota odjekuje u vje\u010dnosti&#8221;.<\/p>\n<p>Ljekar D\u017eevad Ljaji\u0107 i anesteziolog Miroslav Veselinovi\u0107 poginuli su prije \u010detiri godine u padu helikoptera Vojske Srbije kod Sur\u010dina, a prilikom transporta \u017eivotno ugro\u017eene bebe iz Novog Pazara za Beograd.<\/p>\n<p>Tom prilikom \u017eivote su izgubili i pilot major Omer Mehi\u0107, pilot kapetan Milovan Djukari\u0107, zastavnik Neboj\u0161a Draji\u0107, mehani\u010dar leta\u010d Ivan Miladinovi\u0107 i beba iz porodice Ademovi\u0107.<\/p>\n<p>U javnosti se i dalje vodi rasprava o tome zbog \u010dega je 13. marta 2015. godine helikopter, uprkos slo\u017eenim meteorolo\u0161kim uslovima, poku\u0161ao sletanje na beogradski civilni aerodrom, a ne na vojni aerodrom u Batajnici ili helidrom kod Vojnomedicinske akademije na Banjici, kao i ko je odlu\u010dio da se leti za Beograd, a ne za Kragujevac, Ni\u0161 ili Kraljevo.<\/p>\n<p>Vi\u0161e javno tu\u017eila\u0161tvo u Beogradu je 15 mjeseci posle pada helikoptera saop\u0161tilo da ne\u0107e biti pokrenut krivi\u010dni postupak protiv osoba koje u\u010destvovale u pripremi i izvr\u0161enju zadatka.<\/p>\n<p>Kako je Tu\u017eila\u0161tvo navelo, Komisija za osnovno ispitivanje udesa i Komisija za ispitivanje vanrednog dogadjaja nisu utvrdile da je to delo izvedeno iz nehata ili sa umi\u0161ljajem.<\/p>\n<p>U predistra\u017enom postupku ustanovljeno je i da je u lancu komandovanja bilo propusta ali da oni nemaju krivi\u010dno pravnu te\u017einu, ve\u0107 eventualno disciplinsku.<\/p>\n<p>izvor:<a href=\"https:\/\/www.youtube.com\/user\/VozniskiIzpit\/videos\"> Radiostoplus<\/a><\/p>\n","protected":false},"excerpt":{"rendered":"<p>\u010clanovi porodica\u00a0i gradona\u010delnik Novog Pazara Nihat Bi\u0161evac zajedno su danas otkrili spomen plo\u010du ljekaru D\u017eevadu Ljaji\u0107u i anesteziologu Miroslavu Veselinovi\u0107u na zgradi Medicinske \u0161kole u ovom gradu koja od po\u010detka \u0161kolske godine nosi naziv &#8220;Dva heroja&#8221;. Na plo\u010di je ispisana poruka\u00a0&#8220;Ono \u0161to \u010dinimo za \u017eivota odjekuje u vje\u010dnosti&#8221;. Ljekar D\u017eevad Ljaji\u0107 i anesteziolog Miroslav Veselinovi\u0107 [&hellip;]<\/p>\n","protected":false},"author":509,"featured_media":219269,"comment_status":"open","ping_status":"open","sticky":false,"template":"","format":"standard","meta":{"footnotes":""},"categories":[72,4,8957],"tags":[],"class_list":{"0":"post-219267","1":"post","2":"type-post","3":"status-publish","4":"format-standard","5":"has-post-thumbnail","7":"category-novi-pazar","8":"category-obrazovanje","9":"category-vijesti-dana"},"yoast_head":"<!-- This site is optimized with the Yoast SEO Premium plugin v23.1 (Yoast SEO v24.9) - https:\/\/yoast.com\/wordpress\/plugins\/seo\/ -->\n<title>Srednja Medicinska \u0161kola od danas nosi naziv \u201cDva heroja\u201d<\/title>\n<meta name=\"robots\" content=\"index, follow, max-snippet:-1, max-image-preview:large, max-video-preview:-1\" \/>\n<link rel=\"canonical\" href=\"https:\/\/sandzakpress.net\/arhiva\/srednja-medicinska-skola-od-danas-nosi-naziv-dva-heroja\/\" \/>\n<meta property=\"og:locale\" content=\"bs_BA\" \/>\n<meta property=\"og:type\" content=\"article\" \/>\n<meta property=\"og:title\" content=\"Srednja Medicinska \u0161kola od danas nosi naziv \u201cDva heroja\u201d\" \/>\n<meta property=\"og:description\" content=\"\u010clanovi porodica\u00a0i gradona\u010delnik Novog Pazara Nihat Bi\u0161evac zajedno su danas otkrili spomen plo\u010du ljekaru D\u017eevadu Ljaji\u0107u i anesteziologu Miroslavu Veselinovi\u0107u na zgradi Medicinske \u0161kole u ovom gradu koja od po\u010detka \u0161kolske godine nosi naziv &#8220;Dva heroja&#8221;. Na plo\u010di je ispisana poruka\u00a0&#8220;Ono \u0161to \u010dinimo za \u017eivota odjekuje u vje\u010dnosti&#8221;. Ljekar D\u017eevad Ljaji\u0107 i anesteziolog Miroslav Veselinovi\u0107 [&hellip;]\" \/>\n<meta property=\"og:url\" content=\"https:\/\/sandzakpress.net\/arhiva\/srednja-medicinska-skola-od-danas-nosi-naziv-dva-heroja\/\" \/>\n<meta property=\"og:site_name\" content=\"Sand\u017eak PRESS\" \/>\n<meta property=\"article:published_time\" content=\"2019-03-13T12:01:39+00:00\" \/>\n<meta property=\"article:modified_time\" content=\"2019-03-13T20:57:12+00:00\" \/>\n<meta property=\"og:image\" content=\"https:\/\/sandzakpress.net\/arhiva\/wp-content\/uploads\/2019\/03\/dva_heroja_tabla2019.jpg\" \/>\n\t<meta property=\"og:image:width\" content=\"1139\" \/>\n\t<meta property=\"og:image:height\" content=\"565\" \/>\n\t<meta property=\"og:image:type\" content=\"image\/jpeg\" \/>\n<meta name=\"author\" content=\"Agencija\" \/>\n<meta name=\"twitter:card\" content=\"summary_large_image\" \/>\n<meta name=\"twitter:label1\" content=\"Written by\" \/>\n\t<meta name=\"twitter:data1\" content=\"Agencija\" \/>\n\t<meta name=\"twitter:label2\" content=\"Est. reading time\" \/>\n\t<meta name=\"twitter:data2\" content=\"1 minuta\" \/>\n<script type=\"application\/ld+json\" class=\"yoast-schema-graph\">{\"@context\":\"https:\/\/schema.org\",\"@graph\":[{\"@type\":\"Article\",\"@id\":\"https:\/\/sandzakpress.net\/arhiva\/srednja-medicinska-skola-od-danas-nosi-naziv-dva-heroja\/#article\",\"isPartOf\":{\"@id\":\"https:\/\/sandzakpress.net\/arhiva\/srednja-medicinska-skola-od-danas-nosi-naziv-dva-heroja\/\"},\"author\":{\"name\":\"Agencija\",\"@id\":\"https:\/\/sandzakpress.net\/arhiva\/#\/schema\/person\/cb59d7e3ab91ab90dd680ad0305a6185\"},\"headline\":\"Srednja Medicinska \u0161kola od danas nosi naziv \u201cDva heroja\u201d\",\"datePublished\":\"2019-03-13T12:01:39+00:00\",\"dateModified\":\"2019-03-13T20:57:12+00:00\",\"mainEntityOfPage\":{\"@id\":\"https:\/\/sandzakpress.net\/arhiva\/srednja-medicinska-skola-od-danas-nosi-naziv-dva-heroja\/\"},\"wordCount\":281,\"commentCount\":0,\"publisher\":{\"@id\":\"https:\/\/sandzakpress.net\/arhiva\/#\/schema\/person\/6e72b67d6e51910a1117b3b483ba20bd\"},\"image\":{\"@id\":\"https:\/\/sandzakpress.net\/arhiva\/srednja-medicinska-skola-od-danas-nosi-naziv-dva-heroja\/#primaryimage\"},\"thumbnailUrl\":\"https:\/\/sandzakpress.net\/arhiva\/wp-content\/uploads\/2019\/03\/dva_heroja_tabla2019.jpg\",\"articleSection\":[\"Novi Pazar\",\"Obrazovanje\",\"VIJESTI DANA\"],\"inLanguage\":\"bs-BA\",\"potentialAction\":[{\"@type\":\"CommentAction\",\"name\":\"Comment\",\"target\":[\"https:\/\/sandzakpress.net\/arhiva\/srednja-medicinska-skola-od-danas-nosi-naziv-dva-heroja\/#respond\"]}]},{\"@type\":\"WebPage\",\"@id\":\"https:\/\/sandzakpress.net\/arhiva\/srednja-medicinska-skola-od-danas-nosi-naziv-dva-heroja\/\",\"url\":\"https:\/\/sandzakpress.net\/arhiva\/srednja-medicinska-skola-od-danas-nosi-naziv-dva-heroja\/\",\"name\":\"Srednja Medicinska \u0161kola od danas nosi naziv \u201cDva heroja\u201d\",\"isPartOf\":{\"@id\":\"https:\/\/sandzakpress.net\/arhiva\/#website\"},\"primaryImageOfPage\":{\"@id\":\"https:\/\/sandzakpress.net\/arhiva\/srednja-medicinska-skola-od-danas-nosi-naziv-dva-heroja\/#primaryimage\"},\"image\":{\"@id\":\"https:\/\/sandzakpress.net\/arhiva\/srednja-medicinska-skola-od-danas-nosi-naziv-dva-heroja\/#primaryimage\"},\"thumbnailUrl\":\"https:\/\/sandzakpress.net\/arhiva\/wp-content\/uploads\/2019\/03\/dva_heroja_tabla2019.jpg\",\"datePublished\":\"2019-03-13T12:01:39+00:00\",\"dateModified\":\"2019-03-13T20:57:12+00:00\",\"breadcrumb\":{\"@id\":\"https:\/\/sandzakpress.net\/arhiva\/srednja-medicinska-skola-od-danas-nosi-naziv-dva-heroja\/#breadcrumb\"},\"inLanguage\":\"bs-BA\",\"potentialAction\":[{\"@type\":\"ReadAction\",\"target\":[\"https:\/\/sandzakpress.net\/arhiva\/srednja-medicinska-skola-od-danas-nosi-naziv-dva-heroja\/\"]}]},{\"@type\":\"ImageObject\",\"inLanguage\":\"bs-BA\",\"@id\":\"https:\/\/sandzakpress.net\/arhiva\/srednja-medicinska-skola-od-danas-nosi-naziv-dva-heroja\/#primaryimage\",\"url\":\"https:\/\/sandzakpress.net\/arhiva\/wp-content\/uploads\/2019\/03\/dva_heroja_tabla2019.jpg\",\"contentUrl\":\"https:\/\/sandzakpress.net\/arhiva\/wp-content\/uploads\/2019\/03\/dva_heroja_tabla2019.jpg\",\"width\":1139,\"height\":565},{\"@type\":\"BreadcrumbList\",\"@id\":\"https:\/\/sandzakpress.net\/arhiva\/srednja-medicinska-skola-od-danas-nosi-naziv-dva-heroja\/#breadcrumb\",\"itemListElement\":[{\"@type\":\"ListItem\",\"position\":1,\"name\":\"Home\",\"item\":\"https:\/\/sandzakpress.net\/arhiva\/\"},{\"@type\":\"ListItem\",\"position\":2,\"name\":\"Srednja Medicinska \u0161kola od danas nosi naziv \u201cDva heroja\u201d\"}]},{\"@type\":\"WebSite\",\"@id\":\"https:\/\/sandzakpress.net\/arhiva\/#website\",\"url\":\"https:\/\/sandzakpress.net\/arhiva\/\",\"name\":\"Sand\u017eak PRESS\",\"description\":\"Prve elektronske novine u Sand\u017eaku\",\"publisher\":{\"@id\":\"https:\/\/sandzakpress.net\/arhiva\/#\/schema\/person\/6e72b67d6e51910a1117b3b483ba20bd\"},\"potentialAction\":[{\"@type\":\"SearchAction\",\"target\":{\"@type\":\"EntryPoint\",\"urlTemplate\":\"https:\/\/sandzakpress.net\/arhiva\/?s={search_term_string}\"},\"query-input\":{\"@type\":\"PropertyValueSpecification\",\"valueRequired\":true,\"valueName\":\"search_term_string\"}}],\"inLanguage\":\"bs-BA\"},{\"@type\":[\"Person\",\"Organization\"],\"@id\":\"https:\/\/sandzakpress.net\/arhiva\/#\/schema\/person\/6e72b67d6e51910a1117b3b483ba20bd\",\"name\":\"Kul\",\"image\":{\"@type\":\"ImageObject\",\"inLanguage\":\"bs-BA\",\"@id\":\"https:\/\/sandzakpress.net\/arhiva\/#\/schema\/person\/image\/\",\"url\":\"https:\/\/secure.gravatar.com\/avatar\/42263f39aa27ac04c43cab85c280eb2e?s=96&d=mm&r=pg\",\"contentUrl\":\"https:\/\/secure.gravatar.com\/avatar\/42263f39aa27ac04c43cab85c280eb2e?s=96&d=mm&r=pg\",\"caption\":\"Kul\"},\"logo\":{\"@id\":\"https:\/\/sandzakpress.net\/arhiva\/#\/schema\/person\/image\/\"}},{\"@type\":\"Person\",\"@id\":\"https:\/\/sandzakpress.net\/arhiva\/#\/schema\/person\/cb59d7e3ab91ab90dd680ad0305a6185\",\"name\":\"Agencija\",\"image\":{\"@type\":\"ImageObject\",\"inLanguage\":\"bs-BA\",\"@id\":\"https:\/\/sandzakpress.net\/arhiva\/#\/schema\/person\/image\/\",\"url\":\"https:\/\/secure.gravatar.com\/avatar\/4b7fafa80a22f0c2afe23966b3961fe0?s=96&d=mm&r=pg\",\"contentUrl\":\"https:\/\/secure.gravatar.com\/avatar\/4b7fafa80a22f0c2afe23966b3961fe0?s=96&d=mm&r=pg\",\"caption\":\"Agencija\"},\"url\":\"https:\/\/sandzakpress.net\/arhiva\/author\/agencija\/\"}]}<\/script>\n<!-- \/ Yoast SEO Premium plugin. -->","yoast_head_json":{"title":"Srednja Medicinska \u0161kola od danas nosi naziv \u201cDva heroja\u201d","robots":{"index":"index","follow":"follow","max-snippet":"max-snippet:-1","max-image-preview":"max-image-preview:large","max-video-preview":"max-video-preview:-1"},"canonical":"https:\/\/sandzakpress.net\/arhiva\/srednja-medicinska-skola-od-danas-nosi-naziv-dva-heroja\/","og_locale":"bs_BA","og_type":"article","og_title":"Srednja Medicinska \u0161kola od danas nosi naziv \u201cDva heroja\u201d","og_description":"\u010clanovi porodica\u00a0i gradona\u010delnik Novog Pazara Nihat Bi\u0161evac zajedno su danas otkrili spomen plo\u010du ljekaru D\u017eevadu Ljaji\u0107u i anesteziologu Miroslavu Veselinovi\u0107u na zgradi Medicinske \u0161kole u ovom gradu koja od po\u010detka \u0161kolske godine nosi naziv &#8220;Dva heroja&#8221;. Na plo\u010di je ispisana poruka\u00a0&#8220;Ono \u0161to \u010dinimo za \u017eivota odjekuje u vje\u010dnosti&#8221;. Ljekar D\u017eevad Ljaji\u0107 i anesteziolog Miroslav Veselinovi\u0107 [&hellip;]","og_url":"https:\/\/sandzakpress.net\/arhiva\/srednja-medicinska-skola-od-danas-nosi-naziv-dva-heroja\/","og_site_name":"Sand\u017eak PRESS","article_published_time":"2019-03-13T12:01:39+00:00","article_modified_time":"2019-03-13T20:57:12+00:00","og_image":[{"width":1139,"height":565,"url":"https:\/\/sandzakpress.net\/arhiva\/wp-content\/uploads\/2019\/03\/dva_heroja_tabla2019.jpg","type":"image\/jpeg"}],"author":"Agencija","twitter_card":"summary_large_image","twitter_misc":{"Written by":"Agencija","Est. reading time":"1 minuta"},"schema":{"@context":"https:\/\/schema.org","@graph":[{"@type":"Article","@id":"https:\/\/sandzakpress.net\/arhiva\/srednja-medicinska-skola-od-danas-nosi-naziv-dva-heroja\/#article","isPartOf":{"@id":"https:\/\/sandzakpress.net\/arhiva\/srednja-medicinska-skola-od-danas-nosi-naziv-dva-heroja\/"},"author":{"name":"Agencija","@id":"https:\/\/sandzakpress.net\/arhiva\/#\/schema\/person\/cb59d7e3ab91ab90dd680ad0305a6185"},"headline":"Srednja Medicinska \u0161kola od danas nosi naziv \u201cDva heroja\u201d","datePublished":"2019-03-13T12:01:39+00:00","dateModified":"2019-03-13T20:57:12+00:00","mainEntityOfPage":{"@id":"https:\/\/sandzakpress.net\/arhiva\/srednja-medicinska-skola-od-danas-nosi-naziv-dva-heroja\/"},"wordCount":281,"commentCount":0,"publisher":{"@id":"https:\/\/sandzakpress.net\/arhiva\/#\/schema\/person\/6e72b67d6e51910a1117b3b483ba20bd"},"image":{"@id":"https:\/\/sandzakpress.net\/arhiva\/srednja-medicinska-skola-od-danas-nosi-naziv-dva-heroja\/#primaryimage"},"thumbnailUrl":"https:\/\/sandzakpress.net\/arhiva\/wp-content\/uploads\/2019\/03\/dva_heroja_tabla2019.jpg","articleSection":["Novi Pazar","Obrazovanje","VIJESTI DANA"],"inLanguage":"bs-BA","potentialAction":[{"@type":"CommentAction","name":"Comment","target":["https:\/\/sandzakpress.net\/arhiva\/srednja-medicinska-skola-od-danas-nosi-naziv-dva-heroja\/#respond"]}]},{"@type":"WebPage","@id":"https:\/\/sandzakpress.net\/arhiva\/srednja-medicinska-skola-od-danas-nosi-naziv-dva-heroja\/","url":"https:\/\/sandzakpress.net\/arhiva\/srednja-medicinska-skola-od-danas-nosi-naziv-dva-heroja\/","name":"Srednja Medicinska \u0161kola od danas nosi naziv \u201cDva heroja\u201d","isPartOf":{"@id":"https:\/\/sandzakpress.net\/arhiva\/#website"},"primaryImageOfPage":{"@id":"https:\/\/sandzakpress.net\/arhiva\/srednja-medicinska-skola-od-danas-nosi-naziv-dva-heroja\/#primaryimage"},"image":{"@id":"https:\/\/sandzakpress.net\/arhiva\/srednja-medicinska-skola-od-danas-nosi-naziv-dva-heroja\/#primaryimage"},"thumbnailUrl":"https:\/\/sandzakpress.net\/arhiva\/wp-content\/uploads\/2019\/03\/dva_heroja_tabla2019.jpg","datePublished":"2019-03-13T12:01:39+00:00","dateModified":"2019-03-13T20:57:12+00:00","breadcrumb":{"@id":"https:\/\/sandzakpress.net\/arhiva\/srednja-medicinska-skola-od-danas-nosi-naziv-dva-heroja\/#breadcrumb"},"inLanguage":"bs-BA","potentialAction":[{"@type":"ReadAction","target":["https:\/\/sandzakpress.net\/arhiva\/srednja-medicinska-skola-od-danas-nosi-naziv-dva-heroja\/"]}]},{"@type":"ImageObject","inLanguage":"bs-BA","@id":"https:\/\/sandzakpress.net\/arhiva\/srednja-medicinska-skola-od-danas-nosi-naziv-dva-heroja\/#primaryimage","url":"https:\/\/sandzakpress.net\/arhiva\/wp-content\/uploads\/2019\/03\/dva_heroja_tabla2019.jpg","contentUrl":"https:\/\/sandzakpress.net\/arhiva\/wp-content\/uploads\/2019\/03\/dva_heroja_tabla2019.jpg","width":1139,"height":565},{"@type":"BreadcrumbList","@id":"https:\/\/sandzakpress.net\/arhiva\/srednja-medicinska-skola-od-danas-nosi-naziv-dva-heroja\/#breadcrumb","itemListElement":[{"@type":"ListItem","position":1,"name":"Home","item":"https:\/\/sandzakpress.net\/arhiva\/"},{"@type":"ListItem","position":2,"name":"Srednja Medicinska \u0161kola od danas nosi naziv \u201cDva heroja\u201d"}]},{"@type":"WebSite","@id":"https:\/\/sandzakpress.net\/arhiva\/#website","url":"https:\/\/sandzakpress.net\/arhiva\/","name":"Sand\u017eak PRESS","description":"Prve elektronske novine u Sand\u017eaku","publisher":{"@id":"https:\/\/sandzakpress.net\/arhiva\/#\/schema\/person\/6e72b67d6e51910a1117b3b483ba20bd"},"potentialAction":[{"@type":"SearchAction","target":{"@type":"EntryPoint","urlTemplate":"https:\/\/sandzakpress.net\/arhiva\/?s={search_term_string}"},"query-input":{"@type":"PropertyValueSpecification","valueRequired":true,"valueName":"search_term_string"}}],"inLanguage":"bs-BA"},{"@type":["Person","Organization"],"@id":"https:\/\/sandzakpress.net\/arhiva\/#\/schema\/person\/6e72b67d6e51910a1117b3b483ba20bd","name":"Kul","image":{"@type":"ImageObject","inLanguage":"bs-BA","@id":"https:\/\/sandzakpress.net\/arhiva\/#\/schema\/person\/image\/","url":"https:\/\/secure.gravatar.com\/avatar\/42263f39aa27ac04c43cab85c280eb2e?s=96&d=mm&r=pg","contentUrl":"https:\/\/secure.gravatar.com\/avatar\/42263f39aa27ac04c43cab85c280eb2e?s=96&d=mm&r=pg","caption":"Kul"},"logo":{"@id":"https:\/\/sandzakpress.net\/arhiva\/#\/schema\/person\/image\/"}},{"@type":"Person","@id":"https:\/\/sandzakpress.net\/arhiva\/#\/schema\/person\/cb59d7e3ab91ab90dd680ad0305a6185","name":"Agencija","image":{"@type":"ImageObject","inLanguage":"bs-BA","@id":"https:\/\/sandzakpress.net\/arhiva\/#\/schema\/person\/image\/","url":"https:\/\/secure.gravatar.com\/avatar\/4b7fafa80a22f0c2afe23966b3961fe0?s=96&d=mm&r=pg","contentUrl":"https:\/\/secure.gravatar.com\/avatar\/4b7fafa80a22f0c2afe23966b3961fe0?s=96&d=mm&r=pg","caption":"Agencija"},"url":"https:\/\/sandzakpress.net\/arhiva\/author\/agencija\/"}]}},"_links":{"self":[{"href":"https:\/\/sandzakpress.net\/arhiva\/wp-json\/wp\/v2\/posts\/219267"}],"collection":[{"href":"https:\/\/sandzakpress.net\/arhiva\/wp-json\/wp\/v2\/posts"}],"about":[{"href":"https:\/\/sandzakpress.net\/arhiva\/wp-json\/wp\/v2\/types\/post"}],"author":[{"embeddable":true,"href":"https:\/\/sandzakpress.net\/arhiva\/wp-json\/wp\/v2\/users\/509"}],"replies":[{"embeddable":true,"href":"https:\/\/sandzakpress.net\/arhiva\/wp-json\/wp\/v2\/comments?post=219267"}],"version-history":[{"count":0,"href":"https:\/\/sandzakpress.net\/arhiva\/wp-json\/wp\/v2\/posts\/219267\/revisions"}],"wp:featuredmedia":[{"embeddable":true,"href":"https:\/\/sandzakpress.net\/arhiva\/wp-json\/wp\/v2\/media\/219269"}],"wp:attachment":[{"href":"https:\/\/sandzakpress.net\/arhiva\/wp-json\/wp\/v2\/media?parent=219267"}],"wp:term":[{"taxonomy":"category","embeddable":true,"href":"https:\/\/sandzakpress.net\/arhiva\/wp-json\/wp\/v2\/categories?post=219267"},{"taxonomy":"post_tag","embeddable":true,"href":"https:\/\/sandzakpress.net\/arhiva\/wp-json\/wp\/v2\/tags?post=219267"}],"curies":[{"name":"wp","href":"https:\/\/api.w.org\/{rel}","templated":true}]}}