{"id":219222,"date":"2019-03-12T18:48:36","date_gmt":"2019-03-12T17:48:36","guid":{"rendered":"https:\/\/sandzakpress.net\/arhiva\/ekspresna-reakcija-policije-u-prijedoru-marjanovic-uhapsen-nakon-sto-je-natjerao-hodzica-da-skine-grb-bih-s-prikolice"},"modified":"2019-03-12T18:48:36","modified_gmt":"2019-03-12T17:48:36","slug":"ekspresna-reakcija-policije-u-prijedoru-marjanovic-uhapsen-nakon-sto-je-natjerao-hodzica-da-skine-grb-bih-s-prikolice","status":"publish","type":"post","link":"https:\/\/sandzakpress.net\/arhiva\/ekspresna-reakcija-policije-u-prijedoru-marjanovic-uhapsen-nakon-sto-je-natjerao-hodzica-da-skine-grb-bih-s-prikolice\/","title":{"rendered":"Ekspresna reakcija policije u Prijedoru: Marjanovi\u0107 uhap\u0161en nakon \u0161to je natjerao Hod\u017ei\u0107a da skine grb BiH s prikolice"},"content":{"rendered":"<p><span class=\"cb-itemprop\"><\/p>\n<p><img decoding=\"async\" src=\"https:\/\/avaz.ba\/media\/2019\/03\/12\/878208\/thumbs\/873x400.jpg\" alt=\" - Avaz, Dnevni avaz, avaz.ba\" \/><\/p>\n<p><strong>Nasilnik iz Prijedora Renato Marjanovi\u0107 uhap\u0161en je zbog izazivanja i podsticanja nasilja i mr\u017enje, kao i nano\u0161enja tjelesnih povreda Azrinu Hod\u017ei\u0107u.<\/strong><\/p>\n<p>Kako smo ranije objavili, Kozar\u010danin Azrin Hod\u017ei\u0107 je pro\u017eivio pravu no\u0107nu moru nakon susreta s nasilnikom Marjanovi\u0107em iz Prijedora, koji je od njega, ni\u010dim izazvan, u jednom trenutku zatra\u017eio da s autoprikolice skine zvani\u010dan grb BiH.<\/p>\n<p>Ovaj ga nije odmah poslu\u0161ao, pa mu je Renato, prema Azrinovim rije\u010dima, pri\u0161ao s le\u0111a, uhvatio ga za vrat i tri puta udario \u0161akom u glavu. Potom je nastavio s kidanjem cerade.<\/p>\n<p>\u2013 U\u010dinilo mi se da je naoru\u017ean. Bio je ba\u0161 nasilan pa sam uzeo \u0161rafciger i odlu\u010dio da skinem grb. Ni sam ne znam otkud mi toliko strpljenja. No, tu nije bio kraj mukama. Tra\u017eio je od mene da, dok skidam naljepnicu, ponavljam njegove rije\u010di. Morao sam se izviniti prijedorskim Srbima i RS zato \u0161to imam grb BiH na prikolici i obe\u0107ati da ga vi\u0161e ne\u0107u stavljati. Sve vrijeme je to snimao mobilnim telefonom \u2013 ka\u017ee Azrin i dodaje da se sve dogodilo ju\u010der ujutro oko 8.30 sati na jednom prijedorskom otpadu, gdje je donio sekunadarne sirovine.<\/p>\n<p>Renato je potom snimak postavio na svojoj Facebook stranici. Renato Marjanovi\u0107 je, prema nezvani\u010dnim saznanjima, odranije poznat policiji po nasilni\u010dkom pona\u0161anju, krivi\u010dnim djelima i prekr\u0161ajima.<\/p>\n<p>(avaz.ba)<\/p>\n<p><\/span><br \/>\nPogledajte vijest na izvornom sajtu:<\/p>\n<p><a href=\"http:\/\/bosnapress.net\/ekspresna-reakcija-policije-u-prijedoru-marjanovic-uhapsen-nakon-sto-je-natjerao-hodzica-da-skine-grb-bih-s-prikolice\/\" target=\"_blank\">Ekspresna reakcija policije u Prijedoru: Marjanovi\u0107 uhap\u0161en nakon \u0161to je natjerao Hod\u017ei\u0107a da skine grb BiH s prikolice<\/a><\/p>\n","protected":false},"excerpt":{"rendered":"<p>Nasilnik iz Prijedora Renato Marjanovi\u0107 uhap\u0161en je zbog izazivanja i podsticanja nasilja i mr\u017enje, kao i nano\u0161enja tjelesnih povreda Azrinu Hod\u017ei\u0107u. Kako smo ranije objavili, Kozar\u010danin Azrin Hod\u017ei\u0107 je pro\u017eivio pravu no\u0107nu moru nakon susreta s nasilnikom Marjanovi\u0107em iz Prijedora, koji je od njega, ni\u010dim izazvan, u jednom trenutku zatra\u017eio da s autoprikolice skine zvani\u010dan [&hellip;]<\/p>\n","protected":false},"author":83,"featured_media":219224,"comment_status":"open","ping_status":"open","sticky":false,"template":"","format":"standard","meta":{"footnotes":""},"categories":[10513],"tags":[10466],"class_list":{"0":"post-219222","1":"post","2":"type-post","3":"status-publish","4":"format-standard","5":"has-post-thumbnail","7":"category-bosna-press","8":"tag-bosna-i-hercegovina"},"yoast_head":"<!-- This site is optimized with the Yoast SEO Premium plugin v23.1 (Yoast SEO v24.9) - https:\/\/yoast.com\/wordpress\/plugins\/seo\/ -->\n<title>Ekspresna reakcija policije u Prijedoru: Marjanovi\u0107 uhap\u0161en nakon \u0161to je natjerao Hod\u017ei\u0107a da skine grb BiH s prikolice<\/title>\n<meta name=\"robots\" content=\"index, follow, max-snippet:-1, max-image-preview:large, max-video-preview:-1\" \/>\n<link rel=\"canonical\" href=\"https:\/\/sandzakpress.net\/arhiva\/ekspresna-reakcija-policije-u-prijedoru-marjanovic-uhapsen-nakon-sto-je-natjerao-hodzica-da-skine-grb-bih-s-prikolice\/\" \/>\n<meta property=\"og:locale\" content=\"bs_BA\" \/>\n<meta property=\"og:type\" content=\"article\" \/>\n<meta property=\"og:title\" content=\"Ekspresna reakcija policije u Prijedoru: Marjanovi\u0107 uhap\u0161en nakon \u0161to je natjerao Hod\u017ei\u0107a da skine grb BiH s prikolice\" \/>\n<meta property=\"og:description\" content=\"Nasilnik iz Prijedora Renato Marjanovi\u0107 uhap\u0161en je zbog izazivanja i podsticanja nasilja i mr\u017enje, kao i nano\u0161enja tjelesnih povreda Azrinu Hod\u017ei\u0107u. Kako smo ranije objavili, Kozar\u010danin Azrin Hod\u017ei\u0107 je pro\u017eivio pravu no\u0107nu moru nakon susreta s nasilnikom Marjanovi\u0107em iz Prijedora, koji je od njega, ni\u010dim izazvan, u jednom trenutku zatra\u017eio da s autoprikolice skine zvani\u010dan [&hellip;]\" \/>\n<meta property=\"og:url\" content=\"https:\/\/sandzakpress.net\/arhiva\/ekspresna-reakcija-policije-u-prijedoru-marjanovic-uhapsen-nakon-sto-je-natjerao-hodzica-da-skine-grb-bih-s-prikolice\/\" \/>\n<meta property=\"og:site_name\" content=\"Sand\u017eak PRESS\" \/>\n<meta property=\"article:published_time\" content=\"2019-03-12T17:48:36+00:00\" \/>\n<meta property=\"og:image\" content=\"https:\/\/sandzakpress.net\/arhiva\/wp-content\/uploads\/2019\/03\/873x400-2.jpg\" \/>\n\t<meta property=\"og:image:width\" content=\"753\" \/>\n\t<meta property=\"og:image:height\" content=\"424\" \/>\n\t<meta property=\"og:image:type\" content=\"image\/jpeg\" \/>\n<meta name=\"author\" content=\"bosniak\" \/>\n<meta name=\"twitter:card\" content=\"summary_large_image\" \/>\n<meta name=\"twitter:label1\" content=\"Written by\" \/>\n\t<meta name=\"twitter:data1\" content=\"bosniak\" \/>\n\t<meta name=\"twitter:label2\" content=\"Est. reading time\" \/>\n\t<meta name=\"twitter:data2\" content=\"1 minuta\" \/>\n<script type=\"application\/ld+json\" class=\"yoast-schema-graph\">{\"@context\":\"https:\/\/schema.org\",\"@graph\":[{\"@type\":\"Article\",\"@id\":\"https:\/\/sandzakpress.net\/arhiva\/ekspresna-reakcija-policije-u-prijedoru-marjanovic-uhapsen-nakon-sto-je-natjerao-hodzica-da-skine-grb-bih-s-prikolice\/#article\",\"isPartOf\":{\"@id\":\"https:\/\/sandzakpress.net\/arhiva\/ekspresna-reakcija-policije-u-prijedoru-marjanovic-uhapsen-nakon-sto-je-natjerao-hodzica-da-skine-grb-bih-s-prikolice\/\"},\"author\":{\"name\":\"bosniak\",\"@id\":\"https:\/\/sandzakpress.net\/arhiva\/#\/schema\/person\/c8baee722073534b583ea7bdb2e36c02\"},\"headline\":\"Ekspresna reakcija policije u Prijedoru: Marjanovi\u0107 uhap\u0161en nakon \u0161to je natjerao Hod\u017ei\u0107a da skine grb BiH s prikolice\",\"datePublished\":\"2019-03-12T17:48:36+00:00\",\"mainEntityOfPage\":{\"@id\":\"https:\/\/sandzakpress.net\/arhiva\/ekspresna-reakcija-policije-u-prijedoru-marjanovic-uhapsen-nakon-sto-je-natjerao-hodzica-da-skine-grb-bih-s-prikolice\/\"},\"wordCount\":289,\"commentCount\":0,\"publisher\":{\"@id\":\"https:\/\/sandzakpress.net\/arhiva\/#\/schema\/person\/6e72b67d6e51910a1117b3b483ba20bd\"},\"image\":{\"@id\":\"https:\/\/sandzakpress.net\/arhiva\/ekspresna-reakcija-policije-u-prijedoru-marjanovic-uhapsen-nakon-sto-je-natjerao-hodzica-da-skine-grb-bih-s-prikolice\/#primaryimage\"},\"thumbnailUrl\":\"https:\/\/sandzakpress.net\/arhiva\/wp-content\/uploads\/2019\/03\/873x400-2.jpg\",\"keywords\":[\"Bosna i Hercegovina\"],\"articleSection\":[\"Bosna PRESS\"],\"inLanguage\":\"bs-BA\",\"potentialAction\":[{\"@type\":\"CommentAction\",\"name\":\"Comment\",\"target\":[\"https:\/\/sandzakpress.net\/arhiva\/ekspresna-reakcija-policije-u-prijedoru-marjanovic-uhapsen-nakon-sto-je-natjerao-hodzica-da-skine-grb-bih-s-prikolice\/#respond\"]}]},{\"@type\":\"WebPage\",\"@id\":\"https:\/\/sandzakpress.net\/arhiva\/ekspresna-reakcija-policije-u-prijedoru-marjanovic-uhapsen-nakon-sto-je-natjerao-hodzica-da-skine-grb-bih-s-prikolice\/\",\"url\":\"https:\/\/sandzakpress.net\/arhiva\/ekspresna-reakcija-policije-u-prijedoru-marjanovic-uhapsen-nakon-sto-je-natjerao-hodzica-da-skine-grb-bih-s-prikolice\/\",\"name\":\"Ekspresna reakcija policije u Prijedoru: Marjanovi\u0107 uhap\u0161en nakon \u0161to je natjerao Hod\u017ei\u0107a da skine grb BiH s prikolice\",\"isPartOf\":{\"@id\":\"https:\/\/sandzakpress.net\/arhiva\/#website\"},\"primaryImageOfPage\":{\"@id\":\"https:\/\/sandzakpress.net\/arhiva\/ekspresna-reakcija-policije-u-prijedoru-marjanovic-uhapsen-nakon-sto-je-natjerao-hodzica-da-skine-grb-bih-s-prikolice\/#primaryimage\"},\"image\":{\"@id\":\"https:\/\/sandzakpress.net\/arhiva\/ekspresna-reakcija-policije-u-prijedoru-marjanovic-uhapsen-nakon-sto-je-natjerao-hodzica-da-skine-grb-bih-s-prikolice\/#primaryimage\"},\"thumbnailUrl\":\"https:\/\/sandzakpress.net\/arhiva\/wp-content\/uploads\/2019\/03\/873x400-2.jpg\",\"datePublished\":\"2019-03-12T17:48:36+00:00\",\"breadcrumb\":{\"@id\":\"https:\/\/sandzakpress.net\/arhiva\/ekspresna-reakcija-policije-u-prijedoru-marjanovic-uhapsen-nakon-sto-je-natjerao-hodzica-da-skine-grb-bih-s-prikolice\/#breadcrumb\"},\"inLanguage\":\"bs-BA\",\"potentialAction\":[{\"@type\":\"ReadAction\",\"target\":[\"https:\/\/sandzakpress.net\/arhiva\/ekspresna-reakcija-policije-u-prijedoru-marjanovic-uhapsen-nakon-sto-je-natjerao-hodzica-da-skine-grb-bih-s-prikolice\/\"]}]},{\"@type\":\"ImageObject\",\"inLanguage\":\"bs-BA\",\"@id\":\"https:\/\/sandzakpress.net\/arhiva\/ekspresna-reakcija-policije-u-prijedoru-marjanovic-uhapsen-nakon-sto-je-natjerao-hodzica-da-skine-grb-bih-s-prikolice\/#primaryimage\",\"url\":\"https:\/\/sandzakpress.net\/arhiva\/wp-content\/uploads\/2019\/03\/873x400-2.jpg\",\"contentUrl\":\"https:\/\/sandzakpress.net\/arhiva\/wp-content\/uploads\/2019\/03\/873x400-2.jpg\",\"width\":753,\"height\":424},{\"@type\":\"BreadcrumbList\",\"@id\":\"https:\/\/sandzakpress.net\/arhiva\/ekspresna-reakcija-policije-u-prijedoru-marjanovic-uhapsen-nakon-sto-je-natjerao-hodzica-da-skine-grb-bih-s-prikolice\/#breadcrumb\",\"itemListElement\":[{\"@type\":\"ListItem\",\"position\":1,\"name\":\"Home\",\"item\":\"https:\/\/sandzakpress.net\/arhiva\/\"},{\"@type\":\"ListItem\",\"position\":2,\"name\":\"Ekspresna reakcija policije u Prijedoru: Marjanovi\u0107 uhap\u0161en nakon \u0161to je natjerao Hod\u017ei\u0107a da skine grb BiH s prikolice\"}]},{\"@type\":\"WebSite\",\"@id\":\"https:\/\/sandzakpress.net\/arhiva\/#website\",\"url\":\"https:\/\/sandzakpress.net\/arhiva\/\",\"name\":\"Sand\u017eak PRESS\",\"description\":\"Prve elektronske novine u Sand\u017eaku\",\"publisher\":{\"@id\":\"https:\/\/sandzakpress.net\/arhiva\/#\/schema\/person\/6e72b67d6e51910a1117b3b483ba20bd\"},\"potentialAction\":[{\"@type\":\"SearchAction\",\"target\":{\"@type\":\"EntryPoint\",\"urlTemplate\":\"https:\/\/sandzakpress.net\/arhiva\/?s={search_term_string}\"},\"query-input\":{\"@type\":\"PropertyValueSpecification\",\"valueRequired\":true,\"valueName\":\"search_term_string\"}}],\"inLanguage\":\"bs-BA\"},{\"@type\":[\"Person\",\"Organization\"],\"@id\":\"https:\/\/sandzakpress.net\/arhiva\/#\/schema\/person\/6e72b67d6e51910a1117b3b483ba20bd\",\"name\":\"Kul\",\"image\":{\"@type\":\"ImageObject\",\"inLanguage\":\"bs-BA\",\"@id\":\"https:\/\/sandzakpress.net\/arhiva\/#\/schema\/person\/image\/\",\"url\":\"https:\/\/secure.gravatar.com\/avatar\/42263f39aa27ac04c43cab85c280eb2e?s=96&d=mm&r=pg\",\"contentUrl\":\"https:\/\/secure.gravatar.com\/avatar\/42263f39aa27ac04c43cab85c280eb2e?s=96&d=mm&r=pg\",\"caption\":\"Kul\"},\"logo\":{\"@id\":\"https:\/\/sandzakpress.net\/arhiva\/#\/schema\/person\/image\/\"}},{\"@type\":\"Person\",\"@id\":\"https:\/\/sandzakpress.net\/arhiva\/#\/schema\/person\/c8baee722073534b583ea7bdb2e36c02\",\"name\":\"bosniak\",\"image\":{\"@type\":\"ImageObject\",\"inLanguage\":\"bs-BA\",\"@id\":\"https:\/\/sandzakpress.net\/arhiva\/#\/schema\/person\/image\/\",\"url\":\"https:\/\/secure.gravatar.com\/avatar\/a04fd330bfe3a36a72a0ad4a6d89fca7?s=96&d=mm&r=pg\",\"contentUrl\":\"https:\/\/secure.gravatar.com\/avatar\/a04fd330bfe3a36a72a0ad4a6d89fca7?s=96&d=mm&r=pg\",\"caption\":\"bosniak\"},\"url\":\"https:\/\/sandzakpress.net\/arhiva\/author\/bosniak\/\"}]}<\/script>\n<!-- \/ Yoast SEO Premium plugin. -->","yoast_head_json":{"title":"Ekspresna reakcija policije u Prijedoru: Marjanovi\u0107 uhap\u0161en nakon \u0161to je natjerao Hod\u017ei\u0107a da skine grb BiH s prikolice","robots":{"index":"index","follow":"follow","max-snippet":"max-snippet:-1","max-image-preview":"max-image-preview:large","max-video-preview":"max-video-preview:-1"},"canonical":"https:\/\/sandzakpress.net\/arhiva\/ekspresna-reakcija-policije-u-prijedoru-marjanovic-uhapsen-nakon-sto-je-natjerao-hodzica-da-skine-grb-bih-s-prikolice\/","og_locale":"bs_BA","og_type":"article","og_title":"Ekspresna reakcija policije u Prijedoru: Marjanovi\u0107 uhap\u0161en nakon \u0161to je natjerao Hod\u017ei\u0107a da skine grb BiH s prikolice","og_description":"Nasilnik iz Prijedora Renato Marjanovi\u0107 uhap\u0161en je zbog izazivanja i podsticanja nasilja i mr\u017enje, kao i nano\u0161enja tjelesnih povreda Azrinu Hod\u017ei\u0107u. Kako smo ranije objavili, Kozar\u010danin Azrin Hod\u017ei\u0107 je pro\u017eivio pravu no\u0107nu moru nakon susreta s nasilnikom Marjanovi\u0107em iz Prijedora, koji je od njega, ni\u010dim izazvan, u jednom trenutku zatra\u017eio da s autoprikolice skine zvani\u010dan [&hellip;]","og_url":"https:\/\/sandzakpress.net\/arhiva\/ekspresna-reakcija-policije-u-prijedoru-marjanovic-uhapsen-nakon-sto-je-natjerao-hodzica-da-skine-grb-bih-s-prikolice\/","og_site_name":"Sand\u017eak PRESS","article_published_time":"2019-03-12T17:48:36+00:00","og_image":[{"width":753,"height":424,"url":"https:\/\/sandzakpress.net\/arhiva\/wp-content\/uploads\/2019\/03\/873x400-2.jpg","type":"image\/jpeg"}],"author":"bosniak","twitter_card":"summary_large_image","twitter_misc":{"Written by":"bosniak","Est. reading time":"1 minuta"},"schema":{"@context":"https:\/\/schema.org","@graph":[{"@type":"Article","@id":"https:\/\/sandzakpress.net\/arhiva\/ekspresna-reakcija-policije-u-prijedoru-marjanovic-uhapsen-nakon-sto-je-natjerao-hodzica-da-skine-grb-bih-s-prikolice\/#article","isPartOf":{"@id":"https:\/\/sandzakpress.net\/arhiva\/ekspresna-reakcija-policije-u-prijedoru-marjanovic-uhapsen-nakon-sto-je-natjerao-hodzica-da-skine-grb-bih-s-prikolice\/"},"author":{"name":"bosniak","@id":"https:\/\/sandzakpress.net\/arhiva\/#\/schema\/person\/c8baee722073534b583ea7bdb2e36c02"},"headline":"Ekspresna reakcija policije u Prijedoru: Marjanovi\u0107 uhap\u0161en nakon \u0161to je natjerao Hod\u017ei\u0107a da skine grb BiH s prikolice","datePublished":"2019-03-12T17:48:36+00:00","mainEntityOfPage":{"@id":"https:\/\/sandzakpress.net\/arhiva\/ekspresna-reakcija-policije-u-prijedoru-marjanovic-uhapsen-nakon-sto-je-natjerao-hodzica-da-skine-grb-bih-s-prikolice\/"},"wordCount":289,"commentCount":0,"publisher":{"@id":"https:\/\/sandzakpress.net\/arhiva\/#\/schema\/person\/6e72b67d6e51910a1117b3b483ba20bd"},"image":{"@id":"https:\/\/sandzakpress.net\/arhiva\/ekspresna-reakcija-policije-u-prijedoru-marjanovic-uhapsen-nakon-sto-je-natjerao-hodzica-da-skine-grb-bih-s-prikolice\/#primaryimage"},"thumbnailUrl":"https:\/\/sandzakpress.net\/arhiva\/wp-content\/uploads\/2019\/03\/873x400-2.jpg","keywords":["Bosna i Hercegovina"],"articleSection":["Bosna PRESS"],"inLanguage":"bs-BA","potentialAction":[{"@type":"CommentAction","name":"Comment","target":["https:\/\/sandzakpress.net\/arhiva\/ekspresna-reakcija-policije-u-prijedoru-marjanovic-uhapsen-nakon-sto-je-natjerao-hodzica-da-skine-grb-bih-s-prikolice\/#respond"]}]},{"@type":"WebPage","@id":"https:\/\/sandzakpress.net\/arhiva\/ekspresna-reakcija-policije-u-prijedoru-marjanovic-uhapsen-nakon-sto-je-natjerao-hodzica-da-skine-grb-bih-s-prikolice\/","url":"https:\/\/sandzakpress.net\/arhiva\/ekspresna-reakcija-policije-u-prijedoru-marjanovic-uhapsen-nakon-sto-je-natjerao-hodzica-da-skine-grb-bih-s-prikolice\/","name":"Ekspresna reakcija policije u Prijedoru: Marjanovi\u0107 uhap\u0161en nakon \u0161to je natjerao Hod\u017ei\u0107a da skine grb BiH s prikolice","isPartOf":{"@id":"https:\/\/sandzakpress.net\/arhiva\/#website"},"primaryImageOfPage":{"@id":"https:\/\/sandzakpress.net\/arhiva\/ekspresna-reakcija-policije-u-prijedoru-marjanovic-uhapsen-nakon-sto-je-natjerao-hodzica-da-skine-grb-bih-s-prikolice\/#primaryimage"},"image":{"@id":"https:\/\/sandzakpress.net\/arhiva\/ekspresna-reakcija-policije-u-prijedoru-marjanovic-uhapsen-nakon-sto-je-natjerao-hodzica-da-skine-grb-bih-s-prikolice\/#primaryimage"},"thumbnailUrl":"https:\/\/sandzakpress.net\/arhiva\/wp-content\/uploads\/2019\/03\/873x400-2.jpg","datePublished":"2019-03-12T17:48:36+00:00","breadcrumb":{"@id":"https:\/\/sandzakpress.net\/arhiva\/ekspresna-reakcija-policije-u-prijedoru-marjanovic-uhapsen-nakon-sto-je-natjerao-hodzica-da-skine-grb-bih-s-prikolice\/#breadcrumb"},"inLanguage":"bs-BA","potentialAction":[{"@type":"ReadAction","target":["https:\/\/sandzakpress.net\/arhiva\/ekspresna-reakcija-policije-u-prijedoru-marjanovic-uhapsen-nakon-sto-je-natjerao-hodzica-da-skine-grb-bih-s-prikolice\/"]}]},{"@type":"ImageObject","inLanguage":"bs-BA","@id":"https:\/\/sandzakpress.net\/arhiva\/ekspresna-reakcija-policije-u-prijedoru-marjanovic-uhapsen-nakon-sto-je-natjerao-hodzica-da-skine-grb-bih-s-prikolice\/#primaryimage","url":"https:\/\/sandzakpress.net\/arhiva\/wp-content\/uploads\/2019\/03\/873x400-2.jpg","contentUrl":"https:\/\/sandzakpress.net\/arhiva\/wp-content\/uploads\/2019\/03\/873x400-2.jpg","width":753,"height":424},{"@type":"BreadcrumbList","@id":"https:\/\/sandzakpress.net\/arhiva\/ekspresna-reakcija-policije-u-prijedoru-marjanovic-uhapsen-nakon-sto-je-natjerao-hodzica-da-skine-grb-bih-s-prikolice\/#breadcrumb","itemListElement":[{"@type":"ListItem","position":1,"name":"Home","item":"https:\/\/sandzakpress.net\/arhiva\/"},{"@type":"ListItem","position":2,"name":"Ekspresna reakcija policije u Prijedoru: Marjanovi\u0107 uhap\u0161en nakon \u0161to je natjerao Hod\u017ei\u0107a da skine grb BiH s prikolice"}]},{"@type":"WebSite","@id":"https:\/\/sandzakpress.net\/arhiva\/#website","url":"https:\/\/sandzakpress.net\/arhiva\/","name":"Sand\u017eak PRESS","description":"Prve elektronske novine u Sand\u017eaku","publisher":{"@id":"https:\/\/sandzakpress.net\/arhiva\/#\/schema\/person\/6e72b67d6e51910a1117b3b483ba20bd"},"potentialAction":[{"@type":"SearchAction","target":{"@type":"EntryPoint","urlTemplate":"https:\/\/sandzakpress.net\/arhiva\/?s={search_term_string}"},"query-input":{"@type":"PropertyValueSpecification","valueRequired":true,"valueName":"search_term_string"}}],"inLanguage":"bs-BA"},{"@type":["Person","Organization"],"@id":"https:\/\/sandzakpress.net\/arhiva\/#\/schema\/person\/6e72b67d6e51910a1117b3b483ba20bd","name":"Kul","image":{"@type":"ImageObject","inLanguage":"bs-BA","@id":"https:\/\/sandzakpress.net\/arhiva\/#\/schema\/person\/image\/","url":"https:\/\/secure.gravatar.com\/avatar\/42263f39aa27ac04c43cab85c280eb2e?s=96&d=mm&r=pg","contentUrl":"https:\/\/secure.gravatar.com\/avatar\/42263f39aa27ac04c43cab85c280eb2e?s=96&d=mm&r=pg","caption":"Kul"},"logo":{"@id":"https:\/\/sandzakpress.net\/arhiva\/#\/schema\/person\/image\/"}},{"@type":"Person","@id":"https:\/\/sandzakpress.net\/arhiva\/#\/schema\/person\/c8baee722073534b583ea7bdb2e36c02","name":"bosniak","image":{"@type":"ImageObject","inLanguage":"bs-BA","@id":"https:\/\/sandzakpress.net\/arhiva\/#\/schema\/person\/image\/","url":"https:\/\/secure.gravatar.com\/avatar\/a04fd330bfe3a36a72a0ad4a6d89fca7?s=96&d=mm&r=pg","contentUrl":"https:\/\/secure.gravatar.com\/avatar\/a04fd330bfe3a36a72a0ad4a6d89fca7?s=96&d=mm&r=pg","caption":"bosniak"},"url":"https:\/\/sandzakpress.net\/arhiva\/author\/bosniak\/"}]}},"_links":{"self":[{"href":"https:\/\/sandzakpress.net\/arhiva\/wp-json\/wp\/v2\/posts\/219222"}],"collection":[{"href":"https:\/\/sandzakpress.net\/arhiva\/wp-json\/wp\/v2\/posts"}],"about":[{"href":"https:\/\/sandzakpress.net\/arhiva\/wp-json\/wp\/v2\/types\/post"}],"author":[{"embeddable":true,"href":"https:\/\/sandzakpress.net\/arhiva\/wp-json\/wp\/v2\/users\/83"}],"replies":[{"embeddable":true,"href":"https:\/\/sandzakpress.net\/arhiva\/wp-json\/wp\/v2\/comments?post=219222"}],"version-history":[{"count":0,"href":"https:\/\/sandzakpress.net\/arhiva\/wp-json\/wp\/v2\/posts\/219222\/revisions"}],"wp:featuredmedia":[{"embeddable":true,"href":"https:\/\/sandzakpress.net\/arhiva\/wp-json\/wp\/v2\/media\/219224"}],"wp:attachment":[{"href":"https:\/\/sandzakpress.net\/arhiva\/wp-json\/wp\/v2\/media?parent=219222"}],"wp:term":[{"taxonomy":"category","embeddable":true,"href":"https:\/\/sandzakpress.net\/arhiva\/wp-json\/wp\/v2\/categories?post=219222"},{"taxonomy":"post_tag","embeddable":true,"href":"https:\/\/sandzakpress.net\/arhiva\/wp-json\/wp\/v2\/tags?post=219222"}],"curies":[{"name":"wp","href":"https:\/\/api.w.org\/{rel}","templated":true}]}}