{"id":219202,"date":"2019-03-12T19:10:35","date_gmt":"2019-03-12T18:10:35","guid":{"rendered":"https:\/\/sandzakpress.net\/arhiva\/?p=219202"},"modified":"2019-03-12T19:10:35","modified_gmt":"2019-03-12T18:10:35","slug":"kalicu-drzava-mora-da-plati-jos-16-miliona-eura","status":"publish","type":"post","link":"https:\/\/sandzakpress.net\/arhiva\/kalicu-drzava-mora-da-plati-jos-16-miliona-eura\/","title":{"rendered":"Kali\u0107u dr\u017eava mora da plati jo\u0161 1,6 miliona eura"},"content":{"rendered":"<p><img decoding=\"async\" src=\"https:\/\/i2.wp.com\/sjevercg.me\/wp-content\/uploads\/2019\/03\/safet-kalic-1000x555-1.jpg?resize=640%2C355&amp;ssl=1\" \/><\/p>\n<p><strong>Porodica Ro\u017eajca Safeta Kali\u0107a dobi\u0107e ne\u0161to vi\u0161e od milion i po eura za \u0161tetu koja je nastala u dvije njihove firme tokom vo\u0111enja krivi\u010dnog postupka u kojem su bili optu\u017eeni za pranje novca. Prvostepene presude donio je Osnovni sud u Ro\u017eajama, saznaje Dan.<\/strong><\/p>\n<p>Prema saznanjima tog lista, sud je odlu\u010dio da se Kali\u0107u isplati 1.154.470,13 eura na ime naknade materijalne \u0161tete za preduze\u0107e \u201eKristal\u201d. Ta firma na\u0161la se me\u0111u imovinom koja je Safetu Kali\u0107u, njegovoj supruzi Amini i bratu Mersudinu bila oduzeta dok su bili optu\u017eeni za pranje para. Kako preduze\u0107e nije radilo u tom periodu, odnosno od 4. avgusta 2011. do 31. oktobra 2016. godine, sud je zaklju\u010dio da im pripada od\u0161teta u iznosu od vi\u0161e od milion eura.<\/p>\n<p>Osim toga, dr\u017eava \u0107e u ovom predmetu platiti i tro\u0161kove zakonske kamate u iznosu od 7.875,54 eura. U ovom postupku ro\u017eajski sud je djelimi\u010dno usvojio tu\u017ebeni zahtjev, budu\u0107i da je Kali\u0107 po ovom osnovu tra\u017eio da mu se isplati ukupno 1.509.400,56 eura.<\/p>\n<p>Sud je ju\u010de donio i presudu da se u drugom predmetu Kali\u0107u isplati jo\u0161 462.899,80 eura. Tu\u017ebom u ovom postupku Kali\u0107 je tra\u017eio naknadu od 704.671,91 euro za izmaklu korist za firmu\u201eTajson\u201d.<\/p>\n<p>Osnovni sud u Ro\u017eajama je pro\u0161le nedjelje djelimi\u010dno usvojio i tu\u017ebeni zahtjev Kali\u0107evog preduze\u0107a \u201eTajson\u201d, gdje je potra\u017eivao da mu se po osnovu materijalne \u0161tete, odnosno stvarne \u0161tete nastale na objektu \u201eTajson\u201d i opremi u tom kafe-baru dok je bio u vlasni\u0161tvu dr\u017eave, isplati ukupno 199.917,45 eura. Sud je djelimi\u010dno usvojio njegov zahtjev i odlu\u010dio da mu se isplati ukupno 6.819,44 eura.<\/p>\n<p>Kali\u0107i su ro\u017eajskom sudu prvo podnijeli osam tu\u017ebi, a zatim jo\u0161 dvije tu\u017ebe radi naknade materijalne \u0161tete na njihovoj imovini. U prvom okon\u010danom postupku dosu\u0111eno im je 434.877 eura.<\/p>\n<p>Prema podacima iz suda, rasprave su zavr\u0161ene u \u010detiri predmeta. O\u010dekuje se odluka o tu\u017ebi kojom Kali\u0107i po osnovu naknade \u0161tete za firmu \u201eTurjak\u201d od dr\u017eave tra\u017ee 800.000 eura. Najve\u0107u naknadu \u0161tete, u iznosu od 1.925.178 eura, Kali\u0107i tra\u017ee na ime stvarne \u0161tete koja je nastala u firmi \u201eM petrol\u201d.<\/p>\n<p>U preostala tri predmeta rasprava je u toku. Glavna rasprava nije zavr\u0161ena u parni\u010dnom postupku u kojem za hotel \u201eRo\u017eaje\u201d od dr\u017eave tra\u017ee milion eura, kao ni u predmetu formiranom po tu\u017ebi kojom za preduze\u0107e \u201eTurjak\u201d tra\u017ee 743.916 eura.<\/p>\n<p>Kali\u0107 je nedavno podnio jo\u0161 dva tu\u017ebena zahtjeva protiv dr\u017eave Crne Gore. Radi se o tu\u017ebi tu\u017eioca AD \u201eKristal\u201d i preduze\u0107a \u201eDaut i Daut\u201d radi nadoknade izgubljene materijalne dobiti.<\/p>\n<p>Osim predmeta u Osnovnom suduu Ro\u017eajama, Kali\u0107i protiv dr\u017eave vode postupke i pred osnovnim sudovima u Podgorici, Kotoru i Ulcinju. I u tim predmetima tra\u017ee vi\u0161emilionske naknade, uglavnom zbog \u0161tete koja je nastala u njihovim objektima i firmama, pa i na vozilu \u201ehamer\u201d, dok je dr\u017eava raspolagala njihovom tada zaplijenjenom imovinom.<\/p>\n<p>Kali\u0107i su pravosna\u017eno oslobo\u0111eni optu\u017ebe da su se od 2005. do juna 2011. godine udru\u017eili da putem bankarskog i finansijskog poslovanja prikriju na\u010din sticanja novca za koji su znali da je pribavljen krivi\u010dnim djelom neovla\u0161\u0107ena proizvodnja, dr\u017eanje i stavljanje u promet opojnih droga, koje je izvr\u0161ila kriminalna organizacija \u010diji je jedan od organizatora bio Mersudin Kali\u0107. Bili su optu\u017eeni za pranje 7.773.127,06 eura.<\/p>\n<p>Safet Kali\u0107 je Crnu Goru napustio krajem jula 2011. godine, kada su po nalogu tu\u017eila\u0161tva, zbog sumnji da su prali novac, uhap\u0161eni njegovi supruga i brat. On je u njema\u010dkom gradu Ahenu osu\u0111en na \u010detiri godine zatvora zbog sau\u010desni\u0161tva u proizvodnji i stavljanju u promet narkotika. Kali\u0107 je u pritvoru proveo preko tri godine, nakon \u010dega mu je odobren uslovni otpust. Po isteku kazne u Njema\u010dkoj, vratio se u Crnu Goru.<\/p>\n<p>izvor: Dan<\/p>\n","protected":false},"excerpt":{"rendered":"<p>Porodica Ro\u017eajca Safeta Kali\u0107a dobi\u0107e ne\u0161to vi\u0161e od milion i po eura za \u0161tetu koja je nastala u dvije njihove firme tokom vo\u0111enja krivi\u010dnog postupka u kojem su bili optu\u017eeni za pranje novca. Prvostepene presude donio je Osnovni sud u Ro\u017eajama, saznaje Dan. Prema saznanjima tog lista, sud je odlu\u010dio da se Kali\u0107u isplati 1.154.470,13 [&hellip;]<\/p>\n","protected":false},"author":509,"featured_media":219204,"comment_status":"open","ping_status":"open","sticky":false,"template":"","format":"standard","meta":{"footnotes":""},"categories":[398,801,798,10429],"tags":[],"class_list":{"0":"post-219202","1":"post","2":"type-post","3":"status-publish","4":"format-standard","5":"has-post-thumbnail","7":"category-rozaje","8":"category-crna_hronika","9":"category-teme","10":"category-vazno"},"yoast_head":"<!-- This site is optimized with the Yoast SEO Premium plugin v23.1 (Yoast SEO v24.9) - https:\/\/yoast.com\/wordpress\/plugins\/seo\/ -->\n<title>Kali\u0107u dr\u017eava mora da plati jo\u0161 1,6 miliona eura<\/title>\n<meta name=\"robots\" content=\"index, follow, max-snippet:-1, max-image-preview:large, max-video-preview:-1\" \/>\n<link rel=\"canonical\" href=\"https:\/\/sandzakpress.net\/arhiva\/kalicu-drzava-mora-da-plati-jos-16-miliona-eura\/\" \/>\n<meta property=\"og:locale\" content=\"bs_BA\" \/>\n<meta property=\"og:type\" content=\"article\" \/>\n<meta property=\"og:title\" content=\"Kali\u0107u dr\u017eava mora da plati jo\u0161 1,6 miliona eura\" \/>\n<meta property=\"og:description\" content=\"Porodica Ro\u017eajca Safeta Kali\u0107a dobi\u0107e ne\u0161to vi\u0161e od milion i po eura za \u0161tetu koja je nastala u dvije njihove firme tokom vo\u0111enja krivi\u010dnog postupka u kojem su bili optu\u017eeni za pranje novca. Prvostepene presude donio je Osnovni sud u Ro\u017eajama, saznaje Dan. Prema saznanjima tog lista, sud je odlu\u010dio da se Kali\u0107u isplati 1.154.470,13 [&hellip;]\" \/>\n<meta property=\"og:url\" content=\"https:\/\/sandzakpress.net\/arhiva\/kalicu-drzava-mora-da-plati-jos-16-miliona-eura\/\" \/>\n<meta property=\"og:site_name\" content=\"Sand\u017eak PRESS\" \/>\n<meta property=\"article:published_time\" content=\"2019-03-12T18:10:35+00:00\" \/>\n<meta property=\"og:image\" content=\"https:\/\/sandzakpress.net\/arhiva\/wp-content\/uploads\/2019\/03\/safet-kalic-1000x555-1.jpg\" \/>\n\t<meta property=\"og:image:width\" content=\"640\" \/>\n\t<meta property=\"og:image:height\" content=\"355\" \/>\n\t<meta property=\"og:image:type\" content=\"image\/jpeg\" \/>\n<meta name=\"author\" content=\"Agencija\" \/>\n<meta name=\"twitter:card\" content=\"summary_large_image\" \/>\n<meta name=\"twitter:label1\" content=\"Written by\" \/>\n\t<meta name=\"twitter:data1\" content=\"Agencija\" \/>\n\t<meta name=\"twitter:label2\" content=\"Est. reading time\" \/>\n\t<meta name=\"twitter:data2\" content=\"3 minute\" \/>\n<script type=\"application\/ld+json\" class=\"yoast-schema-graph\">{\"@context\":\"https:\/\/schema.org\",\"@graph\":[{\"@type\":\"Article\",\"@id\":\"https:\/\/sandzakpress.net\/arhiva\/kalicu-drzava-mora-da-plati-jos-16-miliona-eura\/#article\",\"isPartOf\":{\"@id\":\"https:\/\/sandzakpress.net\/arhiva\/kalicu-drzava-mora-da-plati-jos-16-miliona-eura\/\"},\"author\":{\"name\":\"Agencija\",\"@id\":\"https:\/\/sandzakpress.net\/arhiva\/#\/schema\/person\/cb59d7e3ab91ab90dd680ad0305a6185\"},\"headline\":\"Kali\u0107u dr\u017eava mora da plati jo\u0161 1,6 miliona eura\",\"datePublished\":\"2019-03-12T18:10:35+00:00\",\"mainEntityOfPage\":{\"@id\":\"https:\/\/sandzakpress.net\/arhiva\/kalicu-drzava-mora-da-plati-jos-16-miliona-eura\/\"},\"wordCount\":677,\"commentCount\":0,\"publisher\":{\"@id\":\"https:\/\/sandzakpress.net\/arhiva\/#\/schema\/person\/6e72b67d6e51910a1117b3b483ba20bd\"},\"image\":{\"@id\":\"https:\/\/sandzakpress.net\/arhiva\/kalicu-drzava-mora-da-plati-jos-16-miliona-eura\/#primaryimage\"},\"thumbnailUrl\":\"https:\/\/sandzakpress.net\/arhiva\/wp-content\/uploads\/2019\/03\/safet-kalic-1000x555-1.jpg\",\"articleSection\":[\"Ro\u017eaje\",\"Hronika\",\"NAJNOVIJE\",\"VA\u017dNO!\"],\"inLanguage\":\"bs-BA\",\"potentialAction\":[{\"@type\":\"CommentAction\",\"name\":\"Comment\",\"target\":[\"https:\/\/sandzakpress.net\/arhiva\/kalicu-drzava-mora-da-plati-jos-16-miliona-eura\/#respond\"]}]},{\"@type\":\"WebPage\",\"@id\":\"https:\/\/sandzakpress.net\/arhiva\/kalicu-drzava-mora-da-plati-jos-16-miliona-eura\/\",\"url\":\"https:\/\/sandzakpress.net\/arhiva\/kalicu-drzava-mora-da-plati-jos-16-miliona-eura\/\",\"name\":\"Kali\u0107u dr\u017eava mora da plati jo\u0161 1,6 miliona eura\",\"isPartOf\":{\"@id\":\"https:\/\/sandzakpress.net\/arhiva\/#website\"},\"primaryImageOfPage\":{\"@id\":\"https:\/\/sandzakpress.net\/arhiva\/kalicu-drzava-mora-da-plati-jos-16-miliona-eura\/#primaryimage\"},\"image\":{\"@id\":\"https:\/\/sandzakpress.net\/arhiva\/kalicu-drzava-mora-da-plati-jos-16-miliona-eura\/#primaryimage\"},\"thumbnailUrl\":\"https:\/\/sandzakpress.net\/arhiva\/wp-content\/uploads\/2019\/03\/safet-kalic-1000x555-1.jpg\",\"datePublished\":\"2019-03-12T18:10:35+00:00\",\"breadcrumb\":{\"@id\":\"https:\/\/sandzakpress.net\/arhiva\/kalicu-drzava-mora-da-plati-jos-16-miliona-eura\/#breadcrumb\"},\"inLanguage\":\"bs-BA\",\"potentialAction\":[{\"@type\":\"ReadAction\",\"target\":[\"https:\/\/sandzakpress.net\/arhiva\/kalicu-drzava-mora-da-plati-jos-16-miliona-eura\/\"]}]},{\"@type\":\"ImageObject\",\"inLanguage\":\"bs-BA\",\"@id\":\"https:\/\/sandzakpress.net\/arhiva\/kalicu-drzava-mora-da-plati-jos-16-miliona-eura\/#primaryimage\",\"url\":\"https:\/\/sandzakpress.net\/arhiva\/wp-content\/uploads\/2019\/03\/safet-kalic-1000x555-1.jpg\",\"contentUrl\":\"https:\/\/sandzakpress.net\/arhiva\/wp-content\/uploads\/2019\/03\/safet-kalic-1000x555-1.jpg\",\"width\":640,\"height\":355},{\"@type\":\"BreadcrumbList\",\"@id\":\"https:\/\/sandzakpress.net\/arhiva\/kalicu-drzava-mora-da-plati-jos-16-miliona-eura\/#breadcrumb\",\"itemListElement\":[{\"@type\":\"ListItem\",\"position\":1,\"name\":\"Home\",\"item\":\"https:\/\/sandzakpress.net\/arhiva\/\"},{\"@type\":\"ListItem\",\"position\":2,\"name\":\"Kali\u0107u dr\u017eava mora da plati jo\u0161 1,6 miliona eura\"}]},{\"@type\":\"WebSite\",\"@id\":\"https:\/\/sandzakpress.net\/arhiva\/#website\",\"url\":\"https:\/\/sandzakpress.net\/arhiva\/\",\"name\":\"Sand\u017eak PRESS\",\"description\":\"Prve elektronske novine u Sand\u017eaku\",\"publisher\":{\"@id\":\"https:\/\/sandzakpress.net\/arhiva\/#\/schema\/person\/6e72b67d6e51910a1117b3b483ba20bd\"},\"potentialAction\":[{\"@type\":\"SearchAction\",\"target\":{\"@type\":\"EntryPoint\",\"urlTemplate\":\"https:\/\/sandzakpress.net\/arhiva\/?s={search_term_string}\"},\"query-input\":{\"@type\":\"PropertyValueSpecification\",\"valueRequired\":true,\"valueName\":\"search_term_string\"}}],\"inLanguage\":\"bs-BA\"},{\"@type\":[\"Person\",\"Organization\"],\"@id\":\"https:\/\/sandzakpress.net\/arhiva\/#\/schema\/person\/6e72b67d6e51910a1117b3b483ba20bd\",\"name\":\"Kul\",\"image\":{\"@type\":\"ImageObject\",\"inLanguage\":\"bs-BA\",\"@id\":\"https:\/\/sandzakpress.net\/arhiva\/#\/schema\/person\/image\/\",\"url\":\"https:\/\/secure.gravatar.com\/avatar\/42263f39aa27ac04c43cab85c280eb2e?s=96&d=mm&r=pg\",\"contentUrl\":\"https:\/\/secure.gravatar.com\/avatar\/42263f39aa27ac04c43cab85c280eb2e?s=96&d=mm&r=pg\",\"caption\":\"Kul\"},\"logo\":{\"@id\":\"https:\/\/sandzakpress.net\/arhiva\/#\/schema\/person\/image\/\"}},{\"@type\":\"Person\",\"@id\":\"https:\/\/sandzakpress.net\/arhiva\/#\/schema\/person\/cb59d7e3ab91ab90dd680ad0305a6185\",\"name\":\"Agencija\",\"image\":{\"@type\":\"ImageObject\",\"inLanguage\":\"bs-BA\",\"@id\":\"https:\/\/sandzakpress.net\/arhiva\/#\/schema\/person\/image\/\",\"url\":\"https:\/\/secure.gravatar.com\/avatar\/4b7fafa80a22f0c2afe23966b3961fe0?s=96&d=mm&r=pg\",\"contentUrl\":\"https:\/\/secure.gravatar.com\/avatar\/4b7fafa80a22f0c2afe23966b3961fe0?s=96&d=mm&r=pg\",\"caption\":\"Agencija\"},\"url\":\"https:\/\/sandzakpress.net\/arhiva\/author\/agencija\/\"}]}<\/script>\n<!-- \/ Yoast SEO Premium plugin. -->","yoast_head_json":{"title":"Kali\u0107u dr\u017eava mora da plati jo\u0161 1,6 miliona eura","robots":{"index":"index","follow":"follow","max-snippet":"max-snippet:-1","max-image-preview":"max-image-preview:large","max-video-preview":"max-video-preview:-1"},"canonical":"https:\/\/sandzakpress.net\/arhiva\/kalicu-drzava-mora-da-plati-jos-16-miliona-eura\/","og_locale":"bs_BA","og_type":"article","og_title":"Kali\u0107u dr\u017eava mora da plati jo\u0161 1,6 miliona eura","og_description":"Porodica Ro\u017eajca Safeta Kali\u0107a dobi\u0107e ne\u0161to vi\u0161e od milion i po eura za \u0161tetu koja je nastala u dvije njihove firme tokom vo\u0111enja krivi\u010dnog postupka u kojem su bili optu\u017eeni za pranje novca. Prvostepene presude donio je Osnovni sud u Ro\u017eajama, saznaje Dan. Prema saznanjima tog lista, sud je odlu\u010dio da se Kali\u0107u isplati 1.154.470,13 [&hellip;]","og_url":"https:\/\/sandzakpress.net\/arhiva\/kalicu-drzava-mora-da-plati-jos-16-miliona-eura\/","og_site_name":"Sand\u017eak PRESS","article_published_time":"2019-03-12T18:10:35+00:00","og_image":[{"width":640,"height":355,"url":"https:\/\/sandzakpress.net\/arhiva\/wp-content\/uploads\/2019\/03\/safet-kalic-1000x555-1.jpg","type":"image\/jpeg"}],"author":"Agencija","twitter_card":"summary_large_image","twitter_misc":{"Written by":"Agencija","Est. reading time":"3 minute"},"schema":{"@context":"https:\/\/schema.org","@graph":[{"@type":"Article","@id":"https:\/\/sandzakpress.net\/arhiva\/kalicu-drzava-mora-da-plati-jos-16-miliona-eura\/#article","isPartOf":{"@id":"https:\/\/sandzakpress.net\/arhiva\/kalicu-drzava-mora-da-plati-jos-16-miliona-eura\/"},"author":{"name":"Agencija","@id":"https:\/\/sandzakpress.net\/arhiva\/#\/schema\/person\/cb59d7e3ab91ab90dd680ad0305a6185"},"headline":"Kali\u0107u dr\u017eava mora da plati jo\u0161 1,6 miliona eura","datePublished":"2019-03-12T18:10:35+00:00","mainEntityOfPage":{"@id":"https:\/\/sandzakpress.net\/arhiva\/kalicu-drzava-mora-da-plati-jos-16-miliona-eura\/"},"wordCount":677,"commentCount":0,"publisher":{"@id":"https:\/\/sandzakpress.net\/arhiva\/#\/schema\/person\/6e72b67d6e51910a1117b3b483ba20bd"},"image":{"@id":"https:\/\/sandzakpress.net\/arhiva\/kalicu-drzava-mora-da-plati-jos-16-miliona-eura\/#primaryimage"},"thumbnailUrl":"https:\/\/sandzakpress.net\/arhiva\/wp-content\/uploads\/2019\/03\/safet-kalic-1000x555-1.jpg","articleSection":["Ro\u017eaje","Hronika","NAJNOVIJE","VA\u017dNO!"],"inLanguage":"bs-BA","potentialAction":[{"@type":"CommentAction","name":"Comment","target":["https:\/\/sandzakpress.net\/arhiva\/kalicu-drzava-mora-da-plati-jos-16-miliona-eura\/#respond"]}]},{"@type":"WebPage","@id":"https:\/\/sandzakpress.net\/arhiva\/kalicu-drzava-mora-da-plati-jos-16-miliona-eura\/","url":"https:\/\/sandzakpress.net\/arhiva\/kalicu-drzava-mora-da-plati-jos-16-miliona-eura\/","name":"Kali\u0107u dr\u017eava mora da plati jo\u0161 1,6 miliona eura","isPartOf":{"@id":"https:\/\/sandzakpress.net\/arhiva\/#website"},"primaryImageOfPage":{"@id":"https:\/\/sandzakpress.net\/arhiva\/kalicu-drzava-mora-da-plati-jos-16-miliona-eura\/#primaryimage"},"image":{"@id":"https:\/\/sandzakpress.net\/arhiva\/kalicu-drzava-mora-da-plati-jos-16-miliona-eura\/#primaryimage"},"thumbnailUrl":"https:\/\/sandzakpress.net\/arhiva\/wp-content\/uploads\/2019\/03\/safet-kalic-1000x555-1.jpg","datePublished":"2019-03-12T18:10:35+00:00","breadcrumb":{"@id":"https:\/\/sandzakpress.net\/arhiva\/kalicu-drzava-mora-da-plati-jos-16-miliona-eura\/#breadcrumb"},"inLanguage":"bs-BA","potentialAction":[{"@type":"ReadAction","target":["https:\/\/sandzakpress.net\/arhiva\/kalicu-drzava-mora-da-plati-jos-16-miliona-eura\/"]}]},{"@type":"ImageObject","inLanguage":"bs-BA","@id":"https:\/\/sandzakpress.net\/arhiva\/kalicu-drzava-mora-da-plati-jos-16-miliona-eura\/#primaryimage","url":"https:\/\/sandzakpress.net\/arhiva\/wp-content\/uploads\/2019\/03\/safet-kalic-1000x555-1.jpg","contentUrl":"https:\/\/sandzakpress.net\/arhiva\/wp-content\/uploads\/2019\/03\/safet-kalic-1000x555-1.jpg","width":640,"height":355},{"@type":"BreadcrumbList","@id":"https:\/\/sandzakpress.net\/arhiva\/kalicu-drzava-mora-da-plati-jos-16-miliona-eura\/#breadcrumb","itemListElement":[{"@type":"ListItem","position":1,"name":"Home","item":"https:\/\/sandzakpress.net\/arhiva\/"},{"@type":"ListItem","position":2,"name":"Kali\u0107u dr\u017eava mora da plati jo\u0161 1,6 miliona eura"}]},{"@type":"WebSite","@id":"https:\/\/sandzakpress.net\/arhiva\/#website","url":"https:\/\/sandzakpress.net\/arhiva\/","name":"Sand\u017eak PRESS","description":"Prve elektronske novine u Sand\u017eaku","publisher":{"@id":"https:\/\/sandzakpress.net\/arhiva\/#\/schema\/person\/6e72b67d6e51910a1117b3b483ba20bd"},"potentialAction":[{"@type":"SearchAction","target":{"@type":"EntryPoint","urlTemplate":"https:\/\/sandzakpress.net\/arhiva\/?s={search_term_string}"},"query-input":{"@type":"PropertyValueSpecification","valueRequired":true,"valueName":"search_term_string"}}],"inLanguage":"bs-BA"},{"@type":["Person","Organization"],"@id":"https:\/\/sandzakpress.net\/arhiva\/#\/schema\/person\/6e72b67d6e51910a1117b3b483ba20bd","name":"Kul","image":{"@type":"ImageObject","inLanguage":"bs-BA","@id":"https:\/\/sandzakpress.net\/arhiva\/#\/schema\/person\/image\/","url":"https:\/\/secure.gravatar.com\/avatar\/42263f39aa27ac04c43cab85c280eb2e?s=96&d=mm&r=pg","contentUrl":"https:\/\/secure.gravatar.com\/avatar\/42263f39aa27ac04c43cab85c280eb2e?s=96&d=mm&r=pg","caption":"Kul"},"logo":{"@id":"https:\/\/sandzakpress.net\/arhiva\/#\/schema\/person\/image\/"}},{"@type":"Person","@id":"https:\/\/sandzakpress.net\/arhiva\/#\/schema\/person\/cb59d7e3ab91ab90dd680ad0305a6185","name":"Agencija","image":{"@type":"ImageObject","inLanguage":"bs-BA","@id":"https:\/\/sandzakpress.net\/arhiva\/#\/schema\/person\/image\/","url":"https:\/\/secure.gravatar.com\/avatar\/4b7fafa80a22f0c2afe23966b3961fe0?s=96&d=mm&r=pg","contentUrl":"https:\/\/secure.gravatar.com\/avatar\/4b7fafa80a22f0c2afe23966b3961fe0?s=96&d=mm&r=pg","caption":"Agencija"},"url":"https:\/\/sandzakpress.net\/arhiva\/author\/agencija\/"}]}},"_links":{"self":[{"href":"https:\/\/sandzakpress.net\/arhiva\/wp-json\/wp\/v2\/posts\/219202"}],"collection":[{"href":"https:\/\/sandzakpress.net\/arhiva\/wp-json\/wp\/v2\/posts"}],"about":[{"href":"https:\/\/sandzakpress.net\/arhiva\/wp-json\/wp\/v2\/types\/post"}],"author":[{"embeddable":true,"href":"https:\/\/sandzakpress.net\/arhiva\/wp-json\/wp\/v2\/users\/509"}],"replies":[{"embeddable":true,"href":"https:\/\/sandzakpress.net\/arhiva\/wp-json\/wp\/v2\/comments?post=219202"}],"version-history":[{"count":0,"href":"https:\/\/sandzakpress.net\/arhiva\/wp-json\/wp\/v2\/posts\/219202\/revisions"}],"wp:featuredmedia":[{"embeddable":true,"href":"https:\/\/sandzakpress.net\/arhiva\/wp-json\/wp\/v2\/media\/219204"}],"wp:attachment":[{"href":"https:\/\/sandzakpress.net\/arhiva\/wp-json\/wp\/v2\/media?parent=219202"}],"wp:term":[{"taxonomy":"category","embeddable":true,"href":"https:\/\/sandzakpress.net\/arhiva\/wp-json\/wp\/v2\/categories?post=219202"},{"taxonomy":"post_tag","embeddable":true,"href":"https:\/\/sandzakpress.net\/arhiva\/wp-json\/wp\/v2\/tags?post=219202"}],"curies":[{"name":"wp","href":"https:\/\/api.w.org\/{rel}","templated":true}]}}