{"id":21915,"date":"2011-10-19T17:42:04","date_gmt":"2011-10-19T15:42:04","guid":{"rendered":"https:\/\/sandzakpress.net\/arhiva\/?p=21915"},"modified":"2011-10-19T18:34:24","modified_gmt":"2011-10-19T16:34:24","slug":"davutoglu-odlozio-dolazak-u-srbiju","status":"publish","type":"post","link":"https:\/\/sandzakpress.net\/arhiva\/davutoglu-odlozio-dolazak-u-srbiju\/","title":{"rendered":"Davutoglu odlo\u017eio dolazak u Srbiju"},"content":{"rendered":"<div id=\"_mcePaste\"><strong><a href=\"https:\/\/sandzakpress.net\/arhiva\/wp-content\/uploads\/2011\/10\/v221204p0.jpg\"><img loading=\"lazy\" decoding=\"async\" class=\"alignleft size-medium wp-image-21923\" title=\"v221204p0\" src=\"https:\/\/sandzakpress.net\/arhiva\/wp-content\/uploads\/2011\/10\/v221204p0-300x194.jpg\" alt=\"\" width=\"300\" height=\"194\" \/><\/a>Sjeverni Sand\u017eak, Turska &#8211; Ministar spoljnih poslova Turske Ahmet Davutoglu odlo\u017eio je za danas planiranu posetu Srbiji zbog oru\u017eanih sukoba izme\u0111u turske armije i kurdskih pobunjenika koji su pro\u0161le no\u0107i ubili 24 vojnika.<\/strong><\/div>\n<div><strong><br \/>\n<\/strong><\/div>\n<div id=\"_mcePaste\">I premijer Turske Tajip Erdogan odlo\u017eio je posjetu Kazahstanu zbog najnovijih sukoba na jugoistoku zemlje, gdje se kurdski pobunjenici bore za autonomiju svog naroda.<\/div>\n<div id=\"_mcePaste\">Prema nezvani\u010dnim informacijama, Davutoglu je trebalo da do\u0111e u posjetu Srbiji kako bi ispitao mogu\u0107nosti za realizaciju turske inicijative o pomirenju dvije islamske zajednice.<\/div>\n<div id=\"_mcePaste\">Najmanje 24 turska vojnika su poginula, a vi\u0161e ih je ranjeno u napadima kurdskih pobunjenika koji su kasno sino\u0107 izvr\u0161eni gotovo simultano na vojne punktove na ira\u010dkoj granici, saop\u0161tile su lokalne vlasti.<\/div>\n<div id=\"_mcePaste\">Napadi vi\u0161e naoru\u017eanih grupa Radni\u010dke partije Kurdistana dogodili su se u mjestima \u010cukur\u010da i Juksekova u provinciji Hakari.<\/div>\n<div id=\"_mcePaste\">Televizijske stanice objavile su da je vojska tokom no\u0107i pokrenula kopnenu i vazdu\u0161nu akciju kako bi prona\u0161la napada\u010de.<\/div>\n<p>Izvor: <strong>Sandzak-x.net<\/strong><\/p>\n","protected":false},"excerpt":{"rendered":"<p>Sjeverni Sand\u017eak, Turska &#8211; Ministar spoljnih poslova Turske Ahmet Davutoglu odlo\u017eio je za danas planiranu posetu Srbiji zbog oru\u017eanih sukoba izme\u0111u turske armije i kurdskih pobunjenika koji su pro\u0161le no\u0107i ubili 24 vojnika. I premijer Turske Tajip Erdogan odlo\u017eio je posjetu Kazahstanu zbog najnovijih sukoba na jugoistoku zemlje, gdje se kurdski pobunjenici bore za autonomiju [&hellip;]<\/p>\n","protected":false},"author":14,"featured_media":21923,"comment_status":"open","ping_status":"open","sticky":false,"template":"","format":"standard","meta":{"footnotes":""},"categories":[72,52,1,327,392,393,394,2692],"tags":[],"class_list":{"0":"post-21915","1":"post","2":"type-post","3":"status-publish","4":"format-standard","5":"has-post-thumbnail","7":"category-novi-pazar","8":"category-sjenica","9":"category-politika","10":"category-tutin","11":"category-prijepolje_","12":"category-priboj","13":"category-nova-varos","14":"category-turska-gradovi"},"yoast_head":"<!-- This site is optimized with the Yoast SEO Premium plugin v23.1 (Yoast SEO v24.9) - https:\/\/yoast.com\/wordpress\/plugins\/seo\/ -->\n<title>Davutoglu odlo\u017eio dolazak u Srbiju<\/title>\n<meta name=\"robots\" content=\"index, follow, max-snippet:-1, max-image-preview:large, max-video-preview:-1\" \/>\n<link rel=\"canonical\" href=\"https:\/\/sandzakpress.net\/arhiva\/davutoglu-odlozio-dolazak-u-srbiju\/\" \/>\n<meta property=\"og:locale\" content=\"bs_BA\" \/>\n<meta property=\"og:type\" content=\"article\" \/>\n<meta property=\"og:title\" content=\"Davutoglu odlo\u017eio dolazak u Srbiju\" \/>\n<meta property=\"og:description\" content=\"Sjeverni Sand\u017eak, Turska &#8211; Ministar spoljnih poslova Turske Ahmet Davutoglu odlo\u017eio je za danas planiranu posetu Srbiji zbog oru\u017eanih sukoba izme\u0111u turske armije i kurdskih pobunjenika koji su pro\u0161le no\u0107i ubili 24 vojnika. I premijer Turske Tajip Erdogan odlo\u017eio je posjetu Kazahstanu zbog najnovijih sukoba na jugoistoku zemlje, gdje se kurdski pobunjenici bore za autonomiju [&hellip;]\" \/>\n<meta property=\"og:url\" content=\"https:\/\/sandzakpress.net\/arhiva\/davutoglu-odlozio-dolazak-u-srbiju\/\" \/>\n<meta property=\"og:site_name\" content=\"Sand\u017eak PRESS\" \/>\n<meta property=\"article:published_time\" content=\"2011-10-19T15:42:04+00:00\" \/>\n<meta property=\"article:modified_time\" content=\"2011-10-19T16:34:24+00:00\" \/>\n<meta property=\"og:image\" content=\"https:\/\/sandzakpress.net\/arhiva\/wp-content\/uploads\/2011\/10\/v221204p0.jpg\" \/>\n\t<meta property=\"og:image:width\" content=\"610\" \/>\n\t<meta property=\"og:image:height\" content=\"395\" \/>\n\t<meta property=\"og:image:type\" content=\"image\/jpeg\" \/>\n<meta name=\"twitter:card\" content=\"summary_large_image\" \/>\n<meta name=\"twitter:label1\" content=\"Written by\" \/>\n\t<meta name=\"twitter:data1\" content=\"\" \/>\n\t<meta name=\"twitter:label2\" content=\"Est. reading time\" \/>\n\t<meta name=\"twitter:data2\" content=\"1 minuta\" \/>\n<script type=\"application\/ld+json\" class=\"yoast-schema-graph\">{\"@context\":\"https:\/\/schema.org\",\"@graph\":[{\"@type\":\"Article\",\"@id\":\"https:\/\/sandzakpress.net\/arhiva\/davutoglu-odlozio-dolazak-u-srbiju\/#article\",\"isPartOf\":{\"@id\":\"https:\/\/sandzakpress.net\/arhiva\/davutoglu-odlozio-dolazak-u-srbiju\/\"},\"author\":{\"name\":\"\",\"@id\":\"\"},\"headline\":\"Davutoglu odlo\u017eio dolazak u Srbiju\",\"datePublished\":\"2011-10-19T15:42:04+00:00\",\"dateModified\":\"2011-10-19T16:34:24+00:00\",\"mainEntityOfPage\":{\"@id\":\"https:\/\/sandzakpress.net\/arhiva\/davutoglu-odlozio-dolazak-u-srbiju\/\"},\"wordCount\":178,\"commentCount\":2,\"publisher\":{\"@id\":\"https:\/\/sandzakpress.net\/arhiva\/#\/schema\/person\/6e72b67d6e51910a1117b3b483ba20bd\"},\"image\":{\"@id\":\"https:\/\/sandzakpress.net\/arhiva\/davutoglu-odlozio-dolazak-u-srbiju\/#primaryimage\"},\"thumbnailUrl\":\"https:\/\/sandzakpress.net\/arhiva\/wp-content\/uploads\/2011\/10\/v221204p0.jpg\",\"articleSection\":[\"Novi Pazar\",\"Sjenica\",\"Politika\",\"Tutin\",\"Prijepolje\",\"Priboj\",\"Nova Varo\u0161\",\"Turska\"],\"inLanguage\":\"bs-BA\",\"potentialAction\":[{\"@type\":\"CommentAction\",\"name\":\"Comment\",\"target\":[\"https:\/\/sandzakpress.net\/arhiva\/davutoglu-odlozio-dolazak-u-srbiju\/#respond\"]}]},{\"@type\":\"WebPage\",\"@id\":\"https:\/\/sandzakpress.net\/arhiva\/davutoglu-odlozio-dolazak-u-srbiju\/\",\"url\":\"https:\/\/sandzakpress.net\/arhiva\/davutoglu-odlozio-dolazak-u-srbiju\/\",\"name\":\"Davutoglu odlo\u017eio dolazak u Srbiju\",\"isPartOf\":{\"@id\":\"https:\/\/sandzakpress.net\/arhiva\/#website\"},\"primaryImageOfPage\":{\"@id\":\"https:\/\/sandzakpress.net\/arhiva\/davutoglu-odlozio-dolazak-u-srbiju\/#primaryimage\"},\"image\":{\"@id\":\"https:\/\/sandzakpress.net\/arhiva\/davutoglu-odlozio-dolazak-u-srbiju\/#primaryimage\"},\"thumbnailUrl\":\"https:\/\/sandzakpress.net\/arhiva\/wp-content\/uploads\/2011\/10\/v221204p0.jpg\",\"datePublished\":\"2011-10-19T15:42:04+00:00\",\"dateModified\":\"2011-10-19T16:34:24+00:00\",\"breadcrumb\":{\"@id\":\"https:\/\/sandzakpress.net\/arhiva\/davutoglu-odlozio-dolazak-u-srbiju\/#breadcrumb\"},\"inLanguage\":\"bs-BA\",\"potentialAction\":[{\"@type\":\"ReadAction\",\"target\":[\"https:\/\/sandzakpress.net\/arhiva\/davutoglu-odlozio-dolazak-u-srbiju\/\"]}]},{\"@type\":\"ImageObject\",\"inLanguage\":\"bs-BA\",\"@id\":\"https:\/\/sandzakpress.net\/arhiva\/davutoglu-odlozio-dolazak-u-srbiju\/#primaryimage\",\"url\":\"https:\/\/sandzakpress.net\/arhiva\/wp-content\/uploads\/2011\/10\/v221204p0.jpg\",\"contentUrl\":\"https:\/\/sandzakpress.net\/arhiva\/wp-content\/uploads\/2011\/10\/v221204p0.jpg\",\"width\":610,\"height\":395},{\"@type\":\"BreadcrumbList\",\"@id\":\"https:\/\/sandzakpress.net\/arhiva\/davutoglu-odlozio-dolazak-u-srbiju\/#breadcrumb\",\"itemListElement\":[{\"@type\":\"ListItem\",\"position\":1,\"name\":\"Home\",\"item\":\"https:\/\/sandzakpress.net\/arhiva\/\"},{\"@type\":\"ListItem\",\"position\":2,\"name\":\"Davutoglu odlo\u017eio dolazak u Srbiju\"}]},{\"@type\":\"WebSite\",\"@id\":\"https:\/\/sandzakpress.net\/arhiva\/#website\",\"url\":\"https:\/\/sandzakpress.net\/arhiva\/\",\"name\":\"Sand\u017eak PRESS\",\"description\":\"Prve elektronske novine u Sand\u017eaku\",\"publisher\":{\"@id\":\"https:\/\/sandzakpress.net\/arhiva\/#\/schema\/person\/6e72b67d6e51910a1117b3b483ba20bd\"},\"potentialAction\":[{\"@type\":\"SearchAction\",\"target\":{\"@type\":\"EntryPoint\",\"urlTemplate\":\"https:\/\/sandzakpress.net\/arhiva\/?s={search_term_string}\"},\"query-input\":{\"@type\":\"PropertyValueSpecification\",\"valueRequired\":true,\"valueName\":\"search_term_string\"}}],\"inLanguage\":\"bs-BA\"},{\"@type\":[\"Person\",\"Organization\"],\"@id\":\"https:\/\/sandzakpress.net\/arhiva\/#\/schema\/person\/6e72b67d6e51910a1117b3b483ba20bd\",\"name\":\"Kul\",\"image\":{\"@type\":\"ImageObject\",\"inLanguage\":\"bs-BA\",\"@id\":\"https:\/\/sandzakpress.net\/arhiva\/#\/schema\/person\/image\/\",\"url\":\"https:\/\/secure.gravatar.com\/avatar\/42263f39aa27ac04c43cab85c280eb2e?s=96&d=mm&r=pg\",\"contentUrl\":\"https:\/\/secure.gravatar.com\/avatar\/42263f39aa27ac04c43cab85c280eb2e?s=96&d=mm&r=pg\",\"caption\":\"Kul\"},\"logo\":{\"@id\":\"https:\/\/sandzakpress.net\/arhiva\/#\/schema\/person\/image\/\"}},{\"@type\":\"Person\",\"@id\":\"\",\"url\":\"https:\/\/sandzakpress.net\/arhiva\/author\/\"}]}<\/script>\n<!-- \/ Yoast SEO Premium plugin. -->","yoast_head_json":{"title":"Davutoglu odlo\u017eio dolazak u Srbiju","robots":{"index":"index","follow":"follow","max-snippet":"max-snippet:-1","max-image-preview":"max-image-preview:large","max-video-preview":"max-video-preview:-1"},"canonical":"https:\/\/sandzakpress.net\/arhiva\/davutoglu-odlozio-dolazak-u-srbiju\/","og_locale":"bs_BA","og_type":"article","og_title":"Davutoglu odlo\u017eio dolazak u Srbiju","og_description":"Sjeverni Sand\u017eak, Turska &#8211; Ministar spoljnih poslova Turske Ahmet Davutoglu odlo\u017eio je za danas planiranu posetu Srbiji zbog oru\u017eanih sukoba izme\u0111u turske armije i kurdskih pobunjenika koji su pro\u0161le no\u0107i ubili 24 vojnika. I premijer Turske Tajip Erdogan odlo\u017eio je posjetu Kazahstanu zbog najnovijih sukoba na jugoistoku zemlje, gdje se kurdski pobunjenici bore za autonomiju [&hellip;]","og_url":"https:\/\/sandzakpress.net\/arhiva\/davutoglu-odlozio-dolazak-u-srbiju\/","og_site_name":"Sand\u017eak PRESS","article_published_time":"2011-10-19T15:42:04+00:00","article_modified_time":"2011-10-19T16:34:24+00:00","og_image":[{"width":610,"height":395,"url":"https:\/\/sandzakpress.net\/arhiva\/wp-content\/uploads\/2011\/10\/v221204p0.jpg","type":"image\/jpeg"}],"twitter_card":"summary_large_image","twitter_misc":{"Written by":"","Est. reading time":"1 minuta"},"schema":{"@context":"https:\/\/schema.org","@graph":[{"@type":"Article","@id":"https:\/\/sandzakpress.net\/arhiva\/davutoglu-odlozio-dolazak-u-srbiju\/#article","isPartOf":{"@id":"https:\/\/sandzakpress.net\/arhiva\/davutoglu-odlozio-dolazak-u-srbiju\/"},"author":{"name":"","@id":""},"headline":"Davutoglu odlo\u017eio dolazak u Srbiju","datePublished":"2011-10-19T15:42:04+00:00","dateModified":"2011-10-19T16:34:24+00:00","mainEntityOfPage":{"@id":"https:\/\/sandzakpress.net\/arhiva\/davutoglu-odlozio-dolazak-u-srbiju\/"},"wordCount":178,"commentCount":2,"publisher":{"@id":"https:\/\/sandzakpress.net\/arhiva\/#\/schema\/person\/6e72b67d6e51910a1117b3b483ba20bd"},"image":{"@id":"https:\/\/sandzakpress.net\/arhiva\/davutoglu-odlozio-dolazak-u-srbiju\/#primaryimage"},"thumbnailUrl":"https:\/\/sandzakpress.net\/arhiva\/wp-content\/uploads\/2011\/10\/v221204p0.jpg","articleSection":["Novi Pazar","Sjenica","Politika","Tutin","Prijepolje","Priboj","Nova Varo\u0161","Turska"],"inLanguage":"bs-BA","potentialAction":[{"@type":"CommentAction","name":"Comment","target":["https:\/\/sandzakpress.net\/arhiva\/davutoglu-odlozio-dolazak-u-srbiju\/#respond"]}]},{"@type":"WebPage","@id":"https:\/\/sandzakpress.net\/arhiva\/davutoglu-odlozio-dolazak-u-srbiju\/","url":"https:\/\/sandzakpress.net\/arhiva\/davutoglu-odlozio-dolazak-u-srbiju\/","name":"Davutoglu odlo\u017eio dolazak u Srbiju","isPartOf":{"@id":"https:\/\/sandzakpress.net\/arhiva\/#website"},"primaryImageOfPage":{"@id":"https:\/\/sandzakpress.net\/arhiva\/davutoglu-odlozio-dolazak-u-srbiju\/#primaryimage"},"image":{"@id":"https:\/\/sandzakpress.net\/arhiva\/davutoglu-odlozio-dolazak-u-srbiju\/#primaryimage"},"thumbnailUrl":"https:\/\/sandzakpress.net\/arhiva\/wp-content\/uploads\/2011\/10\/v221204p0.jpg","datePublished":"2011-10-19T15:42:04+00:00","dateModified":"2011-10-19T16:34:24+00:00","breadcrumb":{"@id":"https:\/\/sandzakpress.net\/arhiva\/davutoglu-odlozio-dolazak-u-srbiju\/#breadcrumb"},"inLanguage":"bs-BA","potentialAction":[{"@type":"ReadAction","target":["https:\/\/sandzakpress.net\/arhiva\/davutoglu-odlozio-dolazak-u-srbiju\/"]}]},{"@type":"ImageObject","inLanguage":"bs-BA","@id":"https:\/\/sandzakpress.net\/arhiva\/davutoglu-odlozio-dolazak-u-srbiju\/#primaryimage","url":"https:\/\/sandzakpress.net\/arhiva\/wp-content\/uploads\/2011\/10\/v221204p0.jpg","contentUrl":"https:\/\/sandzakpress.net\/arhiva\/wp-content\/uploads\/2011\/10\/v221204p0.jpg","width":610,"height":395},{"@type":"BreadcrumbList","@id":"https:\/\/sandzakpress.net\/arhiva\/davutoglu-odlozio-dolazak-u-srbiju\/#breadcrumb","itemListElement":[{"@type":"ListItem","position":1,"name":"Home","item":"https:\/\/sandzakpress.net\/arhiva\/"},{"@type":"ListItem","position":2,"name":"Davutoglu odlo\u017eio dolazak u Srbiju"}]},{"@type":"WebSite","@id":"https:\/\/sandzakpress.net\/arhiva\/#website","url":"https:\/\/sandzakpress.net\/arhiva\/","name":"Sand\u017eak PRESS","description":"Prve elektronske novine u Sand\u017eaku","publisher":{"@id":"https:\/\/sandzakpress.net\/arhiva\/#\/schema\/person\/6e72b67d6e51910a1117b3b483ba20bd"},"potentialAction":[{"@type":"SearchAction","target":{"@type":"EntryPoint","urlTemplate":"https:\/\/sandzakpress.net\/arhiva\/?s={search_term_string}"},"query-input":{"@type":"PropertyValueSpecification","valueRequired":true,"valueName":"search_term_string"}}],"inLanguage":"bs-BA"},{"@type":["Person","Organization"],"@id":"https:\/\/sandzakpress.net\/arhiva\/#\/schema\/person\/6e72b67d6e51910a1117b3b483ba20bd","name":"Kul","image":{"@type":"ImageObject","inLanguage":"bs-BA","@id":"https:\/\/sandzakpress.net\/arhiva\/#\/schema\/person\/image\/","url":"https:\/\/secure.gravatar.com\/avatar\/42263f39aa27ac04c43cab85c280eb2e?s=96&d=mm&r=pg","contentUrl":"https:\/\/secure.gravatar.com\/avatar\/42263f39aa27ac04c43cab85c280eb2e?s=96&d=mm&r=pg","caption":"Kul"},"logo":{"@id":"https:\/\/sandzakpress.net\/arhiva\/#\/schema\/person\/image\/"}},{"@type":"Person","@id":"","url":"https:\/\/sandzakpress.net\/arhiva\/author\/"}]}},"_links":{"self":[{"href":"https:\/\/sandzakpress.net\/arhiva\/wp-json\/wp\/v2\/posts\/21915"}],"collection":[{"href":"https:\/\/sandzakpress.net\/arhiva\/wp-json\/wp\/v2\/posts"}],"about":[{"href":"https:\/\/sandzakpress.net\/arhiva\/wp-json\/wp\/v2\/types\/post"}],"author":[{"embeddable":true,"href":"https:\/\/sandzakpress.net\/arhiva\/wp-json\/wp\/v2\/users\/14"}],"replies":[{"embeddable":true,"href":"https:\/\/sandzakpress.net\/arhiva\/wp-json\/wp\/v2\/comments?post=21915"}],"version-history":[{"count":0,"href":"https:\/\/sandzakpress.net\/arhiva\/wp-json\/wp\/v2\/posts\/21915\/revisions"}],"wp:featuredmedia":[{"embeddable":true,"href":"https:\/\/sandzakpress.net\/arhiva\/wp-json\/wp\/v2\/media\/21923"}],"wp:attachment":[{"href":"https:\/\/sandzakpress.net\/arhiva\/wp-json\/wp\/v2\/media?parent=21915"}],"wp:term":[{"taxonomy":"category","embeddable":true,"href":"https:\/\/sandzakpress.net\/arhiva\/wp-json\/wp\/v2\/categories?post=21915"},{"taxonomy":"post_tag","embeddable":true,"href":"https:\/\/sandzakpress.net\/arhiva\/wp-json\/wp\/v2\/tags?post=21915"}],"curies":[{"name":"wp","href":"https:\/\/api.w.org\/{rel}","templated":true}]}}