{"id":219095,"date":"2019-03-11T18:01:29","date_gmt":"2019-03-11T17:01:29","guid":{"rendered":"https:\/\/sandzakpress.net\/arhiva\/?p=219095"},"modified":"2019-03-11T18:03:25","modified_gmt":"2019-03-11T17:03:25","slug":"jedan-od-pet-miliona-nemamo-veze-sa-protestom-u-novom-pazaru-i-sa-ugljaninom","status":"publish","type":"post","link":"https:\/\/sandzakpress.net\/arhiva\/jedan-od-pet-miliona-nemamo-veze-sa-protestom-u-novom-pazaru-i-sa-ugljaninom\/","title":{"rendered":"Jedan od pet miliona: Nemamo veze sa protestom u Novom Pazaru i sa Ugljaninom"},"content":{"rendered":"<p><img decoding=\"async\" src=\"https:\/\/www.danas.rs\/wp-content\/uploads\/2019\/02\/1-od-5-miliona-foto-BETAPHOTO-EMIL-VAS-678x381.jpg?x45842\" alt=\"\u00d0\u00a0\u00d0\u00b5\u00d0\u00b7\u00d1\u0083\u00d0\u00bb\u00d1\u0082\u00d0\u00b0\u00d1\u0082 \u00d1\u0081\u00d0\u00bb\u00d0\u00b8\u00d0\u00ba\u00d0\u00b0 \u00d0\u00b7\u00d0\u00b0 Jedan od pet miliona: Nemamo veze sa protestom u Novom Pazaru i sa Ugljaninom\" \/><\/p>\n<p><strong>Organizatori protesta &#8220;Jedan od pet miliona&#8221; negirali su danas da je protest u Novom Pazaru odr\u017ean pod tim nazivom, kao i da su u bilo kakvoj komunikaciji sa liderom Stranke demokratske akcije (SDA) Sand\u017eaka Sulejmanom Ugljaninom.<\/strong><\/p>\n<p>U saop\u0161tenju koje je agenciji Beta stiglo sa imejl adrese &#8220;1od5miliona&#8221; navodi se da oni ne mogu biti odgovorni za poruke iznijete na protestu koji je u subotu, 9. marta odr\u017ean u Novom Pazaru ;pod nazivom &#8220;Za sigurnu budu\u0107nost &#8211; Sand\u017eak se budi&#8221;.<\/p>\n<p>&#8220;Dovo\u0111enje u vezu protesta &#8216;1 od 5 miliona&#8217; i Sulejmana Ugljanina jo\u0161 je jedan poku\u0161aj da se unese zabuna i da se protesti diskredituju. Pozivamo gra\u0111ane da ne nasedaju na manipulacije re\u017eimskih medija&#8221;, navodi se u saop\u0161tenju.<\/p>\n<p>Na protestnoj \u0161etnji u Novom Pazaru u\u010destvovali su Ugljanin ;i visoki funkcioneri SDA, a poru\u010deno je da zajedno sa ostalim gra\u0111anima Srbije &#8220;\u017eele da izgrade dr\u017eavu zasnovanu na vladavini prava i jednakim mogu\u0107nostima za sve&#8221;.<\/p>\n<p>Okupljeni su nosili transparente sa natpisima &#8220;Jedan od pet miliona&#8221;, &#8220;Jedan od 100&#8221;, &#8220;Za jednakost pred zakonom&#8221;, &#8220;Bo\u0161njaci u Ustavu&#8221;, &#8220;Stop diskriminaciji Bo\u0161njaka&#8221; i &#8220;Sand\u017eak autonomija&#8221;.<\/p>\n<p>autor: JU<\/p>\n<p>Izvor: Beta\/novimagazin.rs<\/p>\n","protected":false},"excerpt":{"rendered":"<p>Organizatori protesta &#8220;Jedan od pet miliona&#8221; negirali su danas da je protest u Novom Pazaru odr\u017ean pod tim nazivom, kao i da su u bilo kakvoj komunikaciji sa liderom Stranke demokratske akcije (SDA) Sand\u017eaka Sulejmanom Ugljaninom. U saop\u0161tenju koje je agenciji Beta stiglo sa imejl adrese &#8220;1od5miliona&#8221; navodi se da oni ne mogu biti odgovorni [&hellip;]<\/p>\n","protected":false},"author":509,"featured_media":219096,"comment_status":"open","ping_status":"open","sticky":false,"template":"","format":"standard","meta":{"footnotes":""},"categories":[72,1,10307,8957,798],"tags":[],"class_list":{"0":"post-219095","1":"post","2":"type-post","3":"status-publish","4":"format-standard","5":"has-post-thumbnail","7":"category-novi-pazar","8":"category-politika","9":"category-srbija","10":"category-vijesti-dana","11":"category-teme"},"yoast_head":"<!-- This site is optimized with the Yoast SEO Premium plugin v23.1 (Yoast SEO v24.9) - https:\/\/yoast.com\/wordpress\/plugins\/seo\/ -->\n<title>Jedan od pet miliona: Nemamo veze sa protestom u Novom Pazaru i sa Ugljaninom<\/title>\n<meta name=\"robots\" content=\"index, follow, max-snippet:-1, max-image-preview:large, max-video-preview:-1\" \/>\n<link rel=\"canonical\" href=\"https:\/\/sandzakpress.net\/arhiva\/jedan-od-pet-miliona-nemamo-veze-sa-protestom-u-novom-pazaru-i-sa-ugljaninom\/\" \/>\n<meta property=\"og:locale\" content=\"bs_BA\" \/>\n<meta property=\"og:type\" content=\"article\" \/>\n<meta property=\"og:title\" content=\"Jedan od pet miliona: Nemamo veze sa protestom u Novom Pazaru i sa Ugljaninom\" \/>\n<meta property=\"og:description\" content=\"Organizatori protesta &#8220;Jedan od pet miliona&#8221; negirali su danas da je protest u Novom Pazaru odr\u017ean pod tim nazivom, kao i da su u bilo kakvoj komunikaciji sa liderom Stranke demokratske akcije (SDA) Sand\u017eaka Sulejmanom Ugljaninom. U saop\u0161tenju koje je agenciji Beta stiglo sa imejl adrese &#8220;1od5miliona&#8221; navodi se da oni ne mogu biti odgovorni [&hellip;]\" \/>\n<meta property=\"og:url\" content=\"https:\/\/sandzakpress.net\/arhiva\/jedan-od-pet-miliona-nemamo-veze-sa-protestom-u-novom-pazaru-i-sa-ugljaninom\/\" \/>\n<meta property=\"og:site_name\" content=\"Sand\u017eak PRESS\" \/>\n<meta property=\"article:published_time\" content=\"2019-03-11T17:01:29+00:00\" \/>\n<meta property=\"article:modified_time\" content=\"2019-03-11T17:03:25+00:00\" \/>\n<meta property=\"og:image\" content=\"https:\/\/sandzakpress.net\/arhiva\/wp-content\/uploads\/2019\/03\/1-od-5-miliona-foto-BETAPHOTO-EMIL-VAS-678x381.jpg\" \/>\n\t<meta property=\"og:image:width\" content=\"678\" \/>\n\t<meta property=\"og:image:height\" content=\"381\" \/>\n\t<meta property=\"og:image:type\" content=\"image\/jpeg\" \/>\n<meta name=\"author\" content=\"Agencija\" \/>\n<meta name=\"twitter:card\" content=\"summary_large_image\" \/>\n<meta name=\"twitter:label1\" content=\"Written by\" \/>\n\t<meta name=\"twitter:data1\" content=\"Agencija\" \/>\n\t<meta name=\"twitter:label2\" content=\"Est. reading time\" \/>\n\t<meta name=\"twitter:data2\" content=\"1 minuta\" \/>\n<script type=\"application\/ld+json\" class=\"yoast-schema-graph\">{\"@context\":\"https:\/\/schema.org\",\"@graph\":[{\"@type\":\"Article\",\"@id\":\"https:\/\/sandzakpress.net\/arhiva\/jedan-od-pet-miliona-nemamo-veze-sa-protestom-u-novom-pazaru-i-sa-ugljaninom\/#article\",\"isPartOf\":{\"@id\":\"https:\/\/sandzakpress.net\/arhiva\/jedan-od-pet-miliona-nemamo-veze-sa-protestom-u-novom-pazaru-i-sa-ugljaninom\/\"},\"author\":{\"name\":\"Agencija\",\"@id\":\"https:\/\/sandzakpress.net\/arhiva\/#\/schema\/person\/cb59d7e3ab91ab90dd680ad0305a6185\"},\"headline\":\"Jedan od pet miliona: Nemamo veze sa protestom u Novom Pazaru i sa Ugljaninom\",\"datePublished\":\"2019-03-11T17:01:29+00:00\",\"dateModified\":\"2019-03-11T17:03:25+00:00\",\"mainEntityOfPage\":{\"@id\":\"https:\/\/sandzakpress.net\/arhiva\/jedan-od-pet-miliona-nemamo-veze-sa-protestom-u-novom-pazaru-i-sa-ugljaninom\/\"},\"wordCount\":213,\"commentCount\":2,\"publisher\":{\"@id\":\"https:\/\/sandzakpress.net\/arhiva\/#\/schema\/person\/6e72b67d6e51910a1117b3b483ba20bd\"},\"image\":{\"@id\":\"https:\/\/sandzakpress.net\/arhiva\/jedan-od-pet-miliona-nemamo-veze-sa-protestom-u-novom-pazaru-i-sa-ugljaninom\/#primaryimage\"},\"thumbnailUrl\":\"https:\/\/sandzakpress.net\/arhiva\/wp-content\/uploads\/2019\/03\/1-od-5-miliona-foto-BETAPHOTO-EMIL-VAS-678x381.jpg\",\"articleSection\":[\"Novi Pazar\",\"Politika\",\"Srbija\",\"VIJESTI DANA\",\"NAJNOVIJE\"],\"inLanguage\":\"bs-BA\",\"potentialAction\":[{\"@type\":\"CommentAction\",\"name\":\"Comment\",\"target\":[\"https:\/\/sandzakpress.net\/arhiva\/jedan-od-pet-miliona-nemamo-veze-sa-protestom-u-novom-pazaru-i-sa-ugljaninom\/#respond\"]}]},{\"@type\":\"WebPage\",\"@id\":\"https:\/\/sandzakpress.net\/arhiva\/jedan-od-pet-miliona-nemamo-veze-sa-protestom-u-novom-pazaru-i-sa-ugljaninom\/\",\"url\":\"https:\/\/sandzakpress.net\/arhiva\/jedan-od-pet-miliona-nemamo-veze-sa-protestom-u-novom-pazaru-i-sa-ugljaninom\/\",\"name\":\"Jedan od pet miliona: Nemamo veze sa protestom u Novom Pazaru i sa Ugljaninom\",\"isPartOf\":{\"@id\":\"https:\/\/sandzakpress.net\/arhiva\/#website\"},\"primaryImageOfPage\":{\"@id\":\"https:\/\/sandzakpress.net\/arhiva\/jedan-od-pet-miliona-nemamo-veze-sa-protestom-u-novom-pazaru-i-sa-ugljaninom\/#primaryimage\"},\"image\":{\"@id\":\"https:\/\/sandzakpress.net\/arhiva\/jedan-od-pet-miliona-nemamo-veze-sa-protestom-u-novom-pazaru-i-sa-ugljaninom\/#primaryimage\"},\"thumbnailUrl\":\"https:\/\/sandzakpress.net\/arhiva\/wp-content\/uploads\/2019\/03\/1-od-5-miliona-foto-BETAPHOTO-EMIL-VAS-678x381.jpg\",\"datePublished\":\"2019-03-11T17:01:29+00:00\",\"dateModified\":\"2019-03-11T17:03:25+00:00\",\"breadcrumb\":{\"@id\":\"https:\/\/sandzakpress.net\/arhiva\/jedan-od-pet-miliona-nemamo-veze-sa-protestom-u-novom-pazaru-i-sa-ugljaninom\/#breadcrumb\"},\"inLanguage\":\"bs-BA\",\"potentialAction\":[{\"@type\":\"ReadAction\",\"target\":[\"https:\/\/sandzakpress.net\/arhiva\/jedan-od-pet-miliona-nemamo-veze-sa-protestom-u-novom-pazaru-i-sa-ugljaninom\/\"]}]},{\"@type\":\"ImageObject\",\"inLanguage\":\"bs-BA\",\"@id\":\"https:\/\/sandzakpress.net\/arhiva\/jedan-od-pet-miliona-nemamo-veze-sa-protestom-u-novom-pazaru-i-sa-ugljaninom\/#primaryimage\",\"url\":\"https:\/\/sandzakpress.net\/arhiva\/wp-content\/uploads\/2019\/03\/1-od-5-miliona-foto-BETAPHOTO-EMIL-VAS-678x381.jpg\",\"contentUrl\":\"https:\/\/sandzakpress.net\/arhiva\/wp-content\/uploads\/2019\/03\/1-od-5-miliona-foto-BETAPHOTO-EMIL-VAS-678x381.jpg\",\"width\":678,\"height\":381},{\"@type\":\"BreadcrumbList\",\"@id\":\"https:\/\/sandzakpress.net\/arhiva\/jedan-od-pet-miliona-nemamo-veze-sa-protestom-u-novom-pazaru-i-sa-ugljaninom\/#breadcrumb\",\"itemListElement\":[{\"@type\":\"ListItem\",\"position\":1,\"name\":\"Home\",\"item\":\"https:\/\/sandzakpress.net\/arhiva\/\"},{\"@type\":\"ListItem\",\"position\":2,\"name\":\"Jedan od pet miliona: Nemamo veze sa protestom u Novom Pazaru i sa Ugljaninom\"}]},{\"@type\":\"WebSite\",\"@id\":\"https:\/\/sandzakpress.net\/arhiva\/#website\",\"url\":\"https:\/\/sandzakpress.net\/arhiva\/\",\"name\":\"Sand\u017eak PRESS\",\"description\":\"Prve elektronske novine u Sand\u017eaku\",\"publisher\":{\"@id\":\"https:\/\/sandzakpress.net\/arhiva\/#\/schema\/person\/6e72b67d6e51910a1117b3b483ba20bd\"},\"potentialAction\":[{\"@type\":\"SearchAction\",\"target\":{\"@type\":\"EntryPoint\",\"urlTemplate\":\"https:\/\/sandzakpress.net\/arhiva\/?s={search_term_string}\"},\"query-input\":{\"@type\":\"PropertyValueSpecification\",\"valueRequired\":true,\"valueName\":\"search_term_string\"}}],\"inLanguage\":\"bs-BA\"},{\"@type\":[\"Person\",\"Organization\"],\"@id\":\"https:\/\/sandzakpress.net\/arhiva\/#\/schema\/person\/6e72b67d6e51910a1117b3b483ba20bd\",\"name\":\"Kul\",\"image\":{\"@type\":\"ImageObject\",\"inLanguage\":\"bs-BA\",\"@id\":\"https:\/\/sandzakpress.net\/arhiva\/#\/schema\/person\/image\/\",\"url\":\"https:\/\/secure.gravatar.com\/avatar\/42263f39aa27ac04c43cab85c280eb2e?s=96&d=mm&r=pg\",\"contentUrl\":\"https:\/\/secure.gravatar.com\/avatar\/42263f39aa27ac04c43cab85c280eb2e?s=96&d=mm&r=pg\",\"caption\":\"Kul\"},\"logo\":{\"@id\":\"https:\/\/sandzakpress.net\/arhiva\/#\/schema\/person\/image\/\"}},{\"@type\":\"Person\",\"@id\":\"https:\/\/sandzakpress.net\/arhiva\/#\/schema\/person\/cb59d7e3ab91ab90dd680ad0305a6185\",\"name\":\"Agencija\",\"image\":{\"@type\":\"ImageObject\",\"inLanguage\":\"bs-BA\",\"@id\":\"https:\/\/sandzakpress.net\/arhiva\/#\/schema\/person\/image\/\",\"url\":\"https:\/\/secure.gravatar.com\/avatar\/4b7fafa80a22f0c2afe23966b3961fe0?s=96&d=mm&r=pg\",\"contentUrl\":\"https:\/\/secure.gravatar.com\/avatar\/4b7fafa80a22f0c2afe23966b3961fe0?s=96&d=mm&r=pg\",\"caption\":\"Agencija\"},\"url\":\"https:\/\/sandzakpress.net\/arhiva\/author\/agencija\/\"}]}<\/script>\n<!-- \/ Yoast SEO Premium plugin. -->","yoast_head_json":{"title":"Jedan od pet miliona: Nemamo veze sa protestom u Novom Pazaru i sa Ugljaninom","robots":{"index":"index","follow":"follow","max-snippet":"max-snippet:-1","max-image-preview":"max-image-preview:large","max-video-preview":"max-video-preview:-1"},"canonical":"https:\/\/sandzakpress.net\/arhiva\/jedan-od-pet-miliona-nemamo-veze-sa-protestom-u-novom-pazaru-i-sa-ugljaninom\/","og_locale":"bs_BA","og_type":"article","og_title":"Jedan od pet miliona: Nemamo veze sa protestom u Novom Pazaru i sa Ugljaninom","og_description":"Organizatori protesta &#8220;Jedan od pet miliona&#8221; negirali su danas da je protest u Novom Pazaru odr\u017ean pod tim nazivom, kao i da su u bilo kakvoj komunikaciji sa liderom Stranke demokratske akcije (SDA) Sand\u017eaka Sulejmanom Ugljaninom. U saop\u0161tenju koje je agenciji Beta stiglo sa imejl adrese &#8220;1od5miliona&#8221; navodi se da oni ne mogu biti odgovorni [&hellip;]","og_url":"https:\/\/sandzakpress.net\/arhiva\/jedan-od-pet-miliona-nemamo-veze-sa-protestom-u-novom-pazaru-i-sa-ugljaninom\/","og_site_name":"Sand\u017eak PRESS","article_published_time":"2019-03-11T17:01:29+00:00","article_modified_time":"2019-03-11T17:03:25+00:00","og_image":[{"width":678,"height":381,"url":"https:\/\/sandzakpress.net\/arhiva\/wp-content\/uploads\/2019\/03\/1-od-5-miliona-foto-BETAPHOTO-EMIL-VAS-678x381.jpg","type":"image\/jpeg"}],"author":"Agencija","twitter_card":"summary_large_image","twitter_misc":{"Written by":"Agencija","Est. reading time":"1 minuta"},"schema":{"@context":"https:\/\/schema.org","@graph":[{"@type":"Article","@id":"https:\/\/sandzakpress.net\/arhiva\/jedan-od-pet-miliona-nemamo-veze-sa-protestom-u-novom-pazaru-i-sa-ugljaninom\/#article","isPartOf":{"@id":"https:\/\/sandzakpress.net\/arhiva\/jedan-od-pet-miliona-nemamo-veze-sa-protestom-u-novom-pazaru-i-sa-ugljaninom\/"},"author":{"name":"Agencija","@id":"https:\/\/sandzakpress.net\/arhiva\/#\/schema\/person\/cb59d7e3ab91ab90dd680ad0305a6185"},"headline":"Jedan od pet miliona: Nemamo veze sa protestom u Novom Pazaru i sa Ugljaninom","datePublished":"2019-03-11T17:01:29+00:00","dateModified":"2019-03-11T17:03:25+00:00","mainEntityOfPage":{"@id":"https:\/\/sandzakpress.net\/arhiva\/jedan-od-pet-miliona-nemamo-veze-sa-protestom-u-novom-pazaru-i-sa-ugljaninom\/"},"wordCount":213,"commentCount":2,"publisher":{"@id":"https:\/\/sandzakpress.net\/arhiva\/#\/schema\/person\/6e72b67d6e51910a1117b3b483ba20bd"},"image":{"@id":"https:\/\/sandzakpress.net\/arhiva\/jedan-od-pet-miliona-nemamo-veze-sa-protestom-u-novom-pazaru-i-sa-ugljaninom\/#primaryimage"},"thumbnailUrl":"https:\/\/sandzakpress.net\/arhiva\/wp-content\/uploads\/2019\/03\/1-od-5-miliona-foto-BETAPHOTO-EMIL-VAS-678x381.jpg","articleSection":["Novi Pazar","Politika","Srbija","VIJESTI DANA","NAJNOVIJE"],"inLanguage":"bs-BA","potentialAction":[{"@type":"CommentAction","name":"Comment","target":["https:\/\/sandzakpress.net\/arhiva\/jedan-od-pet-miliona-nemamo-veze-sa-protestom-u-novom-pazaru-i-sa-ugljaninom\/#respond"]}]},{"@type":"WebPage","@id":"https:\/\/sandzakpress.net\/arhiva\/jedan-od-pet-miliona-nemamo-veze-sa-protestom-u-novom-pazaru-i-sa-ugljaninom\/","url":"https:\/\/sandzakpress.net\/arhiva\/jedan-od-pet-miliona-nemamo-veze-sa-protestom-u-novom-pazaru-i-sa-ugljaninom\/","name":"Jedan od pet miliona: Nemamo veze sa protestom u Novom Pazaru i sa Ugljaninom","isPartOf":{"@id":"https:\/\/sandzakpress.net\/arhiva\/#website"},"primaryImageOfPage":{"@id":"https:\/\/sandzakpress.net\/arhiva\/jedan-od-pet-miliona-nemamo-veze-sa-protestom-u-novom-pazaru-i-sa-ugljaninom\/#primaryimage"},"image":{"@id":"https:\/\/sandzakpress.net\/arhiva\/jedan-od-pet-miliona-nemamo-veze-sa-protestom-u-novom-pazaru-i-sa-ugljaninom\/#primaryimage"},"thumbnailUrl":"https:\/\/sandzakpress.net\/arhiva\/wp-content\/uploads\/2019\/03\/1-od-5-miliona-foto-BETAPHOTO-EMIL-VAS-678x381.jpg","datePublished":"2019-03-11T17:01:29+00:00","dateModified":"2019-03-11T17:03:25+00:00","breadcrumb":{"@id":"https:\/\/sandzakpress.net\/arhiva\/jedan-od-pet-miliona-nemamo-veze-sa-protestom-u-novom-pazaru-i-sa-ugljaninom\/#breadcrumb"},"inLanguage":"bs-BA","potentialAction":[{"@type":"ReadAction","target":["https:\/\/sandzakpress.net\/arhiva\/jedan-od-pet-miliona-nemamo-veze-sa-protestom-u-novom-pazaru-i-sa-ugljaninom\/"]}]},{"@type":"ImageObject","inLanguage":"bs-BA","@id":"https:\/\/sandzakpress.net\/arhiva\/jedan-od-pet-miliona-nemamo-veze-sa-protestom-u-novom-pazaru-i-sa-ugljaninom\/#primaryimage","url":"https:\/\/sandzakpress.net\/arhiva\/wp-content\/uploads\/2019\/03\/1-od-5-miliona-foto-BETAPHOTO-EMIL-VAS-678x381.jpg","contentUrl":"https:\/\/sandzakpress.net\/arhiva\/wp-content\/uploads\/2019\/03\/1-od-5-miliona-foto-BETAPHOTO-EMIL-VAS-678x381.jpg","width":678,"height":381},{"@type":"BreadcrumbList","@id":"https:\/\/sandzakpress.net\/arhiva\/jedan-od-pet-miliona-nemamo-veze-sa-protestom-u-novom-pazaru-i-sa-ugljaninom\/#breadcrumb","itemListElement":[{"@type":"ListItem","position":1,"name":"Home","item":"https:\/\/sandzakpress.net\/arhiva\/"},{"@type":"ListItem","position":2,"name":"Jedan od pet miliona: Nemamo veze sa protestom u Novom Pazaru i sa Ugljaninom"}]},{"@type":"WebSite","@id":"https:\/\/sandzakpress.net\/arhiva\/#website","url":"https:\/\/sandzakpress.net\/arhiva\/","name":"Sand\u017eak PRESS","description":"Prve elektronske novine u Sand\u017eaku","publisher":{"@id":"https:\/\/sandzakpress.net\/arhiva\/#\/schema\/person\/6e72b67d6e51910a1117b3b483ba20bd"},"potentialAction":[{"@type":"SearchAction","target":{"@type":"EntryPoint","urlTemplate":"https:\/\/sandzakpress.net\/arhiva\/?s={search_term_string}"},"query-input":{"@type":"PropertyValueSpecification","valueRequired":true,"valueName":"search_term_string"}}],"inLanguage":"bs-BA"},{"@type":["Person","Organization"],"@id":"https:\/\/sandzakpress.net\/arhiva\/#\/schema\/person\/6e72b67d6e51910a1117b3b483ba20bd","name":"Kul","image":{"@type":"ImageObject","inLanguage":"bs-BA","@id":"https:\/\/sandzakpress.net\/arhiva\/#\/schema\/person\/image\/","url":"https:\/\/secure.gravatar.com\/avatar\/42263f39aa27ac04c43cab85c280eb2e?s=96&d=mm&r=pg","contentUrl":"https:\/\/secure.gravatar.com\/avatar\/42263f39aa27ac04c43cab85c280eb2e?s=96&d=mm&r=pg","caption":"Kul"},"logo":{"@id":"https:\/\/sandzakpress.net\/arhiva\/#\/schema\/person\/image\/"}},{"@type":"Person","@id":"https:\/\/sandzakpress.net\/arhiva\/#\/schema\/person\/cb59d7e3ab91ab90dd680ad0305a6185","name":"Agencija","image":{"@type":"ImageObject","inLanguage":"bs-BA","@id":"https:\/\/sandzakpress.net\/arhiva\/#\/schema\/person\/image\/","url":"https:\/\/secure.gravatar.com\/avatar\/4b7fafa80a22f0c2afe23966b3961fe0?s=96&d=mm&r=pg","contentUrl":"https:\/\/secure.gravatar.com\/avatar\/4b7fafa80a22f0c2afe23966b3961fe0?s=96&d=mm&r=pg","caption":"Agencija"},"url":"https:\/\/sandzakpress.net\/arhiva\/author\/agencija\/"}]}},"_links":{"self":[{"href":"https:\/\/sandzakpress.net\/arhiva\/wp-json\/wp\/v2\/posts\/219095"}],"collection":[{"href":"https:\/\/sandzakpress.net\/arhiva\/wp-json\/wp\/v2\/posts"}],"about":[{"href":"https:\/\/sandzakpress.net\/arhiva\/wp-json\/wp\/v2\/types\/post"}],"author":[{"embeddable":true,"href":"https:\/\/sandzakpress.net\/arhiva\/wp-json\/wp\/v2\/users\/509"}],"replies":[{"embeddable":true,"href":"https:\/\/sandzakpress.net\/arhiva\/wp-json\/wp\/v2\/comments?post=219095"}],"version-history":[{"count":0,"href":"https:\/\/sandzakpress.net\/arhiva\/wp-json\/wp\/v2\/posts\/219095\/revisions"}],"wp:featuredmedia":[{"embeddable":true,"href":"https:\/\/sandzakpress.net\/arhiva\/wp-json\/wp\/v2\/media\/219096"}],"wp:attachment":[{"href":"https:\/\/sandzakpress.net\/arhiva\/wp-json\/wp\/v2\/media?parent=219095"}],"wp:term":[{"taxonomy":"category","embeddable":true,"href":"https:\/\/sandzakpress.net\/arhiva\/wp-json\/wp\/v2\/categories?post=219095"},{"taxonomy":"post_tag","embeddable":true,"href":"https:\/\/sandzakpress.net\/arhiva\/wp-json\/wp\/v2\/tags?post=219095"}],"curies":[{"name":"wp","href":"https:\/\/api.w.org\/{rel}","templated":true}]}}