{"id":219,"date":"2009-12-19T12:17:53","date_gmt":"2009-12-19T12:17:53","guid":{"rendered":"https:\/\/sandzakpress.net\/arhiva\/?p=219"},"modified":"2009-12-23T16:09:00","modified_gmt":"2009-12-23T16:09:00","slug":"od-sada-samo-sa-novim-pasosem-u-eu","status":"publish","type":"post","link":"https:\/\/sandzakpress.net\/arhiva\/od-sada-samo-sa-novim-pasosem-u-eu\/","title":{"rendered":"Od sada samo sa novim paso\u0161em u EU"},"content":{"rendered":"<p><a href=\"https:\/\/sandzakpress.net\/arhiva\/wp-content\/uploads\/2009\/12\/novi_pasosi.jpg\"><img loading=\"lazy\" decoding=\"async\" class=\"alignleft size-medium wp-image-472\" title=\"novi_pasosi\" src=\"https:\/\/sandzakpress.net\/arhiva\/wp-content\/uploads\/2009\/12\/novi_pasosi-300x170.jpg\" alt=\"\" width=\"300\" height=\"170\" \/><\/a>Od pono\u0107i gra\u0111ani Srbije i Crne Gore koji posjeduju nove biometrijske paso\u0161e poslije gotovo dvije decenije mo\u0107i \u0107e, bez prethodnog \u010dekanja u ambasadama, da pre\u0111u granicu Evropske Unije.<br \/>\nGra\u0111ani Srbije i Crne Gore \u0107e od sutra samo sa novim paso\u0161em mo\u0107i da putuju i u Rumuniju i Bugarsku, iako se nalaze van \u0161engenskog prostora, dok \u0107e viza biti potrebna samo za Veliku Britaniju i Irsku.<br \/>\nVizna liberalizacija odnosi se isklju\u010divo na gra\u0111ane sa novim, biometrijskim paso\u0161ima, i va\u017ei samo za turisti\u010dka putovanja u trajanju od maksimum 90 dana u periodu od \u0161est mjeseci. Grani\u010dna policija je spremna za novi re\u017eim putovanja.<\/p>\n<p>Izvor: <strong>Sand\u017eak PRESS<\/strong><\/p>\n","protected":false},"excerpt":{"rendered":"<p>Od pono\u0107i gra\u0111ani Srbije i Crne Gore koji posjeduju nove biometrijske paso\u0161e poslije gotovo dvije decenije mo\u0107i \u0107e, bez prethodnog \u010dekanja u ambasadama, da pre\u0111u granicu Evropske Unije. Gra\u0111ani Srbije i Crne Gore \u0107e od sutra samo sa novim paso\u0161em mo\u0107i da putuju i u Rumuniju i Bugarsku, iako se nalaze van \u0161engenskog prostora, dok [&hellip;]<\/p>\n","protected":false},"author":83,"featured_media":472,"comment_status":"open","ping_status":"open","sticky":false,"template":"","format":"standard","meta":{"footnotes":""},"categories":[16],"tags":[],"class_list":{"0":"post-219","1":"post","2":"type-post","3":"status-publish","4":"format-standard","5":"has-post-thumbnail","7":"category-novine"},"yoast_head":"<!-- This site is optimized with the Yoast SEO Premium plugin v23.1 (Yoast SEO v24.9) - https:\/\/yoast.com\/wordpress\/plugins\/seo\/ -->\n<title>Od sada samo sa novim paso\u0161em u EU<\/title>\n<meta name=\"robots\" content=\"index, follow, max-snippet:-1, max-image-preview:large, max-video-preview:-1\" \/>\n<link rel=\"canonical\" href=\"https:\/\/sandzakpress.net\/arhiva\/od-sada-samo-sa-novim-pasosem-u-eu\/\" \/>\n<meta property=\"og:locale\" content=\"bs_BA\" \/>\n<meta property=\"og:type\" content=\"article\" \/>\n<meta property=\"og:title\" content=\"Od sada samo sa novim paso\u0161em u EU\" \/>\n<meta property=\"og:description\" content=\"Od pono\u0107i gra\u0111ani Srbije i Crne Gore koji posjeduju nove biometrijske paso\u0161e poslije gotovo dvije decenije mo\u0107i \u0107e, bez prethodnog \u010dekanja u ambasadama, da pre\u0111u granicu Evropske Unije. Gra\u0111ani Srbije i Crne Gore \u0107e od sutra samo sa novim paso\u0161em mo\u0107i da putuju i u Rumuniju i Bugarsku, iako se nalaze van \u0161engenskog prostora, dok [&hellip;]\" \/>\n<meta property=\"og:url\" content=\"https:\/\/sandzakpress.net\/arhiva\/od-sada-samo-sa-novim-pasosem-u-eu\/\" \/>\n<meta property=\"og:site_name\" content=\"Sand\u017eak PRESS\" \/>\n<meta property=\"article:published_time\" content=\"2009-12-19T12:17:53+00:00\" \/>\n<meta property=\"article:modified_time\" content=\"2009-12-23T16:09:00+00:00\" \/>\n<meta property=\"og:image\" content=\"https:\/\/sandzakpress.net\/arhiva\/wp-content\/uploads\/2009\/12\/novi_pasosi.jpg\" \/>\n\t<meta property=\"og:image:width\" content=\"426\" \/>\n\t<meta property=\"og:image:height\" content=\"242\" \/>\n\t<meta property=\"og:image:type\" content=\"image\/jpeg\" \/>\n<meta name=\"author\" content=\"bosniak\" \/>\n<meta name=\"twitter:card\" content=\"summary_large_image\" \/>\n<meta name=\"twitter:label1\" content=\"Written by\" \/>\n\t<meta name=\"twitter:data1\" content=\"bosniak\" \/>\n\t<meta name=\"twitter:label2\" content=\"Est. reading time\" \/>\n\t<meta name=\"twitter:data2\" content=\"1 minuta\" \/>\n<script type=\"application\/ld+json\" class=\"yoast-schema-graph\">{\"@context\":\"https:\/\/schema.org\",\"@graph\":[{\"@type\":\"Article\",\"@id\":\"https:\/\/sandzakpress.net\/arhiva\/od-sada-samo-sa-novim-pasosem-u-eu\/#article\",\"isPartOf\":{\"@id\":\"https:\/\/sandzakpress.net\/arhiva\/od-sada-samo-sa-novim-pasosem-u-eu\/\"},\"author\":{\"name\":\"bosniak\",\"@id\":\"https:\/\/sandzakpress.net\/arhiva\/#\/schema\/person\/c8baee722073534b583ea7bdb2e36c02\"},\"headline\":\"Od sada samo sa novim paso\u0161em u EU\",\"datePublished\":\"2009-12-19T12:17:53+00:00\",\"dateModified\":\"2009-12-23T16:09:00+00:00\",\"mainEntityOfPage\":{\"@id\":\"https:\/\/sandzakpress.net\/arhiva\/od-sada-samo-sa-novim-pasosem-u-eu\/\"},\"wordCount\":128,\"commentCount\":0,\"publisher\":{\"@id\":\"https:\/\/sandzakpress.net\/arhiva\/#\/schema\/person\/6e72b67d6e51910a1117b3b483ba20bd\"},\"image\":{\"@id\":\"https:\/\/sandzakpress.net\/arhiva\/od-sada-samo-sa-novim-pasosem-u-eu\/#primaryimage\"},\"thumbnailUrl\":\"https:\/\/sandzakpress.net\/arhiva\/wp-content\/uploads\/2009\/12\/novi_pasosi.jpg\",\"articleSection\":[\"Novine\"],\"inLanguage\":\"bs-BA\",\"potentialAction\":[{\"@type\":\"CommentAction\",\"name\":\"Comment\",\"target\":[\"https:\/\/sandzakpress.net\/arhiva\/od-sada-samo-sa-novim-pasosem-u-eu\/#respond\"]}]},{\"@type\":\"WebPage\",\"@id\":\"https:\/\/sandzakpress.net\/arhiva\/od-sada-samo-sa-novim-pasosem-u-eu\/\",\"url\":\"https:\/\/sandzakpress.net\/arhiva\/od-sada-samo-sa-novim-pasosem-u-eu\/\",\"name\":\"Od sada samo sa novim paso\u0161em u EU\",\"isPartOf\":{\"@id\":\"https:\/\/sandzakpress.net\/arhiva\/#website\"},\"primaryImageOfPage\":{\"@id\":\"https:\/\/sandzakpress.net\/arhiva\/od-sada-samo-sa-novim-pasosem-u-eu\/#primaryimage\"},\"image\":{\"@id\":\"https:\/\/sandzakpress.net\/arhiva\/od-sada-samo-sa-novim-pasosem-u-eu\/#primaryimage\"},\"thumbnailUrl\":\"https:\/\/sandzakpress.net\/arhiva\/wp-content\/uploads\/2009\/12\/novi_pasosi.jpg\",\"datePublished\":\"2009-12-19T12:17:53+00:00\",\"dateModified\":\"2009-12-23T16:09:00+00:00\",\"breadcrumb\":{\"@id\":\"https:\/\/sandzakpress.net\/arhiva\/od-sada-samo-sa-novim-pasosem-u-eu\/#breadcrumb\"},\"inLanguage\":\"bs-BA\",\"potentialAction\":[{\"@type\":\"ReadAction\",\"target\":[\"https:\/\/sandzakpress.net\/arhiva\/od-sada-samo-sa-novim-pasosem-u-eu\/\"]}]},{\"@type\":\"ImageObject\",\"inLanguage\":\"bs-BA\",\"@id\":\"https:\/\/sandzakpress.net\/arhiva\/od-sada-samo-sa-novim-pasosem-u-eu\/#primaryimage\",\"url\":\"https:\/\/sandzakpress.net\/arhiva\/wp-content\/uploads\/2009\/12\/novi_pasosi.jpg\",\"contentUrl\":\"https:\/\/sandzakpress.net\/arhiva\/wp-content\/uploads\/2009\/12\/novi_pasosi.jpg\",\"width\":426,\"height\":242},{\"@type\":\"BreadcrumbList\",\"@id\":\"https:\/\/sandzakpress.net\/arhiva\/od-sada-samo-sa-novim-pasosem-u-eu\/#breadcrumb\",\"itemListElement\":[{\"@type\":\"ListItem\",\"position\":1,\"name\":\"Home\",\"item\":\"https:\/\/sandzakpress.net\/arhiva\/\"},{\"@type\":\"ListItem\",\"position\":2,\"name\":\"Od sada samo sa novim paso\u0161em u EU\"}]},{\"@type\":\"WebSite\",\"@id\":\"https:\/\/sandzakpress.net\/arhiva\/#website\",\"url\":\"https:\/\/sandzakpress.net\/arhiva\/\",\"name\":\"Sand\u017eak PRESS\",\"description\":\"Prve elektronske novine u Sand\u017eaku\",\"publisher\":{\"@id\":\"https:\/\/sandzakpress.net\/arhiva\/#\/schema\/person\/6e72b67d6e51910a1117b3b483ba20bd\"},\"potentialAction\":[{\"@type\":\"SearchAction\",\"target\":{\"@type\":\"EntryPoint\",\"urlTemplate\":\"https:\/\/sandzakpress.net\/arhiva\/?s={search_term_string}\"},\"query-input\":{\"@type\":\"PropertyValueSpecification\",\"valueRequired\":true,\"valueName\":\"search_term_string\"}}],\"inLanguage\":\"bs-BA\"},{\"@type\":[\"Person\",\"Organization\"],\"@id\":\"https:\/\/sandzakpress.net\/arhiva\/#\/schema\/person\/6e72b67d6e51910a1117b3b483ba20bd\",\"name\":\"Kul\",\"image\":{\"@type\":\"ImageObject\",\"inLanguage\":\"bs-BA\",\"@id\":\"https:\/\/sandzakpress.net\/arhiva\/#\/schema\/person\/image\/\",\"url\":\"https:\/\/secure.gravatar.com\/avatar\/42263f39aa27ac04c43cab85c280eb2e?s=96&d=mm&r=pg\",\"contentUrl\":\"https:\/\/secure.gravatar.com\/avatar\/42263f39aa27ac04c43cab85c280eb2e?s=96&d=mm&r=pg\",\"caption\":\"Kul\"},\"logo\":{\"@id\":\"https:\/\/sandzakpress.net\/arhiva\/#\/schema\/person\/image\/\"}},{\"@type\":\"Person\",\"@id\":\"https:\/\/sandzakpress.net\/arhiva\/#\/schema\/person\/c8baee722073534b583ea7bdb2e36c02\",\"name\":\"bosniak\",\"image\":{\"@type\":\"ImageObject\",\"inLanguage\":\"bs-BA\",\"@id\":\"https:\/\/sandzakpress.net\/arhiva\/#\/schema\/person\/image\/\",\"url\":\"https:\/\/secure.gravatar.com\/avatar\/a04fd330bfe3a36a72a0ad4a6d89fca7?s=96&d=mm&r=pg\",\"contentUrl\":\"https:\/\/secure.gravatar.com\/avatar\/a04fd330bfe3a36a72a0ad4a6d89fca7?s=96&d=mm&r=pg\",\"caption\":\"bosniak\"},\"url\":\"https:\/\/sandzakpress.net\/arhiva\/author\/bosniak\/\"}]}<\/script>\n<!-- \/ Yoast SEO Premium plugin. -->","yoast_head_json":{"title":"Od sada samo sa novim paso\u0161em u EU","robots":{"index":"index","follow":"follow","max-snippet":"max-snippet:-1","max-image-preview":"max-image-preview:large","max-video-preview":"max-video-preview:-1"},"canonical":"https:\/\/sandzakpress.net\/arhiva\/od-sada-samo-sa-novim-pasosem-u-eu\/","og_locale":"bs_BA","og_type":"article","og_title":"Od sada samo sa novim paso\u0161em u EU","og_description":"Od pono\u0107i gra\u0111ani Srbije i Crne Gore koji posjeduju nove biometrijske paso\u0161e poslije gotovo dvije decenije mo\u0107i \u0107e, bez prethodnog \u010dekanja u ambasadama, da pre\u0111u granicu Evropske Unije. Gra\u0111ani Srbije i Crne Gore \u0107e od sutra samo sa novim paso\u0161em mo\u0107i da putuju i u Rumuniju i Bugarsku, iako se nalaze van \u0161engenskog prostora, dok [&hellip;]","og_url":"https:\/\/sandzakpress.net\/arhiva\/od-sada-samo-sa-novim-pasosem-u-eu\/","og_site_name":"Sand\u017eak PRESS","article_published_time":"2009-12-19T12:17:53+00:00","article_modified_time":"2009-12-23T16:09:00+00:00","og_image":[{"width":426,"height":242,"url":"https:\/\/sandzakpress.net\/arhiva\/wp-content\/uploads\/2009\/12\/novi_pasosi.jpg","type":"image\/jpeg"}],"author":"bosniak","twitter_card":"summary_large_image","twitter_misc":{"Written by":"bosniak","Est. reading time":"1 minuta"},"schema":{"@context":"https:\/\/schema.org","@graph":[{"@type":"Article","@id":"https:\/\/sandzakpress.net\/arhiva\/od-sada-samo-sa-novim-pasosem-u-eu\/#article","isPartOf":{"@id":"https:\/\/sandzakpress.net\/arhiva\/od-sada-samo-sa-novim-pasosem-u-eu\/"},"author":{"name":"bosniak","@id":"https:\/\/sandzakpress.net\/arhiva\/#\/schema\/person\/c8baee722073534b583ea7bdb2e36c02"},"headline":"Od sada samo sa novim paso\u0161em u EU","datePublished":"2009-12-19T12:17:53+00:00","dateModified":"2009-12-23T16:09:00+00:00","mainEntityOfPage":{"@id":"https:\/\/sandzakpress.net\/arhiva\/od-sada-samo-sa-novim-pasosem-u-eu\/"},"wordCount":128,"commentCount":0,"publisher":{"@id":"https:\/\/sandzakpress.net\/arhiva\/#\/schema\/person\/6e72b67d6e51910a1117b3b483ba20bd"},"image":{"@id":"https:\/\/sandzakpress.net\/arhiva\/od-sada-samo-sa-novim-pasosem-u-eu\/#primaryimage"},"thumbnailUrl":"https:\/\/sandzakpress.net\/arhiva\/wp-content\/uploads\/2009\/12\/novi_pasosi.jpg","articleSection":["Novine"],"inLanguage":"bs-BA","potentialAction":[{"@type":"CommentAction","name":"Comment","target":["https:\/\/sandzakpress.net\/arhiva\/od-sada-samo-sa-novim-pasosem-u-eu\/#respond"]}]},{"@type":"WebPage","@id":"https:\/\/sandzakpress.net\/arhiva\/od-sada-samo-sa-novim-pasosem-u-eu\/","url":"https:\/\/sandzakpress.net\/arhiva\/od-sada-samo-sa-novim-pasosem-u-eu\/","name":"Od sada samo sa novim paso\u0161em u EU","isPartOf":{"@id":"https:\/\/sandzakpress.net\/arhiva\/#website"},"primaryImageOfPage":{"@id":"https:\/\/sandzakpress.net\/arhiva\/od-sada-samo-sa-novim-pasosem-u-eu\/#primaryimage"},"image":{"@id":"https:\/\/sandzakpress.net\/arhiva\/od-sada-samo-sa-novim-pasosem-u-eu\/#primaryimage"},"thumbnailUrl":"https:\/\/sandzakpress.net\/arhiva\/wp-content\/uploads\/2009\/12\/novi_pasosi.jpg","datePublished":"2009-12-19T12:17:53+00:00","dateModified":"2009-12-23T16:09:00+00:00","breadcrumb":{"@id":"https:\/\/sandzakpress.net\/arhiva\/od-sada-samo-sa-novim-pasosem-u-eu\/#breadcrumb"},"inLanguage":"bs-BA","potentialAction":[{"@type":"ReadAction","target":["https:\/\/sandzakpress.net\/arhiva\/od-sada-samo-sa-novim-pasosem-u-eu\/"]}]},{"@type":"ImageObject","inLanguage":"bs-BA","@id":"https:\/\/sandzakpress.net\/arhiva\/od-sada-samo-sa-novim-pasosem-u-eu\/#primaryimage","url":"https:\/\/sandzakpress.net\/arhiva\/wp-content\/uploads\/2009\/12\/novi_pasosi.jpg","contentUrl":"https:\/\/sandzakpress.net\/arhiva\/wp-content\/uploads\/2009\/12\/novi_pasosi.jpg","width":426,"height":242},{"@type":"BreadcrumbList","@id":"https:\/\/sandzakpress.net\/arhiva\/od-sada-samo-sa-novim-pasosem-u-eu\/#breadcrumb","itemListElement":[{"@type":"ListItem","position":1,"name":"Home","item":"https:\/\/sandzakpress.net\/arhiva\/"},{"@type":"ListItem","position":2,"name":"Od sada samo sa novim paso\u0161em u EU"}]},{"@type":"WebSite","@id":"https:\/\/sandzakpress.net\/arhiva\/#website","url":"https:\/\/sandzakpress.net\/arhiva\/","name":"Sand\u017eak PRESS","description":"Prve elektronske novine u Sand\u017eaku","publisher":{"@id":"https:\/\/sandzakpress.net\/arhiva\/#\/schema\/person\/6e72b67d6e51910a1117b3b483ba20bd"},"potentialAction":[{"@type":"SearchAction","target":{"@type":"EntryPoint","urlTemplate":"https:\/\/sandzakpress.net\/arhiva\/?s={search_term_string}"},"query-input":{"@type":"PropertyValueSpecification","valueRequired":true,"valueName":"search_term_string"}}],"inLanguage":"bs-BA"},{"@type":["Person","Organization"],"@id":"https:\/\/sandzakpress.net\/arhiva\/#\/schema\/person\/6e72b67d6e51910a1117b3b483ba20bd","name":"Kul","image":{"@type":"ImageObject","inLanguage":"bs-BA","@id":"https:\/\/sandzakpress.net\/arhiva\/#\/schema\/person\/image\/","url":"https:\/\/secure.gravatar.com\/avatar\/42263f39aa27ac04c43cab85c280eb2e?s=96&d=mm&r=pg","contentUrl":"https:\/\/secure.gravatar.com\/avatar\/42263f39aa27ac04c43cab85c280eb2e?s=96&d=mm&r=pg","caption":"Kul"},"logo":{"@id":"https:\/\/sandzakpress.net\/arhiva\/#\/schema\/person\/image\/"}},{"@type":"Person","@id":"https:\/\/sandzakpress.net\/arhiva\/#\/schema\/person\/c8baee722073534b583ea7bdb2e36c02","name":"bosniak","image":{"@type":"ImageObject","inLanguage":"bs-BA","@id":"https:\/\/sandzakpress.net\/arhiva\/#\/schema\/person\/image\/","url":"https:\/\/secure.gravatar.com\/avatar\/a04fd330bfe3a36a72a0ad4a6d89fca7?s=96&d=mm&r=pg","contentUrl":"https:\/\/secure.gravatar.com\/avatar\/a04fd330bfe3a36a72a0ad4a6d89fca7?s=96&d=mm&r=pg","caption":"bosniak"},"url":"https:\/\/sandzakpress.net\/arhiva\/author\/bosniak\/"}]}},"_links":{"self":[{"href":"https:\/\/sandzakpress.net\/arhiva\/wp-json\/wp\/v2\/posts\/219"}],"collection":[{"href":"https:\/\/sandzakpress.net\/arhiva\/wp-json\/wp\/v2\/posts"}],"about":[{"href":"https:\/\/sandzakpress.net\/arhiva\/wp-json\/wp\/v2\/types\/post"}],"author":[{"embeddable":true,"href":"https:\/\/sandzakpress.net\/arhiva\/wp-json\/wp\/v2\/users\/83"}],"replies":[{"embeddable":true,"href":"https:\/\/sandzakpress.net\/arhiva\/wp-json\/wp\/v2\/comments?post=219"}],"version-history":[{"count":0,"href":"https:\/\/sandzakpress.net\/arhiva\/wp-json\/wp\/v2\/posts\/219\/revisions"}],"wp:featuredmedia":[{"embeddable":true,"href":"https:\/\/sandzakpress.net\/arhiva\/wp-json\/wp\/v2\/media\/472"}],"wp:attachment":[{"href":"https:\/\/sandzakpress.net\/arhiva\/wp-json\/wp\/v2\/media?parent=219"}],"wp:term":[{"taxonomy":"category","embeddable":true,"href":"https:\/\/sandzakpress.net\/arhiva\/wp-json\/wp\/v2\/categories?post=219"},{"taxonomy":"post_tag","embeddable":true,"href":"https:\/\/sandzakpress.net\/arhiva\/wp-json\/wp\/v2\/tags?post=219"}],"curies":[{"name":"wp","href":"https:\/\/api.w.org\/{rel}","templated":true}]}}