{"id":218982,"date":"2019-03-09T19:20:23","date_gmt":"2019-03-09T18:20:23","guid":{"rendered":"https:\/\/sandzakpress.net\/arhiva\/?p=218982"},"modified":"2019-03-09T19:20:23","modified_gmt":"2019-03-09T18:20:23","slug":"sda-organizirala-protestnu-setnju-protiv-koalicionih-partnera","status":"publish","type":"post","link":"https:\/\/sandzakpress.net\/arhiva\/sda-organizirala-protestnu-setnju-protiv-koalicionih-partnera\/","title":{"rendered":"SDA organizirala protestnu \u0161etnju protiv koalicionih partnera"},"content":{"rendered":"<p><img decoding=\"async\" src=\"https:\/\/sanapress.info\/wp-content\/uploads\/2019\/03\/img-605175609a04bdba8bb3857ee4bb192b-v8259438253584509157.jpg\" \/><\/p>\n<p><strong>Stranke demokratske akcije Sand\u017eaka organizirala je u Novom Pazaru<\/strong>\u00a0<b>protestnu \u0161etnju \u201cZa sigurnu budu\u0107nost- Sand\u017eak se budi<\/b><b>\u201c.<\/b><\/p>\n<p>Protestu je prisustvovalo vi\u0161e stotina aktivista SDA iz svih sand\u017ea\u010dkih gradova.<\/p>\n<p>Neobi\u010dno, za ove vrste protesta je da se niko nije obratio ve\u0107 je u prisustvu predsjednika SDA Sand\u017eaka Sulejmana Ugljanina pro\u010ditano protestno pismo.<\/p>\n<p>\u201cMi se ovim protestom pridru\u017eujemo ljudima koji izra\u017eavaju svoju spremnost da zajedno izgradimo dr\u017eavu zasnovanu na vladavini prava i jednakih mogu\u0107nosti za sve. Mi protestujemo protiv tolerantnog odnosa srpskih drzavnih organa prema zlo\u010dinima nad Bo\u0161njacima. Srpska Skup\u0161tina, srpska Vlada i srpski predsjednik negiraju zlo\u010din genocida nad Bo\u0161njacima u BiH i masovne zlo\u010dine nad Bo\u0161njacima Sand\u017eaka, u Sjeverinu, Kukurovi\u0107ima, \u0160trpcima i druge zlo\u010dine \u010dije su \u017ertve Bo\u0161njaci Sand\u017eaka, \u010dime se kod Bo\u0161njaka stvara osje\u0107aj nesigurnosti. Na ovaj na\u010din izra\u017eavamo protest zbog diskriminacije koja se provodi nad Bo\u0161njacima u Sand\u017eaku pri zapo\u0161ljavanju u tu\u017eila\u0161tvu, sudstvu, policiji i drugim slu\u017ebama sa javnim ovla\u0161\u0107enjima. Protestujemo zbog neprijateljskog odnosa srpskih dr\u017eavnih organa prema bo\u0161nja\u010dkom narodu Sand\u017eaka i njihovim legitimno izabranim predstavnicima, izra\u017eeno kroz vjerski \u0161ovinizam, nacional-fa\u0161izam i socijal-rasizam. Protestujemo protiv izra\u017eenog apsolutizma i diktature u Srbiji \u010dime je suspendovana vladavina prava i pravna sigurnost, osnovna ustavna na\u010dela, prava na \u017eivot, slobodu, sigurnost i ekonomski razvoj bez uslovljavanja. Protest \u0161to jo\u0161 nije rije\u0161en status Sand\u017eaka i \u0161to Bo\u0161njacima u Srbiji jo\u0161 nije priznato ranije ste\u010deno pravo naroda. Ovi pritesti imaju za cilj sigurnu budu\u0107nost, \u017eivot dostojnog \u010dovjeka i izgradnju dr\u017eave jednakih mogu\u0107nosti za sve.\u201d<\/p>\n<p>Iz SDA Sand\u017eaka ranije najavljeno da \u0107e naredni prostet biti odr\u017ean u subotu 16. marta 2019. godine.<\/p>\n<p>Podsje\u0107amo da SDA Sand\u017eaka ima odli\u010dnu saradnju sa SNS-om Aleksandra Vu\u010di\u0107a, i zajedno \u010dine koalicionu vlast u Novom Pazaru, Tutinu, Sjenici, Prijepolju i Priboju.<\/p>\n<p>(SANA)<\/p>\n<p><img loading=\"lazy\" decoding=\"async\" class=\"wp-image-44669 alignnone size-full\" src=\"https:\/\/sanapress.info\/wp-content\/uploads\/2019\/03\/img-3d6936bf1d58208a20fb425db4af8058-v1173497257687814577.jpg\" sizes=\"(max-width: 1280px) 100vw, 1280px\" srcset=\"https:\/\/sanapress.info\/wp-content\/uploads\/2019\/03\/img-3d6936bf1d58208a20fb425db4af8058-v1173497257687814577.jpg 1280w, https:\/\/sanapress.info\/wp-content\/uploads\/2019\/03\/img-3d6936bf1d58208a20fb425db4af8058-v1173497257687814577-300x225.jpg 300w, https:\/\/sanapress.info\/wp-content\/uploads\/2019\/03\/img-3d6936bf1d58208a20fb425db4af8058-v1173497257687814577-768x576.jpg 768w, https:\/\/sanapress.info\/wp-content\/uploads\/2019\/03\/img-3d6936bf1d58208a20fb425db4af8058-v1173497257687814577-1024x768.jpg 1024w\" width=\"1280\" height=\"960\" \/><\/p>\n<p><img loading=\"lazy\" decoding=\"async\" class=\"wp-image-44671 alignnone size-full\" src=\"https:\/\/sanapress.info\/wp-content\/uploads\/2019\/03\/img-5e4e25c501e70a43a5f7675482765d8c-v1362259465344977913.jpg\" sizes=\"(max-width: 1280px) 100vw, 1280px\" srcset=\"https:\/\/sanapress.info\/wp-content\/uploads\/2019\/03\/img-5e4e25c501e70a43a5f7675482765d8c-v1362259465344977913.jpg 1280w, https:\/\/sanapress.info\/wp-content\/uploads\/2019\/03\/img-5e4e25c501e70a43a5f7675482765d8c-v1362259465344977913-300x225.jpg 300w, https:\/\/sanapress.info\/wp-content\/uploads\/2019\/03\/img-5e4e25c501e70a43a5f7675482765d8c-v1362259465344977913-768x576.jpg 768w, https:\/\/sanapress.info\/wp-content\/uploads\/2019\/03\/img-5e4e25c501e70a43a5f7675482765d8c-v1362259465344977913-1024x768.jpg 1024w\" width=\"1280\" height=\"960\" \/><\/p>\n<p><img loading=\"lazy\" decoding=\"async\" class=\"wp-image-44670 alignnone size-full\" src=\"https:\/\/sanapress.info\/wp-content\/uploads\/2019\/03\/img-1790883383c15a942b780e26e0905ca9-v1703317781490846982.jpg\" sizes=\"(max-width: 1280px) 100vw, 1280px\" srcset=\"https:\/\/sanapress.info\/wp-content\/uploads\/2019\/03\/img-1790883383c15a942b780e26e0905ca9-v1703317781490846982.jpg 1280w, https:\/\/sanapress.info\/wp-content\/uploads\/2019\/03\/img-1790883383c15a942b780e26e0905ca9-v1703317781490846982-300x225.jpg 300w, https:\/\/sanapress.info\/wp-content\/uploads\/2019\/03\/img-1790883383c15a942b780e26e0905ca9-v1703317781490846982-768x576.jpg 768w, https:\/\/sanapress.info\/wp-content\/uploads\/2019\/03\/img-1790883383c15a942b780e26e0905ca9-v1703317781490846982-1024x768.jpg 1024w\" width=\"1280\" height=\"960\" \/><\/p>\n","protected":false},"excerpt":{"rendered":"<p>Stranke demokratske akcije Sand\u017eaka organizirala je u Novom Pazaru\u00a0protestnu \u0161etnju \u201cZa sigurnu budu\u0107nost- Sand\u017eak se budi\u201c. Protestu je prisustvovalo vi\u0161e stotina aktivista SDA iz svih sand\u017ea\u010dkih gradova. Neobi\u010dno, za ove vrste protesta je da se niko nije obratio ve\u0107 je u prisustvu predsjednika SDA Sand\u017eaka Sulejmana Ugljanina pro\u010ditano protestno pismo. \u201cMi se ovim protestom pridru\u017eujemo [&hellip;]<\/p>\n","protected":false},"author":509,"featured_media":218983,"comment_status":"open","ping_status":"open","sticky":false,"template":"","format":"standard","meta":{"footnotes":""},"categories":[72,1,10307,8957,798],"tags":[],"class_list":{"0":"post-218982","1":"post","2":"type-post","3":"status-publish","4":"format-standard","5":"has-post-thumbnail","7":"category-novi-pazar","8":"category-politika","9":"category-srbija","10":"category-vijesti-dana","11":"category-teme"},"yoast_head":"<!-- This site is optimized with the Yoast SEO Premium plugin v23.1 (Yoast SEO v24.9) - https:\/\/yoast.com\/wordpress\/plugins\/seo\/ -->\n<title>SDA organizirala protestnu \u0161etnju protiv koalicionih partnera<\/title>\n<meta name=\"robots\" content=\"index, follow, max-snippet:-1, max-image-preview:large, max-video-preview:-1\" \/>\n<link rel=\"canonical\" href=\"https:\/\/sandzakpress.net\/arhiva\/sda-organizirala-protestnu-setnju-protiv-koalicionih-partnera\/\" \/>\n<meta property=\"og:locale\" content=\"bs_BA\" \/>\n<meta property=\"og:type\" content=\"article\" \/>\n<meta property=\"og:title\" content=\"SDA organizirala protestnu \u0161etnju protiv koalicionih partnera\" \/>\n<meta property=\"og:description\" content=\"Stranke demokratske akcije Sand\u017eaka organizirala je u Novom Pazaru\u00a0protestnu \u0161etnju \u201cZa sigurnu budu\u0107nost- Sand\u017eak se budi\u201c. Protestu je prisustvovalo vi\u0161e stotina aktivista SDA iz svih sand\u017ea\u010dkih gradova. Neobi\u010dno, za ove vrste protesta je da se niko nije obratio ve\u0107 je u prisustvu predsjednika SDA Sand\u017eaka Sulejmana Ugljanina pro\u010ditano protestno pismo. \u201cMi se ovim protestom pridru\u017eujemo [&hellip;]\" \/>\n<meta property=\"og:url\" content=\"https:\/\/sandzakpress.net\/arhiva\/sda-organizirala-protestnu-setnju-protiv-koalicionih-partnera\/\" \/>\n<meta property=\"og:site_name\" content=\"Sand\u017eak PRESS\" \/>\n<meta property=\"article:published_time\" content=\"2019-03-09T18:20:23+00:00\" \/>\n<meta property=\"og:image\" content=\"https:\/\/sandzakpress.net\/arhiva\/wp-content\/uploads\/2019\/03\/img-605175609a04bdba8bb3857ee4bb192b-v8259438253584509157.jpg\" \/>\n\t<meta property=\"og:image:width\" content=\"1280\" \/>\n\t<meta property=\"og:image:height\" content=\"960\" \/>\n\t<meta property=\"og:image:type\" content=\"image\/jpeg\" \/>\n<meta name=\"author\" content=\"Agencija\" \/>\n<meta name=\"twitter:card\" content=\"summary_large_image\" \/>\n<meta name=\"twitter:label1\" content=\"Written by\" \/>\n\t<meta name=\"twitter:data1\" content=\"Agencija\" \/>\n\t<meta name=\"twitter:label2\" content=\"Est. reading time\" \/>\n\t<meta name=\"twitter:data2\" content=\"2 minute\" \/>\n<script type=\"application\/ld+json\" class=\"yoast-schema-graph\">{\"@context\":\"https:\/\/schema.org\",\"@graph\":[{\"@type\":\"Article\",\"@id\":\"https:\/\/sandzakpress.net\/arhiva\/sda-organizirala-protestnu-setnju-protiv-koalicionih-partnera\/#article\",\"isPartOf\":{\"@id\":\"https:\/\/sandzakpress.net\/arhiva\/sda-organizirala-protestnu-setnju-protiv-koalicionih-partnera\/\"},\"author\":{\"name\":\"Agencija\",\"@id\":\"https:\/\/sandzakpress.net\/arhiva\/#\/schema\/person\/cb59d7e3ab91ab90dd680ad0305a6185\"},\"headline\":\"SDA organizirala protestnu \u0161etnju protiv koalicionih partnera\",\"datePublished\":\"2019-03-09T18:20:23+00:00\",\"mainEntityOfPage\":{\"@id\":\"https:\/\/sandzakpress.net\/arhiva\/sda-organizirala-protestnu-setnju-protiv-koalicionih-partnera\/\"},\"wordCount\":344,\"commentCount\":6,\"publisher\":{\"@id\":\"https:\/\/sandzakpress.net\/arhiva\/#\/schema\/person\/6e72b67d6e51910a1117b3b483ba20bd\"},\"image\":{\"@id\":\"https:\/\/sandzakpress.net\/arhiva\/sda-organizirala-protestnu-setnju-protiv-koalicionih-partnera\/#primaryimage\"},\"thumbnailUrl\":\"https:\/\/sandzakpress.net\/arhiva\/wp-content\/uploads\/2019\/03\/img-605175609a04bdba8bb3857ee4bb192b-v8259438253584509157.jpg\",\"articleSection\":[\"Novi Pazar\",\"Politika\",\"Srbija\",\"VIJESTI DANA\",\"NAJNOVIJE\"],\"inLanguage\":\"bs-BA\",\"potentialAction\":[{\"@type\":\"CommentAction\",\"name\":\"Comment\",\"target\":[\"https:\/\/sandzakpress.net\/arhiva\/sda-organizirala-protestnu-setnju-protiv-koalicionih-partnera\/#respond\"]}]},{\"@type\":\"WebPage\",\"@id\":\"https:\/\/sandzakpress.net\/arhiva\/sda-organizirala-protestnu-setnju-protiv-koalicionih-partnera\/\",\"url\":\"https:\/\/sandzakpress.net\/arhiva\/sda-organizirala-protestnu-setnju-protiv-koalicionih-partnera\/\",\"name\":\"SDA organizirala protestnu \u0161etnju protiv koalicionih partnera\",\"isPartOf\":{\"@id\":\"https:\/\/sandzakpress.net\/arhiva\/#website\"},\"primaryImageOfPage\":{\"@id\":\"https:\/\/sandzakpress.net\/arhiva\/sda-organizirala-protestnu-setnju-protiv-koalicionih-partnera\/#primaryimage\"},\"image\":{\"@id\":\"https:\/\/sandzakpress.net\/arhiva\/sda-organizirala-protestnu-setnju-protiv-koalicionih-partnera\/#primaryimage\"},\"thumbnailUrl\":\"https:\/\/sandzakpress.net\/arhiva\/wp-content\/uploads\/2019\/03\/img-605175609a04bdba8bb3857ee4bb192b-v8259438253584509157.jpg\",\"datePublished\":\"2019-03-09T18:20:23+00:00\",\"breadcrumb\":{\"@id\":\"https:\/\/sandzakpress.net\/arhiva\/sda-organizirala-protestnu-setnju-protiv-koalicionih-partnera\/#breadcrumb\"},\"inLanguage\":\"bs-BA\",\"potentialAction\":[{\"@type\":\"ReadAction\",\"target\":[\"https:\/\/sandzakpress.net\/arhiva\/sda-organizirala-protestnu-setnju-protiv-koalicionih-partnera\/\"]}]},{\"@type\":\"ImageObject\",\"inLanguage\":\"bs-BA\",\"@id\":\"https:\/\/sandzakpress.net\/arhiva\/sda-organizirala-protestnu-setnju-protiv-koalicionih-partnera\/#primaryimage\",\"url\":\"https:\/\/sandzakpress.net\/arhiva\/wp-content\/uploads\/2019\/03\/img-605175609a04bdba8bb3857ee4bb192b-v8259438253584509157.jpg\",\"contentUrl\":\"https:\/\/sandzakpress.net\/arhiva\/wp-content\/uploads\/2019\/03\/img-605175609a04bdba8bb3857ee4bb192b-v8259438253584509157.jpg\",\"width\":1280,\"height\":960},{\"@type\":\"BreadcrumbList\",\"@id\":\"https:\/\/sandzakpress.net\/arhiva\/sda-organizirala-protestnu-setnju-protiv-koalicionih-partnera\/#breadcrumb\",\"itemListElement\":[{\"@type\":\"ListItem\",\"position\":1,\"name\":\"Home\",\"item\":\"https:\/\/sandzakpress.net\/arhiva\/\"},{\"@type\":\"ListItem\",\"position\":2,\"name\":\"SDA organizirala protestnu \u0161etnju protiv koalicionih partnera\"}]},{\"@type\":\"WebSite\",\"@id\":\"https:\/\/sandzakpress.net\/arhiva\/#website\",\"url\":\"https:\/\/sandzakpress.net\/arhiva\/\",\"name\":\"Sand\u017eak PRESS\",\"description\":\"Prve elektronske novine u Sand\u017eaku\",\"publisher\":{\"@id\":\"https:\/\/sandzakpress.net\/arhiva\/#\/schema\/person\/6e72b67d6e51910a1117b3b483ba20bd\"},\"potentialAction\":[{\"@type\":\"SearchAction\",\"target\":{\"@type\":\"EntryPoint\",\"urlTemplate\":\"https:\/\/sandzakpress.net\/arhiva\/?s={search_term_string}\"},\"query-input\":{\"@type\":\"PropertyValueSpecification\",\"valueRequired\":true,\"valueName\":\"search_term_string\"}}],\"inLanguage\":\"bs-BA\"},{\"@type\":[\"Person\",\"Organization\"],\"@id\":\"https:\/\/sandzakpress.net\/arhiva\/#\/schema\/person\/6e72b67d6e51910a1117b3b483ba20bd\",\"name\":\"Kul\",\"image\":{\"@type\":\"ImageObject\",\"inLanguage\":\"bs-BA\",\"@id\":\"https:\/\/sandzakpress.net\/arhiva\/#\/schema\/person\/image\/\",\"url\":\"https:\/\/secure.gravatar.com\/avatar\/42263f39aa27ac04c43cab85c280eb2e?s=96&d=mm&r=pg\",\"contentUrl\":\"https:\/\/secure.gravatar.com\/avatar\/42263f39aa27ac04c43cab85c280eb2e?s=96&d=mm&r=pg\",\"caption\":\"Kul\"},\"logo\":{\"@id\":\"https:\/\/sandzakpress.net\/arhiva\/#\/schema\/person\/image\/\"}},{\"@type\":\"Person\",\"@id\":\"https:\/\/sandzakpress.net\/arhiva\/#\/schema\/person\/cb59d7e3ab91ab90dd680ad0305a6185\",\"name\":\"Agencija\",\"image\":{\"@type\":\"ImageObject\",\"inLanguage\":\"bs-BA\",\"@id\":\"https:\/\/sandzakpress.net\/arhiva\/#\/schema\/person\/image\/\",\"url\":\"https:\/\/secure.gravatar.com\/avatar\/4b7fafa80a22f0c2afe23966b3961fe0?s=96&d=mm&r=pg\",\"contentUrl\":\"https:\/\/secure.gravatar.com\/avatar\/4b7fafa80a22f0c2afe23966b3961fe0?s=96&d=mm&r=pg\",\"caption\":\"Agencija\"},\"url\":\"https:\/\/sandzakpress.net\/arhiva\/author\/agencija\/\"}]}<\/script>\n<!-- \/ Yoast SEO Premium plugin. -->","yoast_head_json":{"title":"SDA organizirala protestnu \u0161etnju protiv koalicionih partnera","robots":{"index":"index","follow":"follow","max-snippet":"max-snippet:-1","max-image-preview":"max-image-preview:large","max-video-preview":"max-video-preview:-1"},"canonical":"https:\/\/sandzakpress.net\/arhiva\/sda-organizirala-protestnu-setnju-protiv-koalicionih-partnera\/","og_locale":"bs_BA","og_type":"article","og_title":"SDA organizirala protestnu \u0161etnju protiv koalicionih partnera","og_description":"Stranke demokratske akcije Sand\u017eaka organizirala je u Novom Pazaru\u00a0protestnu \u0161etnju \u201cZa sigurnu budu\u0107nost- Sand\u017eak se budi\u201c. Protestu je prisustvovalo vi\u0161e stotina aktivista SDA iz svih sand\u017ea\u010dkih gradova. Neobi\u010dno, za ove vrste protesta je da se niko nije obratio ve\u0107 je u prisustvu predsjednika SDA Sand\u017eaka Sulejmana Ugljanina pro\u010ditano protestno pismo. \u201cMi se ovim protestom pridru\u017eujemo [&hellip;]","og_url":"https:\/\/sandzakpress.net\/arhiva\/sda-organizirala-protestnu-setnju-protiv-koalicionih-partnera\/","og_site_name":"Sand\u017eak PRESS","article_published_time":"2019-03-09T18:20:23+00:00","og_image":[{"width":1280,"height":960,"url":"https:\/\/sandzakpress.net\/arhiva\/wp-content\/uploads\/2019\/03\/img-605175609a04bdba8bb3857ee4bb192b-v8259438253584509157.jpg","type":"image\/jpeg"}],"author":"Agencija","twitter_card":"summary_large_image","twitter_misc":{"Written by":"Agencija","Est. reading time":"2 minute"},"schema":{"@context":"https:\/\/schema.org","@graph":[{"@type":"Article","@id":"https:\/\/sandzakpress.net\/arhiva\/sda-organizirala-protestnu-setnju-protiv-koalicionih-partnera\/#article","isPartOf":{"@id":"https:\/\/sandzakpress.net\/arhiva\/sda-organizirala-protestnu-setnju-protiv-koalicionih-partnera\/"},"author":{"name":"Agencija","@id":"https:\/\/sandzakpress.net\/arhiva\/#\/schema\/person\/cb59d7e3ab91ab90dd680ad0305a6185"},"headline":"SDA organizirala protestnu \u0161etnju protiv koalicionih partnera","datePublished":"2019-03-09T18:20:23+00:00","mainEntityOfPage":{"@id":"https:\/\/sandzakpress.net\/arhiva\/sda-organizirala-protestnu-setnju-protiv-koalicionih-partnera\/"},"wordCount":344,"commentCount":6,"publisher":{"@id":"https:\/\/sandzakpress.net\/arhiva\/#\/schema\/person\/6e72b67d6e51910a1117b3b483ba20bd"},"image":{"@id":"https:\/\/sandzakpress.net\/arhiva\/sda-organizirala-protestnu-setnju-protiv-koalicionih-partnera\/#primaryimage"},"thumbnailUrl":"https:\/\/sandzakpress.net\/arhiva\/wp-content\/uploads\/2019\/03\/img-605175609a04bdba8bb3857ee4bb192b-v8259438253584509157.jpg","articleSection":["Novi Pazar","Politika","Srbija","VIJESTI DANA","NAJNOVIJE"],"inLanguage":"bs-BA","potentialAction":[{"@type":"CommentAction","name":"Comment","target":["https:\/\/sandzakpress.net\/arhiva\/sda-organizirala-protestnu-setnju-protiv-koalicionih-partnera\/#respond"]}]},{"@type":"WebPage","@id":"https:\/\/sandzakpress.net\/arhiva\/sda-organizirala-protestnu-setnju-protiv-koalicionih-partnera\/","url":"https:\/\/sandzakpress.net\/arhiva\/sda-organizirala-protestnu-setnju-protiv-koalicionih-partnera\/","name":"SDA organizirala protestnu \u0161etnju protiv koalicionih partnera","isPartOf":{"@id":"https:\/\/sandzakpress.net\/arhiva\/#website"},"primaryImageOfPage":{"@id":"https:\/\/sandzakpress.net\/arhiva\/sda-organizirala-protestnu-setnju-protiv-koalicionih-partnera\/#primaryimage"},"image":{"@id":"https:\/\/sandzakpress.net\/arhiva\/sda-organizirala-protestnu-setnju-protiv-koalicionih-partnera\/#primaryimage"},"thumbnailUrl":"https:\/\/sandzakpress.net\/arhiva\/wp-content\/uploads\/2019\/03\/img-605175609a04bdba8bb3857ee4bb192b-v8259438253584509157.jpg","datePublished":"2019-03-09T18:20:23+00:00","breadcrumb":{"@id":"https:\/\/sandzakpress.net\/arhiva\/sda-organizirala-protestnu-setnju-protiv-koalicionih-partnera\/#breadcrumb"},"inLanguage":"bs-BA","potentialAction":[{"@type":"ReadAction","target":["https:\/\/sandzakpress.net\/arhiva\/sda-organizirala-protestnu-setnju-protiv-koalicionih-partnera\/"]}]},{"@type":"ImageObject","inLanguage":"bs-BA","@id":"https:\/\/sandzakpress.net\/arhiva\/sda-organizirala-protestnu-setnju-protiv-koalicionih-partnera\/#primaryimage","url":"https:\/\/sandzakpress.net\/arhiva\/wp-content\/uploads\/2019\/03\/img-605175609a04bdba8bb3857ee4bb192b-v8259438253584509157.jpg","contentUrl":"https:\/\/sandzakpress.net\/arhiva\/wp-content\/uploads\/2019\/03\/img-605175609a04bdba8bb3857ee4bb192b-v8259438253584509157.jpg","width":1280,"height":960},{"@type":"BreadcrumbList","@id":"https:\/\/sandzakpress.net\/arhiva\/sda-organizirala-protestnu-setnju-protiv-koalicionih-partnera\/#breadcrumb","itemListElement":[{"@type":"ListItem","position":1,"name":"Home","item":"https:\/\/sandzakpress.net\/arhiva\/"},{"@type":"ListItem","position":2,"name":"SDA organizirala protestnu \u0161etnju protiv koalicionih partnera"}]},{"@type":"WebSite","@id":"https:\/\/sandzakpress.net\/arhiva\/#website","url":"https:\/\/sandzakpress.net\/arhiva\/","name":"Sand\u017eak PRESS","description":"Prve elektronske novine u Sand\u017eaku","publisher":{"@id":"https:\/\/sandzakpress.net\/arhiva\/#\/schema\/person\/6e72b67d6e51910a1117b3b483ba20bd"},"potentialAction":[{"@type":"SearchAction","target":{"@type":"EntryPoint","urlTemplate":"https:\/\/sandzakpress.net\/arhiva\/?s={search_term_string}"},"query-input":{"@type":"PropertyValueSpecification","valueRequired":true,"valueName":"search_term_string"}}],"inLanguage":"bs-BA"},{"@type":["Person","Organization"],"@id":"https:\/\/sandzakpress.net\/arhiva\/#\/schema\/person\/6e72b67d6e51910a1117b3b483ba20bd","name":"Kul","image":{"@type":"ImageObject","inLanguage":"bs-BA","@id":"https:\/\/sandzakpress.net\/arhiva\/#\/schema\/person\/image\/","url":"https:\/\/secure.gravatar.com\/avatar\/42263f39aa27ac04c43cab85c280eb2e?s=96&d=mm&r=pg","contentUrl":"https:\/\/secure.gravatar.com\/avatar\/42263f39aa27ac04c43cab85c280eb2e?s=96&d=mm&r=pg","caption":"Kul"},"logo":{"@id":"https:\/\/sandzakpress.net\/arhiva\/#\/schema\/person\/image\/"}},{"@type":"Person","@id":"https:\/\/sandzakpress.net\/arhiva\/#\/schema\/person\/cb59d7e3ab91ab90dd680ad0305a6185","name":"Agencija","image":{"@type":"ImageObject","inLanguage":"bs-BA","@id":"https:\/\/sandzakpress.net\/arhiva\/#\/schema\/person\/image\/","url":"https:\/\/secure.gravatar.com\/avatar\/4b7fafa80a22f0c2afe23966b3961fe0?s=96&d=mm&r=pg","contentUrl":"https:\/\/secure.gravatar.com\/avatar\/4b7fafa80a22f0c2afe23966b3961fe0?s=96&d=mm&r=pg","caption":"Agencija"},"url":"https:\/\/sandzakpress.net\/arhiva\/author\/agencija\/"}]}},"_links":{"self":[{"href":"https:\/\/sandzakpress.net\/arhiva\/wp-json\/wp\/v2\/posts\/218982"}],"collection":[{"href":"https:\/\/sandzakpress.net\/arhiva\/wp-json\/wp\/v2\/posts"}],"about":[{"href":"https:\/\/sandzakpress.net\/arhiva\/wp-json\/wp\/v2\/types\/post"}],"author":[{"embeddable":true,"href":"https:\/\/sandzakpress.net\/arhiva\/wp-json\/wp\/v2\/users\/509"}],"replies":[{"embeddable":true,"href":"https:\/\/sandzakpress.net\/arhiva\/wp-json\/wp\/v2\/comments?post=218982"}],"version-history":[{"count":0,"href":"https:\/\/sandzakpress.net\/arhiva\/wp-json\/wp\/v2\/posts\/218982\/revisions"}],"wp:featuredmedia":[{"embeddable":true,"href":"https:\/\/sandzakpress.net\/arhiva\/wp-json\/wp\/v2\/media\/218983"}],"wp:attachment":[{"href":"https:\/\/sandzakpress.net\/arhiva\/wp-json\/wp\/v2\/media?parent=218982"}],"wp:term":[{"taxonomy":"category","embeddable":true,"href":"https:\/\/sandzakpress.net\/arhiva\/wp-json\/wp\/v2\/categories?post=218982"},{"taxonomy":"post_tag","embeddable":true,"href":"https:\/\/sandzakpress.net\/arhiva\/wp-json\/wp\/v2\/tags?post=218982"}],"curies":[{"name":"wp","href":"https:\/\/api.w.org\/{rel}","templated":true}]}}