{"id":21897,"date":"2011-10-19T17:20:57","date_gmt":"2011-10-19T15:20:57","guid":{"rendered":"https:\/\/sandzakpress.net\/arhiva\/?p=21897"},"modified":"2011-10-19T17:20:57","modified_gmt":"2011-10-19T15:20:57","slug":"unesco-2011-godinu-proglasio-godinom-sjecanja-na-evliju-celebiju","status":"publish","type":"post","link":"https:\/\/sandzakpress.net\/arhiva\/unesco-2011-godinu-proglasio-godinom-sjecanja-na-evliju-celebiju\/","title":{"rendered":"UNESCO 2011. godinu proglasio godinom sje\u0107anja na Evliju \u010celebiju"},"content":{"rendered":"<p><strong><a href=\"https:\/\/sandzakpress.net\/arhiva\/wp-content\/uploads\/2011\/10\/evlija-celebija.jpg\"><img loading=\"lazy\" decoding=\"async\" class=\"alignleft size-medium wp-image-21898\" title=\"evlija celebija\" src=\"https:\/\/sandzakpress.net\/arhiva\/wp-content\/uploads\/2011\/10\/evlija-celebija-300x225.jpg\" alt=\"\" width=\"300\" height=\"225\" \/><\/a>Sand\u017eak &#8211; UNESCO je 2011. godinu proglasio godinom sje\u0107anja na Evliju \u010celebiju<\/strong>.<\/p>\n<p>Ministarstvo kulture i turizma organizovalo je izlo\u017ebu pod nazivom &#8220;Svijet Evlije \u010celebije&#8221; koja predstavlja pri\u010du o Evliji \u010celebiji i njegovom &#8220;Putopisu&#8221; ili &#8220;Seyahatnami&#8221;.<\/p>\n<p>Putuju\u0107a izlo\u017eba je predstavljena gra\u0111anima provincija Kayseri i \u010corum.<\/p>\n<p>Podaci iz \u010celebijinog &#8220;Putopisa&#8221; predstavljeni su javnosti uz vizuelna pomagala kako bi bili dostupni \u0161to \u0161iroj publici. Svrha ove video instalacije je upoznavanjemla\u0111ih generacija sa Evlijom \u010celebijom.<\/p>\n<p>Evlija \u010celebija je detaljno opisivao mjesta kroz koja je putovao, ono \u0161to je u njima vidio, od arhitektonskih stilova do hrane, trgovinskih prilika do stilova odijevanja.<\/p>\n<p>Evlija \u010celebija je posjetio va\u017ene prijestolnice u krugu koji pokriva 20-22 miliona kvadratnih kilometara prostora, mnoga ostrva na Mediteranu i Crnom moru, me\u0111u kojima i Krim. U svojoj knjizi je dao detaljan opis o obi\u010dajima i tradiciji, dru\u0161tvima, kao i \u017eivotinjama koje je uo\u010dio u mjestima u koja je putovao.<\/p>\n<p>Putopis Evlije \u010celebije, koji je proveo svoj \u017eivot na konju, putuju\u0107i, ostvalja svoj trag, sve do danas.<\/p>\n<p>Izvor: <strong>Mesihat.org<\/strong><\/p>\n","protected":false},"excerpt":{"rendered":"<p>Sand\u017eak &#8211; UNESCO je 2011. godinu proglasio godinom sje\u0107anja na Evliju \u010celebiju. Ministarstvo kulture i turizma organizovalo je izlo\u017ebu pod nazivom &#8220;Svijet Evlije \u010celebije&#8221; koja predstavlja pri\u010du o Evliji \u010celebiji i njegovom &#8220;Putopisu&#8221; ili &#8220;Seyahatnami&#8221;. Putuju\u0107a izlo\u017eba je predstavljena gra\u0111anima provincija Kayseri i \u010corum. Podaci iz \u010celebijinog &#8220;Putopisa&#8221; predstavljeni su javnosti uz vizuelna pomagala kako [&hellip;]<\/p>\n","protected":false},"author":14,"featured_media":21898,"comment_status":"open","ping_status":"open","sticky":false,"template":"","format":"standard","meta":{"footnotes":""},"categories":[398,72,397,52,327,396,392,393,395,394,399],"tags":[],"class_list":{"0":"post-21897","1":"post","2":"type-post","3":"status-publish","4":"format-standard","5":"has-post-thumbnail","7":"category-rozaje","8":"category-novi-pazar","9":"category-berane","10":"category-sjenica","11":"category-tutin","12":"category-bijelo_polje","13":"category-prijepolje_","14":"category-priboj","15":"category-pljevlja_","16":"category-nova-varos","17":"category-plav_"},"yoast_head":"<!-- This site is optimized with the Yoast SEO Premium plugin v23.1 (Yoast SEO v24.9) - https:\/\/yoast.com\/wordpress\/plugins\/seo\/ -->\n<title>UNESCO 2011. godinu proglasio godinom sje\u0107anja na Evliju \u010celebiju<\/title>\n<meta name=\"robots\" content=\"index, follow, max-snippet:-1, max-image-preview:large, max-video-preview:-1\" \/>\n<link rel=\"canonical\" href=\"https:\/\/sandzakpress.net\/arhiva\/unesco-2011-godinu-proglasio-godinom-sjecanja-na-evliju-celebiju\/\" \/>\n<meta property=\"og:locale\" content=\"bs_BA\" \/>\n<meta property=\"og:type\" content=\"article\" \/>\n<meta property=\"og:title\" content=\"UNESCO 2011. godinu proglasio godinom sje\u0107anja na Evliju \u010celebiju\" \/>\n<meta property=\"og:description\" content=\"Sand\u017eak &#8211; UNESCO je 2011. godinu proglasio godinom sje\u0107anja na Evliju \u010celebiju. Ministarstvo kulture i turizma organizovalo je izlo\u017ebu pod nazivom &#8220;Svijet Evlije \u010celebije&#8221; koja predstavlja pri\u010du o Evliji \u010celebiji i njegovom &#8220;Putopisu&#8221; ili &#8220;Seyahatnami&#8221;. Putuju\u0107a izlo\u017eba je predstavljena gra\u0111anima provincija Kayseri i \u010corum. Podaci iz \u010celebijinog &#8220;Putopisa&#8221; predstavljeni su javnosti uz vizuelna pomagala kako [&hellip;]\" \/>\n<meta property=\"og:url\" content=\"https:\/\/sandzakpress.net\/arhiva\/unesco-2011-godinu-proglasio-godinom-sjecanja-na-evliju-celebiju\/\" \/>\n<meta property=\"og:site_name\" content=\"Sand\u017eak PRESS\" \/>\n<meta property=\"article:published_time\" content=\"2011-10-19T15:20:57+00:00\" \/>\n<meta property=\"og:image\" content=\"https:\/\/sandzakpress.net\/arhiva\/wp-content\/uploads\/2011\/10\/evlija-celebija.jpg\" \/>\n\t<meta property=\"og:image:width\" content=\"444\" \/>\n\t<meta property=\"og:image:height\" content=\"333\" \/>\n\t<meta property=\"og:image:type\" content=\"image\/jpeg\" \/>\n<meta name=\"twitter:card\" content=\"summary_large_image\" \/>\n<meta name=\"twitter:label1\" content=\"Written by\" \/>\n\t<meta name=\"twitter:data1\" content=\"\" \/>\n\t<meta name=\"twitter:label2\" content=\"Est. reading time\" \/>\n\t<meta name=\"twitter:data2\" content=\"1 minuta\" \/>\n<script type=\"application\/ld+json\" class=\"yoast-schema-graph\">{\"@context\":\"https:\/\/schema.org\",\"@graph\":[{\"@type\":\"Article\",\"@id\":\"https:\/\/sandzakpress.net\/arhiva\/unesco-2011-godinu-proglasio-godinom-sjecanja-na-evliju-celebiju\/#article\",\"isPartOf\":{\"@id\":\"https:\/\/sandzakpress.net\/arhiva\/unesco-2011-godinu-proglasio-godinom-sjecanja-na-evliju-celebiju\/\"},\"author\":{\"name\":\"\",\"@id\":\"\"},\"headline\":\"UNESCO 2011. godinu proglasio godinom sje\u0107anja na Evliju \u010celebiju\",\"datePublished\":\"2011-10-19T15:20:57+00:00\",\"mainEntityOfPage\":{\"@id\":\"https:\/\/sandzakpress.net\/arhiva\/unesco-2011-godinu-proglasio-godinom-sjecanja-na-evliju-celebiju\/\"},\"wordCount\":189,\"commentCount\":2,\"publisher\":{\"@id\":\"https:\/\/sandzakpress.net\/arhiva\/#\/schema\/person\/6e72b67d6e51910a1117b3b483ba20bd\"},\"image\":{\"@id\":\"https:\/\/sandzakpress.net\/arhiva\/unesco-2011-godinu-proglasio-godinom-sjecanja-na-evliju-celebiju\/#primaryimage\"},\"thumbnailUrl\":\"https:\/\/sandzakpress.net\/arhiva\/wp-content\/uploads\/2011\/10\/evlija-celebija.jpg\",\"articleSection\":[\"Ro\u017eaje\",\"Novi Pazar\",\"Berane\",\"Sjenica\",\"Tutin\",\"Bijelo Polje\",\"Prijepolje\",\"Priboj\",\"Pljevlja\",\"Nova Varo\u0161\",\"Plav\"],\"inLanguage\":\"bs-BA\",\"potentialAction\":[{\"@type\":\"CommentAction\",\"name\":\"Comment\",\"target\":[\"https:\/\/sandzakpress.net\/arhiva\/unesco-2011-godinu-proglasio-godinom-sjecanja-na-evliju-celebiju\/#respond\"]}]},{\"@type\":\"WebPage\",\"@id\":\"https:\/\/sandzakpress.net\/arhiva\/unesco-2011-godinu-proglasio-godinom-sjecanja-na-evliju-celebiju\/\",\"url\":\"https:\/\/sandzakpress.net\/arhiva\/unesco-2011-godinu-proglasio-godinom-sjecanja-na-evliju-celebiju\/\",\"name\":\"UNESCO 2011. godinu proglasio godinom sje\u0107anja na Evliju \u010celebiju\",\"isPartOf\":{\"@id\":\"https:\/\/sandzakpress.net\/arhiva\/#website\"},\"primaryImageOfPage\":{\"@id\":\"https:\/\/sandzakpress.net\/arhiva\/unesco-2011-godinu-proglasio-godinom-sjecanja-na-evliju-celebiju\/#primaryimage\"},\"image\":{\"@id\":\"https:\/\/sandzakpress.net\/arhiva\/unesco-2011-godinu-proglasio-godinom-sjecanja-na-evliju-celebiju\/#primaryimage\"},\"thumbnailUrl\":\"https:\/\/sandzakpress.net\/arhiva\/wp-content\/uploads\/2011\/10\/evlija-celebija.jpg\",\"datePublished\":\"2011-10-19T15:20:57+00:00\",\"breadcrumb\":{\"@id\":\"https:\/\/sandzakpress.net\/arhiva\/unesco-2011-godinu-proglasio-godinom-sjecanja-na-evliju-celebiju\/#breadcrumb\"},\"inLanguage\":\"bs-BA\",\"potentialAction\":[{\"@type\":\"ReadAction\",\"target\":[\"https:\/\/sandzakpress.net\/arhiva\/unesco-2011-godinu-proglasio-godinom-sjecanja-na-evliju-celebiju\/\"]}]},{\"@type\":\"ImageObject\",\"inLanguage\":\"bs-BA\",\"@id\":\"https:\/\/sandzakpress.net\/arhiva\/unesco-2011-godinu-proglasio-godinom-sjecanja-na-evliju-celebiju\/#primaryimage\",\"url\":\"https:\/\/sandzakpress.net\/arhiva\/wp-content\/uploads\/2011\/10\/evlija-celebija.jpg\",\"contentUrl\":\"https:\/\/sandzakpress.net\/arhiva\/wp-content\/uploads\/2011\/10\/evlija-celebija.jpg\",\"width\":444,\"height\":333},{\"@type\":\"BreadcrumbList\",\"@id\":\"https:\/\/sandzakpress.net\/arhiva\/unesco-2011-godinu-proglasio-godinom-sjecanja-na-evliju-celebiju\/#breadcrumb\",\"itemListElement\":[{\"@type\":\"ListItem\",\"position\":1,\"name\":\"Home\",\"item\":\"https:\/\/sandzakpress.net\/arhiva\/\"},{\"@type\":\"ListItem\",\"position\":2,\"name\":\"UNESCO 2011. godinu proglasio godinom sje\u0107anja na Evliju \u010celebiju\"}]},{\"@type\":\"WebSite\",\"@id\":\"https:\/\/sandzakpress.net\/arhiva\/#website\",\"url\":\"https:\/\/sandzakpress.net\/arhiva\/\",\"name\":\"Sand\u017eak PRESS\",\"description\":\"Prve elektronske novine u Sand\u017eaku\",\"publisher\":{\"@id\":\"https:\/\/sandzakpress.net\/arhiva\/#\/schema\/person\/6e72b67d6e51910a1117b3b483ba20bd\"},\"potentialAction\":[{\"@type\":\"SearchAction\",\"target\":{\"@type\":\"EntryPoint\",\"urlTemplate\":\"https:\/\/sandzakpress.net\/arhiva\/?s={search_term_string}\"},\"query-input\":{\"@type\":\"PropertyValueSpecification\",\"valueRequired\":true,\"valueName\":\"search_term_string\"}}],\"inLanguage\":\"bs-BA\"},{\"@type\":[\"Person\",\"Organization\"],\"@id\":\"https:\/\/sandzakpress.net\/arhiva\/#\/schema\/person\/6e72b67d6e51910a1117b3b483ba20bd\",\"name\":\"Kul\",\"image\":{\"@type\":\"ImageObject\",\"inLanguage\":\"bs-BA\",\"@id\":\"https:\/\/sandzakpress.net\/arhiva\/#\/schema\/person\/image\/\",\"url\":\"https:\/\/secure.gravatar.com\/avatar\/42263f39aa27ac04c43cab85c280eb2e?s=96&d=mm&r=pg\",\"contentUrl\":\"https:\/\/secure.gravatar.com\/avatar\/42263f39aa27ac04c43cab85c280eb2e?s=96&d=mm&r=pg\",\"caption\":\"Kul\"},\"logo\":{\"@id\":\"https:\/\/sandzakpress.net\/arhiva\/#\/schema\/person\/image\/\"}},{\"@type\":\"Person\",\"@id\":\"\",\"url\":\"https:\/\/sandzakpress.net\/arhiva\/author\/\"}]}<\/script>\n<!-- \/ Yoast SEO Premium plugin. -->","yoast_head_json":{"title":"UNESCO 2011. godinu proglasio godinom sje\u0107anja na Evliju \u010celebiju","robots":{"index":"index","follow":"follow","max-snippet":"max-snippet:-1","max-image-preview":"max-image-preview:large","max-video-preview":"max-video-preview:-1"},"canonical":"https:\/\/sandzakpress.net\/arhiva\/unesco-2011-godinu-proglasio-godinom-sjecanja-na-evliju-celebiju\/","og_locale":"bs_BA","og_type":"article","og_title":"UNESCO 2011. godinu proglasio godinom sje\u0107anja na Evliju \u010celebiju","og_description":"Sand\u017eak &#8211; UNESCO je 2011. godinu proglasio godinom sje\u0107anja na Evliju \u010celebiju. Ministarstvo kulture i turizma organizovalo je izlo\u017ebu pod nazivom &#8220;Svijet Evlije \u010celebije&#8221; koja predstavlja pri\u010du o Evliji \u010celebiji i njegovom &#8220;Putopisu&#8221; ili &#8220;Seyahatnami&#8221;. Putuju\u0107a izlo\u017eba je predstavljena gra\u0111anima provincija Kayseri i \u010corum. Podaci iz \u010celebijinog &#8220;Putopisa&#8221; predstavljeni su javnosti uz vizuelna pomagala kako [&hellip;]","og_url":"https:\/\/sandzakpress.net\/arhiva\/unesco-2011-godinu-proglasio-godinom-sjecanja-na-evliju-celebiju\/","og_site_name":"Sand\u017eak PRESS","article_published_time":"2011-10-19T15:20:57+00:00","og_image":[{"width":444,"height":333,"url":"https:\/\/sandzakpress.net\/arhiva\/wp-content\/uploads\/2011\/10\/evlija-celebija.jpg","type":"image\/jpeg"}],"twitter_card":"summary_large_image","twitter_misc":{"Written by":"","Est. reading time":"1 minuta"},"schema":{"@context":"https:\/\/schema.org","@graph":[{"@type":"Article","@id":"https:\/\/sandzakpress.net\/arhiva\/unesco-2011-godinu-proglasio-godinom-sjecanja-na-evliju-celebiju\/#article","isPartOf":{"@id":"https:\/\/sandzakpress.net\/arhiva\/unesco-2011-godinu-proglasio-godinom-sjecanja-na-evliju-celebiju\/"},"author":{"name":"","@id":""},"headline":"UNESCO 2011. godinu proglasio godinom sje\u0107anja na Evliju \u010celebiju","datePublished":"2011-10-19T15:20:57+00:00","mainEntityOfPage":{"@id":"https:\/\/sandzakpress.net\/arhiva\/unesco-2011-godinu-proglasio-godinom-sjecanja-na-evliju-celebiju\/"},"wordCount":189,"commentCount":2,"publisher":{"@id":"https:\/\/sandzakpress.net\/arhiva\/#\/schema\/person\/6e72b67d6e51910a1117b3b483ba20bd"},"image":{"@id":"https:\/\/sandzakpress.net\/arhiva\/unesco-2011-godinu-proglasio-godinom-sjecanja-na-evliju-celebiju\/#primaryimage"},"thumbnailUrl":"https:\/\/sandzakpress.net\/arhiva\/wp-content\/uploads\/2011\/10\/evlija-celebija.jpg","articleSection":["Ro\u017eaje","Novi Pazar","Berane","Sjenica","Tutin","Bijelo Polje","Prijepolje","Priboj","Pljevlja","Nova Varo\u0161","Plav"],"inLanguage":"bs-BA","potentialAction":[{"@type":"CommentAction","name":"Comment","target":["https:\/\/sandzakpress.net\/arhiva\/unesco-2011-godinu-proglasio-godinom-sjecanja-na-evliju-celebiju\/#respond"]}]},{"@type":"WebPage","@id":"https:\/\/sandzakpress.net\/arhiva\/unesco-2011-godinu-proglasio-godinom-sjecanja-na-evliju-celebiju\/","url":"https:\/\/sandzakpress.net\/arhiva\/unesco-2011-godinu-proglasio-godinom-sjecanja-na-evliju-celebiju\/","name":"UNESCO 2011. godinu proglasio godinom sje\u0107anja na Evliju \u010celebiju","isPartOf":{"@id":"https:\/\/sandzakpress.net\/arhiva\/#website"},"primaryImageOfPage":{"@id":"https:\/\/sandzakpress.net\/arhiva\/unesco-2011-godinu-proglasio-godinom-sjecanja-na-evliju-celebiju\/#primaryimage"},"image":{"@id":"https:\/\/sandzakpress.net\/arhiva\/unesco-2011-godinu-proglasio-godinom-sjecanja-na-evliju-celebiju\/#primaryimage"},"thumbnailUrl":"https:\/\/sandzakpress.net\/arhiva\/wp-content\/uploads\/2011\/10\/evlija-celebija.jpg","datePublished":"2011-10-19T15:20:57+00:00","breadcrumb":{"@id":"https:\/\/sandzakpress.net\/arhiva\/unesco-2011-godinu-proglasio-godinom-sjecanja-na-evliju-celebiju\/#breadcrumb"},"inLanguage":"bs-BA","potentialAction":[{"@type":"ReadAction","target":["https:\/\/sandzakpress.net\/arhiva\/unesco-2011-godinu-proglasio-godinom-sjecanja-na-evliju-celebiju\/"]}]},{"@type":"ImageObject","inLanguage":"bs-BA","@id":"https:\/\/sandzakpress.net\/arhiva\/unesco-2011-godinu-proglasio-godinom-sjecanja-na-evliju-celebiju\/#primaryimage","url":"https:\/\/sandzakpress.net\/arhiva\/wp-content\/uploads\/2011\/10\/evlija-celebija.jpg","contentUrl":"https:\/\/sandzakpress.net\/arhiva\/wp-content\/uploads\/2011\/10\/evlija-celebija.jpg","width":444,"height":333},{"@type":"BreadcrumbList","@id":"https:\/\/sandzakpress.net\/arhiva\/unesco-2011-godinu-proglasio-godinom-sjecanja-na-evliju-celebiju\/#breadcrumb","itemListElement":[{"@type":"ListItem","position":1,"name":"Home","item":"https:\/\/sandzakpress.net\/arhiva\/"},{"@type":"ListItem","position":2,"name":"UNESCO 2011. godinu proglasio godinom sje\u0107anja na Evliju \u010celebiju"}]},{"@type":"WebSite","@id":"https:\/\/sandzakpress.net\/arhiva\/#website","url":"https:\/\/sandzakpress.net\/arhiva\/","name":"Sand\u017eak PRESS","description":"Prve elektronske novine u Sand\u017eaku","publisher":{"@id":"https:\/\/sandzakpress.net\/arhiva\/#\/schema\/person\/6e72b67d6e51910a1117b3b483ba20bd"},"potentialAction":[{"@type":"SearchAction","target":{"@type":"EntryPoint","urlTemplate":"https:\/\/sandzakpress.net\/arhiva\/?s={search_term_string}"},"query-input":{"@type":"PropertyValueSpecification","valueRequired":true,"valueName":"search_term_string"}}],"inLanguage":"bs-BA"},{"@type":["Person","Organization"],"@id":"https:\/\/sandzakpress.net\/arhiva\/#\/schema\/person\/6e72b67d6e51910a1117b3b483ba20bd","name":"Kul","image":{"@type":"ImageObject","inLanguage":"bs-BA","@id":"https:\/\/sandzakpress.net\/arhiva\/#\/schema\/person\/image\/","url":"https:\/\/secure.gravatar.com\/avatar\/42263f39aa27ac04c43cab85c280eb2e?s=96&d=mm&r=pg","contentUrl":"https:\/\/secure.gravatar.com\/avatar\/42263f39aa27ac04c43cab85c280eb2e?s=96&d=mm&r=pg","caption":"Kul"},"logo":{"@id":"https:\/\/sandzakpress.net\/arhiva\/#\/schema\/person\/image\/"}},{"@type":"Person","@id":"","url":"https:\/\/sandzakpress.net\/arhiva\/author\/"}]}},"_links":{"self":[{"href":"https:\/\/sandzakpress.net\/arhiva\/wp-json\/wp\/v2\/posts\/21897"}],"collection":[{"href":"https:\/\/sandzakpress.net\/arhiva\/wp-json\/wp\/v2\/posts"}],"about":[{"href":"https:\/\/sandzakpress.net\/arhiva\/wp-json\/wp\/v2\/types\/post"}],"author":[{"embeddable":true,"href":"https:\/\/sandzakpress.net\/arhiva\/wp-json\/wp\/v2\/users\/14"}],"replies":[{"embeddable":true,"href":"https:\/\/sandzakpress.net\/arhiva\/wp-json\/wp\/v2\/comments?post=21897"}],"version-history":[{"count":0,"href":"https:\/\/sandzakpress.net\/arhiva\/wp-json\/wp\/v2\/posts\/21897\/revisions"}],"wp:featuredmedia":[{"embeddable":true,"href":"https:\/\/sandzakpress.net\/arhiva\/wp-json\/wp\/v2\/media\/21898"}],"wp:attachment":[{"href":"https:\/\/sandzakpress.net\/arhiva\/wp-json\/wp\/v2\/media?parent=21897"}],"wp:term":[{"taxonomy":"category","embeddable":true,"href":"https:\/\/sandzakpress.net\/arhiva\/wp-json\/wp\/v2\/categories?post=21897"},{"taxonomy":"post_tag","embeddable":true,"href":"https:\/\/sandzakpress.net\/arhiva\/wp-json\/wp\/v2\/tags?post=21897"}],"curies":[{"name":"wp","href":"https:\/\/api.w.org\/{rel}","templated":true}]}}