{"id":218450,"date":"2019-03-04T12:51:41","date_gmt":"2019-03-04T11:51:41","guid":{"rendered":"https:\/\/sandzakpress.net\/arhiva\/?p=218450"},"modified":"2019-03-04T12:51:41","modified_gmt":"2019-03-04T11:51:41","slug":"u-kirhajmu-obiljezeni-jubileji-dan-nezavisnosti-bih-i-25-godina-dzemata","status":"publish","type":"post","link":"https:\/\/sandzakpress.net\/arhiva\/u-kirhajmu-obiljezeni-jubileji-dan-nezavisnosti-bih-i-25-godina-dzemata\/","title":{"rendered":"U Kirhajmu obilje\u017eeni jubileji \u2013 Dan nezavisnosti BiH i 25 godina d\u017eemata"},"content":{"rendered":"<p><img decoding=\"async\" src=\"https:\/\/sanapress.info\/wp-content\/uploads\/2019\/03\/img_8564-03-03-19-12-51.jpg\" \/><\/p>\n<div><strong>Kirhajm Tek, Njema\u010dka, 2. 3. 2019 \u2013 U subotu je odr\u017eana je sve\u010danost u povodu jubileja 25 godina od osnivanja d\u017eemata Kricheim u istoimenom gradu u Njema\u010dkoj, kao i obilje\u017eavanje 1. marta \u2013 Dana nezavisnosti Bosne i Hercegovine.<\/strong><\/div>\n<div>\u00a0<\/div>\n<div>Manifestacija je zapo\u010dela programom koji su pripremili polaznici mekteba u d\u017eematu Kirhajm Tek (Kirchheim Teck) prigodnom ilahijom.<\/div>\n<div>\u00a0<\/div>\n<div>Zatim, skupu se obratio Pa\u0161o ef. Feti\u0107 koji je po\u017eelio dobrodo\u0161licu prisutnima, poselamio goste i \u010destitao novoizabranom muftiji IZ Bo\u0161njaka za Evropu dr. Osmanu ef. Kozli\u0107u na preuzetom amanetu.<\/div>\n<div>\u00a0<\/div>\n<div>Skupu se obratio i Mensur ef. Pasali\u0107, \u0161ef Ureda za dijasporu Rijaseta IZ-e Bosne i Hercegovine. Pasali\u0107 je govorio o jedinstvu dzemata iz dijaspore, jedinstvu Bosnjaka te \u010duvanju matice Bosne i Sand\u017eaka. Kazao je da \u0161ejtanski posao radi ko razdvaja Bosnu i Sand\u017eak. Ef. Pasali\u0107 je \u010destitao svima prisutnima Dan nezavisnosti Bosne i Hercegovine i prenio srda\u010dne selame od vrhovnog poglavara muslimana reisu-l-uleme dr. Huseina ef. Kavazovi\u0107a.<\/div>\n<div>\u00a0<\/div>\n<div>U programu su u\u010destvovali i imami koji su u\u010dilili ajete iz \u010casnog Ku\u2018rana.<\/div>\n<div>\u00a0<\/div>\n<div>Skupu se, na kraju, obratio i muftija IZ-e Bo\u0161njaka u Evropi dr. Osman ef. Kozli\u0107 koji je poselamio skup, po\u017eelio svima dobrodo\u0161licu, \u010destitao Dan nezavisnosti BiH i, tako\u0111er, se osvrnuo na jedinstvo Bo\u0161njaka u svjetu. Kazao je da je sretan afirmacijom jedinstva Bo\u0161njaka u okviru jedne jedine Islamske zajednice sa centrom u Sarajevu na \u010dijem je \u010delu reisu-l-ulema dr. Husein ef. Kavazovi\u0107. Govorio je o svom novopreuzetom amanetu funkcije muftije za Evropu, ja\u010danju IZ, o\u010duvanja jedinstva Bo\u0161njaka, \u010duvanja domovine Bosne i Sand\u017eaka, \u010duvanja na\u0161e duhovnosti, tradicije i kulture.<\/div>\n<div>\u00a0<\/div>\n<div>Tim povodom pozvao je imame i sve Bo\u0161njake u zemlji i dijaspori na \u010dvrsto \u010duvanje jedinstva i me\u0111usobnog pomaganja.<\/div>\n<div>\u00a0<\/div>\n<div>Skupu su prisustvovali mnogobrojni predstavnici d\u017eemata cijele Evrope, predsjednik Saveza dopunskih \u0161kola BiH Haris Halilovi\u0107, predstavnik politi\u010dke partije BIG u Njema\u010dkoj gosp. Nihad Becirovi\u0107, predstavnik Bo\u0161nja\u010dke kulturne zajednice Luxembourg gosp. Asmir Bihorac, glavni imam za Francusku Isah ef. Daci\u0107 i mnogobronji imami. Skupu se obratio i predsjednik d\u017eemata U Kirhajmu gosp. Safet Kurpejovi\u0107 koji je poselamio goste, isti\u010du\u0107i citate rahm. predsjednika Alije Izetbegovi\u0107a i cestitao dan nezavisnosti BiH.<\/div>\n<div>\u00a0<\/div>\n<div>Hor \u201cBulbuli\u201d uljep\u0161ao je cijelu manifestaciju izvode\u0107i nekoliko prigodnih ilahija i kasida.<\/div>\n<div>Dovu na kraju programa prou\u010dio je Enver ef. Pa\u0161ali\u0107.<\/div>\n<div>\u00a0<\/div>\n<div><img decoding=\"async\" src=\"https:\/\/sanapress.info\/wp-content\/uploads\/2019\/03\/img_8554-03-03-19-12-51.jpg\" \/><\/div>\n<div><img decoding=\"async\" src=\"https:\/\/sanapress.info\/wp-content\/uploads\/2019\/03\/img_8539-03-03-19-12-51.jpg\" \/><\/div>\n<div><img decoding=\"async\" src=\"https:\/\/sanapress.info\/wp-content\/uploads\/2019\/03\/img_8525-03-03-19-12-51-1.jpg\" \/><\/div>\n<div><img decoding=\"async\" src=\"https:\/\/sanapress.info\/wp-content\/uploads\/2019\/03\/img_8530-03-03-19-12-51-2.jpg\" \/><\/div>\n<div><img decoding=\"async\" src=\"https:\/\/sanapress.info\/wp-content\/uploads\/2019\/03\/img_8568-03-03-19-12-51-2.jpg\" \/><\/div>\n","protected":false},"excerpt":{"rendered":"<p>Kirhajm Tek, Njema\u010dka, 2. 3. 2019 \u2013 U subotu je odr\u017eana je sve\u010danost u povodu jubileja 25 godina od osnivanja d\u017eemata Kricheim u istoimenom gradu u Njema\u010dkoj, kao i obilje\u017eavanje 1. marta \u2013 Dana nezavisnosti Bosne i Hercegovine. \u00a0 Manifestacija je zapo\u010dela programom koji su pripremili polaznici mekteba u d\u017eematu Kirhajm Tek (Kirchheim Teck) prigodnom [&hellip;]<\/p>\n","protected":false},"author":509,"featured_media":218452,"comment_status":"open","ping_status":"open","sticky":false,"template":"","format":"standard","meta":{"footnotes":""},"categories":[800,9538],"tags":[],"class_list":{"0":"post-218450","1":"post","2":"type-post","3":"status-publish","4":"format-standard","5":"has-post-thumbnail","7":"category-nacija","8":"category-njemacka-dijaspora-gradovi-vase-vijesti"},"yoast_head":"<!-- This site is optimized with the Yoast SEO Premium plugin v23.1 (Yoast SEO v24.9) - https:\/\/yoast.com\/wordpress\/plugins\/seo\/ -->\n<title>U Kirhajmu obilje\u017eeni jubileji \u2013 Dan nezavisnosti BiH i 25 godina d\u017eemata<\/title>\n<meta name=\"robots\" content=\"index, follow, max-snippet:-1, max-image-preview:large, max-video-preview:-1\" \/>\n<link rel=\"canonical\" href=\"https:\/\/sandzakpress.net\/arhiva\/u-kirhajmu-obiljezeni-jubileji-dan-nezavisnosti-bih-i-25-godina-dzemata\/\" \/>\n<meta property=\"og:locale\" content=\"bs_BA\" \/>\n<meta property=\"og:type\" content=\"article\" \/>\n<meta property=\"og:title\" content=\"U Kirhajmu obilje\u017eeni jubileji \u2013 Dan nezavisnosti BiH i 25 godina d\u017eemata\" \/>\n<meta property=\"og:description\" content=\"Kirhajm Tek, Njema\u010dka, 2. 3. 2019 \u2013 U subotu je odr\u017eana je sve\u010danost u povodu jubileja 25 godina od osnivanja d\u017eemata Kricheim u istoimenom gradu u Njema\u010dkoj, kao i obilje\u017eavanje 1. marta \u2013 Dana nezavisnosti Bosne i Hercegovine. \u00a0 Manifestacija je zapo\u010dela programom koji su pripremili polaznici mekteba u d\u017eematu Kirhajm Tek (Kirchheim Teck) prigodnom [&hellip;]\" \/>\n<meta property=\"og:url\" content=\"https:\/\/sandzakpress.net\/arhiva\/u-kirhajmu-obiljezeni-jubileji-dan-nezavisnosti-bih-i-25-godina-dzemata\/\" \/>\n<meta property=\"og:site_name\" content=\"Sand\u017eak PRESS\" \/>\n<meta property=\"article:published_time\" content=\"2019-03-04T11:51:41+00:00\" \/>\n<meta property=\"og:image\" content=\"https:\/\/sandzakpress.net\/arhiva\/wp-content\/uploads\/2019\/03\/img_8564-03-03-19-12-51.jpg\" \/>\n\t<meta property=\"og:image:width\" content=\"1280\" \/>\n\t<meta property=\"og:image:height\" content=\"960\" \/>\n\t<meta property=\"og:image:type\" content=\"image\/jpeg\" \/>\n<meta name=\"author\" content=\"Agencija\" \/>\n<meta name=\"twitter:card\" content=\"summary_large_image\" \/>\n<meta name=\"twitter:label1\" content=\"Written by\" \/>\n\t<meta name=\"twitter:data1\" content=\"Agencija\" \/>\n\t<meta name=\"twitter:label2\" content=\"Est. reading time\" \/>\n\t<meta name=\"twitter:data2\" content=\"2 minute\" \/>\n<script type=\"application\/ld+json\" class=\"yoast-schema-graph\">{\"@context\":\"https:\/\/schema.org\",\"@graph\":[{\"@type\":\"Article\",\"@id\":\"https:\/\/sandzakpress.net\/arhiva\/u-kirhajmu-obiljezeni-jubileji-dan-nezavisnosti-bih-i-25-godina-dzemata\/#article\",\"isPartOf\":{\"@id\":\"https:\/\/sandzakpress.net\/arhiva\/u-kirhajmu-obiljezeni-jubileji-dan-nezavisnosti-bih-i-25-godina-dzemata\/\"},\"author\":{\"name\":\"Agencija\",\"@id\":\"https:\/\/sandzakpress.net\/arhiva\/#\/schema\/person\/cb59d7e3ab91ab90dd680ad0305a6185\"},\"headline\":\"U Kirhajmu obilje\u017eeni jubileji \u2013 Dan nezavisnosti BiH i 25 godina d\u017eemata\",\"datePublished\":\"2019-03-04T11:51:41+00:00\",\"mainEntityOfPage\":{\"@id\":\"https:\/\/sandzakpress.net\/arhiva\/u-kirhajmu-obiljezeni-jubileji-dan-nezavisnosti-bih-i-25-godina-dzemata\/\"},\"wordCount\":411,\"commentCount\":0,\"publisher\":{\"@id\":\"https:\/\/sandzakpress.net\/arhiva\/#\/schema\/person\/6e72b67d6e51910a1117b3b483ba20bd\"},\"image\":{\"@id\":\"https:\/\/sandzakpress.net\/arhiva\/u-kirhajmu-obiljezeni-jubileji-dan-nezavisnosti-bih-i-25-godina-dzemata\/#primaryimage\"},\"thumbnailUrl\":\"https:\/\/sandzakpress.net\/arhiva\/wp-content\/uploads\/2019\/03\/img_8564-03-03-19-12-51.jpg\",\"articleSection\":[\"Nacija\",\"Njema\u010dka\"],\"inLanguage\":\"bs-BA\",\"potentialAction\":[{\"@type\":\"CommentAction\",\"name\":\"Comment\",\"target\":[\"https:\/\/sandzakpress.net\/arhiva\/u-kirhajmu-obiljezeni-jubileji-dan-nezavisnosti-bih-i-25-godina-dzemata\/#respond\"]}]},{\"@type\":\"WebPage\",\"@id\":\"https:\/\/sandzakpress.net\/arhiva\/u-kirhajmu-obiljezeni-jubileji-dan-nezavisnosti-bih-i-25-godina-dzemata\/\",\"url\":\"https:\/\/sandzakpress.net\/arhiva\/u-kirhajmu-obiljezeni-jubileji-dan-nezavisnosti-bih-i-25-godina-dzemata\/\",\"name\":\"U Kirhajmu obilje\u017eeni jubileji \u2013 Dan nezavisnosti BiH i 25 godina d\u017eemata\",\"isPartOf\":{\"@id\":\"https:\/\/sandzakpress.net\/arhiva\/#website\"},\"primaryImageOfPage\":{\"@id\":\"https:\/\/sandzakpress.net\/arhiva\/u-kirhajmu-obiljezeni-jubileji-dan-nezavisnosti-bih-i-25-godina-dzemata\/#primaryimage\"},\"image\":{\"@id\":\"https:\/\/sandzakpress.net\/arhiva\/u-kirhajmu-obiljezeni-jubileji-dan-nezavisnosti-bih-i-25-godina-dzemata\/#primaryimage\"},\"thumbnailUrl\":\"https:\/\/sandzakpress.net\/arhiva\/wp-content\/uploads\/2019\/03\/img_8564-03-03-19-12-51.jpg\",\"datePublished\":\"2019-03-04T11:51:41+00:00\",\"breadcrumb\":{\"@id\":\"https:\/\/sandzakpress.net\/arhiva\/u-kirhajmu-obiljezeni-jubileji-dan-nezavisnosti-bih-i-25-godina-dzemata\/#breadcrumb\"},\"inLanguage\":\"bs-BA\",\"potentialAction\":[{\"@type\":\"ReadAction\",\"target\":[\"https:\/\/sandzakpress.net\/arhiva\/u-kirhajmu-obiljezeni-jubileji-dan-nezavisnosti-bih-i-25-godina-dzemata\/\"]}]},{\"@type\":\"ImageObject\",\"inLanguage\":\"bs-BA\",\"@id\":\"https:\/\/sandzakpress.net\/arhiva\/u-kirhajmu-obiljezeni-jubileji-dan-nezavisnosti-bih-i-25-godina-dzemata\/#primaryimage\",\"url\":\"https:\/\/sandzakpress.net\/arhiva\/wp-content\/uploads\/2019\/03\/img_8564-03-03-19-12-51.jpg\",\"contentUrl\":\"https:\/\/sandzakpress.net\/arhiva\/wp-content\/uploads\/2019\/03\/img_8564-03-03-19-12-51.jpg\",\"width\":1280,\"height\":960},{\"@type\":\"BreadcrumbList\",\"@id\":\"https:\/\/sandzakpress.net\/arhiva\/u-kirhajmu-obiljezeni-jubileji-dan-nezavisnosti-bih-i-25-godina-dzemata\/#breadcrumb\",\"itemListElement\":[{\"@type\":\"ListItem\",\"position\":1,\"name\":\"Home\",\"item\":\"https:\/\/sandzakpress.net\/arhiva\/\"},{\"@type\":\"ListItem\",\"position\":2,\"name\":\"U Kirhajmu obilje\u017eeni jubileji \u2013 Dan nezavisnosti BiH i 25 godina d\u017eemata\"}]},{\"@type\":\"WebSite\",\"@id\":\"https:\/\/sandzakpress.net\/arhiva\/#website\",\"url\":\"https:\/\/sandzakpress.net\/arhiva\/\",\"name\":\"Sand\u017eak PRESS\",\"description\":\"Prve elektronske novine u Sand\u017eaku\",\"publisher\":{\"@id\":\"https:\/\/sandzakpress.net\/arhiva\/#\/schema\/person\/6e72b67d6e51910a1117b3b483ba20bd\"},\"potentialAction\":[{\"@type\":\"SearchAction\",\"target\":{\"@type\":\"EntryPoint\",\"urlTemplate\":\"https:\/\/sandzakpress.net\/arhiva\/?s={search_term_string}\"},\"query-input\":{\"@type\":\"PropertyValueSpecification\",\"valueRequired\":true,\"valueName\":\"search_term_string\"}}],\"inLanguage\":\"bs-BA\"},{\"@type\":[\"Person\",\"Organization\"],\"@id\":\"https:\/\/sandzakpress.net\/arhiva\/#\/schema\/person\/6e72b67d6e51910a1117b3b483ba20bd\",\"name\":\"Kul\",\"image\":{\"@type\":\"ImageObject\",\"inLanguage\":\"bs-BA\",\"@id\":\"https:\/\/sandzakpress.net\/arhiva\/#\/schema\/person\/image\/\",\"url\":\"https:\/\/secure.gravatar.com\/avatar\/42263f39aa27ac04c43cab85c280eb2e?s=96&d=mm&r=pg\",\"contentUrl\":\"https:\/\/secure.gravatar.com\/avatar\/42263f39aa27ac04c43cab85c280eb2e?s=96&d=mm&r=pg\",\"caption\":\"Kul\"},\"logo\":{\"@id\":\"https:\/\/sandzakpress.net\/arhiva\/#\/schema\/person\/image\/\"}},{\"@type\":\"Person\",\"@id\":\"https:\/\/sandzakpress.net\/arhiva\/#\/schema\/person\/cb59d7e3ab91ab90dd680ad0305a6185\",\"name\":\"Agencija\",\"image\":{\"@type\":\"ImageObject\",\"inLanguage\":\"bs-BA\",\"@id\":\"https:\/\/sandzakpress.net\/arhiva\/#\/schema\/person\/image\/\",\"url\":\"https:\/\/secure.gravatar.com\/avatar\/4b7fafa80a22f0c2afe23966b3961fe0?s=96&d=mm&r=pg\",\"contentUrl\":\"https:\/\/secure.gravatar.com\/avatar\/4b7fafa80a22f0c2afe23966b3961fe0?s=96&d=mm&r=pg\",\"caption\":\"Agencija\"},\"url\":\"https:\/\/sandzakpress.net\/arhiva\/author\/agencija\/\"}]}<\/script>\n<!-- \/ Yoast SEO Premium plugin. -->","yoast_head_json":{"title":"U Kirhajmu obilje\u017eeni jubileji \u2013 Dan nezavisnosti BiH i 25 godina d\u017eemata","robots":{"index":"index","follow":"follow","max-snippet":"max-snippet:-1","max-image-preview":"max-image-preview:large","max-video-preview":"max-video-preview:-1"},"canonical":"https:\/\/sandzakpress.net\/arhiva\/u-kirhajmu-obiljezeni-jubileji-dan-nezavisnosti-bih-i-25-godina-dzemata\/","og_locale":"bs_BA","og_type":"article","og_title":"U Kirhajmu obilje\u017eeni jubileji \u2013 Dan nezavisnosti BiH i 25 godina d\u017eemata","og_description":"Kirhajm Tek, Njema\u010dka, 2. 3. 2019 \u2013 U subotu je odr\u017eana je sve\u010danost u povodu jubileja 25 godina od osnivanja d\u017eemata Kricheim u istoimenom gradu u Njema\u010dkoj, kao i obilje\u017eavanje 1. marta \u2013 Dana nezavisnosti Bosne i Hercegovine. \u00a0 Manifestacija je zapo\u010dela programom koji su pripremili polaznici mekteba u d\u017eematu Kirhajm Tek (Kirchheim Teck) prigodnom [&hellip;]","og_url":"https:\/\/sandzakpress.net\/arhiva\/u-kirhajmu-obiljezeni-jubileji-dan-nezavisnosti-bih-i-25-godina-dzemata\/","og_site_name":"Sand\u017eak PRESS","article_published_time":"2019-03-04T11:51:41+00:00","og_image":[{"width":1280,"height":960,"url":"https:\/\/sandzakpress.net\/arhiva\/wp-content\/uploads\/2019\/03\/img_8564-03-03-19-12-51.jpg","type":"image\/jpeg"}],"author":"Agencija","twitter_card":"summary_large_image","twitter_misc":{"Written by":"Agencija","Est. reading time":"2 minute"},"schema":{"@context":"https:\/\/schema.org","@graph":[{"@type":"Article","@id":"https:\/\/sandzakpress.net\/arhiva\/u-kirhajmu-obiljezeni-jubileji-dan-nezavisnosti-bih-i-25-godina-dzemata\/#article","isPartOf":{"@id":"https:\/\/sandzakpress.net\/arhiva\/u-kirhajmu-obiljezeni-jubileji-dan-nezavisnosti-bih-i-25-godina-dzemata\/"},"author":{"name":"Agencija","@id":"https:\/\/sandzakpress.net\/arhiva\/#\/schema\/person\/cb59d7e3ab91ab90dd680ad0305a6185"},"headline":"U Kirhajmu obilje\u017eeni jubileji \u2013 Dan nezavisnosti BiH i 25 godina d\u017eemata","datePublished":"2019-03-04T11:51:41+00:00","mainEntityOfPage":{"@id":"https:\/\/sandzakpress.net\/arhiva\/u-kirhajmu-obiljezeni-jubileji-dan-nezavisnosti-bih-i-25-godina-dzemata\/"},"wordCount":411,"commentCount":0,"publisher":{"@id":"https:\/\/sandzakpress.net\/arhiva\/#\/schema\/person\/6e72b67d6e51910a1117b3b483ba20bd"},"image":{"@id":"https:\/\/sandzakpress.net\/arhiva\/u-kirhajmu-obiljezeni-jubileji-dan-nezavisnosti-bih-i-25-godina-dzemata\/#primaryimage"},"thumbnailUrl":"https:\/\/sandzakpress.net\/arhiva\/wp-content\/uploads\/2019\/03\/img_8564-03-03-19-12-51.jpg","articleSection":["Nacija","Njema\u010dka"],"inLanguage":"bs-BA","potentialAction":[{"@type":"CommentAction","name":"Comment","target":["https:\/\/sandzakpress.net\/arhiva\/u-kirhajmu-obiljezeni-jubileji-dan-nezavisnosti-bih-i-25-godina-dzemata\/#respond"]}]},{"@type":"WebPage","@id":"https:\/\/sandzakpress.net\/arhiva\/u-kirhajmu-obiljezeni-jubileji-dan-nezavisnosti-bih-i-25-godina-dzemata\/","url":"https:\/\/sandzakpress.net\/arhiva\/u-kirhajmu-obiljezeni-jubileji-dan-nezavisnosti-bih-i-25-godina-dzemata\/","name":"U Kirhajmu obilje\u017eeni jubileji \u2013 Dan nezavisnosti BiH i 25 godina d\u017eemata","isPartOf":{"@id":"https:\/\/sandzakpress.net\/arhiva\/#website"},"primaryImageOfPage":{"@id":"https:\/\/sandzakpress.net\/arhiva\/u-kirhajmu-obiljezeni-jubileji-dan-nezavisnosti-bih-i-25-godina-dzemata\/#primaryimage"},"image":{"@id":"https:\/\/sandzakpress.net\/arhiva\/u-kirhajmu-obiljezeni-jubileji-dan-nezavisnosti-bih-i-25-godina-dzemata\/#primaryimage"},"thumbnailUrl":"https:\/\/sandzakpress.net\/arhiva\/wp-content\/uploads\/2019\/03\/img_8564-03-03-19-12-51.jpg","datePublished":"2019-03-04T11:51:41+00:00","breadcrumb":{"@id":"https:\/\/sandzakpress.net\/arhiva\/u-kirhajmu-obiljezeni-jubileji-dan-nezavisnosti-bih-i-25-godina-dzemata\/#breadcrumb"},"inLanguage":"bs-BA","potentialAction":[{"@type":"ReadAction","target":["https:\/\/sandzakpress.net\/arhiva\/u-kirhajmu-obiljezeni-jubileji-dan-nezavisnosti-bih-i-25-godina-dzemata\/"]}]},{"@type":"ImageObject","inLanguage":"bs-BA","@id":"https:\/\/sandzakpress.net\/arhiva\/u-kirhajmu-obiljezeni-jubileji-dan-nezavisnosti-bih-i-25-godina-dzemata\/#primaryimage","url":"https:\/\/sandzakpress.net\/arhiva\/wp-content\/uploads\/2019\/03\/img_8564-03-03-19-12-51.jpg","contentUrl":"https:\/\/sandzakpress.net\/arhiva\/wp-content\/uploads\/2019\/03\/img_8564-03-03-19-12-51.jpg","width":1280,"height":960},{"@type":"BreadcrumbList","@id":"https:\/\/sandzakpress.net\/arhiva\/u-kirhajmu-obiljezeni-jubileji-dan-nezavisnosti-bih-i-25-godina-dzemata\/#breadcrumb","itemListElement":[{"@type":"ListItem","position":1,"name":"Home","item":"https:\/\/sandzakpress.net\/arhiva\/"},{"@type":"ListItem","position":2,"name":"U Kirhajmu obilje\u017eeni jubileji \u2013 Dan nezavisnosti BiH i 25 godina d\u017eemata"}]},{"@type":"WebSite","@id":"https:\/\/sandzakpress.net\/arhiva\/#website","url":"https:\/\/sandzakpress.net\/arhiva\/","name":"Sand\u017eak PRESS","description":"Prve elektronske novine u Sand\u017eaku","publisher":{"@id":"https:\/\/sandzakpress.net\/arhiva\/#\/schema\/person\/6e72b67d6e51910a1117b3b483ba20bd"},"potentialAction":[{"@type":"SearchAction","target":{"@type":"EntryPoint","urlTemplate":"https:\/\/sandzakpress.net\/arhiva\/?s={search_term_string}"},"query-input":{"@type":"PropertyValueSpecification","valueRequired":true,"valueName":"search_term_string"}}],"inLanguage":"bs-BA"},{"@type":["Person","Organization"],"@id":"https:\/\/sandzakpress.net\/arhiva\/#\/schema\/person\/6e72b67d6e51910a1117b3b483ba20bd","name":"Kul","image":{"@type":"ImageObject","inLanguage":"bs-BA","@id":"https:\/\/sandzakpress.net\/arhiva\/#\/schema\/person\/image\/","url":"https:\/\/secure.gravatar.com\/avatar\/42263f39aa27ac04c43cab85c280eb2e?s=96&d=mm&r=pg","contentUrl":"https:\/\/secure.gravatar.com\/avatar\/42263f39aa27ac04c43cab85c280eb2e?s=96&d=mm&r=pg","caption":"Kul"},"logo":{"@id":"https:\/\/sandzakpress.net\/arhiva\/#\/schema\/person\/image\/"}},{"@type":"Person","@id":"https:\/\/sandzakpress.net\/arhiva\/#\/schema\/person\/cb59d7e3ab91ab90dd680ad0305a6185","name":"Agencija","image":{"@type":"ImageObject","inLanguage":"bs-BA","@id":"https:\/\/sandzakpress.net\/arhiva\/#\/schema\/person\/image\/","url":"https:\/\/secure.gravatar.com\/avatar\/4b7fafa80a22f0c2afe23966b3961fe0?s=96&d=mm&r=pg","contentUrl":"https:\/\/secure.gravatar.com\/avatar\/4b7fafa80a22f0c2afe23966b3961fe0?s=96&d=mm&r=pg","caption":"Agencija"},"url":"https:\/\/sandzakpress.net\/arhiva\/author\/agencija\/"}]}},"_links":{"self":[{"href":"https:\/\/sandzakpress.net\/arhiva\/wp-json\/wp\/v2\/posts\/218450"}],"collection":[{"href":"https:\/\/sandzakpress.net\/arhiva\/wp-json\/wp\/v2\/posts"}],"about":[{"href":"https:\/\/sandzakpress.net\/arhiva\/wp-json\/wp\/v2\/types\/post"}],"author":[{"embeddable":true,"href":"https:\/\/sandzakpress.net\/arhiva\/wp-json\/wp\/v2\/users\/509"}],"replies":[{"embeddable":true,"href":"https:\/\/sandzakpress.net\/arhiva\/wp-json\/wp\/v2\/comments?post=218450"}],"version-history":[{"count":0,"href":"https:\/\/sandzakpress.net\/arhiva\/wp-json\/wp\/v2\/posts\/218450\/revisions"}],"wp:featuredmedia":[{"embeddable":true,"href":"https:\/\/sandzakpress.net\/arhiva\/wp-json\/wp\/v2\/media\/218452"}],"wp:attachment":[{"href":"https:\/\/sandzakpress.net\/arhiva\/wp-json\/wp\/v2\/media?parent=218450"}],"wp:term":[{"taxonomy":"category","embeddable":true,"href":"https:\/\/sandzakpress.net\/arhiva\/wp-json\/wp\/v2\/categories?post=218450"},{"taxonomy":"post_tag","embeddable":true,"href":"https:\/\/sandzakpress.net\/arhiva\/wp-json\/wp\/v2\/tags?post=218450"}],"curies":[{"name":"wp","href":"https:\/\/api.w.org\/{rel}","templated":true}]}}