{"id":218283,"date":"2019-03-02T13:51:58","date_gmt":"2019-03-02T12:51:58","guid":{"rendered":"https:\/\/sandzakpress.net\/arhiva\/?p=218283"},"modified":"2019-03-02T13:51:58","modified_gmt":"2019-03-02T12:51:58","slug":"bijelo-polje-izgorio-dzip-psihijatra","status":"publish","type":"post","link":"https:\/\/sandzakpress.net\/arhiva\/bijelo-polje-izgorio-dzip-psihijatra\/","title":{"rendered":"Bijelo Polje: Izgorio d\u017eip psihijatra"},"content":{"rendered":"<p><img decoding=\"async\" src=\"https:\/\/www.sandzaklive.rs\/images\/0\/2019030115034_fafc5b66-db5c-4454-a41b-60d65c80767a.jpeg\" alt=\"2019030115034 fafc5b66 db5c 4454 a41b 60d65c80767a\" \/><\/p>\n<p><strong>Nakon vje\u0161ta\u010denja \u0107e biti poznato da li je u pitanju ljudski faktor ili samozapaljenje.<\/strong><\/p>\n<p>D\u017eip Tojota RAV4 bjelopoljskog psihijatra Aleksandra Zlaji\u0107a izgorio je ju\u010de jutros, u bjelopolskom naselju Rasadnik u Ulici Miodraga \u0160\u0107epanovi\u0107a.<\/p>\n<p>Po\u017ear su, nakon prijave oko 3 \u010dasa, ugasili pripadnici Slu\u017ebe za\u0161tite i spa\u0161avanja.<\/p>\n<p>Neki od kom\u0161ija ispri\u010dali su da se \u010dula manja eksplozija i da su vidjeli vatru na prednjem dijelu automobila.<\/p>\n<p>Za sada nije poznato da li je uzrok po\u017eara ljudski faktor ili je u pitanju samozapaljivanje.<\/p>\n<p>Uvi\u0111aj u prisustvu slu\u017ebenika Centra bezbjednosti Bijelo Polje je obavio dr\u017eavni tu\u017eilac Denis Zvrko.<\/p>\n<p>Tu\u017eilac Zvrko je kazao da je izvi\u0111aj u toku i da \u0107e razlog po\u017eara biti poznat nakon vje\u0161ta\u010denja.<\/p>\n<p>\u201cIzuzeti su izuzeti tragovi sa lica mjesta, snimci video nadzora sa okolnih objekata i u toku je prikupljanje potrebnih obavje\u0161tanja\u201d, kazao je Zvrko. (Vijesti)<\/p>\n","protected":false},"excerpt":{"rendered":"<p>Nakon vje\u0161ta\u010denja \u0107e biti poznato da li je u pitanju ljudski faktor ili samozapaljenje. D\u017eip Tojota RAV4 bjelopoljskog psihijatra Aleksandra Zlaji\u0107a izgorio je ju\u010de jutros, u bjelopolskom naselju Rasadnik u Ulici Miodraga \u0160\u0107epanovi\u0107a. Po\u017ear su, nakon prijave oko 3 \u010dasa, ugasili pripadnici Slu\u017ebe za\u0161tite i spa\u0161avanja. Neki od kom\u0161ija ispri\u010dali su da se \u010dula manja [&hellip;]<\/p>\n","protected":false},"author":509,"featured_media":218286,"comment_status":"open","ping_status":"open","sticky":false,"template":"","format":"standard","meta":{"footnotes":""},"categories":[396,801],"tags":[],"class_list":{"0":"post-218283","1":"post","2":"type-post","3":"status-publish","4":"format-standard","5":"has-post-thumbnail","7":"category-bijelo_polje","8":"category-crna_hronika"},"yoast_head":"<!-- This site is optimized with the Yoast SEO Premium plugin v23.1 (Yoast SEO v24.9) - https:\/\/yoast.com\/wordpress\/plugins\/seo\/ -->\n<title>Bijelo Polje: Izgorio d\u017eip psihijatra<\/title>\n<meta name=\"robots\" content=\"index, follow, max-snippet:-1, max-image-preview:large, max-video-preview:-1\" \/>\n<link rel=\"canonical\" href=\"https:\/\/sandzakpress.net\/arhiva\/bijelo-polje-izgorio-dzip-psihijatra\/\" \/>\n<meta property=\"og:locale\" content=\"bs_BA\" \/>\n<meta property=\"og:type\" content=\"article\" \/>\n<meta property=\"og:title\" content=\"Bijelo Polje: Izgorio d\u017eip psihijatra\" \/>\n<meta property=\"og:description\" content=\"Nakon vje\u0161ta\u010denja \u0107e biti poznato da li je u pitanju ljudski faktor ili samozapaljenje. D\u017eip Tojota RAV4 bjelopoljskog psihijatra Aleksandra Zlaji\u0107a izgorio je ju\u010de jutros, u bjelopolskom naselju Rasadnik u Ulici Miodraga \u0160\u0107epanovi\u0107a. Po\u017ear su, nakon prijave oko 3 \u010dasa, ugasili pripadnici Slu\u017ebe za\u0161tite i spa\u0161avanja. Neki od kom\u0161ija ispri\u010dali su da se \u010dula manja [&hellip;]\" \/>\n<meta property=\"og:url\" content=\"https:\/\/sandzakpress.net\/arhiva\/bijelo-polje-izgorio-dzip-psihijatra\/\" \/>\n<meta property=\"og:site_name\" content=\"Sand\u017eak PRESS\" \/>\n<meta property=\"article:published_time\" content=\"2019-03-02T12:51:58+00:00\" \/>\n<meta property=\"og:image\" content=\"https:\/\/sandzakpress.net\/arhiva\/wp-content\/uploads\/2019\/03\/2019030115034_fafc5b66-db5c-4454-a41b-60d65c80767a.jpeg.jpg\" \/>\n\t<meta property=\"og:image:width\" content=\"800\" \/>\n\t<meta property=\"og:image:height\" content=\"385\" \/>\n\t<meta property=\"og:image:type\" content=\"image\/jpeg\" \/>\n<meta name=\"author\" content=\"Agencija\" \/>\n<meta name=\"twitter:card\" content=\"summary_large_image\" \/>\n<meta name=\"twitter:label1\" content=\"Written by\" \/>\n\t<meta name=\"twitter:data1\" content=\"Agencija\" \/>\n\t<meta name=\"twitter:label2\" content=\"Est. reading time\" \/>\n\t<meta name=\"twitter:data2\" content=\"1 minuta\" \/>\n<script type=\"application\/ld+json\" class=\"yoast-schema-graph\">{\"@context\":\"https:\/\/schema.org\",\"@graph\":[{\"@type\":\"Article\",\"@id\":\"https:\/\/sandzakpress.net\/arhiva\/bijelo-polje-izgorio-dzip-psihijatra\/#article\",\"isPartOf\":{\"@id\":\"https:\/\/sandzakpress.net\/arhiva\/bijelo-polje-izgorio-dzip-psihijatra\/\"},\"author\":{\"name\":\"Agencija\",\"@id\":\"https:\/\/sandzakpress.net\/arhiva\/#\/schema\/person\/cb59d7e3ab91ab90dd680ad0305a6185\"},\"headline\":\"Bijelo Polje: Izgorio d\u017eip psihijatra\",\"datePublished\":\"2019-03-02T12:51:58+00:00\",\"mainEntityOfPage\":{\"@id\":\"https:\/\/sandzakpress.net\/arhiva\/bijelo-polje-izgorio-dzip-psihijatra\/\"},\"wordCount\":165,\"commentCount\":0,\"publisher\":{\"@id\":\"https:\/\/sandzakpress.net\/arhiva\/#\/schema\/person\/6e72b67d6e51910a1117b3b483ba20bd\"},\"image\":{\"@id\":\"https:\/\/sandzakpress.net\/arhiva\/bijelo-polje-izgorio-dzip-psihijatra\/#primaryimage\"},\"thumbnailUrl\":\"https:\/\/sandzakpress.net\/arhiva\/wp-content\/uploads\/2019\/03\/2019030115034_fafc5b66-db5c-4454-a41b-60d65c80767a.jpeg.jpg\",\"articleSection\":[\"Bijelo Polje\",\"Hronika\"],\"inLanguage\":\"bs-BA\",\"potentialAction\":[{\"@type\":\"CommentAction\",\"name\":\"Comment\",\"target\":[\"https:\/\/sandzakpress.net\/arhiva\/bijelo-polje-izgorio-dzip-psihijatra\/#respond\"]}]},{\"@type\":\"WebPage\",\"@id\":\"https:\/\/sandzakpress.net\/arhiva\/bijelo-polje-izgorio-dzip-psihijatra\/\",\"url\":\"https:\/\/sandzakpress.net\/arhiva\/bijelo-polje-izgorio-dzip-psihijatra\/\",\"name\":\"Bijelo Polje: Izgorio d\u017eip psihijatra\",\"isPartOf\":{\"@id\":\"https:\/\/sandzakpress.net\/arhiva\/#website\"},\"primaryImageOfPage\":{\"@id\":\"https:\/\/sandzakpress.net\/arhiva\/bijelo-polje-izgorio-dzip-psihijatra\/#primaryimage\"},\"image\":{\"@id\":\"https:\/\/sandzakpress.net\/arhiva\/bijelo-polje-izgorio-dzip-psihijatra\/#primaryimage\"},\"thumbnailUrl\":\"https:\/\/sandzakpress.net\/arhiva\/wp-content\/uploads\/2019\/03\/2019030115034_fafc5b66-db5c-4454-a41b-60d65c80767a.jpeg.jpg\",\"datePublished\":\"2019-03-02T12:51:58+00:00\",\"breadcrumb\":{\"@id\":\"https:\/\/sandzakpress.net\/arhiva\/bijelo-polje-izgorio-dzip-psihijatra\/#breadcrumb\"},\"inLanguage\":\"bs-BA\",\"potentialAction\":[{\"@type\":\"ReadAction\",\"target\":[\"https:\/\/sandzakpress.net\/arhiva\/bijelo-polje-izgorio-dzip-psihijatra\/\"]}]},{\"@type\":\"ImageObject\",\"inLanguage\":\"bs-BA\",\"@id\":\"https:\/\/sandzakpress.net\/arhiva\/bijelo-polje-izgorio-dzip-psihijatra\/#primaryimage\",\"url\":\"https:\/\/sandzakpress.net\/arhiva\/wp-content\/uploads\/2019\/03\/2019030115034_fafc5b66-db5c-4454-a41b-60d65c80767a.jpeg.jpg\",\"contentUrl\":\"https:\/\/sandzakpress.net\/arhiva\/wp-content\/uploads\/2019\/03\/2019030115034_fafc5b66-db5c-4454-a41b-60d65c80767a.jpeg.jpg\",\"width\":800,\"height\":385},{\"@type\":\"BreadcrumbList\",\"@id\":\"https:\/\/sandzakpress.net\/arhiva\/bijelo-polje-izgorio-dzip-psihijatra\/#breadcrumb\",\"itemListElement\":[{\"@type\":\"ListItem\",\"position\":1,\"name\":\"Home\",\"item\":\"https:\/\/sandzakpress.net\/arhiva\/\"},{\"@type\":\"ListItem\",\"position\":2,\"name\":\"Bijelo Polje: Izgorio d\u017eip psihijatra\"}]},{\"@type\":\"WebSite\",\"@id\":\"https:\/\/sandzakpress.net\/arhiva\/#website\",\"url\":\"https:\/\/sandzakpress.net\/arhiva\/\",\"name\":\"Sand\u017eak PRESS\",\"description\":\"Prve elektronske novine u Sand\u017eaku\",\"publisher\":{\"@id\":\"https:\/\/sandzakpress.net\/arhiva\/#\/schema\/person\/6e72b67d6e51910a1117b3b483ba20bd\"},\"potentialAction\":[{\"@type\":\"SearchAction\",\"target\":{\"@type\":\"EntryPoint\",\"urlTemplate\":\"https:\/\/sandzakpress.net\/arhiva\/?s={search_term_string}\"},\"query-input\":{\"@type\":\"PropertyValueSpecification\",\"valueRequired\":true,\"valueName\":\"search_term_string\"}}],\"inLanguage\":\"bs-BA\"},{\"@type\":[\"Person\",\"Organization\"],\"@id\":\"https:\/\/sandzakpress.net\/arhiva\/#\/schema\/person\/6e72b67d6e51910a1117b3b483ba20bd\",\"name\":\"Kul\",\"image\":{\"@type\":\"ImageObject\",\"inLanguage\":\"bs-BA\",\"@id\":\"https:\/\/sandzakpress.net\/arhiva\/#\/schema\/person\/image\/\",\"url\":\"https:\/\/secure.gravatar.com\/avatar\/42263f39aa27ac04c43cab85c280eb2e?s=96&d=mm&r=pg\",\"contentUrl\":\"https:\/\/secure.gravatar.com\/avatar\/42263f39aa27ac04c43cab85c280eb2e?s=96&d=mm&r=pg\",\"caption\":\"Kul\"},\"logo\":{\"@id\":\"https:\/\/sandzakpress.net\/arhiva\/#\/schema\/person\/image\/\"}},{\"@type\":\"Person\",\"@id\":\"https:\/\/sandzakpress.net\/arhiva\/#\/schema\/person\/cb59d7e3ab91ab90dd680ad0305a6185\",\"name\":\"Agencija\",\"image\":{\"@type\":\"ImageObject\",\"inLanguage\":\"bs-BA\",\"@id\":\"https:\/\/sandzakpress.net\/arhiva\/#\/schema\/person\/image\/\",\"url\":\"https:\/\/secure.gravatar.com\/avatar\/4b7fafa80a22f0c2afe23966b3961fe0?s=96&d=mm&r=pg\",\"contentUrl\":\"https:\/\/secure.gravatar.com\/avatar\/4b7fafa80a22f0c2afe23966b3961fe0?s=96&d=mm&r=pg\",\"caption\":\"Agencija\"},\"url\":\"https:\/\/sandzakpress.net\/arhiva\/author\/agencija\/\"}]}<\/script>\n<!-- \/ Yoast SEO Premium plugin. -->","yoast_head_json":{"title":"Bijelo Polje: Izgorio d\u017eip psihijatra","robots":{"index":"index","follow":"follow","max-snippet":"max-snippet:-1","max-image-preview":"max-image-preview:large","max-video-preview":"max-video-preview:-1"},"canonical":"https:\/\/sandzakpress.net\/arhiva\/bijelo-polje-izgorio-dzip-psihijatra\/","og_locale":"bs_BA","og_type":"article","og_title":"Bijelo Polje: Izgorio d\u017eip psihijatra","og_description":"Nakon vje\u0161ta\u010denja \u0107e biti poznato da li je u pitanju ljudski faktor ili samozapaljenje. D\u017eip Tojota RAV4 bjelopoljskog psihijatra Aleksandra Zlaji\u0107a izgorio je ju\u010de jutros, u bjelopolskom naselju Rasadnik u Ulici Miodraga \u0160\u0107epanovi\u0107a. Po\u017ear su, nakon prijave oko 3 \u010dasa, ugasili pripadnici Slu\u017ebe za\u0161tite i spa\u0161avanja. Neki od kom\u0161ija ispri\u010dali su da se \u010dula manja [&hellip;]","og_url":"https:\/\/sandzakpress.net\/arhiva\/bijelo-polje-izgorio-dzip-psihijatra\/","og_site_name":"Sand\u017eak PRESS","article_published_time":"2019-03-02T12:51:58+00:00","og_image":[{"width":800,"height":385,"url":"https:\/\/sandzakpress.net\/arhiva\/wp-content\/uploads\/2019\/03\/2019030115034_fafc5b66-db5c-4454-a41b-60d65c80767a.jpeg.jpg","type":"image\/jpeg"}],"author":"Agencija","twitter_card":"summary_large_image","twitter_misc":{"Written by":"Agencija","Est. reading time":"1 minuta"},"schema":{"@context":"https:\/\/schema.org","@graph":[{"@type":"Article","@id":"https:\/\/sandzakpress.net\/arhiva\/bijelo-polje-izgorio-dzip-psihijatra\/#article","isPartOf":{"@id":"https:\/\/sandzakpress.net\/arhiva\/bijelo-polje-izgorio-dzip-psihijatra\/"},"author":{"name":"Agencija","@id":"https:\/\/sandzakpress.net\/arhiva\/#\/schema\/person\/cb59d7e3ab91ab90dd680ad0305a6185"},"headline":"Bijelo Polje: Izgorio d\u017eip psihijatra","datePublished":"2019-03-02T12:51:58+00:00","mainEntityOfPage":{"@id":"https:\/\/sandzakpress.net\/arhiva\/bijelo-polje-izgorio-dzip-psihijatra\/"},"wordCount":165,"commentCount":0,"publisher":{"@id":"https:\/\/sandzakpress.net\/arhiva\/#\/schema\/person\/6e72b67d6e51910a1117b3b483ba20bd"},"image":{"@id":"https:\/\/sandzakpress.net\/arhiva\/bijelo-polje-izgorio-dzip-psihijatra\/#primaryimage"},"thumbnailUrl":"https:\/\/sandzakpress.net\/arhiva\/wp-content\/uploads\/2019\/03\/2019030115034_fafc5b66-db5c-4454-a41b-60d65c80767a.jpeg.jpg","articleSection":["Bijelo Polje","Hronika"],"inLanguage":"bs-BA","potentialAction":[{"@type":"CommentAction","name":"Comment","target":["https:\/\/sandzakpress.net\/arhiva\/bijelo-polje-izgorio-dzip-psihijatra\/#respond"]}]},{"@type":"WebPage","@id":"https:\/\/sandzakpress.net\/arhiva\/bijelo-polje-izgorio-dzip-psihijatra\/","url":"https:\/\/sandzakpress.net\/arhiva\/bijelo-polje-izgorio-dzip-psihijatra\/","name":"Bijelo Polje: Izgorio d\u017eip psihijatra","isPartOf":{"@id":"https:\/\/sandzakpress.net\/arhiva\/#website"},"primaryImageOfPage":{"@id":"https:\/\/sandzakpress.net\/arhiva\/bijelo-polje-izgorio-dzip-psihijatra\/#primaryimage"},"image":{"@id":"https:\/\/sandzakpress.net\/arhiva\/bijelo-polje-izgorio-dzip-psihijatra\/#primaryimage"},"thumbnailUrl":"https:\/\/sandzakpress.net\/arhiva\/wp-content\/uploads\/2019\/03\/2019030115034_fafc5b66-db5c-4454-a41b-60d65c80767a.jpeg.jpg","datePublished":"2019-03-02T12:51:58+00:00","breadcrumb":{"@id":"https:\/\/sandzakpress.net\/arhiva\/bijelo-polje-izgorio-dzip-psihijatra\/#breadcrumb"},"inLanguage":"bs-BA","potentialAction":[{"@type":"ReadAction","target":["https:\/\/sandzakpress.net\/arhiva\/bijelo-polje-izgorio-dzip-psihijatra\/"]}]},{"@type":"ImageObject","inLanguage":"bs-BA","@id":"https:\/\/sandzakpress.net\/arhiva\/bijelo-polje-izgorio-dzip-psihijatra\/#primaryimage","url":"https:\/\/sandzakpress.net\/arhiva\/wp-content\/uploads\/2019\/03\/2019030115034_fafc5b66-db5c-4454-a41b-60d65c80767a.jpeg.jpg","contentUrl":"https:\/\/sandzakpress.net\/arhiva\/wp-content\/uploads\/2019\/03\/2019030115034_fafc5b66-db5c-4454-a41b-60d65c80767a.jpeg.jpg","width":800,"height":385},{"@type":"BreadcrumbList","@id":"https:\/\/sandzakpress.net\/arhiva\/bijelo-polje-izgorio-dzip-psihijatra\/#breadcrumb","itemListElement":[{"@type":"ListItem","position":1,"name":"Home","item":"https:\/\/sandzakpress.net\/arhiva\/"},{"@type":"ListItem","position":2,"name":"Bijelo Polje: Izgorio d\u017eip psihijatra"}]},{"@type":"WebSite","@id":"https:\/\/sandzakpress.net\/arhiva\/#website","url":"https:\/\/sandzakpress.net\/arhiva\/","name":"Sand\u017eak PRESS","description":"Prve elektronske novine u Sand\u017eaku","publisher":{"@id":"https:\/\/sandzakpress.net\/arhiva\/#\/schema\/person\/6e72b67d6e51910a1117b3b483ba20bd"},"potentialAction":[{"@type":"SearchAction","target":{"@type":"EntryPoint","urlTemplate":"https:\/\/sandzakpress.net\/arhiva\/?s={search_term_string}"},"query-input":{"@type":"PropertyValueSpecification","valueRequired":true,"valueName":"search_term_string"}}],"inLanguage":"bs-BA"},{"@type":["Person","Organization"],"@id":"https:\/\/sandzakpress.net\/arhiva\/#\/schema\/person\/6e72b67d6e51910a1117b3b483ba20bd","name":"Kul","image":{"@type":"ImageObject","inLanguage":"bs-BA","@id":"https:\/\/sandzakpress.net\/arhiva\/#\/schema\/person\/image\/","url":"https:\/\/secure.gravatar.com\/avatar\/42263f39aa27ac04c43cab85c280eb2e?s=96&d=mm&r=pg","contentUrl":"https:\/\/secure.gravatar.com\/avatar\/42263f39aa27ac04c43cab85c280eb2e?s=96&d=mm&r=pg","caption":"Kul"},"logo":{"@id":"https:\/\/sandzakpress.net\/arhiva\/#\/schema\/person\/image\/"}},{"@type":"Person","@id":"https:\/\/sandzakpress.net\/arhiva\/#\/schema\/person\/cb59d7e3ab91ab90dd680ad0305a6185","name":"Agencija","image":{"@type":"ImageObject","inLanguage":"bs-BA","@id":"https:\/\/sandzakpress.net\/arhiva\/#\/schema\/person\/image\/","url":"https:\/\/secure.gravatar.com\/avatar\/4b7fafa80a22f0c2afe23966b3961fe0?s=96&d=mm&r=pg","contentUrl":"https:\/\/secure.gravatar.com\/avatar\/4b7fafa80a22f0c2afe23966b3961fe0?s=96&d=mm&r=pg","caption":"Agencija"},"url":"https:\/\/sandzakpress.net\/arhiva\/author\/agencija\/"}]}},"_links":{"self":[{"href":"https:\/\/sandzakpress.net\/arhiva\/wp-json\/wp\/v2\/posts\/218283"}],"collection":[{"href":"https:\/\/sandzakpress.net\/arhiva\/wp-json\/wp\/v2\/posts"}],"about":[{"href":"https:\/\/sandzakpress.net\/arhiva\/wp-json\/wp\/v2\/types\/post"}],"author":[{"embeddable":true,"href":"https:\/\/sandzakpress.net\/arhiva\/wp-json\/wp\/v2\/users\/509"}],"replies":[{"embeddable":true,"href":"https:\/\/sandzakpress.net\/arhiva\/wp-json\/wp\/v2\/comments?post=218283"}],"version-history":[{"count":0,"href":"https:\/\/sandzakpress.net\/arhiva\/wp-json\/wp\/v2\/posts\/218283\/revisions"}],"wp:featuredmedia":[{"embeddable":true,"href":"https:\/\/sandzakpress.net\/arhiva\/wp-json\/wp\/v2\/media\/218286"}],"wp:attachment":[{"href":"https:\/\/sandzakpress.net\/arhiva\/wp-json\/wp\/v2\/media?parent=218283"}],"wp:term":[{"taxonomy":"category","embeddable":true,"href":"https:\/\/sandzakpress.net\/arhiva\/wp-json\/wp\/v2\/categories?post=218283"},{"taxonomy":"post_tag","embeddable":true,"href":"https:\/\/sandzakpress.net\/arhiva\/wp-json\/wp\/v2\/tags?post=218283"}],"curies":[{"name":"wp","href":"https:\/\/api.w.org\/{rel}","templated":true}]}}