{"id":218099,"date":"2019-02-28T17:58:10","date_gmt":"2019-02-28T16:58:10","guid":{"rendered":"https:\/\/sandzakpress.net\/arhiva\/?p=218099"},"modified":"2019-02-28T17:58:10","modified_gmt":"2019-02-28T16:58:10","slug":"povjerenica-za-zastitu-ravnopravnosti-posjetila-internacionalni-univerzitet","status":"publish","type":"post","link":"https:\/\/sandzakpress.net\/arhiva\/povjerenica-za-zastitu-ravnopravnosti-posjetila-internacionalni-univerzitet\/","title":{"rendered":"Povjerenica za za\u0161titu ravnopravnosti posjetila Internacionalni univerzitet"},"content":{"rendered":"<p><img decoding=\"async\" src=\"http:\/\/sanapress.info\/wp-content\/uploads\/2019\/02\/13-1024x683.jpg\" \/><\/p>\n<p><strong>Povjerenica za za\u0161titu ravnopravnosti, gospo\u0111a Branka Jankovi\u0107, posjetila je Internacionalni univerzitet u Novom Pazaru, gdje je odr\u017eala predavanja na temu \u201cUloga povjerenika u za\u0161titi gra\u0111ana i gra\u0111anki od diskriminacije \u201c.<\/strong><\/p>\n<p>\u201cZahvalna sam na pozivu da razgovaramo a ovako zna\u010dajnoj temi koja mi je, potvrdila ono \u0161to je istra\u017eivanje o odnosu gra\u0111ana prema diskriminaciji pokazalo jeste da je rad sa na\u0161im najmla\u0111im sugra\u0111anima najbitniji. Svjesni su da postoje neke promjene u dru\u0161tvu kao i diskriminacije koje su \u0161tetne u dru\u0161tvu, kao \u0161to su korupcija, politika, kriminal. To su sve djela koja su u dru\u0161tvu zastupljena. Kulturni obrazac zapravo ne treba biti takav obrazac pona\u0161anja. Svakako, moja puna podr\u0161ka ide mladima ljudima i \u017eelim uvijek da se odazovem na ovakve pozive. Posebno kada su fakulteti u pitanju jer su va\u017ean dio koji u\u010destvuje u dru\u0161tvenom \u017eivotu. Oni su mlade nade od ne merljive va\u017enosti \u201c, isti\u010de Branka Jankovi\u0107.<\/p>\n<p><iframe loading=\"lazy\" src=\"https:\/\/www.youtube.com\/embed\/_q5z4AzIGQk?feature=oembed\" width=\"100%\" height=\"578\" frameborder=\"0\" allowfullscreen=\"allowfullscreen\" data-mce-fragment=\"1\"><\/iframe><\/p>\n<p>Sa Internacionalnog univerziteta isti\u010du da prije svega studenti moraju biti upoznati sa ovakvom zna\u010dajnom dr\u017eavnom institucijom.<\/p>\n<p>\u201c Internacionalni univerzitet u Novom Pazaru se oduvjek veoma trudi, kako da studenti Departmana za pravne nauke tako i za ostale studente bude veoma zna\u010dajno. Svi studenti moraju dobiti ovakva znanja koja \u0107e biti i izvan onih teorijskih ali i prakti\u010dnih, da se susretnu sa dr\u017eavnim ali i privatnim institucijama. Veoma je bitno da \u010duju o aktuelnim temama kao i o temama koja nose \u017eivotna pitanja \u201c, Jasmina Nik\u0161i\u0107 ,PR menad\u017eer IUNP.<\/p>\n<p>Na kraju predavanja, studenti su aktivno sudjelovali u diskusiji, postavljaju\u0107i pitanja a stavovima pokazali da su itekako upoznati sa povjereni\u0161tvom o ravnopravnosti.<\/p>\n<p>&nbsp;<\/p>\n<figure class=\"wp-block-image\"><img decoding=\"async\" class=\"wp-image-44486\" src=\"http:\/\/sanapress.info\/wp-content\/uploads\/2019\/02\/1-13-1024x683.jpg\" sizes=\"(max-width: 1024px) 100vw, 1024px\" srcset=\"http:\/\/sanapress.info\/wp-content\/uploads\/2019\/02\/1-13-1024x683.jpg 1024w, http:\/\/sanapress.info\/wp-content\/uploads\/2019\/02\/1-13-300x200.jpg 300w, http:\/\/sanapress.info\/wp-content\/uploads\/2019\/02\/1-13-768x512.jpg 768w\" alt=\"\" \/><\/figure>\n<figure class=\"wp-block-image\"><img decoding=\"async\" class=\"wp-image-44487\" src=\"http:\/\/sanapress.info\/wp-content\/uploads\/2019\/02\/2-7-1024x683.jpg\" sizes=\"(max-width: 1024px) 100vw, 1024px\" srcset=\"http:\/\/sanapress.info\/wp-content\/uploads\/2019\/02\/2-7-1024x683.jpg 1024w, http:\/\/sanapress.info\/wp-content\/uploads\/2019\/02\/2-7-300x200.jpg 300w, http:\/\/sanapress.info\/wp-content\/uploads\/2019\/02\/2-7-768x512.jpg 768w\" alt=\"\" \/><\/figure>\n<figure class=\"wp-block-image\"><img decoding=\"async\" class=\"wp-image-44488\" src=\"http:\/\/sanapress.info\/wp-content\/uploads\/2019\/02\/3-6-1024x683.jpg\" sizes=\"(max-width: 1024px) 100vw, 1024px\" srcset=\"http:\/\/sanapress.info\/wp-content\/uploads\/2019\/02\/3-6-1024x683.jpg 1024w, http:\/\/sanapress.info\/wp-content\/uploads\/2019\/02\/3-6-300x200.jpg 300w, http:\/\/sanapress.info\/wp-content\/uploads\/2019\/02\/3-6-768x512.jpg 768w\" alt=\"\" \/><\/figure>\n<figure class=\"wp-block-image\"><img decoding=\"async\" class=\"wp-image-44489\" src=\"http:\/\/sanapress.info\/wp-content\/uploads\/2019\/02\/3a-1024x683.jpg\" sizes=\"(max-width: 1024px) 100vw, 1024px\" srcset=\"http:\/\/sanapress.info\/wp-content\/uploads\/2019\/02\/3a-1024x683.jpg 1024w, http:\/\/sanapress.info\/wp-content\/uploads\/2019\/02\/3a-300x200.jpg 300w, http:\/\/sanapress.info\/wp-content\/uploads\/2019\/02\/3a-768x512.jpg 768w\" alt=\"\" \/><\/figure>\n<figure class=\"wp-block-image\"><img decoding=\"async\" class=\"wp-image-44490\" src=\"http:\/\/sanapress.info\/wp-content\/uploads\/2019\/02\/4-6-1024x683.jpg\" sizes=\"(max-width: 1024px) 100vw, 1024px\" srcset=\"http:\/\/sanapress.info\/wp-content\/uploads\/2019\/02\/4-6-1024x683.jpg 1024w, http:\/\/sanapress.info\/wp-content\/uploads\/2019\/02\/4-6-300x200.jpg 300w, http:\/\/sanapress.info\/wp-content\/uploads\/2019\/02\/4-6-768x512.jpg 768w\" alt=\"\" \/><\/figure>\n<figure class=\"wp-block-image\"><img decoding=\"async\" class=\"wp-image-44491\" src=\"http:\/\/sanapress.info\/wp-content\/uploads\/2019\/02\/5-5-1024x683.jpg\" sizes=\"(max-width: 1024px) 100vw, 1024px\" srcset=\"http:\/\/sanapress.info\/wp-content\/uploads\/2019\/02\/5-5-1024x683.jpg 1024w, http:\/\/sanapress.info\/wp-content\/uploads\/2019\/02\/5-5-300x200.jpg 300w, http:\/\/sanapress.info\/wp-content\/uploads\/2019\/02\/5-5-768x512.jpg 768w\" alt=\"\" \/><\/figure>\n<p>(SANA)<\/p>\n","protected":false},"excerpt":{"rendered":"<p>Povjerenica za za\u0161titu ravnopravnosti, gospo\u0111a Branka Jankovi\u0107, posjetila je Internacionalni univerzitet u Novom Pazaru, gdje je odr\u017eala predavanja na temu \u201cUloga povjerenika u za\u0161titi gra\u0111ana i gra\u0111anki od diskriminacije \u201c. \u201cZahvalna sam na pozivu da razgovaramo a ovako zna\u010dajnoj temi koja mi je, potvrdila ono \u0161to je istra\u017eivanje o odnosu gra\u0111ana prema diskriminaciji pokazalo jeste [&hellip;]<\/p>\n","protected":false},"author":509,"featured_media":218100,"comment_status":"open","ping_status":"open","sticky":false,"template":"","format":"standard","meta":{"footnotes":""},"categories":[72,4,8957],"tags":[10272],"class_list":{"0":"post-218099","1":"post","2":"type-post","3":"status-publish","4":"format-standard","5":"has-post-thumbnail","7":"category-novi-pazar","8":"category-obrazovanje","9":"category-vijesti-dana","10":"tag-internacionalni-univerzitet-u-novom-pazaru"},"yoast_head":"<!-- This site is optimized with the Yoast SEO Premium plugin v23.1 (Yoast SEO v24.9) - https:\/\/yoast.com\/wordpress\/plugins\/seo\/ -->\n<title>Povjerenica za za\u0161titu ravnopravnosti posjetila Internacionalni univerzitet<\/title>\n<meta name=\"robots\" content=\"index, follow, max-snippet:-1, max-image-preview:large, max-video-preview:-1\" \/>\n<link rel=\"canonical\" href=\"https:\/\/sandzakpress.net\/arhiva\/povjerenica-za-zastitu-ravnopravnosti-posjetila-internacionalni-univerzitet\/\" \/>\n<meta property=\"og:locale\" content=\"bs_BA\" \/>\n<meta property=\"og:type\" content=\"article\" \/>\n<meta property=\"og:title\" content=\"Povjerenica za za\u0161titu ravnopravnosti posjetila Internacionalni univerzitet\" \/>\n<meta property=\"og:description\" content=\"Povjerenica za za\u0161titu ravnopravnosti, gospo\u0111a Branka Jankovi\u0107, posjetila je Internacionalni univerzitet u Novom Pazaru, gdje je odr\u017eala predavanja na temu \u201cUloga povjerenika u za\u0161titi gra\u0111ana i gra\u0111anki od diskriminacije \u201c. \u201cZahvalna sam na pozivu da razgovaramo a ovako zna\u010dajnoj temi koja mi je, potvrdila ono \u0161to je istra\u017eivanje o odnosu gra\u0111ana prema diskriminaciji pokazalo jeste [&hellip;]\" \/>\n<meta property=\"og:url\" content=\"https:\/\/sandzakpress.net\/arhiva\/povjerenica-za-zastitu-ravnopravnosti-posjetila-internacionalni-univerzitet\/\" \/>\n<meta property=\"og:site_name\" content=\"Sand\u017eak PRESS\" \/>\n<meta property=\"article:published_time\" content=\"2019-02-28T16:58:10+00:00\" \/>\n<meta property=\"og:image\" content=\"https:\/\/sandzakpress.net\/arhiva\/wp-content\/uploads\/2019\/02\/13-1024x683.jpg\" \/>\n\t<meta property=\"og:image:width\" content=\"1024\" \/>\n\t<meta property=\"og:image:height\" content=\"683\" \/>\n\t<meta property=\"og:image:type\" content=\"image\/jpeg\" \/>\n<meta name=\"author\" content=\"Agencija\" \/>\n<meta name=\"twitter:card\" content=\"summary_large_image\" \/>\n<meta name=\"twitter:label1\" content=\"Written by\" \/>\n\t<meta name=\"twitter:data1\" content=\"Agencija\" \/>\n\t<meta name=\"twitter:label2\" content=\"Est. reading time\" \/>\n\t<meta name=\"twitter:data2\" content=\"1 minuta\" \/>\n<script type=\"application\/ld+json\" class=\"yoast-schema-graph\">{\"@context\":\"https:\/\/schema.org\",\"@graph\":[{\"@type\":\"Article\",\"@id\":\"https:\/\/sandzakpress.net\/arhiva\/povjerenica-za-zastitu-ravnopravnosti-posjetila-internacionalni-univerzitet\/#article\",\"isPartOf\":{\"@id\":\"https:\/\/sandzakpress.net\/arhiva\/povjerenica-za-zastitu-ravnopravnosti-posjetila-internacionalni-univerzitet\/\"},\"author\":{\"name\":\"Agencija\",\"@id\":\"https:\/\/sandzakpress.net\/arhiva\/#\/schema\/person\/cb59d7e3ab91ab90dd680ad0305a6185\"},\"headline\":\"Povjerenica za za\u0161titu ravnopravnosti posjetila Internacionalni univerzitet\",\"datePublished\":\"2019-02-28T16:58:10+00:00\",\"mainEntityOfPage\":{\"@id\":\"https:\/\/sandzakpress.net\/arhiva\/povjerenica-za-zastitu-ravnopravnosti-posjetila-internacionalni-univerzitet\/\"},\"wordCount\":294,\"commentCount\":1,\"publisher\":{\"@id\":\"https:\/\/sandzakpress.net\/arhiva\/#\/schema\/person\/6e72b67d6e51910a1117b3b483ba20bd\"},\"image\":{\"@id\":\"https:\/\/sandzakpress.net\/arhiva\/povjerenica-za-zastitu-ravnopravnosti-posjetila-internacionalni-univerzitet\/#primaryimage\"},\"thumbnailUrl\":\"https:\/\/sandzakpress.net\/arhiva\/wp-content\/uploads\/2019\/02\/13-1024x683.jpg\",\"keywords\":[\"Internacionalni univerzitet u Novom Pazaru\"],\"articleSection\":[\"Novi Pazar\",\"Obrazovanje\",\"VIJESTI DANA\"],\"inLanguage\":\"bs-BA\",\"potentialAction\":[{\"@type\":\"CommentAction\",\"name\":\"Comment\",\"target\":[\"https:\/\/sandzakpress.net\/arhiva\/povjerenica-za-zastitu-ravnopravnosti-posjetila-internacionalni-univerzitet\/#respond\"]}]},{\"@type\":\"WebPage\",\"@id\":\"https:\/\/sandzakpress.net\/arhiva\/povjerenica-za-zastitu-ravnopravnosti-posjetila-internacionalni-univerzitet\/\",\"url\":\"https:\/\/sandzakpress.net\/arhiva\/povjerenica-za-zastitu-ravnopravnosti-posjetila-internacionalni-univerzitet\/\",\"name\":\"Povjerenica za za\u0161titu ravnopravnosti posjetila Internacionalni univerzitet\",\"isPartOf\":{\"@id\":\"https:\/\/sandzakpress.net\/arhiva\/#website\"},\"primaryImageOfPage\":{\"@id\":\"https:\/\/sandzakpress.net\/arhiva\/povjerenica-za-zastitu-ravnopravnosti-posjetila-internacionalni-univerzitet\/#primaryimage\"},\"image\":{\"@id\":\"https:\/\/sandzakpress.net\/arhiva\/povjerenica-za-zastitu-ravnopravnosti-posjetila-internacionalni-univerzitet\/#primaryimage\"},\"thumbnailUrl\":\"https:\/\/sandzakpress.net\/arhiva\/wp-content\/uploads\/2019\/02\/13-1024x683.jpg\",\"datePublished\":\"2019-02-28T16:58:10+00:00\",\"breadcrumb\":{\"@id\":\"https:\/\/sandzakpress.net\/arhiva\/povjerenica-za-zastitu-ravnopravnosti-posjetila-internacionalni-univerzitet\/#breadcrumb\"},\"inLanguage\":\"bs-BA\",\"potentialAction\":[{\"@type\":\"ReadAction\",\"target\":[\"https:\/\/sandzakpress.net\/arhiva\/povjerenica-za-zastitu-ravnopravnosti-posjetila-internacionalni-univerzitet\/\"]}]},{\"@type\":\"ImageObject\",\"inLanguage\":\"bs-BA\",\"@id\":\"https:\/\/sandzakpress.net\/arhiva\/povjerenica-za-zastitu-ravnopravnosti-posjetila-internacionalni-univerzitet\/#primaryimage\",\"url\":\"https:\/\/sandzakpress.net\/arhiva\/wp-content\/uploads\/2019\/02\/13-1024x683.jpg\",\"contentUrl\":\"https:\/\/sandzakpress.net\/arhiva\/wp-content\/uploads\/2019\/02\/13-1024x683.jpg\",\"width\":1024,\"height\":683},{\"@type\":\"BreadcrumbList\",\"@id\":\"https:\/\/sandzakpress.net\/arhiva\/povjerenica-za-zastitu-ravnopravnosti-posjetila-internacionalni-univerzitet\/#breadcrumb\",\"itemListElement\":[{\"@type\":\"ListItem\",\"position\":1,\"name\":\"Home\",\"item\":\"https:\/\/sandzakpress.net\/arhiva\/\"},{\"@type\":\"ListItem\",\"position\":2,\"name\":\"Povjerenica za za\u0161titu ravnopravnosti posjetila Internacionalni univerzitet\"}]},{\"@type\":\"WebSite\",\"@id\":\"https:\/\/sandzakpress.net\/arhiva\/#website\",\"url\":\"https:\/\/sandzakpress.net\/arhiva\/\",\"name\":\"Sand\u017eak PRESS\",\"description\":\"Prve elektronske novine u Sand\u017eaku\",\"publisher\":{\"@id\":\"https:\/\/sandzakpress.net\/arhiva\/#\/schema\/person\/6e72b67d6e51910a1117b3b483ba20bd\"},\"potentialAction\":[{\"@type\":\"SearchAction\",\"target\":{\"@type\":\"EntryPoint\",\"urlTemplate\":\"https:\/\/sandzakpress.net\/arhiva\/?s={search_term_string}\"},\"query-input\":{\"@type\":\"PropertyValueSpecification\",\"valueRequired\":true,\"valueName\":\"search_term_string\"}}],\"inLanguage\":\"bs-BA\"},{\"@type\":[\"Person\",\"Organization\"],\"@id\":\"https:\/\/sandzakpress.net\/arhiva\/#\/schema\/person\/6e72b67d6e51910a1117b3b483ba20bd\",\"name\":\"Kul\",\"image\":{\"@type\":\"ImageObject\",\"inLanguage\":\"bs-BA\",\"@id\":\"https:\/\/sandzakpress.net\/arhiva\/#\/schema\/person\/image\/\",\"url\":\"https:\/\/secure.gravatar.com\/avatar\/42263f39aa27ac04c43cab85c280eb2e?s=96&d=mm&r=pg\",\"contentUrl\":\"https:\/\/secure.gravatar.com\/avatar\/42263f39aa27ac04c43cab85c280eb2e?s=96&d=mm&r=pg\",\"caption\":\"Kul\"},\"logo\":{\"@id\":\"https:\/\/sandzakpress.net\/arhiva\/#\/schema\/person\/image\/\"}},{\"@type\":\"Person\",\"@id\":\"https:\/\/sandzakpress.net\/arhiva\/#\/schema\/person\/cb59d7e3ab91ab90dd680ad0305a6185\",\"name\":\"Agencija\",\"image\":{\"@type\":\"ImageObject\",\"inLanguage\":\"bs-BA\",\"@id\":\"https:\/\/sandzakpress.net\/arhiva\/#\/schema\/person\/image\/\",\"url\":\"https:\/\/secure.gravatar.com\/avatar\/4b7fafa80a22f0c2afe23966b3961fe0?s=96&d=mm&r=pg\",\"contentUrl\":\"https:\/\/secure.gravatar.com\/avatar\/4b7fafa80a22f0c2afe23966b3961fe0?s=96&d=mm&r=pg\",\"caption\":\"Agencija\"},\"url\":\"https:\/\/sandzakpress.net\/arhiva\/author\/agencija\/\"}]}<\/script>\n<!-- \/ Yoast SEO Premium plugin. -->","yoast_head_json":{"title":"Povjerenica za za\u0161titu ravnopravnosti posjetila Internacionalni univerzitet","robots":{"index":"index","follow":"follow","max-snippet":"max-snippet:-1","max-image-preview":"max-image-preview:large","max-video-preview":"max-video-preview:-1"},"canonical":"https:\/\/sandzakpress.net\/arhiva\/povjerenica-za-zastitu-ravnopravnosti-posjetila-internacionalni-univerzitet\/","og_locale":"bs_BA","og_type":"article","og_title":"Povjerenica za za\u0161titu ravnopravnosti posjetila Internacionalni univerzitet","og_description":"Povjerenica za za\u0161titu ravnopravnosti, gospo\u0111a Branka Jankovi\u0107, posjetila je Internacionalni univerzitet u Novom Pazaru, gdje je odr\u017eala predavanja na temu \u201cUloga povjerenika u za\u0161titi gra\u0111ana i gra\u0111anki od diskriminacije \u201c. \u201cZahvalna sam na pozivu da razgovaramo a ovako zna\u010dajnoj temi koja mi je, potvrdila ono \u0161to je istra\u017eivanje o odnosu gra\u0111ana prema diskriminaciji pokazalo jeste [&hellip;]","og_url":"https:\/\/sandzakpress.net\/arhiva\/povjerenica-za-zastitu-ravnopravnosti-posjetila-internacionalni-univerzitet\/","og_site_name":"Sand\u017eak PRESS","article_published_time":"2019-02-28T16:58:10+00:00","og_image":[{"width":1024,"height":683,"url":"https:\/\/sandzakpress.net\/arhiva\/wp-content\/uploads\/2019\/02\/13-1024x683.jpg","type":"image\/jpeg"}],"author":"Agencija","twitter_card":"summary_large_image","twitter_misc":{"Written by":"Agencija","Est. reading time":"1 minuta"},"schema":{"@context":"https:\/\/schema.org","@graph":[{"@type":"Article","@id":"https:\/\/sandzakpress.net\/arhiva\/povjerenica-za-zastitu-ravnopravnosti-posjetila-internacionalni-univerzitet\/#article","isPartOf":{"@id":"https:\/\/sandzakpress.net\/arhiva\/povjerenica-za-zastitu-ravnopravnosti-posjetila-internacionalni-univerzitet\/"},"author":{"name":"Agencija","@id":"https:\/\/sandzakpress.net\/arhiva\/#\/schema\/person\/cb59d7e3ab91ab90dd680ad0305a6185"},"headline":"Povjerenica za za\u0161titu ravnopravnosti posjetila Internacionalni univerzitet","datePublished":"2019-02-28T16:58:10+00:00","mainEntityOfPage":{"@id":"https:\/\/sandzakpress.net\/arhiva\/povjerenica-za-zastitu-ravnopravnosti-posjetila-internacionalni-univerzitet\/"},"wordCount":294,"commentCount":1,"publisher":{"@id":"https:\/\/sandzakpress.net\/arhiva\/#\/schema\/person\/6e72b67d6e51910a1117b3b483ba20bd"},"image":{"@id":"https:\/\/sandzakpress.net\/arhiva\/povjerenica-za-zastitu-ravnopravnosti-posjetila-internacionalni-univerzitet\/#primaryimage"},"thumbnailUrl":"https:\/\/sandzakpress.net\/arhiva\/wp-content\/uploads\/2019\/02\/13-1024x683.jpg","keywords":["Internacionalni univerzitet u Novom Pazaru"],"articleSection":["Novi Pazar","Obrazovanje","VIJESTI DANA"],"inLanguage":"bs-BA","potentialAction":[{"@type":"CommentAction","name":"Comment","target":["https:\/\/sandzakpress.net\/arhiva\/povjerenica-za-zastitu-ravnopravnosti-posjetila-internacionalni-univerzitet\/#respond"]}]},{"@type":"WebPage","@id":"https:\/\/sandzakpress.net\/arhiva\/povjerenica-za-zastitu-ravnopravnosti-posjetila-internacionalni-univerzitet\/","url":"https:\/\/sandzakpress.net\/arhiva\/povjerenica-za-zastitu-ravnopravnosti-posjetila-internacionalni-univerzitet\/","name":"Povjerenica za za\u0161titu ravnopravnosti posjetila Internacionalni univerzitet","isPartOf":{"@id":"https:\/\/sandzakpress.net\/arhiva\/#website"},"primaryImageOfPage":{"@id":"https:\/\/sandzakpress.net\/arhiva\/povjerenica-za-zastitu-ravnopravnosti-posjetila-internacionalni-univerzitet\/#primaryimage"},"image":{"@id":"https:\/\/sandzakpress.net\/arhiva\/povjerenica-za-zastitu-ravnopravnosti-posjetila-internacionalni-univerzitet\/#primaryimage"},"thumbnailUrl":"https:\/\/sandzakpress.net\/arhiva\/wp-content\/uploads\/2019\/02\/13-1024x683.jpg","datePublished":"2019-02-28T16:58:10+00:00","breadcrumb":{"@id":"https:\/\/sandzakpress.net\/arhiva\/povjerenica-za-zastitu-ravnopravnosti-posjetila-internacionalni-univerzitet\/#breadcrumb"},"inLanguage":"bs-BA","potentialAction":[{"@type":"ReadAction","target":["https:\/\/sandzakpress.net\/arhiva\/povjerenica-za-zastitu-ravnopravnosti-posjetila-internacionalni-univerzitet\/"]}]},{"@type":"ImageObject","inLanguage":"bs-BA","@id":"https:\/\/sandzakpress.net\/arhiva\/povjerenica-za-zastitu-ravnopravnosti-posjetila-internacionalni-univerzitet\/#primaryimage","url":"https:\/\/sandzakpress.net\/arhiva\/wp-content\/uploads\/2019\/02\/13-1024x683.jpg","contentUrl":"https:\/\/sandzakpress.net\/arhiva\/wp-content\/uploads\/2019\/02\/13-1024x683.jpg","width":1024,"height":683},{"@type":"BreadcrumbList","@id":"https:\/\/sandzakpress.net\/arhiva\/povjerenica-za-zastitu-ravnopravnosti-posjetila-internacionalni-univerzitet\/#breadcrumb","itemListElement":[{"@type":"ListItem","position":1,"name":"Home","item":"https:\/\/sandzakpress.net\/arhiva\/"},{"@type":"ListItem","position":2,"name":"Povjerenica za za\u0161titu ravnopravnosti posjetila Internacionalni univerzitet"}]},{"@type":"WebSite","@id":"https:\/\/sandzakpress.net\/arhiva\/#website","url":"https:\/\/sandzakpress.net\/arhiva\/","name":"Sand\u017eak PRESS","description":"Prve elektronske novine u Sand\u017eaku","publisher":{"@id":"https:\/\/sandzakpress.net\/arhiva\/#\/schema\/person\/6e72b67d6e51910a1117b3b483ba20bd"},"potentialAction":[{"@type":"SearchAction","target":{"@type":"EntryPoint","urlTemplate":"https:\/\/sandzakpress.net\/arhiva\/?s={search_term_string}"},"query-input":{"@type":"PropertyValueSpecification","valueRequired":true,"valueName":"search_term_string"}}],"inLanguage":"bs-BA"},{"@type":["Person","Organization"],"@id":"https:\/\/sandzakpress.net\/arhiva\/#\/schema\/person\/6e72b67d6e51910a1117b3b483ba20bd","name":"Kul","image":{"@type":"ImageObject","inLanguage":"bs-BA","@id":"https:\/\/sandzakpress.net\/arhiva\/#\/schema\/person\/image\/","url":"https:\/\/secure.gravatar.com\/avatar\/42263f39aa27ac04c43cab85c280eb2e?s=96&d=mm&r=pg","contentUrl":"https:\/\/secure.gravatar.com\/avatar\/42263f39aa27ac04c43cab85c280eb2e?s=96&d=mm&r=pg","caption":"Kul"},"logo":{"@id":"https:\/\/sandzakpress.net\/arhiva\/#\/schema\/person\/image\/"}},{"@type":"Person","@id":"https:\/\/sandzakpress.net\/arhiva\/#\/schema\/person\/cb59d7e3ab91ab90dd680ad0305a6185","name":"Agencija","image":{"@type":"ImageObject","inLanguage":"bs-BA","@id":"https:\/\/sandzakpress.net\/arhiva\/#\/schema\/person\/image\/","url":"https:\/\/secure.gravatar.com\/avatar\/4b7fafa80a22f0c2afe23966b3961fe0?s=96&d=mm&r=pg","contentUrl":"https:\/\/secure.gravatar.com\/avatar\/4b7fafa80a22f0c2afe23966b3961fe0?s=96&d=mm&r=pg","caption":"Agencija"},"url":"https:\/\/sandzakpress.net\/arhiva\/author\/agencija\/"}]}},"_links":{"self":[{"href":"https:\/\/sandzakpress.net\/arhiva\/wp-json\/wp\/v2\/posts\/218099"}],"collection":[{"href":"https:\/\/sandzakpress.net\/arhiva\/wp-json\/wp\/v2\/posts"}],"about":[{"href":"https:\/\/sandzakpress.net\/arhiva\/wp-json\/wp\/v2\/types\/post"}],"author":[{"embeddable":true,"href":"https:\/\/sandzakpress.net\/arhiva\/wp-json\/wp\/v2\/users\/509"}],"replies":[{"embeddable":true,"href":"https:\/\/sandzakpress.net\/arhiva\/wp-json\/wp\/v2\/comments?post=218099"}],"version-history":[{"count":0,"href":"https:\/\/sandzakpress.net\/arhiva\/wp-json\/wp\/v2\/posts\/218099\/revisions"}],"wp:featuredmedia":[{"embeddable":true,"href":"https:\/\/sandzakpress.net\/arhiva\/wp-json\/wp\/v2\/media\/218100"}],"wp:attachment":[{"href":"https:\/\/sandzakpress.net\/arhiva\/wp-json\/wp\/v2\/media?parent=218099"}],"wp:term":[{"taxonomy":"category","embeddable":true,"href":"https:\/\/sandzakpress.net\/arhiva\/wp-json\/wp\/v2\/categories?post=218099"},{"taxonomy":"post_tag","embeddable":true,"href":"https:\/\/sandzakpress.net\/arhiva\/wp-json\/wp\/v2\/tags?post=218099"}],"curies":[{"name":"wp","href":"https:\/\/api.w.org\/{rel}","templated":true}]}}