{"id":218013,"date":"2019-02-27T19:09:16","date_gmt":"2019-02-27T18:09:16","guid":{"rendered":"https:\/\/sandzakpress.net\/arhiva\/?p=218013"},"modified":"2019-02-27T20:10:53","modified_gmt":"2019-02-27T19:10:53","slug":"dr-zukorlic-strpci-dizat-cemo-glas-dok-se-ne-zadovolji-pravda-u-stradanju-bosnjackog-naroda","status":"publish","type":"post","link":"https:\/\/sandzakpress.net\/arhiva\/dr-zukorlic-strpci-dizat-cemo-glas-dok-se-ne-zadovolji-pravda-u-stradanju-bosnjackog-naroda\/","title":{"rendered":"DR. ZUKORLI\u0106, \u0160TRPCI &#8211; Dizat \u0107emo glas dok se ne zadovolji pravda u stradanju bo\u0161nja\u010dkog naroda!"},"content":{"rendered":"<p><img loading=\"lazy\" decoding=\"async\" src=\"https:\/\/sandzakpress.net\/arhiva\/wp-content\/uploads\/2019\/02\/EL2A1287.jpg\" class=\"aligncenter size-full wp-image-218016\" alt=\"\" width=\"1200\" height=\"813\" srcset=\"https:\/\/sandzakpress.net\/arhiva\/wp-content\/uploads\/2019\/02\/EL2A1287.jpg 1200w, https:\/\/sandzakpress.net\/arhiva\/wp-content\/uploads\/2019\/02\/EL2A1287-768x520.jpg 768w, https:\/\/sandzakpress.net\/arhiva\/wp-content\/uploads\/2019\/02\/EL2A1287-616x417.jpg 616w\" sizes=\"(max-width: 1200px) 100vw, 1200px\" \/><\/p>\n<p><strong>Povodom navr\u0161avanja 26 godina od otmice 18 Bo\u0161njaka i jednog Hrvata na \u017eeljezni\u010dkoj stanici \u0160trpci. Bo\u0161nja\u010dka kulturna zajednica u saradnji sa Me\u0161ihatom IZ-e u Srbiji \u2013 Med\u017elis Prijepolje, organizirala je komemorativnu akademiju \u201c\u0160trpci bez mezara\u201d.<\/strong><\/p>\n<p>Narodni poslanik akademik Muamer Zukorli\u0107 kazao da sve dok postoji skupina onih koji ne dozvoljava da se zaboravi ono \u0161to se ne smije da zaboraviti, Bo\u0161njaci imaju \u0161ansu na budu\u0107nost druga\u010diju od pro\u0161losti.<\/p>\n<p>\u201cIzra\u017eavaju\u0107i po\u0161tovanje \u017ertvama otmice u \u0160trpcima, bore\u0107i se za minimum makar relativne pravde u opho\u0111enju prema ovim \u017ertvama mi zapravo svjedo\u010dimo da se elementarni osje\u0107aj za pravdu, jo\u0161 konkretnije elementarna minimalna ljudskost u nama nije ugasila.\u201d<\/p>\n<p>Akademik Zukorli\u0107 istakao da i gotovo tri decenije od ovog zlo\u010dina Bo\u0161njaci u Srbiji nastavljaju bivati diskriminisani.<\/p>\n<p>\u201c\u010culi smo na po\u010detku a potom i vidjesmo da su danas ovdje narodni poslanici, dr\u017eavni sektretari, visoki \u010dinovnici, funkcioneri ove dr\u017eave, lijepo zvu\u010di za \u010dut, lijepo je i za vidjet ali danas su ovdje bo\u0161nja\u010dki narodni poslanici, i bo\u0161nja\u010dki sekretari u Vladi, i bo\u0161nja\u010dki funkcioneri i \u010dinovnici ove dr\u017eave. Na\u017ealost iz toga zaklju\u010dujemo da i nakon tri decenije od ovog zlo\u010dina, i nakon svih \u010duvenih, pisanih i nepisanih deklaracija o tome kako imamo dr\u017eavu u kojoj su svi jednaki, u kojoj \u0107e Bo\u0161njaci mo\u0107i da \u017eive ravnopravno sa svima drugima, u kojoj Bo\u0161njaci nikada vi\u0161e ne\u0107e biti diskriminisani, u kojoj Bo\u0161njaci imaju prijatelje u Beogradu, na\u017ealost ovaj na\u0161 skup pokazuje da jo\u0161 nije tako i dokle god ovdje ne budu najvi\u0161i srpski predstavnici ove dr\u017eave, nije tako.\u201d<\/p>\n<p>Dr. Zukorli\u0107 poru\u010dio da \u0107e bez obzira na partnerstvo u Skup\u0161tini Srbije govoriti istinu, tra\u017eiti pravdu i uvijek biti na strani svog naroda.<\/p>\n<p>\u201cMa koliko mi bili partneri u Parlamentu i na mnogim drugim korisnim projektima, to nas ne\u0107e sprije\u010diti da ka\u017eemo istinu i da je govorimo i di\u017eemo glas dokle se god to ne promijeni u ovoj dr\u017eavi. Pored tog gorkog ukusa postoji i onaj ne\u0161to prijatniji koji osje\u0107amo iz ove dana\u0161nje predstavke a to je da ovi bo\u0161nja\u010dki predstavnici u Parlamentu Republike Srbije i Vlade Republike Srbije nisu oni koji \u0107e se skloniti da ne budu uz svoj narod i kada to nije slatko, ovo su druga\u010diji i pravi bo\u0161nja\u010dki predstavnici. Mi smo politi\u010dki zastupnici ideje pomirenja, ali jednako smo shvatili da je ideja i pri\u010da o pomirenju besmislena bez elementarne pravde i pravi\u010dnosti, i zato pozivamo i poziva\u0107emo vrhove dr\u017eave, najvi\u0161e predstavnike ove dr\u017eave da kona\u010dno iskreno i dosljedno otvore novu stranicu prema Bo\u0161njacima u ovoj zemlji i da nemaju dvije vage kada se obilje\u017eava stradanje srpskog naroda jedan kantar, a kada se obilje\u017eava stradanje Bo\u0161njaka drugi, naprotiv, u civilizovanim zemljama taj kantar koji mjeri stradanje onoga ko je u manjini treba da bude jo\u0161 osjetljiviji, pogotovo \u0161to je u pitanju otmica i stradanje gra\u0111ana ove zemlje koja zvani\u010dno nije bila u ratu. Zato ova zemlja sa svojim vo\u0111stvom ako \u017eeli svetliju budu\u0107nost ne mo\u017ee imati dvije vage u odnosu na razli\u010dite etni\u010dke i vjerske pripadnosti.\u201d<\/p>\n<p>Porud\u010dio i da dr\u017eava koja nije bazirana na principima pravde nema budu\u0107nost, neovisno u kakvom politi\u010dkom sistemu se nalazila, te da sve ono \u0161to je bazirano na nepravdu i zulum ma kakvo politi\u010dko, sistemsko pakvanje mu dali nema budu\u0107nost.<\/p>\n<p><!-- \/wp:paragraph --><\/p>\n<p><iframe loading=\"lazy\" src=\"https:\/\/www.facebook.com\/plugins\/video.php?href=https%3A%2F%2Fwww.facebook.com%2Fsandzak.televizija%2Fvideos%2F587117448424608%2F&#038;show_text=0&#038;width=560\" width=\"560\" height=\"314\" allowfullscreen data-mce-fragment=\"1\"><\/iframe><\/p>\n<figure><img decoding=\"async\" src=\"https:\/\/sandzakpress.net\/arhiva\/wp-content\/uploads\/2019\/02\/1-12.jpg\"\/><img decoding=\"async\" src=\"https:\/\/sandzakpress.net\/arhiva\/wp-content\/uploads\/2019\/02\/4-3.jpg\"\/><img decoding=\"async\" src=\"https:\/\/sandzakpress.net\/arhiva\/wp-content\/uploads\/2019\/02\/5a.jpg\"\/><img decoding=\"async\" src=\"https:\/\/sandzakpress.net\/arhiva\/wp-content\/uploads\/2019\/02\/10-2.jpg\"\/><img decoding=\"async\" src=\"https:\/\/sandzakpress.net\/arhiva\/wp-content\/uploads\/2019\/02\/12-2.jpg\"\/><\/figure>\n","protected":false},"excerpt":{"rendered":"<p>Povodom navr\u0161avanja 26 godina od otmice 18 Bo\u0161njaka i jednog Hrvata na \u017eeljezni\u010dkoj stanici \u0160trpci. Bo\u0161nja\u010dka kulturna zajednica u saradnji sa Me\u0161ihatom IZ-e u Srbiji \u2013 Med\u017elis Prijepolje, organizirala je komemorativnu akademiju \u201c\u0160trpci bez mezara\u201d. Narodni poslanik akademik Muamer Zukorli\u0107 kazao da sve dok postoji skupina onih koji ne dozvoljava da se zaboravi ono \u0161to [&hellip;]<\/p>\n","protected":false},"author":509,"featured_media":218020,"comment_status":"open","ping_status":"open","sticky":false,"template":"","format":"standard","meta":{"footnotes":""},"categories":[800,392,8957],"tags":[10204,10541],"class_list":{"0":"post-218013","1":"post","2":"type-post","3":"status-publish","4":"format-standard","5":"has-post-thumbnail","7":"category-nacija","8":"category-prijepolje_","9":"category-vijesti-dana","10":"tag-muftija-muamer-zukorlic","11":"tag-spp"},"yoast_head":"<!-- This site is optimized with the Yoast SEO Premium plugin v23.1 (Yoast SEO v24.9) - https:\/\/yoast.com\/wordpress\/plugins\/seo\/ -->\n<title>DR. ZUKORLI\u0106, \u0160TRPCI - Dizat \u0107emo glas dok se ne zadovolji pravda u stradanju bo\u0161nja\u010dkog naroda!<\/title>\n<meta name=\"robots\" content=\"index, follow, max-snippet:-1, max-image-preview:large, max-video-preview:-1\" \/>\n<link rel=\"canonical\" href=\"https:\/\/sandzakpress.net\/arhiva\/dr-zukorlic-strpci-dizat-cemo-glas-dok-se-ne-zadovolji-pravda-u-stradanju-bosnjackog-naroda\/\" \/>\n<meta property=\"og:locale\" content=\"bs_BA\" \/>\n<meta property=\"og:type\" content=\"article\" \/>\n<meta property=\"og:title\" content=\"DR. ZUKORLI\u0106, \u0160TRPCI - Dizat \u0107emo glas dok se ne zadovolji pravda u stradanju bo\u0161nja\u010dkog naroda!\" \/>\n<meta property=\"og:description\" content=\"Povodom navr\u0161avanja 26 godina od otmice 18 Bo\u0161njaka i jednog Hrvata na \u017eeljezni\u010dkoj stanici \u0160trpci. Bo\u0161nja\u010dka kulturna zajednica u saradnji sa Me\u0161ihatom IZ-e u Srbiji \u2013 Med\u017elis Prijepolje, organizirala je komemorativnu akademiju \u201c\u0160trpci bez mezara\u201d. Narodni poslanik akademik Muamer Zukorli\u0107 kazao da sve dok postoji skupina onih koji ne dozvoljava da se zaboravi ono \u0161to [&hellip;]\" \/>\n<meta property=\"og:url\" content=\"https:\/\/sandzakpress.net\/arhiva\/dr-zukorlic-strpci-dizat-cemo-glas-dok-se-ne-zadovolji-pravda-u-stradanju-bosnjackog-naroda\/\" \/>\n<meta property=\"og:site_name\" content=\"Sand\u017eak PRESS\" \/>\n<meta property=\"article:published_time\" content=\"2019-02-27T18:09:16+00:00\" \/>\n<meta property=\"article:modified_time\" content=\"2019-02-27T19:10:53+00:00\" \/>\n<meta property=\"og:image\" content=\"https:\/\/sandzakpress.net\/arhiva\/wp-content\/uploads\/2019\/02\/EL2A1287-1.jpg\" \/>\n\t<meta property=\"og:image:width\" content=\"847\" \/>\n\t<meta property=\"og:image:height\" content=\"409\" \/>\n\t<meta property=\"og:image:type\" content=\"image\/jpeg\" \/>\n<meta name=\"author\" content=\"Agencija\" \/>\n<meta name=\"twitter:card\" content=\"summary_large_image\" \/>\n<meta name=\"twitter:label1\" content=\"Written by\" \/>\n\t<meta name=\"twitter:data1\" content=\"Agencija\" \/>\n\t<meta name=\"twitter:label2\" content=\"Est. reading time\" \/>\n\t<meta name=\"twitter:data2\" content=\"3 minute\" \/>\n<script type=\"application\/ld+json\" class=\"yoast-schema-graph\">{\"@context\":\"https:\/\/schema.org\",\"@graph\":[{\"@type\":\"Article\",\"@id\":\"https:\/\/sandzakpress.net\/arhiva\/dr-zukorlic-strpci-dizat-cemo-glas-dok-se-ne-zadovolji-pravda-u-stradanju-bosnjackog-naroda\/#article\",\"isPartOf\":{\"@id\":\"https:\/\/sandzakpress.net\/arhiva\/dr-zukorlic-strpci-dizat-cemo-glas-dok-se-ne-zadovolji-pravda-u-stradanju-bosnjackog-naroda\/\"},\"author\":{\"name\":\"Agencija\",\"@id\":\"https:\/\/sandzakpress.net\/arhiva\/#\/schema\/person\/cb59d7e3ab91ab90dd680ad0305a6185\"},\"headline\":\"DR. ZUKORLI\u0106, \u0160TRPCI &#8211; Dizat \u0107emo glas dok se ne zadovolji pravda u stradanju bo\u0161nja\u010dkog naroda!\",\"datePublished\":\"2019-02-27T18:09:16+00:00\",\"dateModified\":\"2019-02-27T19:10:53+00:00\",\"mainEntityOfPage\":{\"@id\":\"https:\/\/sandzakpress.net\/arhiva\/dr-zukorlic-strpci-dizat-cemo-glas-dok-se-ne-zadovolji-pravda-u-stradanju-bosnjackog-naroda\/\"},\"wordCount\":626,\"commentCount\":4,\"publisher\":{\"@id\":\"https:\/\/sandzakpress.net\/arhiva\/#\/schema\/person\/6e72b67d6e51910a1117b3b483ba20bd\"},\"image\":{\"@id\":\"https:\/\/sandzakpress.net\/arhiva\/dr-zukorlic-strpci-dizat-cemo-glas-dok-se-ne-zadovolji-pravda-u-stradanju-bosnjackog-naroda\/#primaryimage\"},\"thumbnailUrl\":\"https:\/\/sandzakpress.net\/arhiva\/wp-content\/uploads\/2019\/02\/EL2A1287-1.jpg\",\"keywords\":[\"muftija Muamer Zukorli\u0107\",\"SPP\"],\"articleSection\":[\"Nacija\",\"Prijepolje\",\"VIJESTI DANA\"],\"inLanguage\":\"bs-BA\",\"potentialAction\":[{\"@type\":\"CommentAction\",\"name\":\"Comment\",\"target\":[\"https:\/\/sandzakpress.net\/arhiva\/dr-zukorlic-strpci-dizat-cemo-glas-dok-se-ne-zadovolji-pravda-u-stradanju-bosnjackog-naroda\/#respond\"]}]},{\"@type\":\"WebPage\",\"@id\":\"https:\/\/sandzakpress.net\/arhiva\/dr-zukorlic-strpci-dizat-cemo-glas-dok-se-ne-zadovolji-pravda-u-stradanju-bosnjackog-naroda\/\",\"url\":\"https:\/\/sandzakpress.net\/arhiva\/dr-zukorlic-strpci-dizat-cemo-glas-dok-se-ne-zadovolji-pravda-u-stradanju-bosnjackog-naroda\/\",\"name\":\"DR. ZUKORLI\u0106, \u0160TRPCI - Dizat \u0107emo glas dok se ne zadovolji pravda u stradanju bo\u0161nja\u010dkog naroda!\",\"isPartOf\":{\"@id\":\"https:\/\/sandzakpress.net\/arhiva\/#website\"},\"primaryImageOfPage\":{\"@id\":\"https:\/\/sandzakpress.net\/arhiva\/dr-zukorlic-strpci-dizat-cemo-glas-dok-se-ne-zadovolji-pravda-u-stradanju-bosnjackog-naroda\/#primaryimage\"},\"image\":{\"@id\":\"https:\/\/sandzakpress.net\/arhiva\/dr-zukorlic-strpci-dizat-cemo-glas-dok-se-ne-zadovolji-pravda-u-stradanju-bosnjackog-naroda\/#primaryimage\"},\"thumbnailUrl\":\"https:\/\/sandzakpress.net\/arhiva\/wp-content\/uploads\/2019\/02\/EL2A1287-1.jpg\",\"datePublished\":\"2019-02-27T18:09:16+00:00\",\"dateModified\":\"2019-02-27T19:10:53+00:00\",\"breadcrumb\":{\"@id\":\"https:\/\/sandzakpress.net\/arhiva\/dr-zukorlic-strpci-dizat-cemo-glas-dok-se-ne-zadovolji-pravda-u-stradanju-bosnjackog-naroda\/#breadcrumb\"},\"inLanguage\":\"bs-BA\",\"potentialAction\":[{\"@type\":\"ReadAction\",\"target\":[\"https:\/\/sandzakpress.net\/arhiva\/dr-zukorlic-strpci-dizat-cemo-glas-dok-se-ne-zadovolji-pravda-u-stradanju-bosnjackog-naroda\/\"]}]},{\"@type\":\"ImageObject\",\"inLanguage\":\"bs-BA\",\"@id\":\"https:\/\/sandzakpress.net\/arhiva\/dr-zukorlic-strpci-dizat-cemo-glas-dok-se-ne-zadovolji-pravda-u-stradanju-bosnjackog-naroda\/#primaryimage\",\"url\":\"https:\/\/sandzakpress.net\/arhiva\/wp-content\/uploads\/2019\/02\/EL2A1287-1.jpg\",\"contentUrl\":\"https:\/\/sandzakpress.net\/arhiva\/wp-content\/uploads\/2019\/02\/EL2A1287-1.jpg\",\"width\":847,\"height\":409},{\"@type\":\"BreadcrumbList\",\"@id\":\"https:\/\/sandzakpress.net\/arhiva\/dr-zukorlic-strpci-dizat-cemo-glas-dok-se-ne-zadovolji-pravda-u-stradanju-bosnjackog-naroda\/#breadcrumb\",\"itemListElement\":[{\"@type\":\"ListItem\",\"position\":1,\"name\":\"Home\",\"item\":\"https:\/\/sandzakpress.net\/arhiva\/\"},{\"@type\":\"ListItem\",\"position\":2,\"name\":\"DR. ZUKORLI\u0106, \u0160TRPCI &#8211; Dizat \u0107emo glas dok se ne zadovolji pravda u stradanju bo\u0161nja\u010dkog naroda!\"}]},{\"@type\":\"WebSite\",\"@id\":\"https:\/\/sandzakpress.net\/arhiva\/#website\",\"url\":\"https:\/\/sandzakpress.net\/arhiva\/\",\"name\":\"Sand\u017eak PRESS\",\"description\":\"Prve elektronske novine u Sand\u017eaku\",\"publisher\":{\"@id\":\"https:\/\/sandzakpress.net\/arhiva\/#\/schema\/person\/6e72b67d6e51910a1117b3b483ba20bd\"},\"potentialAction\":[{\"@type\":\"SearchAction\",\"target\":{\"@type\":\"EntryPoint\",\"urlTemplate\":\"https:\/\/sandzakpress.net\/arhiva\/?s={search_term_string}\"},\"query-input\":{\"@type\":\"PropertyValueSpecification\",\"valueRequired\":true,\"valueName\":\"search_term_string\"}}],\"inLanguage\":\"bs-BA\"},{\"@type\":[\"Person\",\"Organization\"],\"@id\":\"https:\/\/sandzakpress.net\/arhiva\/#\/schema\/person\/6e72b67d6e51910a1117b3b483ba20bd\",\"name\":\"Kul\",\"image\":{\"@type\":\"ImageObject\",\"inLanguage\":\"bs-BA\",\"@id\":\"https:\/\/sandzakpress.net\/arhiva\/#\/schema\/person\/image\/\",\"url\":\"https:\/\/secure.gravatar.com\/avatar\/42263f39aa27ac04c43cab85c280eb2e?s=96&d=mm&r=pg\",\"contentUrl\":\"https:\/\/secure.gravatar.com\/avatar\/42263f39aa27ac04c43cab85c280eb2e?s=96&d=mm&r=pg\",\"caption\":\"Kul\"},\"logo\":{\"@id\":\"https:\/\/sandzakpress.net\/arhiva\/#\/schema\/person\/image\/\"}},{\"@type\":\"Person\",\"@id\":\"https:\/\/sandzakpress.net\/arhiva\/#\/schema\/person\/cb59d7e3ab91ab90dd680ad0305a6185\",\"name\":\"Agencija\",\"image\":{\"@type\":\"ImageObject\",\"inLanguage\":\"bs-BA\",\"@id\":\"https:\/\/sandzakpress.net\/arhiva\/#\/schema\/person\/image\/\",\"url\":\"https:\/\/secure.gravatar.com\/avatar\/4b7fafa80a22f0c2afe23966b3961fe0?s=96&d=mm&r=pg\",\"contentUrl\":\"https:\/\/secure.gravatar.com\/avatar\/4b7fafa80a22f0c2afe23966b3961fe0?s=96&d=mm&r=pg\",\"caption\":\"Agencija\"},\"url\":\"https:\/\/sandzakpress.net\/arhiva\/author\/agencija\/\"}]}<\/script>\n<!-- \/ Yoast SEO Premium plugin. -->","yoast_head_json":{"title":"DR. ZUKORLI\u0106, \u0160TRPCI - Dizat \u0107emo glas dok se ne zadovolji pravda u stradanju bo\u0161nja\u010dkog naroda!","robots":{"index":"index","follow":"follow","max-snippet":"max-snippet:-1","max-image-preview":"max-image-preview:large","max-video-preview":"max-video-preview:-1"},"canonical":"https:\/\/sandzakpress.net\/arhiva\/dr-zukorlic-strpci-dizat-cemo-glas-dok-se-ne-zadovolji-pravda-u-stradanju-bosnjackog-naroda\/","og_locale":"bs_BA","og_type":"article","og_title":"DR. ZUKORLI\u0106, \u0160TRPCI - Dizat \u0107emo glas dok se ne zadovolji pravda u stradanju bo\u0161nja\u010dkog naroda!","og_description":"Povodom navr\u0161avanja 26 godina od otmice 18 Bo\u0161njaka i jednog Hrvata na \u017eeljezni\u010dkoj stanici \u0160trpci. Bo\u0161nja\u010dka kulturna zajednica u saradnji sa Me\u0161ihatom IZ-e u Srbiji \u2013 Med\u017elis Prijepolje, organizirala je komemorativnu akademiju \u201c\u0160trpci bez mezara\u201d. Narodni poslanik akademik Muamer Zukorli\u0107 kazao da sve dok postoji skupina onih koji ne dozvoljava da se zaboravi ono \u0161to [&hellip;]","og_url":"https:\/\/sandzakpress.net\/arhiva\/dr-zukorlic-strpci-dizat-cemo-glas-dok-se-ne-zadovolji-pravda-u-stradanju-bosnjackog-naroda\/","og_site_name":"Sand\u017eak PRESS","article_published_time":"2019-02-27T18:09:16+00:00","article_modified_time":"2019-02-27T19:10:53+00:00","og_image":[{"width":847,"height":409,"url":"https:\/\/sandzakpress.net\/arhiva\/wp-content\/uploads\/2019\/02\/EL2A1287-1.jpg","type":"image\/jpeg"}],"author":"Agencija","twitter_card":"summary_large_image","twitter_misc":{"Written by":"Agencija","Est. reading time":"3 minute"},"schema":{"@context":"https:\/\/schema.org","@graph":[{"@type":"Article","@id":"https:\/\/sandzakpress.net\/arhiva\/dr-zukorlic-strpci-dizat-cemo-glas-dok-se-ne-zadovolji-pravda-u-stradanju-bosnjackog-naroda\/#article","isPartOf":{"@id":"https:\/\/sandzakpress.net\/arhiva\/dr-zukorlic-strpci-dizat-cemo-glas-dok-se-ne-zadovolji-pravda-u-stradanju-bosnjackog-naroda\/"},"author":{"name":"Agencija","@id":"https:\/\/sandzakpress.net\/arhiva\/#\/schema\/person\/cb59d7e3ab91ab90dd680ad0305a6185"},"headline":"DR. ZUKORLI\u0106, \u0160TRPCI &#8211; Dizat \u0107emo glas dok se ne zadovolji pravda u stradanju bo\u0161nja\u010dkog naroda!","datePublished":"2019-02-27T18:09:16+00:00","dateModified":"2019-02-27T19:10:53+00:00","mainEntityOfPage":{"@id":"https:\/\/sandzakpress.net\/arhiva\/dr-zukorlic-strpci-dizat-cemo-glas-dok-se-ne-zadovolji-pravda-u-stradanju-bosnjackog-naroda\/"},"wordCount":626,"commentCount":4,"publisher":{"@id":"https:\/\/sandzakpress.net\/arhiva\/#\/schema\/person\/6e72b67d6e51910a1117b3b483ba20bd"},"image":{"@id":"https:\/\/sandzakpress.net\/arhiva\/dr-zukorlic-strpci-dizat-cemo-glas-dok-se-ne-zadovolji-pravda-u-stradanju-bosnjackog-naroda\/#primaryimage"},"thumbnailUrl":"https:\/\/sandzakpress.net\/arhiva\/wp-content\/uploads\/2019\/02\/EL2A1287-1.jpg","keywords":["muftija Muamer Zukorli\u0107","SPP"],"articleSection":["Nacija","Prijepolje","VIJESTI DANA"],"inLanguage":"bs-BA","potentialAction":[{"@type":"CommentAction","name":"Comment","target":["https:\/\/sandzakpress.net\/arhiva\/dr-zukorlic-strpci-dizat-cemo-glas-dok-se-ne-zadovolji-pravda-u-stradanju-bosnjackog-naroda\/#respond"]}]},{"@type":"WebPage","@id":"https:\/\/sandzakpress.net\/arhiva\/dr-zukorlic-strpci-dizat-cemo-glas-dok-se-ne-zadovolji-pravda-u-stradanju-bosnjackog-naroda\/","url":"https:\/\/sandzakpress.net\/arhiva\/dr-zukorlic-strpci-dizat-cemo-glas-dok-se-ne-zadovolji-pravda-u-stradanju-bosnjackog-naroda\/","name":"DR. ZUKORLI\u0106, \u0160TRPCI - Dizat \u0107emo glas dok se ne zadovolji pravda u stradanju bo\u0161nja\u010dkog naroda!","isPartOf":{"@id":"https:\/\/sandzakpress.net\/arhiva\/#website"},"primaryImageOfPage":{"@id":"https:\/\/sandzakpress.net\/arhiva\/dr-zukorlic-strpci-dizat-cemo-glas-dok-se-ne-zadovolji-pravda-u-stradanju-bosnjackog-naroda\/#primaryimage"},"image":{"@id":"https:\/\/sandzakpress.net\/arhiva\/dr-zukorlic-strpci-dizat-cemo-glas-dok-se-ne-zadovolji-pravda-u-stradanju-bosnjackog-naroda\/#primaryimage"},"thumbnailUrl":"https:\/\/sandzakpress.net\/arhiva\/wp-content\/uploads\/2019\/02\/EL2A1287-1.jpg","datePublished":"2019-02-27T18:09:16+00:00","dateModified":"2019-02-27T19:10:53+00:00","breadcrumb":{"@id":"https:\/\/sandzakpress.net\/arhiva\/dr-zukorlic-strpci-dizat-cemo-glas-dok-se-ne-zadovolji-pravda-u-stradanju-bosnjackog-naroda\/#breadcrumb"},"inLanguage":"bs-BA","potentialAction":[{"@type":"ReadAction","target":["https:\/\/sandzakpress.net\/arhiva\/dr-zukorlic-strpci-dizat-cemo-glas-dok-se-ne-zadovolji-pravda-u-stradanju-bosnjackog-naroda\/"]}]},{"@type":"ImageObject","inLanguage":"bs-BA","@id":"https:\/\/sandzakpress.net\/arhiva\/dr-zukorlic-strpci-dizat-cemo-glas-dok-se-ne-zadovolji-pravda-u-stradanju-bosnjackog-naroda\/#primaryimage","url":"https:\/\/sandzakpress.net\/arhiva\/wp-content\/uploads\/2019\/02\/EL2A1287-1.jpg","contentUrl":"https:\/\/sandzakpress.net\/arhiva\/wp-content\/uploads\/2019\/02\/EL2A1287-1.jpg","width":847,"height":409},{"@type":"BreadcrumbList","@id":"https:\/\/sandzakpress.net\/arhiva\/dr-zukorlic-strpci-dizat-cemo-glas-dok-se-ne-zadovolji-pravda-u-stradanju-bosnjackog-naroda\/#breadcrumb","itemListElement":[{"@type":"ListItem","position":1,"name":"Home","item":"https:\/\/sandzakpress.net\/arhiva\/"},{"@type":"ListItem","position":2,"name":"DR. ZUKORLI\u0106, \u0160TRPCI &#8211; Dizat \u0107emo glas dok se ne zadovolji pravda u stradanju bo\u0161nja\u010dkog naroda!"}]},{"@type":"WebSite","@id":"https:\/\/sandzakpress.net\/arhiva\/#website","url":"https:\/\/sandzakpress.net\/arhiva\/","name":"Sand\u017eak PRESS","description":"Prve elektronske novine u Sand\u017eaku","publisher":{"@id":"https:\/\/sandzakpress.net\/arhiva\/#\/schema\/person\/6e72b67d6e51910a1117b3b483ba20bd"},"potentialAction":[{"@type":"SearchAction","target":{"@type":"EntryPoint","urlTemplate":"https:\/\/sandzakpress.net\/arhiva\/?s={search_term_string}"},"query-input":{"@type":"PropertyValueSpecification","valueRequired":true,"valueName":"search_term_string"}}],"inLanguage":"bs-BA"},{"@type":["Person","Organization"],"@id":"https:\/\/sandzakpress.net\/arhiva\/#\/schema\/person\/6e72b67d6e51910a1117b3b483ba20bd","name":"Kul","image":{"@type":"ImageObject","inLanguage":"bs-BA","@id":"https:\/\/sandzakpress.net\/arhiva\/#\/schema\/person\/image\/","url":"https:\/\/secure.gravatar.com\/avatar\/42263f39aa27ac04c43cab85c280eb2e?s=96&d=mm&r=pg","contentUrl":"https:\/\/secure.gravatar.com\/avatar\/42263f39aa27ac04c43cab85c280eb2e?s=96&d=mm&r=pg","caption":"Kul"},"logo":{"@id":"https:\/\/sandzakpress.net\/arhiva\/#\/schema\/person\/image\/"}},{"@type":"Person","@id":"https:\/\/sandzakpress.net\/arhiva\/#\/schema\/person\/cb59d7e3ab91ab90dd680ad0305a6185","name":"Agencija","image":{"@type":"ImageObject","inLanguage":"bs-BA","@id":"https:\/\/sandzakpress.net\/arhiva\/#\/schema\/person\/image\/","url":"https:\/\/secure.gravatar.com\/avatar\/4b7fafa80a22f0c2afe23966b3961fe0?s=96&d=mm&r=pg","contentUrl":"https:\/\/secure.gravatar.com\/avatar\/4b7fafa80a22f0c2afe23966b3961fe0?s=96&d=mm&r=pg","caption":"Agencija"},"url":"https:\/\/sandzakpress.net\/arhiva\/author\/agencija\/"}]}},"_links":{"self":[{"href":"https:\/\/sandzakpress.net\/arhiva\/wp-json\/wp\/v2\/posts\/218013"}],"collection":[{"href":"https:\/\/sandzakpress.net\/arhiva\/wp-json\/wp\/v2\/posts"}],"about":[{"href":"https:\/\/sandzakpress.net\/arhiva\/wp-json\/wp\/v2\/types\/post"}],"author":[{"embeddable":true,"href":"https:\/\/sandzakpress.net\/arhiva\/wp-json\/wp\/v2\/users\/509"}],"replies":[{"embeddable":true,"href":"https:\/\/sandzakpress.net\/arhiva\/wp-json\/wp\/v2\/comments?post=218013"}],"version-history":[{"count":0,"href":"https:\/\/sandzakpress.net\/arhiva\/wp-json\/wp\/v2\/posts\/218013\/revisions"}],"wp:featuredmedia":[{"embeddable":true,"href":"https:\/\/sandzakpress.net\/arhiva\/wp-json\/wp\/v2\/media\/218020"}],"wp:attachment":[{"href":"https:\/\/sandzakpress.net\/arhiva\/wp-json\/wp\/v2\/media?parent=218013"}],"wp:term":[{"taxonomy":"category","embeddable":true,"href":"https:\/\/sandzakpress.net\/arhiva\/wp-json\/wp\/v2\/categories?post=218013"},{"taxonomy":"post_tag","embeddable":true,"href":"https:\/\/sandzakpress.net\/arhiva\/wp-json\/wp\/v2\/tags?post=218013"}],"curies":[{"name":"wp","href":"https:\/\/api.w.org\/{rel}","templated":true}]}}