{"id":217907,"date":"2019-02-26T14:32:48","date_gmt":"2019-02-26T13:32:48","guid":{"rendered":"https:\/\/sandzakpress.net\/arhiva\/novinar-bbc-sa-stanivukovicem"},"modified":"2019-02-26T14:32:48","modified_gmt":"2019-02-26T13:32:48","slug":"novinar-bbc-sa-stanivukovicem","status":"publish","type":"post","link":"https:\/\/sandzakpress.net\/arhiva\/novinar-bbc-sa-stanivukovicem\/","title":{"rendered":"Novinar BBC sa Stanivukovi\u0107em"},"content":{"rendered":"<p><span class=\"cb-itemprop\"><\/p>\n<p><img loading=\"lazy\" decoding=\"async\" class=\"alignnone size-full wp-image-205051\" src=\"http:\/\/bosnapress.net\/wp-content\/uploads\/2019\/02\/765-430-c467e4d7de83d097e25e7c4ea5c54578.jpg\" alt=\"\" width=\"765\" height=\"478\" \/><\/p>\n<p class=\"tekst\">Stanivukovi\u0107 ka\u017ee da su ga novinari ovog britanskog medija kontaktirali posredstvom dru\u0161tvenih mre\u017ea, te da mu je \u010dast \u0161to je imao priliku da pri\u010da za BBC.<\/p>\n<p>\u2013 Stvarno sam po\u010dastvovan \u0161to su me zvali i \u0161to ih interesuje ovo \u0161to se de\u0161ava i ovo \u0161to radim. To zna\u010di da oni, kao i drugi svjetski mediji, prate de\u0161avanja i da su i te kako upu\u0107eni. Kao \u0161to sam i rekao, podigao sam borbu na vi\u0161i nivo \u2013 rekao je Stanivukovi\u0107 za Srpskainfo, te dodao da je govorio o aktuelnim doga\u0111ajima, kao i njegovim daljim planovima.<\/p>\n<p>Me\u0111utim, britanski novinar nije jedini koji je zainteresovan za mladog poslanika.<\/p>\n<p>Stanivukovi\u0107 ka\u017ee da je dao intervju i za jedan francuski magazin, kao i za njema\u010dki Doj\u010de vele.<\/p>\n<p><em>(Srpskainfo)<\/em><\/p>\n<p><\/span><br \/>\nPogledajte vijest na izvornom sajtu:<\/p>\n<p><a href=\"http:\/\/bosnapress.net\/novinar-bbc-sa-stanivukovicem\/\" target=\"_blank\">Novinar BBC sa Stanivukovi\u0107em<\/a><\/p>\n","protected":false},"excerpt":{"rendered":"<p>Stanivukovi\u0107 ka\u017ee da su ga novinari ovog britanskog medija kontaktirali posredstvom dru\u0161tvenih mre\u017ea, te da mu je \u010dast \u0161to je imao priliku da pri\u010da za BBC. \u2013 Stvarno sam po\u010dastvovan \u0161to su me zvali i \u0161to ih interesuje ovo \u0161to se de\u0161ava i ovo \u0161to radim. To zna\u010di da oni, kao i drugi svjetski mediji, [&hellip;]<\/p>\n","protected":false},"author":83,"featured_media":217909,"comment_status":"open","ping_status":"open","sticky":false,"template":"","format":"standard","meta":{"footnotes":""},"categories":[10513],"tags":[10466],"class_list":{"0":"post-217907","1":"post","2":"type-post","3":"status-publish","4":"format-standard","5":"has-post-thumbnail","7":"category-bosna-press","8":"tag-bosna-i-hercegovina"},"yoast_head":"<!-- This site is optimized with the Yoast SEO Premium plugin v23.1 (Yoast SEO v24.9) - https:\/\/yoast.com\/wordpress\/plugins\/seo\/ -->\n<title>Novinar BBC sa Stanivukovi\u0107em<\/title>\n<meta name=\"robots\" content=\"index, follow, max-snippet:-1, max-image-preview:large, max-video-preview:-1\" \/>\n<link rel=\"canonical\" href=\"https:\/\/sandzakpress.net\/arhiva\/novinar-bbc-sa-stanivukovicem\/\" \/>\n<meta property=\"og:locale\" content=\"bs_BA\" \/>\n<meta property=\"og:type\" content=\"article\" \/>\n<meta property=\"og:title\" content=\"Novinar BBC sa Stanivukovi\u0107em\" \/>\n<meta property=\"og:description\" content=\"Stanivukovi\u0107 ka\u017ee da su ga novinari ovog britanskog medija kontaktirali posredstvom dru\u0161tvenih mre\u017ea, te da mu je \u010dast \u0161to je imao priliku da pri\u010da za BBC. \u2013 Stvarno sam po\u010dastvovan \u0161to su me zvali i \u0161to ih interesuje ovo \u0161to se de\u0161ava i ovo \u0161to radim. To zna\u010di da oni, kao i drugi svjetski mediji, [&hellip;]\" \/>\n<meta property=\"og:url\" content=\"https:\/\/sandzakpress.net\/arhiva\/novinar-bbc-sa-stanivukovicem\/\" \/>\n<meta property=\"og:site_name\" content=\"Sand\u017eak PRESS\" \/>\n<meta property=\"article:published_time\" content=\"2019-02-26T13:32:48+00:00\" \/>\n<meta property=\"og:image\" content=\"https:\/\/sandzakpress.net\/arhiva\/wp-content\/uploads\/2019\/02\/765-430-c467e4d7de83d097e25e7c4ea5c54578-1.jpg\" \/>\n\t<meta property=\"og:image:width\" content=\"765\" \/>\n\t<meta property=\"og:image:height\" content=\"478\" \/>\n\t<meta property=\"og:image:type\" content=\"image\/jpeg\" \/>\n<meta name=\"author\" content=\"bosniak\" \/>\n<meta name=\"twitter:card\" content=\"summary_large_image\" \/>\n<meta name=\"twitter:label1\" content=\"Written by\" \/>\n\t<meta name=\"twitter:data1\" content=\"bosniak\" \/>\n\t<meta name=\"twitter:label2\" content=\"Est. reading time\" \/>\n\t<meta name=\"twitter:data2\" content=\"1 minuta\" \/>\n<script type=\"application\/ld+json\" class=\"yoast-schema-graph\">{\"@context\":\"https:\/\/schema.org\",\"@graph\":[{\"@type\":\"Article\",\"@id\":\"https:\/\/sandzakpress.net\/arhiva\/novinar-bbc-sa-stanivukovicem\/#article\",\"isPartOf\":{\"@id\":\"https:\/\/sandzakpress.net\/arhiva\/novinar-bbc-sa-stanivukovicem\/\"},\"author\":{\"name\":\"bosniak\",\"@id\":\"https:\/\/sandzakpress.net\/arhiva\/#\/schema\/person\/c8baee722073534b583ea7bdb2e36c02\"},\"headline\":\"Novinar BBC sa Stanivukovi\u0107em\",\"datePublished\":\"2019-02-26T13:32:48+00:00\",\"mainEntityOfPage\":{\"@id\":\"https:\/\/sandzakpress.net\/arhiva\/novinar-bbc-sa-stanivukovicem\/\"},\"wordCount\":151,\"commentCount\":0,\"publisher\":{\"@id\":\"https:\/\/sandzakpress.net\/arhiva\/#\/schema\/person\/6e72b67d6e51910a1117b3b483ba20bd\"},\"image\":{\"@id\":\"https:\/\/sandzakpress.net\/arhiva\/novinar-bbc-sa-stanivukovicem\/#primaryimage\"},\"thumbnailUrl\":\"https:\/\/sandzakpress.net\/arhiva\/wp-content\/uploads\/2019\/02\/765-430-c467e4d7de83d097e25e7c4ea5c54578-1.jpg\",\"keywords\":[\"Bosna i Hercegovina\"],\"articleSection\":[\"Bosna PRESS\"],\"inLanguage\":\"bs-BA\",\"potentialAction\":[{\"@type\":\"CommentAction\",\"name\":\"Comment\",\"target\":[\"https:\/\/sandzakpress.net\/arhiva\/novinar-bbc-sa-stanivukovicem\/#respond\"]}]},{\"@type\":\"WebPage\",\"@id\":\"https:\/\/sandzakpress.net\/arhiva\/novinar-bbc-sa-stanivukovicem\/\",\"url\":\"https:\/\/sandzakpress.net\/arhiva\/novinar-bbc-sa-stanivukovicem\/\",\"name\":\"Novinar BBC sa Stanivukovi\u0107em\",\"isPartOf\":{\"@id\":\"https:\/\/sandzakpress.net\/arhiva\/#website\"},\"primaryImageOfPage\":{\"@id\":\"https:\/\/sandzakpress.net\/arhiva\/novinar-bbc-sa-stanivukovicem\/#primaryimage\"},\"image\":{\"@id\":\"https:\/\/sandzakpress.net\/arhiva\/novinar-bbc-sa-stanivukovicem\/#primaryimage\"},\"thumbnailUrl\":\"https:\/\/sandzakpress.net\/arhiva\/wp-content\/uploads\/2019\/02\/765-430-c467e4d7de83d097e25e7c4ea5c54578-1.jpg\",\"datePublished\":\"2019-02-26T13:32:48+00:00\",\"breadcrumb\":{\"@id\":\"https:\/\/sandzakpress.net\/arhiva\/novinar-bbc-sa-stanivukovicem\/#breadcrumb\"},\"inLanguage\":\"bs-BA\",\"potentialAction\":[{\"@type\":\"ReadAction\",\"target\":[\"https:\/\/sandzakpress.net\/arhiva\/novinar-bbc-sa-stanivukovicem\/\"]}]},{\"@type\":\"ImageObject\",\"inLanguage\":\"bs-BA\",\"@id\":\"https:\/\/sandzakpress.net\/arhiva\/novinar-bbc-sa-stanivukovicem\/#primaryimage\",\"url\":\"https:\/\/sandzakpress.net\/arhiva\/wp-content\/uploads\/2019\/02\/765-430-c467e4d7de83d097e25e7c4ea5c54578-1.jpg\",\"contentUrl\":\"https:\/\/sandzakpress.net\/arhiva\/wp-content\/uploads\/2019\/02\/765-430-c467e4d7de83d097e25e7c4ea5c54578-1.jpg\",\"width\":765,\"height\":478},{\"@type\":\"BreadcrumbList\",\"@id\":\"https:\/\/sandzakpress.net\/arhiva\/novinar-bbc-sa-stanivukovicem\/#breadcrumb\",\"itemListElement\":[{\"@type\":\"ListItem\",\"position\":1,\"name\":\"Home\",\"item\":\"https:\/\/sandzakpress.net\/arhiva\/\"},{\"@type\":\"ListItem\",\"position\":2,\"name\":\"Novinar BBC sa Stanivukovi\u0107em\"}]},{\"@type\":\"WebSite\",\"@id\":\"https:\/\/sandzakpress.net\/arhiva\/#website\",\"url\":\"https:\/\/sandzakpress.net\/arhiva\/\",\"name\":\"Sand\u017eak PRESS\",\"description\":\"Prve elektronske novine u Sand\u017eaku\",\"publisher\":{\"@id\":\"https:\/\/sandzakpress.net\/arhiva\/#\/schema\/person\/6e72b67d6e51910a1117b3b483ba20bd\"},\"potentialAction\":[{\"@type\":\"SearchAction\",\"target\":{\"@type\":\"EntryPoint\",\"urlTemplate\":\"https:\/\/sandzakpress.net\/arhiva\/?s={search_term_string}\"},\"query-input\":{\"@type\":\"PropertyValueSpecification\",\"valueRequired\":true,\"valueName\":\"search_term_string\"}}],\"inLanguage\":\"bs-BA\"},{\"@type\":[\"Person\",\"Organization\"],\"@id\":\"https:\/\/sandzakpress.net\/arhiva\/#\/schema\/person\/6e72b67d6e51910a1117b3b483ba20bd\",\"name\":\"Kul\",\"image\":{\"@type\":\"ImageObject\",\"inLanguage\":\"bs-BA\",\"@id\":\"https:\/\/sandzakpress.net\/arhiva\/#\/schema\/person\/image\/\",\"url\":\"https:\/\/secure.gravatar.com\/avatar\/42263f39aa27ac04c43cab85c280eb2e?s=96&d=mm&r=pg\",\"contentUrl\":\"https:\/\/secure.gravatar.com\/avatar\/42263f39aa27ac04c43cab85c280eb2e?s=96&d=mm&r=pg\",\"caption\":\"Kul\"},\"logo\":{\"@id\":\"https:\/\/sandzakpress.net\/arhiva\/#\/schema\/person\/image\/\"}},{\"@type\":\"Person\",\"@id\":\"https:\/\/sandzakpress.net\/arhiva\/#\/schema\/person\/c8baee722073534b583ea7bdb2e36c02\",\"name\":\"bosniak\",\"image\":{\"@type\":\"ImageObject\",\"inLanguage\":\"bs-BA\",\"@id\":\"https:\/\/sandzakpress.net\/arhiva\/#\/schema\/person\/image\/\",\"url\":\"https:\/\/secure.gravatar.com\/avatar\/a04fd330bfe3a36a72a0ad4a6d89fca7?s=96&d=mm&r=pg\",\"contentUrl\":\"https:\/\/secure.gravatar.com\/avatar\/a04fd330bfe3a36a72a0ad4a6d89fca7?s=96&d=mm&r=pg\",\"caption\":\"bosniak\"},\"url\":\"https:\/\/sandzakpress.net\/arhiva\/author\/bosniak\/\"}]}<\/script>\n<!-- \/ Yoast SEO Premium plugin. -->","yoast_head_json":{"title":"Novinar BBC sa Stanivukovi\u0107em","robots":{"index":"index","follow":"follow","max-snippet":"max-snippet:-1","max-image-preview":"max-image-preview:large","max-video-preview":"max-video-preview:-1"},"canonical":"https:\/\/sandzakpress.net\/arhiva\/novinar-bbc-sa-stanivukovicem\/","og_locale":"bs_BA","og_type":"article","og_title":"Novinar BBC sa Stanivukovi\u0107em","og_description":"Stanivukovi\u0107 ka\u017ee da su ga novinari ovog britanskog medija kontaktirali posredstvom dru\u0161tvenih mre\u017ea, te da mu je \u010dast \u0161to je imao priliku da pri\u010da za BBC. \u2013 Stvarno sam po\u010dastvovan \u0161to su me zvali i \u0161to ih interesuje ovo \u0161to se de\u0161ava i ovo \u0161to radim. To zna\u010di da oni, kao i drugi svjetski mediji, [&hellip;]","og_url":"https:\/\/sandzakpress.net\/arhiva\/novinar-bbc-sa-stanivukovicem\/","og_site_name":"Sand\u017eak PRESS","article_published_time":"2019-02-26T13:32:48+00:00","og_image":[{"width":765,"height":478,"url":"https:\/\/sandzakpress.net\/arhiva\/wp-content\/uploads\/2019\/02\/765-430-c467e4d7de83d097e25e7c4ea5c54578-1.jpg","type":"image\/jpeg"}],"author":"bosniak","twitter_card":"summary_large_image","twitter_misc":{"Written by":"bosniak","Est. reading time":"1 minuta"},"schema":{"@context":"https:\/\/schema.org","@graph":[{"@type":"Article","@id":"https:\/\/sandzakpress.net\/arhiva\/novinar-bbc-sa-stanivukovicem\/#article","isPartOf":{"@id":"https:\/\/sandzakpress.net\/arhiva\/novinar-bbc-sa-stanivukovicem\/"},"author":{"name":"bosniak","@id":"https:\/\/sandzakpress.net\/arhiva\/#\/schema\/person\/c8baee722073534b583ea7bdb2e36c02"},"headline":"Novinar BBC sa Stanivukovi\u0107em","datePublished":"2019-02-26T13:32:48+00:00","mainEntityOfPage":{"@id":"https:\/\/sandzakpress.net\/arhiva\/novinar-bbc-sa-stanivukovicem\/"},"wordCount":151,"commentCount":0,"publisher":{"@id":"https:\/\/sandzakpress.net\/arhiva\/#\/schema\/person\/6e72b67d6e51910a1117b3b483ba20bd"},"image":{"@id":"https:\/\/sandzakpress.net\/arhiva\/novinar-bbc-sa-stanivukovicem\/#primaryimage"},"thumbnailUrl":"https:\/\/sandzakpress.net\/arhiva\/wp-content\/uploads\/2019\/02\/765-430-c467e4d7de83d097e25e7c4ea5c54578-1.jpg","keywords":["Bosna i Hercegovina"],"articleSection":["Bosna PRESS"],"inLanguage":"bs-BA","potentialAction":[{"@type":"CommentAction","name":"Comment","target":["https:\/\/sandzakpress.net\/arhiva\/novinar-bbc-sa-stanivukovicem\/#respond"]}]},{"@type":"WebPage","@id":"https:\/\/sandzakpress.net\/arhiva\/novinar-bbc-sa-stanivukovicem\/","url":"https:\/\/sandzakpress.net\/arhiva\/novinar-bbc-sa-stanivukovicem\/","name":"Novinar BBC sa Stanivukovi\u0107em","isPartOf":{"@id":"https:\/\/sandzakpress.net\/arhiva\/#website"},"primaryImageOfPage":{"@id":"https:\/\/sandzakpress.net\/arhiva\/novinar-bbc-sa-stanivukovicem\/#primaryimage"},"image":{"@id":"https:\/\/sandzakpress.net\/arhiva\/novinar-bbc-sa-stanivukovicem\/#primaryimage"},"thumbnailUrl":"https:\/\/sandzakpress.net\/arhiva\/wp-content\/uploads\/2019\/02\/765-430-c467e4d7de83d097e25e7c4ea5c54578-1.jpg","datePublished":"2019-02-26T13:32:48+00:00","breadcrumb":{"@id":"https:\/\/sandzakpress.net\/arhiva\/novinar-bbc-sa-stanivukovicem\/#breadcrumb"},"inLanguage":"bs-BA","potentialAction":[{"@type":"ReadAction","target":["https:\/\/sandzakpress.net\/arhiva\/novinar-bbc-sa-stanivukovicem\/"]}]},{"@type":"ImageObject","inLanguage":"bs-BA","@id":"https:\/\/sandzakpress.net\/arhiva\/novinar-bbc-sa-stanivukovicem\/#primaryimage","url":"https:\/\/sandzakpress.net\/arhiva\/wp-content\/uploads\/2019\/02\/765-430-c467e4d7de83d097e25e7c4ea5c54578-1.jpg","contentUrl":"https:\/\/sandzakpress.net\/arhiva\/wp-content\/uploads\/2019\/02\/765-430-c467e4d7de83d097e25e7c4ea5c54578-1.jpg","width":765,"height":478},{"@type":"BreadcrumbList","@id":"https:\/\/sandzakpress.net\/arhiva\/novinar-bbc-sa-stanivukovicem\/#breadcrumb","itemListElement":[{"@type":"ListItem","position":1,"name":"Home","item":"https:\/\/sandzakpress.net\/arhiva\/"},{"@type":"ListItem","position":2,"name":"Novinar BBC sa Stanivukovi\u0107em"}]},{"@type":"WebSite","@id":"https:\/\/sandzakpress.net\/arhiva\/#website","url":"https:\/\/sandzakpress.net\/arhiva\/","name":"Sand\u017eak PRESS","description":"Prve elektronske novine u Sand\u017eaku","publisher":{"@id":"https:\/\/sandzakpress.net\/arhiva\/#\/schema\/person\/6e72b67d6e51910a1117b3b483ba20bd"},"potentialAction":[{"@type":"SearchAction","target":{"@type":"EntryPoint","urlTemplate":"https:\/\/sandzakpress.net\/arhiva\/?s={search_term_string}"},"query-input":{"@type":"PropertyValueSpecification","valueRequired":true,"valueName":"search_term_string"}}],"inLanguage":"bs-BA"},{"@type":["Person","Organization"],"@id":"https:\/\/sandzakpress.net\/arhiva\/#\/schema\/person\/6e72b67d6e51910a1117b3b483ba20bd","name":"Kul","image":{"@type":"ImageObject","inLanguage":"bs-BA","@id":"https:\/\/sandzakpress.net\/arhiva\/#\/schema\/person\/image\/","url":"https:\/\/secure.gravatar.com\/avatar\/42263f39aa27ac04c43cab85c280eb2e?s=96&d=mm&r=pg","contentUrl":"https:\/\/secure.gravatar.com\/avatar\/42263f39aa27ac04c43cab85c280eb2e?s=96&d=mm&r=pg","caption":"Kul"},"logo":{"@id":"https:\/\/sandzakpress.net\/arhiva\/#\/schema\/person\/image\/"}},{"@type":"Person","@id":"https:\/\/sandzakpress.net\/arhiva\/#\/schema\/person\/c8baee722073534b583ea7bdb2e36c02","name":"bosniak","image":{"@type":"ImageObject","inLanguage":"bs-BA","@id":"https:\/\/sandzakpress.net\/arhiva\/#\/schema\/person\/image\/","url":"https:\/\/secure.gravatar.com\/avatar\/a04fd330bfe3a36a72a0ad4a6d89fca7?s=96&d=mm&r=pg","contentUrl":"https:\/\/secure.gravatar.com\/avatar\/a04fd330bfe3a36a72a0ad4a6d89fca7?s=96&d=mm&r=pg","caption":"bosniak"},"url":"https:\/\/sandzakpress.net\/arhiva\/author\/bosniak\/"}]}},"_links":{"self":[{"href":"https:\/\/sandzakpress.net\/arhiva\/wp-json\/wp\/v2\/posts\/217907"}],"collection":[{"href":"https:\/\/sandzakpress.net\/arhiva\/wp-json\/wp\/v2\/posts"}],"about":[{"href":"https:\/\/sandzakpress.net\/arhiva\/wp-json\/wp\/v2\/types\/post"}],"author":[{"embeddable":true,"href":"https:\/\/sandzakpress.net\/arhiva\/wp-json\/wp\/v2\/users\/83"}],"replies":[{"embeddable":true,"href":"https:\/\/sandzakpress.net\/arhiva\/wp-json\/wp\/v2\/comments?post=217907"}],"version-history":[{"count":0,"href":"https:\/\/sandzakpress.net\/arhiva\/wp-json\/wp\/v2\/posts\/217907\/revisions"}],"wp:featuredmedia":[{"embeddable":true,"href":"https:\/\/sandzakpress.net\/arhiva\/wp-json\/wp\/v2\/media\/217909"}],"wp:attachment":[{"href":"https:\/\/sandzakpress.net\/arhiva\/wp-json\/wp\/v2\/media?parent=217907"}],"wp:term":[{"taxonomy":"category","embeddable":true,"href":"https:\/\/sandzakpress.net\/arhiva\/wp-json\/wp\/v2\/categories?post=217907"},{"taxonomy":"post_tag","embeddable":true,"href":"https:\/\/sandzakpress.net\/arhiva\/wp-json\/wp\/v2\/tags?post=217907"}],"curies":[{"name":"wp","href":"https:\/\/api.w.org\/{rel}","templated":true}]}}