{"id":217852,"date":"2019-02-26T14:45:25","date_gmt":"2019-02-26T13:45:25","guid":{"rendered":"https:\/\/sandzakpress.net\/arhiva\/?p=217852"},"modified":"2019-02-26T14:45:25","modified_gmt":"2019-02-26T13:45:25","slug":"strpci-jos-jedna-godisnjica-bez-pravde-za-zrtve","status":"publish","type":"post","link":"https:\/\/sandzakpress.net\/arhiva\/strpci-jos-jedna-godisnjica-bez-pravde-za-zrtve\/","title":{"rendered":"\u0160trpci: Jo\u0161 jedna godi\u0161njica bez pravde za \u017ertve"},"content":{"rendered":"<p><img decoding=\"async\" src=\"http:\/\/www.radiostoplus.com\/images\/clanci\/RAZNO\/strpci.jpg\" \/><\/p>\n<p><b>Vi\u0161e organizacija cilnog dru\u0161tva (OCD) pozvale su gra\u0111ane, predstavnike institucija, medija i nevladinih organizacija da im se u sredu, 27. februara u 15:48 \u010dasova, pred ulazom u Glavnu \u017eelezni\u010dku stanicu u Beogradu pridru\u017ee na obele\u017eavanju 26. godi\u0161njice zlo\u010dina u \u0160trpcima.<\/b> <\/p>\n<p>&#8220;Tog dana su pripadnici Vojske Republike Srpske, na \u017eelezni\u010dkoj stanici u \u0160trpcima, iz voza koji je saobra\u0107ao na relaciji Beograd\u2013Bar izveli i ubili 20 putnika, civila nesrpske nacionalnosti. Fond za humanitarno pravo, \u017dene u crnom, Sand\u017ea\u010dki odbor za za\u0161titu ljudskih prava i sloboda i Inicijativa mladih za ljudska prava podse\u0107aju da porodice \u017ertava 26 godina \u010dekaju na sudsku pravdu u Srbiji i na priznanje statusa porodica civilnih \u017ertava rata&#8221;, navodi se u zajedni\u010dkom saop\u0161tenju OCD.<\/p>\n<p>Oni podse\u0107aju da su porodice \u017ertava suo\u010dene i sa dvodecenijskim ignorisanjem dr\u017eavnih organa, koji im uskra\u0107uje prava samo zbog toga \u0161to su stradali van teritorije Srbije, iako su bili njeni gra\u0111ani.<\/p>\n<p>&#8220;Na neadekvatnost postoje\u0107eg zakonskog re\u0161enja i njegovo diskriminatorno sprovo\u0111enje ve\u0107 godinama ukazuju \u017ertve i njihova udru\u017eenja, FHP i druge organizacije civilnog dru\u0161tva. Uprkos ozbiljnim primedbama doma\u0107ih i me\u0111unarodnih aktera, taj zakon jo\u0161 uvek nije promenjen, ve\u0107 je Ministarstvo za rad u avgustu 2018. godine izradilo Nacrt Zakona o bora\u010dko-invalidskoj za\u0161titi koji zadr\u017eava diskriminatorna re\u0161enja&#8221;, navodi se u saop\u0161tenju.<\/p>\n<p>FHP, \u017dene u crnom, Sand\u017ea\u010dki odbor za za\u0161titu ljudskih prava i sloboda i Inicijativa mladih za ljudska prava zahtevaju od institucija Srbije da efikasno sprovedu krivi\u010dni postupak za ovaj zlo\u010din, a Ministarstvo za rad i druge nadle\u017ene institucije da donesu novi zakon, koji sadr\u017ei normativna re\u0161enja za ostvarivanje prava \u017ertava u skladu sa me\u0111unarodnim ugovorima o za\u0161titi ljudskih prava i drugim me\u0111unarodnim standardima u pru\u017eanju reparacija \u017ertvama.<\/p>\n<p>radiostoplus.com<\/p>\n","protected":false},"excerpt":{"rendered":"<p>Vi\u0161e organizacija cilnog dru\u0161tva (OCD) pozvale su gra\u0111ane, predstavnike institucija, medija i nevladinih organizacija da im se u sredu, 27. februara u 15:48 \u010dasova, pred ulazom u Glavnu \u017eelezni\u010dku stanicu u Beogradu pridru\u017ee na obele\u017eavanju 26. godi\u0161njice zlo\u010dina u \u0160trpcima. &#8220;Tog dana su pripadnici Vojske Republike Srpske, na \u017eelezni\u010dkoj stanici u \u0160trpcima, iz voza koji [&hellip;]<\/p>\n","protected":false},"author":509,"featured_media":217859,"comment_status":"open","ping_status":"open","sticky":false,"template":"","format":"standard","meta":{"footnotes":""},"categories":[800,392,10429],"tags":[],"class_list":{"0":"post-217852","1":"post","2":"type-post","3":"status-publish","4":"format-standard","5":"has-post-thumbnail","7":"category-nacija","8":"category-prijepolje_","9":"category-vazno"},"yoast_head":"<!-- This site is optimized with the Yoast SEO Premium plugin v23.1 (Yoast SEO v24.9) - https:\/\/yoast.com\/wordpress\/plugins\/seo\/ -->\n<title>\u0160trpci: Jo\u0161 jedna godi\u0161njica bez pravde za \u017ertve<\/title>\n<meta name=\"robots\" content=\"index, follow, max-snippet:-1, max-image-preview:large, max-video-preview:-1\" \/>\n<link rel=\"canonical\" href=\"https:\/\/sandzakpress.net\/arhiva\/strpci-jos-jedna-godisnjica-bez-pravde-za-zrtve\/\" \/>\n<meta property=\"og:locale\" content=\"bs_BA\" \/>\n<meta property=\"og:type\" content=\"article\" \/>\n<meta property=\"og:title\" content=\"\u0160trpci: Jo\u0161 jedna godi\u0161njica bez pravde za \u017ertve\" \/>\n<meta property=\"og:description\" content=\"Vi\u0161e organizacija cilnog dru\u0161tva (OCD) pozvale su gra\u0111ane, predstavnike institucija, medija i nevladinih organizacija da im se u sredu, 27. februara u 15:48 \u010dasova, pred ulazom u Glavnu \u017eelezni\u010dku stanicu u Beogradu pridru\u017ee na obele\u017eavanju 26. godi\u0161njice zlo\u010dina u \u0160trpcima. &#8220;Tog dana su pripadnici Vojske Republike Srpske, na \u017eelezni\u010dkoj stanici u \u0160trpcima, iz voza koji [&hellip;]\" \/>\n<meta property=\"og:url\" content=\"https:\/\/sandzakpress.net\/arhiva\/strpci-jos-jedna-godisnjica-bez-pravde-za-zrtve\/\" \/>\n<meta property=\"og:site_name\" content=\"Sand\u017eak PRESS\" \/>\n<meta property=\"article:published_time\" content=\"2019-02-26T13:45:25+00:00\" \/>\n<meta property=\"og:image\" content=\"https:\/\/sandzakpress.net\/arhiva\/wp-content\/uploads\/2019\/02\/strpci.jpg\" \/>\n\t<meta property=\"og:image:width\" content=\"640\" \/>\n\t<meta property=\"og:image:height\" content=\"480\" \/>\n\t<meta property=\"og:image:type\" content=\"image\/jpeg\" \/>\n<meta name=\"author\" content=\"Agencija\" \/>\n<meta name=\"twitter:card\" content=\"summary_large_image\" \/>\n<meta name=\"twitter:label1\" content=\"Written by\" \/>\n\t<meta name=\"twitter:data1\" content=\"Agencija\" \/>\n\t<meta name=\"twitter:label2\" content=\"Est. reading time\" \/>\n\t<meta name=\"twitter:data2\" content=\"2 minute\" \/>\n<script type=\"application\/ld+json\" class=\"yoast-schema-graph\">{\"@context\":\"https:\/\/schema.org\",\"@graph\":[{\"@type\":\"Article\",\"@id\":\"https:\/\/sandzakpress.net\/arhiva\/strpci-jos-jedna-godisnjica-bez-pravde-za-zrtve\/#article\",\"isPartOf\":{\"@id\":\"https:\/\/sandzakpress.net\/arhiva\/strpci-jos-jedna-godisnjica-bez-pravde-za-zrtve\/\"},\"author\":{\"name\":\"Agencija\",\"@id\":\"https:\/\/sandzakpress.net\/arhiva\/#\/schema\/person\/cb59d7e3ab91ab90dd680ad0305a6185\"},\"headline\":\"\u0160trpci: Jo\u0161 jedna godi\u0161njica bez pravde za \u017ertve\",\"datePublished\":\"2019-02-26T13:45:25+00:00\",\"mainEntityOfPage\":{\"@id\":\"https:\/\/sandzakpress.net\/arhiva\/strpci-jos-jedna-godisnjica-bez-pravde-za-zrtve\/\"},\"wordCount\":322,\"commentCount\":0,\"publisher\":{\"@id\":\"https:\/\/sandzakpress.net\/arhiva\/#\/schema\/person\/6e72b67d6e51910a1117b3b483ba20bd\"},\"image\":{\"@id\":\"https:\/\/sandzakpress.net\/arhiva\/strpci-jos-jedna-godisnjica-bez-pravde-za-zrtve\/#primaryimage\"},\"thumbnailUrl\":\"https:\/\/sandzakpress.net\/arhiva\/wp-content\/uploads\/2019\/02\/strpci.jpg\",\"articleSection\":[\"Nacija\",\"Prijepolje\",\"VA\u017dNO!\"],\"inLanguage\":\"bs-BA\",\"potentialAction\":[{\"@type\":\"CommentAction\",\"name\":\"Comment\",\"target\":[\"https:\/\/sandzakpress.net\/arhiva\/strpci-jos-jedna-godisnjica-bez-pravde-za-zrtve\/#respond\"]}]},{\"@type\":\"WebPage\",\"@id\":\"https:\/\/sandzakpress.net\/arhiva\/strpci-jos-jedna-godisnjica-bez-pravde-za-zrtve\/\",\"url\":\"https:\/\/sandzakpress.net\/arhiva\/strpci-jos-jedna-godisnjica-bez-pravde-za-zrtve\/\",\"name\":\"\u0160trpci: Jo\u0161 jedna godi\u0161njica bez pravde za \u017ertve\",\"isPartOf\":{\"@id\":\"https:\/\/sandzakpress.net\/arhiva\/#website\"},\"primaryImageOfPage\":{\"@id\":\"https:\/\/sandzakpress.net\/arhiva\/strpci-jos-jedna-godisnjica-bez-pravde-za-zrtve\/#primaryimage\"},\"image\":{\"@id\":\"https:\/\/sandzakpress.net\/arhiva\/strpci-jos-jedna-godisnjica-bez-pravde-za-zrtve\/#primaryimage\"},\"thumbnailUrl\":\"https:\/\/sandzakpress.net\/arhiva\/wp-content\/uploads\/2019\/02\/strpci.jpg\",\"datePublished\":\"2019-02-26T13:45:25+00:00\",\"breadcrumb\":{\"@id\":\"https:\/\/sandzakpress.net\/arhiva\/strpci-jos-jedna-godisnjica-bez-pravde-za-zrtve\/#breadcrumb\"},\"inLanguage\":\"bs-BA\",\"potentialAction\":[{\"@type\":\"ReadAction\",\"target\":[\"https:\/\/sandzakpress.net\/arhiva\/strpci-jos-jedna-godisnjica-bez-pravde-za-zrtve\/\"]}]},{\"@type\":\"ImageObject\",\"inLanguage\":\"bs-BA\",\"@id\":\"https:\/\/sandzakpress.net\/arhiva\/strpci-jos-jedna-godisnjica-bez-pravde-za-zrtve\/#primaryimage\",\"url\":\"https:\/\/sandzakpress.net\/arhiva\/wp-content\/uploads\/2019\/02\/strpci.jpg\",\"contentUrl\":\"https:\/\/sandzakpress.net\/arhiva\/wp-content\/uploads\/2019\/02\/strpci.jpg\",\"width\":640,\"height\":480},{\"@type\":\"BreadcrumbList\",\"@id\":\"https:\/\/sandzakpress.net\/arhiva\/strpci-jos-jedna-godisnjica-bez-pravde-za-zrtve\/#breadcrumb\",\"itemListElement\":[{\"@type\":\"ListItem\",\"position\":1,\"name\":\"Home\",\"item\":\"https:\/\/sandzakpress.net\/arhiva\/\"},{\"@type\":\"ListItem\",\"position\":2,\"name\":\"\u0160trpci: Jo\u0161 jedna godi\u0161njica bez pravde za \u017ertve\"}]},{\"@type\":\"WebSite\",\"@id\":\"https:\/\/sandzakpress.net\/arhiva\/#website\",\"url\":\"https:\/\/sandzakpress.net\/arhiva\/\",\"name\":\"Sand\u017eak PRESS\",\"description\":\"Prve elektronske novine u Sand\u017eaku\",\"publisher\":{\"@id\":\"https:\/\/sandzakpress.net\/arhiva\/#\/schema\/person\/6e72b67d6e51910a1117b3b483ba20bd\"},\"potentialAction\":[{\"@type\":\"SearchAction\",\"target\":{\"@type\":\"EntryPoint\",\"urlTemplate\":\"https:\/\/sandzakpress.net\/arhiva\/?s={search_term_string}\"},\"query-input\":{\"@type\":\"PropertyValueSpecification\",\"valueRequired\":true,\"valueName\":\"search_term_string\"}}],\"inLanguage\":\"bs-BA\"},{\"@type\":[\"Person\",\"Organization\"],\"@id\":\"https:\/\/sandzakpress.net\/arhiva\/#\/schema\/person\/6e72b67d6e51910a1117b3b483ba20bd\",\"name\":\"Kul\",\"image\":{\"@type\":\"ImageObject\",\"inLanguage\":\"bs-BA\",\"@id\":\"https:\/\/sandzakpress.net\/arhiva\/#\/schema\/person\/image\/\",\"url\":\"https:\/\/secure.gravatar.com\/avatar\/42263f39aa27ac04c43cab85c280eb2e?s=96&d=mm&r=pg\",\"contentUrl\":\"https:\/\/secure.gravatar.com\/avatar\/42263f39aa27ac04c43cab85c280eb2e?s=96&d=mm&r=pg\",\"caption\":\"Kul\"},\"logo\":{\"@id\":\"https:\/\/sandzakpress.net\/arhiva\/#\/schema\/person\/image\/\"}},{\"@type\":\"Person\",\"@id\":\"https:\/\/sandzakpress.net\/arhiva\/#\/schema\/person\/cb59d7e3ab91ab90dd680ad0305a6185\",\"name\":\"Agencija\",\"image\":{\"@type\":\"ImageObject\",\"inLanguage\":\"bs-BA\",\"@id\":\"https:\/\/sandzakpress.net\/arhiva\/#\/schema\/person\/image\/\",\"url\":\"https:\/\/secure.gravatar.com\/avatar\/4b7fafa80a22f0c2afe23966b3961fe0?s=96&d=mm&r=pg\",\"contentUrl\":\"https:\/\/secure.gravatar.com\/avatar\/4b7fafa80a22f0c2afe23966b3961fe0?s=96&d=mm&r=pg\",\"caption\":\"Agencija\"},\"url\":\"https:\/\/sandzakpress.net\/arhiva\/author\/agencija\/\"}]}<\/script>\n<!-- \/ Yoast SEO Premium plugin. -->","yoast_head_json":{"title":"\u0160trpci: Jo\u0161 jedna godi\u0161njica bez pravde za \u017ertve","robots":{"index":"index","follow":"follow","max-snippet":"max-snippet:-1","max-image-preview":"max-image-preview:large","max-video-preview":"max-video-preview:-1"},"canonical":"https:\/\/sandzakpress.net\/arhiva\/strpci-jos-jedna-godisnjica-bez-pravde-za-zrtve\/","og_locale":"bs_BA","og_type":"article","og_title":"\u0160trpci: Jo\u0161 jedna godi\u0161njica bez pravde za \u017ertve","og_description":"Vi\u0161e organizacija cilnog dru\u0161tva (OCD) pozvale su gra\u0111ane, predstavnike institucija, medija i nevladinih organizacija da im se u sredu, 27. februara u 15:48 \u010dasova, pred ulazom u Glavnu \u017eelezni\u010dku stanicu u Beogradu pridru\u017ee na obele\u017eavanju 26. godi\u0161njice zlo\u010dina u \u0160trpcima. &#8220;Tog dana su pripadnici Vojske Republike Srpske, na \u017eelezni\u010dkoj stanici u \u0160trpcima, iz voza koji [&hellip;]","og_url":"https:\/\/sandzakpress.net\/arhiva\/strpci-jos-jedna-godisnjica-bez-pravde-za-zrtve\/","og_site_name":"Sand\u017eak PRESS","article_published_time":"2019-02-26T13:45:25+00:00","og_image":[{"width":640,"height":480,"url":"https:\/\/sandzakpress.net\/arhiva\/wp-content\/uploads\/2019\/02\/strpci.jpg","type":"image\/jpeg"}],"author":"Agencija","twitter_card":"summary_large_image","twitter_misc":{"Written by":"Agencija","Est. reading time":"2 minute"},"schema":{"@context":"https:\/\/schema.org","@graph":[{"@type":"Article","@id":"https:\/\/sandzakpress.net\/arhiva\/strpci-jos-jedna-godisnjica-bez-pravde-za-zrtve\/#article","isPartOf":{"@id":"https:\/\/sandzakpress.net\/arhiva\/strpci-jos-jedna-godisnjica-bez-pravde-za-zrtve\/"},"author":{"name":"Agencija","@id":"https:\/\/sandzakpress.net\/arhiva\/#\/schema\/person\/cb59d7e3ab91ab90dd680ad0305a6185"},"headline":"\u0160trpci: Jo\u0161 jedna godi\u0161njica bez pravde za \u017ertve","datePublished":"2019-02-26T13:45:25+00:00","mainEntityOfPage":{"@id":"https:\/\/sandzakpress.net\/arhiva\/strpci-jos-jedna-godisnjica-bez-pravde-za-zrtve\/"},"wordCount":322,"commentCount":0,"publisher":{"@id":"https:\/\/sandzakpress.net\/arhiva\/#\/schema\/person\/6e72b67d6e51910a1117b3b483ba20bd"},"image":{"@id":"https:\/\/sandzakpress.net\/arhiva\/strpci-jos-jedna-godisnjica-bez-pravde-za-zrtve\/#primaryimage"},"thumbnailUrl":"https:\/\/sandzakpress.net\/arhiva\/wp-content\/uploads\/2019\/02\/strpci.jpg","articleSection":["Nacija","Prijepolje","VA\u017dNO!"],"inLanguage":"bs-BA","potentialAction":[{"@type":"CommentAction","name":"Comment","target":["https:\/\/sandzakpress.net\/arhiva\/strpci-jos-jedna-godisnjica-bez-pravde-za-zrtve\/#respond"]}]},{"@type":"WebPage","@id":"https:\/\/sandzakpress.net\/arhiva\/strpci-jos-jedna-godisnjica-bez-pravde-za-zrtve\/","url":"https:\/\/sandzakpress.net\/arhiva\/strpci-jos-jedna-godisnjica-bez-pravde-za-zrtve\/","name":"\u0160trpci: Jo\u0161 jedna godi\u0161njica bez pravde za \u017ertve","isPartOf":{"@id":"https:\/\/sandzakpress.net\/arhiva\/#website"},"primaryImageOfPage":{"@id":"https:\/\/sandzakpress.net\/arhiva\/strpci-jos-jedna-godisnjica-bez-pravde-za-zrtve\/#primaryimage"},"image":{"@id":"https:\/\/sandzakpress.net\/arhiva\/strpci-jos-jedna-godisnjica-bez-pravde-za-zrtve\/#primaryimage"},"thumbnailUrl":"https:\/\/sandzakpress.net\/arhiva\/wp-content\/uploads\/2019\/02\/strpci.jpg","datePublished":"2019-02-26T13:45:25+00:00","breadcrumb":{"@id":"https:\/\/sandzakpress.net\/arhiva\/strpci-jos-jedna-godisnjica-bez-pravde-za-zrtve\/#breadcrumb"},"inLanguage":"bs-BA","potentialAction":[{"@type":"ReadAction","target":["https:\/\/sandzakpress.net\/arhiva\/strpci-jos-jedna-godisnjica-bez-pravde-za-zrtve\/"]}]},{"@type":"ImageObject","inLanguage":"bs-BA","@id":"https:\/\/sandzakpress.net\/arhiva\/strpci-jos-jedna-godisnjica-bez-pravde-za-zrtve\/#primaryimage","url":"https:\/\/sandzakpress.net\/arhiva\/wp-content\/uploads\/2019\/02\/strpci.jpg","contentUrl":"https:\/\/sandzakpress.net\/arhiva\/wp-content\/uploads\/2019\/02\/strpci.jpg","width":640,"height":480},{"@type":"BreadcrumbList","@id":"https:\/\/sandzakpress.net\/arhiva\/strpci-jos-jedna-godisnjica-bez-pravde-za-zrtve\/#breadcrumb","itemListElement":[{"@type":"ListItem","position":1,"name":"Home","item":"https:\/\/sandzakpress.net\/arhiva\/"},{"@type":"ListItem","position":2,"name":"\u0160trpci: Jo\u0161 jedna godi\u0161njica bez pravde za \u017ertve"}]},{"@type":"WebSite","@id":"https:\/\/sandzakpress.net\/arhiva\/#website","url":"https:\/\/sandzakpress.net\/arhiva\/","name":"Sand\u017eak PRESS","description":"Prve elektronske novine u Sand\u017eaku","publisher":{"@id":"https:\/\/sandzakpress.net\/arhiva\/#\/schema\/person\/6e72b67d6e51910a1117b3b483ba20bd"},"potentialAction":[{"@type":"SearchAction","target":{"@type":"EntryPoint","urlTemplate":"https:\/\/sandzakpress.net\/arhiva\/?s={search_term_string}"},"query-input":{"@type":"PropertyValueSpecification","valueRequired":true,"valueName":"search_term_string"}}],"inLanguage":"bs-BA"},{"@type":["Person","Organization"],"@id":"https:\/\/sandzakpress.net\/arhiva\/#\/schema\/person\/6e72b67d6e51910a1117b3b483ba20bd","name":"Kul","image":{"@type":"ImageObject","inLanguage":"bs-BA","@id":"https:\/\/sandzakpress.net\/arhiva\/#\/schema\/person\/image\/","url":"https:\/\/secure.gravatar.com\/avatar\/42263f39aa27ac04c43cab85c280eb2e?s=96&d=mm&r=pg","contentUrl":"https:\/\/secure.gravatar.com\/avatar\/42263f39aa27ac04c43cab85c280eb2e?s=96&d=mm&r=pg","caption":"Kul"},"logo":{"@id":"https:\/\/sandzakpress.net\/arhiva\/#\/schema\/person\/image\/"}},{"@type":"Person","@id":"https:\/\/sandzakpress.net\/arhiva\/#\/schema\/person\/cb59d7e3ab91ab90dd680ad0305a6185","name":"Agencija","image":{"@type":"ImageObject","inLanguage":"bs-BA","@id":"https:\/\/sandzakpress.net\/arhiva\/#\/schema\/person\/image\/","url":"https:\/\/secure.gravatar.com\/avatar\/4b7fafa80a22f0c2afe23966b3961fe0?s=96&d=mm&r=pg","contentUrl":"https:\/\/secure.gravatar.com\/avatar\/4b7fafa80a22f0c2afe23966b3961fe0?s=96&d=mm&r=pg","caption":"Agencija"},"url":"https:\/\/sandzakpress.net\/arhiva\/author\/agencija\/"}]}},"_links":{"self":[{"href":"https:\/\/sandzakpress.net\/arhiva\/wp-json\/wp\/v2\/posts\/217852"}],"collection":[{"href":"https:\/\/sandzakpress.net\/arhiva\/wp-json\/wp\/v2\/posts"}],"about":[{"href":"https:\/\/sandzakpress.net\/arhiva\/wp-json\/wp\/v2\/types\/post"}],"author":[{"embeddable":true,"href":"https:\/\/sandzakpress.net\/arhiva\/wp-json\/wp\/v2\/users\/509"}],"replies":[{"embeddable":true,"href":"https:\/\/sandzakpress.net\/arhiva\/wp-json\/wp\/v2\/comments?post=217852"}],"version-history":[{"count":0,"href":"https:\/\/sandzakpress.net\/arhiva\/wp-json\/wp\/v2\/posts\/217852\/revisions"}],"wp:featuredmedia":[{"embeddable":true,"href":"https:\/\/sandzakpress.net\/arhiva\/wp-json\/wp\/v2\/media\/217859"}],"wp:attachment":[{"href":"https:\/\/sandzakpress.net\/arhiva\/wp-json\/wp\/v2\/media?parent=217852"}],"wp:term":[{"taxonomy":"category","embeddable":true,"href":"https:\/\/sandzakpress.net\/arhiva\/wp-json\/wp\/v2\/categories?post=217852"},{"taxonomy":"post_tag","embeddable":true,"href":"https:\/\/sandzakpress.net\/arhiva\/wp-json\/wp\/v2\/tags?post=217852"}],"curies":[{"name":"wp","href":"https:\/\/api.w.org\/{rel}","templated":true}]}}