{"id":217778,"date":"2019-02-26T12:45:02","date_gmt":"2019-02-26T11:45:02","guid":{"rendered":"https:\/\/sandzakpress.net\/arhiva\/?p=217778"},"modified":"2019-02-26T23:05:05","modified_gmt":"2019-02-26T22:05:05","slug":"paramuftija-beogradski-o-hidzabu-nije-bitno-sta-je-na-glavi-moja-zena-u-australiji-ne-nosi-hidzab","status":"publish","type":"post","link":"https:\/\/sandzakpress.net\/arhiva\/paramuftija-beogradski-o-hidzabu-nije-bitno-sta-je-na-glavi-moja-zena-u-australiji-ne-nosi-hidzab\/","title":{"rendered":"PARAMUFTIJA BEOGRADSKI O HID\u017dABU &#8211; Nije bitno \u0161ta je na glavi, moja \u017eena u Australiji ne nosi hid\u017eab"},"content":{"rendered":"<p><img decoding=\"async\" src=\"https:\/\/ocdn.eu\/pulscms-transforms\/1\/u9ck9lMaHR0cDovL29jZG4uZXUvaW1hZ2VzL3B1bHNjbXMvT1RJN01EQV8vZjNjZjA5YjJjYTU4ZWM5YjFjZmE0NTg5OGY1NWEzYmYuanBlZ5GTAs0EsACBoTAB\" alt=\"Slikovni rezultat za ABDULAH NUMAN\" \/><\/p>\n<p><strong>Paramuftija beogradski Abdulah Numan gostuju\u0107i u emisji OKO magazin na RTS-u govorio o svom \u017eivotu, prihvatanju islama ali i vjerskim pogledima na svijet.<\/strong><\/p>\n<p>Numan na pitanje o propisu hid\u017eaba kazao da njegova \u017eena i k\u0107erka nisu pokrivene, te da je\u00a0nije bitno \u0161ta je na glavi ve\u0107 \u0161ta je u glavi. Dodao da pokrivati kosu nije razlog \u017eivota za \u017eenu, te da vehabije pla\u0107aju za no\u0161enje brade i pokrivanje \u017eena.<\/p>\n<p><iframe loading=\"lazy\" title=\"MUFTIJA ABDULAH NUHAN - Oko RTS\" width=\"696\" height=\"392\" src=\"https:\/\/www.youtube.com\/embed\/SYpN9Y9jQMs?start=536&#038;feature=oembed\" frameborder=\"0\" allow=\"accelerometer; autoplay; encrypted-media; gyroscope; picture-in-picture\" allowfullscreen><\/iframe><\/p>\n","protected":false},"excerpt":{"rendered":"<p>Paramuftija beogradski Abdulah Numan gostuju\u0107i u emisji OKO magazin na RTS-u govorio o svom \u017eivotu, prihvatanju islama ali i vjerskim pogledima na svijet. Numan na pitanje o propisu hid\u017eaba kazao da njegova \u017eena i k\u0107erka nisu pokrivene, te da je\u00a0nije bitno \u0161ta je na glavi ve\u0107 \u0161ta je u glavi. Dodao da pokrivati kosu nije [&hellip;]<\/p>\n","protected":false},"author":509,"featured_media":217779,"comment_status":"open","ping_status":"open","sticky":false,"template":"","format":"standard","meta":{"footnotes":""},"categories":[72,10307,5,8957],"tags":[],"class_list":{"0":"post-217778","1":"post","2":"type-post","3":"status-publish","4":"format-standard","5":"has-post-thumbnail","7":"category-novi-pazar","8":"category-srbija","9":"category-drustvo","10":"category-vijesti-dana"},"yoast_head":"<!-- This site is optimized with the Yoast SEO Premium plugin v23.1 (Yoast SEO v24.9) - https:\/\/yoast.com\/wordpress\/plugins\/seo\/ -->\n<title>PARAMUFTIJA BEOGRADSKI O HID\u017dABU - Nije bitno \u0161ta je na glavi, moja \u017eena u Australiji ne nosi hid\u017eab<\/title>\n<meta name=\"robots\" content=\"index, follow, max-snippet:-1, max-image-preview:large, max-video-preview:-1\" \/>\n<link rel=\"canonical\" href=\"https:\/\/sandzakpress.net\/arhiva\/paramuftija-beogradski-o-hidzabu-nije-bitno-sta-je-na-glavi-moja-zena-u-australiji-ne-nosi-hidzab\/\" \/>\n<meta property=\"og:locale\" content=\"bs_BA\" \/>\n<meta property=\"og:type\" content=\"article\" \/>\n<meta property=\"og:title\" content=\"PARAMUFTIJA BEOGRADSKI O HID\u017dABU - Nije bitno \u0161ta je na glavi, moja \u017eena u Australiji ne nosi hid\u017eab\" \/>\n<meta property=\"og:description\" content=\"Paramuftija beogradski Abdulah Numan gostuju\u0107i u emisji OKO magazin na RTS-u govorio o svom \u017eivotu, prihvatanju islama ali i vjerskim pogledima na svijet. Numan na pitanje o propisu hid\u017eaba kazao da njegova \u017eena i k\u0107erka nisu pokrivene, te da je\u00a0nije bitno \u0161ta je na glavi ve\u0107 \u0161ta je u glavi. Dodao da pokrivati kosu nije [&hellip;]\" \/>\n<meta property=\"og:url\" content=\"https:\/\/sandzakpress.net\/arhiva\/paramuftija-beogradski-o-hidzabu-nije-bitno-sta-je-na-glavi-moja-zena-u-australiji-ne-nosi-hidzab\/\" \/>\n<meta property=\"og:site_name\" content=\"Sand\u017eak PRESS\" \/>\n<meta property=\"article:published_time\" content=\"2019-02-26T11:45:02+00:00\" \/>\n<meta property=\"article:modified_time\" content=\"2019-02-26T22:05:05+00:00\" \/>\n<meta property=\"og:image\" content=\"https:\/\/sandzakpress.net\/arhiva\/wp-content\/uploads\/2019\/02\/u9ck9lMaHR0cDovL29jZG4uZXUvaW1hZ2VzL3B1bHNjbXMvT1RJN01EQV8vZjNjZjA5YjJjYTU4ZWM5YjFjZmE0NTg5OGY1NWEzYmYuanBlZ5GTAs0EsACBoTAB.jpg\" \/>\n\t<meta property=\"og:image:width\" content=\"1200\" \/>\n\t<meta property=\"og:image:height\" content=\"791\" \/>\n\t<meta property=\"og:image:type\" content=\"image\/jpeg\" \/>\n<meta name=\"author\" content=\"Agencija\" \/>\n<meta name=\"twitter:card\" content=\"summary_large_image\" \/>\n<meta name=\"twitter:label1\" content=\"Written by\" \/>\n\t<meta name=\"twitter:data1\" content=\"Agencija\" \/>\n<script type=\"application\/ld+json\" class=\"yoast-schema-graph\">{\"@context\":\"https:\/\/schema.org\",\"@graph\":[{\"@type\":\"Article\",\"@id\":\"https:\/\/sandzakpress.net\/arhiva\/paramuftija-beogradski-o-hidzabu-nije-bitno-sta-je-na-glavi-moja-zena-u-australiji-ne-nosi-hidzab\/#article\",\"isPartOf\":{\"@id\":\"https:\/\/sandzakpress.net\/arhiva\/paramuftija-beogradski-o-hidzabu-nije-bitno-sta-je-na-glavi-moja-zena-u-australiji-ne-nosi-hidzab\/\"},\"author\":{\"name\":\"Agencija\",\"@id\":\"https:\/\/sandzakpress.net\/arhiva\/#\/schema\/person\/cb59d7e3ab91ab90dd680ad0305a6185\"},\"headline\":\"PARAMUFTIJA BEOGRADSKI O HID\u017dABU &#8211; Nije bitno \u0161ta je na glavi, moja \u017eena u Australiji ne nosi hid\u017eab\",\"datePublished\":\"2019-02-26T11:45:02+00:00\",\"dateModified\":\"2019-02-26T22:05:05+00:00\",\"mainEntityOfPage\":{\"@id\":\"https:\/\/sandzakpress.net\/arhiva\/paramuftija-beogradski-o-hidzabu-nije-bitno-sta-je-na-glavi-moja-zena-u-australiji-ne-nosi-hidzab\/\"},\"wordCount\":102,\"commentCount\":8,\"publisher\":{\"@id\":\"https:\/\/sandzakpress.net\/arhiva\/#\/schema\/person\/6e72b67d6e51910a1117b3b483ba20bd\"},\"image\":{\"@id\":\"https:\/\/sandzakpress.net\/arhiva\/paramuftija-beogradski-o-hidzabu-nije-bitno-sta-je-na-glavi-moja-zena-u-australiji-ne-nosi-hidzab\/#primaryimage\"},\"thumbnailUrl\":\"https:\/\/sandzakpress.net\/arhiva\/wp-content\/uploads\/2019\/02\/u9ck9lMaHR0cDovL29jZG4uZXUvaW1hZ2VzL3B1bHNjbXMvT1RJN01EQV8vZjNjZjA5YjJjYTU4ZWM5YjFjZmE0NTg5OGY1NWEzYmYuanBlZ5GTAs0EsACBoTAB.jpg\",\"articleSection\":[\"Novi Pazar\",\"Srbija\",\"Dru\u0161tvo\",\"VIJESTI DANA\"],\"inLanguage\":\"bs-BA\",\"potentialAction\":[{\"@type\":\"CommentAction\",\"name\":\"Comment\",\"target\":[\"https:\/\/sandzakpress.net\/arhiva\/paramuftija-beogradski-o-hidzabu-nije-bitno-sta-je-na-glavi-moja-zena-u-australiji-ne-nosi-hidzab\/#respond\"]}]},{\"@type\":\"WebPage\",\"@id\":\"https:\/\/sandzakpress.net\/arhiva\/paramuftija-beogradski-o-hidzabu-nije-bitno-sta-je-na-glavi-moja-zena-u-australiji-ne-nosi-hidzab\/\",\"url\":\"https:\/\/sandzakpress.net\/arhiva\/paramuftija-beogradski-o-hidzabu-nije-bitno-sta-je-na-glavi-moja-zena-u-australiji-ne-nosi-hidzab\/\",\"name\":\"PARAMUFTIJA BEOGRADSKI O HID\u017dABU - Nije bitno \u0161ta je na glavi, moja \u017eena u Australiji ne nosi hid\u017eab\",\"isPartOf\":{\"@id\":\"https:\/\/sandzakpress.net\/arhiva\/#website\"},\"primaryImageOfPage\":{\"@id\":\"https:\/\/sandzakpress.net\/arhiva\/paramuftija-beogradski-o-hidzabu-nije-bitno-sta-je-na-glavi-moja-zena-u-australiji-ne-nosi-hidzab\/#primaryimage\"},\"image\":{\"@id\":\"https:\/\/sandzakpress.net\/arhiva\/paramuftija-beogradski-o-hidzabu-nije-bitno-sta-je-na-glavi-moja-zena-u-australiji-ne-nosi-hidzab\/#primaryimage\"},\"thumbnailUrl\":\"https:\/\/sandzakpress.net\/arhiva\/wp-content\/uploads\/2019\/02\/u9ck9lMaHR0cDovL29jZG4uZXUvaW1hZ2VzL3B1bHNjbXMvT1RJN01EQV8vZjNjZjA5YjJjYTU4ZWM5YjFjZmE0NTg5OGY1NWEzYmYuanBlZ5GTAs0EsACBoTAB.jpg\",\"datePublished\":\"2019-02-26T11:45:02+00:00\",\"dateModified\":\"2019-02-26T22:05:05+00:00\",\"breadcrumb\":{\"@id\":\"https:\/\/sandzakpress.net\/arhiva\/paramuftija-beogradski-o-hidzabu-nije-bitno-sta-je-na-glavi-moja-zena-u-australiji-ne-nosi-hidzab\/#breadcrumb\"},\"inLanguage\":\"bs-BA\",\"potentialAction\":[{\"@type\":\"ReadAction\",\"target\":[\"https:\/\/sandzakpress.net\/arhiva\/paramuftija-beogradski-o-hidzabu-nije-bitno-sta-je-na-glavi-moja-zena-u-australiji-ne-nosi-hidzab\/\"]}]},{\"@type\":\"ImageObject\",\"inLanguage\":\"bs-BA\",\"@id\":\"https:\/\/sandzakpress.net\/arhiva\/paramuftija-beogradski-o-hidzabu-nije-bitno-sta-je-na-glavi-moja-zena-u-australiji-ne-nosi-hidzab\/#primaryimage\",\"url\":\"https:\/\/sandzakpress.net\/arhiva\/wp-content\/uploads\/2019\/02\/u9ck9lMaHR0cDovL29jZG4uZXUvaW1hZ2VzL3B1bHNjbXMvT1RJN01EQV8vZjNjZjA5YjJjYTU4ZWM5YjFjZmE0NTg5OGY1NWEzYmYuanBlZ5GTAs0EsACBoTAB.jpg\",\"contentUrl\":\"https:\/\/sandzakpress.net\/arhiva\/wp-content\/uploads\/2019\/02\/u9ck9lMaHR0cDovL29jZG4uZXUvaW1hZ2VzL3B1bHNjbXMvT1RJN01EQV8vZjNjZjA5YjJjYTU4ZWM5YjFjZmE0NTg5OGY1NWEzYmYuanBlZ5GTAs0EsACBoTAB.jpg\",\"width\":1200,\"height\":791},{\"@type\":\"BreadcrumbList\",\"@id\":\"https:\/\/sandzakpress.net\/arhiva\/paramuftija-beogradski-o-hidzabu-nije-bitno-sta-je-na-glavi-moja-zena-u-australiji-ne-nosi-hidzab\/#breadcrumb\",\"itemListElement\":[{\"@type\":\"ListItem\",\"position\":1,\"name\":\"Home\",\"item\":\"https:\/\/sandzakpress.net\/arhiva\/\"},{\"@type\":\"ListItem\",\"position\":2,\"name\":\"PARAMUFTIJA BEOGRADSKI O HID\u017dABU &#8211; Nije bitno \u0161ta je na glavi, moja \u017eena u Australiji ne nosi hid\u017eab\"}]},{\"@type\":\"WebSite\",\"@id\":\"https:\/\/sandzakpress.net\/arhiva\/#website\",\"url\":\"https:\/\/sandzakpress.net\/arhiva\/\",\"name\":\"Sand\u017eak PRESS\",\"description\":\"Prve elektronske novine u Sand\u017eaku\",\"publisher\":{\"@id\":\"https:\/\/sandzakpress.net\/arhiva\/#\/schema\/person\/6e72b67d6e51910a1117b3b483ba20bd\"},\"potentialAction\":[{\"@type\":\"SearchAction\",\"target\":{\"@type\":\"EntryPoint\",\"urlTemplate\":\"https:\/\/sandzakpress.net\/arhiva\/?s={search_term_string}\"},\"query-input\":{\"@type\":\"PropertyValueSpecification\",\"valueRequired\":true,\"valueName\":\"search_term_string\"}}],\"inLanguage\":\"bs-BA\"},{\"@type\":[\"Person\",\"Organization\"],\"@id\":\"https:\/\/sandzakpress.net\/arhiva\/#\/schema\/person\/6e72b67d6e51910a1117b3b483ba20bd\",\"name\":\"Kul\",\"image\":{\"@type\":\"ImageObject\",\"inLanguage\":\"bs-BA\",\"@id\":\"https:\/\/sandzakpress.net\/arhiva\/#\/schema\/person\/image\/\",\"url\":\"https:\/\/secure.gravatar.com\/avatar\/42263f39aa27ac04c43cab85c280eb2e?s=96&d=mm&r=pg\",\"contentUrl\":\"https:\/\/secure.gravatar.com\/avatar\/42263f39aa27ac04c43cab85c280eb2e?s=96&d=mm&r=pg\",\"caption\":\"Kul\"},\"logo\":{\"@id\":\"https:\/\/sandzakpress.net\/arhiva\/#\/schema\/person\/image\/\"}},{\"@type\":\"Person\",\"@id\":\"https:\/\/sandzakpress.net\/arhiva\/#\/schema\/person\/cb59d7e3ab91ab90dd680ad0305a6185\",\"name\":\"Agencija\",\"image\":{\"@type\":\"ImageObject\",\"inLanguage\":\"bs-BA\",\"@id\":\"https:\/\/sandzakpress.net\/arhiva\/#\/schema\/person\/image\/\",\"url\":\"https:\/\/secure.gravatar.com\/avatar\/4b7fafa80a22f0c2afe23966b3961fe0?s=96&d=mm&r=pg\",\"contentUrl\":\"https:\/\/secure.gravatar.com\/avatar\/4b7fafa80a22f0c2afe23966b3961fe0?s=96&d=mm&r=pg\",\"caption\":\"Agencija\"},\"url\":\"https:\/\/sandzakpress.net\/arhiva\/author\/agencija\/\"}]}<\/script>\n<!-- \/ Yoast SEO Premium plugin. -->","yoast_head_json":{"title":"PARAMUFTIJA BEOGRADSKI O HID\u017dABU - Nije bitno \u0161ta je na glavi, moja \u017eena u Australiji ne nosi hid\u017eab","robots":{"index":"index","follow":"follow","max-snippet":"max-snippet:-1","max-image-preview":"max-image-preview:large","max-video-preview":"max-video-preview:-1"},"canonical":"https:\/\/sandzakpress.net\/arhiva\/paramuftija-beogradski-o-hidzabu-nije-bitno-sta-je-na-glavi-moja-zena-u-australiji-ne-nosi-hidzab\/","og_locale":"bs_BA","og_type":"article","og_title":"PARAMUFTIJA BEOGRADSKI O HID\u017dABU - Nije bitno \u0161ta je na glavi, moja \u017eena u Australiji ne nosi hid\u017eab","og_description":"Paramuftija beogradski Abdulah Numan gostuju\u0107i u emisji OKO magazin na RTS-u govorio o svom \u017eivotu, prihvatanju islama ali i vjerskim pogledima na svijet. Numan na pitanje o propisu hid\u017eaba kazao da njegova \u017eena i k\u0107erka nisu pokrivene, te da je\u00a0nije bitno \u0161ta je na glavi ve\u0107 \u0161ta je u glavi. Dodao da pokrivati kosu nije [&hellip;]","og_url":"https:\/\/sandzakpress.net\/arhiva\/paramuftija-beogradski-o-hidzabu-nije-bitno-sta-je-na-glavi-moja-zena-u-australiji-ne-nosi-hidzab\/","og_site_name":"Sand\u017eak PRESS","article_published_time":"2019-02-26T11:45:02+00:00","article_modified_time":"2019-02-26T22:05:05+00:00","og_image":[{"width":1200,"height":791,"url":"https:\/\/sandzakpress.net\/arhiva\/wp-content\/uploads\/2019\/02\/u9ck9lMaHR0cDovL29jZG4uZXUvaW1hZ2VzL3B1bHNjbXMvT1RJN01EQV8vZjNjZjA5YjJjYTU4ZWM5YjFjZmE0NTg5OGY1NWEzYmYuanBlZ5GTAs0EsACBoTAB.jpg","type":"image\/jpeg"}],"author":"Agencija","twitter_card":"summary_large_image","twitter_misc":{"Written by":"Agencija"},"schema":{"@context":"https:\/\/schema.org","@graph":[{"@type":"Article","@id":"https:\/\/sandzakpress.net\/arhiva\/paramuftija-beogradski-o-hidzabu-nije-bitno-sta-je-na-glavi-moja-zena-u-australiji-ne-nosi-hidzab\/#article","isPartOf":{"@id":"https:\/\/sandzakpress.net\/arhiva\/paramuftija-beogradski-o-hidzabu-nije-bitno-sta-je-na-glavi-moja-zena-u-australiji-ne-nosi-hidzab\/"},"author":{"name":"Agencija","@id":"https:\/\/sandzakpress.net\/arhiva\/#\/schema\/person\/cb59d7e3ab91ab90dd680ad0305a6185"},"headline":"PARAMUFTIJA BEOGRADSKI O HID\u017dABU &#8211; Nije bitno \u0161ta je na glavi, moja \u017eena u Australiji ne nosi hid\u017eab","datePublished":"2019-02-26T11:45:02+00:00","dateModified":"2019-02-26T22:05:05+00:00","mainEntityOfPage":{"@id":"https:\/\/sandzakpress.net\/arhiva\/paramuftija-beogradski-o-hidzabu-nije-bitno-sta-je-na-glavi-moja-zena-u-australiji-ne-nosi-hidzab\/"},"wordCount":102,"commentCount":8,"publisher":{"@id":"https:\/\/sandzakpress.net\/arhiva\/#\/schema\/person\/6e72b67d6e51910a1117b3b483ba20bd"},"image":{"@id":"https:\/\/sandzakpress.net\/arhiva\/paramuftija-beogradski-o-hidzabu-nije-bitno-sta-je-na-glavi-moja-zena-u-australiji-ne-nosi-hidzab\/#primaryimage"},"thumbnailUrl":"https:\/\/sandzakpress.net\/arhiva\/wp-content\/uploads\/2019\/02\/u9ck9lMaHR0cDovL29jZG4uZXUvaW1hZ2VzL3B1bHNjbXMvT1RJN01EQV8vZjNjZjA5YjJjYTU4ZWM5YjFjZmE0NTg5OGY1NWEzYmYuanBlZ5GTAs0EsACBoTAB.jpg","articleSection":["Novi Pazar","Srbija","Dru\u0161tvo","VIJESTI DANA"],"inLanguage":"bs-BA","potentialAction":[{"@type":"CommentAction","name":"Comment","target":["https:\/\/sandzakpress.net\/arhiva\/paramuftija-beogradski-o-hidzabu-nije-bitno-sta-je-na-glavi-moja-zena-u-australiji-ne-nosi-hidzab\/#respond"]}]},{"@type":"WebPage","@id":"https:\/\/sandzakpress.net\/arhiva\/paramuftija-beogradski-o-hidzabu-nije-bitno-sta-je-na-glavi-moja-zena-u-australiji-ne-nosi-hidzab\/","url":"https:\/\/sandzakpress.net\/arhiva\/paramuftija-beogradski-o-hidzabu-nije-bitno-sta-je-na-glavi-moja-zena-u-australiji-ne-nosi-hidzab\/","name":"PARAMUFTIJA BEOGRADSKI O HID\u017dABU - Nije bitno \u0161ta je na glavi, moja \u017eena u Australiji ne nosi hid\u017eab","isPartOf":{"@id":"https:\/\/sandzakpress.net\/arhiva\/#website"},"primaryImageOfPage":{"@id":"https:\/\/sandzakpress.net\/arhiva\/paramuftija-beogradski-o-hidzabu-nije-bitno-sta-je-na-glavi-moja-zena-u-australiji-ne-nosi-hidzab\/#primaryimage"},"image":{"@id":"https:\/\/sandzakpress.net\/arhiva\/paramuftija-beogradski-o-hidzabu-nije-bitno-sta-je-na-glavi-moja-zena-u-australiji-ne-nosi-hidzab\/#primaryimage"},"thumbnailUrl":"https:\/\/sandzakpress.net\/arhiva\/wp-content\/uploads\/2019\/02\/u9ck9lMaHR0cDovL29jZG4uZXUvaW1hZ2VzL3B1bHNjbXMvT1RJN01EQV8vZjNjZjA5YjJjYTU4ZWM5YjFjZmE0NTg5OGY1NWEzYmYuanBlZ5GTAs0EsACBoTAB.jpg","datePublished":"2019-02-26T11:45:02+00:00","dateModified":"2019-02-26T22:05:05+00:00","breadcrumb":{"@id":"https:\/\/sandzakpress.net\/arhiva\/paramuftija-beogradski-o-hidzabu-nije-bitno-sta-je-na-glavi-moja-zena-u-australiji-ne-nosi-hidzab\/#breadcrumb"},"inLanguage":"bs-BA","potentialAction":[{"@type":"ReadAction","target":["https:\/\/sandzakpress.net\/arhiva\/paramuftija-beogradski-o-hidzabu-nije-bitno-sta-je-na-glavi-moja-zena-u-australiji-ne-nosi-hidzab\/"]}]},{"@type":"ImageObject","inLanguage":"bs-BA","@id":"https:\/\/sandzakpress.net\/arhiva\/paramuftija-beogradski-o-hidzabu-nije-bitno-sta-je-na-glavi-moja-zena-u-australiji-ne-nosi-hidzab\/#primaryimage","url":"https:\/\/sandzakpress.net\/arhiva\/wp-content\/uploads\/2019\/02\/u9ck9lMaHR0cDovL29jZG4uZXUvaW1hZ2VzL3B1bHNjbXMvT1RJN01EQV8vZjNjZjA5YjJjYTU4ZWM5YjFjZmE0NTg5OGY1NWEzYmYuanBlZ5GTAs0EsACBoTAB.jpg","contentUrl":"https:\/\/sandzakpress.net\/arhiva\/wp-content\/uploads\/2019\/02\/u9ck9lMaHR0cDovL29jZG4uZXUvaW1hZ2VzL3B1bHNjbXMvT1RJN01EQV8vZjNjZjA5YjJjYTU4ZWM5YjFjZmE0NTg5OGY1NWEzYmYuanBlZ5GTAs0EsACBoTAB.jpg","width":1200,"height":791},{"@type":"BreadcrumbList","@id":"https:\/\/sandzakpress.net\/arhiva\/paramuftija-beogradski-o-hidzabu-nije-bitno-sta-je-na-glavi-moja-zena-u-australiji-ne-nosi-hidzab\/#breadcrumb","itemListElement":[{"@type":"ListItem","position":1,"name":"Home","item":"https:\/\/sandzakpress.net\/arhiva\/"},{"@type":"ListItem","position":2,"name":"PARAMUFTIJA BEOGRADSKI O HID\u017dABU &#8211; Nije bitno \u0161ta je na glavi, moja \u017eena u Australiji ne nosi hid\u017eab"}]},{"@type":"WebSite","@id":"https:\/\/sandzakpress.net\/arhiva\/#website","url":"https:\/\/sandzakpress.net\/arhiva\/","name":"Sand\u017eak PRESS","description":"Prve elektronske novine u Sand\u017eaku","publisher":{"@id":"https:\/\/sandzakpress.net\/arhiva\/#\/schema\/person\/6e72b67d6e51910a1117b3b483ba20bd"},"potentialAction":[{"@type":"SearchAction","target":{"@type":"EntryPoint","urlTemplate":"https:\/\/sandzakpress.net\/arhiva\/?s={search_term_string}"},"query-input":{"@type":"PropertyValueSpecification","valueRequired":true,"valueName":"search_term_string"}}],"inLanguage":"bs-BA"},{"@type":["Person","Organization"],"@id":"https:\/\/sandzakpress.net\/arhiva\/#\/schema\/person\/6e72b67d6e51910a1117b3b483ba20bd","name":"Kul","image":{"@type":"ImageObject","inLanguage":"bs-BA","@id":"https:\/\/sandzakpress.net\/arhiva\/#\/schema\/person\/image\/","url":"https:\/\/secure.gravatar.com\/avatar\/42263f39aa27ac04c43cab85c280eb2e?s=96&d=mm&r=pg","contentUrl":"https:\/\/secure.gravatar.com\/avatar\/42263f39aa27ac04c43cab85c280eb2e?s=96&d=mm&r=pg","caption":"Kul"},"logo":{"@id":"https:\/\/sandzakpress.net\/arhiva\/#\/schema\/person\/image\/"}},{"@type":"Person","@id":"https:\/\/sandzakpress.net\/arhiva\/#\/schema\/person\/cb59d7e3ab91ab90dd680ad0305a6185","name":"Agencija","image":{"@type":"ImageObject","inLanguage":"bs-BA","@id":"https:\/\/sandzakpress.net\/arhiva\/#\/schema\/person\/image\/","url":"https:\/\/secure.gravatar.com\/avatar\/4b7fafa80a22f0c2afe23966b3961fe0?s=96&d=mm&r=pg","contentUrl":"https:\/\/secure.gravatar.com\/avatar\/4b7fafa80a22f0c2afe23966b3961fe0?s=96&d=mm&r=pg","caption":"Agencija"},"url":"https:\/\/sandzakpress.net\/arhiva\/author\/agencija\/"}]}},"_links":{"self":[{"href":"https:\/\/sandzakpress.net\/arhiva\/wp-json\/wp\/v2\/posts\/217778"}],"collection":[{"href":"https:\/\/sandzakpress.net\/arhiva\/wp-json\/wp\/v2\/posts"}],"about":[{"href":"https:\/\/sandzakpress.net\/arhiva\/wp-json\/wp\/v2\/types\/post"}],"author":[{"embeddable":true,"href":"https:\/\/sandzakpress.net\/arhiva\/wp-json\/wp\/v2\/users\/509"}],"replies":[{"embeddable":true,"href":"https:\/\/sandzakpress.net\/arhiva\/wp-json\/wp\/v2\/comments?post=217778"}],"version-history":[{"count":0,"href":"https:\/\/sandzakpress.net\/arhiva\/wp-json\/wp\/v2\/posts\/217778\/revisions"}],"wp:featuredmedia":[{"embeddable":true,"href":"https:\/\/sandzakpress.net\/arhiva\/wp-json\/wp\/v2\/media\/217779"}],"wp:attachment":[{"href":"https:\/\/sandzakpress.net\/arhiva\/wp-json\/wp\/v2\/media?parent=217778"}],"wp:term":[{"taxonomy":"category","embeddable":true,"href":"https:\/\/sandzakpress.net\/arhiva\/wp-json\/wp\/v2\/categories?post=217778"},{"taxonomy":"post_tag","embeddable":true,"href":"https:\/\/sandzakpress.net\/arhiva\/wp-json\/wp\/v2\/tags?post=217778"}],"curies":[{"name":"wp","href":"https:\/\/api.w.org\/{rel}","templated":true}]}}