{"id":217770,"date":"2019-02-25T22:00:34","date_gmt":"2019-02-25T21:00:34","guid":{"rendered":"https:\/\/sandzakpress.net\/arhiva\/?p=217770"},"modified":"2019-02-25T22:00:34","modified_gmt":"2019-02-25T21:00:34","slug":"spp-mora-se-rijesiti-problem-vatrogasne-stanice-u-novom-pazaru","status":"publish","type":"post","link":"https:\/\/sandzakpress.net\/arhiva\/spp-mora-se-rijesiti-problem-vatrogasne-stanice-u-novom-pazaru\/","title":{"rendered":"SPP \u2013 Mora se rije\u0161iti problem vatrogasne stanice u Novom Pazaru"},"content":{"rendered":"<p style=\"text-align: center;\"><img decoding=\"async\" class=\"wp-image-44375\" src=\"http:\/\/sanapress.info\/wp-content\/uploads\/2019\/02\/viber-image-2019-02-25-18.03.55-1-1024x777.jpg\" sizes=\"(max-width: 1024px) 100vw, 1024px\" srcset=\"http:\/\/sanapress.info\/wp-content\/uploads\/2019\/02\/viber-image-2019-02-25-18.03.55-1.jpg 1024w, http:\/\/sanapress.info\/wp-content\/uploads\/2019\/02\/viber-image-2019-02-25-18.03.55-1-300x228.jpg 300w, http:\/\/sanapress.info\/wp-content\/uploads\/2019\/02\/viber-image-2019-02-25-18.03.55-1-768x583.jpg 768w\" alt=\"\" \/><br \/>FOTO \u2013 SANA<\/p>\n<p><strong>Jo\u0161 jedan stambeni objekat izgorio je u Novom Pazaru. Vi\u0161e porodica ostalo je bez krova nad glavom, na sre\u0107u ovog puta \u017ertava nije bilo. Stranka pravde i pomirenja, koferencijom za medije \u017eeljela da podsjeti javnost da se ovakvi nemili doga\u0111aji \u010desto de\u0161avaju a da se problem ne re\u0161ava.<\/strong><\/p>\n<p><iframe loading=\"lazy\" title=\"Tema dana - \u0110erlek: SPP \u2013 Novi Pazar da \u0161to prije osavremeni vatrogasnu jedinicu\" width=\"696\" height=\"522\" src=\"https:\/\/www.youtube.com\/embed\/3mb5uOb4g6U?feature=oembed\" frameborder=\"0\" allow=\"accelerometer; autoplay; encrypted-media; gyroscope; picture-in-picture\" allowfullscreen><\/iframe><\/p>\n<p>Generalni sekretar stranke pravde i pomirenja, Edin \u0110erlek istakao da grad ne smije dopustiti da se ovakvo stanje ponavlja, ve\u0107 se \u0161to prije mora osavremeniti vatrogasna jedinica.<\/p>\n<p>\u201c Dok ministarstvo unutra\u0161njih poslova ne odgovori na na\u0161e zahtjeve, postoje mehanizmi koje grad preuzima ne \u010dekaju\u0107i da ministarstvo odgovori, pogotovo u situaciji gdje na svakih par nedelja imamo po\u017ear. Kao \u0161to sam naveo, op\u0107ine Novi Sad, Kikinda ali i druge u Srbiji, koje tako\u0111er nisu dobile pomo\u0107 od ministarstva u datom trenutku, ali su se sami anga\u017eovali i sredstvima iz bud\u017eeta finansirali za modernizaciju vatrogasne jedinice. Ne vidim nikakav problem u tome, prosto je, ako postoji sposoban gradona\u010delnik kao i gradska uprava, ne \u010dekaju toliko dugo da ministarstvo obezbjedi modernizaciju vatrogasne jedinice \u201c, dodaje generalni sekretar SPP-a Edin \u0110erlek.<\/p>\n<p>Ovim putem \u017eelimo pustiti glas o ovom alarmantnom problemu o kojem se ne smije \u0161utjeti i koji se \u0161to prije mora rije\u0161iti, isti\u010de \u0110erlek.<\/p>\n<p>\u201c Hrabri gra\u0111ani, koji su zapravo junaci subotnjeg dana, goloruki su ulazili u vatrenu stihiju. Rizikovali su svoje \u017eivote kako bi ugasili vatru. Oni su zapravo junaci tog dana sa pojedincima iz gradskih preduze\u0107a, pripadnicima policije ali i sa nekim privatnim firmama koji su do\u0161li. Da nije bilo gra\u0111ana, taj po\u017ear se ne bi ugasio ni do 23h, pro\u0161irio bi se na druge objekte i samim tim bi imali jednu ve\u0107u tragediju. Nakon toga, videli smo jednu zgro\u017eavaju\u0107u sliku gdje se bukvalno lo\u017ei logorska vatra, kako bi otopili cevi cisterne, kako bi otopili vodu koja treba da ugasi po\u017ear. Me\u0111utim, oni koji su na vlasti nisu imali sluha. Mi smo \u010dak dali prijedlog da se po\u0161alje zahtjev ministarstvu ali su i to potpuno anemi\u010dno shvatali i odbijali. I dan danas, problem nismo re\u0161ili. Pozivam ovim putem Ministarstvo unutra\u0161njih poslova, sektor za vanredne situacije pri ministarstvu unutra\u0161njih poslova ali i lokalnu samoupravu da preduzmu sve neophodne mjere, da ulo\u017ee maksimalan napor u cilju rje\u0161avanja ovog problema \u201c, zavr\u0161ava generalni sekretar SPP- Edin \u0110erlek.<\/p>\n<p>Cijelu press konferenciju mo\u017eete pogledati na Sand\u017eak televiziji.<\/p>\n<p>SANA \u2013 Zerina Bojad\u017ei\u0107<\/p>\n","protected":false},"excerpt":{"rendered":"<p>FOTO \u2013 SANA Jo\u0161 jedan stambeni objekat izgorio je u Novom Pazaru. Vi\u0161e porodica ostalo je bez krova nad glavom, na sre\u0107u ovog puta \u017ertava nije bilo. Stranka pravde i pomirenja, koferencijom za medije \u017eeljela da podsjeti javnost da se ovakvi nemili doga\u0111aji \u010desto de\u0161avaju a da se problem ne re\u0161ava. Generalni sekretar stranke pravde [&hellip;]<\/p>\n","protected":false},"author":509,"featured_media":217771,"comment_status":"open","ping_status":"open","sticky":false,"template":"","format":"standard","meta":{"footnotes":""},"categories":[72,1,8957,798],"tags":[10541],"class_list":{"0":"post-217770","1":"post","2":"type-post","3":"status-publish","4":"format-standard","5":"has-post-thumbnail","7":"category-novi-pazar","8":"category-politika","9":"category-vijesti-dana","10":"category-teme","11":"tag-spp"},"yoast_head":"<!-- This site is optimized with the Yoast SEO Premium plugin v23.1 (Yoast SEO v24.9) - https:\/\/yoast.com\/wordpress\/plugins\/seo\/ -->\n<title>SPP \u2013 Mora se rije\u0161iti problem vatrogasne stanice u Novom Pazaru<\/title>\n<meta name=\"robots\" content=\"index, follow, max-snippet:-1, max-image-preview:large, max-video-preview:-1\" \/>\n<link rel=\"canonical\" href=\"https:\/\/sandzakpress.net\/arhiva\/spp-mora-se-rijesiti-problem-vatrogasne-stanice-u-novom-pazaru\/\" \/>\n<meta property=\"og:locale\" content=\"bs_BA\" \/>\n<meta property=\"og:type\" content=\"article\" \/>\n<meta property=\"og:title\" content=\"SPP \u2013 Mora se rije\u0161iti problem vatrogasne stanice u Novom Pazaru\" \/>\n<meta property=\"og:description\" content=\"FOTO \u2013 SANA Jo\u0161 jedan stambeni objekat izgorio je u Novom Pazaru. Vi\u0161e porodica ostalo je bez krova nad glavom, na sre\u0107u ovog puta \u017ertava nije bilo. Stranka pravde i pomirenja, koferencijom za medije \u017eeljela da podsjeti javnost da se ovakvi nemili doga\u0111aji \u010desto de\u0161avaju a da se problem ne re\u0161ava. Generalni sekretar stranke pravde [&hellip;]\" \/>\n<meta property=\"og:url\" content=\"https:\/\/sandzakpress.net\/arhiva\/spp-mora-se-rijesiti-problem-vatrogasne-stanice-u-novom-pazaru\/\" \/>\n<meta property=\"og:site_name\" content=\"Sand\u017eak PRESS\" \/>\n<meta property=\"article:published_time\" content=\"2019-02-25T21:00:34+00:00\" \/>\n<meta property=\"og:image\" content=\"https:\/\/sandzakpress.net\/arhiva\/wp-content\/uploads\/2019\/02\/viber-image-2019-02-25-18.03.55-1-1024x777.jpg\" \/>\n\t<meta property=\"og:image:width\" content=\"1024\" \/>\n\t<meta property=\"og:image:height\" content=\"777\" \/>\n\t<meta property=\"og:image:type\" content=\"image\/jpeg\" \/>\n<meta name=\"author\" content=\"Agencija\" \/>\n<meta name=\"twitter:card\" content=\"summary_large_image\" \/>\n<meta name=\"twitter:label1\" content=\"Written by\" \/>\n\t<meta name=\"twitter:data1\" content=\"Agencija\" \/>\n\t<meta name=\"twitter:label2\" content=\"Est. reading time\" \/>\n\t<meta name=\"twitter:data2\" content=\"2 minute\" \/>\n<script type=\"application\/ld+json\" class=\"yoast-schema-graph\">{\"@context\":\"https:\/\/schema.org\",\"@graph\":[{\"@type\":\"Article\",\"@id\":\"https:\/\/sandzakpress.net\/arhiva\/spp-mora-se-rijesiti-problem-vatrogasne-stanice-u-novom-pazaru\/#article\",\"isPartOf\":{\"@id\":\"https:\/\/sandzakpress.net\/arhiva\/spp-mora-se-rijesiti-problem-vatrogasne-stanice-u-novom-pazaru\/\"},\"author\":{\"name\":\"Agencija\",\"@id\":\"https:\/\/sandzakpress.net\/arhiva\/#\/schema\/person\/cb59d7e3ab91ab90dd680ad0305a6185\"},\"headline\":\"SPP \u2013 Mora se rije\u0161iti problem vatrogasne stanice u Novom Pazaru\",\"datePublished\":\"2019-02-25T21:00:34+00:00\",\"mainEntityOfPage\":{\"@id\":\"https:\/\/sandzakpress.net\/arhiva\/spp-mora-se-rijesiti-problem-vatrogasne-stanice-u-novom-pazaru\/\"},\"wordCount\":437,\"commentCount\":1,\"publisher\":{\"@id\":\"https:\/\/sandzakpress.net\/arhiva\/#\/schema\/person\/6e72b67d6e51910a1117b3b483ba20bd\"},\"image\":{\"@id\":\"https:\/\/sandzakpress.net\/arhiva\/spp-mora-se-rijesiti-problem-vatrogasne-stanice-u-novom-pazaru\/#primaryimage\"},\"thumbnailUrl\":\"https:\/\/sandzakpress.net\/arhiva\/wp-content\/uploads\/2019\/02\/viber-image-2019-02-25-18.03.55-1-1024x777.jpg\",\"keywords\":[\"SPP\"],\"articleSection\":[\"Novi Pazar\",\"Politika\",\"VIJESTI DANA\",\"NAJNOVIJE\"],\"inLanguage\":\"bs-BA\",\"potentialAction\":[{\"@type\":\"CommentAction\",\"name\":\"Comment\",\"target\":[\"https:\/\/sandzakpress.net\/arhiva\/spp-mora-se-rijesiti-problem-vatrogasne-stanice-u-novom-pazaru\/#respond\"]}]},{\"@type\":\"WebPage\",\"@id\":\"https:\/\/sandzakpress.net\/arhiva\/spp-mora-se-rijesiti-problem-vatrogasne-stanice-u-novom-pazaru\/\",\"url\":\"https:\/\/sandzakpress.net\/arhiva\/spp-mora-se-rijesiti-problem-vatrogasne-stanice-u-novom-pazaru\/\",\"name\":\"SPP \u2013 Mora se rije\u0161iti problem vatrogasne stanice u Novom Pazaru\",\"isPartOf\":{\"@id\":\"https:\/\/sandzakpress.net\/arhiva\/#website\"},\"primaryImageOfPage\":{\"@id\":\"https:\/\/sandzakpress.net\/arhiva\/spp-mora-se-rijesiti-problem-vatrogasne-stanice-u-novom-pazaru\/#primaryimage\"},\"image\":{\"@id\":\"https:\/\/sandzakpress.net\/arhiva\/spp-mora-se-rijesiti-problem-vatrogasne-stanice-u-novom-pazaru\/#primaryimage\"},\"thumbnailUrl\":\"https:\/\/sandzakpress.net\/arhiva\/wp-content\/uploads\/2019\/02\/viber-image-2019-02-25-18.03.55-1-1024x777.jpg\",\"datePublished\":\"2019-02-25T21:00:34+00:00\",\"breadcrumb\":{\"@id\":\"https:\/\/sandzakpress.net\/arhiva\/spp-mora-se-rijesiti-problem-vatrogasne-stanice-u-novom-pazaru\/#breadcrumb\"},\"inLanguage\":\"bs-BA\",\"potentialAction\":[{\"@type\":\"ReadAction\",\"target\":[\"https:\/\/sandzakpress.net\/arhiva\/spp-mora-se-rijesiti-problem-vatrogasne-stanice-u-novom-pazaru\/\"]}]},{\"@type\":\"ImageObject\",\"inLanguage\":\"bs-BA\",\"@id\":\"https:\/\/sandzakpress.net\/arhiva\/spp-mora-se-rijesiti-problem-vatrogasne-stanice-u-novom-pazaru\/#primaryimage\",\"url\":\"https:\/\/sandzakpress.net\/arhiva\/wp-content\/uploads\/2019\/02\/viber-image-2019-02-25-18.03.55-1-1024x777.jpg\",\"contentUrl\":\"https:\/\/sandzakpress.net\/arhiva\/wp-content\/uploads\/2019\/02\/viber-image-2019-02-25-18.03.55-1-1024x777.jpg\",\"width\":1024,\"height\":777},{\"@type\":\"BreadcrumbList\",\"@id\":\"https:\/\/sandzakpress.net\/arhiva\/spp-mora-se-rijesiti-problem-vatrogasne-stanice-u-novom-pazaru\/#breadcrumb\",\"itemListElement\":[{\"@type\":\"ListItem\",\"position\":1,\"name\":\"Home\",\"item\":\"https:\/\/sandzakpress.net\/arhiva\/\"},{\"@type\":\"ListItem\",\"position\":2,\"name\":\"SPP \u2013 Mora se rije\u0161iti problem vatrogasne stanice u Novom Pazaru\"}]},{\"@type\":\"WebSite\",\"@id\":\"https:\/\/sandzakpress.net\/arhiva\/#website\",\"url\":\"https:\/\/sandzakpress.net\/arhiva\/\",\"name\":\"Sand\u017eak PRESS\",\"description\":\"Prve elektronske novine u Sand\u017eaku\",\"publisher\":{\"@id\":\"https:\/\/sandzakpress.net\/arhiva\/#\/schema\/person\/6e72b67d6e51910a1117b3b483ba20bd\"},\"potentialAction\":[{\"@type\":\"SearchAction\",\"target\":{\"@type\":\"EntryPoint\",\"urlTemplate\":\"https:\/\/sandzakpress.net\/arhiva\/?s={search_term_string}\"},\"query-input\":{\"@type\":\"PropertyValueSpecification\",\"valueRequired\":true,\"valueName\":\"search_term_string\"}}],\"inLanguage\":\"bs-BA\"},{\"@type\":[\"Person\",\"Organization\"],\"@id\":\"https:\/\/sandzakpress.net\/arhiva\/#\/schema\/person\/6e72b67d6e51910a1117b3b483ba20bd\",\"name\":\"Kul\",\"image\":{\"@type\":\"ImageObject\",\"inLanguage\":\"bs-BA\",\"@id\":\"https:\/\/sandzakpress.net\/arhiva\/#\/schema\/person\/image\/\",\"url\":\"https:\/\/secure.gravatar.com\/avatar\/42263f39aa27ac04c43cab85c280eb2e?s=96&d=mm&r=pg\",\"contentUrl\":\"https:\/\/secure.gravatar.com\/avatar\/42263f39aa27ac04c43cab85c280eb2e?s=96&d=mm&r=pg\",\"caption\":\"Kul\"},\"logo\":{\"@id\":\"https:\/\/sandzakpress.net\/arhiva\/#\/schema\/person\/image\/\"}},{\"@type\":\"Person\",\"@id\":\"https:\/\/sandzakpress.net\/arhiva\/#\/schema\/person\/cb59d7e3ab91ab90dd680ad0305a6185\",\"name\":\"Agencija\",\"image\":{\"@type\":\"ImageObject\",\"inLanguage\":\"bs-BA\",\"@id\":\"https:\/\/sandzakpress.net\/arhiva\/#\/schema\/person\/image\/\",\"url\":\"https:\/\/secure.gravatar.com\/avatar\/4b7fafa80a22f0c2afe23966b3961fe0?s=96&d=mm&r=pg\",\"contentUrl\":\"https:\/\/secure.gravatar.com\/avatar\/4b7fafa80a22f0c2afe23966b3961fe0?s=96&d=mm&r=pg\",\"caption\":\"Agencija\"},\"url\":\"https:\/\/sandzakpress.net\/arhiva\/author\/agencija\/\"}]}<\/script>\n<!-- \/ Yoast SEO Premium plugin. -->","yoast_head_json":{"title":"SPP \u2013 Mora se rije\u0161iti problem vatrogasne stanice u Novom Pazaru","robots":{"index":"index","follow":"follow","max-snippet":"max-snippet:-1","max-image-preview":"max-image-preview:large","max-video-preview":"max-video-preview:-1"},"canonical":"https:\/\/sandzakpress.net\/arhiva\/spp-mora-se-rijesiti-problem-vatrogasne-stanice-u-novom-pazaru\/","og_locale":"bs_BA","og_type":"article","og_title":"SPP \u2013 Mora se rije\u0161iti problem vatrogasne stanice u Novom Pazaru","og_description":"FOTO \u2013 SANA Jo\u0161 jedan stambeni objekat izgorio je u Novom Pazaru. Vi\u0161e porodica ostalo je bez krova nad glavom, na sre\u0107u ovog puta \u017ertava nije bilo. Stranka pravde i pomirenja, koferencijom za medije \u017eeljela da podsjeti javnost da se ovakvi nemili doga\u0111aji \u010desto de\u0161avaju a da se problem ne re\u0161ava. Generalni sekretar stranke pravde [&hellip;]","og_url":"https:\/\/sandzakpress.net\/arhiva\/spp-mora-se-rijesiti-problem-vatrogasne-stanice-u-novom-pazaru\/","og_site_name":"Sand\u017eak PRESS","article_published_time":"2019-02-25T21:00:34+00:00","og_image":[{"width":1024,"height":777,"url":"https:\/\/sandzakpress.net\/arhiva\/wp-content\/uploads\/2019\/02\/viber-image-2019-02-25-18.03.55-1-1024x777.jpg","type":"image\/jpeg"}],"author":"Agencija","twitter_card":"summary_large_image","twitter_misc":{"Written by":"Agencija","Est. reading time":"2 minute"},"schema":{"@context":"https:\/\/schema.org","@graph":[{"@type":"Article","@id":"https:\/\/sandzakpress.net\/arhiva\/spp-mora-se-rijesiti-problem-vatrogasne-stanice-u-novom-pazaru\/#article","isPartOf":{"@id":"https:\/\/sandzakpress.net\/arhiva\/spp-mora-se-rijesiti-problem-vatrogasne-stanice-u-novom-pazaru\/"},"author":{"name":"Agencija","@id":"https:\/\/sandzakpress.net\/arhiva\/#\/schema\/person\/cb59d7e3ab91ab90dd680ad0305a6185"},"headline":"SPP \u2013 Mora se rije\u0161iti problem vatrogasne stanice u Novom Pazaru","datePublished":"2019-02-25T21:00:34+00:00","mainEntityOfPage":{"@id":"https:\/\/sandzakpress.net\/arhiva\/spp-mora-se-rijesiti-problem-vatrogasne-stanice-u-novom-pazaru\/"},"wordCount":437,"commentCount":1,"publisher":{"@id":"https:\/\/sandzakpress.net\/arhiva\/#\/schema\/person\/6e72b67d6e51910a1117b3b483ba20bd"},"image":{"@id":"https:\/\/sandzakpress.net\/arhiva\/spp-mora-se-rijesiti-problem-vatrogasne-stanice-u-novom-pazaru\/#primaryimage"},"thumbnailUrl":"https:\/\/sandzakpress.net\/arhiva\/wp-content\/uploads\/2019\/02\/viber-image-2019-02-25-18.03.55-1-1024x777.jpg","keywords":["SPP"],"articleSection":["Novi Pazar","Politika","VIJESTI DANA","NAJNOVIJE"],"inLanguage":"bs-BA","potentialAction":[{"@type":"CommentAction","name":"Comment","target":["https:\/\/sandzakpress.net\/arhiva\/spp-mora-se-rijesiti-problem-vatrogasne-stanice-u-novom-pazaru\/#respond"]}]},{"@type":"WebPage","@id":"https:\/\/sandzakpress.net\/arhiva\/spp-mora-se-rijesiti-problem-vatrogasne-stanice-u-novom-pazaru\/","url":"https:\/\/sandzakpress.net\/arhiva\/spp-mora-se-rijesiti-problem-vatrogasne-stanice-u-novom-pazaru\/","name":"SPP \u2013 Mora se rije\u0161iti problem vatrogasne stanice u Novom Pazaru","isPartOf":{"@id":"https:\/\/sandzakpress.net\/arhiva\/#website"},"primaryImageOfPage":{"@id":"https:\/\/sandzakpress.net\/arhiva\/spp-mora-se-rijesiti-problem-vatrogasne-stanice-u-novom-pazaru\/#primaryimage"},"image":{"@id":"https:\/\/sandzakpress.net\/arhiva\/spp-mora-se-rijesiti-problem-vatrogasne-stanice-u-novom-pazaru\/#primaryimage"},"thumbnailUrl":"https:\/\/sandzakpress.net\/arhiva\/wp-content\/uploads\/2019\/02\/viber-image-2019-02-25-18.03.55-1-1024x777.jpg","datePublished":"2019-02-25T21:00:34+00:00","breadcrumb":{"@id":"https:\/\/sandzakpress.net\/arhiva\/spp-mora-se-rijesiti-problem-vatrogasne-stanice-u-novom-pazaru\/#breadcrumb"},"inLanguage":"bs-BA","potentialAction":[{"@type":"ReadAction","target":["https:\/\/sandzakpress.net\/arhiva\/spp-mora-se-rijesiti-problem-vatrogasne-stanice-u-novom-pazaru\/"]}]},{"@type":"ImageObject","inLanguage":"bs-BA","@id":"https:\/\/sandzakpress.net\/arhiva\/spp-mora-se-rijesiti-problem-vatrogasne-stanice-u-novom-pazaru\/#primaryimage","url":"https:\/\/sandzakpress.net\/arhiva\/wp-content\/uploads\/2019\/02\/viber-image-2019-02-25-18.03.55-1-1024x777.jpg","contentUrl":"https:\/\/sandzakpress.net\/arhiva\/wp-content\/uploads\/2019\/02\/viber-image-2019-02-25-18.03.55-1-1024x777.jpg","width":1024,"height":777},{"@type":"BreadcrumbList","@id":"https:\/\/sandzakpress.net\/arhiva\/spp-mora-se-rijesiti-problem-vatrogasne-stanice-u-novom-pazaru\/#breadcrumb","itemListElement":[{"@type":"ListItem","position":1,"name":"Home","item":"https:\/\/sandzakpress.net\/arhiva\/"},{"@type":"ListItem","position":2,"name":"SPP \u2013 Mora se rije\u0161iti problem vatrogasne stanice u Novom Pazaru"}]},{"@type":"WebSite","@id":"https:\/\/sandzakpress.net\/arhiva\/#website","url":"https:\/\/sandzakpress.net\/arhiva\/","name":"Sand\u017eak PRESS","description":"Prve elektronske novine u Sand\u017eaku","publisher":{"@id":"https:\/\/sandzakpress.net\/arhiva\/#\/schema\/person\/6e72b67d6e51910a1117b3b483ba20bd"},"potentialAction":[{"@type":"SearchAction","target":{"@type":"EntryPoint","urlTemplate":"https:\/\/sandzakpress.net\/arhiva\/?s={search_term_string}"},"query-input":{"@type":"PropertyValueSpecification","valueRequired":true,"valueName":"search_term_string"}}],"inLanguage":"bs-BA"},{"@type":["Person","Organization"],"@id":"https:\/\/sandzakpress.net\/arhiva\/#\/schema\/person\/6e72b67d6e51910a1117b3b483ba20bd","name":"Kul","image":{"@type":"ImageObject","inLanguage":"bs-BA","@id":"https:\/\/sandzakpress.net\/arhiva\/#\/schema\/person\/image\/","url":"https:\/\/secure.gravatar.com\/avatar\/42263f39aa27ac04c43cab85c280eb2e?s=96&d=mm&r=pg","contentUrl":"https:\/\/secure.gravatar.com\/avatar\/42263f39aa27ac04c43cab85c280eb2e?s=96&d=mm&r=pg","caption":"Kul"},"logo":{"@id":"https:\/\/sandzakpress.net\/arhiva\/#\/schema\/person\/image\/"}},{"@type":"Person","@id":"https:\/\/sandzakpress.net\/arhiva\/#\/schema\/person\/cb59d7e3ab91ab90dd680ad0305a6185","name":"Agencija","image":{"@type":"ImageObject","inLanguage":"bs-BA","@id":"https:\/\/sandzakpress.net\/arhiva\/#\/schema\/person\/image\/","url":"https:\/\/secure.gravatar.com\/avatar\/4b7fafa80a22f0c2afe23966b3961fe0?s=96&d=mm&r=pg","contentUrl":"https:\/\/secure.gravatar.com\/avatar\/4b7fafa80a22f0c2afe23966b3961fe0?s=96&d=mm&r=pg","caption":"Agencija"},"url":"https:\/\/sandzakpress.net\/arhiva\/author\/agencija\/"}]}},"_links":{"self":[{"href":"https:\/\/sandzakpress.net\/arhiva\/wp-json\/wp\/v2\/posts\/217770"}],"collection":[{"href":"https:\/\/sandzakpress.net\/arhiva\/wp-json\/wp\/v2\/posts"}],"about":[{"href":"https:\/\/sandzakpress.net\/arhiva\/wp-json\/wp\/v2\/types\/post"}],"author":[{"embeddable":true,"href":"https:\/\/sandzakpress.net\/arhiva\/wp-json\/wp\/v2\/users\/509"}],"replies":[{"embeddable":true,"href":"https:\/\/sandzakpress.net\/arhiva\/wp-json\/wp\/v2\/comments?post=217770"}],"version-history":[{"count":0,"href":"https:\/\/sandzakpress.net\/arhiva\/wp-json\/wp\/v2\/posts\/217770\/revisions"}],"wp:featuredmedia":[{"embeddable":true,"href":"https:\/\/sandzakpress.net\/arhiva\/wp-json\/wp\/v2\/media\/217771"}],"wp:attachment":[{"href":"https:\/\/sandzakpress.net\/arhiva\/wp-json\/wp\/v2\/media?parent=217770"}],"wp:term":[{"taxonomy":"category","embeddable":true,"href":"https:\/\/sandzakpress.net\/arhiva\/wp-json\/wp\/v2\/categories?post=217770"},{"taxonomy":"post_tag","embeddable":true,"href":"https:\/\/sandzakpress.net\/arhiva\/wp-json\/wp\/v2\/tags?post=217770"}],"curies":[{"name":"wp","href":"https:\/\/api.w.org\/{rel}","templated":true}]}}