{"id":216955,"date":"2019-02-18T12:05:48","date_gmt":"2019-02-18T11:05:48","guid":{"rendered":"https:\/\/sandzakpress.net\/arhiva\/?p=216955"},"modified":"2019-02-26T14:37:15","modified_gmt":"2019-02-26T13:37:15","slug":"muftija-dudic-boravio-u-posjeti-njemackoj","status":"publish","type":"post","link":"https:\/\/sandzakpress.net\/arhiva\/muftija-dudic-boravio-u-posjeti-njemackoj\/","title":{"rendered":"Muftija Dudi\u0107 boravio u posjeti Njema\u010dkoj"},"content":{"rendered":"<p><img decoding=\"async\" src=\"http:\/\/mesihat.org\/wp-content\/uploads\/2019\/02\/7-2.jpg\" \/><\/p>\n<p><strong>Predsjednik Me\u0161ihata IZ-e u Srbiji muftija dr. Mevlud ef. Dudi\u0107 boravio je u dvodnevnoj posjeti Njema\u010dkoj.<\/strong><\/p>\n<p>Prvog dana posjete, 15.02.2019. godine, odr\u017eao je d\u017eumansku hutbu u Islamskom kulturnom centru \u201eSand\u017eak\u201c u Dortmundu, a nakon toga u pratnji d\u017eematskog odbora obi\u0161ao nedavno kupljeno zemlji\u0161te za izgradnju novog Islamskog centra.<\/p>\n<p>Sutradan, 16. februara, u Islamskoj zajednici Bo\u0161njaka u Osnabriku organizirana je dova u povodu sje\u0107anja na rahm. h. Naila Ko\u0161utu, jednog od osniva\u010da Islamskog bo\u0161nja\u010dkog centra u tom gradu, na kojoj je\u00a0prisustvovao muftija dr.\u00a0 Dudi\u0107 i uru\u010dio priznanje za doprinos koji je rahmetlija dao za Islamsku zajednicu u Osnabriku i Sand\u017eaku, a koje je u ime porodice primio njegov unuk Salko.<\/p>\n<p>Informativna slu\u017eba<\/p>\n<p><img loading=\"lazy\" decoding=\"async\" class=\"size-full wp-image-46649 alignnone\" src=\"http:\/\/mesihat.org\/wp-content\/uploads\/2019\/02\/5-2.jpg\" sizes=\"(max-width: 1024px) 100vw, 1024px\" srcset=\"http:\/\/mesihat.org\/wp-content\/uploads\/2019\/02\/5-2.jpg 1024w, http:\/\/mesihat.org\/wp-content\/uploads\/2019\/02\/5-2-600x291.jpg 600w, http:\/\/mesihat.org\/wp-content\/uploads\/2019\/02\/5-2-768x373.jpg 768w\" alt=\"\" width=\"1024\" height=\"497\" \/><img loading=\"lazy\" decoding=\"async\" class=\"size-full wp-image-46648 aligncenter\" src=\"http:\/\/mesihat.org\/wp-content\/uploads\/2019\/02\/4-1.jpg\" sizes=\"(max-width: 768px) 100vw, 768px\" srcset=\"http:\/\/mesihat.org\/wp-content\/uploads\/2019\/02\/4-1.jpg 768w, http:\/\/mesihat.org\/wp-content\/uploads\/2019\/02\/4-1-225x300.jpg 225w, http:\/\/mesihat.org\/wp-content\/uploads\/2019\/02\/4-1-450x600.jpg 450w\" alt=\"\" width=\"768\" height=\"1024\" \/><img loading=\"lazy\" decoding=\"async\" class=\"size-full wp-image-46650 aligncenter\" src=\"http:\/\/mesihat.org\/wp-content\/uploads\/2019\/02\/6-2.jpg\" sizes=\"(max-width: 497px) 100vw, 497px\" srcset=\"http:\/\/mesihat.org\/wp-content\/uploads\/2019\/02\/6-2.jpg 497w, http:\/\/mesihat.org\/wp-content\/uploads\/2019\/02\/6-2-146x300.jpg 146w, http:\/\/mesihat.org\/wp-content\/uploads\/2019\/02\/6-2-291x600.jpg 291w\" alt=\"\" width=\"497\" height=\"1024\" \/><img loading=\"lazy\" decoding=\"async\" class=\"size-full wp-image-46647 aligncenter\" src=\"http:\/\/mesihat.org\/wp-content\/uploads\/2019\/02\/3-2.jpg\" sizes=\"(max-width: 1024px) 100vw, 1024px\" srcset=\"http:\/\/mesihat.org\/wp-content\/uploads\/2019\/02\/3-2.jpg 1024w, http:\/\/mesihat.org\/wp-content\/uploads\/2019\/02\/3-2-400x300.jpg 400w, http:\/\/mesihat.org\/wp-content\/uploads\/2019\/02\/3-2-768x576.jpg 768w, http:\/\/mesihat.org\/wp-content\/uploads\/2019\/02\/3-2-800x600.jpg 800w, http:\/\/mesihat.org\/wp-content\/uploads\/2019\/02\/3-2-80x60.jpg 80w\" alt=\"\" width=\"1024\" height=\"768\" \/><img loading=\"lazy\" decoding=\"async\" class=\"size-full wp-image-46646 aligncenter\" src=\"http:\/\/mesihat.org\/wp-content\/uploads\/2019\/02\/2-2.jpg\" sizes=\"(max-width: 768px) 100vw, 768px\" srcset=\"http:\/\/mesihat.org\/wp-content\/uploads\/2019\/02\/2-2.jpg 768w, http:\/\/mesihat.org\/wp-content\/uploads\/2019\/02\/2-2-225x300.jpg 225w, http:\/\/mesihat.org\/wp-content\/uploads\/2019\/02\/2-2-450x600.jpg 450w\" alt=\"\" width=\"768\" height=\"1024\" \/><img loading=\"lazy\" decoding=\"async\" class=\"size-full wp-image-46652 aligncenter\" src=\"http:\/\/mesihat.org\/wp-content\/uploads\/2019\/02\/8-2.jpg\" sizes=\"(max-width: 1024px) 100vw, 1024px\" srcset=\"http:\/\/mesihat.org\/wp-content\/uploads\/2019\/02\/8-2.jpg 1024w, http:\/\/mesihat.org\/wp-content\/uploads\/2019\/02\/8-2-400x300.jpg 400w, http:\/\/mesihat.org\/wp-content\/uploads\/2019\/02\/8-2-768x576.jpg 768w, http:\/\/mesihat.org\/wp-content\/uploads\/2019\/02\/8-2-800x600.jpg 800w, http:\/\/mesihat.org\/wp-content\/uploads\/2019\/02\/8-2-80x60.jpg 80w\" alt=\"\" width=\"1024\" height=\"768\" \/><img loading=\"lazy\" decoding=\"async\" class=\"size-full wp-image-46645 aligncenter\" src=\"http:\/\/mesihat.org\/wp-content\/uploads\/2019\/02\/1-2.jpg\" sizes=\"(max-width: 1024px) 100vw, 1024px\" srcset=\"http:\/\/mesihat.org\/wp-content\/uploads\/2019\/02\/1-2.jpg 1024w, http:\/\/mesihat.org\/wp-content\/uploads\/2019\/02\/1-2-400x300.jpg 400w, http:\/\/mesihat.org\/wp-content\/uploads\/2019\/02\/1-2-768x576.jpg 768w, http:\/\/mesihat.org\/wp-content\/uploads\/2019\/02\/1-2-800x600.jpg 800w, http:\/\/mesihat.org\/wp-content\/uploads\/2019\/02\/1-2-80x60.jpg 80w\" alt=\"\" width=\"1024\" height=\"768\" \/><\/p>\n","protected":false},"excerpt":{"rendered":"<p>Predsjednik Me\u0161ihata IZ-e u Srbiji muftija dr. Mevlud ef. Dudi\u0107 boravio je u dvodnevnoj posjeti Njema\u010dkoj. Prvog dana posjete, 15.02.2019. godine, odr\u017eao je d\u017eumansku hutbu u Islamskom kulturnom centru \u201eSand\u017eak\u201c u Dortmundu, a nakon toga u pratnji d\u017eematskog odbora obi\u0161ao nedavno kupljeno zemlji\u0161te za izgradnju novog Islamskog centra. Sutradan, 16. februara, u Islamskoj zajednici Bo\u0161njaka [&hellip;]<\/p>\n","protected":false},"author":509,"featured_media":216956,"comment_status":"open","ping_status":"open","sticky":false,"template":"","format":"standard","meta":{"footnotes":""},"categories":[9538,802,8957],"tags":[],"class_list":{"0":"post-216955","1":"post","2":"type-post","3":"status-publish","4":"format-standard","5":"has-post-thumbnail","7":"category-njemacka-dijaspora-gradovi-vase-vijesti","8":"category-islamska_zajednica","9":"category-vijesti-dana"},"yoast_head":"<!-- This site is optimized with the Yoast SEO Premium plugin v23.1 (Yoast SEO v24.9) - https:\/\/yoast.com\/wordpress\/plugins\/seo\/ -->\n<title>Muftija Dudi\u0107 boravio u posjeti Njema\u010dkoj<\/title>\n<meta name=\"robots\" content=\"index, follow, max-snippet:-1, max-image-preview:large, max-video-preview:-1\" \/>\n<link rel=\"canonical\" href=\"https:\/\/sandzakpress.net\/arhiva\/muftija-dudic-boravio-u-posjeti-njemackoj\/\" \/>\n<meta property=\"og:locale\" content=\"bs_BA\" \/>\n<meta property=\"og:type\" content=\"article\" \/>\n<meta property=\"og:title\" content=\"Muftija Dudi\u0107 boravio u posjeti Njema\u010dkoj\" \/>\n<meta property=\"og:description\" content=\"Predsjednik Me\u0161ihata IZ-e u Srbiji muftija dr. Mevlud ef. Dudi\u0107 boravio je u dvodnevnoj posjeti Njema\u010dkoj. Prvog dana posjete, 15.02.2019. godine, odr\u017eao je d\u017eumansku hutbu u Islamskom kulturnom centru \u201eSand\u017eak\u201c u Dortmundu, a nakon toga u pratnji d\u017eematskog odbora obi\u0161ao nedavno kupljeno zemlji\u0161te za izgradnju novog Islamskog centra. Sutradan, 16. februara, u Islamskoj zajednici Bo\u0161njaka [&hellip;]\" \/>\n<meta property=\"og:url\" content=\"https:\/\/sandzakpress.net\/arhiva\/muftija-dudic-boravio-u-posjeti-njemackoj\/\" \/>\n<meta property=\"og:site_name\" content=\"Sand\u017eak PRESS\" \/>\n<meta property=\"article:published_time\" content=\"2019-02-18T11:05:48+00:00\" \/>\n<meta property=\"article:modified_time\" content=\"2019-02-26T13:37:15+00:00\" \/>\n<meta property=\"og:image\" content=\"https:\/\/sandzakpress.net\/arhiva\/wp-content\/uploads\/2019\/02\/7-2.jpg\" \/>\n\t<meta property=\"og:image:width\" content=\"1024\" \/>\n\t<meta property=\"og:image:height\" content=\"497\" \/>\n\t<meta property=\"og:image:type\" content=\"image\/jpeg\" \/>\n<meta name=\"author\" content=\"Agencija\" \/>\n<meta name=\"twitter:card\" content=\"summary_large_image\" \/>\n<meta name=\"twitter:label1\" content=\"Written by\" \/>\n\t<meta name=\"twitter:data1\" content=\"Agencija\" \/>\n\t<meta name=\"twitter:label2\" content=\"Est. reading time\" \/>\n\t<meta name=\"twitter:data2\" content=\"1 minuta\" \/>\n<script type=\"application\/ld+json\" class=\"yoast-schema-graph\">{\"@context\":\"https:\/\/schema.org\",\"@graph\":[{\"@type\":\"Article\",\"@id\":\"https:\/\/sandzakpress.net\/arhiva\/muftija-dudic-boravio-u-posjeti-njemackoj\/#article\",\"isPartOf\":{\"@id\":\"https:\/\/sandzakpress.net\/arhiva\/muftija-dudic-boravio-u-posjeti-njemackoj\/\"},\"author\":{\"name\":\"Agencija\",\"@id\":\"https:\/\/sandzakpress.net\/arhiva\/#\/schema\/person\/cb59d7e3ab91ab90dd680ad0305a6185\"},\"headline\":\"Muftija Dudi\u0107 boravio u posjeti Njema\u010dkoj\",\"datePublished\":\"2019-02-18T11:05:48+00:00\",\"dateModified\":\"2019-02-26T13:37:15+00:00\",\"mainEntityOfPage\":{\"@id\":\"https:\/\/sandzakpress.net\/arhiva\/muftija-dudic-boravio-u-posjeti-njemackoj\/\"},\"wordCount\":134,\"commentCount\":0,\"publisher\":{\"@id\":\"https:\/\/sandzakpress.net\/arhiva\/#\/schema\/person\/6e72b67d6e51910a1117b3b483ba20bd\"},\"image\":{\"@id\":\"https:\/\/sandzakpress.net\/arhiva\/muftija-dudic-boravio-u-posjeti-njemackoj\/#primaryimage\"},\"thumbnailUrl\":\"https:\/\/sandzakpress.net\/arhiva\/wp-content\/uploads\/2019\/02\/7-2.jpg\",\"articleSection\":[\"Njema\u010dka\",\"Islamska zajednica\",\"VIJESTI DANA\"],\"inLanguage\":\"bs-BA\",\"potentialAction\":[{\"@type\":\"CommentAction\",\"name\":\"Comment\",\"target\":[\"https:\/\/sandzakpress.net\/arhiva\/muftija-dudic-boravio-u-posjeti-njemackoj\/#respond\"]}]},{\"@type\":\"WebPage\",\"@id\":\"https:\/\/sandzakpress.net\/arhiva\/muftija-dudic-boravio-u-posjeti-njemackoj\/\",\"url\":\"https:\/\/sandzakpress.net\/arhiva\/muftija-dudic-boravio-u-posjeti-njemackoj\/\",\"name\":\"Muftija Dudi\u0107 boravio u posjeti Njema\u010dkoj\",\"isPartOf\":{\"@id\":\"https:\/\/sandzakpress.net\/arhiva\/#website\"},\"primaryImageOfPage\":{\"@id\":\"https:\/\/sandzakpress.net\/arhiva\/muftija-dudic-boravio-u-posjeti-njemackoj\/#primaryimage\"},\"image\":{\"@id\":\"https:\/\/sandzakpress.net\/arhiva\/muftija-dudic-boravio-u-posjeti-njemackoj\/#primaryimage\"},\"thumbnailUrl\":\"https:\/\/sandzakpress.net\/arhiva\/wp-content\/uploads\/2019\/02\/7-2.jpg\",\"datePublished\":\"2019-02-18T11:05:48+00:00\",\"dateModified\":\"2019-02-26T13:37:15+00:00\",\"breadcrumb\":{\"@id\":\"https:\/\/sandzakpress.net\/arhiva\/muftija-dudic-boravio-u-posjeti-njemackoj\/#breadcrumb\"},\"inLanguage\":\"bs-BA\",\"potentialAction\":[{\"@type\":\"ReadAction\",\"target\":[\"https:\/\/sandzakpress.net\/arhiva\/muftija-dudic-boravio-u-posjeti-njemackoj\/\"]}]},{\"@type\":\"ImageObject\",\"inLanguage\":\"bs-BA\",\"@id\":\"https:\/\/sandzakpress.net\/arhiva\/muftija-dudic-boravio-u-posjeti-njemackoj\/#primaryimage\",\"url\":\"https:\/\/sandzakpress.net\/arhiva\/wp-content\/uploads\/2019\/02\/7-2.jpg\",\"contentUrl\":\"https:\/\/sandzakpress.net\/arhiva\/wp-content\/uploads\/2019\/02\/7-2.jpg\",\"width\":1024,\"height\":497},{\"@type\":\"BreadcrumbList\",\"@id\":\"https:\/\/sandzakpress.net\/arhiva\/muftija-dudic-boravio-u-posjeti-njemackoj\/#breadcrumb\",\"itemListElement\":[{\"@type\":\"ListItem\",\"position\":1,\"name\":\"Home\",\"item\":\"https:\/\/sandzakpress.net\/arhiva\/\"},{\"@type\":\"ListItem\",\"position\":2,\"name\":\"Muftija Dudi\u0107 boravio u posjeti Njema\u010dkoj\"}]},{\"@type\":\"WebSite\",\"@id\":\"https:\/\/sandzakpress.net\/arhiva\/#website\",\"url\":\"https:\/\/sandzakpress.net\/arhiva\/\",\"name\":\"Sand\u017eak PRESS\",\"description\":\"Prve elektronske novine u Sand\u017eaku\",\"publisher\":{\"@id\":\"https:\/\/sandzakpress.net\/arhiva\/#\/schema\/person\/6e72b67d6e51910a1117b3b483ba20bd\"},\"potentialAction\":[{\"@type\":\"SearchAction\",\"target\":{\"@type\":\"EntryPoint\",\"urlTemplate\":\"https:\/\/sandzakpress.net\/arhiva\/?s={search_term_string}\"},\"query-input\":{\"@type\":\"PropertyValueSpecification\",\"valueRequired\":true,\"valueName\":\"search_term_string\"}}],\"inLanguage\":\"bs-BA\"},{\"@type\":[\"Person\",\"Organization\"],\"@id\":\"https:\/\/sandzakpress.net\/arhiva\/#\/schema\/person\/6e72b67d6e51910a1117b3b483ba20bd\",\"name\":\"Kul\",\"image\":{\"@type\":\"ImageObject\",\"inLanguage\":\"bs-BA\",\"@id\":\"https:\/\/sandzakpress.net\/arhiva\/#\/schema\/person\/image\/\",\"url\":\"https:\/\/secure.gravatar.com\/avatar\/42263f39aa27ac04c43cab85c280eb2e?s=96&d=mm&r=pg\",\"contentUrl\":\"https:\/\/secure.gravatar.com\/avatar\/42263f39aa27ac04c43cab85c280eb2e?s=96&d=mm&r=pg\",\"caption\":\"Kul\"},\"logo\":{\"@id\":\"https:\/\/sandzakpress.net\/arhiva\/#\/schema\/person\/image\/\"}},{\"@type\":\"Person\",\"@id\":\"https:\/\/sandzakpress.net\/arhiva\/#\/schema\/person\/cb59d7e3ab91ab90dd680ad0305a6185\",\"name\":\"Agencija\",\"image\":{\"@type\":\"ImageObject\",\"inLanguage\":\"bs-BA\",\"@id\":\"https:\/\/sandzakpress.net\/arhiva\/#\/schema\/person\/image\/\",\"url\":\"https:\/\/secure.gravatar.com\/avatar\/4b7fafa80a22f0c2afe23966b3961fe0?s=96&d=mm&r=pg\",\"contentUrl\":\"https:\/\/secure.gravatar.com\/avatar\/4b7fafa80a22f0c2afe23966b3961fe0?s=96&d=mm&r=pg\",\"caption\":\"Agencija\"},\"url\":\"https:\/\/sandzakpress.net\/arhiva\/author\/agencija\/\"}]}<\/script>\n<!-- \/ Yoast SEO Premium plugin. -->","yoast_head_json":{"title":"Muftija Dudi\u0107 boravio u posjeti Njema\u010dkoj","robots":{"index":"index","follow":"follow","max-snippet":"max-snippet:-1","max-image-preview":"max-image-preview:large","max-video-preview":"max-video-preview:-1"},"canonical":"https:\/\/sandzakpress.net\/arhiva\/muftija-dudic-boravio-u-posjeti-njemackoj\/","og_locale":"bs_BA","og_type":"article","og_title":"Muftija Dudi\u0107 boravio u posjeti Njema\u010dkoj","og_description":"Predsjednik Me\u0161ihata IZ-e u Srbiji muftija dr. Mevlud ef. Dudi\u0107 boravio je u dvodnevnoj posjeti Njema\u010dkoj. Prvog dana posjete, 15.02.2019. godine, odr\u017eao je d\u017eumansku hutbu u Islamskom kulturnom centru \u201eSand\u017eak\u201c u Dortmundu, a nakon toga u pratnji d\u017eematskog odbora obi\u0161ao nedavno kupljeno zemlji\u0161te za izgradnju novog Islamskog centra. Sutradan, 16. februara, u Islamskoj zajednici Bo\u0161njaka [&hellip;]","og_url":"https:\/\/sandzakpress.net\/arhiva\/muftija-dudic-boravio-u-posjeti-njemackoj\/","og_site_name":"Sand\u017eak PRESS","article_published_time":"2019-02-18T11:05:48+00:00","article_modified_time":"2019-02-26T13:37:15+00:00","og_image":[{"width":1024,"height":497,"url":"https:\/\/sandzakpress.net\/arhiva\/wp-content\/uploads\/2019\/02\/7-2.jpg","type":"image\/jpeg"}],"author":"Agencija","twitter_card":"summary_large_image","twitter_misc":{"Written by":"Agencija","Est. reading time":"1 minuta"},"schema":{"@context":"https:\/\/schema.org","@graph":[{"@type":"Article","@id":"https:\/\/sandzakpress.net\/arhiva\/muftija-dudic-boravio-u-posjeti-njemackoj\/#article","isPartOf":{"@id":"https:\/\/sandzakpress.net\/arhiva\/muftija-dudic-boravio-u-posjeti-njemackoj\/"},"author":{"name":"Agencija","@id":"https:\/\/sandzakpress.net\/arhiva\/#\/schema\/person\/cb59d7e3ab91ab90dd680ad0305a6185"},"headline":"Muftija Dudi\u0107 boravio u posjeti Njema\u010dkoj","datePublished":"2019-02-18T11:05:48+00:00","dateModified":"2019-02-26T13:37:15+00:00","mainEntityOfPage":{"@id":"https:\/\/sandzakpress.net\/arhiva\/muftija-dudic-boravio-u-posjeti-njemackoj\/"},"wordCount":134,"commentCount":0,"publisher":{"@id":"https:\/\/sandzakpress.net\/arhiva\/#\/schema\/person\/6e72b67d6e51910a1117b3b483ba20bd"},"image":{"@id":"https:\/\/sandzakpress.net\/arhiva\/muftija-dudic-boravio-u-posjeti-njemackoj\/#primaryimage"},"thumbnailUrl":"https:\/\/sandzakpress.net\/arhiva\/wp-content\/uploads\/2019\/02\/7-2.jpg","articleSection":["Njema\u010dka","Islamska zajednica","VIJESTI DANA"],"inLanguage":"bs-BA","potentialAction":[{"@type":"CommentAction","name":"Comment","target":["https:\/\/sandzakpress.net\/arhiva\/muftija-dudic-boravio-u-posjeti-njemackoj\/#respond"]}]},{"@type":"WebPage","@id":"https:\/\/sandzakpress.net\/arhiva\/muftija-dudic-boravio-u-posjeti-njemackoj\/","url":"https:\/\/sandzakpress.net\/arhiva\/muftija-dudic-boravio-u-posjeti-njemackoj\/","name":"Muftija Dudi\u0107 boravio u posjeti Njema\u010dkoj","isPartOf":{"@id":"https:\/\/sandzakpress.net\/arhiva\/#website"},"primaryImageOfPage":{"@id":"https:\/\/sandzakpress.net\/arhiva\/muftija-dudic-boravio-u-posjeti-njemackoj\/#primaryimage"},"image":{"@id":"https:\/\/sandzakpress.net\/arhiva\/muftija-dudic-boravio-u-posjeti-njemackoj\/#primaryimage"},"thumbnailUrl":"https:\/\/sandzakpress.net\/arhiva\/wp-content\/uploads\/2019\/02\/7-2.jpg","datePublished":"2019-02-18T11:05:48+00:00","dateModified":"2019-02-26T13:37:15+00:00","breadcrumb":{"@id":"https:\/\/sandzakpress.net\/arhiva\/muftija-dudic-boravio-u-posjeti-njemackoj\/#breadcrumb"},"inLanguage":"bs-BA","potentialAction":[{"@type":"ReadAction","target":["https:\/\/sandzakpress.net\/arhiva\/muftija-dudic-boravio-u-posjeti-njemackoj\/"]}]},{"@type":"ImageObject","inLanguage":"bs-BA","@id":"https:\/\/sandzakpress.net\/arhiva\/muftija-dudic-boravio-u-posjeti-njemackoj\/#primaryimage","url":"https:\/\/sandzakpress.net\/arhiva\/wp-content\/uploads\/2019\/02\/7-2.jpg","contentUrl":"https:\/\/sandzakpress.net\/arhiva\/wp-content\/uploads\/2019\/02\/7-2.jpg","width":1024,"height":497},{"@type":"BreadcrumbList","@id":"https:\/\/sandzakpress.net\/arhiva\/muftija-dudic-boravio-u-posjeti-njemackoj\/#breadcrumb","itemListElement":[{"@type":"ListItem","position":1,"name":"Home","item":"https:\/\/sandzakpress.net\/arhiva\/"},{"@type":"ListItem","position":2,"name":"Muftija Dudi\u0107 boravio u posjeti Njema\u010dkoj"}]},{"@type":"WebSite","@id":"https:\/\/sandzakpress.net\/arhiva\/#website","url":"https:\/\/sandzakpress.net\/arhiva\/","name":"Sand\u017eak PRESS","description":"Prve elektronske novine u Sand\u017eaku","publisher":{"@id":"https:\/\/sandzakpress.net\/arhiva\/#\/schema\/person\/6e72b67d6e51910a1117b3b483ba20bd"},"potentialAction":[{"@type":"SearchAction","target":{"@type":"EntryPoint","urlTemplate":"https:\/\/sandzakpress.net\/arhiva\/?s={search_term_string}"},"query-input":{"@type":"PropertyValueSpecification","valueRequired":true,"valueName":"search_term_string"}}],"inLanguage":"bs-BA"},{"@type":["Person","Organization"],"@id":"https:\/\/sandzakpress.net\/arhiva\/#\/schema\/person\/6e72b67d6e51910a1117b3b483ba20bd","name":"Kul","image":{"@type":"ImageObject","inLanguage":"bs-BA","@id":"https:\/\/sandzakpress.net\/arhiva\/#\/schema\/person\/image\/","url":"https:\/\/secure.gravatar.com\/avatar\/42263f39aa27ac04c43cab85c280eb2e?s=96&d=mm&r=pg","contentUrl":"https:\/\/secure.gravatar.com\/avatar\/42263f39aa27ac04c43cab85c280eb2e?s=96&d=mm&r=pg","caption":"Kul"},"logo":{"@id":"https:\/\/sandzakpress.net\/arhiva\/#\/schema\/person\/image\/"}},{"@type":"Person","@id":"https:\/\/sandzakpress.net\/arhiva\/#\/schema\/person\/cb59d7e3ab91ab90dd680ad0305a6185","name":"Agencija","image":{"@type":"ImageObject","inLanguage":"bs-BA","@id":"https:\/\/sandzakpress.net\/arhiva\/#\/schema\/person\/image\/","url":"https:\/\/secure.gravatar.com\/avatar\/4b7fafa80a22f0c2afe23966b3961fe0?s=96&d=mm&r=pg","contentUrl":"https:\/\/secure.gravatar.com\/avatar\/4b7fafa80a22f0c2afe23966b3961fe0?s=96&d=mm&r=pg","caption":"Agencija"},"url":"https:\/\/sandzakpress.net\/arhiva\/author\/agencija\/"}]}},"_links":{"self":[{"href":"https:\/\/sandzakpress.net\/arhiva\/wp-json\/wp\/v2\/posts\/216955"}],"collection":[{"href":"https:\/\/sandzakpress.net\/arhiva\/wp-json\/wp\/v2\/posts"}],"about":[{"href":"https:\/\/sandzakpress.net\/arhiva\/wp-json\/wp\/v2\/types\/post"}],"author":[{"embeddable":true,"href":"https:\/\/sandzakpress.net\/arhiva\/wp-json\/wp\/v2\/users\/509"}],"replies":[{"embeddable":true,"href":"https:\/\/sandzakpress.net\/arhiva\/wp-json\/wp\/v2\/comments?post=216955"}],"version-history":[{"count":0,"href":"https:\/\/sandzakpress.net\/arhiva\/wp-json\/wp\/v2\/posts\/216955\/revisions"}],"wp:featuredmedia":[{"embeddable":true,"href":"https:\/\/sandzakpress.net\/arhiva\/wp-json\/wp\/v2\/media\/216956"}],"wp:attachment":[{"href":"https:\/\/sandzakpress.net\/arhiva\/wp-json\/wp\/v2\/media?parent=216955"}],"wp:term":[{"taxonomy":"category","embeddable":true,"href":"https:\/\/sandzakpress.net\/arhiva\/wp-json\/wp\/v2\/categories?post=216955"},{"taxonomy":"post_tag","embeddable":true,"href":"https:\/\/sandzakpress.net\/arhiva\/wp-json\/wp\/v2\/tags?post=216955"}],"curies":[{"name":"wp","href":"https:\/\/api.w.org\/{rel}","templated":true}]}}