{"id":216875,"date":"2019-02-16T22:53:54","date_gmt":"2019-02-16T21:53:54","guid":{"rendered":"https:\/\/sandzakpress.net\/arhiva\/izbori-u-nigeriji-odgodjeni-za-narednu-subotu"},"modified":"2019-02-16T22:53:54","modified_gmt":"2019-02-16T21:53:54","slug":"izbori-u-nigeriji-odgodjeni-za-narednu-subotu","status":"publish","type":"post","link":"https:\/\/sandzakpress.net\/arhiva\/izbori-u-nigeriji-odgodjeni-za-narednu-subotu\/","title":{"rendered":"Izbori u Nigeriji odgo\u0111eni za narednu subotu"},"content":{"rendered":"<p><span class=\"cb-itemprop\"><\/p>\n<p><img decoding=\"async\" src=\"http:\/\/balkans.aljazeera.net\/sites\/default\/files\/styles\/d8\/public\/nigerija_izbori_epa.jpg?itok=xQtyi3Lv\" \/><\/p>\n<p><strong>Nigerijci su u subotu trebali birati predsjednika i \u010dlanove Parlamenta, ali je izborna komisija u zadnji \u010das odgodila izbore.<\/strong><\/p>\n<p>Predsjedni\u010dki izbori u\u00a0<a href=\"http:\/\/balkans.aljazeera.net\/tag\/nigerija-0\" target=\"_blank\" rel=\"noopener\"><strong>Nigeriji<\/strong><\/a>,\u00a0koji su trebali biti odr\u017eani u subotu, odgo\u0111eni su za sedamu dana, rekao je\u00a0\u010delnik tamo\u0161nje izborne\u00a0komisije samo nekoliko sati prije nego su\u00a0trebala biti otvorena\u00a0glasa\u010dka\u00a0mjesta, prenose agencije.<\/p>\n<p>U obra\u0107anju novinarima rano u subotu, \u010delnik Nezavisne nacionalne izborne komisije &#8211;\u00a0INEC\u00a0Mahmood Yakubu rekao je kako je odgoda potrebna da bi se odr\u017eali &#8220;slobodni i po\u0161teni izbori&#8221;.<\/p>\n<p>&#8220;Komisija je do\u0161la\u00a0do zaklju\u010dka da odr\u017eavanje izbora kao \u0161to je bilo predvi\u0111eno vi\u0161e nije izvedivo. Shodno tome, odlu\u010dila\u00a0je da \u0107e odgoditi izbore za predsjednika i parlament za subotu, 23. februar&#8221;, kazao je Yakubu.<\/p>\n<p>Odgoda \u0107e omogu\u0107iti komisiji da ta\u010dno utvrdi probleme kako bi se &#8220;zadr\u017eao\u00a0kvalitet\u00a0na\u0161ih izbora&#8221;, dodao je on.<\/p>\n<h4>Tijesna izborna utrka<\/h4>\n<p>Predsjednik\u00a0Nigerije Muhammadu\u00a0Buhari\u00a0pred sobom ima vrlo tijesnu\u00a0izbornu\u00a0utrku\u00a0u najve\u0107oj ekonomiji Afrike, najve\u0107em proizvo\u0111a\u010du nafte i najmnogoljudnijoj dr\u017eavi na kontinentu, gdje mu je glavni opozicijski protivkandidat\u00a0poslovni \u010dovjek i biv\u0161i potpredsjednik Atiku Abubakar.<\/p>\n<p>Predsjedni\u010dki izbori 2011. i 2015. godine tako\u0111er su bili odgo\u0111eni zbog logisti\u010dkih i sigurnosnih problema.<\/p>\n<p>Buhari je odmah osudio glavnu opozicijsku Narodnu demokratsku stranku &#8211;\u00a0PDP\u00a0i kritizirao izbornu komisiju za odgodu izbora, dok je PDP izrazio \u017ealjenje zbog odgode.<\/p>\n<p>Za mjesto predsjednika Nigerije takmi\u010de se 72 kandidata, a favoriti su Buhari i Abubakar.<\/p>\n<p><em>Izvor: Agencije<\/em><\/p>\n<p><\/span><br \/>\nPogledajte vijest na izvornom sajtu:<\/p>\n<p><a href=\"http:\/\/islampress.net\/41952\/izbori-u-nigeriji-odgodjeni-za-narednu-subotu\/\" target=\"_blank\">Izbori u Nigeriji odgo\u0111eni za narednu subotu<\/a><\/p>\n","protected":false},"excerpt":{"rendered":"<p>Nigerijci su u subotu trebali birati predsjednika i \u010dlanove Parlamenta, ali je izborna komisija u zadnji \u010das odgodila izbore. Predsjedni\u010dki izbori u\u00a0Nigeriji,\u00a0koji su trebali biti odr\u017eani u subotu, odgo\u0111eni su za sedamu dana, rekao je\u00a0\u010delnik tamo\u0161nje izborne\u00a0komisije samo nekoliko sati prije nego su\u00a0trebala biti otvorena\u00a0glasa\u010dka\u00a0mjesta, prenose agencije. U obra\u0107anju novinarima rano u subotu, \u010delnik Nezavisne [&hellip;]<\/p>\n","protected":false},"author":83,"featured_media":216876,"comment_status":"open","ping_status":"open","sticky":false,"template":"","format":"standard","meta":{"footnotes":""},"categories":[9],"tags":[10499],"class_list":{"0":"post-216875","1":"post","2":"type-post","3":"status-publish","4":"format-standard","5":"has-post-thumbnail","7":"category-svijet","8":"tag-a"},"yoast_head":"<!-- This site is optimized with the Yoast SEO Premium plugin v23.1 (Yoast SEO v24.9) - https:\/\/yoast.com\/wordpress\/plugins\/seo\/ -->\n<title>Izbori u Nigeriji odgo\u0111eni za narednu subotu<\/title>\n<meta name=\"robots\" content=\"index, follow, max-snippet:-1, max-image-preview:large, max-video-preview:-1\" \/>\n<link rel=\"canonical\" href=\"https:\/\/sandzakpress.net\/arhiva\/izbori-u-nigeriji-odgodjeni-za-narednu-subotu\/\" \/>\n<meta property=\"og:locale\" content=\"bs_BA\" \/>\n<meta property=\"og:type\" content=\"article\" \/>\n<meta property=\"og:title\" content=\"Izbori u Nigeriji odgo\u0111eni za narednu subotu\" \/>\n<meta property=\"og:description\" content=\"Nigerijci su u subotu trebali birati predsjednika i \u010dlanove Parlamenta, ali je izborna komisija u zadnji \u010das odgodila izbore. Predsjedni\u010dki izbori u\u00a0Nigeriji,\u00a0koji su trebali biti odr\u017eani u subotu, odgo\u0111eni su za sedamu dana, rekao je\u00a0\u010delnik tamo\u0161nje izborne\u00a0komisije samo nekoliko sati prije nego su\u00a0trebala biti otvorena\u00a0glasa\u010dka\u00a0mjesta, prenose agencije. U obra\u0107anju novinarima rano u subotu, \u010delnik Nezavisne [&hellip;]\" \/>\n<meta property=\"og:url\" content=\"https:\/\/sandzakpress.net\/arhiva\/izbori-u-nigeriji-odgodjeni-za-narednu-subotu\/\" \/>\n<meta property=\"og:site_name\" content=\"Sand\u017eak PRESS\" \/>\n<meta property=\"article:published_time\" content=\"2019-02-16T21:53:54+00:00\" \/>\n<meta property=\"og:image\" content=\"https:\/\/sandzakpress.net\/arhiva\/wp-content\/uploads\/2019\/02\/nigerija_izbori_epa.jpg\" \/>\n\t<meta property=\"og:image:width\" content=\"770\" \/>\n\t<meta property=\"og:image:height\" content=\"433\" \/>\n\t<meta property=\"og:image:type\" content=\"image\/jpeg\" \/>\n<meta name=\"author\" content=\"bosniak\" \/>\n<meta name=\"twitter:card\" content=\"summary_large_image\" \/>\n<meta name=\"twitter:label1\" content=\"Written by\" \/>\n\t<meta name=\"twitter:data1\" content=\"bosniak\" \/>\n\t<meta name=\"twitter:label2\" content=\"Est. reading time\" \/>\n\t<meta name=\"twitter:data2\" content=\"1 minuta\" \/>\n<script type=\"application\/ld+json\" class=\"yoast-schema-graph\">{\"@context\":\"https:\/\/schema.org\",\"@graph\":[{\"@type\":\"Article\",\"@id\":\"https:\/\/sandzakpress.net\/arhiva\/izbori-u-nigeriji-odgodjeni-za-narednu-subotu\/#article\",\"isPartOf\":{\"@id\":\"https:\/\/sandzakpress.net\/arhiva\/izbori-u-nigeriji-odgodjeni-za-narednu-subotu\/\"},\"author\":{\"name\":\"bosniak\",\"@id\":\"https:\/\/sandzakpress.net\/arhiva\/#\/schema\/person\/c8baee722073534b583ea7bdb2e36c02\"},\"headline\":\"Izbori u Nigeriji odgo\u0111eni za narednu subotu\",\"datePublished\":\"2019-02-16T21:53:54+00:00\",\"mainEntityOfPage\":{\"@id\":\"https:\/\/sandzakpress.net\/arhiva\/izbori-u-nigeriji-odgodjeni-za-narednu-subotu\/\"},\"wordCount\":275,\"commentCount\":0,\"publisher\":{\"@id\":\"https:\/\/sandzakpress.net\/arhiva\/#\/schema\/person\/6e72b67d6e51910a1117b3b483ba20bd\"},\"image\":{\"@id\":\"https:\/\/sandzakpress.net\/arhiva\/izbori-u-nigeriji-odgodjeni-za-narednu-subotu\/#primaryimage\"},\"thumbnailUrl\":\"https:\/\/sandzakpress.net\/arhiva\/wp-content\/uploads\/2019\/02\/nigerija_izbori_epa.jpg\",\"keywords\":[\"A\"],\"articleSection\":[\"Svijet\"],\"inLanguage\":\"bs-BA\",\"potentialAction\":[{\"@type\":\"CommentAction\",\"name\":\"Comment\",\"target\":[\"https:\/\/sandzakpress.net\/arhiva\/izbori-u-nigeriji-odgodjeni-za-narednu-subotu\/#respond\"]}]},{\"@type\":\"WebPage\",\"@id\":\"https:\/\/sandzakpress.net\/arhiva\/izbori-u-nigeriji-odgodjeni-za-narednu-subotu\/\",\"url\":\"https:\/\/sandzakpress.net\/arhiva\/izbori-u-nigeriji-odgodjeni-za-narednu-subotu\/\",\"name\":\"Izbori u Nigeriji odgo\u0111eni za narednu subotu\",\"isPartOf\":{\"@id\":\"https:\/\/sandzakpress.net\/arhiva\/#website\"},\"primaryImageOfPage\":{\"@id\":\"https:\/\/sandzakpress.net\/arhiva\/izbori-u-nigeriji-odgodjeni-za-narednu-subotu\/#primaryimage\"},\"image\":{\"@id\":\"https:\/\/sandzakpress.net\/arhiva\/izbori-u-nigeriji-odgodjeni-za-narednu-subotu\/#primaryimage\"},\"thumbnailUrl\":\"https:\/\/sandzakpress.net\/arhiva\/wp-content\/uploads\/2019\/02\/nigerija_izbori_epa.jpg\",\"datePublished\":\"2019-02-16T21:53:54+00:00\",\"breadcrumb\":{\"@id\":\"https:\/\/sandzakpress.net\/arhiva\/izbori-u-nigeriji-odgodjeni-za-narednu-subotu\/#breadcrumb\"},\"inLanguage\":\"bs-BA\",\"potentialAction\":[{\"@type\":\"ReadAction\",\"target\":[\"https:\/\/sandzakpress.net\/arhiva\/izbori-u-nigeriji-odgodjeni-za-narednu-subotu\/\"]}]},{\"@type\":\"ImageObject\",\"inLanguage\":\"bs-BA\",\"@id\":\"https:\/\/sandzakpress.net\/arhiva\/izbori-u-nigeriji-odgodjeni-za-narednu-subotu\/#primaryimage\",\"url\":\"https:\/\/sandzakpress.net\/arhiva\/wp-content\/uploads\/2019\/02\/nigerija_izbori_epa.jpg\",\"contentUrl\":\"https:\/\/sandzakpress.net\/arhiva\/wp-content\/uploads\/2019\/02\/nigerija_izbori_epa.jpg\",\"width\":770,\"height\":433},{\"@type\":\"BreadcrumbList\",\"@id\":\"https:\/\/sandzakpress.net\/arhiva\/izbori-u-nigeriji-odgodjeni-za-narednu-subotu\/#breadcrumb\",\"itemListElement\":[{\"@type\":\"ListItem\",\"position\":1,\"name\":\"Home\",\"item\":\"https:\/\/sandzakpress.net\/arhiva\/\"},{\"@type\":\"ListItem\",\"position\":2,\"name\":\"Izbori u Nigeriji odgo\u0111eni za narednu subotu\"}]},{\"@type\":\"WebSite\",\"@id\":\"https:\/\/sandzakpress.net\/arhiva\/#website\",\"url\":\"https:\/\/sandzakpress.net\/arhiva\/\",\"name\":\"Sand\u017eak PRESS\",\"description\":\"Prve elektronske novine u Sand\u017eaku\",\"publisher\":{\"@id\":\"https:\/\/sandzakpress.net\/arhiva\/#\/schema\/person\/6e72b67d6e51910a1117b3b483ba20bd\"},\"potentialAction\":[{\"@type\":\"SearchAction\",\"target\":{\"@type\":\"EntryPoint\",\"urlTemplate\":\"https:\/\/sandzakpress.net\/arhiva\/?s={search_term_string}\"},\"query-input\":{\"@type\":\"PropertyValueSpecification\",\"valueRequired\":true,\"valueName\":\"search_term_string\"}}],\"inLanguage\":\"bs-BA\"},{\"@type\":[\"Person\",\"Organization\"],\"@id\":\"https:\/\/sandzakpress.net\/arhiva\/#\/schema\/person\/6e72b67d6e51910a1117b3b483ba20bd\",\"name\":\"Kul\",\"image\":{\"@type\":\"ImageObject\",\"inLanguage\":\"bs-BA\",\"@id\":\"https:\/\/sandzakpress.net\/arhiva\/#\/schema\/person\/image\/\",\"url\":\"https:\/\/secure.gravatar.com\/avatar\/42263f39aa27ac04c43cab85c280eb2e?s=96&d=mm&r=pg\",\"contentUrl\":\"https:\/\/secure.gravatar.com\/avatar\/42263f39aa27ac04c43cab85c280eb2e?s=96&d=mm&r=pg\",\"caption\":\"Kul\"},\"logo\":{\"@id\":\"https:\/\/sandzakpress.net\/arhiva\/#\/schema\/person\/image\/\"}},{\"@type\":\"Person\",\"@id\":\"https:\/\/sandzakpress.net\/arhiva\/#\/schema\/person\/c8baee722073534b583ea7bdb2e36c02\",\"name\":\"bosniak\",\"image\":{\"@type\":\"ImageObject\",\"inLanguage\":\"bs-BA\",\"@id\":\"https:\/\/sandzakpress.net\/arhiva\/#\/schema\/person\/image\/\",\"url\":\"https:\/\/secure.gravatar.com\/avatar\/a04fd330bfe3a36a72a0ad4a6d89fca7?s=96&d=mm&r=pg\",\"contentUrl\":\"https:\/\/secure.gravatar.com\/avatar\/a04fd330bfe3a36a72a0ad4a6d89fca7?s=96&d=mm&r=pg\",\"caption\":\"bosniak\"},\"url\":\"https:\/\/sandzakpress.net\/arhiva\/author\/bosniak\/\"}]}<\/script>\n<!-- \/ Yoast SEO Premium plugin. -->","yoast_head_json":{"title":"Izbori u Nigeriji odgo\u0111eni za narednu subotu","robots":{"index":"index","follow":"follow","max-snippet":"max-snippet:-1","max-image-preview":"max-image-preview:large","max-video-preview":"max-video-preview:-1"},"canonical":"https:\/\/sandzakpress.net\/arhiva\/izbori-u-nigeriji-odgodjeni-za-narednu-subotu\/","og_locale":"bs_BA","og_type":"article","og_title":"Izbori u Nigeriji odgo\u0111eni za narednu subotu","og_description":"Nigerijci su u subotu trebali birati predsjednika i \u010dlanove Parlamenta, ali je izborna komisija u zadnji \u010das odgodila izbore. Predsjedni\u010dki izbori u\u00a0Nigeriji,\u00a0koji su trebali biti odr\u017eani u subotu, odgo\u0111eni su za sedamu dana, rekao je\u00a0\u010delnik tamo\u0161nje izborne\u00a0komisije samo nekoliko sati prije nego su\u00a0trebala biti otvorena\u00a0glasa\u010dka\u00a0mjesta, prenose agencije. U obra\u0107anju novinarima rano u subotu, \u010delnik Nezavisne [&hellip;]","og_url":"https:\/\/sandzakpress.net\/arhiva\/izbori-u-nigeriji-odgodjeni-za-narednu-subotu\/","og_site_name":"Sand\u017eak PRESS","article_published_time":"2019-02-16T21:53:54+00:00","og_image":[{"width":770,"height":433,"url":"https:\/\/sandzakpress.net\/arhiva\/wp-content\/uploads\/2019\/02\/nigerija_izbori_epa.jpg","type":"image\/jpeg"}],"author":"bosniak","twitter_card":"summary_large_image","twitter_misc":{"Written by":"bosniak","Est. reading time":"1 minuta"},"schema":{"@context":"https:\/\/schema.org","@graph":[{"@type":"Article","@id":"https:\/\/sandzakpress.net\/arhiva\/izbori-u-nigeriji-odgodjeni-za-narednu-subotu\/#article","isPartOf":{"@id":"https:\/\/sandzakpress.net\/arhiva\/izbori-u-nigeriji-odgodjeni-za-narednu-subotu\/"},"author":{"name":"bosniak","@id":"https:\/\/sandzakpress.net\/arhiva\/#\/schema\/person\/c8baee722073534b583ea7bdb2e36c02"},"headline":"Izbori u Nigeriji odgo\u0111eni za narednu subotu","datePublished":"2019-02-16T21:53:54+00:00","mainEntityOfPage":{"@id":"https:\/\/sandzakpress.net\/arhiva\/izbori-u-nigeriji-odgodjeni-za-narednu-subotu\/"},"wordCount":275,"commentCount":0,"publisher":{"@id":"https:\/\/sandzakpress.net\/arhiva\/#\/schema\/person\/6e72b67d6e51910a1117b3b483ba20bd"},"image":{"@id":"https:\/\/sandzakpress.net\/arhiva\/izbori-u-nigeriji-odgodjeni-za-narednu-subotu\/#primaryimage"},"thumbnailUrl":"https:\/\/sandzakpress.net\/arhiva\/wp-content\/uploads\/2019\/02\/nigerija_izbori_epa.jpg","keywords":["A"],"articleSection":["Svijet"],"inLanguage":"bs-BA","potentialAction":[{"@type":"CommentAction","name":"Comment","target":["https:\/\/sandzakpress.net\/arhiva\/izbori-u-nigeriji-odgodjeni-za-narednu-subotu\/#respond"]}]},{"@type":"WebPage","@id":"https:\/\/sandzakpress.net\/arhiva\/izbori-u-nigeriji-odgodjeni-za-narednu-subotu\/","url":"https:\/\/sandzakpress.net\/arhiva\/izbori-u-nigeriji-odgodjeni-za-narednu-subotu\/","name":"Izbori u Nigeriji odgo\u0111eni za narednu subotu","isPartOf":{"@id":"https:\/\/sandzakpress.net\/arhiva\/#website"},"primaryImageOfPage":{"@id":"https:\/\/sandzakpress.net\/arhiva\/izbori-u-nigeriji-odgodjeni-za-narednu-subotu\/#primaryimage"},"image":{"@id":"https:\/\/sandzakpress.net\/arhiva\/izbori-u-nigeriji-odgodjeni-za-narednu-subotu\/#primaryimage"},"thumbnailUrl":"https:\/\/sandzakpress.net\/arhiva\/wp-content\/uploads\/2019\/02\/nigerija_izbori_epa.jpg","datePublished":"2019-02-16T21:53:54+00:00","breadcrumb":{"@id":"https:\/\/sandzakpress.net\/arhiva\/izbori-u-nigeriji-odgodjeni-za-narednu-subotu\/#breadcrumb"},"inLanguage":"bs-BA","potentialAction":[{"@type":"ReadAction","target":["https:\/\/sandzakpress.net\/arhiva\/izbori-u-nigeriji-odgodjeni-za-narednu-subotu\/"]}]},{"@type":"ImageObject","inLanguage":"bs-BA","@id":"https:\/\/sandzakpress.net\/arhiva\/izbori-u-nigeriji-odgodjeni-za-narednu-subotu\/#primaryimage","url":"https:\/\/sandzakpress.net\/arhiva\/wp-content\/uploads\/2019\/02\/nigerija_izbori_epa.jpg","contentUrl":"https:\/\/sandzakpress.net\/arhiva\/wp-content\/uploads\/2019\/02\/nigerija_izbori_epa.jpg","width":770,"height":433},{"@type":"BreadcrumbList","@id":"https:\/\/sandzakpress.net\/arhiva\/izbori-u-nigeriji-odgodjeni-za-narednu-subotu\/#breadcrumb","itemListElement":[{"@type":"ListItem","position":1,"name":"Home","item":"https:\/\/sandzakpress.net\/arhiva\/"},{"@type":"ListItem","position":2,"name":"Izbori u Nigeriji odgo\u0111eni za narednu subotu"}]},{"@type":"WebSite","@id":"https:\/\/sandzakpress.net\/arhiva\/#website","url":"https:\/\/sandzakpress.net\/arhiva\/","name":"Sand\u017eak PRESS","description":"Prve elektronske novine u Sand\u017eaku","publisher":{"@id":"https:\/\/sandzakpress.net\/arhiva\/#\/schema\/person\/6e72b67d6e51910a1117b3b483ba20bd"},"potentialAction":[{"@type":"SearchAction","target":{"@type":"EntryPoint","urlTemplate":"https:\/\/sandzakpress.net\/arhiva\/?s={search_term_string}"},"query-input":{"@type":"PropertyValueSpecification","valueRequired":true,"valueName":"search_term_string"}}],"inLanguage":"bs-BA"},{"@type":["Person","Organization"],"@id":"https:\/\/sandzakpress.net\/arhiva\/#\/schema\/person\/6e72b67d6e51910a1117b3b483ba20bd","name":"Kul","image":{"@type":"ImageObject","inLanguage":"bs-BA","@id":"https:\/\/sandzakpress.net\/arhiva\/#\/schema\/person\/image\/","url":"https:\/\/secure.gravatar.com\/avatar\/42263f39aa27ac04c43cab85c280eb2e?s=96&d=mm&r=pg","contentUrl":"https:\/\/secure.gravatar.com\/avatar\/42263f39aa27ac04c43cab85c280eb2e?s=96&d=mm&r=pg","caption":"Kul"},"logo":{"@id":"https:\/\/sandzakpress.net\/arhiva\/#\/schema\/person\/image\/"}},{"@type":"Person","@id":"https:\/\/sandzakpress.net\/arhiva\/#\/schema\/person\/c8baee722073534b583ea7bdb2e36c02","name":"bosniak","image":{"@type":"ImageObject","inLanguage":"bs-BA","@id":"https:\/\/sandzakpress.net\/arhiva\/#\/schema\/person\/image\/","url":"https:\/\/secure.gravatar.com\/avatar\/a04fd330bfe3a36a72a0ad4a6d89fca7?s=96&d=mm&r=pg","contentUrl":"https:\/\/secure.gravatar.com\/avatar\/a04fd330bfe3a36a72a0ad4a6d89fca7?s=96&d=mm&r=pg","caption":"bosniak"},"url":"https:\/\/sandzakpress.net\/arhiva\/author\/bosniak\/"}]}},"_links":{"self":[{"href":"https:\/\/sandzakpress.net\/arhiva\/wp-json\/wp\/v2\/posts\/216875"}],"collection":[{"href":"https:\/\/sandzakpress.net\/arhiva\/wp-json\/wp\/v2\/posts"}],"about":[{"href":"https:\/\/sandzakpress.net\/arhiva\/wp-json\/wp\/v2\/types\/post"}],"author":[{"embeddable":true,"href":"https:\/\/sandzakpress.net\/arhiva\/wp-json\/wp\/v2\/users\/83"}],"replies":[{"embeddable":true,"href":"https:\/\/sandzakpress.net\/arhiva\/wp-json\/wp\/v2\/comments?post=216875"}],"version-history":[{"count":0,"href":"https:\/\/sandzakpress.net\/arhiva\/wp-json\/wp\/v2\/posts\/216875\/revisions"}],"wp:featuredmedia":[{"embeddable":true,"href":"https:\/\/sandzakpress.net\/arhiva\/wp-json\/wp\/v2\/media\/216876"}],"wp:attachment":[{"href":"https:\/\/sandzakpress.net\/arhiva\/wp-json\/wp\/v2\/media?parent=216875"}],"wp:term":[{"taxonomy":"category","embeddable":true,"href":"https:\/\/sandzakpress.net\/arhiva\/wp-json\/wp\/v2\/categories?post=216875"},{"taxonomy":"post_tag","embeddable":true,"href":"https:\/\/sandzakpress.net\/arhiva\/wp-json\/wp\/v2\/tags?post=216875"}],"curies":[{"name":"wp","href":"https:\/\/api.w.org\/{rel}","templated":true}]}}