{"id":216595,"date":"2019-02-14T13:10:29","date_gmt":"2019-02-14T12:10:29","guid":{"rendered":"https:\/\/sandzakpress.net\/arhiva\/?p=216595"},"modified":"2019-02-14T12:46:58","modified_gmt":"2019-02-14T11:46:58","slug":"nastavljeno-sudjenje-ubici-kristine-kaplanovic-iz-nove-varosi","status":"publish","type":"post","link":"https:\/\/sandzakpress.net\/arhiva\/nastavljeno-sudjenje-ubici-kristine-kaplanovic-iz-nove-varosi\/","title":{"rendered":"Nastavljeno su\u0111enje ubici Kristine Kaplanovi\u0107 iz Nove Varo\u0161i"},"content":{"rendered":"<p><img decoding=\"async\" src=\"https:\/\/ppmedia.rs\/wp-content\/uploads\/2019\/02\/12-prepoynao-petar_620x0.jpg\" \/><\/p>\n<p><strong>\u010cuo sam udarac o vrata VC-a iza mene, ali tek kada je usledilo \u201cOvo je plja\u010dka, dajte sve \u0161to imate i u\u0111ite unutra\u201d, okrenuo sam se udesno odakle je dopirao glas. Ta osoba je bila krupnije gra\u0111e, visoka oko metar devedeset. Obu\u010dena u tamno, sa maramom preko nosa. U desnoj ruci je dr\u017eala pi\u0161tolj u visini ramena, blago savijenoj. Gurnuo mi je rame levom rukom i pri prvom kontaktu \u2013 pi\u0161tolj je opalio. Kristina je pala. Poku\u0161ao sam da joj pomognem, jer je po\u010dela da krklja.<\/strong><\/p>\n<p>Ovo je u utorak pred Vi\u0161im sudom ispri\u010dao Darko Stankov, biv\u0161i radnik pumpe, o\u010devidac ubistva Kristine Kaplanovi\u0107, koja je upucana prilikom poku\u0161aja plja\u010dke u Velikom Mokrom Lugu maja 2017. godine. Na optu\u017eeni\u010dkoj klupi je Milo\u0161 Srebri\u0107 koji je prilikom izno\u0161enja odbrane ranije negirao delo i objasnio da je za tragi\u010dni doga\u0111aj \u010duo preko TV-a. Stankov je kobne ve\u010deri do\u0161ao na pumpu kako bi se na\u0161ao sa kolegom koji je zavr\u0161avao smenu u objektu NIS s druge strane auto-puta. Njih \u010detvoro su stajali ispred pumpe, jer je jedan od kolega pu\u0161io cigaru.<\/p>\n<p>\u2013 Taj \u010dovek me udario, bio sam u polo\u017eaju nani\u017ee, pucanj sam samo \u010duo. Kada sam podignuo glavu, Kristina je bila na zemlji. Okrenuo sam je na bok. Krvi je bilo iza nje i malo na ustima. Video sam da napada\u010d odlazi tr\u010de\u0107i uz auto-put ka Ni\u0161u \u2013 ispri\u010dao je Stankov.<\/p>\n<p>Svedok je, povodom ovog doga\u0111aja, dobio pretnje preko telefona, a nepoznata osoba mu je nakon toga i fotografisala automobil.<\/p>\n<p>\u2013 Neko me je pozvao, nije se predstavio i rekao mi je da pazim \u0161ta pri\u010dam. Od maja pro\u0161le godine imam policijsku za\u0161titu \u2013 rekao je Stankov.<\/p>\n<p>Njegovo svjedo\u010denje trajalo je vi\u0161e od tri sata, a na momente su\u0111enje se pretvaralo u burnu razmenu argumenata izme\u0111u predsednice ve\u0107a, zamenika tu\u017eioca i advokata odbrane. Jedan od Srebri\u0107evih branilaca Jugoslav Tintor postavio je niz pitanja na koje je sudija odbila da svedok odgovori, poput: \u201cJesam li u pravu da ste vi nakon nezgode dali policajcima neta\u010dno ime va\u0161eg oca? Za\u0161to ste davali razli\u010dite adrese ako ih niste menjali? Da li je va\u0161 otac policijski slu\u017ebenik i da li je do\u0161ao pre patrole na lice mesta?\u201d<\/p>\n<p>\u2013 Prvo je stigla interventna jedinica i njima sam sve ispri\u010dao \u2013 rekao je Stankov.<\/p>\n<p>On je objasnio da je napada\u010du video samo levi profil i ni\u0161ta od desne strane lica.<\/p>\n<p>\u2013 Video sam mu oko, levu obrvu i zalizak sa te strane lica. O\u010di mu nisu bile skroz tamne, ali ni plave, ni zelene. Da sam zadr\u017eao pogled na njemu do desetak sekundi, video bih mu i desnu stranu lica. Kosa mu nije bila tamna \u2013 objasnio je svedok.<\/p>\n<p>Stankov je potvrdio da je bio na prepoznavanju, kao i da je u\u010destvovao u izradi foto-robota.<\/p>\n<p>\u2013 Prilikom prepoznavanja, njih petorica su bila bez marame. Dvojicu sam \u201cizvukao\u201d. I ostala trojica su imala zaliske, ali nisu bili ni pribli\u017eno sli\u010dni. Dvojica su se okrenula na bok i izgovorili re\u010di koje sam \u010duo na licu mesta. Onda sam se odlu\u010dio za jednog od njih. Druge glasove nisam prepoznavao \u2013 objasnio je Stankov.<\/p>\n<p>Prema njegovim re\u010dima, na licu mesta, on nije video nikakav beleg na \u010delu napada\u010da, a objasnio je da ne zna za\u0161to je foto-robot ura\u0111en anfas, a ne iz profila, na osnovu njegovog opisa.<\/p>\n<p>Su\u0111enje se nastavlja 12. marta, kada bi trebalo da svedo\u010de preostala dvojica kolega ubijene devojke.<\/p>\n<p><strong>NIJE SE VI\u0160E BUDILA<\/strong><\/p>\n<p>VANBRA\u010cNA supruga optu\u017eenog Srebri\u0107a iskoristila je u utorak pravo da ne svedo\u010di u ovom postupku, a posle nje odmah je saslu\u0161an Stanislav Kaplanovi\u0107, otac ubijene Kristine.<\/p>\n<p>\u2013 Pa\u0161enog, kod kog je Kristina \u017eivela, te no\u0107i mi je javio da je pumpa oplja\u010dkana, a moja \u0107erka ranjena \u2013 ispri\u010dao je Stanislav potreseno. \u2013 Rekao mi je da do\u0111em u Beograd. Ona je bila u Urgentnom centru, na aparatima. Nije bila svesna i vi\u0161e se nije budila\u2026<\/p>\n<p>Izvor: PP Media<\/p>\n","protected":false},"excerpt":{"rendered":"<p>\u010cuo sam udarac o vrata VC-a iza mene, ali tek kada je usledilo \u201cOvo je plja\u010dka, dajte sve \u0161to imate i u\u0111ite unutra\u201d, okrenuo sam se udesno odakle je dopirao glas. Ta osoba je bila krupnije gra\u0111e, visoka oko metar devedeset. Obu\u010dena u tamno, sa maramom preko nosa. U desnoj ruci je dr\u017eala pi\u0161tolj u [&hellip;]<\/p>\n","protected":false},"author":509,"featured_media":216605,"comment_status":"open","ping_status":"open","sticky":false,"template":"","format":"standard","meta":{"footnotes":""},"categories":[394,801],"tags":[],"class_list":{"0":"post-216595","1":"post","2":"type-post","3":"status-publish","4":"format-standard","5":"has-post-thumbnail","7":"category-nova-varos","8":"category-crna_hronika"},"yoast_head":"<!-- This site is optimized with the Yoast SEO Premium plugin v23.1 (Yoast SEO v24.9) - https:\/\/yoast.com\/wordpress\/plugins\/seo\/ -->\n<title>Nastavljeno su\u0111enje ubici Kristine Kaplanovi\u0107 iz Nove Varo\u0161i<\/title>\n<meta name=\"robots\" content=\"index, follow, max-snippet:-1, max-image-preview:large, max-video-preview:-1\" \/>\n<link rel=\"canonical\" href=\"https:\/\/sandzakpress.net\/arhiva\/nastavljeno-sudjenje-ubici-kristine-kaplanovic-iz-nove-varosi\/\" \/>\n<meta property=\"og:locale\" content=\"bs_BA\" \/>\n<meta property=\"og:type\" content=\"article\" \/>\n<meta property=\"og:title\" content=\"Nastavljeno su\u0111enje ubici Kristine Kaplanovi\u0107 iz Nove Varo\u0161i\" \/>\n<meta property=\"og:description\" content=\"\u010cuo sam udarac o vrata VC-a iza mene, ali tek kada je usledilo \u201cOvo je plja\u010dka, dajte sve \u0161to imate i u\u0111ite unutra\u201d, okrenuo sam se udesno odakle je dopirao glas. Ta osoba je bila krupnije gra\u0111e, visoka oko metar devedeset. Obu\u010dena u tamno, sa maramom preko nosa. U desnoj ruci je dr\u017eala pi\u0161tolj u [&hellip;]\" \/>\n<meta property=\"og:url\" content=\"https:\/\/sandzakpress.net\/arhiva\/nastavljeno-sudjenje-ubici-kristine-kaplanovic-iz-nove-varosi\/\" \/>\n<meta property=\"og:site_name\" content=\"Sand\u017eak PRESS\" \/>\n<meta property=\"article:published_time\" content=\"2019-02-14T12:10:29+00:00\" \/>\n<meta property=\"og:image\" content=\"https:\/\/sandzakpress.net\/arhiva\/wp-content\/uploads\/2019\/02\/12-prepoynao-petar_620x0.jpg\" \/>\n\t<meta property=\"og:image:width\" content=\"620\" \/>\n\t<meta property=\"og:image:height\" content=\"360\" \/>\n\t<meta property=\"og:image:type\" content=\"image\/jpeg\" \/>\n<meta name=\"author\" content=\"Agencija\" \/>\n<meta name=\"twitter:card\" content=\"summary_large_image\" \/>\n<meta name=\"twitter:label1\" content=\"Written by\" \/>\n\t<meta name=\"twitter:data1\" content=\"Agencija\" \/>\n\t<meta name=\"twitter:label2\" content=\"Est. reading time\" \/>\n\t<meta name=\"twitter:data2\" content=\"4 minute\" \/>\n<script type=\"application\/ld+json\" class=\"yoast-schema-graph\">{\"@context\":\"https:\/\/schema.org\",\"@graph\":[{\"@type\":\"Article\",\"@id\":\"https:\/\/sandzakpress.net\/arhiva\/nastavljeno-sudjenje-ubici-kristine-kaplanovic-iz-nove-varosi\/#article\",\"isPartOf\":{\"@id\":\"https:\/\/sandzakpress.net\/arhiva\/nastavljeno-sudjenje-ubici-kristine-kaplanovic-iz-nove-varosi\/\"},\"author\":{\"name\":\"Agencija\",\"@id\":\"https:\/\/sandzakpress.net\/arhiva\/#\/schema\/person\/cb59d7e3ab91ab90dd680ad0305a6185\"},\"headline\":\"Nastavljeno su\u0111enje ubici Kristine Kaplanovi\u0107 iz Nove Varo\u0161i\",\"datePublished\":\"2019-02-14T12:10:29+00:00\",\"mainEntityOfPage\":{\"@id\":\"https:\/\/sandzakpress.net\/arhiva\/nastavljeno-sudjenje-ubici-kristine-kaplanovic-iz-nove-varosi\/\"},\"wordCount\":711,\"commentCount\":0,\"publisher\":{\"@id\":\"https:\/\/sandzakpress.net\/arhiva\/#\/schema\/person\/6e72b67d6e51910a1117b3b483ba20bd\"},\"image\":{\"@id\":\"https:\/\/sandzakpress.net\/arhiva\/nastavljeno-sudjenje-ubici-kristine-kaplanovic-iz-nove-varosi\/#primaryimage\"},\"thumbnailUrl\":\"https:\/\/sandzakpress.net\/arhiva\/wp-content\/uploads\/2019\/02\/12-prepoynao-petar_620x0.jpg\",\"articleSection\":[\"Nova Varo\u0161\",\"Hronika\"],\"inLanguage\":\"bs-BA\",\"potentialAction\":[{\"@type\":\"CommentAction\",\"name\":\"Comment\",\"target\":[\"https:\/\/sandzakpress.net\/arhiva\/nastavljeno-sudjenje-ubici-kristine-kaplanovic-iz-nove-varosi\/#respond\"]}]},{\"@type\":\"WebPage\",\"@id\":\"https:\/\/sandzakpress.net\/arhiva\/nastavljeno-sudjenje-ubici-kristine-kaplanovic-iz-nove-varosi\/\",\"url\":\"https:\/\/sandzakpress.net\/arhiva\/nastavljeno-sudjenje-ubici-kristine-kaplanovic-iz-nove-varosi\/\",\"name\":\"Nastavljeno su\u0111enje ubici Kristine Kaplanovi\u0107 iz Nove Varo\u0161i\",\"isPartOf\":{\"@id\":\"https:\/\/sandzakpress.net\/arhiva\/#website\"},\"primaryImageOfPage\":{\"@id\":\"https:\/\/sandzakpress.net\/arhiva\/nastavljeno-sudjenje-ubici-kristine-kaplanovic-iz-nove-varosi\/#primaryimage\"},\"image\":{\"@id\":\"https:\/\/sandzakpress.net\/arhiva\/nastavljeno-sudjenje-ubici-kristine-kaplanovic-iz-nove-varosi\/#primaryimage\"},\"thumbnailUrl\":\"https:\/\/sandzakpress.net\/arhiva\/wp-content\/uploads\/2019\/02\/12-prepoynao-petar_620x0.jpg\",\"datePublished\":\"2019-02-14T12:10:29+00:00\",\"breadcrumb\":{\"@id\":\"https:\/\/sandzakpress.net\/arhiva\/nastavljeno-sudjenje-ubici-kristine-kaplanovic-iz-nove-varosi\/#breadcrumb\"},\"inLanguage\":\"bs-BA\",\"potentialAction\":[{\"@type\":\"ReadAction\",\"target\":[\"https:\/\/sandzakpress.net\/arhiva\/nastavljeno-sudjenje-ubici-kristine-kaplanovic-iz-nove-varosi\/\"]}]},{\"@type\":\"ImageObject\",\"inLanguage\":\"bs-BA\",\"@id\":\"https:\/\/sandzakpress.net\/arhiva\/nastavljeno-sudjenje-ubici-kristine-kaplanovic-iz-nove-varosi\/#primaryimage\",\"url\":\"https:\/\/sandzakpress.net\/arhiva\/wp-content\/uploads\/2019\/02\/12-prepoynao-petar_620x0.jpg\",\"contentUrl\":\"https:\/\/sandzakpress.net\/arhiva\/wp-content\/uploads\/2019\/02\/12-prepoynao-petar_620x0.jpg\",\"width\":620,\"height\":360},{\"@type\":\"BreadcrumbList\",\"@id\":\"https:\/\/sandzakpress.net\/arhiva\/nastavljeno-sudjenje-ubici-kristine-kaplanovic-iz-nove-varosi\/#breadcrumb\",\"itemListElement\":[{\"@type\":\"ListItem\",\"position\":1,\"name\":\"Home\",\"item\":\"https:\/\/sandzakpress.net\/arhiva\/\"},{\"@type\":\"ListItem\",\"position\":2,\"name\":\"Nastavljeno su\u0111enje ubici Kristine Kaplanovi\u0107 iz Nove Varo\u0161i\"}]},{\"@type\":\"WebSite\",\"@id\":\"https:\/\/sandzakpress.net\/arhiva\/#website\",\"url\":\"https:\/\/sandzakpress.net\/arhiva\/\",\"name\":\"Sand\u017eak PRESS\",\"description\":\"Prve elektronske novine u Sand\u017eaku\",\"publisher\":{\"@id\":\"https:\/\/sandzakpress.net\/arhiva\/#\/schema\/person\/6e72b67d6e51910a1117b3b483ba20bd\"},\"potentialAction\":[{\"@type\":\"SearchAction\",\"target\":{\"@type\":\"EntryPoint\",\"urlTemplate\":\"https:\/\/sandzakpress.net\/arhiva\/?s={search_term_string}\"},\"query-input\":{\"@type\":\"PropertyValueSpecification\",\"valueRequired\":true,\"valueName\":\"search_term_string\"}}],\"inLanguage\":\"bs-BA\"},{\"@type\":[\"Person\",\"Organization\"],\"@id\":\"https:\/\/sandzakpress.net\/arhiva\/#\/schema\/person\/6e72b67d6e51910a1117b3b483ba20bd\",\"name\":\"Kul\",\"image\":{\"@type\":\"ImageObject\",\"inLanguage\":\"bs-BA\",\"@id\":\"https:\/\/sandzakpress.net\/arhiva\/#\/schema\/person\/image\/\",\"url\":\"https:\/\/secure.gravatar.com\/avatar\/42263f39aa27ac04c43cab85c280eb2e?s=96&d=mm&r=pg\",\"contentUrl\":\"https:\/\/secure.gravatar.com\/avatar\/42263f39aa27ac04c43cab85c280eb2e?s=96&d=mm&r=pg\",\"caption\":\"Kul\"},\"logo\":{\"@id\":\"https:\/\/sandzakpress.net\/arhiva\/#\/schema\/person\/image\/\"}},{\"@type\":\"Person\",\"@id\":\"https:\/\/sandzakpress.net\/arhiva\/#\/schema\/person\/cb59d7e3ab91ab90dd680ad0305a6185\",\"name\":\"Agencija\",\"image\":{\"@type\":\"ImageObject\",\"inLanguage\":\"bs-BA\",\"@id\":\"https:\/\/sandzakpress.net\/arhiva\/#\/schema\/person\/image\/\",\"url\":\"https:\/\/secure.gravatar.com\/avatar\/4b7fafa80a22f0c2afe23966b3961fe0?s=96&d=mm&r=pg\",\"contentUrl\":\"https:\/\/secure.gravatar.com\/avatar\/4b7fafa80a22f0c2afe23966b3961fe0?s=96&d=mm&r=pg\",\"caption\":\"Agencija\"},\"url\":\"https:\/\/sandzakpress.net\/arhiva\/author\/agencija\/\"}]}<\/script>\n<!-- \/ Yoast SEO Premium plugin. -->","yoast_head_json":{"title":"Nastavljeno su\u0111enje ubici Kristine Kaplanovi\u0107 iz Nove Varo\u0161i","robots":{"index":"index","follow":"follow","max-snippet":"max-snippet:-1","max-image-preview":"max-image-preview:large","max-video-preview":"max-video-preview:-1"},"canonical":"https:\/\/sandzakpress.net\/arhiva\/nastavljeno-sudjenje-ubici-kristine-kaplanovic-iz-nove-varosi\/","og_locale":"bs_BA","og_type":"article","og_title":"Nastavljeno su\u0111enje ubici Kristine Kaplanovi\u0107 iz Nove Varo\u0161i","og_description":"\u010cuo sam udarac o vrata VC-a iza mene, ali tek kada je usledilo \u201cOvo je plja\u010dka, dajte sve \u0161to imate i u\u0111ite unutra\u201d, okrenuo sam se udesno odakle je dopirao glas. Ta osoba je bila krupnije gra\u0111e, visoka oko metar devedeset. Obu\u010dena u tamno, sa maramom preko nosa. U desnoj ruci je dr\u017eala pi\u0161tolj u [&hellip;]","og_url":"https:\/\/sandzakpress.net\/arhiva\/nastavljeno-sudjenje-ubici-kristine-kaplanovic-iz-nove-varosi\/","og_site_name":"Sand\u017eak PRESS","article_published_time":"2019-02-14T12:10:29+00:00","og_image":[{"width":620,"height":360,"url":"https:\/\/sandzakpress.net\/arhiva\/wp-content\/uploads\/2019\/02\/12-prepoynao-petar_620x0.jpg","type":"image\/jpeg"}],"author":"Agencija","twitter_card":"summary_large_image","twitter_misc":{"Written by":"Agencija","Est. reading time":"4 minute"},"schema":{"@context":"https:\/\/schema.org","@graph":[{"@type":"Article","@id":"https:\/\/sandzakpress.net\/arhiva\/nastavljeno-sudjenje-ubici-kristine-kaplanovic-iz-nove-varosi\/#article","isPartOf":{"@id":"https:\/\/sandzakpress.net\/arhiva\/nastavljeno-sudjenje-ubici-kristine-kaplanovic-iz-nove-varosi\/"},"author":{"name":"Agencija","@id":"https:\/\/sandzakpress.net\/arhiva\/#\/schema\/person\/cb59d7e3ab91ab90dd680ad0305a6185"},"headline":"Nastavljeno su\u0111enje ubici Kristine Kaplanovi\u0107 iz Nove Varo\u0161i","datePublished":"2019-02-14T12:10:29+00:00","mainEntityOfPage":{"@id":"https:\/\/sandzakpress.net\/arhiva\/nastavljeno-sudjenje-ubici-kristine-kaplanovic-iz-nove-varosi\/"},"wordCount":711,"commentCount":0,"publisher":{"@id":"https:\/\/sandzakpress.net\/arhiva\/#\/schema\/person\/6e72b67d6e51910a1117b3b483ba20bd"},"image":{"@id":"https:\/\/sandzakpress.net\/arhiva\/nastavljeno-sudjenje-ubici-kristine-kaplanovic-iz-nove-varosi\/#primaryimage"},"thumbnailUrl":"https:\/\/sandzakpress.net\/arhiva\/wp-content\/uploads\/2019\/02\/12-prepoynao-petar_620x0.jpg","articleSection":["Nova Varo\u0161","Hronika"],"inLanguage":"bs-BA","potentialAction":[{"@type":"CommentAction","name":"Comment","target":["https:\/\/sandzakpress.net\/arhiva\/nastavljeno-sudjenje-ubici-kristine-kaplanovic-iz-nove-varosi\/#respond"]}]},{"@type":"WebPage","@id":"https:\/\/sandzakpress.net\/arhiva\/nastavljeno-sudjenje-ubici-kristine-kaplanovic-iz-nove-varosi\/","url":"https:\/\/sandzakpress.net\/arhiva\/nastavljeno-sudjenje-ubici-kristine-kaplanovic-iz-nove-varosi\/","name":"Nastavljeno su\u0111enje ubici Kristine Kaplanovi\u0107 iz Nove Varo\u0161i","isPartOf":{"@id":"https:\/\/sandzakpress.net\/arhiva\/#website"},"primaryImageOfPage":{"@id":"https:\/\/sandzakpress.net\/arhiva\/nastavljeno-sudjenje-ubici-kristine-kaplanovic-iz-nove-varosi\/#primaryimage"},"image":{"@id":"https:\/\/sandzakpress.net\/arhiva\/nastavljeno-sudjenje-ubici-kristine-kaplanovic-iz-nove-varosi\/#primaryimage"},"thumbnailUrl":"https:\/\/sandzakpress.net\/arhiva\/wp-content\/uploads\/2019\/02\/12-prepoynao-petar_620x0.jpg","datePublished":"2019-02-14T12:10:29+00:00","breadcrumb":{"@id":"https:\/\/sandzakpress.net\/arhiva\/nastavljeno-sudjenje-ubici-kristine-kaplanovic-iz-nove-varosi\/#breadcrumb"},"inLanguage":"bs-BA","potentialAction":[{"@type":"ReadAction","target":["https:\/\/sandzakpress.net\/arhiva\/nastavljeno-sudjenje-ubici-kristine-kaplanovic-iz-nove-varosi\/"]}]},{"@type":"ImageObject","inLanguage":"bs-BA","@id":"https:\/\/sandzakpress.net\/arhiva\/nastavljeno-sudjenje-ubici-kristine-kaplanovic-iz-nove-varosi\/#primaryimage","url":"https:\/\/sandzakpress.net\/arhiva\/wp-content\/uploads\/2019\/02\/12-prepoynao-petar_620x0.jpg","contentUrl":"https:\/\/sandzakpress.net\/arhiva\/wp-content\/uploads\/2019\/02\/12-prepoynao-petar_620x0.jpg","width":620,"height":360},{"@type":"BreadcrumbList","@id":"https:\/\/sandzakpress.net\/arhiva\/nastavljeno-sudjenje-ubici-kristine-kaplanovic-iz-nove-varosi\/#breadcrumb","itemListElement":[{"@type":"ListItem","position":1,"name":"Home","item":"https:\/\/sandzakpress.net\/arhiva\/"},{"@type":"ListItem","position":2,"name":"Nastavljeno su\u0111enje ubici Kristine Kaplanovi\u0107 iz Nove Varo\u0161i"}]},{"@type":"WebSite","@id":"https:\/\/sandzakpress.net\/arhiva\/#website","url":"https:\/\/sandzakpress.net\/arhiva\/","name":"Sand\u017eak PRESS","description":"Prve elektronske novine u Sand\u017eaku","publisher":{"@id":"https:\/\/sandzakpress.net\/arhiva\/#\/schema\/person\/6e72b67d6e51910a1117b3b483ba20bd"},"potentialAction":[{"@type":"SearchAction","target":{"@type":"EntryPoint","urlTemplate":"https:\/\/sandzakpress.net\/arhiva\/?s={search_term_string}"},"query-input":{"@type":"PropertyValueSpecification","valueRequired":true,"valueName":"search_term_string"}}],"inLanguage":"bs-BA"},{"@type":["Person","Organization"],"@id":"https:\/\/sandzakpress.net\/arhiva\/#\/schema\/person\/6e72b67d6e51910a1117b3b483ba20bd","name":"Kul","image":{"@type":"ImageObject","inLanguage":"bs-BA","@id":"https:\/\/sandzakpress.net\/arhiva\/#\/schema\/person\/image\/","url":"https:\/\/secure.gravatar.com\/avatar\/42263f39aa27ac04c43cab85c280eb2e?s=96&d=mm&r=pg","contentUrl":"https:\/\/secure.gravatar.com\/avatar\/42263f39aa27ac04c43cab85c280eb2e?s=96&d=mm&r=pg","caption":"Kul"},"logo":{"@id":"https:\/\/sandzakpress.net\/arhiva\/#\/schema\/person\/image\/"}},{"@type":"Person","@id":"https:\/\/sandzakpress.net\/arhiva\/#\/schema\/person\/cb59d7e3ab91ab90dd680ad0305a6185","name":"Agencija","image":{"@type":"ImageObject","inLanguage":"bs-BA","@id":"https:\/\/sandzakpress.net\/arhiva\/#\/schema\/person\/image\/","url":"https:\/\/secure.gravatar.com\/avatar\/4b7fafa80a22f0c2afe23966b3961fe0?s=96&d=mm&r=pg","contentUrl":"https:\/\/secure.gravatar.com\/avatar\/4b7fafa80a22f0c2afe23966b3961fe0?s=96&d=mm&r=pg","caption":"Agencija"},"url":"https:\/\/sandzakpress.net\/arhiva\/author\/agencija\/"}]}},"_links":{"self":[{"href":"https:\/\/sandzakpress.net\/arhiva\/wp-json\/wp\/v2\/posts\/216595"}],"collection":[{"href":"https:\/\/sandzakpress.net\/arhiva\/wp-json\/wp\/v2\/posts"}],"about":[{"href":"https:\/\/sandzakpress.net\/arhiva\/wp-json\/wp\/v2\/types\/post"}],"author":[{"embeddable":true,"href":"https:\/\/sandzakpress.net\/arhiva\/wp-json\/wp\/v2\/users\/509"}],"replies":[{"embeddable":true,"href":"https:\/\/sandzakpress.net\/arhiva\/wp-json\/wp\/v2\/comments?post=216595"}],"version-history":[{"count":0,"href":"https:\/\/sandzakpress.net\/arhiva\/wp-json\/wp\/v2\/posts\/216595\/revisions"}],"wp:featuredmedia":[{"embeddable":true,"href":"https:\/\/sandzakpress.net\/arhiva\/wp-json\/wp\/v2\/media\/216605"}],"wp:attachment":[{"href":"https:\/\/sandzakpress.net\/arhiva\/wp-json\/wp\/v2\/media?parent=216595"}],"wp:term":[{"taxonomy":"category","embeddable":true,"href":"https:\/\/sandzakpress.net\/arhiva\/wp-json\/wp\/v2\/categories?post=216595"},{"taxonomy":"post_tag","embeddable":true,"href":"https:\/\/sandzakpress.net\/arhiva\/wp-json\/wp\/v2\/tags?post=216595"}],"curies":[{"name":"wp","href":"https:\/\/api.w.org\/{rel}","templated":true}]}}