{"id":216418,"date":"2019-02-12T15:08:21","date_gmt":"2019-02-12T14:08:21","guid":{"rendered":"https:\/\/sandzakpress.net\/arhiva\/zajimovic-aladza-dzamija-4-maja-ce-ponovno-obasjati-focu"},"modified":"2019-02-12T15:08:21","modified_gmt":"2019-02-12T14:08:21","slug":"zajimovic-aladza-dzamija-4-maja-ce-ponovno-obasjati-focu","status":"publish","type":"post","link":"https:\/\/sandzakpress.net\/arhiva\/zajimovic-aladza-dzamija-4-maja-ce-ponovno-obasjati-focu\/","title":{"rendered":"Zajimovi\u0107: Alad\u017ea d\u017eamija 4. maja \u0107e ponovno obasjati Fo\u010du"},"content":{"rendered":"<p><span class=\"cb-itemprop\"><\/p>\n<figure class=\"wp-block-image\"><img decoding=\"async\" src=\"http:\/\/islampress.net\/wp-content\/uploads\/2019\/02\/senaid-zajimovi\u0107-alad\u017ea-e1549885760793.jpg\" alt=\"\" class=\"wp-image-41611\" \/><\/figure>\n<p>Radovi na ponovnoj izgradnji Alad\u017ee d\u017eamije ili \u0160arena d\u017eamija \u2013 d\u017eamija Hasana Nazira, privode se kraju. U toku su zavr\u0161ni radovi na oslikavanju unutra\u0161njosti d\u017eamije kao i radovi na vanjskom ure\u0111enju, a 4.maja se fo\u010danska ljepotica di\u017ee iz pepela, otvara svoje kapije za vjernike koji \u0107e, nakon dugo godina \u010de\u017enje i tuge, ponovno klanjati namaz.<\/p>\n<p>Naime, Rijaset Islamske zajednice u BiH donio je odluku da sve\u010danost otvorenja Alad\u017ee d\u017eamije bude organizirana 4. maja ove godine u povodu obilje\u017eavanja Dana d\u017eamija u BiH, a koji se ina\u010de obilje\u017eava 7.maja.<\/p>\n<p>Direktor Vakufske direkcije IZ u BiH Senaid Zajimovi\u0107 u intervjuu za Fenu podsje\u0107a da je Alad\u017ea d\u017eamija kulturni, historijski i religijski spomenik izgra\u0111en 1550.-1551. godine, te je od 1950. godine bila pod za\u0161titom dr\u017eave.<\/p>\n<p>To je bila prva d\u017eamija u BiH, podsje\u0107a Zajimovi\u0107, izgra\u0111ena u klasi\u010dnom osmanskom stilu. Gradio ju je bliski saradnik Mimar Sinana i njena najve\u0107a vrijednost je \u0161to su sve kasnije d\u017eamije gra\u0111ene po uzoru na Alad\u017ea d\u017eamiju. Uvr\u0161tena je u kulturnu ba\u0161tinu BiH i na listu spomenika svjetske ba\u0161tine pri UNESCO-u.<\/p>\n<p>Alad\u017ea d\u017eamija predstavljala je jedno od najzna\u010dajnijih graditeljskih ostvarenja i bila je jedan od najbolje proporcioniranih objekata, sa izvorno sa\u010duvanim unutra\u0161njim dekoracijama.<\/p>\n<p>Med\u017elis Islamske zajednice Fo\u010da je u gradu do 1992. godine imao 12 d\u017eamija. Sve su poru\u0161ene, minirane, a njihovi ostaci su uklonjeni. I Alad\u017ea d\u017eamiju su Srpske vlasti minirale, brutalno uni\u0161tile, a njeno kamenje pobacali po smetli\u0161tima. Rijaset Islamske zajednice u BiH 2013. godinu proglasio je godinom Alad\u017ea d\u017eamije.<\/p>\n<p>Na inicijativu muftijstva gora\u017edanskog i tada\u0161njeg muftije Hamed ef. Efendi\u0107a, Zajimovi\u0107 govori da se Vakufska direkcija IZ uklju\u010dila u iznala\u017eenje potrebnih sredstava za ponovnu izgradnju Alad\u017ea d\u017eamije a izgradnja je po\u010dela potpisivanjem protokola u martu 2014.godine, izme\u0111u Generalne direkcije vakufa Turske i Vakufske direkcije u BiH.<\/p>\n<p>\u2013 Osigurana su finansijska sredstva i to je jedan od zna\u010dajnijih datuma u poslovanju Vakufske direkcije jer je potpisivanjem Protokola zavr\u0161en proces oko osiguranja finansijskih sredstava za ponovnu izgradnju Alad\u017ee d\u017eamije \u2013 kazao je Zajimovi\u0107.<\/p>\n<p>Nakon toga, naveo je, pristupilo se sakupljanju ostataka Alad\u017ea d\u017eamije gdje god su evidentirani, bri\u017eljivo su sakupljali, numerisani i upisivani u krugu gradili\u0161ta kako bi sa\u010dekali vrijeme kada \u0107e isti biti ugra\u0111eni. Kamen za ponovnu izgradnju d\u017eamije je va\u0111en iz istih kamenoloma iz kojih je prvi put gra\u0111ena.<\/p>\n<p>\u2013 Morali smo napraviti put kako bi se do\u0161lo do nalazi\u0161ta sedre odakle su i Hasan Nazirovi mimari vadili sedru prilikom prve izgradnje Alad\u017ea d\u017eamije. Sve to nas nije omelo u na\u0161oj iskrenoj namjeri da Fo\u010di vratimo ono \u0161to ju je krasilo stotinama godina \u2013 naglasio je Zajimovi\u0107.<\/p>\n<p>Sve\u010danom ceremonijom polaganja kamena temeljca 30.maja 2014. godine zapo\u010deti su radovi na ponovnoj izgradnji Alad\u017ea d\u017eamije. Kamen temeljac postavili su Reisu-l-ulema IZ u BiH Husein ef. Kavazovi\u0107, tada\u0161nji \u010dlan Predsjedni\u0161tva BiH Bakir Izetbegovi\u0107, generalni direktor Generalne direkcije za vakufe Turske Adnan Ertem i Zajimovi\u0107.<\/p>\n<p>Od tada pa do danas, isti\u010de Zajimovi\u0107, svaki segment radova je posebno planiran sa stru\u010dnjacima, izvo\u0111a\u010dima i nadzornim organima, \u201cradovi su mo\u017eda tekli sporije jer je pro\u0161lo skoro pet godina ali je i moralo tako jer su specifi\u010dni radovi i pazilo se na svaki detalj\u201d.<\/p>\n<p>\u2013 Svaki ugra\u0111eni kamen je tretiran na poseban na\u010din . Nastojali smo da Alad\u017ea d\u017eamiji vratimo originalni, izvorni dio. Stru\u010dnjaci iz Generalne direkcije vakufa Turske su tako\u0111er dali nemjerljiv doprinos \u2013 navodi on.<\/p>\n<p>Unutar kompleksa izgra\u0111en je muzejski objekt, imamski stan, \u0161adrvan i turbe, a u sklopu vanjskog ure\u0111enja bit \u0107e izvr\u0161ena restauracija i sanacija postoje\u0107ih mezara koji se nalaze u kompleksu d\u017eamije.<\/p>\n<p>\u2013 Oslikavanje koje se ovih dana izvodi u punom kapacitetu tako\u0111er vra\u0107a izvorni izgled unutra\u0161njosti d\u017eamije. Prilikom oslikavanja Alad\u017ee d\u017eamije koriste se i zlatne sveske odnosno zlatni listovi ba\u0161 na isti na\u010din kako je izvorno bila oslikana Alad\u017ea d\u017eamija \u2013 nagla\u0161ava Zajimovi\u0107.<\/p>\n<p>Izrazio je zadovoljstvo \u0161to je Vakufska direkcija doprinijela ponovnoj izgradnji Alad\u017ea d\u017eamije, jednom od najva\u017enijih projekata ne samo Islamske zajednice ve\u0107 Bo\u0161njaka op\u0107enito.<\/p>\n<p>\u2013 Ponosni smo \u0161to smo u\u010destvovali u tim radovima i \u0161to smo zajedno s na\u0161im prijateljima iz Generalne direkcije vakufa Turske uspjeli o\u017eivjeti uspomenu na Hasana Nazira i izgraditi njegovu d\u017eamiju u originalnom i izvornom obliku. Alad\u017ea \u0107e ponovo krasiti Fo\u010du i privla\u010diti brojne ljubitelje osmanske kulture. Alad\u017ea d\u017eamija je simbol vi\u0161estoljetne egzistencije Bo\u0161njaka i ponovo je na svom mjestu gdje je nekad bila \u2013 naglasio je Zajimovi\u0107.<\/p>\n<p>Projekt ponovne izgradnje Alad\u017ea d\u017eamije uradila je firma Delta 3 Infinitet Mostar uz nadzor i kontrolu Amira Pa\u0161i\u0107a. Radove su izvodili firme \u201cSama insaat\u201d iz Burse, \u201cBi\u0161ina\u201diz Mostara i \u201cKara drvo\u201d iz Fojnice, a nadzor nad izvo\u0111enjem radova vr\u0161ila je firma Arhi plus iz Mostara.<\/p>\n<p>\u2013 Projekt ponovne gradnje d\u017eamije podr\u017eala je i Ambasada Sjedinjenih Ameri\u010dkih Dr\u017eava u BiH koja je osigurala finansijska sredstava za izradu projektne dokumentacije i za izradu mihraba, a kako je Zajimovi\u0107 kazao, \u201cna neki na\u010din oni su prvi donatori ponovne izgradnje Alad\u017ee d\u017eamije\u201d.<\/p>\n<p>Na sve\u010danosti otvorenja Alad\u017ea d\u017eamije 4.maja o\u010dekuje se veliki broj gostiju iz regije i svijeta, i veliki broj ljudi iz dijaspore, Fo\u010daka kojima je Alad\u017ea d\u017eamija bila u srcu.<\/p>\n<p><em>Izvor: akos.ba i FENA<\/em><\/p>\n<p><\/span><br \/>\nPogledajte vijest na izvornom sajtu:<\/p>\n<p><a href=\"http:\/\/islampress.net\/41602\/zajimovic-aladza-dzamija-4-maja-ce-ponovno-obasjati-focu\/\" target=\"_blank\">Zajimovi\u0107: Alad\u017ea d\u017eamija 4. maja \u0107e ponovno obasjati Fo\u010du<\/a><\/p>\n","protected":false},"excerpt":{"rendered":"<p>Radovi na ponovnoj izgradnji Alad\u017ee d\u017eamije ili \u0160arena d\u017eamija \u2013 d\u017eamija Hasana Nazira, privode se kraju. U toku su zavr\u0161ni radovi na oslikavanju unutra\u0161njosti d\u017eamije kao i radovi na vanjskom ure\u0111enju, a 4.maja se fo\u010danska ljepotica di\u017ee iz pepela, otvara svoje kapije za vjernike koji \u0107e, nakon dugo godina \u010de\u017enje i tuge, ponovno klanjati namaz. [&hellip;]<\/p>\n","protected":false},"author":83,"featured_media":216420,"comment_status":"open","ping_status":"open","sticky":false,"template":"","format":"standard","meta":{"footnotes":""},"categories":[10514],"tags":[10516],"class_list":{"0":"post-216418","1":"post","2":"type-post","3":"status-publish","4":"format-standard","5":"has-post-thumbnail","7":"category-islam-press","8":"tag-islam"},"yoast_head":"<!-- This site is optimized with the Yoast SEO Premium plugin v23.1 (Yoast SEO v24.9) - https:\/\/yoast.com\/wordpress\/plugins\/seo\/ -->\n<title>Zajimovi\u0107: Alad\u017ea d\u017eamija 4. maja \u0107e ponovno obasjati Fo\u010du<\/title>\n<meta name=\"robots\" content=\"index, follow, max-snippet:-1, max-image-preview:large, max-video-preview:-1\" \/>\n<link rel=\"canonical\" href=\"https:\/\/sandzakpress.net\/arhiva\/zajimovic-aladza-dzamija-4-maja-ce-ponovno-obasjati-focu\/\" \/>\n<meta property=\"og:locale\" content=\"bs_BA\" \/>\n<meta property=\"og:type\" content=\"article\" \/>\n<meta property=\"og:title\" content=\"Zajimovi\u0107: Alad\u017ea d\u017eamija 4. maja \u0107e ponovno obasjati Fo\u010du\" \/>\n<meta property=\"og:description\" content=\"Radovi na ponovnoj izgradnji Alad\u017ee d\u017eamije ili \u0160arena d\u017eamija \u2013 d\u017eamija Hasana Nazira, privode se kraju. U toku su zavr\u0161ni radovi na oslikavanju unutra\u0161njosti d\u017eamije kao i radovi na vanjskom ure\u0111enju, a 4.maja se fo\u010danska ljepotica di\u017ee iz pepela, otvara svoje kapije za vjernike koji \u0107e, nakon dugo godina \u010de\u017enje i tuge, ponovno klanjati namaz. [&hellip;]\" \/>\n<meta property=\"og:url\" content=\"https:\/\/sandzakpress.net\/arhiva\/zajimovic-aladza-dzamija-4-maja-ce-ponovno-obasjati-focu\/\" \/>\n<meta property=\"og:site_name\" content=\"Sand\u017eak PRESS\" \/>\n<meta property=\"article:published_time\" content=\"2019-02-12T14:08:21+00:00\" \/>\n<meta property=\"og:image\" content=\"https:\/\/sandzakpress.net\/arhiva\/wp-content\/uploads\/2019\/02\/senaid-zajimovi\u0107-alad\u017ea-e1549885760793-1.jpg\" \/>\n\t<meta property=\"og:image:width\" content=\"700\" \/>\n\t<meta property=\"og:image:height\" content=\"380\" \/>\n\t<meta property=\"og:image:type\" content=\"image\/jpeg\" \/>\n<meta name=\"author\" content=\"bosniak\" \/>\n<meta name=\"twitter:card\" content=\"summary_large_image\" \/>\n<meta name=\"twitter:label1\" content=\"Written by\" \/>\n\t<meta name=\"twitter:data1\" content=\"bosniak\" \/>\n\t<meta name=\"twitter:label2\" content=\"Est. reading time\" \/>\n\t<meta name=\"twitter:data2\" content=\"5 minuta\" \/>\n<script type=\"application\/ld+json\" class=\"yoast-schema-graph\">{\"@context\":\"https:\/\/schema.org\",\"@graph\":[{\"@type\":\"Article\",\"@id\":\"https:\/\/sandzakpress.net\/arhiva\/zajimovic-aladza-dzamija-4-maja-ce-ponovno-obasjati-focu\/#article\",\"isPartOf\":{\"@id\":\"https:\/\/sandzakpress.net\/arhiva\/zajimovic-aladza-dzamija-4-maja-ce-ponovno-obasjati-focu\/\"},\"author\":{\"name\":\"bosniak\",\"@id\":\"https:\/\/sandzakpress.net\/arhiva\/#\/schema\/person\/c8baee722073534b583ea7bdb2e36c02\"},\"headline\":\"Zajimovi\u0107: Alad\u017ea d\u017eamija 4. maja \u0107e ponovno obasjati Fo\u010du\",\"datePublished\":\"2019-02-12T14:08:21+00:00\",\"mainEntityOfPage\":{\"@id\":\"https:\/\/sandzakpress.net\/arhiva\/zajimovic-aladza-dzamija-4-maja-ce-ponovno-obasjati-focu\/\"},\"wordCount\":986,\"commentCount\":0,\"publisher\":{\"@id\":\"https:\/\/sandzakpress.net\/arhiva\/#\/schema\/person\/6e72b67d6e51910a1117b3b483ba20bd\"},\"image\":{\"@id\":\"https:\/\/sandzakpress.net\/arhiva\/zajimovic-aladza-dzamija-4-maja-ce-ponovno-obasjati-focu\/#primaryimage\"},\"thumbnailUrl\":\"https:\/\/sandzakpress.net\/arhiva\/wp-content\/uploads\/2019\/02\/senaid-zajimovi\u0107-alad\u017ea-e1549885760793-1.jpg\",\"keywords\":[\"Islam\"],\"articleSection\":[\"Islam PRESS\"],\"inLanguage\":\"bs-BA\",\"potentialAction\":[{\"@type\":\"CommentAction\",\"name\":\"Comment\",\"target\":[\"https:\/\/sandzakpress.net\/arhiva\/zajimovic-aladza-dzamija-4-maja-ce-ponovno-obasjati-focu\/#respond\"]}]},{\"@type\":\"WebPage\",\"@id\":\"https:\/\/sandzakpress.net\/arhiva\/zajimovic-aladza-dzamija-4-maja-ce-ponovno-obasjati-focu\/\",\"url\":\"https:\/\/sandzakpress.net\/arhiva\/zajimovic-aladza-dzamija-4-maja-ce-ponovno-obasjati-focu\/\",\"name\":\"Zajimovi\u0107: Alad\u017ea d\u017eamija 4. maja \u0107e ponovno obasjati Fo\u010du\",\"isPartOf\":{\"@id\":\"https:\/\/sandzakpress.net\/arhiva\/#website\"},\"primaryImageOfPage\":{\"@id\":\"https:\/\/sandzakpress.net\/arhiva\/zajimovic-aladza-dzamija-4-maja-ce-ponovno-obasjati-focu\/#primaryimage\"},\"image\":{\"@id\":\"https:\/\/sandzakpress.net\/arhiva\/zajimovic-aladza-dzamija-4-maja-ce-ponovno-obasjati-focu\/#primaryimage\"},\"thumbnailUrl\":\"https:\/\/sandzakpress.net\/arhiva\/wp-content\/uploads\/2019\/02\/senaid-zajimovi\u0107-alad\u017ea-e1549885760793-1.jpg\",\"datePublished\":\"2019-02-12T14:08:21+00:00\",\"breadcrumb\":{\"@id\":\"https:\/\/sandzakpress.net\/arhiva\/zajimovic-aladza-dzamija-4-maja-ce-ponovno-obasjati-focu\/#breadcrumb\"},\"inLanguage\":\"bs-BA\",\"potentialAction\":[{\"@type\":\"ReadAction\",\"target\":[\"https:\/\/sandzakpress.net\/arhiva\/zajimovic-aladza-dzamija-4-maja-ce-ponovno-obasjati-focu\/\"]}]},{\"@type\":\"ImageObject\",\"inLanguage\":\"bs-BA\",\"@id\":\"https:\/\/sandzakpress.net\/arhiva\/zajimovic-aladza-dzamija-4-maja-ce-ponovno-obasjati-focu\/#primaryimage\",\"url\":\"https:\/\/sandzakpress.net\/arhiva\/wp-content\/uploads\/2019\/02\/senaid-zajimovi\u0107-alad\u017ea-e1549885760793-1.jpg\",\"contentUrl\":\"https:\/\/sandzakpress.net\/arhiva\/wp-content\/uploads\/2019\/02\/senaid-zajimovi\u0107-alad\u017ea-e1549885760793-1.jpg\",\"width\":700,\"height\":380},{\"@type\":\"BreadcrumbList\",\"@id\":\"https:\/\/sandzakpress.net\/arhiva\/zajimovic-aladza-dzamija-4-maja-ce-ponovno-obasjati-focu\/#breadcrumb\",\"itemListElement\":[{\"@type\":\"ListItem\",\"position\":1,\"name\":\"Home\",\"item\":\"https:\/\/sandzakpress.net\/arhiva\/\"},{\"@type\":\"ListItem\",\"position\":2,\"name\":\"Zajimovi\u0107: Alad\u017ea d\u017eamija 4. maja \u0107e ponovno obasjati Fo\u010du\"}]},{\"@type\":\"WebSite\",\"@id\":\"https:\/\/sandzakpress.net\/arhiva\/#website\",\"url\":\"https:\/\/sandzakpress.net\/arhiva\/\",\"name\":\"Sand\u017eak PRESS\",\"description\":\"Prve elektronske novine u Sand\u017eaku\",\"publisher\":{\"@id\":\"https:\/\/sandzakpress.net\/arhiva\/#\/schema\/person\/6e72b67d6e51910a1117b3b483ba20bd\"},\"potentialAction\":[{\"@type\":\"SearchAction\",\"target\":{\"@type\":\"EntryPoint\",\"urlTemplate\":\"https:\/\/sandzakpress.net\/arhiva\/?s={search_term_string}\"},\"query-input\":{\"@type\":\"PropertyValueSpecification\",\"valueRequired\":true,\"valueName\":\"search_term_string\"}}],\"inLanguage\":\"bs-BA\"},{\"@type\":[\"Person\",\"Organization\"],\"@id\":\"https:\/\/sandzakpress.net\/arhiva\/#\/schema\/person\/6e72b67d6e51910a1117b3b483ba20bd\",\"name\":\"Kul\",\"image\":{\"@type\":\"ImageObject\",\"inLanguage\":\"bs-BA\",\"@id\":\"https:\/\/sandzakpress.net\/arhiva\/#\/schema\/person\/image\/\",\"url\":\"https:\/\/secure.gravatar.com\/avatar\/42263f39aa27ac04c43cab85c280eb2e?s=96&d=mm&r=pg\",\"contentUrl\":\"https:\/\/secure.gravatar.com\/avatar\/42263f39aa27ac04c43cab85c280eb2e?s=96&d=mm&r=pg\",\"caption\":\"Kul\"},\"logo\":{\"@id\":\"https:\/\/sandzakpress.net\/arhiva\/#\/schema\/person\/image\/\"}},{\"@type\":\"Person\",\"@id\":\"https:\/\/sandzakpress.net\/arhiva\/#\/schema\/person\/c8baee722073534b583ea7bdb2e36c02\",\"name\":\"bosniak\",\"image\":{\"@type\":\"ImageObject\",\"inLanguage\":\"bs-BA\",\"@id\":\"https:\/\/sandzakpress.net\/arhiva\/#\/schema\/person\/image\/\",\"url\":\"https:\/\/secure.gravatar.com\/avatar\/a04fd330bfe3a36a72a0ad4a6d89fca7?s=96&d=mm&r=pg\",\"contentUrl\":\"https:\/\/secure.gravatar.com\/avatar\/a04fd330bfe3a36a72a0ad4a6d89fca7?s=96&d=mm&r=pg\",\"caption\":\"bosniak\"},\"url\":\"https:\/\/sandzakpress.net\/arhiva\/author\/bosniak\/\"}]}<\/script>\n<!-- \/ Yoast SEO Premium plugin. -->","yoast_head_json":{"title":"Zajimovi\u0107: Alad\u017ea d\u017eamija 4. maja \u0107e ponovno obasjati Fo\u010du","robots":{"index":"index","follow":"follow","max-snippet":"max-snippet:-1","max-image-preview":"max-image-preview:large","max-video-preview":"max-video-preview:-1"},"canonical":"https:\/\/sandzakpress.net\/arhiva\/zajimovic-aladza-dzamija-4-maja-ce-ponovno-obasjati-focu\/","og_locale":"bs_BA","og_type":"article","og_title":"Zajimovi\u0107: Alad\u017ea d\u017eamija 4. maja \u0107e ponovno obasjati Fo\u010du","og_description":"Radovi na ponovnoj izgradnji Alad\u017ee d\u017eamije ili \u0160arena d\u017eamija \u2013 d\u017eamija Hasana Nazira, privode se kraju. U toku su zavr\u0161ni radovi na oslikavanju unutra\u0161njosti d\u017eamije kao i radovi na vanjskom ure\u0111enju, a 4.maja se fo\u010danska ljepotica di\u017ee iz pepela, otvara svoje kapije za vjernike koji \u0107e, nakon dugo godina \u010de\u017enje i tuge, ponovno klanjati namaz. [&hellip;]","og_url":"https:\/\/sandzakpress.net\/arhiva\/zajimovic-aladza-dzamija-4-maja-ce-ponovno-obasjati-focu\/","og_site_name":"Sand\u017eak PRESS","article_published_time":"2019-02-12T14:08:21+00:00","og_image":[{"width":700,"height":380,"url":"https:\/\/sandzakpress.net\/arhiva\/wp-content\/uploads\/2019\/02\/senaid-zajimovi\u0107-alad\u017ea-e1549885760793-1.jpg","type":"image\/jpeg"}],"author":"bosniak","twitter_card":"summary_large_image","twitter_misc":{"Written by":"bosniak","Est. reading time":"5 minuta"},"schema":{"@context":"https:\/\/schema.org","@graph":[{"@type":"Article","@id":"https:\/\/sandzakpress.net\/arhiva\/zajimovic-aladza-dzamija-4-maja-ce-ponovno-obasjati-focu\/#article","isPartOf":{"@id":"https:\/\/sandzakpress.net\/arhiva\/zajimovic-aladza-dzamija-4-maja-ce-ponovno-obasjati-focu\/"},"author":{"name":"bosniak","@id":"https:\/\/sandzakpress.net\/arhiva\/#\/schema\/person\/c8baee722073534b583ea7bdb2e36c02"},"headline":"Zajimovi\u0107: Alad\u017ea d\u017eamija 4. maja \u0107e ponovno obasjati Fo\u010du","datePublished":"2019-02-12T14:08:21+00:00","mainEntityOfPage":{"@id":"https:\/\/sandzakpress.net\/arhiva\/zajimovic-aladza-dzamija-4-maja-ce-ponovno-obasjati-focu\/"},"wordCount":986,"commentCount":0,"publisher":{"@id":"https:\/\/sandzakpress.net\/arhiva\/#\/schema\/person\/6e72b67d6e51910a1117b3b483ba20bd"},"image":{"@id":"https:\/\/sandzakpress.net\/arhiva\/zajimovic-aladza-dzamija-4-maja-ce-ponovno-obasjati-focu\/#primaryimage"},"thumbnailUrl":"https:\/\/sandzakpress.net\/arhiva\/wp-content\/uploads\/2019\/02\/senaid-zajimovi\u0107-alad\u017ea-e1549885760793-1.jpg","keywords":["Islam"],"articleSection":["Islam PRESS"],"inLanguage":"bs-BA","potentialAction":[{"@type":"CommentAction","name":"Comment","target":["https:\/\/sandzakpress.net\/arhiva\/zajimovic-aladza-dzamija-4-maja-ce-ponovno-obasjati-focu\/#respond"]}]},{"@type":"WebPage","@id":"https:\/\/sandzakpress.net\/arhiva\/zajimovic-aladza-dzamija-4-maja-ce-ponovno-obasjati-focu\/","url":"https:\/\/sandzakpress.net\/arhiva\/zajimovic-aladza-dzamija-4-maja-ce-ponovno-obasjati-focu\/","name":"Zajimovi\u0107: Alad\u017ea d\u017eamija 4. maja \u0107e ponovno obasjati Fo\u010du","isPartOf":{"@id":"https:\/\/sandzakpress.net\/arhiva\/#website"},"primaryImageOfPage":{"@id":"https:\/\/sandzakpress.net\/arhiva\/zajimovic-aladza-dzamija-4-maja-ce-ponovno-obasjati-focu\/#primaryimage"},"image":{"@id":"https:\/\/sandzakpress.net\/arhiva\/zajimovic-aladza-dzamija-4-maja-ce-ponovno-obasjati-focu\/#primaryimage"},"thumbnailUrl":"https:\/\/sandzakpress.net\/arhiva\/wp-content\/uploads\/2019\/02\/senaid-zajimovi\u0107-alad\u017ea-e1549885760793-1.jpg","datePublished":"2019-02-12T14:08:21+00:00","breadcrumb":{"@id":"https:\/\/sandzakpress.net\/arhiva\/zajimovic-aladza-dzamija-4-maja-ce-ponovno-obasjati-focu\/#breadcrumb"},"inLanguage":"bs-BA","potentialAction":[{"@type":"ReadAction","target":["https:\/\/sandzakpress.net\/arhiva\/zajimovic-aladza-dzamija-4-maja-ce-ponovno-obasjati-focu\/"]}]},{"@type":"ImageObject","inLanguage":"bs-BA","@id":"https:\/\/sandzakpress.net\/arhiva\/zajimovic-aladza-dzamija-4-maja-ce-ponovno-obasjati-focu\/#primaryimage","url":"https:\/\/sandzakpress.net\/arhiva\/wp-content\/uploads\/2019\/02\/senaid-zajimovi\u0107-alad\u017ea-e1549885760793-1.jpg","contentUrl":"https:\/\/sandzakpress.net\/arhiva\/wp-content\/uploads\/2019\/02\/senaid-zajimovi\u0107-alad\u017ea-e1549885760793-1.jpg","width":700,"height":380},{"@type":"BreadcrumbList","@id":"https:\/\/sandzakpress.net\/arhiva\/zajimovic-aladza-dzamija-4-maja-ce-ponovno-obasjati-focu\/#breadcrumb","itemListElement":[{"@type":"ListItem","position":1,"name":"Home","item":"https:\/\/sandzakpress.net\/arhiva\/"},{"@type":"ListItem","position":2,"name":"Zajimovi\u0107: Alad\u017ea d\u017eamija 4. maja \u0107e ponovno obasjati Fo\u010du"}]},{"@type":"WebSite","@id":"https:\/\/sandzakpress.net\/arhiva\/#website","url":"https:\/\/sandzakpress.net\/arhiva\/","name":"Sand\u017eak PRESS","description":"Prve elektronske novine u Sand\u017eaku","publisher":{"@id":"https:\/\/sandzakpress.net\/arhiva\/#\/schema\/person\/6e72b67d6e51910a1117b3b483ba20bd"},"potentialAction":[{"@type":"SearchAction","target":{"@type":"EntryPoint","urlTemplate":"https:\/\/sandzakpress.net\/arhiva\/?s={search_term_string}"},"query-input":{"@type":"PropertyValueSpecification","valueRequired":true,"valueName":"search_term_string"}}],"inLanguage":"bs-BA"},{"@type":["Person","Organization"],"@id":"https:\/\/sandzakpress.net\/arhiva\/#\/schema\/person\/6e72b67d6e51910a1117b3b483ba20bd","name":"Kul","image":{"@type":"ImageObject","inLanguage":"bs-BA","@id":"https:\/\/sandzakpress.net\/arhiva\/#\/schema\/person\/image\/","url":"https:\/\/secure.gravatar.com\/avatar\/42263f39aa27ac04c43cab85c280eb2e?s=96&d=mm&r=pg","contentUrl":"https:\/\/secure.gravatar.com\/avatar\/42263f39aa27ac04c43cab85c280eb2e?s=96&d=mm&r=pg","caption":"Kul"},"logo":{"@id":"https:\/\/sandzakpress.net\/arhiva\/#\/schema\/person\/image\/"}},{"@type":"Person","@id":"https:\/\/sandzakpress.net\/arhiva\/#\/schema\/person\/c8baee722073534b583ea7bdb2e36c02","name":"bosniak","image":{"@type":"ImageObject","inLanguage":"bs-BA","@id":"https:\/\/sandzakpress.net\/arhiva\/#\/schema\/person\/image\/","url":"https:\/\/secure.gravatar.com\/avatar\/a04fd330bfe3a36a72a0ad4a6d89fca7?s=96&d=mm&r=pg","contentUrl":"https:\/\/secure.gravatar.com\/avatar\/a04fd330bfe3a36a72a0ad4a6d89fca7?s=96&d=mm&r=pg","caption":"bosniak"},"url":"https:\/\/sandzakpress.net\/arhiva\/author\/bosniak\/"}]}},"_links":{"self":[{"href":"https:\/\/sandzakpress.net\/arhiva\/wp-json\/wp\/v2\/posts\/216418"}],"collection":[{"href":"https:\/\/sandzakpress.net\/arhiva\/wp-json\/wp\/v2\/posts"}],"about":[{"href":"https:\/\/sandzakpress.net\/arhiva\/wp-json\/wp\/v2\/types\/post"}],"author":[{"embeddable":true,"href":"https:\/\/sandzakpress.net\/arhiva\/wp-json\/wp\/v2\/users\/83"}],"replies":[{"embeddable":true,"href":"https:\/\/sandzakpress.net\/arhiva\/wp-json\/wp\/v2\/comments?post=216418"}],"version-history":[{"count":0,"href":"https:\/\/sandzakpress.net\/arhiva\/wp-json\/wp\/v2\/posts\/216418\/revisions"}],"wp:featuredmedia":[{"embeddable":true,"href":"https:\/\/sandzakpress.net\/arhiva\/wp-json\/wp\/v2\/media\/216420"}],"wp:attachment":[{"href":"https:\/\/sandzakpress.net\/arhiva\/wp-json\/wp\/v2\/media?parent=216418"}],"wp:term":[{"taxonomy":"category","embeddable":true,"href":"https:\/\/sandzakpress.net\/arhiva\/wp-json\/wp\/v2\/categories?post=216418"},{"taxonomy":"post_tag","embeddable":true,"href":"https:\/\/sandzakpress.net\/arhiva\/wp-json\/wp\/v2\/tags?post=216418"}],"curies":[{"name":"wp","href":"https:\/\/api.w.org\/{rel}","templated":true}]}}