{"id":2164,"date":"2010-02-13T14:56:58","date_gmt":"2010-02-13T13:56:58","guid":{"rendered":"https:\/\/sandzakpress.net\/arhiva\/?p=2164"},"modified":"2010-02-13T14:56:58","modified_gmt":"2010-02-13T13:56:58","slug":"istok-kube-pogodio-zemljotres","status":"publish","type":"post","link":"https:\/\/sandzakpress.net\/arhiva\/istok-kube-pogodio-zemljotres\/","title":{"rendered":"Istok Kube pogodio zemljotres"},"content":{"rendered":"<p><strong><a href=\"https:\/\/sandzakpress.net\/arhiva\/wp-content\/uploads\/2010\/02\/road-cc-nav-a.jpg\"><img loading=\"lazy\" decoding=\"async\" class=\"alignleft size-medium wp-image-2165\" title=\"road-cc-nav-a\" src=\"https:\/\/sandzakpress.net\/arhiva\/wp-content\/uploads\/2010\/02\/road-cc-nav-a-300x185.jpg\" alt=\"\" width=\"300\" height=\"185\" \/><\/a>Kuba &#8211; Zemljotres ja\u010dine 5,4 stepena po Rihteru pogodio je isto\u010dni dio Kube, ali za sada nema izvje\u0161taja o eventualnim \u017ertvama ili materijalnoj \u0161teti.<\/p>\n<p><\/strong>Epicentar zemljotresa nalazio se na oko 95 kilometara jugoisto\u010dno od grada Gvantanama, gdje SAD imaju vojnu bazu, prenio je Rojters. Epicentar potresa nalazio se na dubini od oko deset kilometara ispod zemljine povr\u0161ine, saop\u0161tila je Ameri\u010dka agencija za geolo\u0161ka istra\u017eivanja.<\/p>\n<p>Oblast koju je pogodio zemljotres udaljena je oko 260 kilometara od prijestolnice Haitija, Port-O-Prensa, gdje je 12. januara u potresu ja\u010dine sedam stepeni Rihterove skale \u017eivot izgubilo vi\u0161e od 200.000 ljudi.<\/p>\n<p>Izvor: <strong>B92.net<\/strong><\/p>\n","protected":false},"excerpt":{"rendered":"<p>Kuba &#8211; Zemljotres ja\u010dine 5,4 stepena po Rihteru pogodio je isto\u010dni dio Kube, ali za sada nema izvje\u0161taja o eventualnim \u017ertvama ili materijalnoj \u0161teti. Epicentar zemljotresa nalazio se na oko 95 kilometara jugoisto\u010dno od grada Gvantanama, gdje SAD imaju vojnu bazu, prenio je Rojters. Epicentar potresa nalazio se na dubini od oko deset kilometara ispod [&hellip;]<\/p>\n","protected":false},"author":83,"featured_media":2165,"comment_status":"open","ping_status":"open","sticky":false,"template":"","format":"standard","meta":{"footnotes":""},"categories":[9],"tags":[],"class_list":{"0":"post-2164","1":"post","2":"type-post","3":"status-publish","4":"format-standard","5":"has-post-thumbnail","7":"category-svijet"},"yoast_head":"<!-- This site is optimized with the Yoast SEO Premium plugin v23.1 (Yoast SEO v24.9) - https:\/\/yoast.com\/wordpress\/plugins\/seo\/ -->\n<title>Istok Kube pogodio zemljotres<\/title>\n<meta name=\"robots\" content=\"index, follow, max-snippet:-1, max-image-preview:large, max-video-preview:-1\" \/>\n<link rel=\"canonical\" href=\"https:\/\/sandzakpress.net\/arhiva\/istok-kube-pogodio-zemljotres\/\" \/>\n<meta property=\"og:locale\" content=\"bs_BA\" \/>\n<meta property=\"og:type\" content=\"article\" \/>\n<meta property=\"og:title\" content=\"Istok Kube pogodio zemljotres\" \/>\n<meta property=\"og:description\" content=\"Kuba &#8211; Zemljotres ja\u010dine 5,4 stepena po Rihteru pogodio je isto\u010dni dio Kube, ali za sada nema izvje\u0161taja o eventualnim \u017ertvama ili materijalnoj \u0161teti. Epicentar zemljotresa nalazio se na oko 95 kilometara jugoisto\u010dno od grada Gvantanama, gdje SAD imaju vojnu bazu, prenio je Rojters. Epicentar potresa nalazio se na dubini od oko deset kilometara ispod [&hellip;]\" \/>\n<meta property=\"og:url\" content=\"https:\/\/sandzakpress.net\/arhiva\/istok-kube-pogodio-zemljotres\/\" \/>\n<meta property=\"og:site_name\" content=\"Sand\u017eak PRESS\" \/>\n<meta property=\"article:published_time\" content=\"2010-02-13T13:56:58+00:00\" \/>\n<meta property=\"og:image\" content=\"https:\/\/sandzakpress.net\/arhiva\/wp-content\/uploads\/2010\/02\/road-cc-nav-a.jpg\" \/>\n\t<meta property=\"og:image:width\" content=\"616\" \/>\n\t<meta property=\"og:image:height\" content=\"380\" \/>\n\t<meta property=\"og:image:type\" content=\"image\/jpeg\" \/>\n<meta name=\"author\" content=\"bosniak\" \/>\n<meta name=\"twitter:card\" content=\"summary_large_image\" \/>\n<meta name=\"twitter:label1\" content=\"Written by\" \/>\n\t<meta name=\"twitter:data1\" content=\"bosniak\" \/>\n\t<meta name=\"twitter:label2\" content=\"Est. reading time\" \/>\n\t<meta name=\"twitter:data2\" content=\"1 minuta\" \/>\n<script type=\"application\/ld+json\" class=\"yoast-schema-graph\">{\"@context\":\"https:\/\/schema.org\",\"@graph\":[{\"@type\":\"Article\",\"@id\":\"https:\/\/sandzakpress.net\/arhiva\/istok-kube-pogodio-zemljotres\/#article\",\"isPartOf\":{\"@id\":\"https:\/\/sandzakpress.net\/arhiva\/istok-kube-pogodio-zemljotres\/\"},\"author\":{\"name\":\"bosniak\",\"@id\":\"https:\/\/sandzakpress.net\/arhiva\/#\/schema\/person\/c8baee722073534b583ea7bdb2e36c02\"},\"headline\":\"Istok Kube pogodio zemljotres\",\"datePublished\":\"2010-02-13T13:56:58+00:00\",\"mainEntityOfPage\":{\"@id\":\"https:\/\/sandzakpress.net\/arhiva\/istok-kube-pogodio-zemljotres\/\"},\"wordCount\":108,\"commentCount\":0,\"publisher\":{\"@id\":\"https:\/\/sandzakpress.net\/arhiva\/#\/schema\/person\/6e72b67d6e51910a1117b3b483ba20bd\"},\"image\":{\"@id\":\"https:\/\/sandzakpress.net\/arhiva\/istok-kube-pogodio-zemljotres\/#primaryimage\"},\"thumbnailUrl\":\"https:\/\/sandzakpress.net\/arhiva\/wp-content\/uploads\/2010\/02\/road-cc-nav-a.jpg\",\"articleSection\":[\"Svijet\"],\"inLanguage\":\"bs-BA\",\"potentialAction\":[{\"@type\":\"CommentAction\",\"name\":\"Comment\",\"target\":[\"https:\/\/sandzakpress.net\/arhiva\/istok-kube-pogodio-zemljotres\/#respond\"]}]},{\"@type\":\"WebPage\",\"@id\":\"https:\/\/sandzakpress.net\/arhiva\/istok-kube-pogodio-zemljotres\/\",\"url\":\"https:\/\/sandzakpress.net\/arhiva\/istok-kube-pogodio-zemljotres\/\",\"name\":\"Istok Kube pogodio zemljotres\",\"isPartOf\":{\"@id\":\"https:\/\/sandzakpress.net\/arhiva\/#website\"},\"primaryImageOfPage\":{\"@id\":\"https:\/\/sandzakpress.net\/arhiva\/istok-kube-pogodio-zemljotres\/#primaryimage\"},\"image\":{\"@id\":\"https:\/\/sandzakpress.net\/arhiva\/istok-kube-pogodio-zemljotres\/#primaryimage\"},\"thumbnailUrl\":\"https:\/\/sandzakpress.net\/arhiva\/wp-content\/uploads\/2010\/02\/road-cc-nav-a.jpg\",\"datePublished\":\"2010-02-13T13:56:58+00:00\",\"breadcrumb\":{\"@id\":\"https:\/\/sandzakpress.net\/arhiva\/istok-kube-pogodio-zemljotres\/#breadcrumb\"},\"inLanguage\":\"bs-BA\",\"potentialAction\":[{\"@type\":\"ReadAction\",\"target\":[\"https:\/\/sandzakpress.net\/arhiva\/istok-kube-pogodio-zemljotres\/\"]}]},{\"@type\":\"ImageObject\",\"inLanguage\":\"bs-BA\",\"@id\":\"https:\/\/sandzakpress.net\/arhiva\/istok-kube-pogodio-zemljotres\/#primaryimage\",\"url\":\"https:\/\/sandzakpress.net\/arhiva\/wp-content\/uploads\/2010\/02\/road-cc-nav-a.jpg\",\"contentUrl\":\"https:\/\/sandzakpress.net\/arhiva\/wp-content\/uploads\/2010\/02\/road-cc-nav-a.jpg\",\"width\":616,\"height\":380},{\"@type\":\"BreadcrumbList\",\"@id\":\"https:\/\/sandzakpress.net\/arhiva\/istok-kube-pogodio-zemljotres\/#breadcrumb\",\"itemListElement\":[{\"@type\":\"ListItem\",\"position\":1,\"name\":\"Home\",\"item\":\"https:\/\/sandzakpress.net\/arhiva\/\"},{\"@type\":\"ListItem\",\"position\":2,\"name\":\"Istok Kube pogodio zemljotres\"}]},{\"@type\":\"WebSite\",\"@id\":\"https:\/\/sandzakpress.net\/arhiva\/#website\",\"url\":\"https:\/\/sandzakpress.net\/arhiva\/\",\"name\":\"Sand\u017eak PRESS\",\"description\":\"Prve elektronske novine u Sand\u017eaku\",\"publisher\":{\"@id\":\"https:\/\/sandzakpress.net\/arhiva\/#\/schema\/person\/6e72b67d6e51910a1117b3b483ba20bd\"},\"potentialAction\":[{\"@type\":\"SearchAction\",\"target\":{\"@type\":\"EntryPoint\",\"urlTemplate\":\"https:\/\/sandzakpress.net\/arhiva\/?s={search_term_string}\"},\"query-input\":{\"@type\":\"PropertyValueSpecification\",\"valueRequired\":true,\"valueName\":\"search_term_string\"}}],\"inLanguage\":\"bs-BA\"},{\"@type\":[\"Person\",\"Organization\"],\"@id\":\"https:\/\/sandzakpress.net\/arhiva\/#\/schema\/person\/6e72b67d6e51910a1117b3b483ba20bd\",\"name\":\"Kul\",\"image\":{\"@type\":\"ImageObject\",\"inLanguage\":\"bs-BA\",\"@id\":\"https:\/\/sandzakpress.net\/arhiva\/#\/schema\/person\/image\/\",\"url\":\"https:\/\/secure.gravatar.com\/avatar\/42263f39aa27ac04c43cab85c280eb2e?s=96&d=mm&r=pg\",\"contentUrl\":\"https:\/\/secure.gravatar.com\/avatar\/42263f39aa27ac04c43cab85c280eb2e?s=96&d=mm&r=pg\",\"caption\":\"Kul\"},\"logo\":{\"@id\":\"https:\/\/sandzakpress.net\/arhiva\/#\/schema\/person\/image\/\"}},{\"@type\":\"Person\",\"@id\":\"https:\/\/sandzakpress.net\/arhiva\/#\/schema\/person\/c8baee722073534b583ea7bdb2e36c02\",\"name\":\"bosniak\",\"image\":{\"@type\":\"ImageObject\",\"inLanguage\":\"bs-BA\",\"@id\":\"https:\/\/sandzakpress.net\/arhiva\/#\/schema\/person\/image\/\",\"url\":\"https:\/\/secure.gravatar.com\/avatar\/a04fd330bfe3a36a72a0ad4a6d89fca7?s=96&d=mm&r=pg\",\"contentUrl\":\"https:\/\/secure.gravatar.com\/avatar\/a04fd330bfe3a36a72a0ad4a6d89fca7?s=96&d=mm&r=pg\",\"caption\":\"bosniak\"},\"url\":\"https:\/\/sandzakpress.net\/arhiva\/author\/bosniak\/\"}]}<\/script>\n<!-- \/ Yoast SEO Premium plugin. -->","yoast_head_json":{"title":"Istok Kube pogodio zemljotres","robots":{"index":"index","follow":"follow","max-snippet":"max-snippet:-1","max-image-preview":"max-image-preview:large","max-video-preview":"max-video-preview:-1"},"canonical":"https:\/\/sandzakpress.net\/arhiva\/istok-kube-pogodio-zemljotres\/","og_locale":"bs_BA","og_type":"article","og_title":"Istok Kube pogodio zemljotres","og_description":"Kuba &#8211; Zemljotres ja\u010dine 5,4 stepena po Rihteru pogodio je isto\u010dni dio Kube, ali za sada nema izvje\u0161taja o eventualnim \u017ertvama ili materijalnoj \u0161teti. Epicentar zemljotresa nalazio se na oko 95 kilometara jugoisto\u010dno od grada Gvantanama, gdje SAD imaju vojnu bazu, prenio je Rojters. Epicentar potresa nalazio se na dubini od oko deset kilometara ispod [&hellip;]","og_url":"https:\/\/sandzakpress.net\/arhiva\/istok-kube-pogodio-zemljotres\/","og_site_name":"Sand\u017eak PRESS","article_published_time":"2010-02-13T13:56:58+00:00","og_image":[{"width":616,"height":380,"url":"https:\/\/sandzakpress.net\/arhiva\/wp-content\/uploads\/2010\/02\/road-cc-nav-a.jpg","type":"image\/jpeg"}],"author":"bosniak","twitter_card":"summary_large_image","twitter_misc":{"Written by":"bosniak","Est. reading time":"1 minuta"},"schema":{"@context":"https:\/\/schema.org","@graph":[{"@type":"Article","@id":"https:\/\/sandzakpress.net\/arhiva\/istok-kube-pogodio-zemljotres\/#article","isPartOf":{"@id":"https:\/\/sandzakpress.net\/arhiva\/istok-kube-pogodio-zemljotres\/"},"author":{"name":"bosniak","@id":"https:\/\/sandzakpress.net\/arhiva\/#\/schema\/person\/c8baee722073534b583ea7bdb2e36c02"},"headline":"Istok Kube pogodio zemljotres","datePublished":"2010-02-13T13:56:58+00:00","mainEntityOfPage":{"@id":"https:\/\/sandzakpress.net\/arhiva\/istok-kube-pogodio-zemljotres\/"},"wordCount":108,"commentCount":0,"publisher":{"@id":"https:\/\/sandzakpress.net\/arhiva\/#\/schema\/person\/6e72b67d6e51910a1117b3b483ba20bd"},"image":{"@id":"https:\/\/sandzakpress.net\/arhiva\/istok-kube-pogodio-zemljotres\/#primaryimage"},"thumbnailUrl":"https:\/\/sandzakpress.net\/arhiva\/wp-content\/uploads\/2010\/02\/road-cc-nav-a.jpg","articleSection":["Svijet"],"inLanguage":"bs-BA","potentialAction":[{"@type":"CommentAction","name":"Comment","target":["https:\/\/sandzakpress.net\/arhiva\/istok-kube-pogodio-zemljotres\/#respond"]}]},{"@type":"WebPage","@id":"https:\/\/sandzakpress.net\/arhiva\/istok-kube-pogodio-zemljotres\/","url":"https:\/\/sandzakpress.net\/arhiva\/istok-kube-pogodio-zemljotres\/","name":"Istok Kube pogodio zemljotres","isPartOf":{"@id":"https:\/\/sandzakpress.net\/arhiva\/#website"},"primaryImageOfPage":{"@id":"https:\/\/sandzakpress.net\/arhiva\/istok-kube-pogodio-zemljotres\/#primaryimage"},"image":{"@id":"https:\/\/sandzakpress.net\/arhiva\/istok-kube-pogodio-zemljotres\/#primaryimage"},"thumbnailUrl":"https:\/\/sandzakpress.net\/arhiva\/wp-content\/uploads\/2010\/02\/road-cc-nav-a.jpg","datePublished":"2010-02-13T13:56:58+00:00","breadcrumb":{"@id":"https:\/\/sandzakpress.net\/arhiva\/istok-kube-pogodio-zemljotres\/#breadcrumb"},"inLanguage":"bs-BA","potentialAction":[{"@type":"ReadAction","target":["https:\/\/sandzakpress.net\/arhiva\/istok-kube-pogodio-zemljotres\/"]}]},{"@type":"ImageObject","inLanguage":"bs-BA","@id":"https:\/\/sandzakpress.net\/arhiva\/istok-kube-pogodio-zemljotres\/#primaryimage","url":"https:\/\/sandzakpress.net\/arhiva\/wp-content\/uploads\/2010\/02\/road-cc-nav-a.jpg","contentUrl":"https:\/\/sandzakpress.net\/arhiva\/wp-content\/uploads\/2010\/02\/road-cc-nav-a.jpg","width":616,"height":380},{"@type":"BreadcrumbList","@id":"https:\/\/sandzakpress.net\/arhiva\/istok-kube-pogodio-zemljotres\/#breadcrumb","itemListElement":[{"@type":"ListItem","position":1,"name":"Home","item":"https:\/\/sandzakpress.net\/arhiva\/"},{"@type":"ListItem","position":2,"name":"Istok Kube pogodio zemljotres"}]},{"@type":"WebSite","@id":"https:\/\/sandzakpress.net\/arhiva\/#website","url":"https:\/\/sandzakpress.net\/arhiva\/","name":"Sand\u017eak PRESS","description":"Prve elektronske novine u Sand\u017eaku","publisher":{"@id":"https:\/\/sandzakpress.net\/arhiva\/#\/schema\/person\/6e72b67d6e51910a1117b3b483ba20bd"},"potentialAction":[{"@type":"SearchAction","target":{"@type":"EntryPoint","urlTemplate":"https:\/\/sandzakpress.net\/arhiva\/?s={search_term_string}"},"query-input":{"@type":"PropertyValueSpecification","valueRequired":true,"valueName":"search_term_string"}}],"inLanguage":"bs-BA"},{"@type":["Person","Organization"],"@id":"https:\/\/sandzakpress.net\/arhiva\/#\/schema\/person\/6e72b67d6e51910a1117b3b483ba20bd","name":"Kul","image":{"@type":"ImageObject","inLanguage":"bs-BA","@id":"https:\/\/sandzakpress.net\/arhiva\/#\/schema\/person\/image\/","url":"https:\/\/secure.gravatar.com\/avatar\/42263f39aa27ac04c43cab85c280eb2e?s=96&d=mm&r=pg","contentUrl":"https:\/\/secure.gravatar.com\/avatar\/42263f39aa27ac04c43cab85c280eb2e?s=96&d=mm&r=pg","caption":"Kul"},"logo":{"@id":"https:\/\/sandzakpress.net\/arhiva\/#\/schema\/person\/image\/"}},{"@type":"Person","@id":"https:\/\/sandzakpress.net\/arhiva\/#\/schema\/person\/c8baee722073534b583ea7bdb2e36c02","name":"bosniak","image":{"@type":"ImageObject","inLanguage":"bs-BA","@id":"https:\/\/sandzakpress.net\/arhiva\/#\/schema\/person\/image\/","url":"https:\/\/secure.gravatar.com\/avatar\/a04fd330bfe3a36a72a0ad4a6d89fca7?s=96&d=mm&r=pg","contentUrl":"https:\/\/secure.gravatar.com\/avatar\/a04fd330bfe3a36a72a0ad4a6d89fca7?s=96&d=mm&r=pg","caption":"bosniak"},"url":"https:\/\/sandzakpress.net\/arhiva\/author\/bosniak\/"}]}},"_links":{"self":[{"href":"https:\/\/sandzakpress.net\/arhiva\/wp-json\/wp\/v2\/posts\/2164"}],"collection":[{"href":"https:\/\/sandzakpress.net\/arhiva\/wp-json\/wp\/v2\/posts"}],"about":[{"href":"https:\/\/sandzakpress.net\/arhiva\/wp-json\/wp\/v2\/types\/post"}],"author":[{"embeddable":true,"href":"https:\/\/sandzakpress.net\/arhiva\/wp-json\/wp\/v2\/users\/83"}],"replies":[{"embeddable":true,"href":"https:\/\/sandzakpress.net\/arhiva\/wp-json\/wp\/v2\/comments?post=2164"}],"version-history":[{"count":0,"href":"https:\/\/sandzakpress.net\/arhiva\/wp-json\/wp\/v2\/posts\/2164\/revisions"}],"wp:featuredmedia":[{"embeddable":true,"href":"https:\/\/sandzakpress.net\/arhiva\/wp-json\/wp\/v2\/media\/2165"}],"wp:attachment":[{"href":"https:\/\/sandzakpress.net\/arhiva\/wp-json\/wp\/v2\/media?parent=2164"}],"wp:term":[{"taxonomy":"category","embeddable":true,"href":"https:\/\/sandzakpress.net\/arhiva\/wp-json\/wp\/v2\/categories?post=2164"},{"taxonomy":"post_tag","embeddable":true,"href":"https:\/\/sandzakpress.net\/arhiva\/wp-json\/wp\/v2\/tags?post=2164"}],"curies":[{"name":"wp","href":"https:\/\/api.w.org\/{rel}","templated":true}]}}