{"id":216225,"date":"2019-02-11T12:26:33","date_gmt":"2019-02-11T11:26:33","guid":{"rendered":"https:\/\/sandzakpress.net\/arhiva\/?p=216225"},"modified":"2019-02-11T12:26:33","modified_gmt":"2019-02-11T11:26:33","slug":"nurkovic-prvom-dionicom-autoputa-kroz-crnu-goru-za-oko-godinu","status":"publish","type":"post","link":"https:\/\/sandzakpress.net\/arhiva\/nurkovic-prvom-dionicom-autoputa-kroz-crnu-goru-za-oko-godinu\/","title":{"rendered":"Nurkovi\u0107: Prvom dionicom autoputa kroz Crnu Goru za oko godinu"},"content":{"rendered":"<p><img decoding=\"async\" class=\"aligncenter\" src=\"http:\/\/www.sandzacke.rs\/wp-content\/uploads\/2019\/02\/osman-nurkovic-4-696x469.jpg\" \/><\/p>\n<p><strong>Prva dionice autoputa, od Smokovca do Mate\u0161eva bi\u0107e zavr\u0161ena za oko godinu i zajedno sa ostalim infrastrukturnim projektima doprinije\u0107e razvoju i valorizaciji sjevera, poru\u010dio je ministar saobra\u0107aja Osman Nurkovi\u0107.<\/strong><\/p>\n<p>Nurkovi\u0107 je u emisiji TVCG \u201cVrh zimski program\u201d, koja je emitovana iz Ski centar \u201cHajla\u201d u Ro\u017eajama, kazao da se bez dobre infrastrukture ne mogu na pravi na\u010din ni valorizovati ski centri.<\/p>\n<figure class=\"wp-block-image\"><img decoding=\"async\" class=\"td-animation-stack-type0-1\" src=\"https:\/\/www.mina.news\/wp-content\/uploads\/2018\/10\/osman-nurkovic.jpg\" alt=\"\" \/><figcaption>Foto: gov.me<\/figcaption><\/figure>\n<p>\u201cVlada pored ulaganja desetina miliona eura u ski centre ula\u017ee i u puntnu infrastrukturu. Nikada u istoriji se nije vi\u0161e ulagalo u infrastrukturu. U naredene dvije do tri godine sjever \u0107e biti ogromno gradili\u0161te gdje se planiraju ulaganja desetina miliona eura u putnu infrastrukturu\u201d, kazao je Nurkovi\u0107.<\/p>\n<p>Uz ka\u0161njenje, prva dionica autoputa, kako ka\u017ee Nurkovi\u0107 bi\u0107e zavr\u0161ena za oko godinu.<\/p>\n<p>Pored toga, izgradnja puta Jezerine-Lubnice-Berane, skrati\u0107e, ka\u017ee ministar, put od Kola\u0161ina do Berana za oko 35km.<\/p>\n<figure class=\"wp-block-image\"><img decoding=\"async\" class=\"td-animation-stack-type0-1\" src=\"https:\/\/mncmedia.ams3.digitaloceanspaces.com\/2018\/04\/2017-10-30-Moracica-Ministar-saobracaja-i-pomorstva-Osman-Nurkovic-FOTO-16.jpg\" alt=\"\" \/><figcaption>Foto: gov.me<\/figcaption><\/figure>\n<p>\u201cTako \u0107e prakti\u010dno od Ro\u017eaja do Podgorice biti od 105 do 110 kilometara puta\u201d, kazao je Nurkovi\u0107 i u narednih 15-ak dana najavio raspisivanje tendera za \u017ei\u010daru za novi ski centar na Hajli.<\/p>\n<p>\u201cTo \u0107e biti ogroman benefit za gra\u0111ane Ro\u017eaja, ali i za Crnu Goru\u201d, kazao je Nurkovi\u0107 i dodao da \u0107e sva ulaganja biti podsticaj gra\u0111anima da ostanu u Ro\u017eajama i da se vra\u0107aju u taj grad.<\/p>\n<p>(RTCG)<\/p>\n","protected":false},"excerpt":{"rendered":"<p>Prva dionice autoputa, od Smokovca do Mate\u0161eva bi\u0107e zavr\u0161ena za oko godinu i zajedno sa ostalim infrastrukturnim projektima doprinije\u0107e razvoju i valorizaciji sjevera, poru\u010dio je ministar saobra\u0107aja Osman Nurkovi\u0107. Nurkovi\u0107 je u emisiji TVCG \u201cVrh zimski program\u201d, koja je emitovana iz Ski centar \u201cHajla\u201d u Ro\u017eajama, kazao da se bez dobre infrastrukture ne mogu na [&hellip;]<\/p>\n","protected":false},"author":509,"featured_media":216235,"comment_status":"open","ping_status":"open","sticky":false,"template":"","format":"standard","meta":{"footnotes":""},"categories":[398,397,10174,3,396,395,399,10173],"tags":[],"class_list":{"0":"post-216225","1":"post","2":"type-post","3":"status-publish","4":"format-standard","5":"has-post-thumbnail","7":"category-rozaje","8":"category-berane","9":"category-petnjica-vase-vijesti","10":"category-privreda","11":"category-bijelo_polje","12":"category-pljevlja_","13":"category-plav_","14":"category-gusinje-vase-vijesti"},"yoast_head":"<!-- This site is optimized with the Yoast SEO Premium plugin v23.1 (Yoast SEO v24.9) - https:\/\/yoast.com\/wordpress\/plugins\/seo\/ -->\n<title>Nurkovi\u0107: Prvom dionicom autoputa kroz Crnu Goru za oko godinu<\/title>\n<meta name=\"robots\" content=\"index, follow, max-snippet:-1, max-image-preview:large, max-video-preview:-1\" \/>\n<link rel=\"canonical\" href=\"https:\/\/sandzakpress.net\/arhiva\/nurkovic-prvom-dionicom-autoputa-kroz-crnu-goru-za-oko-godinu\/\" \/>\n<meta property=\"og:locale\" content=\"bs_BA\" \/>\n<meta property=\"og:type\" content=\"article\" \/>\n<meta property=\"og:title\" content=\"Nurkovi\u0107: Prvom dionicom autoputa kroz Crnu Goru za oko godinu\" \/>\n<meta property=\"og:description\" content=\"Prva dionice autoputa, od Smokovca do Mate\u0161eva bi\u0107e zavr\u0161ena za oko godinu i zajedno sa ostalim infrastrukturnim projektima doprinije\u0107e razvoju i valorizaciji sjevera, poru\u010dio je ministar saobra\u0107aja Osman Nurkovi\u0107. Nurkovi\u0107 je u emisiji TVCG \u201cVrh zimski program\u201d, koja je emitovana iz Ski centar \u201cHajla\u201d u Ro\u017eajama, kazao da se bez dobre infrastrukture ne mogu na [&hellip;]\" \/>\n<meta property=\"og:url\" content=\"https:\/\/sandzakpress.net\/arhiva\/nurkovic-prvom-dionicom-autoputa-kroz-crnu-goru-za-oko-godinu\/\" \/>\n<meta property=\"og:site_name\" content=\"Sand\u017eak PRESS\" \/>\n<meta property=\"article:published_time\" content=\"2019-02-11T11:26:33+00:00\" \/>\n<meta property=\"og:image\" content=\"https:\/\/sandzakpress.net\/arhiva\/wp-content\/uploads\/2019\/02\/osman-nurkovic-4-696x469.jpg\" \/>\n\t<meta property=\"og:image:width\" content=\"696\" \/>\n\t<meta property=\"og:image:height\" content=\"469\" \/>\n\t<meta property=\"og:image:type\" content=\"image\/jpeg\" \/>\n<meta name=\"author\" content=\"Agencija\" \/>\n<meta name=\"twitter:card\" content=\"summary_large_image\" \/>\n<meta name=\"twitter:label1\" content=\"Written by\" \/>\n\t<meta name=\"twitter:data1\" content=\"Agencija\" \/>\n\t<meta name=\"twitter:label2\" content=\"Est. reading time\" \/>\n\t<meta name=\"twitter:data2\" content=\"1 minuta\" \/>\n<script type=\"application\/ld+json\" class=\"yoast-schema-graph\">{\"@context\":\"https:\/\/schema.org\",\"@graph\":[{\"@type\":\"Article\",\"@id\":\"https:\/\/sandzakpress.net\/arhiva\/nurkovic-prvom-dionicom-autoputa-kroz-crnu-goru-za-oko-godinu\/#article\",\"isPartOf\":{\"@id\":\"https:\/\/sandzakpress.net\/arhiva\/nurkovic-prvom-dionicom-autoputa-kroz-crnu-goru-za-oko-godinu\/\"},\"author\":{\"name\":\"Agencija\",\"@id\":\"https:\/\/sandzakpress.net\/arhiva\/#\/schema\/person\/cb59d7e3ab91ab90dd680ad0305a6185\"},\"headline\":\"Nurkovi\u0107: Prvom dionicom autoputa kroz Crnu Goru za oko godinu\",\"datePublished\":\"2019-02-11T11:26:33+00:00\",\"mainEntityOfPage\":{\"@id\":\"https:\/\/sandzakpress.net\/arhiva\/nurkovic-prvom-dionicom-autoputa-kroz-crnu-goru-za-oko-godinu\/\"},\"wordCount\":247,\"commentCount\":0,\"publisher\":{\"@id\":\"https:\/\/sandzakpress.net\/arhiva\/#\/schema\/person\/6e72b67d6e51910a1117b3b483ba20bd\"},\"image\":{\"@id\":\"https:\/\/sandzakpress.net\/arhiva\/nurkovic-prvom-dionicom-autoputa-kroz-crnu-goru-za-oko-godinu\/#primaryimage\"},\"thumbnailUrl\":\"https:\/\/sandzakpress.net\/arhiva\/wp-content\/uploads\/2019\/02\/osman-nurkovic-4-696x469.jpg\",\"articleSection\":[\"Ro\u017eaje\",\"Berane\",\"Petnjica\",\"Privreda\",\"Bijelo Polje\",\"Pljevlja\",\"Plav\",\"Gusinje\"],\"inLanguage\":\"bs-BA\",\"potentialAction\":[{\"@type\":\"CommentAction\",\"name\":\"Comment\",\"target\":[\"https:\/\/sandzakpress.net\/arhiva\/nurkovic-prvom-dionicom-autoputa-kroz-crnu-goru-za-oko-godinu\/#respond\"]}]},{\"@type\":\"WebPage\",\"@id\":\"https:\/\/sandzakpress.net\/arhiva\/nurkovic-prvom-dionicom-autoputa-kroz-crnu-goru-za-oko-godinu\/\",\"url\":\"https:\/\/sandzakpress.net\/arhiva\/nurkovic-prvom-dionicom-autoputa-kroz-crnu-goru-za-oko-godinu\/\",\"name\":\"Nurkovi\u0107: Prvom dionicom autoputa kroz Crnu Goru za oko godinu\",\"isPartOf\":{\"@id\":\"https:\/\/sandzakpress.net\/arhiva\/#website\"},\"primaryImageOfPage\":{\"@id\":\"https:\/\/sandzakpress.net\/arhiva\/nurkovic-prvom-dionicom-autoputa-kroz-crnu-goru-za-oko-godinu\/#primaryimage\"},\"image\":{\"@id\":\"https:\/\/sandzakpress.net\/arhiva\/nurkovic-prvom-dionicom-autoputa-kroz-crnu-goru-za-oko-godinu\/#primaryimage\"},\"thumbnailUrl\":\"https:\/\/sandzakpress.net\/arhiva\/wp-content\/uploads\/2019\/02\/osman-nurkovic-4-696x469.jpg\",\"datePublished\":\"2019-02-11T11:26:33+00:00\",\"breadcrumb\":{\"@id\":\"https:\/\/sandzakpress.net\/arhiva\/nurkovic-prvom-dionicom-autoputa-kroz-crnu-goru-za-oko-godinu\/#breadcrumb\"},\"inLanguage\":\"bs-BA\",\"potentialAction\":[{\"@type\":\"ReadAction\",\"target\":[\"https:\/\/sandzakpress.net\/arhiva\/nurkovic-prvom-dionicom-autoputa-kroz-crnu-goru-za-oko-godinu\/\"]}]},{\"@type\":\"ImageObject\",\"inLanguage\":\"bs-BA\",\"@id\":\"https:\/\/sandzakpress.net\/arhiva\/nurkovic-prvom-dionicom-autoputa-kroz-crnu-goru-za-oko-godinu\/#primaryimage\",\"url\":\"https:\/\/sandzakpress.net\/arhiva\/wp-content\/uploads\/2019\/02\/osman-nurkovic-4-696x469.jpg\",\"contentUrl\":\"https:\/\/sandzakpress.net\/arhiva\/wp-content\/uploads\/2019\/02\/osman-nurkovic-4-696x469.jpg\",\"width\":696,\"height\":469},{\"@type\":\"BreadcrumbList\",\"@id\":\"https:\/\/sandzakpress.net\/arhiva\/nurkovic-prvom-dionicom-autoputa-kroz-crnu-goru-za-oko-godinu\/#breadcrumb\",\"itemListElement\":[{\"@type\":\"ListItem\",\"position\":1,\"name\":\"Home\",\"item\":\"https:\/\/sandzakpress.net\/arhiva\/\"},{\"@type\":\"ListItem\",\"position\":2,\"name\":\"Nurkovi\u0107: Prvom dionicom autoputa kroz Crnu Goru za oko godinu\"}]},{\"@type\":\"WebSite\",\"@id\":\"https:\/\/sandzakpress.net\/arhiva\/#website\",\"url\":\"https:\/\/sandzakpress.net\/arhiva\/\",\"name\":\"Sand\u017eak PRESS\",\"description\":\"Prve elektronske novine u Sand\u017eaku\",\"publisher\":{\"@id\":\"https:\/\/sandzakpress.net\/arhiva\/#\/schema\/person\/6e72b67d6e51910a1117b3b483ba20bd\"},\"potentialAction\":[{\"@type\":\"SearchAction\",\"target\":{\"@type\":\"EntryPoint\",\"urlTemplate\":\"https:\/\/sandzakpress.net\/arhiva\/?s={search_term_string}\"},\"query-input\":{\"@type\":\"PropertyValueSpecification\",\"valueRequired\":true,\"valueName\":\"search_term_string\"}}],\"inLanguage\":\"bs-BA\"},{\"@type\":[\"Person\",\"Organization\"],\"@id\":\"https:\/\/sandzakpress.net\/arhiva\/#\/schema\/person\/6e72b67d6e51910a1117b3b483ba20bd\",\"name\":\"Kul\",\"image\":{\"@type\":\"ImageObject\",\"inLanguage\":\"bs-BA\",\"@id\":\"https:\/\/sandzakpress.net\/arhiva\/#\/schema\/person\/image\/\",\"url\":\"https:\/\/secure.gravatar.com\/avatar\/42263f39aa27ac04c43cab85c280eb2e?s=96&d=mm&r=pg\",\"contentUrl\":\"https:\/\/secure.gravatar.com\/avatar\/42263f39aa27ac04c43cab85c280eb2e?s=96&d=mm&r=pg\",\"caption\":\"Kul\"},\"logo\":{\"@id\":\"https:\/\/sandzakpress.net\/arhiva\/#\/schema\/person\/image\/\"}},{\"@type\":\"Person\",\"@id\":\"https:\/\/sandzakpress.net\/arhiva\/#\/schema\/person\/cb59d7e3ab91ab90dd680ad0305a6185\",\"name\":\"Agencija\",\"image\":{\"@type\":\"ImageObject\",\"inLanguage\":\"bs-BA\",\"@id\":\"https:\/\/sandzakpress.net\/arhiva\/#\/schema\/person\/image\/\",\"url\":\"https:\/\/secure.gravatar.com\/avatar\/4b7fafa80a22f0c2afe23966b3961fe0?s=96&d=mm&r=pg\",\"contentUrl\":\"https:\/\/secure.gravatar.com\/avatar\/4b7fafa80a22f0c2afe23966b3961fe0?s=96&d=mm&r=pg\",\"caption\":\"Agencija\"},\"url\":\"https:\/\/sandzakpress.net\/arhiva\/author\/agencija\/\"}]}<\/script>\n<!-- \/ Yoast SEO Premium plugin. -->","yoast_head_json":{"title":"Nurkovi\u0107: Prvom dionicom autoputa kroz Crnu Goru za oko godinu","robots":{"index":"index","follow":"follow","max-snippet":"max-snippet:-1","max-image-preview":"max-image-preview:large","max-video-preview":"max-video-preview:-1"},"canonical":"https:\/\/sandzakpress.net\/arhiva\/nurkovic-prvom-dionicom-autoputa-kroz-crnu-goru-za-oko-godinu\/","og_locale":"bs_BA","og_type":"article","og_title":"Nurkovi\u0107: Prvom dionicom autoputa kroz Crnu Goru za oko godinu","og_description":"Prva dionice autoputa, od Smokovca do Mate\u0161eva bi\u0107e zavr\u0161ena za oko godinu i zajedno sa ostalim infrastrukturnim projektima doprinije\u0107e razvoju i valorizaciji sjevera, poru\u010dio je ministar saobra\u0107aja Osman Nurkovi\u0107. Nurkovi\u0107 je u emisiji TVCG \u201cVrh zimski program\u201d, koja je emitovana iz Ski centar \u201cHajla\u201d u Ro\u017eajama, kazao da se bez dobre infrastrukture ne mogu na [&hellip;]","og_url":"https:\/\/sandzakpress.net\/arhiva\/nurkovic-prvom-dionicom-autoputa-kroz-crnu-goru-za-oko-godinu\/","og_site_name":"Sand\u017eak PRESS","article_published_time":"2019-02-11T11:26:33+00:00","og_image":[{"width":696,"height":469,"url":"https:\/\/sandzakpress.net\/arhiva\/wp-content\/uploads\/2019\/02\/osman-nurkovic-4-696x469.jpg","type":"image\/jpeg"}],"author":"Agencija","twitter_card":"summary_large_image","twitter_misc":{"Written by":"Agencija","Est. reading time":"1 minuta"},"schema":{"@context":"https:\/\/schema.org","@graph":[{"@type":"Article","@id":"https:\/\/sandzakpress.net\/arhiva\/nurkovic-prvom-dionicom-autoputa-kroz-crnu-goru-za-oko-godinu\/#article","isPartOf":{"@id":"https:\/\/sandzakpress.net\/arhiva\/nurkovic-prvom-dionicom-autoputa-kroz-crnu-goru-za-oko-godinu\/"},"author":{"name":"Agencija","@id":"https:\/\/sandzakpress.net\/arhiva\/#\/schema\/person\/cb59d7e3ab91ab90dd680ad0305a6185"},"headline":"Nurkovi\u0107: Prvom dionicom autoputa kroz Crnu Goru za oko godinu","datePublished":"2019-02-11T11:26:33+00:00","mainEntityOfPage":{"@id":"https:\/\/sandzakpress.net\/arhiva\/nurkovic-prvom-dionicom-autoputa-kroz-crnu-goru-za-oko-godinu\/"},"wordCount":247,"commentCount":0,"publisher":{"@id":"https:\/\/sandzakpress.net\/arhiva\/#\/schema\/person\/6e72b67d6e51910a1117b3b483ba20bd"},"image":{"@id":"https:\/\/sandzakpress.net\/arhiva\/nurkovic-prvom-dionicom-autoputa-kroz-crnu-goru-za-oko-godinu\/#primaryimage"},"thumbnailUrl":"https:\/\/sandzakpress.net\/arhiva\/wp-content\/uploads\/2019\/02\/osman-nurkovic-4-696x469.jpg","articleSection":["Ro\u017eaje","Berane","Petnjica","Privreda","Bijelo Polje","Pljevlja","Plav","Gusinje"],"inLanguage":"bs-BA","potentialAction":[{"@type":"CommentAction","name":"Comment","target":["https:\/\/sandzakpress.net\/arhiva\/nurkovic-prvom-dionicom-autoputa-kroz-crnu-goru-za-oko-godinu\/#respond"]}]},{"@type":"WebPage","@id":"https:\/\/sandzakpress.net\/arhiva\/nurkovic-prvom-dionicom-autoputa-kroz-crnu-goru-za-oko-godinu\/","url":"https:\/\/sandzakpress.net\/arhiva\/nurkovic-prvom-dionicom-autoputa-kroz-crnu-goru-za-oko-godinu\/","name":"Nurkovi\u0107: Prvom dionicom autoputa kroz Crnu Goru za oko godinu","isPartOf":{"@id":"https:\/\/sandzakpress.net\/arhiva\/#website"},"primaryImageOfPage":{"@id":"https:\/\/sandzakpress.net\/arhiva\/nurkovic-prvom-dionicom-autoputa-kroz-crnu-goru-za-oko-godinu\/#primaryimage"},"image":{"@id":"https:\/\/sandzakpress.net\/arhiva\/nurkovic-prvom-dionicom-autoputa-kroz-crnu-goru-za-oko-godinu\/#primaryimage"},"thumbnailUrl":"https:\/\/sandzakpress.net\/arhiva\/wp-content\/uploads\/2019\/02\/osman-nurkovic-4-696x469.jpg","datePublished":"2019-02-11T11:26:33+00:00","breadcrumb":{"@id":"https:\/\/sandzakpress.net\/arhiva\/nurkovic-prvom-dionicom-autoputa-kroz-crnu-goru-za-oko-godinu\/#breadcrumb"},"inLanguage":"bs-BA","potentialAction":[{"@type":"ReadAction","target":["https:\/\/sandzakpress.net\/arhiva\/nurkovic-prvom-dionicom-autoputa-kroz-crnu-goru-za-oko-godinu\/"]}]},{"@type":"ImageObject","inLanguage":"bs-BA","@id":"https:\/\/sandzakpress.net\/arhiva\/nurkovic-prvom-dionicom-autoputa-kroz-crnu-goru-za-oko-godinu\/#primaryimage","url":"https:\/\/sandzakpress.net\/arhiva\/wp-content\/uploads\/2019\/02\/osman-nurkovic-4-696x469.jpg","contentUrl":"https:\/\/sandzakpress.net\/arhiva\/wp-content\/uploads\/2019\/02\/osman-nurkovic-4-696x469.jpg","width":696,"height":469},{"@type":"BreadcrumbList","@id":"https:\/\/sandzakpress.net\/arhiva\/nurkovic-prvom-dionicom-autoputa-kroz-crnu-goru-za-oko-godinu\/#breadcrumb","itemListElement":[{"@type":"ListItem","position":1,"name":"Home","item":"https:\/\/sandzakpress.net\/arhiva\/"},{"@type":"ListItem","position":2,"name":"Nurkovi\u0107: Prvom dionicom autoputa kroz Crnu Goru za oko godinu"}]},{"@type":"WebSite","@id":"https:\/\/sandzakpress.net\/arhiva\/#website","url":"https:\/\/sandzakpress.net\/arhiva\/","name":"Sand\u017eak PRESS","description":"Prve elektronske novine u Sand\u017eaku","publisher":{"@id":"https:\/\/sandzakpress.net\/arhiva\/#\/schema\/person\/6e72b67d6e51910a1117b3b483ba20bd"},"potentialAction":[{"@type":"SearchAction","target":{"@type":"EntryPoint","urlTemplate":"https:\/\/sandzakpress.net\/arhiva\/?s={search_term_string}"},"query-input":{"@type":"PropertyValueSpecification","valueRequired":true,"valueName":"search_term_string"}}],"inLanguage":"bs-BA"},{"@type":["Person","Organization"],"@id":"https:\/\/sandzakpress.net\/arhiva\/#\/schema\/person\/6e72b67d6e51910a1117b3b483ba20bd","name":"Kul","image":{"@type":"ImageObject","inLanguage":"bs-BA","@id":"https:\/\/sandzakpress.net\/arhiva\/#\/schema\/person\/image\/","url":"https:\/\/secure.gravatar.com\/avatar\/42263f39aa27ac04c43cab85c280eb2e?s=96&d=mm&r=pg","contentUrl":"https:\/\/secure.gravatar.com\/avatar\/42263f39aa27ac04c43cab85c280eb2e?s=96&d=mm&r=pg","caption":"Kul"},"logo":{"@id":"https:\/\/sandzakpress.net\/arhiva\/#\/schema\/person\/image\/"}},{"@type":"Person","@id":"https:\/\/sandzakpress.net\/arhiva\/#\/schema\/person\/cb59d7e3ab91ab90dd680ad0305a6185","name":"Agencija","image":{"@type":"ImageObject","inLanguage":"bs-BA","@id":"https:\/\/sandzakpress.net\/arhiva\/#\/schema\/person\/image\/","url":"https:\/\/secure.gravatar.com\/avatar\/4b7fafa80a22f0c2afe23966b3961fe0?s=96&d=mm&r=pg","contentUrl":"https:\/\/secure.gravatar.com\/avatar\/4b7fafa80a22f0c2afe23966b3961fe0?s=96&d=mm&r=pg","caption":"Agencija"},"url":"https:\/\/sandzakpress.net\/arhiva\/author\/agencija\/"}]}},"_links":{"self":[{"href":"https:\/\/sandzakpress.net\/arhiva\/wp-json\/wp\/v2\/posts\/216225"}],"collection":[{"href":"https:\/\/sandzakpress.net\/arhiva\/wp-json\/wp\/v2\/posts"}],"about":[{"href":"https:\/\/sandzakpress.net\/arhiva\/wp-json\/wp\/v2\/types\/post"}],"author":[{"embeddable":true,"href":"https:\/\/sandzakpress.net\/arhiva\/wp-json\/wp\/v2\/users\/509"}],"replies":[{"embeddable":true,"href":"https:\/\/sandzakpress.net\/arhiva\/wp-json\/wp\/v2\/comments?post=216225"}],"version-history":[{"count":0,"href":"https:\/\/sandzakpress.net\/arhiva\/wp-json\/wp\/v2\/posts\/216225\/revisions"}],"wp:featuredmedia":[{"embeddable":true,"href":"https:\/\/sandzakpress.net\/arhiva\/wp-json\/wp\/v2\/media\/216235"}],"wp:attachment":[{"href":"https:\/\/sandzakpress.net\/arhiva\/wp-json\/wp\/v2\/media?parent=216225"}],"wp:term":[{"taxonomy":"category","embeddable":true,"href":"https:\/\/sandzakpress.net\/arhiva\/wp-json\/wp\/v2\/categories?post=216225"},{"taxonomy":"post_tag","embeddable":true,"href":"https:\/\/sandzakpress.net\/arhiva\/wp-json\/wp\/v2\/tags?post=216225"}],"curies":[{"name":"wp","href":"https:\/\/api.w.org\/{rel}","templated":true}]}}