{"id":215984,"date":"2019-02-06T11:41:07","date_gmt":"2019-02-06T10:41:07","guid":{"rendered":"https:\/\/sandzakpress.net\/arhiva\/?p=215984"},"modified":"2019-02-06T11:41:07","modified_gmt":"2019-02-06T10:41:07","slug":"manijak-iz-novog-pazara-poznat-je-pedofil-u-kraju-moju-cerku-je-napao-jos-prije-10-godina-dobio-je-tri-mjeseca-zatvora","status":"publish","type":"post","link":"https:\/\/sandzakpress.net\/arhiva\/manijak-iz-novog-pazara-poznat-je-pedofil-u-kraju-moju-cerku-je-napao-jos-prije-10-godina-dobio-je-tri-mjeseca-zatvora\/","title":{"rendered":"Manijak iz Novog Pazara poznat je pedofil u kraju: &#8220;Moju \u0107erku je napao jo\u0161 prije 10 godina. Dobio je tri mjeseca zatvora&#8221;"},"content":{"rendered":"<p><img decoding=\"async\" src=\"https:\/\/ocdn.eu\/pulscms-transforms\/1\/zy2k9lMaHR0cDovL29jZG4uZXUvaW1hZ2VzL3B1bHNjbXMvTkRBN01EQV8vYzMzMDI2ZDVhMmUzZWNiMWI1M2YyNzY1YjBjNTM5MjIuanBlZ5GTAs0C5ACBoTAB\" alt=\"NOVIPAZAR01 Uhapsseni E.D. na snimku nakon napastvovanja devojcice\" \/><\/p>\n<p><strong>Novopazarac E. D. (36), koji je pro\u0161le nedelje uhap\u0161en zbog sumnje da je seksualno napastvovao dve devoj\u010dice, ve\u0107 godinama je poznat po takvom pona\u0161anju, ali i po kra\u0111ama i prevarama, nezvani\u010dno saznaje &#8220;Blic&#8221;.<\/strong><\/p>\n<p>Nakon \u0161to je objavljena njegova fotografija i snimak sa video nadzora, na kojem se vidi kako E. D. mami devoj\u010dicu u ulaz Bor zgrade, a potom poku\u0161ava da joj skine jaknu, brojni gra\u0111ani Novog Pazara su ga prepoznali navode\u0107i da su oni ili njihova deca bili njegove \u017ertve.<\/p>\n<p>&#8211; On je pre skoro desetak godina napastvovao moju \u0107erku zbog \u010dega je dobio samo tri meseca zatvora. Sre\u0107om ga je policija prona\u0161la pre mene, jer da sam ga ja tada uhvatio verovatno on sada ne bi napadao decu po ulazima zgrada \u2013 pri\u010da jedan ogor\u010deni otac.<\/p>\n<p>Osim napastvovanja dece, E. D. je Novopazaracima poznat i po prevarama i kra\u0111ama, a zbog jedne je i odslu\u017eivao osam meseci ku\u0107nog pritvora, nose\u0107i nanogicu.<\/p>\n<p>&#8211; Dobro mi je poznat, nekoliko puta je dolazio na moja vrata tra\u017ee\u0107i novac kako bi, navodno, podigao spomenik nedavno preminulom ocu ili za bolesno dete. Uvek mi je bio sumnjiv, \u010dudno se pona\u0161ao i nikada mu nisam dala novac \u2013 navodi jedna Novopazarka.<\/p>\n<p>Osnovni sud u Novom Pazaru odredio je E. D. pritvor do 30 dana zbog sumnje da je po\u010dinio krivi\u010dno delo nedozvoljena polna radnja.<\/p>\n<p>On je pro\u0161log ponedeljka napastvovao dvanaestogodi\u0161nju devoj\u010dicu u ulazu Lu\u010dne zgrade u centru grada, a istu stvar ponovio je i dva dana kasnije u Bor zgradi kada mu je \u017ertva bila devetogodi\u0161njakinja, a \u0161to je i zabele\u017eeno na smincima video nadzora.<\/p>\n<p>Devoj\u010dica je sve ispri\u010dala roditeljima koji su alarmirali policiju. Njena majka je o svemu obavestila i pratioce na jednoj dru\u0161tvenoj mre\u017ei na kojoj je napisala da je &#8220;pedofil namamio njenu \u0107erku u ulaz zgrade, podigao joj jaknu i stavljao ruke na struk kako bi joj uzeo mere da bi bila manekenka&#8221;.<\/p>\n<p>Oba napada desila su se u istom periodu, izme\u0111u 13 i 15 \u010dasova, jer je u tom periodu omogu\u0107eno osu\u0111enicima na ku\u0107ni pritvor da napuste ku\u0107u i obave svakodnevnu \u0161etnju.<\/p>\n<p>Prema nezvani\u010dnim saznanjima, E. D. je na saslu\u0161anju u tu\u017eila\u0161tvu odbacio sve navode, negiraju\u0107i krivicu.<\/p>\n<p>&#8211; Za prvi slu\u010daj je rekao da nikada nije video tu devoj\u010dicu i da tog dana uop\u0161te nije napu\u0161tao ku\u0107u, dok je drugu devoj\u010dicu sreo u ulazu zgrade, ali da je nije napastvovao \u2013 pri\u010da na\u0161 izvor iz istrage.<\/p>\n<p>&#8211; Imao je elektronski nadzor, odnosno, nanogicu, a kako je imao dnevno dva sata &#8220;slobodno\u201d kada je mogao da napusti ku\u0107u, napadi na devoj\u010dice su se desili ba\u0161 u tom periodu, od 13 do 15 \u010dasova \u2013 dodaje na\u0161 izvor.<\/p>\n<p>izvor: Blic<\/p>\n","protected":false},"excerpt":{"rendered":"<p>Novopazarac E. D. (36), koji je pro\u0161le nedelje uhap\u0161en zbog sumnje da je seksualno napastvovao dve devoj\u010dice, ve\u0107 godinama je poznat po takvom pona\u0161anju, ali i po kra\u0111ama i prevarama, nezvani\u010dno saznaje &#8220;Blic&#8221;. Nakon \u0161to je objavljena njegova fotografija i snimak sa video nadzora, na kojem se vidi kako E. D. mami devoj\u010dicu u ulaz [&hellip;]<\/p>\n","protected":false},"author":509,"featured_media":215994,"comment_status":"open","ping_status":"open","sticky":false,"template":"","format":"standard","meta":{"footnotes":""},"categories":[72,801,10429],"tags":[],"class_list":{"0":"post-215984","1":"post","2":"type-post","3":"status-publish","4":"format-standard","5":"has-post-thumbnail","7":"category-novi-pazar","8":"category-crna_hronika","9":"category-vazno"},"yoast_head":"<!-- This site is optimized with the Yoast SEO Premium plugin v23.1 (Yoast SEO v24.9) - https:\/\/yoast.com\/wordpress\/plugins\/seo\/ -->\n<title>Manijak iz Novog Pazara poznat je pedofil u kraju: &quot;Moju \u0107erku je napao jo\u0161 prije 10 godina. Dobio je tri mjeseca zatvora&quot;<\/title>\n<meta name=\"robots\" content=\"index, follow, max-snippet:-1, max-image-preview:large, max-video-preview:-1\" \/>\n<link rel=\"canonical\" href=\"https:\/\/sandzakpress.net\/arhiva\/manijak-iz-novog-pazara-poznat-je-pedofil-u-kraju-moju-cerku-je-napao-jos-prije-10-godina-dobio-je-tri-mjeseca-zatvora\/\" \/>\n<meta property=\"og:locale\" content=\"bs_BA\" \/>\n<meta property=\"og:type\" content=\"article\" \/>\n<meta property=\"og:title\" content=\"Manijak iz Novog Pazara poznat je pedofil u kraju: &quot;Moju \u0107erku je napao jo\u0161 prije 10 godina. Dobio je tri mjeseca zatvora&quot;\" \/>\n<meta property=\"og:description\" content=\"Novopazarac E. D. (36), koji je pro\u0161le nedelje uhap\u0161en zbog sumnje da je seksualno napastvovao dve devoj\u010dice, ve\u0107 godinama je poznat po takvom pona\u0161anju, ali i po kra\u0111ama i prevarama, nezvani\u010dno saznaje &#8220;Blic&#8221;. Nakon \u0161to je objavljena njegova fotografija i snimak sa video nadzora, na kojem se vidi kako E. D. mami devoj\u010dicu u ulaz [&hellip;]\" \/>\n<meta property=\"og:url\" content=\"https:\/\/sandzakpress.net\/arhiva\/manijak-iz-novog-pazara-poznat-je-pedofil-u-kraju-moju-cerku-je-napao-jos-prije-10-godina-dobio-je-tri-mjeseca-zatvora\/\" \/>\n<meta property=\"og:site_name\" content=\"Sand\u017eak PRESS\" \/>\n<meta property=\"article:published_time\" content=\"2019-02-06T10:41:07+00:00\" \/>\n<meta property=\"og:image\" content=\"https:\/\/sandzakpress.net\/arhiva\/wp-content\/uploads\/2019\/02\/zy2k9lMaHR0cDovL29jZG4uZXUvaW1hZ2VzL3B1bHNjbXMvTkRBN01EQV8vYzMzMDI2ZDVhMmUzZWNiMWI1M2YyNzY1YjBjNTM5MjIuanBlZ5GTAs0C5ACBoTAB.jpg\" \/>\n\t<meta property=\"og:image:width\" content=\"740\" \/>\n\t<meta property=\"og:image:height\" content=\"1012\" \/>\n\t<meta property=\"og:image:type\" content=\"image\/jpeg\" \/>\n<meta name=\"author\" content=\"Agencija\" \/>\n<meta name=\"twitter:card\" content=\"summary_large_image\" \/>\n<meta name=\"twitter:label1\" content=\"Written by\" \/>\n\t<meta name=\"twitter:data1\" content=\"Agencija\" \/>\n\t<meta name=\"twitter:label2\" content=\"Est. reading time\" \/>\n\t<meta name=\"twitter:data2\" content=\"2 minute\" \/>\n<script type=\"application\/ld+json\" class=\"yoast-schema-graph\">{\"@context\":\"https:\/\/schema.org\",\"@graph\":[{\"@type\":\"Article\",\"@id\":\"https:\/\/sandzakpress.net\/arhiva\/manijak-iz-novog-pazara-poznat-je-pedofil-u-kraju-moju-cerku-je-napao-jos-prije-10-godina-dobio-je-tri-mjeseca-zatvora\/#article\",\"isPartOf\":{\"@id\":\"https:\/\/sandzakpress.net\/arhiva\/manijak-iz-novog-pazara-poznat-je-pedofil-u-kraju-moju-cerku-je-napao-jos-prije-10-godina-dobio-je-tri-mjeseca-zatvora\/\"},\"author\":{\"name\":\"Agencija\",\"@id\":\"https:\/\/sandzakpress.net\/arhiva\/#\/schema\/person\/cb59d7e3ab91ab90dd680ad0305a6185\"},\"headline\":\"Manijak iz Novog Pazara poznat je pedofil u kraju: &#8220;Moju \u0107erku je napao jo\u0161 prije 10 godina. Dobio je tri mjeseca zatvora&#8221;\",\"datePublished\":\"2019-02-06T10:41:07+00:00\",\"mainEntityOfPage\":{\"@id\":\"https:\/\/sandzakpress.net\/arhiva\/manijak-iz-novog-pazara-poznat-je-pedofil-u-kraju-moju-cerku-je-napao-jos-prije-10-godina-dobio-je-tri-mjeseca-zatvora\/\"},\"wordCount\":501,\"commentCount\":0,\"publisher\":{\"@id\":\"https:\/\/sandzakpress.net\/arhiva\/#\/schema\/person\/6e72b67d6e51910a1117b3b483ba20bd\"},\"image\":{\"@id\":\"https:\/\/sandzakpress.net\/arhiva\/manijak-iz-novog-pazara-poznat-je-pedofil-u-kraju-moju-cerku-je-napao-jos-prije-10-godina-dobio-je-tri-mjeseca-zatvora\/#primaryimage\"},\"thumbnailUrl\":\"https:\/\/sandzakpress.net\/arhiva\/wp-content\/uploads\/2019\/02\/zy2k9lMaHR0cDovL29jZG4uZXUvaW1hZ2VzL3B1bHNjbXMvTkRBN01EQV8vYzMzMDI2ZDVhMmUzZWNiMWI1M2YyNzY1YjBjNTM5MjIuanBlZ5GTAs0C5ACBoTAB.jpg\",\"articleSection\":[\"Novi Pazar\",\"Hronika\",\"VA\u017dNO!\"],\"inLanguage\":\"bs-BA\",\"potentialAction\":[{\"@type\":\"CommentAction\",\"name\":\"Comment\",\"target\":[\"https:\/\/sandzakpress.net\/arhiva\/manijak-iz-novog-pazara-poznat-je-pedofil-u-kraju-moju-cerku-je-napao-jos-prije-10-godina-dobio-je-tri-mjeseca-zatvora\/#respond\"]}]},{\"@type\":\"WebPage\",\"@id\":\"https:\/\/sandzakpress.net\/arhiva\/manijak-iz-novog-pazara-poznat-je-pedofil-u-kraju-moju-cerku-je-napao-jos-prije-10-godina-dobio-je-tri-mjeseca-zatvora\/\",\"url\":\"https:\/\/sandzakpress.net\/arhiva\/manijak-iz-novog-pazara-poznat-je-pedofil-u-kraju-moju-cerku-je-napao-jos-prije-10-godina-dobio-je-tri-mjeseca-zatvora\/\",\"name\":\"Manijak iz Novog Pazara poznat je pedofil u kraju: \\\"Moju \u0107erku je napao jo\u0161 prije 10 godina. Dobio je tri mjeseca zatvora\\\"\",\"isPartOf\":{\"@id\":\"https:\/\/sandzakpress.net\/arhiva\/#website\"},\"primaryImageOfPage\":{\"@id\":\"https:\/\/sandzakpress.net\/arhiva\/manijak-iz-novog-pazara-poznat-je-pedofil-u-kraju-moju-cerku-je-napao-jos-prije-10-godina-dobio-je-tri-mjeseca-zatvora\/#primaryimage\"},\"image\":{\"@id\":\"https:\/\/sandzakpress.net\/arhiva\/manijak-iz-novog-pazara-poznat-je-pedofil-u-kraju-moju-cerku-je-napao-jos-prije-10-godina-dobio-je-tri-mjeseca-zatvora\/#primaryimage\"},\"thumbnailUrl\":\"https:\/\/sandzakpress.net\/arhiva\/wp-content\/uploads\/2019\/02\/zy2k9lMaHR0cDovL29jZG4uZXUvaW1hZ2VzL3B1bHNjbXMvTkRBN01EQV8vYzMzMDI2ZDVhMmUzZWNiMWI1M2YyNzY1YjBjNTM5MjIuanBlZ5GTAs0C5ACBoTAB.jpg\",\"datePublished\":\"2019-02-06T10:41:07+00:00\",\"breadcrumb\":{\"@id\":\"https:\/\/sandzakpress.net\/arhiva\/manijak-iz-novog-pazara-poznat-je-pedofil-u-kraju-moju-cerku-je-napao-jos-prije-10-godina-dobio-je-tri-mjeseca-zatvora\/#breadcrumb\"},\"inLanguage\":\"bs-BA\",\"potentialAction\":[{\"@type\":\"ReadAction\",\"target\":[\"https:\/\/sandzakpress.net\/arhiva\/manijak-iz-novog-pazara-poznat-je-pedofil-u-kraju-moju-cerku-je-napao-jos-prije-10-godina-dobio-je-tri-mjeseca-zatvora\/\"]}]},{\"@type\":\"ImageObject\",\"inLanguage\":\"bs-BA\",\"@id\":\"https:\/\/sandzakpress.net\/arhiva\/manijak-iz-novog-pazara-poznat-je-pedofil-u-kraju-moju-cerku-je-napao-jos-prije-10-godina-dobio-je-tri-mjeseca-zatvora\/#primaryimage\",\"url\":\"https:\/\/sandzakpress.net\/arhiva\/wp-content\/uploads\/2019\/02\/zy2k9lMaHR0cDovL29jZG4uZXUvaW1hZ2VzL3B1bHNjbXMvTkRBN01EQV8vYzMzMDI2ZDVhMmUzZWNiMWI1M2YyNzY1YjBjNTM5MjIuanBlZ5GTAs0C5ACBoTAB.jpg\",\"contentUrl\":\"https:\/\/sandzakpress.net\/arhiva\/wp-content\/uploads\/2019\/02\/zy2k9lMaHR0cDovL29jZG4uZXUvaW1hZ2VzL3B1bHNjbXMvTkRBN01EQV8vYzMzMDI2ZDVhMmUzZWNiMWI1M2YyNzY1YjBjNTM5MjIuanBlZ5GTAs0C5ACBoTAB.jpg\",\"width\":740,\"height\":1012},{\"@type\":\"BreadcrumbList\",\"@id\":\"https:\/\/sandzakpress.net\/arhiva\/manijak-iz-novog-pazara-poznat-je-pedofil-u-kraju-moju-cerku-je-napao-jos-prije-10-godina-dobio-je-tri-mjeseca-zatvora\/#breadcrumb\",\"itemListElement\":[{\"@type\":\"ListItem\",\"position\":1,\"name\":\"Home\",\"item\":\"https:\/\/sandzakpress.net\/arhiva\/\"},{\"@type\":\"ListItem\",\"position\":2,\"name\":\"Manijak iz Novog Pazara poznat je pedofil u kraju: &#8220;Moju \u0107erku je napao jo\u0161 prije 10 godina. Dobio je tri mjeseca zatvora&#8221;\"}]},{\"@type\":\"WebSite\",\"@id\":\"https:\/\/sandzakpress.net\/arhiva\/#website\",\"url\":\"https:\/\/sandzakpress.net\/arhiva\/\",\"name\":\"Sand\u017eak PRESS\",\"description\":\"Prve elektronske novine u Sand\u017eaku\",\"publisher\":{\"@id\":\"https:\/\/sandzakpress.net\/arhiva\/#\/schema\/person\/6e72b67d6e51910a1117b3b483ba20bd\"},\"potentialAction\":[{\"@type\":\"SearchAction\",\"target\":{\"@type\":\"EntryPoint\",\"urlTemplate\":\"https:\/\/sandzakpress.net\/arhiva\/?s={search_term_string}\"},\"query-input\":{\"@type\":\"PropertyValueSpecification\",\"valueRequired\":true,\"valueName\":\"search_term_string\"}}],\"inLanguage\":\"bs-BA\"},{\"@type\":[\"Person\",\"Organization\"],\"@id\":\"https:\/\/sandzakpress.net\/arhiva\/#\/schema\/person\/6e72b67d6e51910a1117b3b483ba20bd\",\"name\":\"Kul\",\"image\":{\"@type\":\"ImageObject\",\"inLanguage\":\"bs-BA\",\"@id\":\"https:\/\/sandzakpress.net\/arhiva\/#\/schema\/person\/image\/\",\"url\":\"https:\/\/secure.gravatar.com\/avatar\/42263f39aa27ac04c43cab85c280eb2e?s=96&d=mm&r=pg\",\"contentUrl\":\"https:\/\/secure.gravatar.com\/avatar\/42263f39aa27ac04c43cab85c280eb2e?s=96&d=mm&r=pg\",\"caption\":\"Kul\"},\"logo\":{\"@id\":\"https:\/\/sandzakpress.net\/arhiva\/#\/schema\/person\/image\/\"}},{\"@type\":\"Person\",\"@id\":\"https:\/\/sandzakpress.net\/arhiva\/#\/schema\/person\/cb59d7e3ab91ab90dd680ad0305a6185\",\"name\":\"Agencija\",\"image\":{\"@type\":\"ImageObject\",\"inLanguage\":\"bs-BA\",\"@id\":\"https:\/\/sandzakpress.net\/arhiva\/#\/schema\/person\/image\/\",\"url\":\"https:\/\/secure.gravatar.com\/avatar\/4b7fafa80a22f0c2afe23966b3961fe0?s=96&d=mm&r=pg\",\"contentUrl\":\"https:\/\/secure.gravatar.com\/avatar\/4b7fafa80a22f0c2afe23966b3961fe0?s=96&d=mm&r=pg\",\"caption\":\"Agencija\"},\"url\":\"https:\/\/sandzakpress.net\/arhiva\/author\/agencija\/\"}]}<\/script>\n<!-- \/ Yoast SEO Premium plugin. -->","yoast_head_json":{"title":"Manijak iz Novog Pazara poznat je pedofil u kraju: \"Moju \u0107erku je napao jo\u0161 prije 10 godina. Dobio je tri mjeseca zatvora\"","robots":{"index":"index","follow":"follow","max-snippet":"max-snippet:-1","max-image-preview":"max-image-preview:large","max-video-preview":"max-video-preview:-1"},"canonical":"https:\/\/sandzakpress.net\/arhiva\/manijak-iz-novog-pazara-poznat-je-pedofil-u-kraju-moju-cerku-je-napao-jos-prije-10-godina-dobio-je-tri-mjeseca-zatvora\/","og_locale":"bs_BA","og_type":"article","og_title":"Manijak iz Novog Pazara poznat je pedofil u kraju: \"Moju \u0107erku je napao jo\u0161 prije 10 godina. Dobio je tri mjeseca zatvora\"","og_description":"Novopazarac E. D. (36), koji je pro\u0161le nedelje uhap\u0161en zbog sumnje da je seksualno napastvovao dve devoj\u010dice, ve\u0107 godinama je poznat po takvom pona\u0161anju, ali i po kra\u0111ama i prevarama, nezvani\u010dno saznaje &#8220;Blic&#8221;. Nakon \u0161to je objavljena njegova fotografija i snimak sa video nadzora, na kojem se vidi kako E. D. mami devoj\u010dicu u ulaz [&hellip;]","og_url":"https:\/\/sandzakpress.net\/arhiva\/manijak-iz-novog-pazara-poznat-je-pedofil-u-kraju-moju-cerku-je-napao-jos-prije-10-godina-dobio-je-tri-mjeseca-zatvora\/","og_site_name":"Sand\u017eak PRESS","article_published_time":"2019-02-06T10:41:07+00:00","og_image":[{"width":740,"height":1012,"url":"https:\/\/sandzakpress.net\/arhiva\/wp-content\/uploads\/2019\/02\/zy2k9lMaHR0cDovL29jZG4uZXUvaW1hZ2VzL3B1bHNjbXMvTkRBN01EQV8vYzMzMDI2ZDVhMmUzZWNiMWI1M2YyNzY1YjBjNTM5MjIuanBlZ5GTAs0C5ACBoTAB.jpg","type":"image\/jpeg"}],"author":"Agencija","twitter_card":"summary_large_image","twitter_misc":{"Written by":"Agencija","Est. reading time":"2 minute"},"schema":{"@context":"https:\/\/schema.org","@graph":[{"@type":"Article","@id":"https:\/\/sandzakpress.net\/arhiva\/manijak-iz-novog-pazara-poznat-je-pedofil-u-kraju-moju-cerku-je-napao-jos-prije-10-godina-dobio-je-tri-mjeseca-zatvora\/#article","isPartOf":{"@id":"https:\/\/sandzakpress.net\/arhiva\/manijak-iz-novog-pazara-poznat-je-pedofil-u-kraju-moju-cerku-je-napao-jos-prije-10-godina-dobio-je-tri-mjeseca-zatvora\/"},"author":{"name":"Agencija","@id":"https:\/\/sandzakpress.net\/arhiva\/#\/schema\/person\/cb59d7e3ab91ab90dd680ad0305a6185"},"headline":"Manijak iz Novog Pazara poznat je pedofil u kraju: &#8220;Moju \u0107erku je napao jo\u0161 prije 10 godina. Dobio je tri mjeseca zatvora&#8221;","datePublished":"2019-02-06T10:41:07+00:00","mainEntityOfPage":{"@id":"https:\/\/sandzakpress.net\/arhiva\/manijak-iz-novog-pazara-poznat-je-pedofil-u-kraju-moju-cerku-je-napao-jos-prije-10-godina-dobio-je-tri-mjeseca-zatvora\/"},"wordCount":501,"commentCount":0,"publisher":{"@id":"https:\/\/sandzakpress.net\/arhiva\/#\/schema\/person\/6e72b67d6e51910a1117b3b483ba20bd"},"image":{"@id":"https:\/\/sandzakpress.net\/arhiva\/manijak-iz-novog-pazara-poznat-je-pedofil-u-kraju-moju-cerku-je-napao-jos-prije-10-godina-dobio-je-tri-mjeseca-zatvora\/#primaryimage"},"thumbnailUrl":"https:\/\/sandzakpress.net\/arhiva\/wp-content\/uploads\/2019\/02\/zy2k9lMaHR0cDovL29jZG4uZXUvaW1hZ2VzL3B1bHNjbXMvTkRBN01EQV8vYzMzMDI2ZDVhMmUzZWNiMWI1M2YyNzY1YjBjNTM5MjIuanBlZ5GTAs0C5ACBoTAB.jpg","articleSection":["Novi Pazar","Hronika","VA\u017dNO!"],"inLanguage":"bs-BA","potentialAction":[{"@type":"CommentAction","name":"Comment","target":["https:\/\/sandzakpress.net\/arhiva\/manijak-iz-novog-pazara-poznat-je-pedofil-u-kraju-moju-cerku-je-napao-jos-prije-10-godina-dobio-je-tri-mjeseca-zatvora\/#respond"]}]},{"@type":"WebPage","@id":"https:\/\/sandzakpress.net\/arhiva\/manijak-iz-novog-pazara-poznat-je-pedofil-u-kraju-moju-cerku-je-napao-jos-prije-10-godina-dobio-je-tri-mjeseca-zatvora\/","url":"https:\/\/sandzakpress.net\/arhiva\/manijak-iz-novog-pazara-poznat-je-pedofil-u-kraju-moju-cerku-je-napao-jos-prije-10-godina-dobio-je-tri-mjeseca-zatvora\/","name":"Manijak iz Novog Pazara poznat je pedofil u kraju: \"Moju \u0107erku je napao jo\u0161 prije 10 godina. Dobio je tri mjeseca zatvora\"","isPartOf":{"@id":"https:\/\/sandzakpress.net\/arhiva\/#website"},"primaryImageOfPage":{"@id":"https:\/\/sandzakpress.net\/arhiva\/manijak-iz-novog-pazara-poznat-je-pedofil-u-kraju-moju-cerku-je-napao-jos-prije-10-godina-dobio-je-tri-mjeseca-zatvora\/#primaryimage"},"image":{"@id":"https:\/\/sandzakpress.net\/arhiva\/manijak-iz-novog-pazara-poznat-je-pedofil-u-kraju-moju-cerku-je-napao-jos-prije-10-godina-dobio-je-tri-mjeseca-zatvora\/#primaryimage"},"thumbnailUrl":"https:\/\/sandzakpress.net\/arhiva\/wp-content\/uploads\/2019\/02\/zy2k9lMaHR0cDovL29jZG4uZXUvaW1hZ2VzL3B1bHNjbXMvTkRBN01EQV8vYzMzMDI2ZDVhMmUzZWNiMWI1M2YyNzY1YjBjNTM5MjIuanBlZ5GTAs0C5ACBoTAB.jpg","datePublished":"2019-02-06T10:41:07+00:00","breadcrumb":{"@id":"https:\/\/sandzakpress.net\/arhiva\/manijak-iz-novog-pazara-poznat-je-pedofil-u-kraju-moju-cerku-je-napao-jos-prije-10-godina-dobio-je-tri-mjeseca-zatvora\/#breadcrumb"},"inLanguage":"bs-BA","potentialAction":[{"@type":"ReadAction","target":["https:\/\/sandzakpress.net\/arhiva\/manijak-iz-novog-pazara-poznat-je-pedofil-u-kraju-moju-cerku-je-napao-jos-prije-10-godina-dobio-je-tri-mjeseca-zatvora\/"]}]},{"@type":"ImageObject","inLanguage":"bs-BA","@id":"https:\/\/sandzakpress.net\/arhiva\/manijak-iz-novog-pazara-poznat-je-pedofil-u-kraju-moju-cerku-je-napao-jos-prije-10-godina-dobio-je-tri-mjeseca-zatvora\/#primaryimage","url":"https:\/\/sandzakpress.net\/arhiva\/wp-content\/uploads\/2019\/02\/zy2k9lMaHR0cDovL29jZG4uZXUvaW1hZ2VzL3B1bHNjbXMvTkRBN01EQV8vYzMzMDI2ZDVhMmUzZWNiMWI1M2YyNzY1YjBjNTM5MjIuanBlZ5GTAs0C5ACBoTAB.jpg","contentUrl":"https:\/\/sandzakpress.net\/arhiva\/wp-content\/uploads\/2019\/02\/zy2k9lMaHR0cDovL29jZG4uZXUvaW1hZ2VzL3B1bHNjbXMvTkRBN01EQV8vYzMzMDI2ZDVhMmUzZWNiMWI1M2YyNzY1YjBjNTM5MjIuanBlZ5GTAs0C5ACBoTAB.jpg","width":740,"height":1012},{"@type":"BreadcrumbList","@id":"https:\/\/sandzakpress.net\/arhiva\/manijak-iz-novog-pazara-poznat-je-pedofil-u-kraju-moju-cerku-je-napao-jos-prije-10-godina-dobio-je-tri-mjeseca-zatvora\/#breadcrumb","itemListElement":[{"@type":"ListItem","position":1,"name":"Home","item":"https:\/\/sandzakpress.net\/arhiva\/"},{"@type":"ListItem","position":2,"name":"Manijak iz Novog Pazara poznat je pedofil u kraju: &#8220;Moju \u0107erku je napao jo\u0161 prije 10 godina. Dobio je tri mjeseca zatvora&#8221;"}]},{"@type":"WebSite","@id":"https:\/\/sandzakpress.net\/arhiva\/#website","url":"https:\/\/sandzakpress.net\/arhiva\/","name":"Sand\u017eak PRESS","description":"Prve elektronske novine u Sand\u017eaku","publisher":{"@id":"https:\/\/sandzakpress.net\/arhiva\/#\/schema\/person\/6e72b67d6e51910a1117b3b483ba20bd"},"potentialAction":[{"@type":"SearchAction","target":{"@type":"EntryPoint","urlTemplate":"https:\/\/sandzakpress.net\/arhiva\/?s={search_term_string}"},"query-input":{"@type":"PropertyValueSpecification","valueRequired":true,"valueName":"search_term_string"}}],"inLanguage":"bs-BA"},{"@type":["Person","Organization"],"@id":"https:\/\/sandzakpress.net\/arhiva\/#\/schema\/person\/6e72b67d6e51910a1117b3b483ba20bd","name":"Kul","image":{"@type":"ImageObject","inLanguage":"bs-BA","@id":"https:\/\/sandzakpress.net\/arhiva\/#\/schema\/person\/image\/","url":"https:\/\/secure.gravatar.com\/avatar\/42263f39aa27ac04c43cab85c280eb2e?s=96&d=mm&r=pg","contentUrl":"https:\/\/secure.gravatar.com\/avatar\/42263f39aa27ac04c43cab85c280eb2e?s=96&d=mm&r=pg","caption":"Kul"},"logo":{"@id":"https:\/\/sandzakpress.net\/arhiva\/#\/schema\/person\/image\/"}},{"@type":"Person","@id":"https:\/\/sandzakpress.net\/arhiva\/#\/schema\/person\/cb59d7e3ab91ab90dd680ad0305a6185","name":"Agencija","image":{"@type":"ImageObject","inLanguage":"bs-BA","@id":"https:\/\/sandzakpress.net\/arhiva\/#\/schema\/person\/image\/","url":"https:\/\/secure.gravatar.com\/avatar\/4b7fafa80a22f0c2afe23966b3961fe0?s=96&d=mm&r=pg","contentUrl":"https:\/\/secure.gravatar.com\/avatar\/4b7fafa80a22f0c2afe23966b3961fe0?s=96&d=mm&r=pg","caption":"Agencija"},"url":"https:\/\/sandzakpress.net\/arhiva\/author\/agencija\/"}]}},"_links":{"self":[{"href":"https:\/\/sandzakpress.net\/arhiva\/wp-json\/wp\/v2\/posts\/215984"}],"collection":[{"href":"https:\/\/sandzakpress.net\/arhiva\/wp-json\/wp\/v2\/posts"}],"about":[{"href":"https:\/\/sandzakpress.net\/arhiva\/wp-json\/wp\/v2\/types\/post"}],"author":[{"embeddable":true,"href":"https:\/\/sandzakpress.net\/arhiva\/wp-json\/wp\/v2\/users\/509"}],"replies":[{"embeddable":true,"href":"https:\/\/sandzakpress.net\/arhiva\/wp-json\/wp\/v2\/comments?post=215984"}],"version-history":[{"count":0,"href":"https:\/\/sandzakpress.net\/arhiva\/wp-json\/wp\/v2\/posts\/215984\/revisions"}],"wp:featuredmedia":[{"embeddable":true,"href":"https:\/\/sandzakpress.net\/arhiva\/wp-json\/wp\/v2\/media\/215994"}],"wp:attachment":[{"href":"https:\/\/sandzakpress.net\/arhiva\/wp-json\/wp\/v2\/media?parent=215984"}],"wp:term":[{"taxonomy":"category","embeddable":true,"href":"https:\/\/sandzakpress.net\/arhiva\/wp-json\/wp\/v2\/categories?post=215984"},{"taxonomy":"post_tag","embeddable":true,"href":"https:\/\/sandzakpress.net\/arhiva\/wp-json\/wp\/v2\/tags?post=215984"}],"curies":[{"name":"wp","href":"https:\/\/api.w.org\/{rel}","templated":true}]}}