{"id":215595,"date":"2019-01-28T23:14:47","date_gmt":"2019-01-28T22:14:47","guid":{"rendered":"https:\/\/sandzakpress.net\/arhiva\/kako-je-senad-hadzifejzovic-poistovjetio-islamski-pozdrav-selam-sa-isilom-video"},"modified":"2019-01-28T23:14:47","modified_gmt":"2019-01-28T22:14:47","slug":"kako-je-senad-hadzifejzovic-poistovjetio-islamski-pozdrav-selam-sa-isilom-video","status":"publish","type":"post","link":"https:\/\/sandzakpress.net\/arhiva\/kako-je-senad-hadzifejzovic-poistovjetio-islamski-pozdrav-selam-sa-isilom-video\/","title":{"rendered":"Kako je Senad Had\u017eifejzovi\u0107 poistovjetio islamski pozdrav SELAM sa Isilom \/VIDEO\/"},"content":{"rendered":"<p><span class=\"cb-itemprop\"><\/p>\n<div class=\"td-post-content\">\n<p><img decoding=\"async\" src=\"http:\/\/saff.ba\/wp-content\/uploads\/2019\/01\/Screenshot-2019-01-28-at-13.32.19.jpg\" \/><\/p>\n<p><strong>Senad Had\u017eifejzovi\u0107 je vode\u0107i specijalno izdanje \u201cCentralnog dnevnika\u201d iz Konjica skandalozno poistovjetio islamski pozdrav SELAM sa zlo\u010dina\u010dkim Isilom.<\/strong><\/p>\n<p>\u201cOno \u0161to nisam mogao da izvu\u010dem ni u privatnim razgovorima, kako ide prodaja metaka. Naprimjer, to ide ovako, ka\u017ee ovaj otamo, kad nazove direktora: \u201cEselamu alejkum verahmetullahi\u201d, aha Isial, daj tamo \u0161alji, ili ide \u201cdobar dan \u2013 pa\u017ealusta\u201d, ide za Rusiju\u201d.<\/p>\n<div class=\"td-a-rec td-a-rec-id-content_inlineright  td-rec-hide-on-p td_uid_2_5c4f7b764d174_rand td_block_template_1\">\n<div id=\"gpt_unit_\/6485410\/adxp_Saff_300x250_3_ad_container\" data-google-container-id=\"3\">\n<div data-rp-type=\"trp-display-creative\" data-rp-impression-id=\"2ef1ea3d-4c75-4d1b-b4c8-7b55ecdf260b\" data-rp-aqid=\"3644:AFBR62MXYZDOVCHGJ68PRO_300x250_1\" data-rp-acct-id=\"12398\">\n<div><img loading=\"lazy\" decoding=\"async\" src=\"http:\/\/beacon-eu2.rubiconproject.com\/beacon\/d\/2ef1ea3d-4c75-4d1b-b4c8-7b55ecdf260b?oo=0&amp;accountId=12398&amp;siteId=51234&amp;zoneId=230802&amp;sizeId=15&amp;e=6A1E40E384DA563BAFF5E8081F057EDC1A9B8B83395AA9A61D9231B1C1127230810BB280AEB3019DB1C5EB11DB29CED8ABCC67E9E609CD7C49B240818B9DA8DD643A0BEF9D0714D139128501C97449572A98067BC6ACE2547A1E905764A1670FF6D014C97F021D1E09581AFBA6FD79B77D9EFEC554047ADCD69C679922FF3B398CDB4C1D47EA8EF5BA4A7FA2CA1D0C2CC675F5967D9698FDB1B937746B29C8D36240B348FC26EBCF778F069902F489825C525BE74D617E79FFD99CDC2D7D6A5483009FDB9DE79816F7A36B4EB28B8ACB767561F08AC8EDD6A99C01F2762055B78C75B51321F19FC6F4223B5C999D07B56F28BE6FC1F33F5A\" alt=\"\" width=\"1\" height=\"1\" border=\"0\" \/>Ovakvim pona\u0161anjem Senad Had\u017eifejzovi\u0107 uru\u0161ava svoj ugled . \u010cak da se radi o pukoj neopreznosti ,to ga ne opravdava da jedan pozdrav mira i ljubavi poistovjeti sa ISIL-om.<\/div>\n<\/div>\n<\/div>\n<\/div>\n<p>Citirani skandalozni nastup Senada Had\u017eifejzovi\u0107a mo\u017eete pogledati na snimku ispod.<\/p>\n<\/p>\n<\/div>\n<footer>\n<div class=\"td-post-source-tags\"><\/div>\n<div class=\"td-post-sharing td-post-sharing-bottom td-with-like\"><span class=\"td-post-share-title\">(saff.ba)<\/span><\/div>\n<\/footer>\n<p><\/span><br \/>\nPogledajte vijest na izvornom sajtu:<\/p>\n<p><a href=\"http:\/\/bosnapress.net\/kako-je-senad-hadzifejzovic-poistovjetio-islamski-pozdrav-selam-sa-isilom-video\/\" target=\"_blank\">Kako je Senad Had\u017eifejzovi\u0107 poistovjetio islamski pozdrav SELAM sa Isilom \/VIDEO\/<\/a><\/p>\n","protected":false},"excerpt":{"rendered":"<p>Senad Had\u017eifejzovi\u0107 je vode\u0107i specijalno izdanje \u201cCentralnog dnevnika\u201d iz Konjica skandalozno poistovjetio islamski pozdrav SELAM sa zlo\u010dina\u010dkim Isilom. \u201cOno \u0161to nisam mogao da izvu\u010dem ni u privatnim razgovorima, kako ide prodaja metaka. Naprimjer, to ide ovako, ka\u017ee ovaj otamo, kad nazove direktora: \u201cEselamu alejkum verahmetullahi\u201d, aha Isial, daj tamo \u0161alji, ili ide \u201cdobar dan \u2013 [&hellip;]<\/p>\n","protected":false},"author":83,"featured_media":215597,"comment_status":"open","ping_status":"open","sticky":false,"template":"","format":"standard","meta":{"footnotes":""},"categories":[10513],"tags":[10466],"class_list":{"0":"post-215595","1":"post","2":"type-post","3":"status-publish","4":"format-standard","5":"has-post-thumbnail","7":"category-bosna-press","8":"tag-bosna-i-hercegovina"},"yoast_head":"<!-- This site is optimized with the Yoast SEO Premium plugin v23.1 (Yoast SEO v24.9) - https:\/\/yoast.com\/wordpress\/plugins\/seo\/ -->\n<title>Kako je Senad Had\u017eifejzovi\u0107 poistovjetio islamski pozdrav SELAM sa Isilom \/VIDEO\/<\/title>\n<meta name=\"robots\" content=\"index, follow, max-snippet:-1, max-image-preview:large, max-video-preview:-1\" \/>\n<link rel=\"canonical\" href=\"https:\/\/sandzakpress.net\/arhiva\/kako-je-senad-hadzifejzovic-poistovjetio-islamski-pozdrav-selam-sa-isilom-video\/\" \/>\n<meta property=\"og:locale\" content=\"bs_BA\" \/>\n<meta property=\"og:type\" content=\"article\" \/>\n<meta property=\"og:title\" content=\"Kako je Senad Had\u017eifejzovi\u0107 poistovjetio islamski pozdrav SELAM sa Isilom \/VIDEO\/\" \/>\n<meta property=\"og:description\" content=\"Senad Had\u017eifejzovi\u0107 je vode\u0107i specijalno izdanje \u201cCentralnog dnevnika\u201d iz Konjica skandalozno poistovjetio islamski pozdrav SELAM sa zlo\u010dina\u010dkim Isilom. \u201cOno \u0161to nisam mogao da izvu\u010dem ni u privatnim razgovorima, kako ide prodaja metaka. Naprimjer, to ide ovako, ka\u017ee ovaj otamo, kad nazove direktora: \u201cEselamu alejkum verahmetullahi\u201d, aha Isial, daj tamo \u0161alji, ili ide \u201cdobar dan \u2013 [&hellip;]\" \/>\n<meta property=\"og:url\" content=\"https:\/\/sandzakpress.net\/arhiva\/kako-je-senad-hadzifejzovic-poistovjetio-islamski-pozdrav-selam-sa-isilom-video\/\" \/>\n<meta property=\"og:site_name\" content=\"Sand\u017eak PRESS\" \/>\n<meta property=\"article:published_time\" content=\"2019-01-28T22:14:47+00:00\" \/>\n<meta property=\"og:image\" content=\"https:\/\/sandzakpress.net\/arhiva\/wp-content\/uploads\/2019\/01\/Screenshot-2019-01-28-at-13.32.19-1.jpg\" \/>\n\t<meta property=\"og:image:width\" content=\"1566\" \/>\n\t<meta property=\"og:image:height\" content=\"850\" \/>\n\t<meta property=\"og:image:type\" content=\"image\/jpeg\" \/>\n<meta name=\"author\" content=\"bosniak\" \/>\n<meta name=\"twitter:card\" content=\"summary_large_image\" \/>\n<meta name=\"twitter:label1\" content=\"Written by\" \/>\n\t<meta name=\"twitter:data1\" content=\"bosniak\" \/>\n\t<meta name=\"twitter:label2\" content=\"Est. reading time\" \/>\n\t<meta name=\"twitter:data2\" content=\"1 minuta\" \/>\n<script type=\"application\/ld+json\" class=\"yoast-schema-graph\">{\"@context\":\"https:\/\/schema.org\",\"@graph\":[{\"@type\":\"Article\",\"@id\":\"https:\/\/sandzakpress.net\/arhiva\/kako-je-senad-hadzifejzovic-poistovjetio-islamski-pozdrav-selam-sa-isilom-video\/#article\",\"isPartOf\":{\"@id\":\"https:\/\/sandzakpress.net\/arhiva\/kako-je-senad-hadzifejzovic-poistovjetio-islamski-pozdrav-selam-sa-isilom-video\/\"},\"author\":{\"name\":\"bosniak\",\"@id\":\"https:\/\/sandzakpress.net\/arhiva\/#\/schema\/person\/c8baee722073534b583ea7bdb2e36c02\"},\"headline\":\"Kako je Senad Had\u017eifejzovi\u0107 poistovjetio islamski pozdrav SELAM sa Isilom \/VIDEO\/\",\"datePublished\":\"2019-01-28T22:14:47+00:00\",\"mainEntityOfPage\":{\"@id\":\"https:\/\/sandzakpress.net\/arhiva\/kako-je-senad-hadzifejzovic-poistovjetio-islamski-pozdrav-selam-sa-isilom-video\/\"},\"wordCount\":139,\"commentCount\":0,\"publisher\":{\"@id\":\"https:\/\/sandzakpress.net\/arhiva\/#\/schema\/person\/6e72b67d6e51910a1117b3b483ba20bd\"},\"image\":{\"@id\":\"https:\/\/sandzakpress.net\/arhiva\/kako-je-senad-hadzifejzovic-poistovjetio-islamski-pozdrav-selam-sa-isilom-video\/#primaryimage\"},\"thumbnailUrl\":\"https:\/\/sandzakpress.net\/arhiva\/wp-content\/uploads\/2019\/01\/Screenshot-2019-01-28-at-13.32.19-1.jpg\",\"keywords\":[\"Bosna i Hercegovina\"],\"articleSection\":[\"Bosna PRESS\"],\"inLanguage\":\"bs-BA\",\"potentialAction\":[{\"@type\":\"CommentAction\",\"name\":\"Comment\",\"target\":[\"https:\/\/sandzakpress.net\/arhiva\/kako-je-senad-hadzifejzovic-poistovjetio-islamski-pozdrav-selam-sa-isilom-video\/#respond\"]}]},{\"@type\":\"WebPage\",\"@id\":\"https:\/\/sandzakpress.net\/arhiva\/kako-je-senad-hadzifejzovic-poistovjetio-islamski-pozdrav-selam-sa-isilom-video\/\",\"url\":\"https:\/\/sandzakpress.net\/arhiva\/kako-je-senad-hadzifejzovic-poistovjetio-islamski-pozdrav-selam-sa-isilom-video\/\",\"name\":\"Kako je Senad Had\u017eifejzovi\u0107 poistovjetio islamski pozdrav SELAM sa Isilom \/VIDEO\/\",\"isPartOf\":{\"@id\":\"https:\/\/sandzakpress.net\/arhiva\/#website\"},\"primaryImageOfPage\":{\"@id\":\"https:\/\/sandzakpress.net\/arhiva\/kako-je-senad-hadzifejzovic-poistovjetio-islamski-pozdrav-selam-sa-isilom-video\/#primaryimage\"},\"image\":{\"@id\":\"https:\/\/sandzakpress.net\/arhiva\/kako-je-senad-hadzifejzovic-poistovjetio-islamski-pozdrav-selam-sa-isilom-video\/#primaryimage\"},\"thumbnailUrl\":\"https:\/\/sandzakpress.net\/arhiva\/wp-content\/uploads\/2019\/01\/Screenshot-2019-01-28-at-13.32.19-1.jpg\",\"datePublished\":\"2019-01-28T22:14:47+00:00\",\"breadcrumb\":{\"@id\":\"https:\/\/sandzakpress.net\/arhiva\/kako-je-senad-hadzifejzovic-poistovjetio-islamski-pozdrav-selam-sa-isilom-video\/#breadcrumb\"},\"inLanguage\":\"bs-BA\",\"potentialAction\":[{\"@type\":\"ReadAction\",\"target\":[\"https:\/\/sandzakpress.net\/arhiva\/kako-je-senad-hadzifejzovic-poistovjetio-islamski-pozdrav-selam-sa-isilom-video\/\"]}]},{\"@type\":\"ImageObject\",\"inLanguage\":\"bs-BA\",\"@id\":\"https:\/\/sandzakpress.net\/arhiva\/kako-je-senad-hadzifejzovic-poistovjetio-islamski-pozdrav-selam-sa-isilom-video\/#primaryimage\",\"url\":\"https:\/\/sandzakpress.net\/arhiva\/wp-content\/uploads\/2019\/01\/Screenshot-2019-01-28-at-13.32.19-1.jpg\",\"contentUrl\":\"https:\/\/sandzakpress.net\/arhiva\/wp-content\/uploads\/2019\/01\/Screenshot-2019-01-28-at-13.32.19-1.jpg\",\"width\":1566,\"height\":850},{\"@type\":\"BreadcrumbList\",\"@id\":\"https:\/\/sandzakpress.net\/arhiva\/kako-je-senad-hadzifejzovic-poistovjetio-islamski-pozdrav-selam-sa-isilom-video\/#breadcrumb\",\"itemListElement\":[{\"@type\":\"ListItem\",\"position\":1,\"name\":\"Home\",\"item\":\"https:\/\/sandzakpress.net\/arhiva\/\"},{\"@type\":\"ListItem\",\"position\":2,\"name\":\"Kako je Senad Had\u017eifejzovi\u0107 poistovjetio islamski pozdrav SELAM sa Isilom \/VIDEO\/\"}]},{\"@type\":\"WebSite\",\"@id\":\"https:\/\/sandzakpress.net\/arhiva\/#website\",\"url\":\"https:\/\/sandzakpress.net\/arhiva\/\",\"name\":\"Sand\u017eak PRESS\",\"description\":\"Prve elektronske novine u Sand\u017eaku\",\"publisher\":{\"@id\":\"https:\/\/sandzakpress.net\/arhiva\/#\/schema\/person\/6e72b67d6e51910a1117b3b483ba20bd\"},\"potentialAction\":[{\"@type\":\"SearchAction\",\"target\":{\"@type\":\"EntryPoint\",\"urlTemplate\":\"https:\/\/sandzakpress.net\/arhiva\/?s={search_term_string}\"},\"query-input\":{\"@type\":\"PropertyValueSpecification\",\"valueRequired\":true,\"valueName\":\"search_term_string\"}}],\"inLanguage\":\"bs-BA\"},{\"@type\":[\"Person\",\"Organization\"],\"@id\":\"https:\/\/sandzakpress.net\/arhiva\/#\/schema\/person\/6e72b67d6e51910a1117b3b483ba20bd\",\"name\":\"Kul\",\"image\":{\"@type\":\"ImageObject\",\"inLanguage\":\"bs-BA\",\"@id\":\"https:\/\/sandzakpress.net\/arhiva\/#\/schema\/person\/image\/\",\"url\":\"https:\/\/secure.gravatar.com\/avatar\/42263f39aa27ac04c43cab85c280eb2e?s=96&d=mm&r=pg\",\"contentUrl\":\"https:\/\/secure.gravatar.com\/avatar\/42263f39aa27ac04c43cab85c280eb2e?s=96&d=mm&r=pg\",\"caption\":\"Kul\"},\"logo\":{\"@id\":\"https:\/\/sandzakpress.net\/arhiva\/#\/schema\/person\/image\/\"}},{\"@type\":\"Person\",\"@id\":\"https:\/\/sandzakpress.net\/arhiva\/#\/schema\/person\/c8baee722073534b583ea7bdb2e36c02\",\"name\":\"bosniak\",\"image\":{\"@type\":\"ImageObject\",\"inLanguage\":\"bs-BA\",\"@id\":\"https:\/\/sandzakpress.net\/arhiva\/#\/schema\/person\/image\/\",\"url\":\"https:\/\/secure.gravatar.com\/avatar\/a04fd330bfe3a36a72a0ad4a6d89fca7?s=96&d=mm&r=pg\",\"contentUrl\":\"https:\/\/secure.gravatar.com\/avatar\/a04fd330bfe3a36a72a0ad4a6d89fca7?s=96&d=mm&r=pg\",\"caption\":\"bosniak\"},\"url\":\"https:\/\/sandzakpress.net\/arhiva\/author\/bosniak\/\"}]}<\/script>\n<!-- \/ Yoast SEO Premium plugin. -->","yoast_head_json":{"title":"Kako je Senad Had\u017eifejzovi\u0107 poistovjetio islamski pozdrav SELAM sa Isilom \/VIDEO\/","robots":{"index":"index","follow":"follow","max-snippet":"max-snippet:-1","max-image-preview":"max-image-preview:large","max-video-preview":"max-video-preview:-1"},"canonical":"https:\/\/sandzakpress.net\/arhiva\/kako-je-senad-hadzifejzovic-poistovjetio-islamski-pozdrav-selam-sa-isilom-video\/","og_locale":"bs_BA","og_type":"article","og_title":"Kako je Senad Had\u017eifejzovi\u0107 poistovjetio islamski pozdrav SELAM sa Isilom \/VIDEO\/","og_description":"Senad Had\u017eifejzovi\u0107 je vode\u0107i specijalno izdanje \u201cCentralnog dnevnika\u201d iz Konjica skandalozno poistovjetio islamski pozdrav SELAM sa zlo\u010dina\u010dkim Isilom. \u201cOno \u0161to nisam mogao da izvu\u010dem ni u privatnim razgovorima, kako ide prodaja metaka. Naprimjer, to ide ovako, ka\u017ee ovaj otamo, kad nazove direktora: \u201cEselamu alejkum verahmetullahi\u201d, aha Isial, daj tamo \u0161alji, ili ide \u201cdobar dan \u2013 [&hellip;]","og_url":"https:\/\/sandzakpress.net\/arhiva\/kako-je-senad-hadzifejzovic-poistovjetio-islamski-pozdrav-selam-sa-isilom-video\/","og_site_name":"Sand\u017eak PRESS","article_published_time":"2019-01-28T22:14:47+00:00","og_image":[{"width":1566,"height":850,"url":"https:\/\/sandzakpress.net\/arhiva\/wp-content\/uploads\/2019\/01\/Screenshot-2019-01-28-at-13.32.19-1.jpg","type":"image\/jpeg"}],"author":"bosniak","twitter_card":"summary_large_image","twitter_misc":{"Written by":"bosniak","Est. reading time":"1 minuta"},"schema":{"@context":"https:\/\/schema.org","@graph":[{"@type":"Article","@id":"https:\/\/sandzakpress.net\/arhiva\/kako-je-senad-hadzifejzovic-poistovjetio-islamski-pozdrav-selam-sa-isilom-video\/#article","isPartOf":{"@id":"https:\/\/sandzakpress.net\/arhiva\/kako-je-senad-hadzifejzovic-poistovjetio-islamski-pozdrav-selam-sa-isilom-video\/"},"author":{"name":"bosniak","@id":"https:\/\/sandzakpress.net\/arhiva\/#\/schema\/person\/c8baee722073534b583ea7bdb2e36c02"},"headline":"Kako je Senad Had\u017eifejzovi\u0107 poistovjetio islamski pozdrav SELAM sa Isilom \/VIDEO\/","datePublished":"2019-01-28T22:14:47+00:00","mainEntityOfPage":{"@id":"https:\/\/sandzakpress.net\/arhiva\/kako-je-senad-hadzifejzovic-poistovjetio-islamski-pozdrav-selam-sa-isilom-video\/"},"wordCount":139,"commentCount":0,"publisher":{"@id":"https:\/\/sandzakpress.net\/arhiva\/#\/schema\/person\/6e72b67d6e51910a1117b3b483ba20bd"},"image":{"@id":"https:\/\/sandzakpress.net\/arhiva\/kako-je-senad-hadzifejzovic-poistovjetio-islamski-pozdrav-selam-sa-isilom-video\/#primaryimage"},"thumbnailUrl":"https:\/\/sandzakpress.net\/arhiva\/wp-content\/uploads\/2019\/01\/Screenshot-2019-01-28-at-13.32.19-1.jpg","keywords":["Bosna i Hercegovina"],"articleSection":["Bosna PRESS"],"inLanguage":"bs-BA","potentialAction":[{"@type":"CommentAction","name":"Comment","target":["https:\/\/sandzakpress.net\/arhiva\/kako-je-senad-hadzifejzovic-poistovjetio-islamski-pozdrav-selam-sa-isilom-video\/#respond"]}]},{"@type":"WebPage","@id":"https:\/\/sandzakpress.net\/arhiva\/kako-je-senad-hadzifejzovic-poistovjetio-islamski-pozdrav-selam-sa-isilom-video\/","url":"https:\/\/sandzakpress.net\/arhiva\/kako-je-senad-hadzifejzovic-poistovjetio-islamski-pozdrav-selam-sa-isilom-video\/","name":"Kako je Senad Had\u017eifejzovi\u0107 poistovjetio islamski pozdrav SELAM sa Isilom \/VIDEO\/","isPartOf":{"@id":"https:\/\/sandzakpress.net\/arhiva\/#website"},"primaryImageOfPage":{"@id":"https:\/\/sandzakpress.net\/arhiva\/kako-je-senad-hadzifejzovic-poistovjetio-islamski-pozdrav-selam-sa-isilom-video\/#primaryimage"},"image":{"@id":"https:\/\/sandzakpress.net\/arhiva\/kako-je-senad-hadzifejzovic-poistovjetio-islamski-pozdrav-selam-sa-isilom-video\/#primaryimage"},"thumbnailUrl":"https:\/\/sandzakpress.net\/arhiva\/wp-content\/uploads\/2019\/01\/Screenshot-2019-01-28-at-13.32.19-1.jpg","datePublished":"2019-01-28T22:14:47+00:00","breadcrumb":{"@id":"https:\/\/sandzakpress.net\/arhiva\/kako-je-senad-hadzifejzovic-poistovjetio-islamski-pozdrav-selam-sa-isilom-video\/#breadcrumb"},"inLanguage":"bs-BA","potentialAction":[{"@type":"ReadAction","target":["https:\/\/sandzakpress.net\/arhiva\/kako-je-senad-hadzifejzovic-poistovjetio-islamski-pozdrav-selam-sa-isilom-video\/"]}]},{"@type":"ImageObject","inLanguage":"bs-BA","@id":"https:\/\/sandzakpress.net\/arhiva\/kako-je-senad-hadzifejzovic-poistovjetio-islamski-pozdrav-selam-sa-isilom-video\/#primaryimage","url":"https:\/\/sandzakpress.net\/arhiva\/wp-content\/uploads\/2019\/01\/Screenshot-2019-01-28-at-13.32.19-1.jpg","contentUrl":"https:\/\/sandzakpress.net\/arhiva\/wp-content\/uploads\/2019\/01\/Screenshot-2019-01-28-at-13.32.19-1.jpg","width":1566,"height":850},{"@type":"BreadcrumbList","@id":"https:\/\/sandzakpress.net\/arhiva\/kako-je-senad-hadzifejzovic-poistovjetio-islamski-pozdrav-selam-sa-isilom-video\/#breadcrumb","itemListElement":[{"@type":"ListItem","position":1,"name":"Home","item":"https:\/\/sandzakpress.net\/arhiva\/"},{"@type":"ListItem","position":2,"name":"Kako je Senad Had\u017eifejzovi\u0107 poistovjetio islamski pozdrav SELAM sa Isilom \/VIDEO\/"}]},{"@type":"WebSite","@id":"https:\/\/sandzakpress.net\/arhiva\/#website","url":"https:\/\/sandzakpress.net\/arhiva\/","name":"Sand\u017eak PRESS","description":"Prve elektronske novine u Sand\u017eaku","publisher":{"@id":"https:\/\/sandzakpress.net\/arhiva\/#\/schema\/person\/6e72b67d6e51910a1117b3b483ba20bd"},"potentialAction":[{"@type":"SearchAction","target":{"@type":"EntryPoint","urlTemplate":"https:\/\/sandzakpress.net\/arhiva\/?s={search_term_string}"},"query-input":{"@type":"PropertyValueSpecification","valueRequired":true,"valueName":"search_term_string"}}],"inLanguage":"bs-BA"},{"@type":["Person","Organization"],"@id":"https:\/\/sandzakpress.net\/arhiva\/#\/schema\/person\/6e72b67d6e51910a1117b3b483ba20bd","name":"Kul","image":{"@type":"ImageObject","inLanguage":"bs-BA","@id":"https:\/\/sandzakpress.net\/arhiva\/#\/schema\/person\/image\/","url":"https:\/\/secure.gravatar.com\/avatar\/42263f39aa27ac04c43cab85c280eb2e?s=96&d=mm&r=pg","contentUrl":"https:\/\/secure.gravatar.com\/avatar\/42263f39aa27ac04c43cab85c280eb2e?s=96&d=mm&r=pg","caption":"Kul"},"logo":{"@id":"https:\/\/sandzakpress.net\/arhiva\/#\/schema\/person\/image\/"}},{"@type":"Person","@id":"https:\/\/sandzakpress.net\/arhiva\/#\/schema\/person\/c8baee722073534b583ea7bdb2e36c02","name":"bosniak","image":{"@type":"ImageObject","inLanguage":"bs-BA","@id":"https:\/\/sandzakpress.net\/arhiva\/#\/schema\/person\/image\/","url":"https:\/\/secure.gravatar.com\/avatar\/a04fd330bfe3a36a72a0ad4a6d89fca7?s=96&d=mm&r=pg","contentUrl":"https:\/\/secure.gravatar.com\/avatar\/a04fd330bfe3a36a72a0ad4a6d89fca7?s=96&d=mm&r=pg","caption":"bosniak"},"url":"https:\/\/sandzakpress.net\/arhiva\/author\/bosniak\/"}]}},"_links":{"self":[{"href":"https:\/\/sandzakpress.net\/arhiva\/wp-json\/wp\/v2\/posts\/215595"}],"collection":[{"href":"https:\/\/sandzakpress.net\/arhiva\/wp-json\/wp\/v2\/posts"}],"about":[{"href":"https:\/\/sandzakpress.net\/arhiva\/wp-json\/wp\/v2\/types\/post"}],"author":[{"embeddable":true,"href":"https:\/\/sandzakpress.net\/arhiva\/wp-json\/wp\/v2\/users\/83"}],"replies":[{"embeddable":true,"href":"https:\/\/sandzakpress.net\/arhiva\/wp-json\/wp\/v2\/comments?post=215595"}],"version-history":[{"count":0,"href":"https:\/\/sandzakpress.net\/arhiva\/wp-json\/wp\/v2\/posts\/215595\/revisions"}],"wp:featuredmedia":[{"embeddable":true,"href":"https:\/\/sandzakpress.net\/arhiva\/wp-json\/wp\/v2\/media\/215597"}],"wp:attachment":[{"href":"https:\/\/sandzakpress.net\/arhiva\/wp-json\/wp\/v2\/media?parent=215595"}],"wp:term":[{"taxonomy":"category","embeddable":true,"href":"https:\/\/sandzakpress.net\/arhiva\/wp-json\/wp\/v2\/categories?post=215595"},{"taxonomy":"post_tag","embeddable":true,"href":"https:\/\/sandzakpress.net\/arhiva\/wp-json\/wp\/v2\/tags?post=215595"}],"curies":[{"name":"wp","href":"https:\/\/api.w.org\/{rel}","templated":true}]}}