{"id":215447,"date":"2019-01-24T15:29:35","date_gmt":"2019-01-24T14:29:35","guid":{"rendered":"https:\/\/sandzakpress.net\/arhiva\/?p=215447"},"modified":"2019-01-24T15:29:35","modified_gmt":"2019-01-24T14:29:35","slug":"dr-zukorlic-odgovorio-na-optuzbe-o-saradnji-sa-seseljem-besmislene-su-i-sluze-za-skretanje-paznje-sa-sadrzaja-na-autora-knjige","status":"publish","type":"post","link":"https:\/\/sandzakpress.net\/arhiva\/dr-zukorlic-odgovorio-na-optuzbe-o-saradnji-sa-seseljem-besmislene-su-i-sluze-za-skretanje-paznje-sa-sadrzaja-na-autora-knjige\/","title":{"rendered":"Dr. Zukorli\u0107 odgovorio na optu\u017ebe o saradnji sa \u0160e\u0161eljem \u2013 Besmislene su i slu\u017ee za skretanje pa\u017enje sa sadr\u017eaja na autora knjige"},"content":{"rendered":"<p><\/p><figure class=\"wp-block-image\"><img decoding=\"async\" class=\"wp-image-43647\" src=\"http:\/\/sanapress.info\/wp-content\/uploads\/2019\/01\/66-1024x768.png\" alt=\"\" \/><\/figure><p>\r\n\r\n<\/p><p><br \/><strong>Predsjednik Stranke pravde stranke i pomirenja dr. Muamer Zukorli\u0107 prokomentarisao je navode medija bliskih Rasimu Ljaji\u0107u ali i obra\u0107anja politi\u010dkih konkurenata u Sand\u017eaku o povezanosti i umije\u0161anost u izdavanje posljednje knjige Vojislava \u0160e\u0161elja\u00a0&#8220;Novopazarski kralj heroina Rasim Ljaji\u0107&#8221;. Dr. Zukorli\u0107 kazao da je u pitanju\u00a0tipi\u010dno skretanje pa\u017enje sa su\u0161tinske teme a to je sadr\u017eina.<\/strong><\/p><p>\r\n\r\n<\/p><p>&#8220;Svako da su optu\u017ebe tipa finansiranje i saradnje besmislene. Moja politika je savr\u0161eno jasna, ona je\u00a0dijametralno razli\u010dita politika od Vojislava \u0160e\u0161elja, a pogotovo pri\u010da o finansiranju je smije\u0161na. Ti navodi nisu ta\u010dni, i to nije su\u0161tina teme. Su\u0161tina je da se prvi puta de\u0161ava u savremenoj povijesti ove zemlje da se za jednog visokog funkcionera u ovom slu\u010daju ministra i potpredsjednika Vlade, objavi knjiga od oko hiljadu stranica sa optu\u017ebama najgoreg kriminala a prije svega pokroviteljstva nad trgovinom narkoticima. Kada se ne\u0161to tako desi, tema ko je poru\u010dio je, ko je finansirao je potpuno besmislena. Su\u0161tina teme je da se sve to procesuira i ispita.&#8221;\u00a0<\/p><p>\r\n\r\n<\/p><p>Dr. Zukorli\u0107 vjeruje da je do\u0161lo do nekog raskola izme\u0111u \u0160e\u0161elja i Ljaji\u0107a, podsje\u0107aju\u0107i na brigu koju je Ljaji\u0107 vodio dok je \u0160e\u0161elj bio u Hagu.<\/p><p>\r\n\r\n<\/p><p>&#8220;Ono \u0161to ovih dana \u010dujemo sa medija Rasima Ljaji\u0107a da je\u00a0Vojislav \u0160e\u0161elj ratni zlo\u010dinac, jesu li to tek sada posle 20 godina shvatili? A \u0161ta to do sada nisu znali? Jel to Rasim Ljaji\u0107 nije znao ko je \u0160e\u0161elj dok ga je servisirao, pazio i mazio u Hagu i davao izjave i \u017ealopojke? \u0160ta se zapravo desilo pa je Ljaji\u0107 do\u017eivio katarzu? O\u010dito neki raskorak me\u0111u njima koji je doveo do toga da se ova knjiga objavi.&#8221;<\/p><p>\r\n\r\n<\/p><figure class=\"wp-block-image\"><img decoding=\"async\" class=\"wp-image-43646\" src=\"http:\/\/sanapress.info\/wp-content\/uploads\/2019\/01\/33300-1024x635.png\" alt=\"\" \/><\/figure><p>\r\n\r\n<\/p><p>Dodaje i da je pitanje koliko je Vojislav \u0160e\u0161elj doprinio zlo\u010dinima na ovim prostorima tema sudova, ali da se isto tako ne mo\u017ee zanemariti pitanje koliko je djece u Novom Pazaru i Sand\u017eaku umrlo od droge najbli\u017eih saradnika potredsjednika Rasima Ljaji\u0107a.<\/p><p>\r\n\r\n<\/p><p>Dr. Zukorli\u0107 isti\u010de i da knjiga Vojislava \u0160e\u0161elja nije potrebna Sand\u017eaklijama, jer ono \u0161to u njoj pi\u0161e narod u Sand\u017eaku odavno zna.<\/p><p>\r\n\r\n<\/p><p>&#8220;Istina ta knjiga mo\u017ee ne\u0161to koristi srpskoj javnosti ali u Sand\u017eaku uop\u0161te nije zanimljiva. Za\u0161to? Pa zato \u0161to svi u Novom Pazaru i svi u Sand\u017eaku znaju ko je prvi prije 30 godina donio drogu u Novi Pazar. Znaju \u010diji je porodi\u010dni biznis trgovina narkoticima. Znaju ko su prvi najbli\u017ei prijatelji, saradnici, ro\u0111aci Rasima Ljaji\u0107a i \u010dime se oni bave. Znaju ko kontroli\u0161e kockarnice u Novom Pazaru koje rade nelegalno pod pokroviteljstvom njega i njegovih saradnika. To mi ovdje svi znamo i zato nama nije potrebna knjiga Vojislava \u0160e\u0161elja ona je potreba srpskoj javnosti koja ima krivu sliku o Rasimu Ljaji\u0107u koji se 20 godina predstavlja kao prefinjen, savremen, lojalan gra\u0111anin. On to mo\u017eda jeste bio prema Srbiji ali je pitanje da li je to bio zalog zato \u0161to mu je sve ovo tolerisano.\u00a0&#8220;<\/p><p>\r\n\r\n<\/p><p>Zukorli\u0107 vjeruje i da \u0107e afera oko diplome Rasima Ljaji\u0107a ne\u0161to \u0161to \u0107e ga raskrinati, uputiv\u0161i poziv da diplomu poka\u017ee javnosti.<\/p><p>\r\n\r\n<\/p><p>&#8220;Kakva je to dr\u017eava, kakva je to Vlada koje mo\u017ee dvije decenije imati ministra koji nema legalnu diplomu. Koji brutalno i bezobrazno la\u017ee cijelu javnost potpisuju\u0107i se kao dr. Rasim Ljaji\u0107, doktor \u010dega? Prema zakonu o dostupnosti informacija od javnog zna\u010daja on je du\u017ean na upit obi\u010dnog gra\u0111anina da poka\u017ee svoju diplomu na osnovu koje se on potpisuje kao doktor i predstavlja se kao akademski gra\u0111anina, \u0161to je prevara i la\u017e. On za to mora da odgovara krivi\u010dno, ako ima falisfikovanu diplomu a ima. A ako nije falsifikovana, za\u0161to je ne poka\u017ee? Diploma je samo vrh ledenog brijega, i ne\u0161to \u0161to \u0107e njega da raskrinka, \u0161to \u0107e na kraju rezultirati da svoju dvodecenijsku ministarsku funkciju zavr\u0161iti veoma neslavno, obrukan i osramo\u0107en.<\/p><p>\r\n\r\n<\/p><p>Dr. Zukorli\u0107 uputio i savjet Rasimu Ljaji\u0107u.<\/p><p>\r\n\r\n<\/p><p>&#8220;Ja bih mu preporu\u010dio da se povu\u010de iz politike, da ugasi stranku i da se izvini narodu, Islamskoj zajednici&#8230; A \u0161to se ti\u010de onog dijela koji se ne mo\u017ee ispraviti, trovanje djece drogom, od toga se ne mo\u017ee\u0161 prati na ovom svijetu, to je ne\u0161to \u0161to ga \u010deka na budu\u0107em svijetu.&#8221;<\/p><p>\r\n\r\n<\/p><p>Na kraju pozvao dr\u017eavne organe da reaguju, jer kako navodi, Ljaji\u0107 se poslije 20 godina mora da se suo\u010di sa svojim pokroviteljstvom i protekcijom kriminala, sa svojim la\u017eama i prevarama.<\/p><p>\r\n\r\n<\/p><p>&#8220;Dr\u017eava i dr\u017eavni organi definitivno moraju staviti ta\u010dku na nagodbe sa Rasimom Ljaji\u0107em. Moraju prestati sa praksom da njegove dosijee dr\u017ee u fiokama i da mu time nare\u0111uju \u0161ta da radi. Previ\u0161e je toga bilo, tome treba da do\u0111e kraj i da se pravosudni organi razra\u010dunaju sa tim kriminalom a politi\u010dki da se taj \u010dovjek po\u0161alje u pro\u0161lost.&#8221; poru\u010dio je dr. Zukorli\u0107.<\/p><p>\r\n\r\n<\/p><figure class=\"wp-block-image\"><img decoding=\"async\" class=\"wp-image-43645\" src=\"http:\/\/sanapress.info\/wp-content\/uploads\/2019\/01\/0000-1024x606.png\" alt=\"\" \/><\/figure><p>\r\n\r\n<\/p><figure class=\"wp-block-image\"><img decoding=\"async\" class=\"wp-image-43644\" src=\"http:\/\/sanapress.info\/wp-content\/uploads\/2019\/01\/1-1024x881.png\" alt=\"\" \/><\/figure><p><\/p>","protected":false},"excerpt":{"rendered":"<p>Predsjednik Stranke pravde stranke i pomirenja dr. Muamer Zukorli\u0107 prokomentarisao je navode medija bliskih Rasimu Ljaji\u0107u ali i obra\u0107anja politi\u010dkih konkurenata u Sand\u017eaku o povezanosti i umije\u0161anost u izdavanje posljednje knjige Vojislava \u0160e\u0161elja\u00a0&#8220;Novopazarski kralj heroina Rasim Ljaji\u0107&#8221;. Dr. Zukorli\u0107 kazao da je u pitanju\u00a0tipi\u010dno skretanje pa\u017enje sa su\u0161tinske teme a to je sadr\u017eina. &#8220;Svako da [&hellip;]<\/p>\n","protected":false},"author":509,"featured_media":215448,"comment_status":"open","ping_status":"open","sticky":false,"template":"","format":"standard","meta":{"footnotes":""},"categories":[72,1,52,327,392,393,394,8957],"tags":[10204,10541],"class_list":{"0":"post-215447","1":"post","2":"type-post","3":"status-publish","4":"format-standard","5":"has-post-thumbnail","7":"category-novi-pazar","8":"category-politika","9":"category-sjenica","10":"category-tutin","11":"category-prijepolje_","12":"category-priboj","13":"category-nova-varos","14":"category-vijesti-dana","15":"tag-muftija-muamer-zukorlic","16":"tag-spp"},"yoast_head":"<!-- This site is optimized with the Yoast SEO Premium plugin v23.1 (Yoast SEO v24.9) - https:\/\/yoast.com\/wordpress\/plugins\/seo\/ -->\n<title>Dr. Zukorli\u0107 odgovorio na optu\u017ebe o saradnji sa \u0160e\u0161eljem \u2013 Besmislene su i slu\u017ee za skretanje pa\u017enje sa sadr\u017eaja na autora knjige<\/title>\n<meta name=\"robots\" content=\"index, follow, max-snippet:-1, max-image-preview:large, max-video-preview:-1\" \/>\n<link rel=\"canonical\" href=\"https:\/\/sandzakpress.net\/arhiva\/dr-zukorlic-odgovorio-na-optuzbe-o-saradnji-sa-seseljem-besmislene-su-i-sluze-za-skretanje-paznje-sa-sadrzaja-na-autora-knjige\/\" \/>\n<meta property=\"og:locale\" content=\"bs_BA\" \/>\n<meta property=\"og:type\" content=\"article\" \/>\n<meta property=\"og:title\" content=\"Dr. Zukorli\u0107 odgovorio na optu\u017ebe o saradnji sa \u0160e\u0161eljem \u2013 Besmislene su i slu\u017ee za skretanje pa\u017enje sa sadr\u017eaja na autora knjige\" \/>\n<meta property=\"og:description\" content=\"Predsjednik Stranke pravde stranke i pomirenja dr. Muamer Zukorli\u0107 prokomentarisao je navode medija bliskih Rasimu Ljaji\u0107u ali i obra\u0107anja politi\u010dkih konkurenata u Sand\u017eaku o povezanosti i umije\u0161anost u izdavanje posljednje knjige Vojislava \u0160e\u0161elja\u00a0&#8220;Novopazarski kralj heroina Rasim Ljaji\u0107&#8221;. Dr. Zukorli\u0107 kazao da je u pitanju\u00a0tipi\u010dno skretanje pa\u017enje sa su\u0161tinske teme a to je sadr\u017eina. &#8220;Svako da [&hellip;]\" \/>\n<meta property=\"og:url\" content=\"https:\/\/sandzakpress.net\/arhiva\/dr-zukorlic-odgovorio-na-optuzbe-o-saradnji-sa-seseljem-besmislene-su-i-sluze-za-skretanje-paznje-sa-sadrzaja-na-autora-knjige\/\" \/>\n<meta property=\"og:site_name\" content=\"Sand\u017eak PRESS\" \/>\n<meta property=\"article:published_time\" content=\"2019-01-24T14:29:35+00:00\" \/>\n<meta property=\"og:image\" content=\"https:\/\/sandzakpress.net\/arhiva\/wp-content\/uploads\/2019\/01\/66-1024x768.png\" \/>\n\t<meta property=\"og:image:width\" content=\"1024\" \/>\n\t<meta property=\"og:image:height\" content=\"768\" \/>\n\t<meta property=\"og:image:type\" content=\"image\/png\" \/>\n<meta name=\"author\" content=\"Agencija\" \/>\n<meta name=\"twitter:card\" content=\"summary_large_image\" \/>\n<meta name=\"twitter:label1\" content=\"Written by\" \/>\n\t<meta name=\"twitter:data1\" content=\"Agencija\" \/>\n\t<meta name=\"twitter:label2\" content=\"Est. reading time\" \/>\n\t<meta name=\"twitter:data2\" content=\"4 minute\" \/>\n<script type=\"application\/ld+json\" class=\"yoast-schema-graph\">{\"@context\":\"https:\/\/schema.org\",\"@graph\":[{\"@type\":\"Article\",\"@id\":\"https:\/\/sandzakpress.net\/arhiva\/dr-zukorlic-odgovorio-na-optuzbe-o-saradnji-sa-seseljem-besmislene-su-i-sluze-za-skretanje-paznje-sa-sadrzaja-na-autora-knjige\/#article\",\"isPartOf\":{\"@id\":\"https:\/\/sandzakpress.net\/arhiva\/dr-zukorlic-odgovorio-na-optuzbe-o-saradnji-sa-seseljem-besmislene-su-i-sluze-za-skretanje-paznje-sa-sadrzaja-na-autora-knjige\/\"},\"author\":{\"name\":\"Agencija\",\"@id\":\"https:\/\/sandzakpress.net\/arhiva\/#\/schema\/person\/cb59d7e3ab91ab90dd680ad0305a6185\"},\"headline\":\"Dr. Zukorli\u0107 odgovorio na optu\u017ebe o saradnji sa \u0160e\u0161eljem \u2013 Besmislene su i slu\u017ee za skretanje pa\u017enje sa sadr\u017eaja na autora knjige\",\"datePublished\":\"2019-01-24T14:29:35+00:00\",\"mainEntityOfPage\":{\"@id\":\"https:\/\/sandzakpress.net\/arhiva\/dr-zukorlic-odgovorio-na-optuzbe-o-saradnji-sa-seseljem-besmislene-su-i-sluze-za-skretanje-paznje-sa-sadrzaja-na-autora-knjige\/\"},\"wordCount\":885,\"commentCount\":2,\"publisher\":{\"@id\":\"https:\/\/sandzakpress.net\/arhiva\/#\/schema\/person\/6e72b67d6e51910a1117b3b483ba20bd\"},\"image\":{\"@id\":\"https:\/\/sandzakpress.net\/arhiva\/dr-zukorlic-odgovorio-na-optuzbe-o-saradnji-sa-seseljem-besmislene-su-i-sluze-za-skretanje-paznje-sa-sadrzaja-na-autora-knjige\/#primaryimage\"},\"thumbnailUrl\":\"https:\/\/sandzakpress.net\/arhiva\/wp-content\/uploads\/2019\/01\/66-1024x768.png\",\"keywords\":[\"muftija Muamer Zukorli\u0107\",\"SPP\"],\"articleSection\":[\"Novi Pazar\",\"Politika\",\"Sjenica\",\"Tutin\",\"Prijepolje\",\"Priboj\",\"Nova Varo\u0161\",\"VIJESTI DANA\"],\"inLanguage\":\"bs-BA\",\"potentialAction\":[{\"@type\":\"CommentAction\",\"name\":\"Comment\",\"target\":[\"https:\/\/sandzakpress.net\/arhiva\/dr-zukorlic-odgovorio-na-optuzbe-o-saradnji-sa-seseljem-besmislene-su-i-sluze-za-skretanje-paznje-sa-sadrzaja-na-autora-knjige\/#respond\"]}]},{\"@type\":\"WebPage\",\"@id\":\"https:\/\/sandzakpress.net\/arhiva\/dr-zukorlic-odgovorio-na-optuzbe-o-saradnji-sa-seseljem-besmislene-su-i-sluze-za-skretanje-paznje-sa-sadrzaja-na-autora-knjige\/\",\"url\":\"https:\/\/sandzakpress.net\/arhiva\/dr-zukorlic-odgovorio-na-optuzbe-o-saradnji-sa-seseljem-besmislene-su-i-sluze-za-skretanje-paznje-sa-sadrzaja-na-autora-knjige\/\",\"name\":\"Dr. Zukorli\u0107 odgovorio na optu\u017ebe o saradnji sa \u0160e\u0161eljem \u2013 Besmislene su i slu\u017ee za skretanje pa\u017enje sa sadr\u017eaja na autora knjige\",\"isPartOf\":{\"@id\":\"https:\/\/sandzakpress.net\/arhiva\/#website\"},\"primaryImageOfPage\":{\"@id\":\"https:\/\/sandzakpress.net\/arhiva\/dr-zukorlic-odgovorio-na-optuzbe-o-saradnji-sa-seseljem-besmislene-su-i-sluze-za-skretanje-paznje-sa-sadrzaja-na-autora-knjige\/#primaryimage\"},\"image\":{\"@id\":\"https:\/\/sandzakpress.net\/arhiva\/dr-zukorlic-odgovorio-na-optuzbe-o-saradnji-sa-seseljem-besmislene-su-i-sluze-za-skretanje-paznje-sa-sadrzaja-na-autora-knjige\/#primaryimage\"},\"thumbnailUrl\":\"https:\/\/sandzakpress.net\/arhiva\/wp-content\/uploads\/2019\/01\/66-1024x768.png\",\"datePublished\":\"2019-01-24T14:29:35+00:00\",\"breadcrumb\":{\"@id\":\"https:\/\/sandzakpress.net\/arhiva\/dr-zukorlic-odgovorio-na-optuzbe-o-saradnji-sa-seseljem-besmislene-su-i-sluze-za-skretanje-paznje-sa-sadrzaja-na-autora-knjige\/#breadcrumb\"},\"inLanguage\":\"bs-BA\",\"potentialAction\":[{\"@type\":\"ReadAction\",\"target\":[\"https:\/\/sandzakpress.net\/arhiva\/dr-zukorlic-odgovorio-na-optuzbe-o-saradnji-sa-seseljem-besmislene-su-i-sluze-za-skretanje-paznje-sa-sadrzaja-na-autora-knjige\/\"]}]},{\"@type\":\"ImageObject\",\"inLanguage\":\"bs-BA\",\"@id\":\"https:\/\/sandzakpress.net\/arhiva\/dr-zukorlic-odgovorio-na-optuzbe-o-saradnji-sa-seseljem-besmislene-su-i-sluze-za-skretanje-paznje-sa-sadrzaja-na-autora-knjige\/#primaryimage\",\"url\":\"https:\/\/sandzakpress.net\/arhiva\/wp-content\/uploads\/2019\/01\/66-1024x768.png\",\"contentUrl\":\"https:\/\/sandzakpress.net\/arhiva\/wp-content\/uploads\/2019\/01\/66-1024x768.png\",\"width\":1024,\"height\":768},{\"@type\":\"BreadcrumbList\",\"@id\":\"https:\/\/sandzakpress.net\/arhiva\/dr-zukorlic-odgovorio-na-optuzbe-o-saradnji-sa-seseljem-besmislene-su-i-sluze-za-skretanje-paznje-sa-sadrzaja-na-autora-knjige\/#breadcrumb\",\"itemListElement\":[{\"@type\":\"ListItem\",\"position\":1,\"name\":\"Home\",\"item\":\"https:\/\/sandzakpress.net\/arhiva\/\"},{\"@type\":\"ListItem\",\"position\":2,\"name\":\"Dr. Zukorli\u0107 odgovorio na optu\u017ebe o saradnji sa \u0160e\u0161eljem \u2013 Besmislene su i slu\u017ee za skretanje pa\u017enje sa sadr\u017eaja na autora knjige\"}]},{\"@type\":\"WebSite\",\"@id\":\"https:\/\/sandzakpress.net\/arhiva\/#website\",\"url\":\"https:\/\/sandzakpress.net\/arhiva\/\",\"name\":\"Sand\u017eak PRESS\",\"description\":\"Prve elektronske novine u Sand\u017eaku\",\"publisher\":{\"@id\":\"https:\/\/sandzakpress.net\/arhiva\/#\/schema\/person\/6e72b67d6e51910a1117b3b483ba20bd\"},\"potentialAction\":[{\"@type\":\"SearchAction\",\"target\":{\"@type\":\"EntryPoint\",\"urlTemplate\":\"https:\/\/sandzakpress.net\/arhiva\/?s={search_term_string}\"},\"query-input\":{\"@type\":\"PropertyValueSpecification\",\"valueRequired\":true,\"valueName\":\"search_term_string\"}}],\"inLanguage\":\"bs-BA\"},{\"@type\":[\"Person\",\"Organization\"],\"@id\":\"https:\/\/sandzakpress.net\/arhiva\/#\/schema\/person\/6e72b67d6e51910a1117b3b483ba20bd\",\"name\":\"Kul\",\"image\":{\"@type\":\"ImageObject\",\"inLanguage\":\"bs-BA\",\"@id\":\"https:\/\/sandzakpress.net\/arhiva\/#\/schema\/person\/image\/\",\"url\":\"https:\/\/secure.gravatar.com\/avatar\/42263f39aa27ac04c43cab85c280eb2e?s=96&d=mm&r=pg\",\"contentUrl\":\"https:\/\/secure.gravatar.com\/avatar\/42263f39aa27ac04c43cab85c280eb2e?s=96&d=mm&r=pg\",\"caption\":\"Kul\"},\"logo\":{\"@id\":\"https:\/\/sandzakpress.net\/arhiva\/#\/schema\/person\/image\/\"}},{\"@type\":\"Person\",\"@id\":\"https:\/\/sandzakpress.net\/arhiva\/#\/schema\/person\/cb59d7e3ab91ab90dd680ad0305a6185\",\"name\":\"Agencija\",\"image\":{\"@type\":\"ImageObject\",\"inLanguage\":\"bs-BA\",\"@id\":\"https:\/\/sandzakpress.net\/arhiva\/#\/schema\/person\/image\/\",\"url\":\"https:\/\/secure.gravatar.com\/avatar\/4b7fafa80a22f0c2afe23966b3961fe0?s=96&d=mm&r=pg\",\"contentUrl\":\"https:\/\/secure.gravatar.com\/avatar\/4b7fafa80a22f0c2afe23966b3961fe0?s=96&d=mm&r=pg\",\"caption\":\"Agencija\"},\"url\":\"https:\/\/sandzakpress.net\/arhiva\/author\/agencija\/\"}]}<\/script>\n<!-- \/ Yoast SEO Premium plugin. -->","yoast_head_json":{"title":"Dr. Zukorli\u0107 odgovorio na optu\u017ebe o saradnji sa \u0160e\u0161eljem \u2013 Besmislene su i slu\u017ee za skretanje pa\u017enje sa sadr\u017eaja na autora knjige","robots":{"index":"index","follow":"follow","max-snippet":"max-snippet:-1","max-image-preview":"max-image-preview:large","max-video-preview":"max-video-preview:-1"},"canonical":"https:\/\/sandzakpress.net\/arhiva\/dr-zukorlic-odgovorio-na-optuzbe-o-saradnji-sa-seseljem-besmislene-su-i-sluze-za-skretanje-paznje-sa-sadrzaja-na-autora-knjige\/","og_locale":"bs_BA","og_type":"article","og_title":"Dr. Zukorli\u0107 odgovorio na optu\u017ebe o saradnji sa \u0160e\u0161eljem \u2013 Besmislene su i slu\u017ee za skretanje pa\u017enje sa sadr\u017eaja na autora knjige","og_description":"Predsjednik Stranke pravde stranke i pomirenja dr. Muamer Zukorli\u0107 prokomentarisao je navode medija bliskih Rasimu Ljaji\u0107u ali i obra\u0107anja politi\u010dkih konkurenata u Sand\u017eaku o povezanosti i umije\u0161anost u izdavanje posljednje knjige Vojislava \u0160e\u0161elja\u00a0&#8220;Novopazarski kralj heroina Rasim Ljaji\u0107&#8221;. Dr. Zukorli\u0107 kazao da je u pitanju\u00a0tipi\u010dno skretanje pa\u017enje sa su\u0161tinske teme a to je sadr\u017eina. &#8220;Svako da [&hellip;]","og_url":"https:\/\/sandzakpress.net\/arhiva\/dr-zukorlic-odgovorio-na-optuzbe-o-saradnji-sa-seseljem-besmislene-su-i-sluze-za-skretanje-paznje-sa-sadrzaja-na-autora-knjige\/","og_site_name":"Sand\u017eak PRESS","article_published_time":"2019-01-24T14:29:35+00:00","og_image":[{"width":1024,"height":768,"url":"https:\/\/sandzakpress.net\/arhiva\/wp-content\/uploads\/2019\/01\/66-1024x768.png","type":"image\/png"}],"author":"Agencija","twitter_card":"summary_large_image","twitter_misc":{"Written by":"Agencija","Est. reading time":"4 minute"},"schema":{"@context":"https:\/\/schema.org","@graph":[{"@type":"Article","@id":"https:\/\/sandzakpress.net\/arhiva\/dr-zukorlic-odgovorio-na-optuzbe-o-saradnji-sa-seseljem-besmislene-su-i-sluze-za-skretanje-paznje-sa-sadrzaja-na-autora-knjige\/#article","isPartOf":{"@id":"https:\/\/sandzakpress.net\/arhiva\/dr-zukorlic-odgovorio-na-optuzbe-o-saradnji-sa-seseljem-besmislene-su-i-sluze-za-skretanje-paznje-sa-sadrzaja-na-autora-knjige\/"},"author":{"name":"Agencija","@id":"https:\/\/sandzakpress.net\/arhiva\/#\/schema\/person\/cb59d7e3ab91ab90dd680ad0305a6185"},"headline":"Dr. Zukorli\u0107 odgovorio na optu\u017ebe o saradnji sa \u0160e\u0161eljem \u2013 Besmislene su i slu\u017ee za skretanje pa\u017enje sa sadr\u017eaja na autora knjige","datePublished":"2019-01-24T14:29:35+00:00","mainEntityOfPage":{"@id":"https:\/\/sandzakpress.net\/arhiva\/dr-zukorlic-odgovorio-na-optuzbe-o-saradnji-sa-seseljem-besmislene-su-i-sluze-za-skretanje-paznje-sa-sadrzaja-na-autora-knjige\/"},"wordCount":885,"commentCount":2,"publisher":{"@id":"https:\/\/sandzakpress.net\/arhiva\/#\/schema\/person\/6e72b67d6e51910a1117b3b483ba20bd"},"image":{"@id":"https:\/\/sandzakpress.net\/arhiva\/dr-zukorlic-odgovorio-na-optuzbe-o-saradnji-sa-seseljem-besmislene-su-i-sluze-za-skretanje-paznje-sa-sadrzaja-na-autora-knjige\/#primaryimage"},"thumbnailUrl":"https:\/\/sandzakpress.net\/arhiva\/wp-content\/uploads\/2019\/01\/66-1024x768.png","keywords":["muftija Muamer Zukorli\u0107","SPP"],"articleSection":["Novi Pazar","Politika","Sjenica","Tutin","Prijepolje","Priboj","Nova Varo\u0161","VIJESTI DANA"],"inLanguage":"bs-BA","potentialAction":[{"@type":"CommentAction","name":"Comment","target":["https:\/\/sandzakpress.net\/arhiva\/dr-zukorlic-odgovorio-na-optuzbe-o-saradnji-sa-seseljem-besmislene-su-i-sluze-za-skretanje-paznje-sa-sadrzaja-na-autora-knjige\/#respond"]}]},{"@type":"WebPage","@id":"https:\/\/sandzakpress.net\/arhiva\/dr-zukorlic-odgovorio-na-optuzbe-o-saradnji-sa-seseljem-besmislene-su-i-sluze-za-skretanje-paznje-sa-sadrzaja-na-autora-knjige\/","url":"https:\/\/sandzakpress.net\/arhiva\/dr-zukorlic-odgovorio-na-optuzbe-o-saradnji-sa-seseljem-besmislene-su-i-sluze-za-skretanje-paznje-sa-sadrzaja-na-autora-knjige\/","name":"Dr. Zukorli\u0107 odgovorio na optu\u017ebe o saradnji sa \u0160e\u0161eljem \u2013 Besmislene su i slu\u017ee za skretanje pa\u017enje sa sadr\u017eaja na autora knjige","isPartOf":{"@id":"https:\/\/sandzakpress.net\/arhiva\/#website"},"primaryImageOfPage":{"@id":"https:\/\/sandzakpress.net\/arhiva\/dr-zukorlic-odgovorio-na-optuzbe-o-saradnji-sa-seseljem-besmislene-su-i-sluze-za-skretanje-paznje-sa-sadrzaja-na-autora-knjige\/#primaryimage"},"image":{"@id":"https:\/\/sandzakpress.net\/arhiva\/dr-zukorlic-odgovorio-na-optuzbe-o-saradnji-sa-seseljem-besmislene-su-i-sluze-za-skretanje-paznje-sa-sadrzaja-na-autora-knjige\/#primaryimage"},"thumbnailUrl":"https:\/\/sandzakpress.net\/arhiva\/wp-content\/uploads\/2019\/01\/66-1024x768.png","datePublished":"2019-01-24T14:29:35+00:00","breadcrumb":{"@id":"https:\/\/sandzakpress.net\/arhiva\/dr-zukorlic-odgovorio-na-optuzbe-o-saradnji-sa-seseljem-besmislene-su-i-sluze-za-skretanje-paznje-sa-sadrzaja-na-autora-knjige\/#breadcrumb"},"inLanguage":"bs-BA","potentialAction":[{"@type":"ReadAction","target":["https:\/\/sandzakpress.net\/arhiva\/dr-zukorlic-odgovorio-na-optuzbe-o-saradnji-sa-seseljem-besmislene-su-i-sluze-za-skretanje-paznje-sa-sadrzaja-na-autora-knjige\/"]}]},{"@type":"ImageObject","inLanguage":"bs-BA","@id":"https:\/\/sandzakpress.net\/arhiva\/dr-zukorlic-odgovorio-na-optuzbe-o-saradnji-sa-seseljem-besmislene-su-i-sluze-za-skretanje-paznje-sa-sadrzaja-na-autora-knjige\/#primaryimage","url":"https:\/\/sandzakpress.net\/arhiva\/wp-content\/uploads\/2019\/01\/66-1024x768.png","contentUrl":"https:\/\/sandzakpress.net\/arhiva\/wp-content\/uploads\/2019\/01\/66-1024x768.png","width":1024,"height":768},{"@type":"BreadcrumbList","@id":"https:\/\/sandzakpress.net\/arhiva\/dr-zukorlic-odgovorio-na-optuzbe-o-saradnji-sa-seseljem-besmislene-su-i-sluze-za-skretanje-paznje-sa-sadrzaja-na-autora-knjige\/#breadcrumb","itemListElement":[{"@type":"ListItem","position":1,"name":"Home","item":"https:\/\/sandzakpress.net\/arhiva\/"},{"@type":"ListItem","position":2,"name":"Dr. Zukorli\u0107 odgovorio na optu\u017ebe o saradnji sa \u0160e\u0161eljem \u2013 Besmislene su i slu\u017ee za skretanje pa\u017enje sa sadr\u017eaja na autora knjige"}]},{"@type":"WebSite","@id":"https:\/\/sandzakpress.net\/arhiva\/#website","url":"https:\/\/sandzakpress.net\/arhiva\/","name":"Sand\u017eak PRESS","description":"Prve elektronske novine u Sand\u017eaku","publisher":{"@id":"https:\/\/sandzakpress.net\/arhiva\/#\/schema\/person\/6e72b67d6e51910a1117b3b483ba20bd"},"potentialAction":[{"@type":"SearchAction","target":{"@type":"EntryPoint","urlTemplate":"https:\/\/sandzakpress.net\/arhiva\/?s={search_term_string}"},"query-input":{"@type":"PropertyValueSpecification","valueRequired":true,"valueName":"search_term_string"}}],"inLanguage":"bs-BA"},{"@type":["Person","Organization"],"@id":"https:\/\/sandzakpress.net\/arhiva\/#\/schema\/person\/6e72b67d6e51910a1117b3b483ba20bd","name":"Kul","image":{"@type":"ImageObject","inLanguage":"bs-BA","@id":"https:\/\/sandzakpress.net\/arhiva\/#\/schema\/person\/image\/","url":"https:\/\/secure.gravatar.com\/avatar\/42263f39aa27ac04c43cab85c280eb2e?s=96&d=mm&r=pg","contentUrl":"https:\/\/secure.gravatar.com\/avatar\/42263f39aa27ac04c43cab85c280eb2e?s=96&d=mm&r=pg","caption":"Kul"},"logo":{"@id":"https:\/\/sandzakpress.net\/arhiva\/#\/schema\/person\/image\/"}},{"@type":"Person","@id":"https:\/\/sandzakpress.net\/arhiva\/#\/schema\/person\/cb59d7e3ab91ab90dd680ad0305a6185","name":"Agencija","image":{"@type":"ImageObject","inLanguage":"bs-BA","@id":"https:\/\/sandzakpress.net\/arhiva\/#\/schema\/person\/image\/","url":"https:\/\/secure.gravatar.com\/avatar\/4b7fafa80a22f0c2afe23966b3961fe0?s=96&d=mm&r=pg","contentUrl":"https:\/\/secure.gravatar.com\/avatar\/4b7fafa80a22f0c2afe23966b3961fe0?s=96&d=mm&r=pg","caption":"Agencija"},"url":"https:\/\/sandzakpress.net\/arhiva\/author\/agencija\/"}]}},"_links":{"self":[{"href":"https:\/\/sandzakpress.net\/arhiva\/wp-json\/wp\/v2\/posts\/215447"}],"collection":[{"href":"https:\/\/sandzakpress.net\/arhiva\/wp-json\/wp\/v2\/posts"}],"about":[{"href":"https:\/\/sandzakpress.net\/arhiva\/wp-json\/wp\/v2\/types\/post"}],"author":[{"embeddable":true,"href":"https:\/\/sandzakpress.net\/arhiva\/wp-json\/wp\/v2\/users\/509"}],"replies":[{"embeddable":true,"href":"https:\/\/sandzakpress.net\/arhiva\/wp-json\/wp\/v2\/comments?post=215447"}],"version-history":[{"count":0,"href":"https:\/\/sandzakpress.net\/arhiva\/wp-json\/wp\/v2\/posts\/215447\/revisions"}],"wp:featuredmedia":[{"embeddable":true,"href":"https:\/\/sandzakpress.net\/arhiva\/wp-json\/wp\/v2\/media\/215448"}],"wp:attachment":[{"href":"https:\/\/sandzakpress.net\/arhiva\/wp-json\/wp\/v2\/media?parent=215447"}],"wp:term":[{"taxonomy":"category","embeddable":true,"href":"https:\/\/sandzakpress.net\/arhiva\/wp-json\/wp\/v2\/categories?post=215447"},{"taxonomy":"post_tag","embeddable":true,"href":"https:\/\/sandzakpress.net\/arhiva\/wp-json\/wp\/v2\/tags?post=215447"}],"curies":[{"name":"wp","href":"https:\/\/api.w.org\/{rel}","templated":true}]}}