{"id":215417,"date":"2019-01-23T15:30:45","date_gmt":"2019-01-23T14:30:45","guid":{"rendered":"https:\/\/sandzakpress.net\/arhiva\/?p=215417"},"modified":"2019-01-23T14:39:29","modified_gmt":"2019-01-23T13:39:29","slug":"akademik-zukorlic-obrazovanje-treba-podici-na-nivo-iznad-partikularnih-interesa","status":"publish","type":"post","link":"https:\/\/sandzakpress.net\/arhiva\/akademik-zukorlic-obrazovanje-treba-podici-na-nivo-iznad-partikularnih-interesa\/","title":{"rendered":"Akademik Zukorli\u0107: Obrazovanje treba podi\u0107i na nivo iznad partikularnih interesa"},"content":{"rendered":"<p><img decoding=\"async\" src=\"http:\/\/sanapress.info\/wp-content\/uploads\/2019\/01\/Hvataj-1.jpg\" \/><\/p>\n<p><strong>Predsjednik Stranke pravde i pomirenja i narodni poslanik akademik Muamer Zukorli\u0107 bio je gost emisije \u201eJutro sa Jovanom i Sr\u0111anom\u201c na Prvoj televiziji. Glavna tema bila je da li treba ukinuti prijemni ispit za upis na fakultete obzirom da \u0107e maturanti od 2019. godine polagati dr\u017eavnu maturu koja \u0107e im biti ulaznica za fakultete.<\/strong><\/p>\n<p>Akademik Zukorli\u0107 je istakao da je rije\u010d o ne\u010demu \u0161to vi\u0161e od pola stolje\u0107a \u017eivi u zapadnoj Evropi te da misli da je to pitanje vi\u0161e formalno.<\/p>\n<p>\u201eNema neke zapreke da se i to proba, ne o\u010dekujem ja ni\u0161ta spektakularno tu, niti u pozitivnom, niti u negativnom smislu, prosto treba tom modelu dati \u0161ansu s obzirom da se kre\u0107emo prema Evropskoj uniji preuzimanje tih standarda i su\u0161tinski i formalno je ne\u0161to \u0161to treba podr\u017eati me\u0111utim to ne\u0107e donijeti niti velika dobra, niti nas uvodi u neki veliki rizik. Definitivno glavni problem jeste \u010dinjenica da mi dvije decenije ne uspijevamo da u\u0111emo u dubinu reforme obrazovanja\u201c<\/p>\n<p>On je naglasio da je su\u0161tinski problem \u0161to i dalje imamo to da su nam reforme vr\u0161ili oni koji su pripadali starom sistemu i mi\u0161ljenja, metoda i metodologija.<\/p>\n<p>\u201eMi evo sada ve\u0107 isti\u010de ta strategija koja je napravlejna do 2020. godine, ne\u0161to malo je iz nje sprovedeno ali na\u017ealost su\u0161tinski jo\u0161 jako malo i to je ne\u0161to sa \u010dime se mora suo\u010diti Ministarstvo i svi faktori u obrazovanju.\u201c<\/p>\n<p>On nagla\u0161ava da se treba pa\u017eljivo razmotriti svaku primjedbu te da je potrebna i reforma i samog Ministarstva.<\/p>\n<p><iframe loading=\"lazy\" style=\"border: none; overflow: hidden;\" src=\"https:\/\/www.facebook.com\/plugins\/video.php?href=https%3A%2F%2Fwww.facebook.com%2FMuamerZukorlic%2Fvideos%2F241638150049942%2F&amp;show_text=0&amp;width=560\" width=\"560\" height=\"315\" frameborder=\"0\" scrolling=\"no\" allowfullscreen=\"allowfullscreen\"><\/iframe><\/p>\n<p>\u201eTu se skupilo svega i sva\u010dega, kako koja vlast do\u0111e ona ostavi svoje kadrove na srednjem nivou, me\u0111u sekretarima, pravnicima itd., na\u017ealost imamo Ministarstvo u kome razne strukture mo\u0107i u obrazovanju imaju maltene svoje predstavnike i kako ko ima ve\u0107i uticaj on uti\u010de i na odluke i na razne pravce kretanja. \u0160to se Odbora ti\u010de mi smo do sad imali 29 sjednica Odbora kojima sam ja predsjedavao, ja mislim da je to jedini Odbor na kome smo samo dva puta imali nesuglasje i u kome smo se preglasavali. Druga stvar jeste da ko god je kakvu inicijativu pokrenuo one su bile prihva\u0107ene, u mjeri mogu\u0107oj razmotrene. Mi u Odboru imamo ambijent razgovora, ambijent u kome se svaka tema mo\u017ee otvoriti. Odbor nije izvr\u0161no tijelo vlast, odbor nema izvr\u0161ne kompetencije da direktno uti\u010de ni na Ministarstvo, ni na druge strukture, mi smo u\u017ei sastav zakonodavne uloge u Skup\u0161tini, imamo i ne\u0161to nadzorne uloge, predstavni\u010dko tijelo smo svakako i u tom duhu evo ja sada pozivam ne samo \u010dlanove Odbora ve\u0107 i stru\u010dnjake, bilo koga, neka iza\u0111u sa inicijativama, Odbor \u0107e imati sluha.\u201c<\/p>\n<p>Akademik Zukorli\u0107 poru\u010dio da je obrazovanje tema koju bi trebalo podi\u0107i na nivo iznad partikularnih, partijskih interesa.<\/p>\n<p>\u201eMi bi onda mogli da krenemo naprijed, obrazovanje je jedna tema kojoj bi trebali pri\u0107i na na\u010din da imamo snage pa da i ako ja pripadam vladaju\u0107oj ve\u0107ini u parlamentu, da sam spreman kazati neovisno o tome da li mi to partijski servisira moj cilj, da ka\u017eemo koleginice u pravu ste i ukoliko imamo u selu Paljevo kod Tutina \u0161kolu kojoj sa krova to\u010di snijeg, ki\u0161a, u kojoj gra\u0111ani kupuju sami pe\u0107nicu ili donose drva, dakle ja ne mogu re\u0107i da je super na\u0161 obrazovanje.\u201c<\/p>\n<p>On je istakao da je zabrana nau\u010dnog istra\u017eivanja na fakultetima gre\u0161ka te da se treba ispraviti.<\/p>\n<p>\u201eTo se mora ispraviti, to je gre\u0161ka, to je ne samo isklju\u010divanje jednog zna\u010dajnog broja ljudi, kadrova iz sistema da oni ostaju bez posla, ve\u0107 to je i zapravo gubljenje jedne veoma va\u017ene dimenzije univerziteta, pa univerzitet kada se akredituje dobije i akreditaciju da se bavi naukom a vi mu sada zabranjujete bavljenje naukom i svodite ga na obi\u010dnu \u0161kolu u kojoj se slu\u0161aju \u010dasovi i pola\u017eu ispiti, dakle to je gre\u0161ka i to treba ispraviti kao \u0161to je gre\u0161ka pitanje bud\u017eetskog finansiranja nau\u010dnog rada i na institutima, pogre\u0161no je to \u0161to je sada isklju\u010deno projektno finansiranje iz razloga \u0161to \u0107e sada pojedine ustanove dobijati novac neovisno da li ne\u0161to rade ili ne\u201c<\/p>\n<p>Akademik Zukorli\u0107 ukazao da proces diskriminacija privatnih univerziteta u Srbiji, kazav\u0161i da \u0107e pravdu tra\u017eiti pred Ustavnim sudom.<\/p>\n<p>\u201ePrivatni univerziteti su ina\u010de obespravljeni u ovoj zemlji, \u010dinjenicom i antiustavnom praksom zakona gdje smo recimo svi na tr\u017eistu a jedni se finansiraju od dr\u017eave. Zna\u010di studenti dr\u017eavnih univerziteta su privilegovani, oni dobijaju bud\u017eetsko finansiranje a studenti privatnih univerziteta nisu privilegovani, ako neko pokrene pred ustavom ustavnu \u017ealbu, to \u0107e da padne, ako je niko ne pokrene ja \u0107u je pokrenuti. Dakle, djeca roditelja koji studiraju na privatnim univerzitetima kao da su neka druga djeca iz drugoga reda, kao da njihovi roditelji ne pla\u0107aju poreze. Prema tome mi trenutno imamo atmosferu gdje se u jednoj prodavnici nabavlja besplatna roba, u drugoj se kupuje i onda ste navodno na tr\u017ei\u0161tu konkurentni.\u201c kazao je akademik Zukorli\u0107.<\/p>\n<p>izvor: SANA\u00a0<\/p>\n","protected":false},"excerpt":{"rendered":"<p>Predsjednik Stranke pravde i pomirenja i narodni poslanik akademik Muamer Zukorli\u0107 bio je gost emisije \u201eJutro sa Jovanom i Sr\u0111anom\u201c na Prvoj televiziji. Glavna tema bila je da li treba ukinuti prijemni ispit za upis na fakultete obzirom da \u0107e maturanti od 2019. godine polagati dr\u017eavnu maturu koja \u0107e im biti ulaznica za fakultete. Akademik [&hellip;]<\/p>\n","protected":false},"author":509,"featured_media":215429,"comment_status":"open","ping_status":"open","sticky":false,"template":"","format":"standard","meta":{"footnotes":""},"categories":[72,52,327,392,393,394,4,8957],"tags":[10204,10541],"class_list":{"0":"post-215417","1":"post","2":"type-post","3":"status-publish","4":"format-standard","5":"has-post-thumbnail","7":"category-novi-pazar","8":"category-sjenica","9":"category-tutin","10":"category-prijepolje_","11":"category-priboj","12":"category-nova-varos","13":"category-obrazovanje","14":"category-vijesti-dana","15":"tag-muftija-muamer-zukorlic","16":"tag-spp"},"yoast_head":"<!-- This site is optimized with the Yoast SEO Premium plugin v23.1 (Yoast SEO v24.9) - https:\/\/yoast.com\/wordpress\/plugins\/seo\/ -->\n<title>Akademik Zukorli\u0107: Obrazovanje treba podi\u0107i na nivo iznad partikularnih interesa<\/title>\n<meta name=\"robots\" content=\"index, follow, max-snippet:-1, max-image-preview:large, max-video-preview:-1\" \/>\n<link rel=\"canonical\" href=\"https:\/\/sandzakpress.net\/arhiva\/akademik-zukorlic-obrazovanje-treba-podici-na-nivo-iznad-partikularnih-interesa\/\" \/>\n<meta property=\"og:locale\" content=\"bs_BA\" \/>\n<meta property=\"og:type\" content=\"article\" \/>\n<meta property=\"og:title\" content=\"Akademik Zukorli\u0107: Obrazovanje treba podi\u0107i na nivo iznad partikularnih interesa\" \/>\n<meta property=\"og:description\" content=\"Predsjednik Stranke pravde i pomirenja i narodni poslanik akademik Muamer Zukorli\u0107 bio je gost emisije \u201eJutro sa Jovanom i Sr\u0111anom\u201c na Prvoj televiziji. Glavna tema bila je da li treba ukinuti prijemni ispit za upis na fakultete obzirom da \u0107e maturanti od 2019. godine polagati dr\u017eavnu maturu koja \u0107e im biti ulaznica za fakultete. Akademik [&hellip;]\" \/>\n<meta property=\"og:url\" content=\"https:\/\/sandzakpress.net\/arhiva\/akademik-zukorlic-obrazovanje-treba-podici-na-nivo-iznad-partikularnih-interesa\/\" \/>\n<meta property=\"og:site_name\" content=\"Sand\u017eak PRESS\" \/>\n<meta property=\"article:published_time\" content=\"2019-01-23T14:30:45+00:00\" \/>\n<meta property=\"og:image\" content=\"https:\/\/sandzakpress.net\/arhiva\/wp-content\/uploads\/2019\/01\/Hvataj-1-1.jpg\" \/>\n\t<meta property=\"og:image:width\" content=\"934\" \/>\n\t<meta property=\"og:image:height\" content=\"581\" \/>\n\t<meta property=\"og:image:type\" content=\"image\/jpeg\" \/>\n<meta name=\"author\" content=\"Agencija\" \/>\n<meta name=\"twitter:card\" content=\"summary_large_image\" \/>\n<meta name=\"twitter:label1\" content=\"Written by\" \/>\n\t<meta name=\"twitter:data1\" content=\"Agencija\" \/>\n\t<meta name=\"twitter:label2\" content=\"Est. reading time\" \/>\n\t<meta name=\"twitter:data2\" content=\"4 minute\" \/>\n<script type=\"application\/ld+json\" class=\"yoast-schema-graph\">{\"@context\":\"https:\/\/schema.org\",\"@graph\":[{\"@type\":\"Article\",\"@id\":\"https:\/\/sandzakpress.net\/arhiva\/akademik-zukorlic-obrazovanje-treba-podici-na-nivo-iznad-partikularnih-interesa\/#article\",\"isPartOf\":{\"@id\":\"https:\/\/sandzakpress.net\/arhiva\/akademik-zukorlic-obrazovanje-treba-podici-na-nivo-iznad-partikularnih-interesa\/\"},\"author\":{\"name\":\"Agencija\",\"@id\":\"https:\/\/sandzakpress.net\/arhiva\/#\/schema\/person\/cb59d7e3ab91ab90dd680ad0305a6185\"},\"headline\":\"Akademik Zukorli\u0107: Obrazovanje treba podi\u0107i na nivo iznad partikularnih interesa\",\"datePublished\":\"2019-01-23T14:30:45+00:00\",\"mainEntityOfPage\":{\"@id\":\"https:\/\/sandzakpress.net\/arhiva\/akademik-zukorlic-obrazovanje-treba-podici-na-nivo-iznad-partikularnih-interesa\/\"},\"wordCount\":885,\"commentCount\":0,\"publisher\":{\"@id\":\"https:\/\/sandzakpress.net\/arhiva\/#\/schema\/person\/6e72b67d6e51910a1117b3b483ba20bd\"},\"image\":{\"@id\":\"https:\/\/sandzakpress.net\/arhiva\/akademik-zukorlic-obrazovanje-treba-podici-na-nivo-iznad-partikularnih-interesa\/#primaryimage\"},\"thumbnailUrl\":\"https:\/\/sandzakpress.net\/arhiva\/wp-content\/uploads\/2019\/01\/Hvataj-1-1.jpg\",\"keywords\":[\"muftija Muamer Zukorli\u0107\",\"SPP\"],\"articleSection\":[\"Novi Pazar\",\"Sjenica\",\"Tutin\",\"Prijepolje\",\"Priboj\",\"Nova Varo\u0161\",\"Obrazovanje\",\"VIJESTI DANA\"],\"inLanguage\":\"bs-BA\",\"potentialAction\":[{\"@type\":\"CommentAction\",\"name\":\"Comment\",\"target\":[\"https:\/\/sandzakpress.net\/arhiva\/akademik-zukorlic-obrazovanje-treba-podici-na-nivo-iznad-partikularnih-interesa\/#respond\"]}]},{\"@type\":\"WebPage\",\"@id\":\"https:\/\/sandzakpress.net\/arhiva\/akademik-zukorlic-obrazovanje-treba-podici-na-nivo-iznad-partikularnih-interesa\/\",\"url\":\"https:\/\/sandzakpress.net\/arhiva\/akademik-zukorlic-obrazovanje-treba-podici-na-nivo-iznad-partikularnih-interesa\/\",\"name\":\"Akademik Zukorli\u0107: Obrazovanje treba podi\u0107i na nivo iznad partikularnih interesa\",\"isPartOf\":{\"@id\":\"https:\/\/sandzakpress.net\/arhiva\/#website\"},\"primaryImageOfPage\":{\"@id\":\"https:\/\/sandzakpress.net\/arhiva\/akademik-zukorlic-obrazovanje-treba-podici-na-nivo-iznad-partikularnih-interesa\/#primaryimage\"},\"image\":{\"@id\":\"https:\/\/sandzakpress.net\/arhiva\/akademik-zukorlic-obrazovanje-treba-podici-na-nivo-iznad-partikularnih-interesa\/#primaryimage\"},\"thumbnailUrl\":\"https:\/\/sandzakpress.net\/arhiva\/wp-content\/uploads\/2019\/01\/Hvataj-1-1.jpg\",\"datePublished\":\"2019-01-23T14:30:45+00:00\",\"breadcrumb\":{\"@id\":\"https:\/\/sandzakpress.net\/arhiva\/akademik-zukorlic-obrazovanje-treba-podici-na-nivo-iznad-partikularnih-interesa\/#breadcrumb\"},\"inLanguage\":\"bs-BA\",\"potentialAction\":[{\"@type\":\"ReadAction\",\"target\":[\"https:\/\/sandzakpress.net\/arhiva\/akademik-zukorlic-obrazovanje-treba-podici-na-nivo-iznad-partikularnih-interesa\/\"]}]},{\"@type\":\"ImageObject\",\"inLanguage\":\"bs-BA\",\"@id\":\"https:\/\/sandzakpress.net\/arhiva\/akademik-zukorlic-obrazovanje-treba-podici-na-nivo-iznad-partikularnih-interesa\/#primaryimage\",\"url\":\"https:\/\/sandzakpress.net\/arhiva\/wp-content\/uploads\/2019\/01\/Hvataj-1-1.jpg\",\"contentUrl\":\"https:\/\/sandzakpress.net\/arhiva\/wp-content\/uploads\/2019\/01\/Hvataj-1-1.jpg\",\"width\":934,\"height\":581},{\"@type\":\"BreadcrumbList\",\"@id\":\"https:\/\/sandzakpress.net\/arhiva\/akademik-zukorlic-obrazovanje-treba-podici-na-nivo-iznad-partikularnih-interesa\/#breadcrumb\",\"itemListElement\":[{\"@type\":\"ListItem\",\"position\":1,\"name\":\"Home\",\"item\":\"https:\/\/sandzakpress.net\/arhiva\/\"},{\"@type\":\"ListItem\",\"position\":2,\"name\":\"Akademik Zukorli\u0107: Obrazovanje treba podi\u0107i na nivo iznad partikularnih interesa\"}]},{\"@type\":\"WebSite\",\"@id\":\"https:\/\/sandzakpress.net\/arhiva\/#website\",\"url\":\"https:\/\/sandzakpress.net\/arhiva\/\",\"name\":\"Sand\u017eak PRESS\",\"description\":\"Prve elektronske novine u Sand\u017eaku\",\"publisher\":{\"@id\":\"https:\/\/sandzakpress.net\/arhiva\/#\/schema\/person\/6e72b67d6e51910a1117b3b483ba20bd\"},\"potentialAction\":[{\"@type\":\"SearchAction\",\"target\":{\"@type\":\"EntryPoint\",\"urlTemplate\":\"https:\/\/sandzakpress.net\/arhiva\/?s={search_term_string}\"},\"query-input\":{\"@type\":\"PropertyValueSpecification\",\"valueRequired\":true,\"valueName\":\"search_term_string\"}}],\"inLanguage\":\"bs-BA\"},{\"@type\":[\"Person\",\"Organization\"],\"@id\":\"https:\/\/sandzakpress.net\/arhiva\/#\/schema\/person\/6e72b67d6e51910a1117b3b483ba20bd\",\"name\":\"Kul\",\"image\":{\"@type\":\"ImageObject\",\"inLanguage\":\"bs-BA\",\"@id\":\"https:\/\/sandzakpress.net\/arhiva\/#\/schema\/person\/image\/\",\"url\":\"https:\/\/secure.gravatar.com\/avatar\/42263f39aa27ac04c43cab85c280eb2e?s=96&d=mm&r=pg\",\"contentUrl\":\"https:\/\/secure.gravatar.com\/avatar\/42263f39aa27ac04c43cab85c280eb2e?s=96&d=mm&r=pg\",\"caption\":\"Kul\"},\"logo\":{\"@id\":\"https:\/\/sandzakpress.net\/arhiva\/#\/schema\/person\/image\/\"}},{\"@type\":\"Person\",\"@id\":\"https:\/\/sandzakpress.net\/arhiva\/#\/schema\/person\/cb59d7e3ab91ab90dd680ad0305a6185\",\"name\":\"Agencija\",\"image\":{\"@type\":\"ImageObject\",\"inLanguage\":\"bs-BA\",\"@id\":\"https:\/\/sandzakpress.net\/arhiva\/#\/schema\/person\/image\/\",\"url\":\"https:\/\/secure.gravatar.com\/avatar\/4b7fafa80a22f0c2afe23966b3961fe0?s=96&d=mm&r=pg\",\"contentUrl\":\"https:\/\/secure.gravatar.com\/avatar\/4b7fafa80a22f0c2afe23966b3961fe0?s=96&d=mm&r=pg\",\"caption\":\"Agencija\"},\"url\":\"https:\/\/sandzakpress.net\/arhiva\/author\/agencija\/\"}]}<\/script>\n<!-- \/ Yoast SEO Premium plugin. -->","yoast_head_json":{"title":"Akademik Zukorli\u0107: Obrazovanje treba podi\u0107i na nivo iznad partikularnih interesa","robots":{"index":"index","follow":"follow","max-snippet":"max-snippet:-1","max-image-preview":"max-image-preview:large","max-video-preview":"max-video-preview:-1"},"canonical":"https:\/\/sandzakpress.net\/arhiva\/akademik-zukorlic-obrazovanje-treba-podici-na-nivo-iznad-partikularnih-interesa\/","og_locale":"bs_BA","og_type":"article","og_title":"Akademik Zukorli\u0107: Obrazovanje treba podi\u0107i na nivo iznad partikularnih interesa","og_description":"Predsjednik Stranke pravde i pomirenja i narodni poslanik akademik Muamer Zukorli\u0107 bio je gost emisije \u201eJutro sa Jovanom i Sr\u0111anom\u201c na Prvoj televiziji. Glavna tema bila je da li treba ukinuti prijemni ispit za upis na fakultete obzirom da \u0107e maturanti od 2019. godine polagati dr\u017eavnu maturu koja \u0107e im biti ulaznica za fakultete. Akademik [&hellip;]","og_url":"https:\/\/sandzakpress.net\/arhiva\/akademik-zukorlic-obrazovanje-treba-podici-na-nivo-iznad-partikularnih-interesa\/","og_site_name":"Sand\u017eak PRESS","article_published_time":"2019-01-23T14:30:45+00:00","og_image":[{"width":934,"height":581,"url":"https:\/\/sandzakpress.net\/arhiva\/wp-content\/uploads\/2019\/01\/Hvataj-1-1.jpg","type":"image\/jpeg"}],"author":"Agencija","twitter_card":"summary_large_image","twitter_misc":{"Written by":"Agencija","Est. reading time":"4 minute"},"schema":{"@context":"https:\/\/schema.org","@graph":[{"@type":"Article","@id":"https:\/\/sandzakpress.net\/arhiva\/akademik-zukorlic-obrazovanje-treba-podici-na-nivo-iznad-partikularnih-interesa\/#article","isPartOf":{"@id":"https:\/\/sandzakpress.net\/arhiva\/akademik-zukorlic-obrazovanje-treba-podici-na-nivo-iznad-partikularnih-interesa\/"},"author":{"name":"Agencija","@id":"https:\/\/sandzakpress.net\/arhiva\/#\/schema\/person\/cb59d7e3ab91ab90dd680ad0305a6185"},"headline":"Akademik Zukorli\u0107: Obrazovanje treba podi\u0107i na nivo iznad partikularnih interesa","datePublished":"2019-01-23T14:30:45+00:00","mainEntityOfPage":{"@id":"https:\/\/sandzakpress.net\/arhiva\/akademik-zukorlic-obrazovanje-treba-podici-na-nivo-iznad-partikularnih-interesa\/"},"wordCount":885,"commentCount":0,"publisher":{"@id":"https:\/\/sandzakpress.net\/arhiva\/#\/schema\/person\/6e72b67d6e51910a1117b3b483ba20bd"},"image":{"@id":"https:\/\/sandzakpress.net\/arhiva\/akademik-zukorlic-obrazovanje-treba-podici-na-nivo-iznad-partikularnih-interesa\/#primaryimage"},"thumbnailUrl":"https:\/\/sandzakpress.net\/arhiva\/wp-content\/uploads\/2019\/01\/Hvataj-1-1.jpg","keywords":["muftija Muamer Zukorli\u0107","SPP"],"articleSection":["Novi Pazar","Sjenica","Tutin","Prijepolje","Priboj","Nova Varo\u0161","Obrazovanje","VIJESTI DANA"],"inLanguage":"bs-BA","potentialAction":[{"@type":"CommentAction","name":"Comment","target":["https:\/\/sandzakpress.net\/arhiva\/akademik-zukorlic-obrazovanje-treba-podici-na-nivo-iznad-partikularnih-interesa\/#respond"]}]},{"@type":"WebPage","@id":"https:\/\/sandzakpress.net\/arhiva\/akademik-zukorlic-obrazovanje-treba-podici-na-nivo-iznad-partikularnih-interesa\/","url":"https:\/\/sandzakpress.net\/arhiva\/akademik-zukorlic-obrazovanje-treba-podici-na-nivo-iznad-partikularnih-interesa\/","name":"Akademik Zukorli\u0107: Obrazovanje treba podi\u0107i na nivo iznad partikularnih interesa","isPartOf":{"@id":"https:\/\/sandzakpress.net\/arhiva\/#website"},"primaryImageOfPage":{"@id":"https:\/\/sandzakpress.net\/arhiva\/akademik-zukorlic-obrazovanje-treba-podici-na-nivo-iznad-partikularnih-interesa\/#primaryimage"},"image":{"@id":"https:\/\/sandzakpress.net\/arhiva\/akademik-zukorlic-obrazovanje-treba-podici-na-nivo-iznad-partikularnih-interesa\/#primaryimage"},"thumbnailUrl":"https:\/\/sandzakpress.net\/arhiva\/wp-content\/uploads\/2019\/01\/Hvataj-1-1.jpg","datePublished":"2019-01-23T14:30:45+00:00","breadcrumb":{"@id":"https:\/\/sandzakpress.net\/arhiva\/akademik-zukorlic-obrazovanje-treba-podici-na-nivo-iznad-partikularnih-interesa\/#breadcrumb"},"inLanguage":"bs-BA","potentialAction":[{"@type":"ReadAction","target":["https:\/\/sandzakpress.net\/arhiva\/akademik-zukorlic-obrazovanje-treba-podici-na-nivo-iznad-partikularnih-interesa\/"]}]},{"@type":"ImageObject","inLanguage":"bs-BA","@id":"https:\/\/sandzakpress.net\/arhiva\/akademik-zukorlic-obrazovanje-treba-podici-na-nivo-iznad-partikularnih-interesa\/#primaryimage","url":"https:\/\/sandzakpress.net\/arhiva\/wp-content\/uploads\/2019\/01\/Hvataj-1-1.jpg","contentUrl":"https:\/\/sandzakpress.net\/arhiva\/wp-content\/uploads\/2019\/01\/Hvataj-1-1.jpg","width":934,"height":581},{"@type":"BreadcrumbList","@id":"https:\/\/sandzakpress.net\/arhiva\/akademik-zukorlic-obrazovanje-treba-podici-na-nivo-iznad-partikularnih-interesa\/#breadcrumb","itemListElement":[{"@type":"ListItem","position":1,"name":"Home","item":"https:\/\/sandzakpress.net\/arhiva\/"},{"@type":"ListItem","position":2,"name":"Akademik Zukorli\u0107: Obrazovanje treba podi\u0107i na nivo iznad partikularnih interesa"}]},{"@type":"WebSite","@id":"https:\/\/sandzakpress.net\/arhiva\/#website","url":"https:\/\/sandzakpress.net\/arhiva\/","name":"Sand\u017eak PRESS","description":"Prve elektronske novine u Sand\u017eaku","publisher":{"@id":"https:\/\/sandzakpress.net\/arhiva\/#\/schema\/person\/6e72b67d6e51910a1117b3b483ba20bd"},"potentialAction":[{"@type":"SearchAction","target":{"@type":"EntryPoint","urlTemplate":"https:\/\/sandzakpress.net\/arhiva\/?s={search_term_string}"},"query-input":{"@type":"PropertyValueSpecification","valueRequired":true,"valueName":"search_term_string"}}],"inLanguage":"bs-BA"},{"@type":["Person","Organization"],"@id":"https:\/\/sandzakpress.net\/arhiva\/#\/schema\/person\/6e72b67d6e51910a1117b3b483ba20bd","name":"Kul","image":{"@type":"ImageObject","inLanguage":"bs-BA","@id":"https:\/\/sandzakpress.net\/arhiva\/#\/schema\/person\/image\/","url":"https:\/\/secure.gravatar.com\/avatar\/42263f39aa27ac04c43cab85c280eb2e?s=96&d=mm&r=pg","contentUrl":"https:\/\/secure.gravatar.com\/avatar\/42263f39aa27ac04c43cab85c280eb2e?s=96&d=mm&r=pg","caption":"Kul"},"logo":{"@id":"https:\/\/sandzakpress.net\/arhiva\/#\/schema\/person\/image\/"}},{"@type":"Person","@id":"https:\/\/sandzakpress.net\/arhiva\/#\/schema\/person\/cb59d7e3ab91ab90dd680ad0305a6185","name":"Agencija","image":{"@type":"ImageObject","inLanguage":"bs-BA","@id":"https:\/\/sandzakpress.net\/arhiva\/#\/schema\/person\/image\/","url":"https:\/\/secure.gravatar.com\/avatar\/4b7fafa80a22f0c2afe23966b3961fe0?s=96&d=mm&r=pg","contentUrl":"https:\/\/secure.gravatar.com\/avatar\/4b7fafa80a22f0c2afe23966b3961fe0?s=96&d=mm&r=pg","caption":"Agencija"},"url":"https:\/\/sandzakpress.net\/arhiva\/author\/agencija\/"}]}},"_links":{"self":[{"href":"https:\/\/sandzakpress.net\/arhiva\/wp-json\/wp\/v2\/posts\/215417"}],"collection":[{"href":"https:\/\/sandzakpress.net\/arhiva\/wp-json\/wp\/v2\/posts"}],"about":[{"href":"https:\/\/sandzakpress.net\/arhiva\/wp-json\/wp\/v2\/types\/post"}],"author":[{"embeddable":true,"href":"https:\/\/sandzakpress.net\/arhiva\/wp-json\/wp\/v2\/users\/509"}],"replies":[{"embeddable":true,"href":"https:\/\/sandzakpress.net\/arhiva\/wp-json\/wp\/v2\/comments?post=215417"}],"version-history":[{"count":0,"href":"https:\/\/sandzakpress.net\/arhiva\/wp-json\/wp\/v2\/posts\/215417\/revisions"}],"wp:featuredmedia":[{"embeddable":true,"href":"https:\/\/sandzakpress.net\/arhiva\/wp-json\/wp\/v2\/media\/215429"}],"wp:attachment":[{"href":"https:\/\/sandzakpress.net\/arhiva\/wp-json\/wp\/v2\/media?parent=215417"}],"wp:term":[{"taxonomy":"category","embeddable":true,"href":"https:\/\/sandzakpress.net\/arhiva\/wp-json\/wp\/v2\/categories?post=215417"},{"taxonomy":"post_tag","embeddable":true,"href":"https:\/\/sandzakpress.net\/arhiva\/wp-json\/wp\/v2\/tags?post=215417"}],"curies":[{"name":"wp","href":"https:\/\/api.w.org\/{rel}","templated":true}]}}