{"id":215299,"date":"2019-01-17T17:49:48","date_gmt":"2019-01-17T16:49:48","guid":{"rendered":"https:\/\/sandzakpress.net\/arhiva\/medjunarodni-aerodrom-u-luisvilleu-dobio-ime-po-muhammedu-aliju"},"modified":"2019-01-17T17:49:48","modified_gmt":"2019-01-17T16:49:48","slug":"medjunarodni-aerodrom-u-luisvilleu-dobio-ime-po-muhammedu-aliju","status":"publish","type":"post","link":"https:\/\/sandzakpress.net\/arhiva\/medjunarodni-aerodrom-u-luisvilleu-dobio-ime-po-muhammedu-aliju\/","title":{"rendered":"Me\u0111unarodni aerodrom u Luisvilleu dobio ime po Muhammedu Aliju"},"content":{"rendered":"<p><span class=\"cb-itemprop\"><\/p>\n<figure class=\"wp-block-image\"><img decoding=\"async\" src=\"http:\/\/saff.ba\/wp-content\/uploads\/2019\/01\/muhammad-ali-airport.png\" alt=\"\" \/><\/figure>\n<p>U znak sje\u0107anja na legendarnog bokserskog \u0161ampiona Muhammeda Alija Me\u0111unarodni aerodrom u Luisvilleu dobio je naziv po njemu, javlja Anadolu Agency (AA).<\/p>\n<p>Upravni odbor za aerodrome u Luisvilleu, u saveznoj ameri\u010dkoj dr\u017eavi Kentucky sino\u0107 je usvojio odluku o preimenovanju aerodroma.<\/p>\n<p>Me\u0111unarodni aerodrom \u201cMuhammed Ali\u201c u Luisvilleu je novi slu\u017ebeni naziv aerodroma, ali njegov kodni naziv \u0107e i dalje biti SDF.<\/p>\n<p>Biv\u0161i trostruki svjetski bokserski prvak u te\u0161koj kategoriji Mihammed Ali preminuo je 6. juna 2016. godine nakon vi\u0161egodi\u0161nje borbe sa Pakrinsonovom bole\u0161\u0107u.<\/p>\n<p>Gradona\u010delnik Luisvillea Greg Fischer kazao je kako je Muhammed Ali imao samo jednan rodni grad i kako je to sre\u0107om bio Luisville.<\/p>\n<p>\u201cAli je jedan od najpoznatijih ljudi koji su hodili svijetom i njegova atletska i humanitarna ostav\u0161tina inspiracija je za milijarde ljudi\u201c, kazao je Fischer.<\/p>\n<p>(Saff)<\/p>\n<p><\/span><br \/>\nPogledajte vijest na izvornom sajtu:<\/p>\n<p><a href=\"http:\/\/islampress.net\/41144\/medjunarodni-aerodrom-u-luisvilleu-dobio-ime-po-muhammedu-aliju\/\" target=\"_blank\">Me\u0111unarodni aerodrom u Luisvilleu dobio ime po Muhammedu Aliju<\/a><\/p>\n","protected":false},"excerpt":{"rendered":"<p>U znak sje\u0107anja na legendarnog bokserskog \u0161ampiona Muhammeda Alija Me\u0111unarodni aerodrom u Luisvilleu dobio je naziv po njemu, javlja Anadolu Agency (AA). Upravni odbor za aerodrome u Luisvilleu, u saveznoj ameri\u010dkoj dr\u017eavi Kentucky sino\u0107 je usvojio odluku o preimenovanju aerodroma. Me\u0111unarodni aerodrom \u201cMuhammed Ali\u201c u Luisvilleu je novi slu\u017ebeni naziv aerodroma, ali njegov kodni naziv [&hellip;]<\/p>\n","protected":false},"author":83,"featured_media":215301,"comment_status":"open","ping_status":"open","sticky":false,"template":"","format":"standard","meta":{"footnotes":""},"categories":[10514],"tags":[10516],"class_list":{"0":"post-215299","1":"post","2":"type-post","3":"status-publish","4":"format-standard","5":"has-post-thumbnail","7":"category-islam-press","8":"tag-islam"},"yoast_head":"<!-- This site is optimized with the Yoast SEO Premium plugin v23.1 (Yoast SEO v24.9) - https:\/\/yoast.com\/wordpress\/plugins\/seo\/ -->\n<title>Me\u0111unarodni aerodrom u Luisvilleu dobio ime po Muhammedu Aliju<\/title>\n<meta name=\"robots\" content=\"index, follow, max-snippet:-1, max-image-preview:large, max-video-preview:-1\" \/>\n<link rel=\"canonical\" href=\"https:\/\/sandzakpress.net\/arhiva\/medjunarodni-aerodrom-u-luisvilleu-dobio-ime-po-muhammedu-aliju\/\" \/>\n<meta property=\"og:locale\" content=\"bs_BA\" \/>\n<meta property=\"og:type\" content=\"article\" \/>\n<meta property=\"og:title\" content=\"Me\u0111unarodni aerodrom u Luisvilleu dobio ime po Muhammedu Aliju\" \/>\n<meta property=\"og:description\" content=\"U znak sje\u0107anja na legendarnog bokserskog \u0161ampiona Muhammeda Alija Me\u0111unarodni aerodrom u Luisvilleu dobio je naziv po njemu, javlja Anadolu Agency (AA). Upravni odbor za aerodrome u Luisvilleu, u saveznoj ameri\u010dkoj dr\u017eavi Kentucky sino\u0107 je usvojio odluku o preimenovanju aerodroma. Me\u0111unarodni aerodrom \u201cMuhammed Ali\u201c u Luisvilleu je novi slu\u017ebeni naziv aerodroma, ali njegov kodni naziv [&hellip;]\" \/>\n<meta property=\"og:url\" content=\"https:\/\/sandzakpress.net\/arhiva\/medjunarodni-aerodrom-u-luisvilleu-dobio-ime-po-muhammedu-aliju\/\" \/>\n<meta property=\"og:site_name\" content=\"Sand\u017eak PRESS\" \/>\n<meta property=\"article:published_time\" content=\"2019-01-17T16:49:48+00:00\" \/>\n<meta property=\"og:image\" content=\"https:\/\/sandzakpress.net\/arhiva\/wp-content\/uploads\/2019\/01\/muhammad-ali-airport-1.png\" \/>\n\t<meta property=\"og:image:width\" content=\"600\" \/>\n\t<meta property=\"og:image:height\" content=\"315\" \/>\n\t<meta property=\"og:image:type\" content=\"image\/png\" \/>\n<meta name=\"author\" content=\"bosniak\" \/>\n<meta name=\"twitter:card\" content=\"summary_large_image\" \/>\n<meta name=\"twitter:label1\" content=\"Written by\" \/>\n\t<meta name=\"twitter:data1\" content=\"bosniak\" \/>\n\t<meta name=\"twitter:label2\" content=\"Est. reading time\" \/>\n\t<meta name=\"twitter:data2\" content=\"1 minuta\" \/>\n<script type=\"application\/ld+json\" class=\"yoast-schema-graph\">{\"@context\":\"https:\/\/schema.org\",\"@graph\":[{\"@type\":\"Article\",\"@id\":\"https:\/\/sandzakpress.net\/arhiva\/medjunarodni-aerodrom-u-luisvilleu-dobio-ime-po-muhammedu-aliju\/#article\",\"isPartOf\":{\"@id\":\"https:\/\/sandzakpress.net\/arhiva\/medjunarodni-aerodrom-u-luisvilleu-dobio-ime-po-muhammedu-aliju\/\"},\"author\":{\"name\":\"bosniak\",\"@id\":\"https:\/\/sandzakpress.net\/arhiva\/#\/schema\/person\/c8baee722073534b583ea7bdb2e36c02\"},\"headline\":\"Me\u0111unarodni aerodrom u Luisvilleu dobio ime po Muhammedu Aliju\",\"datePublished\":\"2019-01-17T16:49:48+00:00\",\"mainEntityOfPage\":{\"@id\":\"https:\/\/sandzakpress.net\/arhiva\/medjunarodni-aerodrom-u-luisvilleu-dobio-ime-po-muhammedu-aliju\/\"},\"wordCount\":166,\"commentCount\":0,\"publisher\":{\"@id\":\"https:\/\/sandzakpress.net\/arhiva\/#\/schema\/person\/6e72b67d6e51910a1117b3b483ba20bd\"},\"image\":{\"@id\":\"https:\/\/sandzakpress.net\/arhiva\/medjunarodni-aerodrom-u-luisvilleu-dobio-ime-po-muhammedu-aliju\/#primaryimage\"},\"thumbnailUrl\":\"https:\/\/sandzakpress.net\/arhiva\/wp-content\/uploads\/2019\/01\/muhammad-ali-airport-1.png\",\"keywords\":[\"Islam\"],\"articleSection\":[\"Islam PRESS\"],\"inLanguage\":\"bs-BA\",\"potentialAction\":[{\"@type\":\"CommentAction\",\"name\":\"Comment\",\"target\":[\"https:\/\/sandzakpress.net\/arhiva\/medjunarodni-aerodrom-u-luisvilleu-dobio-ime-po-muhammedu-aliju\/#respond\"]}]},{\"@type\":\"WebPage\",\"@id\":\"https:\/\/sandzakpress.net\/arhiva\/medjunarodni-aerodrom-u-luisvilleu-dobio-ime-po-muhammedu-aliju\/\",\"url\":\"https:\/\/sandzakpress.net\/arhiva\/medjunarodni-aerodrom-u-luisvilleu-dobio-ime-po-muhammedu-aliju\/\",\"name\":\"Me\u0111unarodni aerodrom u Luisvilleu dobio ime po Muhammedu Aliju\",\"isPartOf\":{\"@id\":\"https:\/\/sandzakpress.net\/arhiva\/#website\"},\"primaryImageOfPage\":{\"@id\":\"https:\/\/sandzakpress.net\/arhiva\/medjunarodni-aerodrom-u-luisvilleu-dobio-ime-po-muhammedu-aliju\/#primaryimage\"},\"image\":{\"@id\":\"https:\/\/sandzakpress.net\/arhiva\/medjunarodni-aerodrom-u-luisvilleu-dobio-ime-po-muhammedu-aliju\/#primaryimage\"},\"thumbnailUrl\":\"https:\/\/sandzakpress.net\/arhiva\/wp-content\/uploads\/2019\/01\/muhammad-ali-airport-1.png\",\"datePublished\":\"2019-01-17T16:49:48+00:00\",\"breadcrumb\":{\"@id\":\"https:\/\/sandzakpress.net\/arhiva\/medjunarodni-aerodrom-u-luisvilleu-dobio-ime-po-muhammedu-aliju\/#breadcrumb\"},\"inLanguage\":\"bs-BA\",\"potentialAction\":[{\"@type\":\"ReadAction\",\"target\":[\"https:\/\/sandzakpress.net\/arhiva\/medjunarodni-aerodrom-u-luisvilleu-dobio-ime-po-muhammedu-aliju\/\"]}]},{\"@type\":\"ImageObject\",\"inLanguage\":\"bs-BA\",\"@id\":\"https:\/\/sandzakpress.net\/arhiva\/medjunarodni-aerodrom-u-luisvilleu-dobio-ime-po-muhammedu-aliju\/#primaryimage\",\"url\":\"https:\/\/sandzakpress.net\/arhiva\/wp-content\/uploads\/2019\/01\/muhammad-ali-airport-1.png\",\"contentUrl\":\"https:\/\/sandzakpress.net\/arhiva\/wp-content\/uploads\/2019\/01\/muhammad-ali-airport-1.png\",\"width\":600,\"height\":315},{\"@type\":\"BreadcrumbList\",\"@id\":\"https:\/\/sandzakpress.net\/arhiva\/medjunarodni-aerodrom-u-luisvilleu-dobio-ime-po-muhammedu-aliju\/#breadcrumb\",\"itemListElement\":[{\"@type\":\"ListItem\",\"position\":1,\"name\":\"Home\",\"item\":\"https:\/\/sandzakpress.net\/arhiva\/\"},{\"@type\":\"ListItem\",\"position\":2,\"name\":\"Me\u0111unarodni aerodrom u Luisvilleu dobio ime po Muhammedu Aliju\"}]},{\"@type\":\"WebSite\",\"@id\":\"https:\/\/sandzakpress.net\/arhiva\/#website\",\"url\":\"https:\/\/sandzakpress.net\/arhiva\/\",\"name\":\"Sand\u017eak PRESS\",\"description\":\"Prve elektronske novine u Sand\u017eaku\",\"publisher\":{\"@id\":\"https:\/\/sandzakpress.net\/arhiva\/#\/schema\/person\/6e72b67d6e51910a1117b3b483ba20bd\"},\"potentialAction\":[{\"@type\":\"SearchAction\",\"target\":{\"@type\":\"EntryPoint\",\"urlTemplate\":\"https:\/\/sandzakpress.net\/arhiva\/?s={search_term_string}\"},\"query-input\":{\"@type\":\"PropertyValueSpecification\",\"valueRequired\":true,\"valueName\":\"search_term_string\"}}],\"inLanguage\":\"bs-BA\"},{\"@type\":[\"Person\",\"Organization\"],\"@id\":\"https:\/\/sandzakpress.net\/arhiva\/#\/schema\/person\/6e72b67d6e51910a1117b3b483ba20bd\",\"name\":\"Kul\",\"image\":{\"@type\":\"ImageObject\",\"inLanguage\":\"bs-BA\",\"@id\":\"https:\/\/sandzakpress.net\/arhiva\/#\/schema\/person\/image\/\",\"url\":\"https:\/\/secure.gravatar.com\/avatar\/42263f39aa27ac04c43cab85c280eb2e?s=96&d=mm&r=pg\",\"contentUrl\":\"https:\/\/secure.gravatar.com\/avatar\/42263f39aa27ac04c43cab85c280eb2e?s=96&d=mm&r=pg\",\"caption\":\"Kul\"},\"logo\":{\"@id\":\"https:\/\/sandzakpress.net\/arhiva\/#\/schema\/person\/image\/\"}},{\"@type\":\"Person\",\"@id\":\"https:\/\/sandzakpress.net\/arhiva\/#\/schema\/person\/c8baee722073534b583ea7bdb2e36c02\",\"name\":\"bosniak\",\"image\":{\"@type\":\"ImageObject\",\"inLanguage\":\"bs-BA\",\"@id\":\"https:\/\/sandzakpress.net\/arhiva\/#\/schema\/person\/image\/\",\"url\":\"https:\/\/secure.gravatar.com\/avatar\/a04fd330bfe3a36a72a0ad4a6d89fca7?s=96&d=mm&r=pg\",\"contentUrl\":\"https:\/\/secure.gravatar.com\/avatar\/a04fd330bfe3a36a72a0ad4a6d89fca7?s=96&d=mm&r=pg\",\"caption\":\"bosniak\"},\"url\":\"https:\/\/sandzakpress.net\/arhiva\/author\/bosniak\/\"}]}<\/script>\n<!-- \/ Yoast SEO Premium plugin. -->","yoast_head_json":{"title":"Me\u0111unarodni aerodrom u Luisvilleu dobio ime po Muhammedu Aliju","robots":{"index":"index","follow":"follow","max-snippet":"max-snippet:-1","max-image-preview":"max-image-preview:large","max-video-preview":"max-video-preview:-1"},"canonical":"https:\/\/sandzakpress.net\/arhiva\/medjunarodni-aerodrom-u-luisvilleu-dobio-ime-po-muhammedu-aliju\/","og_locale":"bs_BA","og_type":"article","og_title":"Me\u0111unarodni aerodrom u Luisvilleu dobio ime po Muhammedu Aliju","og_description":"U znak sje\u0107anja na legendarnog bokserskog \u0161ampiona Muhammeda Alija Me\u0111unarodni aerodrom u Luisvilleu dobio je naziv po njemu, javlja Anadolu Agency (AA). Upravni odbor za aerodrome u Luisvilleu, u saveznoj ameri\u010dkoj dr\u017eavi Kentucky sino\u0107 je usvojio odluku o preimenovanju aerodroma. Me\u0111unarodni aerodrom \u201cMuhammed Ali\u201c u Luisvilleu je novi slu\u017ebeni naziv aerodroma, ali njegov kodni naziv [&hellip;]","og_url":"https:\/\/sandzakpress.net\/arhiva\/medjunarodni-aerodrom-u-luisvilleu-dobio-ime-po-muhammedu-aliju\/","og_site_name":"Sand\u017eak PRESS","article_published_time":"2019-01-17T16:49:48+00:00","og_image":[{"width":600,"height":315,"url":"https:\/\/sandzakpress.net\/arhiva\/wp-content\/uploads\/2019\/01\/muhammad-ali-airport-1.png","type":"image\/png"}],"author":"bosniak","twitter_card":"summary_large_image","twitter_misc":{"Written by":"bosniak","Est. reading time":"1 minuta"},"schema":{"@context":"https:\/\/schema.org","@graph":[{"@type":"Article","@id":"https:\/\/sandzakpress.net\/arhiva\/medjunarodni-aerodrom-u-luisvilleu-dobio-ime-po-muhammedu-aliju\/#article","isPartOf":{"@id":"https:\/\/sandzakpress.net\/arhiva\/medjunarodni-aerodrom-u-luisvilleu-dobio-ime-po-muhammedu-aliju\/"},"author":{"name":"bosniak","@id":"https:\/\/sandzakpress.net\/arhiva\/#\/schema\/person\/c8baee722073534b583ea7bdb2e36c02"},"headline":"Me\u0111unarodni aerodrom u Luisvilleu dobio ime po Muhammedu Aliju","datePublished":"2019-01-17T16:49:48+00:00","mainEntityOfPage":{"@id":"https:\/\/sandzakpress.net\/arhiva\/medjunarodni-aerodrom-u-luisvilleu-dobio-ime-po-muhammedu-aliju\/"},"wordCount":166,"commentCount":0,"publisher":{"@id":"https:\/\/sandzakpress.net\/arhiva\/#\/schema\/person\/6e72b67d6e51910a1117b3b483ba20bd"},"image":{"@id":"https:\/\/sandzakpress.net\/arhiva\/medjunarodni-aerodrom-u-luisvilleu-dobio-ime-po-muhammedu-aliju\/#primaryimage"},"thumbnailUrl":"https:\/\/sandzakpress.net\/arhiva\/wp-content\/uploads\/2019\/01\/muhammad-ali-airport-1.png","keywords":["Islam"],"articleSection":["Islam PRESS"],"inLanguage":"bs-BA","potentialAction":[{"@type":"CommentAction","name":"Comment","target":["https:\/\/sandzakpress.net\/arhiva\/medjunarodni-aerodrom-u-luisvilleu-dobio-ime-po-muhammedu-aliju\/#respond"]}]},{"@type":"WebPage","@id":"https:\/\/sandzakpress.net\/arhiva\/medjunarodni-aerodrom-u-luisvilleu-dobio-ime-po-muhammedu-aliju\/","url":"https:\/\/sandzakpress.net\/arhiva\/medjunarodni-aerodrom-u-luisvilleu-dobio-ime-po-muhammedu-aliju\/","name":"Me\u0111unarodni aerodrom u Luisvilleu dobio ime po Muhammedu Aliju","isPartOf":{"@id":"https:\/\/sandzakpress.net\/arhiva\/#website"},"primaryImageOfPage":{"@id":"https:\/\/sandzakpress.net\/arhiva\/medjunarodni-aerodrom-u-luisvilleu-dobio-ime-po-muhammedu-aliju\/#primaryimage"},"image":{"@id":"https:\/\/sandzakpress.net\/arhiva\/medjunarodni-aerodrom-u-luisvilleu-dobio-ime-po-muhammedu-aliju\/#primaryimage"},"thumbnailUrl":"https:\/\/sandzakpress.net\/arhiva\/wp-content\/uploads\/2019\/01\/muhammad-ali-airport-1.png","datePublished":"2019-01-17T16:49:48+00:00","breadcrumb":{"@id":"https:\/\/sandzakpress.net\/arhiva\/medjunarodni-aerodrom-u-luisvilleu-dobio-ime-po-muhammedu-aliju\/#breadcrumb"},"inLanguage":"bs-BA","potentialAction":[{"@type":"ReadAction","target":["https:\/\/sandzakpress.net\/arhiva\/medjunarodni-aerodrom-u-luisvilleu-dobio-ime-po-muhammedu-aliju\/"]}]},{"@type":"ImageObject","inLanguage":"bs-BA","@id":"https:\/\/sandzakpress.net\/arhiva\/medjunarodni-aerodrom-u-luisvilleu-dobio-ime-po-muhammedu-aliju\/#primaryimage","url":"https:\/\/sandzakpress.net\/arhiva\/wp-content\/uploads\/2019\/01\/muhammad-ali-airport-1.png","contentUrl":"https:\/\/sandzakpress.net\/arhiva\/wp-content\/uploads\/2019\/01\/muhammad-ali-airport-1.png","width":600,"height":315},{"@type":"BreadcrumbList","@id":"https:\/\/sandzakpress.net\/arhiva\/medjunarodni-aerodrom-u-luisvilleu-dobio-ime-po-muhammedu-aliju\/#breadcrumb","itemListElement":[{"@type":"ListItem","position":1,"name":"Home","item":"https:\/\/sandzakpress.net\/arhiva\/"},{"@type":"ListItem","position":2,"name":"Me\u0111unarodni aerodrom u Luisvilleu dobio ime po Muhammedu Aliju"}]},{"@type":"WebSite","@id":"https:\/\/sandzakpress.net\/arhiva\/#website","url":"https:\/\/sandzakpress.net\/arhiva\/","name":"Sand\u017eak PRESS","description":"Prve elektronske novine u Sand\u017eaku","publisher":{"@id":"https:\/\/sandzakpress.net\/arhiva\/#\/schema\/person\/6e72b67d6e51910a1117b3b483ba20bd"},"potentialAction":[{"@type":"SearchAction","target":{"@type":"EntryPoint","urlTemplate":"https:\/\/sandzakpress.net\/arhiva\/?s={search_term_string}"},"query-input":{"@type":"PropertyValueSpecification","valueRequired":true,"valueName":"search_term_string"}}],"inLanguage":"bs-BA"},{"@type":["Person","Organization"],"@id":"https:\/\/sandzakpress.net\/arhiva\/#\/schema\/person\/6e72b67d6e51910a1117b3b483ba20bd","name":"Kul","image":{"@type":"ImageObject","inLanguage":"bs-BA","@id":"https:\/\/sandzakpress.net\/arhiva\/#\/schema\/person\/image\/","url":"https:\/\/secure.gravatar.com\/avatar\/42263f39aa27ac04c43cab85c280eb2e?s=96&d=mm&r=pg","contentUrl":"https:\/\/secure.gravatar.com\/avatar\/42263f39aa27ac04c43cab85c280eb2e?s=96&d=mm&r=pg","caption":"Kul"},"logo":{"@id":"https:\/\/sandzakpress.net\/arhiva\/#\/schema\/person\/image\/"}},{"@type":"Person","@id":"https:\/\/sandzakpress.net\/arhiva\/#\/schema\/person\/c8baee722073534b583ea7bdb2e36c02","name":"bosniak","image":{"@type":"ImageObject","inLanguage":"bs-BA","@id":"https:\/\/sandzakpress.net\/arhiva\/#\/schema\/person\/image\/","url":"https:\/\/secure.gravatar.com\/avatar\/a04fd330bfe3a36a72a0ad4a6d89fca7?s=96&d=mm&r=pg","contentUrl":"https:\/\/secure.gravatar.com\/avatar\/a04fd330bfe3a36a72a0ad4a6d89fca7?s=96&d=mm&r=pg","caption":"bosniak"},"url":"https:\/\/sandzakpress.net\/arhiva\/author\/bosniak\/"}]}},"_links":{"self":[{"href":"https:\/\/sandzakpress.net\/arhiva\/wp-json\/wp\/v2\/posts\/215299"}],"collection":[{"href":"https:\/\/sandzakpress.net\/arhiva\/wp-json\/wp\/v2\/posts"}],"about":[{"href":"https:\/\/sandzakpress.net\/arhiva\/wp-json\/wp\/v2\/types\/post"}],"author":[{"embeddable":true,"href":"https:\/\/sandzakpress.net\/arhiva\/wp-json\/wp\/v2\/users\/83"}],"replies":[{"embeddable":true,"href":"https:\/\/sandzakpress.net\/arhiva\/wp-json\/wp\/v2\/comments?post=215299"}],"version-history":[{"count":0,"href":"https:\/\/sandzakpress.net\/arhiva\/wp-json\/wp\/v2\/posts\/215299\/revisions"}],"wp:featuredmedia":[{"embeddable":true,"href":"https:\/\/sandzakpress.net\/arhiva\/wp-json\/wp\/v2\/media\/215301"}],"wp:attachment":[{"href":"https:\/\/sandzakpress.net\/arhiva\/wp-json\/wp\/v2\/media?parent=215299"}],"wp:term":[{"taxonomy":"category","embeddable":true,"href":"https:\/\/sandzakpress.net\/arhiva\/wp-json\/wp\/v2\/categories?post=215299"},{"taxonomy":"post_tag","embeddable":true,"href":"https:\/\/sandzakpress.net\/arhiva\/wp-json\/wp\/v2\/tags?post=215299"}],"curies":[{"name":"wp","href":"https:\/\/api.w.org\/{rel}","templated":true}]}}