{"id":215255,"date":"2019-01-17T11:46:09","date_gmt":"2019-01-17T10:46:09","guid":{"rendered":"https:\/\/sandzakpress.net\/arhiva\/?p=215255"},"modified":"2019-01-17T11:46:09","modified_gmt":"2019-01-17T10:46:09","slug":"big-stranka-u-njemackoj-ucestvuje-na-izborima-za-evropski-parlament-medju-kandidatima-i-bosnjaci","status":"publish","type":"post","link":"https:\/\/sandzakpress.net\/arhiva\/big-stranka-u-njemackoj-ucestvuje-na-izborima-za-evropski-parlament-medju-kandidatima-i-bosnjaci\/","title":{"rendered":"BIG stranka u Njema\u010dkoj u\u010destvuje na izborima za Evropski parlament &#8211; Me\u0111u kandidatima i Bo\u0161njaci"},"content":{"rendered":"<p><img loading=\"lazy\" decoding=\"async\" class=\"size-full wp-image-215256 aligncenter\" src=\"https:\/\/sandzakpress.net\/arhiva\/wp-content\/uploads\/2019\/01\/BIG.jpg\" alt=\"\" width=\"1600\" height=\"1200\" srcset=\"https:\/\/sandzakpress.net\/arhiva\/wp-content\/uploads\/2019\/01\/BIG.jpg 1600w, https:\/\/sandzakpress.net\/arhiva\/wp-content\/uploads\/2019\/01\/BIG-768x576.jpg 768w, https:\/\/sandzakpress.net\/arhiva\/wp-content\/uploads\/2019\/01\/BIG-616x462.jpg 616w\" sizes=\"(max-width: 1600px) 100vw, 1600px\" \/><\/p>\n<p><strong>Stranka BIG &#8220;B\u00fcndnis f\u00fcr Innovation und Gerechtigkeit&#8221; (Savez za Inovacije i Pravdu) nominovala je svoje kandidate za 9. Evropski Parlament.<\/strong><\/p>\n<p>Stranka BIG tajnim je glasanjem izabrala svoje kandidate za predstoje\u0107e izbore za Evropski Parlament.<\/p>\n<p>Na kongresu stranke koji je odr\u017ean u Frankfurtu na Majni, pored saveznog izvr\u0161nog odbora, sa Predsjednikom Haluk Yildizu na \u010delu, u\u010destvovali su \u00a0i \u010dlanovi predsjedni\u0161tva, Nihad Be\u0107irovi\u0107, Ismet Misiroglu, Nurettin Arul i Sahin Salbars a u\u010destvovali su i dr\u017eavni kantonalni odbori, te ukupno 60 delegata.\u00a0<\/p>\n<p>\u0160to se ti\u010de particiranog i ravnopravnog \u00a0u\u010de\u0161\u0107a u dru\u0161tvenim zbivanjima i politici Njema\u010dke, poput drugih balkanskih naroda koji rade i borave u Njema\u010dkoj, u\u010de\u0161\u0107e uzimaju u sve ve\u0107em broju i Bo\u0161njaci koji sve uspje\u0161nije svoje dru\u0161tvene aktivnosti afirmi\u0161u uz o\u010duvanje vrijednosti svog islamsko- bo\u0161nja\u010dkog identiteta.\u00a0<\/p>\n<p>Zauzeli su funkcije na vode\u0107im pozicijama BIG stranke kako bi u\u010destvovali u unutarnjoj i spoljnoj politici Njema\u010dke, i, izme\u0111u ostalog, doprinosili ostvarenju sloboda i prava emigranata u Njema\u010dkoj i njihovoj zemlji porijekla. Tajnim glasanjem odlu\u010deno je da \u0107e Savez za Inovacije i Pravdu (B\u00fcndnis f\u00fcr Innovation und Gerechtigkeit BIG Partei) u\u010destvovati sa 40 kandidata na evropskim izborima.\u00a0<\/p>\n<p>Lider stranke gosp. Haluk Yildiz izglasan je velikom ve\u0107inom i zauzeo prvo mjesto na listi. Posebna pa\u017enja posve\u0107ena je velikoj etni\u010dkoj raznolikosti kandidata. Predsjednik Haluk Yildiz je to istakao za govornicom. \u201cPostigli smo ne\u0161to jedinstveno na evropskom tlu. Na\u0161a lista uklju\u010duje osam razli\u010ditih etni\u010dkih grupa, \u0161to odra\u017eava raznolikost i glasa\u010dku sliku Evrope.&#8221; &#8211; kazao je gosp. Yildiz.<\/p>\n<p>Propra\u0107en velikim aplauzom delegata, Haluk Yildiz je istakao \u010dinjenicu da ovi izbori predstavljaju prekretnicu za Evropu. Savezni predsjednik je naglasio: &#8220;Poku\u0161at \u0107emo na ove izbore mobilizirati ljude njihovom imigracionom povije\u0161\u0107u. Oko 6,5 miliona bira\u010da s takozvanom migracijskom pozadinom boravi u Njema\u010dkoj, \u0161to bi trebalo \u00a0doprinijeti ulasku u Evropski Parlament.&#8221;<\/p>\n<p>Prvih 10 kandidata BIG-a su:<\/p>\n<ol>\n<li>Haluk Yildiz \u2013 Poslovni konsultant u Bonnu<\/li>\n<li>Nils von Bergner \u2013 Advokat i notar u Hamburgu<\/li>\n<li>Dr. Tarek Ali \u2013 Doktor u Wiesbadenu<\/li>\n<li>Ismet Misirlioglu \u2013 Diplomirani in\u017eenjer u Berlinu<\/li>\n<li>Sa\u0161a Olevi\u0107 \u2013 Ekonomski Informati\u010dar iz Plava koji boravi u Hamburgu<\/li>\n<li>Maha Watta Walter-Kamano &#8211; Preduzetnik u Wachtbergu<\/li>\n<li>Canan Azak \u2013 Doktorica u Andernachu<\/li>\n<li>Kaisa Ilunga \u2013 Novinar u Bonnu<\/li>\n<li>Tarak Mtibaa \u2013 Diplomirani in\u017eenjer u Stuttgartu<\/li>\n<li>Dr. Emad B\u00fcnyadi \u2013 Doktor u Essenu<\/li>\n<\/ol>\n<p>&nbsp;<\/p>\n<p>Kandidati sa \u2018Balkana\u2019 su:<\/p>\n<p>Sa\u0161a Olevi\u0107 \u2013 Ekonomski Informati\u010dar iz Plava koji boravi u Hamburgu<\/p>\n<p>Burhan Hod\u017ei\u0107 &#8211; Student iz Bosne koji boravi u Augsburgu<\/p>\n<p>Edin Ljaji\u0107 &#8211; Preduzetnik iz Novog Pazara koji boravi u Mainzu<\/p>\n","protected":false},"excerpt":{"rendered":"<p>Stranka BIG &#8220;B\u00fcndnis f\u00fcr Innovation und Gerechtigkeit&#8221; (Savez za Inovacije i Pravdu) nominovala je svoje kandidate za 9. Evropski Parlament. Stranka BIG tajnim je glasanjem izabrala svoje kandidate za predstoje\u0107e izbore za Evropski Parlament. Na kongresu stranke koji je odr\u017ean u Frankfurtu na Majni, pored saveznog izvr\u0161nog odbora, sa Predsjednikom Haluk Yildizu na \u010delu, u\u010destvovali [&hellip;]<\/p>\n","protected":false},"author":509,"featured_media":215256,"comment_status":"open","ping_status":"open","sticky":false,"template":"","format":"standard","meta":{"footnotes":""},"categories":[9538,1,8957],"tags":[],"class_list":{"0":"post-215255","1":"post","2":"type-post","3":"status-publish","4":"format-standard","5":"has-post-thumbnail","7":"category-njemacka-dijaspora-gradovi-vase-vijesti","8":"category-politika","9":"category-vijesti-dana"},"yoast_head":"<!-- This site is optimized with the Yoast SEO Premium plugin v23.1 (Yoast SEO v24.9) - https:\/\/yoast.com\/wordpress\/plugins\/seo\/ -->\n<title>BIG stranka u Njema\u010dkoj u\u010destvuje na izborima za Evropski parlament - Me\u0111u kandidatima i Bo\u0161njaci<\/title>\n<meta name=\"robots\" content=\"index, follow, max-snippet:-1, max-image-preview:large, max-video-preview:-1\" \/>\n<link rel=\"canonical\" href=\"https:\/\/sandzakpress.net\/arhiva\/big-stranka-u-njemackoj-ucestvuje-na-izborima-za-evropski-parlament-medju-kandidatima-i-bosnjaci\/\" \/>\n<meta property=\"og:locale\" content=\"bs_BA\" \/>\n<meta property=\"og:type\" content=\"article\" \/>\n<meta property=\"og:title\" content=\"BIG stranka u Njema\u010dkoj u\u010destvuje na izborima za Evropski parlament - Me\u0111u kandidatima i Bo\u0161njaci\" \/>\n<meta property=\"og:description\" content=\"Stranka BIG &#8220;B\u00fcndnis f\u00fcr Innovation und Gerechtigkeit&#8221; (Savez za Inovacije i Pravdu) nominovala je svoje kandidate za 9. Evropski Parlament. Stranka BIG tajnim je glasanjem izabrala svoje kandidate za predstoje\u0107e izbore za Evropski Parlament. Na kongresu stranke koji je odr\u017ean u Frankfurtu na Majni, pored saveznog izvr\u0161nog odbora, sa Predsjednikom Haluk Yildizu na \u010delu, u\u010destvovali [&hellip;]\" \/>\n<meta property=\"og:url\" content=\"https:\/\/sandzakpress.net\/arhiva\/big-stranka-u-njemackoj-ucestvuje-na-izborima-za-evropski-parlament-medju-kandidatima-i-bosnjaci\/\" \/>\n<meta property=\"og:site_name\" content=\"Sand\u017eak PRESS\" \/>\n<meta property=\"article:published_time\" content=\"2019-01-17T10:46:09+00:00\" \/>\n<meta property=\"og:image\" content=\"https:\/\/sandzakpress.net\/arhiva\/wp-content\/uploads\/2019\/01\/BIG.jpg\" \/>\n\t<meta property=\"og:image:width\" content=\"1600\" \/>\n\t<meta property=\"og:image:height\" content=\"1200\" \/>\n\t<meta property=\"og:image:type\" content=\"image\/jpeg\" \/>\n<meta name=\"author\" content=\"Agencija\" \/>\n<meta name=\"twitter:card\" content=\"summary_large_image\" \/>\n<meta name=\"twitter:label1\" content=\"Written by\" \/>\n\t<meta name=\"twitter:data1\" content=\"Agencija\" \/>\n\t<meta name=\"twitter:label2\" content=\"Est. reading time\" \/>\n\t<meta name=\"twitter:data2\" content=\"2 minute\" \/>\n<script type=\"application\/ld+json\" class=\"yoast-schema-graph\">{\"@context\":\"https:\/\/schema.org\",\"@graph\":[{\"@type\":\"Article\",\"@id\":\"https:\/\/sandzakpress.net\/arhiva\/big-stranka-u-njemackoj-ucestvuje-na-izborima-za-evropski-parlament-medju-kandidatima-i-bosnjaci\/#article\",\"isPartOf\":{\"@id\":\"https:\/\/sandzakpress.net\/arhiva\/big-stranka-u-njemackoj-ucestvuje-na-izborima-za-evropski-parlament-medju-kandidatima-i-bosnjaci\/\"},\"author\":{\"name\":\"Agencija\",\"@id\":\"https:\/\/sandzakpress.net\/arhiva\/#\/schema\/person\/cb59d7e3ab91ab90dd680ad0305a6185\"},\"headline\":\"BIG stranka u Njema\u010dkoj u\u010destvuje na izborima za Evropski parlament &#8211; Me\u0111u kandidatima i Bo\u0161njaci\",\"datePublished\":\"2019-01-17T10:46:09+00:00\",\"mainEntityOfPage\":{\"@id\":\"https:\/\/sandzakpress.net\/arhiva\/big-stranka-u-njemackoj-ucestvuje-na-izborima-za-evropski-parlament-medju-kandidatima-i-bosnjaci\/\"},\"wordCount\":466,\"commentCount\":0,\"publisher\":{\"@id\":\"https:\/\/sandzakpress.net\/arhiva\/#\/schema\/person\/6e72b67d6e51910a1117b3b483ba20bd\"},\"image\":{\"@id\":\"https:\/\/sandzakpress.net\/arhiva\/big-stranka-u-njemackoj-ucestvuje-na-izborima-za-evropski-parlament-medju-kandidatima-i-bosnjaci\/#primaryimage\"},\"thumbnailUrl\":\"https:\/\/sandzakpress.net\/arhiva\/wp-content\/uploads\/2019\/01\/BIG.jpg\",\"articleSection\":[\"Njema\u010dka\",\"Politika\",\"VIJESTI DANA\"],\"inLanguage\":\"bs-BA\",\"potentialAction\":[{\"@type\":\"CommentAction\",\"name\":\"Comment\",\"target\":[\"https:\/\/sandzakpress.net\/arhiva\/big-stranka-u-njemackoj-ucestvuje-na-izborima-za-evropski-parlament-medju-kandidatima-i-bosnjaci\/#respond\"]}]},{\"@type\":\"WebPage\",\"@id\":\"https:\/\/sandzakpress.net\/arhiva\/big-stranka-u-njemackoj-ucestvuje-na-izborima-za-evropski-parlament-medju-kandidatima-i-bosnjaci\/\",\"url\":\"https:\/\/sandzakpress.net\/arhiva\/big-stranka-u-njemackoj-ucestvuje-na-izborima-za-evropski-parlament-medju-kandidatima-i-bosnjaci\/\",\"name\":\"BIG stranka u Njema\u010dkoj u\u010destvuje na izborima za Evropski parlament - Me\u0111u kandidatima i Bo\u0161njaci\",\"isPartOf\":{\"@id\":\"https:\/\/sandzakpress.net\/arhiva\/#website\"},\"primaryImageOfPage\":{\"@id\":\"https:\/\/sandzakpress.net\/arhiva\/big-stranka-u-njemackoj-ucestvuje-na-izborima-za-evropski-parlament-medju-kandidatima-i-bosnjaci\/#primaryimage\"},\"image\":{\"@id\":\"https:\/\/sandzakpress.net\/arhiva\/big-stranka-u-njemackoj-ucestvuje-na-izborima-za-evropski-parlament-medju-kandidatima-i-bosnjaci\/#primaryimage\"},\"thumbnailUrl\":\"https:\/\/sandzakpress.net\/arhiva\/wp-content\/uploads\/2019\/01\/BIG.jpg\",\"datePublished\":\"2019-01-17T10:46:09+00:00\",\"breadcrumb\":{\"@id\":\"https:\/\/sandzakpress.net\/arhiva\/big-stranka-u-njemackoj-ucestvuje-na-izborima-za-evropski-parlament-medju-kandidatima-i-bosnjaci\/#breadcrumb\"},\"inLanguage\":\"bs-BA\",\"potentialAction\":[{\"@type\":\"ReadAction\",\"target\":[\"https:\/\/sandzakpress.net\/arhiva\/big-stranka-u-njemackoj-ucestvuje-na-izborima-za-evropski-parlament-medju-kandidatima-i-bosnjaci\/\"]}]},{\"@type\":\"ImageObject\",\"inLanguage\":\"bs-BA\",\"@id\":\"https:\/\/sandzakpress.net\/arhiva\/big-stranka-u-njemackoj-ucestvuje-na-izborima-za-evropski-parlament-medju-kandidatima-i-bosnjaci\/#primaryimage\",\"url\":\"https:\/\/sandzakpress.net\/arhiva\/wp-content\/uploads\/2019\/01\/BIG.jpg\",\"contentUrl\":\"https:\/\/sandzakpress.net\/arhiva\/wp-content\/uploads\/2019\/01\/BIG.jpg\",\"width\":1600,\"height\":1200},{\"@type\":\"BreadcrumbList\",\"@id\":\"https:\/\/sandzakpress.net\/arhiva\/big-stranka-u-njemackoj-ucestvuje-na-izborima-za-evropski-parlament-medju-kandidatima-i-bosnjaci\/#breadcrumb\",\"itemListElement\":[{\"@type\":\"ListItem\",\"position\":1,\"name\":\"Home\",\"item\":\"https:\/\/sandzakpress.net\/arhiva\/\"},{\"@type\":\"ListItem\",\"position\":2,\"name\":\"BIG stranka u Njema\u010dkoj u\u010destvuje na izborima za Evropski parlament &#8211; Me\u0111u kandidatima i Bo\u0161njaci\"}]},{\"@type\":\"WebSite\",\"@id\":\"https:\/\/sandzakpress.net\/arhiva\/#website\",\"url\":\"https:\/\/sandzakpress.net\/arhiva\/\",\"name\":\"Sand\u017eak PRESS\",\"description\":\"Prve elektronske novine u Sand\u017eaku\",\"publisher\":{\"@id\":\"https:\/\/sandzakpress.net\/arhiva\/#\/schema\/person\/6e72b67d6e51910a1117b3b483ba20bd\"},\"potentialAction\":[{\"@type\":\"SearchAction\",\"target\":{\"@type\":\"EntryPoint\",\"urlTemplate\":\"https:\/\/sandzakpress.net\/arhiva\/?s={search_term_string}\"},\"query-input\":{\"@type\":\"PropertyValueSpecification\",\"valueRequired\":true,\"valueName\":\"search_term_string\"}}],\"inLanguage\":\"bs-BA\"},{\"@type\":[\"Person\",\"Organization\"],\"@id\":\"https:\/\/sandzakpress.net\/arhiva\/#\/schema\/person\/6e72b67d6e51910a1117b3b483ba20bd\",\"name\":\"Kul\",\"image\":{\"@type\":\"ImageObject\",\"inLanguage\":\"bs-BA\",\"@id\":\"https:\/\/sandzakpress.net\/arhiva\/#\/schema\/person\/image\/\",\"url\":\"https:\/\/secure.gravatar.com\/avatar\/42263f39aa27ac04c43cab85c280eb2e?s=96&d=mm&r=pg\",\"contentUrl\":\"https:\/\/secure.gravatar.com\/avatar\/42263f39aa27ac04c43cab85c280eb2e?s=96&d=mm&r=pg\",\"caption\":\"Kul\"},\"logo\":{\"@id\":\"https:\/\/sandzakpress.net\/arhiva\/#\/schema\/person\/image\/\"}},{\"@type\":\"Person\",\"@id\":\"https:\/\/sandzakpress.net\/arhiva\/#\/schema\/person\/cb59d7e3ab91ab90dd680ad0305a6185\",\"name\":\"Agencija\",\"image\":{\"@type\":\"ImageObject\",\"inLanguage\":\"bs-BA\",\"@id\":\"https:\/\/sandzakpress.net\/arhiva\/#\/schema\/person\/image\/\",\"url\":\"https:\/\/secure.gravatar.com\/avatar\/4b7fafa80a22f0c2afe23966b3961fe0?s=96&d=mm&r=pg\",\"contentUrl\":\"https:\/\/secure.gravatar.com\/avatar\/4b7fafa80a22f0c2afe23966b3961fe0?s=96&d=mm&r=pg\",\"caption\":\"Agencija\"},\"url\":\"https:\/\/sandzakpress.net\/arhiva\/author\/agencija\/\"}]}<\/script>\n<!-- \/ Yoast SEO Premium plugin. -->","yoast_head_json":{"title":"BIG stranka u Njema\u010dkoj u\u010destvuje na izborima za Evropski parlament - Me\u0111u kandidatima i Bo\u0161njaci","robots":{"index":"index","follow":"follow","max-snippet":"max-snippet:-1","max-image-preview":"max-image-preview:large","max-video-preview":"max-video-preview:-1"},"canonical":"https:\/\/sandzakpress.net\/arhiva\/big-stranka-u-njemackoj-ucestvuje-na-izborima-za-evropski-parlament-medju-kandidatima-i-bosnjaci\/","og_locale":"bs_BA","og_type":"article","og_title":"BIG stranka u Njema\u010dkoj u\u010destvuje na izborima za Evropski parlament - Me\u0111u kandidatima i Bo\u0161njaci","og_description":"Stranka BIG &#8220;B\u00fcndnis f\u00fcr Innovation und Gerechtigkeit&#8221; (Savez za Inovacije i Pravdu) nominovala je svoje kandidate za 9. Evropski Parlament. Stranka BIG tajnim je glasanjem izabrala svoje kandidate za predstoje\u0107e izbore za Evropski Parlament. Na kongresu stranke koji je odr\u017ean u Frankfurtu na Majni, pored saveznog izvr\u0161nog odbora, sa Predsjednikom Haluk Yildizu na \u010delu, u\u010destvovali [&hellip;]","og_url":"https:\/\/sandzakpress.net\/arhiva\/big-stranka-u-njemackoj-ucestvuje-na-izborima-za-evropski-parlament-medju-kandidatima-i-bosnjaci\/","og_site_name":"Sand\u017eak PRESS","article_published_time":"2019-01-17T10:46:09+00:00","og_image":[{"width":1600,"height":1200,"url":"https:\/\/sandzakpress.net\/arhiva\/wp-content\/uploads\/2019\/01\/BIG.jpg","type":"image\/jpeg"}],"author":"Agencija","twitter_card":"summary_large_image","twitter_misc":{"Written by":"Agencija","Est. reading time":"2 minute"},"schema":{"@context":"https:\/\/schema.org","@graph":[{"@type":"Article","@id":"https:\/\/sandzakpress.net\/arhiva\/big-stranka-u-njemackoj-ucestvuje-na-izborima-za-evropski-parlament-medju-kandidatima-i-bosnjaci\/#article","isPartOf":{"@id":"https:\/\/sandzakpress.net\/arhiva\/big-stranka-u-njemackoj-ucestvuje-na-izborima-za-evropski-parlament-medju-kandidatima-i-bosnjaci\/"},"author":{"name":"Agencija","@id":"https:\/\/sandzakpress.net\/arhiva\/#\/schema\/person\/cb59d7e3ab91ab90dd680ad0305a6185"},"headline":"BIG stranka u Njema\u010dkoj u\u010destvuje na izborima za Evropski parlament &#8211; Me\u0111u kandidatima i Bo\u0161njaci","datePublished":"2019-01-17T10:46:09+00:00","mainEntityOfPage":{"@id":"https:\/\/sandzakpress.net\/arhiva\/big-stranka-u-njemackoj-ucestvuje-na-izborima-za-evropski-parlament-medju-kandidatima-i-bosnjaci\/"},"wordCount":466,"commentCount":0,"publisher":{"@id":"https:\/\/sandzakpress.net\/arhiva\/#\/schema\/person\/6e72b67d6e51910a1117b3b483ba20bd"},"image":{"@id":"https:\/\/sandzakpress.net\/arhiva\/big-stranka-u-njemackoj-ucestvuje-na-izborima-za-evropski-parlament-medju-kandidatima-i-bosnjaci\/#primaryimage"},"thumbnailUrl":"https:\/\/sandzakpress.net\/arhiva\/wp-content\/uploads\/2019\/01\/BIG.jpg","articleSection":["Njema\u010dka","Politika","VIJESTI DANA"],"inLanguage":"bs-BA","potentialAction":[{"@type":"CommentAction","name":"Comment","target":["https:\/\/sandzakpress.net\/arhiva\/big-stranka-u-njemackoj-ucestvuje-na-izborima-za-evropski-parlament-medju-kandidatima-i-bosnjaci\/#respond"]}]},{"@type":"WebPage","@id":"https:\/\/sandzakpress.net\/arhiva\/big-stranka-u-njemackoj-ucestvuje-na-izborima-za-evropski-parlament-medju-kandidatima-i-bosnjaci\/","url":"https:\/\/sandzakpress.net\/arhiva\/big-stranka-u-njemackoj-ucestvuje-na-izborima-za-evropski-parlament-medju-kandidatima-i-bosnjaci\/","name":"BIG stranka u Njema\u010dkoj u\u010destvuje na izborima za Evropski parlament - Me\u0111u kandidatima i Bo\u0161njaci","isPartOf":{"@id":"https:\/\/sandzakpress.net\/arhiva\/#website"},"primaryImageOfPage":{"@id":"https:\/\/sandzakpress.net\/arhiva\/big-stranka-u-njemackoj-ucestvuje-na-izborima-za-evropski-parlament-medju-kandidatima-i-bosnjaci\/#primaryimage"},"image":{"@id":"https:\/\/sandzakpress.net\/arhiva\/big-stranka-u-njemackoj-ucestvuje-na-izborima-za-evropski-parlament-medju-kandidatima-i-bosnjaci\/#primaryimage"},"thumbnailUrl":"https:\/\/sandzakpress.net\/arhiva\/wp-content\/uploads\/2019\/01\/BIG.jpg","datePublished":"2019-01-17T10:46:09+00:00","breadcrumb":{"@id":"https:\/\/sandzakpress.net\/arhiva\/big-stranka-u-njemackoj-ucestvuje-na-izborima-za-evropski-parlament-medju-kandidatima-i-bosnjaci\/#breadcrumb"},"inLanguage":"bs-BA","potentialAction":[{"@type":"ReadAction","target":["https:\/\/sandzakpress.net\/arhiva\/big-stranka-u-njemackoj-ucestvuje-na-izborima-za-evropski-parlament-medju-kandidatima-i-bosnjaci\/"]}]},{"@type":"ImageObject","inLanguage":"bs-BA","@id":"https:\/\/sandzakpress.net\/arhiva\/big-stranka-u-njemackoj-ucestvuje-na-izborima-za-evropski-parlament-medju-kandidatima-i-bosnjaci\/#primaryimage","url":"https:\/\/sandzakpress.net\/arhiva\/wp-content\/uploads\/2019\/01\/BIG.jpg","contentUrl":"https:\/\/sandzakpress.net\/arhiva\/wp-content\/uploads\/2019\/01\/BIG.jpg","width":1600,"height":1200},{"@type":"BreadcrumbList","@id":"https:\/\/sandzakpress.net\/arhiva\/big-stranka-u-njemackoj-ucestvuje-na-izborima-za-evropski-parlament-medju-kandidatima-i-bosnjaci\/#breadcrumb","itemListElement":[{"@type":"ListItem","position":1,"name":"Home","item":"https:\/\/sandzakpress.net\/arhiva\/"},{"@type":"ListItem","position":2,"name":"BIG stranka u Njema\u010dkoj u\u010destvuje na izborima za Evropski parlament &#8211; Me\u0111u kandidatima i Bo\u0161njaci"}]},{"@type":"WebSite","@id":"https:\/\/sandzakpress.net\/arhiva\/#website","url":"https:\/\/sandzakpress.net\/arhiva\/","name":"Sand\u017eak PRESS","description":"Prve elektronske novine u Sand\u017eaku","publisher":{"@id":"https:\/\/sandzakpress.net\/arhiva\/#\/schema\/person\/6e72b67d6e51910a1117b3b483ba20bd"},"potentialAction":[{"@type":"SearchAction","target":{"@type":"EntryPoint","urlTemplate":"https:\/\/sandzakpress.net\/arhiva\/?s={search_term_string}"},"query-input":{"@type":"PropertyValueSpecification","valueRequired":true,"valueName":"search_term_string"}}],"inLanguage":"bs-BA"},{"@type":["Person","Organization"],"@id":"https:\/\/sandzakpress.net\/arhiva\/#\/schema\/person\/6e72b67d6e51910a1117b3b483ba20bd","name":"Kul","image":{"@type":"ImageObject","inLanguage":"bs-BA","@id":"https:\/\/sandzakpress.net\/arhiva\/#\/schema\/person\/image\/","url":"https:\/\/secure.gravatar.com\/avatar\/42263f39aa27ac04c43cab85c280eb2e?s=96&d=mm&r=pg","contentUrl":"https:\/\/secure.gravatar.com\/avatar\/42263f39aa27ac04c43cab85c280eb2e?s=96&d=mm&r=pg","caption":"Kul"},"logo":{"@id":"https:\/\/sandzakpress.net\/arhiva\/#\/schema\/person\/image\/"}},{"@type":"Person","@id":"https:\/\/sandzakpress.net\/arhiva\/#\/schema\/person\/cb59d7e3ab91ab90dd680ad0305a6185","name":"Agencija","image":{"@type":"ImageObject","inLanguage":"bs-BA","@id":"https:\/\/sandzakpress.net\/arhiva\/#\/schema\/person\/image\/","url":"https:\/\/secure.gravatar.com\/avatar\/4b7fafa80a22f0c2afe23966b3961fe0?s=96&d=mm&r=pg","contentUrl":"https:\/\/secure.gravatar.com\/avatar\/4b7fafa80a22f0c2afe23966b3961fe0?s=96&d=mm&r=pg","caption":"Agencija"},"url":"https:\/\/sandzakpress.net\/arhiva\/author\/agencija\/"}]}},"_links":{"self":[{"href":"https:\/\/sandzakpress.net\/arhiva\/wp-json\/wp\/v2\/posts\/215255"}],"collection":[{"href":"https:\/\/sandzakpress.net\/arhiva\/wp-json\/wp\/v2\/posts"}],"about":[{"href":"https:\/\/sandzakpress.net\/arhiva\/wp-json\/wp\/v2\/types\/post"}],"author":[{"embeddable":true,"href":"https:\/\/sandzakpress.net\/arhiva\/wp-json\/wp\/v2\/users\/509"}],"replies":[{"embeddable":true,"href":"https:\/\/sandzakpress.net\/arhiva\/wp-json\/wp\/v2\/comments?post=215255"}],"version-history":[{"count":0,"href":"https:\/\/sandzakpress.net\/arhiva\/wp-json\/wp\/v2\/posts\/215255\/revisions"}],"wp:featuredmedia":[{"embeddable":true,"href":"https:\/\/sandzakpress.net\/arhiva\/wp-json\/wp\/v2\/media\/215256"}],"wp:attachment":[{"href":"https:\/\/sandzakpress.net\/arhiva\/wp-json\/wp\/v2\/media?parent=215255"}],"wp:term":[{"taxonomy":"category","embeddable":true,"href":"https:\/\/sandzakpress.net\/arhiva\/wp-json\/wp\/v2\/categories?post=215255"},{"taxonomy":"post_tag","embeddable":true,"href":"https:\/\/sandzakpress.net\/arhiva\/wp-json\/wp\/v2\/tags?post=215255"}],"curies":[{"name":"wp","href":"https:\/\/api.w.org\/{rel}","templated":true}]}}