{"id":215219,"date":"2019-01-16T12:26:44","date_gmt":"2019-01-16T11:26:44","guid":{"rendered":"https:\/\/sandzakpress.net\/arhiva\/?p=215219"},"modified":"2019-01-16T13:51:09","modified_gmt":"2019-01-16T12:51:09","slug":"akademik-zukorlic-na-konferenciji-u-zagrebu","status":"publish","type":"post","link":"https:\/\/sandzakpress.net\/arhiva\/akademik-zukorlic-na-konferenciji-u-zagrebu\/","title":{"rendered":"Akademik Zukorli\u0107 na konferenciji u Zagrebu"},"content":{"rendered":"<p><a href=\"http:\/\/sanapress.info\/wp-content\/uploads\/2019\/01\/02.jpeg\"><img loading=\"lazy\" decoding=\"async\" class=\"alignnone size-full wp-image-43465\" src=\"http:\/\/sanapress.info\/wp-content\/uploads\/2019\/01\/02.jpeg\" sizes=\"(max-width: 1280px) 100vw, 1280px\" srcset=\"https:\/\/sanapress.info\/wp-content\/uploads\/2019\/01\/02.jpeg 1280w, https:\/\/sanapress.info\/wp-content\/uploads\/2019\/01\/02-300x150.jpeg 300w, https:\/\/sanapress.info\/wp-content\/uploads\/2019\/01\/02-768x384.jpeg 768w, https:\/\/sanapress.info\/wp-content\/uploads\/2019\/01\/02-1024x512.jpeg 1024w\" alt=\"\" width=\"1280\" height=\"640\" \/><\/a><\/p>\n<p><strong>Predsjednik Stranke pravde i pomirenja dr. Muamer Zukorli\u0107 u\u010destvuje na dvodnevnoj konferenciji o pravima muslimana u Isto\u010dnoj Evropi u Zagrebu, u organizaciji Svjetskog vije\u0107a muslimanskih zajednica iz Abu Dabija i Me\u0161ihata IZ-e u Hrvatskoj.<\/strong><\/p>\n<p>Akademik Zukorli\u0107 se obratio na otvaranju konferencije govore\u0107i o nu\u017enosti okupljanja oko zajedni\u010dke rije\u010di svih duhovnih svjetonazora po\u0161to se savremeno dru\u0161tvo evidentno nalazi u dekadenci duhovnih eti\u010dkih i porodi\u010dnih vrijednosti, ukazuju\u0107i na postkomunisti\u010dku svijest kao va\u017ean uzrok korumpiranosti pojedinca i zajednice.<\/p>\n<p>Dr. Zukorli\u0107 je tako\u0111er predsjedavao prvom radnom sesijom na temu \u201ePrava muslimana u ustavima evropskih zemalja\u201c.<\/p>\n<p>Na konferenciji su sudjelovali i predsjednik Me\u0161ihata IZ-e u Srbiji muftija dr. Mevlud ef. Dudi\u0107, dekan Fakulteta za islamske studije u Novom Pazaru prof. dr. Enver Gici\u0107 i direktor Islamskog centra u Beogradu Sead ef. \u0160a\u0107irovi\u0107.<\/p>\n<p>Otvaranju konferencije su prisustvovali i obratili se i ministar pravde u Vladi Republike Hrvatske Dra\u017een Bo\u0161njakovi\u0107 i gradona\u010delnik Zagreba Milan Bandi\u0107.<\/p>\n<p><strong>(SANA)<\/strong><\/p>\n<p><iframe loading=\"lazy\" style=\"border: none; overflow: hidden;\" src=\"https:\/\/www.facebook.com\/plugins\/video.php?href=https%3A%2F%2Fwww.facebook.com%2FMuamerZukorlic%2Fvideos%2F1912364602208066%2F&amp;show_text=0&amp;width=560\" width=\"560\" height=\"316\" frameborder=\"0\" scrolling=\"no\" allowfullscreen=\"allowfullscreen\"><\/iframe><\/p>\n<p><a href=\"http:\/\/sanapress.info\/wp-content\/uploads\/2019\/01\/01.jpg\"><img loading=\"lazy\" decoding=\"async\" class=\"alignnone size-full wp-image-43464\" src=\"http:\/\/sanapress.info\/wp-content\/uploads\/2019\/01\/01.jpg\" sizes=\"(max-width: 1118px) 100vw, 1118px\" srcset=\"https:\/\/sanapress.info\/wp-content\/uploads\/2019\/01\/01.jpg 1118w, https:\/\/sanapress.info\/wp-content\/uploads\/2019\/01\/01-300x150.jpg 300w, https:\/\/sanapress.info\/wp-content\/uploads\/2019\/01\/01-768x385.jpg 768w, https:\/\/sanapress.info\/wp-content\/uploads\/2019\/01\/01-1024x513.jpg 1024w\" alt=\"\" width=\"1118\" height=\"560\" \/><\/a><a href=\"http:\/\/sanapress.info\/wp-content\/uploads\/2019\/01\/03.jpeg\"><img loading=\"lazy\" decoding=\"async\" class=\"alignnone size-full wp-image-43466\" src=\"http:\/\/sanapress.info\/wp-content\/uploads\/2019\/01\/03.jpeg\" sizes=\"(max-width: 1600px) 100vw, 1600px\" srcset=\"https:\/\/sanapress.info\/wp-content\/uploads\/2019\/01\/03.jpeg 1600w, https:\/\/sanapress.info\/wp-content\/uploads\/2019\/01\/03-300x150.jpeg 300w, https:\/\/sanapress.info\/wp-content\/uploads\/2019\/01\/03-768x384.jpeg 768w, https:\/\/sanapress.info\/wp-content\/uploads\/2019\/01\/03-1024x512.jpeg 1024w\" alt=\"\" width=\"1600\" height=\"800\" \/><\/a><a href=\"http:\/\/sanapress.info\/wp-content\/uploads\/2019\/01\/04.jpeg\"><img loading=\"lazy\" decoding=\"async\" class=\"alignnone size-full wp-image-43467\" src=\"http:\/\/sanapress.info\/wp-content\/uploads\/2019\/01\/04.jpeg\" sizes=\"(max-width: 1352px) 100vw, 1352px\" srcset=\"https:\/\/sanapress.info\/wp-content\/uploads\/2019\/01\/04.jpeg 1352w, https:\/\/sanapress.info\/wp-content\/uploads\/2019\/01\/04-300x150.jpeg 300w, https:\/\/sanapress.info\/wp-content\/uploads\/2019\/01\/04-768x384.jpeg 768w, https:\/\/sanapress.info\/wp-content\/uploads\/2019\/01\/04-1024x512.jpeg 1024w\" alt=\"\" width=\"1352\" height=\"676\" \/><\/a><a href=\"http:\/\/sanapress.info\/wp-content\/uploads\/2019\/01\/05.jpeg\"><img loading=\"lazy\" decoding=\"async\" class=\"alignnone size-full wp-image-43468\" src=\"http:\/\/sanapress.info\/wp-content\/uploads\/2019\/01\/05.jpeg\" sizes=\"(max-width: 777px) 100vw, 777px\" srcset=\"https:\/\/sanapress.info\/wp-content\/uploads\/2019\/01\/05.jpeg 777w, https:\/\/sanapress.info\/wp-content\/uploads\/2019\/01\/05-100x100.jpeg 100w, https:\/\/sanapress.info\/wp-content\/uploads\/2019\/01\/05-300x300.jpeg 300w, https:\/\/sanapress.info\/wp-content\/uploads\/2019\/01\/05-768x768.jpeg 768w\" alt=\"\" width=\"777\" height=\"777\" \/><\/a>\u00a0<a href=\"http:\/\/sanapress.info\/wp-content\/uploads\/2019\/01\/06.jpeg\"><img loading=\"lazy\" decoding=\"async\" class=\"alignnone size-full wp-image-43472\" src=\"http:\/\/sanapress.info\/wp-content\/uploads\/2019\/01\/06.jpeg\" sizes=\"(max-width: 777px) 100vw, 777px\" srcset=\"https:\/\/sanapress.info\/wp-content\/uploads\/2019\/01\/06.jpeg 777w, https:\/\/sanapress.info\/wp-content\/uploads\/2019\/01\/06-100x100.jpeg 100w, https:\/\/sanapress.info\/wp-content\/uploads\/2019\/01\/06-300x300.jpeg 300w, https:\/\/sanapress.info\/wp-content\/uploads\/2019\/01\/06-768x768.jpeg 768w\" alt=\"\" width=\"777\" height=\"777\" \/><\/a>\u00a0<a href=\"http:\/\/sanapress.info\/wp-content\/uploads\/2019\/01\/07.jpeg\"><img loading=\"lazy\" decoding=\"async\" class=\"alignnone size-full wp-image-43469\" src=\"http:\/\/sanapress.info\/wp-content\/uploads\/2019\/01\/07.jpeg\" sizes=\"(max-width: 1368px) 100vw, 1368px\" srcset=\"https:\/\/sanapress.info\/wp-content\/uploads\/2019\/01\/07.jpeg 1368w, https:\/\/sanapress.info\/wp-content\/uploads\/2019\/01\/07-300x150.jpeg 300w, https:\/\/sanapress.info\/wp-content\/uploads\/2019\/01\/07-768x384.jpeg 768w, https:\/\/sanapress.info\/wp-content\/uploads\/2019\/01\/07-1024x512.jpeg 1024w\" alt=\"\" width=\"1368\" height=\"684\" \/><\/a><a href=\"http:\/\/sanapress.info\/wp-content\/uploads\/2019\/01\/08.jpeg\"><img loading=\"lazy\" decoding=\"async\" class=\"alignnone size-full wp-image-43470\" src=\"http:\/\/sanapress.info\/wp-content\/uploads\/2019\/01\/08.jpeg\" sizes=\"(max-width: 1411px) 100vw, 1411px\" srcset=\"https:\/\/sanapress.info\/wp-content\/uploads\/2019\/01\/08.jpeg 1411w, https:\/\/sanapress.info\/wp-content\/uploads\/2019\/01\/08-300x150.jpeg 300w, https:\/\/sanapress.info\/wp-content\/uploads\/2019\/01\/08-768x384.jpeg 768w, https:\/\/sanapress.info\/wp-content\/uploads\/2019\/01\/08-1024x512.jpeg 1024w\" alt=\"\" width=\"1411\" height=\"706\" \/><\/a><a href=\"http:\/\/sanapress.info\/wp-content\/uploads\/2019\/01\/09.jpeg\"><img loading=\"lazy\" decoding=\"async\" class=\"alignnone size-full wp-image-43471\" src=\"http:\/\/sanapress.info\/wp-content\/uploads\/2019\/01\/09.jpeg\" sizes=\"(max-width: 994px) 100vw, 994px\" srcset=\"https:\/\/sanapress.info\/wp-content\/uploads\/2019\/01\/09.jpeg 994w, https:\/\/sanapress.info\/wp-content\/uploads\/2019\/01\/09-300x150.jpeg 300w, https:\/\/sanapress.info\/wp-content\/uploads\/2019\/01\/09-768x384.jpeg 768w\" alt=\"\" width=\"994\" height=\"497\" \/><\/a><\/p>\n","protected":false},"excerpt":{"rendered":"<p>Predsjednik Stranke pravde i pomirenja dr. Muamer Zukorli\u0107 u\u010destvuje na dvodnevnoj konferenciji o pravima muslimana u Isto\u010dnoj Evropi u Zagrebu, u organizaciji Svjetskog vije\u0107a muslimanskih zajednica iz Abu Dabija i Me\u0161ihata IZ-e u Hrvatskoj. Akademik Zukorli\u0107 se obratio na otvaranju konferencije govore\u0107i o nu\u017enosti okupljanja oko zajedni\u010dke rije\u010di svih duhovnih svjetonazora po\u0161to se savremeno dru\u0161tvo [&hellip;]<\/p>\n","protected":false},"author":509,"featured_media":215220,"comment_status":"open","ping_status":"open","sticky":false,"template":"","format":"standard","meta":{"footnotes":""},"categories":[72,1,10306,8957],"tags":[10204,10541],"class_list":{"0":"post-215219","1":"post","2":"type-post","3":"status-publish","4":"format-standard","5":"has-post-thumbnail","7":"category-novi-pazar","8":"category-politika","9":"category-hrvatska","10":"category-vijesti-dana","11":"tag-muftija-muamer-zukorlic","12":"tag-spp"},"yoast_head":"<!-- This site is optimized with the Yoast SEO Premium plugin v23.1 (Yoast SEO v24.9) - https:\/\/yoast.com\/wordpress\/plugins\/seo\/ -->\n<title>Akademik Zukorli\u0107 na konferenciji u Zagrebu<\/title>\n<meta name=\"robots\" content=\"index, follow, max-snippet:-1, max-image-preview:large, max-video-preview:-1\" \/>\n<link rel=\"canonical\" href=\"https:\/\/sandzakpress.net\/arhiva\/akademik-zukorlic-na-konferenciji-u-zagrebu\/\" \/>\n<meta property=\"og:locale\" content=\"bs_BA\" \/>\n<meta property=\"og:type\" content=\"article\" \/>\n<meta property=\"og:title\" content=\"Akademik Zukorli\u0107 na konferenciji u Zagrebu\" \/>\n<meta property=\"og:description\" content=\"Predsjednik Stranke pravde i pomirenja dr. Muamer Zukorli\u0107 u\u010destvuje na dvodnevnoj konferenciji o pravima muslimana u Isto\u010dnoj Evropi u Zagrebu, u organizaciji Svjetskog vije\u0107a muslimanskih zajednica iz Abu Dabija i Me\u0161ihata IZ-e u Hrvatskoj. Akademik Zukorli\u0107 se obratio na otvaranju konferencije govore\u0107i o nu\u017enosti okupljanja oko zajedni\u010dke rije\u010di svih duhovnih svjetonazora po\u0161to se savremeno dru\u0161tvo [&hellip;]\" \/>\n<meta property=\"og:url\" content=\"https:\/\/sandzakpress.net\/arhiva\/akademik-zukorlic-na-konferenciji-u-zagrebu\/\" \/>\n<meta property=\"og:site_name\" content=\"Sand\u017eak PRESS\" \/>\n<meta property=\"article:published_time\" content=\"2019-01-16T11:26:44+00:00\" \/>\n<meta property=\"article:modified_time\" content=\"2019-01-16T12:51:09+00:00\" \/>\n<meta property=\"og:image\" content=\"https:\/\/sandzakpress.net\/arhiva\/wp-content\/uploads\/2019\/01\/02.jpeg.jpg\" \/>\n\t<meta property=\"og:image:width\" content=\"1280\" \/>\n\t<meta property=\"og:image:height\" content=\"640\" \/>\n\t<meta property=\"og:image:type\" content=\"image\/jpeg\" \/>\n<meta name=\"author\" content=\"Agencija\" \/>\n<meta name=\"twitter:card\" content=\"summary_large_image\" \/>\n<meta name=\"twitter:label1\" content=\"Written by\" \/>\n\t<meta name=\"twitter:data1\" content=\"Agencija\" \/>\n\t<meta name=\"twitter:label2\" content=\"Est. reading time\" \/>\n\t<meta name=\"twitter:data2\" content=\"1 minuta\" \/>\n<script type=\"application\/ld+json\" class=\"yoast-schema-graph\">{\"@context\":\"https:\/\/schema.org\",\"@graph\":[{\"@type\":\"Article\",\"@id\":\"https:\/\/sandzakpress.net\/arhiva\/akademik-zukorlic-na-konferenciji-u-zagrebu\/#article\",\"isPartOf\":{\"@id\":\"https:\/\/sandzakpress.net\/arhiva\/akademik-zukorlic-na-konferenciji-u-zagrebu\/\"},\"author\":{\"name\":\"Agencija\",\"@id\":\"https:\/\/sandzakpress.net\/arhiva\/#\/schema\/person\/cb59d7e3ab91ab90dd680ad0305a6185\"},\"headline\":\"Akademik Zukorli\u0107 na konferenciji u Zagrebu\",\"datePublished\":\"2019-01-16T11:26:44+00:00\",\"dateModified\":\"2019-01-16T12:51:09+00:00\",\"mainEntityOfPage\":{\"@id\":\"https:\/\/sandzakpress.net\/arhiva\/akademik-zukorlic-na-konferenciji-u-zagrebu\/\"},\"wordCount\":176,\"commentCount\":0,\"publisher\":{\"@id\":\"https:\/\/sandzakpress.net\/arhiva\/#\/schema\/person\/6e72b67d6e51910a1117b3b483ba20bd\"},\"image\":{\"@id\":\"https:\/\/sandzakpress.net\/arhiva\/akademik-zukorlic-na-konferenciji-u-zagrebu\/#primaryimage\"},\"thumbnailUrl\":\"https:\/\/sandzakpress.net\/arhiva\/wp-content\/uploads\/2019\/01\/02.jpeg.jpg\",\"keywords\":[\"muftija Muamer Zukorli\u0107\",\"SPP\"],\"articleSection\":[\"Novi Pazar\",\"Politika\",\"Hrvatska\",\"VIJESTI DANA\"],\"inLanguage\":\"bs-BA\",\"potentialAction\":[{\"@type\":\"CommentAction\",\"name\":\"Comment\",\"target\":[\"https:\/\/sandzakpress.net\/arhiva\/akademik-zukorlic-na-konferenciji-u-zagrebu\/#respond\"]}]},{\"@type\":\"WebPage\",\"@id\":\"https:\/\/sandzakpress.net\/arhiva\/akademik-zukorlic-na-konferenciji-u-zagrebu\/\",\"url\":\"https:\/\/sandzakpress.net\/arhiva\/akademik-zukorlic-na-konferenciji-u-zagrebu\/\",\"name\":\"Akademik Zukorli\u0107 na konferenciji u Zagrebu\",\"isPartOf\":{\"@id\":\"https:\/\/sandzakpress.net\/arhiva\/#website\"},\"primaryImageOfPage\":{\"@id\":\"https:\/\/sandzakpress.net\/arhiva\/akademik-zukorlic-na-konferenciji-u-zagrebu\/#primaryimage\"},\"image\":{\"@id\":\"https:\/\/sandzakpress.net\/arhiva\/akademik-zukorlic-na-konferenciji-u-zagrebu\/#primaryimage\"},\"thumbnailUrl\":\"https:\/\/sandzakpress.net\/arhiva\/wp-content\/uploads\/2019\/01\/02.jpeg.jpg\",\"datePublished\":\"2019-01-16T11:26:44+00:00\",\"dateModified\":\"2019-01-16T12:51:09+00:00\",\"breadcrumb\":{\"@id\":\"https:\/\/sandzakpress.net\/arhiva\/akademik-zukorlic-na-konferenciji-u-zagrebu\/#breadcrumb\"},\"inLanguage\":\"bs-BA\",\"potentialAction\":[{\"@type\":\"ReadAction\",\"target\":[\"https:\/\/sandzakpress.net\/arhiva\/akademik-zukorlic-na-konferenciji-u-zagrebu\/\"]}]},{\"@type\":\"ImageObject\",\"inLanguage\":\"bs-BA\",\"@id\":\"https:\/\/sandzakpress.net\/arhiva\/akademik-zukorlic-na-konferenciji-u-zagrebu\/#primaryimage\",\"url\":\"https:\/\/sandzakpress.net\/arhiva\/wp-content\/uploads\/2019\/01\/02.jpeg.jpg\",\"contentUrl\":\"https:\/\/sandzakpress.net\/arhiva\/wp-content\/uploads\/2019\/01\/02.jpeg.jpg\",\"width\":1280,\"height\":640},{\"@type\":\"BreadcrumbList\",\"@id\":\"https:\/\/sandzakpress.net\/arhiva\/akademik-zukorlic-na-konferenciji-u-zagrebu\/#breadcrumb\",\"itemListElement\":[{\"@type\":\"ListItem\",\"position\":1,\"name\":\"Home\",\"item\":\"https:\/\/sandzakpress.net\/arhiva\/\"},{\"@type\":\"ListItem\",\"position\":2,\"name\":\"Akademik Zukorli\u0107 na konferenciji u Zagrebu\"}]},{\"@type\":\"WebSite\",\"@id\":\"https:\/\/sandzakpress.net\/arhiva\/#website\",\"url\":\"https:\/\/sandzakpress.net\/arhiva\/\",\"name\":\"Sand\u017eak PRESS\",\"description\":\"Prve elektronske novine u Sand\u017eaku\",\"publisher\":{\"@id\":\"https:\/\/sandzakpress.net\/arhiva\/#\/schema\/person\/6e72b67d6e51910a1117b3b483ba20bd\"},\"potentialAction\":[{\"@type\":\"SearchAction\",\"target\":{\"@type\":\"EntryPoint\",\"urlTemplate\":\"https:\/\/sandzakpress.net\/arhiva\/?s={search_term_string}\"},\"query-input\":{\"@type\":\"PropertyValueSpecification\",\"valueRequired\":true,\"valueName\":\"search_term_string\"}}],\"inLanguage\":\"bs-BA\"},{\"@type\":[\"Person\",\"Organization\"],\"@id\":\"https:\/\/sandzakpress.net\/arhiva\/#\/schema\/person\/6e72b67d6e51910a1117b3b483ba20bd\",\"name\":\"Kul\",\"image\":{\"@type\":\"ImageObject\",\"inLanguage\":\"bs-BA\",\"@id\":\"https:\/\/sandzakpress.net\/arhiva\/#\/schema\/person\/image\/\",\"url\":\"https:\/\/secure.gravatar.com\/avatar\/42263f39aa27ac04c43cab85c280eb2e?s=96&d=mm&r=pg\",\"contentUrl\":\"https:\/\/secure.gravatar.com\/avatar\/42263f39aa27ac04c43cab85c280eb2e?s=96&d=mm&r=pg\",\"caption\":\"Kul\"},\"logo\":{\"@id\":\"https:\/\/sandzakpress.net\/arhiva\/#\/schema\/person\/image\/\"}},{\"@type\":\"Person\",\"@id\":\"https:\/\/sandzakpress.net\/arhiva\/#\/schema\/person\/cb59d7e3ab91ab90dd680ad0305a6185\",\"name\":\"Agencija\",\"image\":{\"@type\":\"ImageObject\",\"inLanguage\":\"bs-BA\",\"@id\":\"https:\/\/sandzakpress.net\/arhiva\/#\/schema\/person\/image\/\",\"url\":\"https:\/\/secure.gravatar.com\/avatar\/4b7fafa80a22f0c2afe23966b3961fe0?s=96&d=mm&r=pg\",\"contentUrl\":\"https:\/\/secure.gravatar.com\/avatar\/4b7fafa80a22f0c2afe23966b3961fe0?s=96&d=mm&r=pg\",\"caption\":\"Agencija\"},\"url\":\"https:\/\/sandzakpress.net\/arhiva\/author\/agencija\/\"}]}<\/script>\n<!-- \/ Yoast SEO Premium plugin. -->","yoast_head_json":{"title":"Akademik Zukorli\u0107 na konferenciji u Zagrebu","robots":{"index":"index","follow":"follow","max-snippet":"max-snippet:-1","max-image-preview":"max-image-preview:large","max-video-preview":"max-video-preview:-1"},"canonical":"https:\/\/sandzakpress.net\/arhiva\/akademik-zukorlic-na-konferenciji-u-zagrebu\/","og_locale":"bs_BA","og_type":"article","og_title":"Akademik Zukorli\u0107 na konferenciji u Zagrebu","og_description":"Predsjednik Stranke pravde i pomirenja dr. Muamer Zukorli\u0107 u\u010destvuje na dvodnevnoj konferenciji o pravima muslimana u Isto\u010dnoj Evropi u Zagrebu, u organizaciji Svjetskog vije\u0107a muslimanskih zajednica iz Abu Dabija i Me\u0161ihata IZ-e u Hrvatskoj. Akademik Zukorli\u0107 se obratio na otvaranju konferencije govore\u0107i o nu\u017enosti okupljanja oko zajedni\u010dke rije\u010di svih duhovnih svjetonazora po\u0161to se savremeno dru\u0161tvo [&hellip;]","og_url":"https:\/\/sandzakpress.net\/arhiva\/akademik-zukorlic-na-konferenciji-u-zagrebu\/","og_site_name":"Sand\u017eak PRESS","article_published_time":"2019-01-16T11:26:44+00:00","article_modified_time":"2019-01-16T12:51:09+00:00","og_image":[{"width":1280,"height":640,"url":"https:\/\/sandzakpress.net\/arhiva\/wp-content\/uploads\/2019\/01\/02.jpeg.jpg","type":"image\/jpeg"}],"author":"Agencija","twitter_card":"summary_large_image","twitter_misc":{"Written by":"Agencija","Est. reading time":"1 minuta"},"schema":{"@context":"https:\/\/schema.org","@graph":[{"@type":"Article","@id":"https:\/\/sandzakpress.net\/arhiva\/akademik-zukorlic-na-konferenciji-u-zagrebu\/#article","isPartOf":{"@id":"https:\/\/sandzakpress.net\/arhiva\/akademik-zukorlic-na-konferenciji-u-zagrebu\/"},"author":{"name":"Agencija","@id":"https:\/\/sandzakpress.net\/arhiva\/#\/schema\/person\/cb59d7e3ab91ab90dd680ad0305a6185"},"headline":"Akademik Zukorli\u0107 na konferenciji u Zagrebu","datePublished":"2019-01-16T11:26:44+00:00","dateModified":"2019-01-16T12:51:09+00:00","mainEntityOfPage":{"@id":"https:\/\/sandzakpress.net\/arhiva\/akademik-zukorlic-na-konferenciji-u-zagrebu\/"},"wordCount":176,"commentCount":0,"publisher":{"@id":"https:\/\/sandzakpress.net\/arhiva\/#\/schema\/person\/6e72b67d6e51910a1117b3b483ba20bd"},"image":{"@id":"https:\/\/sandzakpress.net\/arhiva\/akademik-zukorlic-na-konferenciji-u-zagrebu\/#primaryimage"},"thumbnailUrl":"https:\/\/sandzakpress.net\/arhiva\/wp-content\/uploads\/2019\/01\/02.jpeg.jpg","keywords":["muftija Muamer Zukorli\u0107","SPP"],"articleSection":["Novi Pazar","Politika","Hrvatska","VIJESTI DANA"],"inLanguage":"bs-BA","potentialAction":[{"@type":"CommentAction","name":"Comment","target":["https:\/\/sandzakpress.net\/arhiva\/akademik-zukorlic-na-konferenciji-u-zagrebu\/#respond"]}]},{"@type":"WebPage","@id":"https:\/\/sandzakpress.net\/arhiva\/akademik-zukorlic-na-konferenciji-u-zagrebu\/","url":"https:\/\/sandzakpress.net\/arhiva\/akademik-zukorlic-na-konferenciji-u-zagrebu\/","name":"Akademik Zukorli\u0107 na konferenciji u Zagrebu","isPartOf":{"@id":"https:\/\/sandzakpress.net\/arhiva\/#website"},"primaryImageOfPage":{"@id":"https:\/\/sandzakpress.net\/arhiva\/akademik-zukorlic-na-konferenciji-u-zagrebu\/#primaryimage"},"image":{"@id":"https:\/\/sandzakpress.net\/arhiva\/akademik-zukorlic-na-konferenciji-u-zagrebu\/#primaryimage"},"thumbnailUrl":"https:\/\/sandzakpress.net\/arhiva\/wp-content\/uploads\/2019\/01\/02.jpeg.jpg","datePublished":"2019-01-16T11:26:44+00:00","dateModified":"2019-01-16T12:51:09+00:00","breadcrumb":{"@id":"https:\/\/sandzakpress.net\/arhiva\/akademik-zukorlic-na-konferenciji-u-zagrebu\/#breadcrumb"},"inLanguage":"bs-BA","potentialAction":[{"@type":"ReadAction","target":["https:\/\/sandzakpress.net\/arhiva\/akademik-zukorlic-na-konferenciji-u-zagrebu\/"]}]},{"@type":"ImageObject","inLanguage":"bs-BA","@id":"https:\/\/sandzakpress.net\/arhiva\/akademik-zukorlic-na-konferenciji-u-zagrebu\/#primaryimage","url":"https:\/\/sandzakpress.net\/arhiva\/wp-content\/uploads\/2019\/01\/02.jpeg.jpg","contentUrl":"https:\/\/sandzakpress.net\/arhiva\/wp-content\/uploads\/2019\/01\/02.jpeg.jpg","width":1280,"height":640},{"@type":"BreadcrumbList","@id":"https:\/\/sandzakpress.net\/arhiva\/akademik-zukorlic-na-konferenciji-u-zagrebu\/#breadcrumb","itemListElement":[{"@type":"ListItem","position":1,"name":"Home","item":"https:\/\/sandzakpress.net\/arhiva\/"},{"@type":"ListItem","position":2,"name":"Akademik Zukorli\u0107 na konferenciji u Zagrebu"}]},{"@type":"WebSite","@id":"https:\/\/sandzakpress.net\/arhiva\/#website","url":"https:\/\/sandzakpress.net\/arhiva\/","name":"Sand\u017eak PRESS","description":"Prve elektronske novine u Sand\u017eaku","publisher":{"@id":"https:\/\/sandzakpress.net\/arhiva\/#\/schema\/person\/6e72b67d6e51910a1117b3b483ba20bd"},"potentialAction":[{"@type":"SearchAction","target":{"@type":"EntryPoint","urlTemplate":"https:\/\/sandzakpress.net\/arhiva\/?s={search_term_string}"},"query-input":{"@type":"PropertyValueSpecification","valueRequired":true,"valueName":"search_term_string"}}],"inLanguage":"bs-BA"},{"@type":["Person","Organization"],"@id":"https:\/\/sandzakpress.net\/arhiva\/#\/schema\/person\/6e72b67d6e51910a1117b3b483ba20bd","name":"Kul","image":{"@type":"ImageObject","inLanguage":"bs-BA","@id":"https:\/\/sandzakpress.net\/arhiva\/#\/schema\/person\/image\/","url":"https:\/\/secure.gravatar.com\/avatar\/42263f39aa27ac04c43cab85c280eb2e?s=96&d=mm&r=pg","contentUrl":"https:\/\/secure.gravatar.com\/avatar\/42263f39aa27ac04c43cab85c280eb2e?s=96&d=mm&r=pg","caption":"Kul"},"logo":{"@id":"https:\/\/sandzakpress.net\/arhiva\/#\/schema\/person\/image\/"}},{"@type":"Person","@id":"https:\/\/sandzakpress.net\/arhiva\/#\/schema\/person\/cb59d7e3ab91ab90dd680ad0305a6185","name":"Agencija","image":{"@type":"ImageObject","inLanguage":"bs-BA","@id":"https:\/\/sandzakpress.net\/arhiva\/#\/schema\/person\/image\/","url":"https:\/\/secure.gravatar.com\/avatar\/4b7fafa80a22f0c2afe23966b3961fe0?s=96&d=mm&r=pg","contentUrl":"https:\/\/secure.gravatar.com\/avatar\/4b7fafa80a22f0c2afe23966b3961fe0?s=96&d=mm&r=pg","caption":"Agencija"},"url":"https:\/\/sandzakpress.net\/arhiva\/author\/agencija\/"}]}},"_links":{"self":[{"href":"https:\/\/sandzakpress.net\/arhiva\/wp-json\/wp\/v2\/posts\/215219"}],"collection":[{"href":"https:\/\/sandzakpress.net\/arhiva\/wp-json\/wp\/v2\/posts"}],"about":[{"href":"https:\/\/sandzakpress.net\/arhiva\/wp-json\/wp\/v2\/types\/post"}],"author":[{"embeddable":true,"href":"https:\/\/sandzakpress.net\/arhiva\/wp-json\/wp\/v2\/users\/509"}],"replies":[{"embeddable":true,"href":"https:\/\/sandzakpress.net\/arhiva\/wp-json\/wp\/v2\/comments?post=215219"}],"version-history":[{"count":0,"href":"https:\/\/sandzakpress.net\/arhiva\/wp-json\/wp\/v2\/posts\/215219\/revisions"}],"wp:featuredmedia":[{"embeddable":true,"href":"https:\/\/sandzakpress.net\/arhiva\/wp-json\/wp\/v2\/media\/215220"}],"wp:attachment":[{"href":"https:\/\/sandzakpress.net\/arhiva\/wp-json\/wp\/v2\/media?parent=215219"}],"wp:term":[{"taxonomy":"category","embeddable":true,"href":"https:\/\/sandzakpress.net\/arhiva\/wp-json\/wp\/v2\/categories?post=215219"},{"taxonomy":"post_tag","embeddable":true,"href":"https:\/\/sandzakpress.net\/arhiva\/wp-json\/wp\/v2\/tags?post=215219"}],"curies":[{"name":"wp","href":"https:\/\/api.w.org\/{rel}","templated":true}]}}