{"id":214793,"date":"2018-12-29T09:44:58","date_gmt":"2018-12-29T08:44:58","guid":{"rendered":"https:\/\/sandzakpress.net\/arhiva\/?p=214793"},"modified":"2018-12-29T09:44:58","modified_gmt":"2018-12-29T08:44:58","slug":"akademici-zukorlic-i-rastoder-u-posjeti-muftijstvu-sandzackom-u-rozajama","status":"publish","type":"post","link":"https:\/\/sandzakpress.net\/arhiva\/akademici-zukorlic-i-rastoder-u-posjeti-muftijstvu-sandzackom-u-rozajama\/","title":{"rendered":"Akademici Zukorli\u0107 i Rastoder u posjeti Muftijstvu sand\u017ea\u010dkom u Ro\u017eajama"},"content":{"rendered":"<p><img loading=\"lazy\" decoding=\"async\" class=\"alignnone size-full wp-image-214794\" src=\"https:\/\/sandzakpress.net\/arhiva\/wp-content\/uploads\/2018\/12\/1-8.jpg\" alt=\"\" width=\"960\" height=\"720\" srcset=\"https:\/\/sandzakpress.net\/arhiva\/wp-content\/uploads\/2018\/12\/1-8.jpg 960w, https:\/\/sandzakpress.net\/arhiva\/wp-content\/uploads\/2018\/12\/1-8-768x576.jpg 768w, https:\/\/sandzakpress.net\/arhiva\/wp-content\/uploads\/2018\/12\/1-8-616x462.jpg 616w\" sizes=\"(max-width: 960px) 100vw, 960px\" \/><\/p>\n<p><strong>Dana 28. 12. 2018. godine u sjedi\u0161tu Muftijstva sand\u017ea\u010dkog u Ro\u017eajama priredjen je prijem za predstavnike sand\u017ea\u010dke dijaspore koji uvijek \u010dvrsto stoje iza svakog vakufskog projekta koji se odvija pod pokroviteljstvom Islamske zajednice.<\/strong><\/p>\n<p>Pored mnogobrojnih uglednih zvanica iz domovine i skoro svih zemalja zapadne Evrope skup su svojim prisustvom oplemenili akademik Muamer Zukorli\u0107 Muftija, akademik \u0160erbo<span class=\"text_exposed_show\">\u00a0Rastroder, dr\u017eavni sekretar u Vladi republike Srbije Edin Ze\u0107irovi\u0107 i drugi.<\/span><\/p>\n<div class=\"text_exposed_show\">\n<p>Muftija sand\u017ea\u010dki hfz. Abdurrahman ef. Kujevi\u0107 je svima izrazio dobrodo\u0161licu i govorio o va\u017enosti neovisnosti kod muslimana i time svakako Islamske zajednice. Jedno od Allahovih imena je El Ganijj \u0161to zna\u010di neovisni. I nama je propisao da ostvarujemo to svojstvo u na\u0161im \u017eivotima i da budemo neovisni od svih stvorenja a da potrebe tra\u017eimo i upu\u0107ujemo samo Njemu Uzvi\u0161enom. U tom smislu je i Allahov Poslanik alejhi selam rekao : &#8221; Ponos vjernika je u njegovoj neovisnosti od ljudi &#8220;, istakao je izme\u0111u ostalog Muftija Kujevi\u0107.<\/p>\n<p>Nakon toga je i akademik Muamer Zukorli\u0107 Muftija govorio o va\u017enosti dva stuba na kojima po\u010diva Islamska zajednica, obrazovanju i vakufu. To su temelji na kojima se grade svi ostali kvaliteti i na\u0161e potrebe i pohvalio napore Muftijstva sand\u017ea\u010dkog koji idu u tom smjeru i daju ve\u0107 konkretne rezultate.<\/p>\n<p>Uslijedila je korisna diskusija nakon \u010dega su donijeti odre\u0111eni zaklju\u010dci i postavljeni novi zadaci.<\/p>\n<p>Informativna slu\u017eba Muftijstva sand\u017ea\u010dkog.<\/p>\n<\/div>\n<p><iframe loading=\"lazy\" style=\"border: none; overflow: hidden;\" src=\"https:\/\/www.facebook.com\/plugins\/post.php?href=https%3A%2F%2Fwww.facebook.com%2FAbdurrahmanKujevic%2Fposts%2F2567994369882585&amp;width=500\" width=\"500\" height=\"789\" frameborder=\"0\" scrolling=\"no\"><\/iframe><\/p>\n","protected":false},"excerpt":{"rendered":"<p>Dana 28. 12. 2018. godine u sjedi\u0161tu Muftijstva sand\u017ea\u010dkog u Ro\u017eajama priredjen je prijem za predstavnike sand\u017ea\u010dke dijaspore koji uvijek \u010dvrsto stoje iza svakog vakufskog projekta koji se odvija pod pokroviteljstvom Islamske zajednice. Pored mnogobrojnih uglednih zvanica iz domovine i skoro svih zemalja zapadne Evrope skup su svojim prisustvom oplemenili akademik Muamer Zukorli\u0107 Muftija, akademik [&hellip;]<\/p>\n","protected":false},"author":509,"featured_media":214794,"comment_status":"open","ping_status":"open","sticky":false,"template":"","format":"standard","meta":{"footnotes":""},"categories":[398,802],"tags":[],"class_list":{"0":"post-214793","1":"post","2":"type-post","3":"status-publish","4":"format-standard","5":"has-post-thumbnail","7":"category-rozaje","8":"category-islamska_zajednica"},"yoast_head":"<!-- This site is optimized with the Yoast SEO Premium plugin v23.1 (Yoast SEO v24.9) - https:\/\/yoast.com\/wordpress\/plugins\/seo\/ -->\n<title>Akademici Zukorli\u0107 i Rastoder u posjeti Muftijstvu sand\u017ea\u010dkom u Ro\u017eajama<\/title>\n<meta name=\"robots\" content=\"index, follow, max-snippet:-1, max-image-preview:large, max-video-preview:-1\" \/>\n<link rel=\"canonical\" href=\"https:\/\/sandzakpress.net\/arhiva\/akademici-zukorlic-i-rastoder-u-posjeti-muftijstvu-sandzackom-u-rozajama\/\" \/>\n<meta property=\"og:locale\" content=\"bs_BA\" \/>\n<meta property=\"og:type\" content=\"article\" \/>\n<meta property=\"og:title\" content=\"Akademici Zukorli\u0107 i Rastoder u posjeti Muftijstvu sand\u017ea\u010dkom u Ro\u017eajama\" \/>\n<meta property=\"og:description\" content=\"Dana 28. 12. 2018. godine u sjedi\u0161tu Muftijstva sand\u017ea\u010dkog u Ro\u017eajama priredjen je prijem za predstavnike sand\u017ea\u010dke dijaspore koji uvijek \u010dvrsto stoje iza svakog vakufskog projekta koji se odvija pod pokroviteljstvom Islamske zajednice. Pored mnogobrojnih uglednih zvanica iz domovine i skoro svih zemalja zapadne Evrope skup su svojim prisustvom oplemenili akademik Muamer Zukorli\u0107 Muftija, akademik [&hellip;]\" \/>\n<meta property=\"og:url\" content=\"https:\/\/sandzakpress.net\/arhiva\/akademici-zukorlic-i-rastoder-u-posjeti-muftijstvu-sandzackom-u-rozajama\/\" \/>\n<meta property=\"og:site_name\" content=\"Sand\u017eak PRESS\" \/>\n<meta property=\"article:published_time\" content=\"2018-12-29T08:44:58+00:00\" \/>\n<meta property=\"og:image\" content=\"https:\/\/sandzakpress.net\/arhiva\/wp-content\/uploads\/2018\/12\/1-8.jpg\" \/>\n\t<meta property=\"og:image:width\" content=\"960\" \/>\n\t<meta property=\"og:image:height\" content=\"720\" \/>\n\t<meta property=\"og:image:type\" content=\"image\/jpeg\" \/>\n<meta name=\"author\" content=\"Agencija\" \/>\n<meta name=\"twitter:card\" content=\"summary_large_image\" \/>\n<meta name=\"twitter:label1\" content=\"Written by\" \/>\n\t<meta name=\"twitter:data1\" content=\"Agencija\" \/>\n\t<meta name=\"twitter:label2\" content=\"Est. reading time\" \/>\n\t<meta name=\"twitter:data2\" content=\"1 minuta\" \/>\n<script type=\"application\/ld+json\" class=\"yoast-schema-graph\">{\"@context\":\"https:\/\/schema.org\",\"@graph\":[{\"@type\":\"Article\",\"@id\":\"https:\/\/sandzakpress.net\/arhiva\/akademici-zukorlic-i-rastoder-u-posjeti-muftijstvu-sandzackom-u-rozajama\/#article\",\"isPartOf\":{\"@id\":\"https:\/\/sandzakpress.net\/arhiva\/akademici-zukorlic-i-rastoder-u-posjeti-muftijstvu-sandzackom-u-rozajama\/\"},\"author\":{\"name\":\"Agencija\",\"@id\":\"https:\/\/sandzakpress.net\/arhiva\/#\/schema\/person\/cb59d7e3ab91ab90dd680ad0305a6185\"},\"headline\":\"Akademici Zukorli\u0107 i Rastoder u posjeti Muftijstvu sand\u017ea\u010dkom u Ro\u017eajama\",\"datePublished\":\"2018-12-29T08:44:58+00:00\",\"mainEntityOfPage\":{\"@id\":\"https:\/\/sandzakpress.net\/arhiva\/akademici-zukorlic-i-rastoder-u-posjeti-muftijstvu-sandzackom-u-rozajama\/\"},\"wordCount\":255,\"commentCount\":0,\"publisher\":{\"@id\":\"https:\/\/sandzakpress.net\/arhiva\/#\/schema\/person\/6e72b67d6e51910a1117b3b483ba20bd\"},\"image\":{\"@id\":\"https:\/\/sandzakpress.net\/arhiva\/akademici-zukorlic-i-rastoder-u-posjeti-muftijstvu-sandzackom-u-rozajama\/#primaryimage\"},\"thumbnailUrl\":\"https:\/\/sandzakpress.net\/arhiva\/wp-content\/uploads\/2018\/12\/1-8.jpg\",\"articleSection\":[\"Ro\u017eaje\",\"Islamska zajednica\"],\"inLanguage\":\"bs-BA\",\"potentialAction\":[{\"@type\":\"CommentAction\",\"name\":\"Comment\",\"target\":[\"https:\/\/sandzakpress.net\/arhiva\/akademici-zukorlic-i-rastoder-u-posjeti-muftijstvu-sandzackom-u-rozajama\/#respond\"]}]},{\"@type\":\"WebPage\",\"@id\":\"https:\/\/sandzakpress.net\/arhiva\/akademici-zukorlic-i-rastoder-u-posjeti-muftijstvu-sandzackom-u-rozajama\/\",\"url\":\"https:\/\/sandzakpress.net\/arhiva\/akademici-zukorlic-i-rastoder-u-posjeti-muftijstvu-sandzackom-u-rozajama\/\",\"name\":\"Akademici Zukorli\u0107 i Rastoder u posjeti Muftijstvu sand\u017ea\u010dkom u Ro\u017eajama\",\"isPartOf\":{\"@id\":\"https:\/\/sandzakpress.net\/arhiva\/#website\"},\"primaryImageOfPage\":{\"@id\":\"https:\/\/sandzakpress.net\/arhiva\/akademici-zukorlic-i-rastoder-u-posjeti-muftijstvu-sandzackom-u-rozajama\/#primaryimage\"},\"image\":{\"@id\":\"https:\/\/sandzakpress.net\/arhiva\/akademici-zukorlic-i-rastoder-u-posjeti-muftijstvu-sandzackom-u-rozajama\/#primaryimage\"},\"thumbnailUrl\":\"https:\/\/sandzakpress.net\/arhiva\/wp-content\/uploads\/2018\/12\/1-8.jpg\",\"datePublished\":\"2018-12-29T08:44:58+00:00\",\"breadcrumb\":{\"@id\":\"https:\/\/sandzakpress.net\/arhiva\/akademici-zukorlic-i-rastoder-u-posjeti-muftijstvu-sandzackom-u-rozajama\/#breadcrumb\"},\"inLanguage\":\"bs-BA\",\"potentialAction\":[{\"@type\":\"ReadAction\",\"target\":[\"https:\/\/sandzakpress.net\/arhiva\/akademici-zukorlic-i-rastoder-u-posjeti-muftijstvu-sandzackom-u-rozajama\/\"]}]},{\"@type\":\"ImageObject\",\"inLanguage\":\"bs-BA\",\"@id\":\"https:\/\/sandzakpress.net\/arhiva\/akademici-zukorlic-i-rastoder-u-posjeti-muftijstvu-sandzackom-u-rozajama\/#primaryimage\",\"url\":\"https:\/\/sandzakpress.net\/arhiva\/wp-content\/uploads\/2018\/12\/1-8.jpg\",\"contentUrl\":\"https:\/\/sandzakpress.net\/arhiva\/wp-content\/uploads\/2018\/12\/1-8.jpg\",\"width\":960,\"height\":720},{\"@type\":\"BreadcrumbList\",\"@id\":\"https:\/\/sandzakpress.net\/arhiva\/akademici-zukorlic-i-rastoder-u-posjeti-muftijstvu-sandzackom-u-rozajama\/#breadcrumb\",\"itemListElement\":[{\"@type\":\"ListItem\",\"position\":1,\"name\":\"Home\",\"item\":\"https:\/\/sandzakpress.net\/arhiva\/\"},{\"@type\":\"ListItem\",\"position\":2,\"name\":\"Akademici Zukorli\u0107 i Rastoder u posjeti Muftijstvu sand\u017ea\u010dkom u Ro\u017eajama\"}]},{\"@type\":\"WebSite\",\"@id\":\"https:\/\/sandzakpress.net\/arhiva\/#website\",\"url\":\"https:\/\/sandzakpress.net\/arhiva\/\",\"name\":\"Sand\u017eak PRESS\",\"description\":\"Prve elektronske novine u Sand\u017eaku\",\"publisher\":{\"@id\":\"https:\/\/sandzakpress.net\/arhiva\/#\/schema\/person\/6e72b67d6e51910a1117b3b483ba20bd\"},\"potentialAction\":[{\"@type\":\"SearchAction\",\"target\":{\"@type\":\"EntryPoint\",\"urlTemplate\":\"https:\/\/sandzakpress.net\/arhiva\/?s={search_term_string}\"},\"query-input\":{\"@type\":\"PropertyValueSpecification\",\"valueRequired\":true,\"valueName\":\"search_term_string\"}}],\"inLanguage\":\"bs-BA\"},{\"@type\":[\"Person\",\"Organization\"],\"@id\":\"https:\/\/sandzakpress.net\/arhiva\/#\/schema\/person\/6e72b67d6e51910a1117b3b483ba20bd\",\"name\":\"Kul\",\"image\":{\"@type\":\"ImageObject\",\"inLanguage\":\"bs-BA\",\"@id\":\"https:\/\/sandzakpress.net\/arhiva\/#\/schema\/person\/image\/\",\"url\":\"https:\/\/secure.gravatar.com\/avatar\/42263f39aa27ac04c43cab85c280eb2e?s=96&d=mm&r=pg\",\"contentUrl\":\"https:\/\/secure.gravatar.com\/avatar\/42263f39aa27ac04c43cab85c280eb2e?s=96&d=mm&r=pg\",\"caption\":\"Kul\"},\"logo\":{\"@id\":\"https:\/\/sandzakpress.net\/arhiva\/#\/schema\/person\/image\/\"}},{\"@type\":\"Person\",\"@id\":\"https:\/\/sandzakpress.net\/arhiva\/#\/schema\/person\/cb59d7e3ab91ab90dd680ad0305a6185\",\"name\":\"Agencija\",\"image\":{\"@type\":\"ImageObject\",\"inLanguage\":\"bs-BA\",\"@id\":\"https:\/\/sandzakpress.net\/arhiva\/#\/schema\/person\/image\/\",\"url\":\"https:\/\/secure.gravatar.com\/avatar\/4b7fafa80a22f0c2afe23966b3961fe0?s=96&d=mm&r=pg\",\"contentUrl\":\"https:\/\/secure.gravatar.com\/avatar\/4b7fafa80a22f0c2afe23966b3961fe0?s=96&d=mm&r=pg\",\"caption\":\"Agencija\"},\"url\":\"https:\/\/sandzakpress.net\/arhiva\/author\/agencija\/\"}]}<\/script>\n<!-- \/ Yoast SEO Premium plugin. -->","yoast_head_json":{"title":"Akademici Zukorli\u0107 i Rastoder u posjeti Muftijstvu sand\u017ea\u010dkom u Ro\u017eajama","robots":{"index":"index","follow":"follow","max-snippet":"max-snippet:-1","max-image-preview":"max-image-preview:large","max-video-preview":"max-video-preview:-1"},"canonical":"https:\/\/sandzakpress.net\/arhiva\/akademici-zukorlic-i-rastoder-u-posjeti-muftijstvu-sandzackom-u-rozajama\/","og_locale":"bs_BA","og_type":"article","og_title":"Akademici Zukorli\u0107 i Rastoder u posjeti Muftijstvu sand\u017ea\u010dkom u Ro\u017eajama","og_description":"Dana 28. 12. 2018. godine u sjedi\u0161tu Muftijstva sand\u017ea\u010dkog u Ro\u017eajama priredjen je prijem za predstavnike sand\u017ea\u010dke dijaspore koji uvijek \u010dvrsto stoje iza svakog vakufskog projekta koji se odvija pod pokroviteljstvom Islamske zajednice. Pored mnogobrojnih uglednih zvanica iz domovine i skoro svih zemalja zapadne Evrope skup su svojim prisustvom oplemenili akademik Muamer Zukorli\u0107 Muftija, akademik [&hellip;]","og_url":"https:\/\/sandzakpress.net\/arhiva\/akademici-zukorlic-i-rastoder-u-posjeti-muftijstvu-sandzackom-u-rozajama\/","og_site_name":"Sand\u017eak PRESS","article_published_time":"2018-12-29T08:44:58+00:00","og_image":[{"width":960,"height":720,"url":"https:\/\/sandzakpress.net\/arhiva\/wp-content\/uploads\/2018\/12\/1-8.jpg","type":"image\/jpeg"}],"author":"Agencija","twitter_card":"summary_large_image","twitter_misc":{"Written by":"Agencija","Est. reading time":"1 minuta"},"schema":{"@context":"https:\/\/schema.org","@graph":[{"@type":"Article","@id":"https:\/\/sandzakpress.net\/arhiva\/akademici-zukorlic-i-rastoder-u-posjeti-muftijstvu-sandzackom-u-rozajama\/#article","isPartOf":{"@id":"https:\/\/sandzakpress.net\/arhiva\/akademici-zukorlic-i-rastoder-u-posjeti-muftijstvu-sandzackom-u-rozajama\/"},"author":{"name":"Agencija","@id":"https:\/\/sandzakpress.net\/arhiva\/#\/schema\/person\/cb59d7e3ab91ab90dd680ad0305a6185"},"headline":"Akademici Zukorli\u0107 i Rastoder u posjeti Muftijstvu sand\u017ea\u010dkom u Ro\u017eajama","datePublished":"2018-12-29T08:44:58+00:00","mainEntityOfPage":{"@id":"https:\/\/sandzakpress.net\/arhiva\/akademici-zukorlic-i-rastoder-u-posjeti-muftijstvu-sandzackom-u-rozajama\/"},"wordCount":255,"commentCount":0,"publisher":{"@id":"https:\/\/sandzakpress.net\/arhiva\/#\/schema\/person\/6e72b67d6e51910a1117b3b483ba20bd"},"image":{"@id":"https:\/\/sandzakpress.net\/arhiva\/akademici-zukorlic-i-rastoder-u-posjeti-muftijstvu-sandzackom-u-rozajama\/#primaryimage"},"thumbnailUrl":"https:\/\/sandzakpress.net\/arhiva\/wp-content\/uploads\/2018\/12\/1-8.jpg","articleSection":["Ro\u017eaje","Islamska zajednica"],"inLanguage":"bs-BA","potentialAction":[{"@type":"CommentAction","name":"Comment","target":["https:\/\/sandzakpress.net\/arhiva\/akademici-zukorlic-i-rastoder-u-posjeti-muftijstvu-sandzackom-u-rozajama\/#respond"]}]},{"@type":"WebPage","@id":"https:\/\/sandzakpress.net\/arhiva\/akademici-zukorlic-i-rastoder-u-posjeti-muftijstvu-sandzackom-u-rozajama\/","url":"https:\/\/sandzakpress.net\/arhiva\/akademici-zukorlic-i-rastoder-u-posjeti-muftijstvu-sandzackom-u-rozajama\/","name":"Akademici Zukorli\u0107 i Rastoder u posjeti Muftijstvu sand\u017ea\u010dkom u Ro\u017eajama","isPartOf":{"@id":"https:\/\/sandzakpress.net\/arhiva\/#website"},"primaryImageOfPage":{"@id":"https:\/\/sandzakpress.net\/arhiva\/akademici-zukorlic-i-rastoder-u-posjeti-muftijstvu-sandzackom-u-rozajama\/#primaryimage"},"image":{"@id":"https:\/\/sandzakpress.net\/arhiva\/akademici-zukorlic-i-rastoder-u-posjeti-muftijstvu-sandzackom-u-rozajama\/#primaryimage"},"thumbnailUrl":"https:\/\/sandzakpress.net\/arhiva\/wp-content\/uploads\/2018\/12\/1-8.jpg","datePublished":"2018-12-29T08:44:58+00:00","breadcrumb":{"@id":"https:\/\/sandzakpress.net\/arhiva\/akademici-zukorlic-i-rastoder-u-posjeti-muftijstvu-sandzackom-u-rozajama\/#breadcrumb"},"inLanguage":"bs-BA","potentialAction":[{"@type":"ReadAction","target":["https:\/\/sandzakpress.net\/arhiva\/akademici-zukorlic-i-rastoder-u-posjeti-muftijstvu-sandzackom-u-rozajama\/"]}]},{"@type":"ImageObject","inLanguage":"bs-BA","@id":"https:\/\/sandzakpress.net\/arhiva\/akademici-zukorlic-i-rastoder-u-posjeti-muftijstvu-sandzackom-u-rozajama\/#primaryimage","url":"https:\/\/sandzakpress.net\/arhiva\/wp-content\/uploads\/2018\/12\/1-8.jpg","contentUrl":"https:\/\/sandzakpress.net\/arhiva\/wp-content\/uploads\/2018\/12\/1-8.jpg","width":960,"height":720},{"@type":"BreadcrumbList","@id":"https:\/\/sandzakpress.net\/arhiva\/akademici-zukorlic-i-rastoder-u-posjeti-muftijstvu-sandzackom-u-rozajama\/#breadcrumb","itemListElement":[{"@type":"ListItem","position":1,"name":"Home","item":"https:\/\/sandzakpress.net\/arhiva\/"},{"@type":"ListItem","position":2,"name":"Akademici Zukorli\u0107 i Rastoder u posjeti Muftijstvu sand\u017ea\u010dkom u Ro\u017eajama"}]},{"@type":"WebSite","@id":"https:\/\/sandzakpress.net\/arhiva\/#website","url":"https:\/\/sandzakpress.net\/arhiva\/","name":"Sand\u017eak PRESS","description":"Prve elektronske novine u Sand\u017eaku","publisher":{"@id":"https:\/\/sandzakpress.net\/arhiva\/#\/schema\/person\/6e72b67d6e51910a1117b3b483ba20bd"},"potentialAction":[{"@type":"SearchAction","target":{"@type":"EntryPoint","urlTemplate":"https:\/\/sandzakpress.net\/arhiva\/?s={search_term_string}"},"query-input":{"@type":"PropertyValueSpecification","valueRequired":true,"valueName":"search_term_string"}}],"inLanguage":"bs-BA"},{"@type":["Person","Organization"],"@id":"https:\/\/sandzakpress.net\/arhiva\/#\/schema\/person\/6e72b67d6e51910a1117b3b483ba20bd","name":"Kul","image":{"@type":"ImageObject","inLanguage":"bs-BA","@id":"https:\/\/sandzakpress.net\/arhiva\/#\/schema\/person\/image\/","url":"https:\/\/secure.gravatar.com\/avatar\/42263f39aa27ac04c43cab85c280eb2e?s=96&d=mm&r=pg","contentUrl":"https:\/\/secure.gravatar.com\/avatar\/42263f39aa27ac04c43cab85c280eb2e?s=96&d=mm&r=pg","caption":"Kul"},"logo":{"@id":"https:\/\/sandzakpress.net\/arhiva\/#\/schema\/person\/image\/"}},{"@type":"Person","@id":"https:\/\/sandzakpress.net\/arhiva\/#\/schema\/person\/cb59d7e3ab91ab90dd680ad0305a6185","name":"Agencija","image":{"@type":"ImageObject","inLanguage":"bs-BA","@id":"https:\/\/sandzakpress.net\/arhiva\/#\/schema\/person\/image\/","url":"https:\/\/secure.gravatar.com\/avatar\/4b7fafa80a22f0c2afe23966b3961fe0?s=96&d=mm&r=pg","contentUrl":"https:\/\/secure.gravatar.com\/avatar\/4b7fafa80a22f0c2afe23966b3961fe0?s=96&d=mm&r=pg","caption":"Agencija"},"url":"https:\/\/sandzakpress.net\/arhiva\/author\/agencija\/"}]}},"_links":{"self":[{"href":"https:\/\/sandzakpress.net\/arhiva\/wp-json\/wp\/v2\/posts\/214793"}],"collection":[{"href":"https:\/\/sandzakpress.net\/arhiva\/wp-json\/wp\/v2\/posts"}],"about":[{"href":"https:\/\/sandzakpress.net\/arhiva\/wp-json\/wp\/v2\/types\/post"}],"author":[{"embeddable":true,"href":"https:\/\/sandzakpress.net\/arhiva\/wp-json\/wp\/v2\/users\/509"}],"replies":[{"embeddable":true,"href":"https:\/\/sandzakpress.net\/arhiva\/wp-json\/wp\/v2\/comments?post=214793"}],"version-history":[{"count":0,"href":"https:\/\/sandzakpress.net\/arhiva\/wp-json\/wp\/v2\/posts\/214793\/revisions"}],"wp:featuredmedia":[{"embeddable":true,"href":"https:\/\/sandzakpress.net\/arhiva\/wp-json\/wp\/v2\/media\/214794"}],"wp:attachment":[{"href":"https:\/\/sandzakpress.net\/arhiva\/wp-json\/wp\/v2\/media?parent=214793"}],"wp:term":[{"taxonomy":"category","embeddable":true,"href":"https:\/\/sandzakpress.net\/arhiva\/wp-json\/wp\/v2\/categories?post=214793"},{"taxonomy":"post_tag","embeddable":true,"href":"https:\/\/sandzakpress.net\/arhiva\/wp-json\/wp\/v2\/tags?post=214793"}],"curies":[{"name":"wp","href":"https:\/\/api.w.org\/{rel}","templated":true}]}}