{"id":214692,"date":"2018-12-26T13:25:11","date_gmt":"2018-12-26T12:25:11","guid":{"rendered":"https:\/\/sandzakpress.net\/arhiva\/?p=214692"},"modified":"2018-12-26T13:25:11","modified_gmt":"2018-12-26T12:25:11","slug":"stav-o-napadima-na-islamsku-zajednicu","status":"publish","type":"post","link":"https:\/\/sandzakpress.net\/arhiva\/stav-o-napadima-na-islamsku-zajednicu\/","title":{"rendered":"Stav o napadima na Islamsku zajednicu"},"content":{"rendered":"<p><img loading=\"lazy\" decoding=\"async\" class=\"size-full wp-image-214693 aligncenter\" src=\"https:\/\/sandzakpress.net\/arhiva\/wp-content\/uploads\/2018\/12\/44805186_2241964745847902_2304547793106108416_o.jpg\" alt=\"\" width=\"1165\" height=\"1143\" srcset=\"https:\/\/sandzakpress.net\/arhiva\/wp-content\/uploads\/2018\/12\/44805186_2241964745847902_2304547793106108416_o.jpg 1165w, https:\/\/sandzakpress.net\/arhiva\/wp-content\/uploads\/2018\/12\/44805186_2241964745847902_2304547793106108416_o-768x753.jpg 768w, https:\/\/sandzakpress.net\/arhiva\/wp-content\/uploads\/2018\/12\/44805186_2241964745847902_2304547793106108416_o-616x604.jpg 616w, https:\/\/sandzakpress.net\/arhiva\/wp-content\/uploads\/2018\/12\/44805186_2241964745847902_2304547793106108416_o-64x64.jpg 64w\" sizes=\"(max-width: 1165px) 100vw, 1165px\" \/><\/p>\n<p>Bo\u0161njaci, autohton narod, prkose svim neda\u0107ama vijekovima na prostoru Sand\u017eaka. Uvijek u pro\u0161losti imali smo politi\u010dku elitu, prvake, umne ljude koji su zra\u010dili energijom ljudskosti. Danas na \u017ealost, odre\u0111eni politi\u010dki \u010dinioci u Sand\u017eaku promoviraju primitivizam, la\u017eni patriotizam i navodnu plemenitu borbu za Islamsku zajednicu. Va\u017eno je da kao odgovorni ljudi u svakom trenutku nosimo odgovornost koju imamo prema gra\u0111anima koje predstavljamo i za \u010dije se interese borimo, te da javno izrazimo svoj stav.<\/p>\n<p>Poslije te\u0161kih godina i demokratskih promjena kre\u0107e nova golgota Bo\u0161njaka Sand\u017eaka kroz djelovanje politike li\u010dnih interesa Ljaji\u0107a i Ugljanina. Za njih je Sand\u017eak usputna rije\u010d, niti je forma a jo\u0161 manje su\u0161tina. Pisao bih druga\u010dije me\u0111utim oni ne razumeju \u0161ta je Sand\u017eak, \u0161ta je nacionalni interes Bo\u0161njaka i ne znaju graditi institucije. <\/p>\n<p>Da bismo razumjeli politiku i slobodu, moramo se osvrnuti i na pravdu kojoj u aktivnom politi\u010dkom \u017eivotu ni\u0161ta nije ravno. Pravda je glavna vrijednost jer je usmjerena na dobro drugih i zato je najbolji onaj ko ovu vrlinu primjenjuje prema sebi i drugima. Su\u0161tina politike Stranke pravde i pomirenja ozna\u010dava zajedni\u010dku slobodu u organizovanoj zajednici slobodnih ljudi, utemeljenih na eti\u010dkim principima pravdi i pravi\u010dnosti i zato je na\u0161a pravda vrijednost da budemo pravi\u010dni i da budemo u slu\u017ebi ciljeva dobra i korisnosti za cijelu zajednicu, za sve ljude.<\/p>\n<p>Islamska zajednica ima svoj \u0161erijatski legitimitet i legalitet, a po pozitivnim propisima dr\u017eave jasna odre\u0111enja da je odvojena od dr\u017eave, autonomna u svom radu, organizovanju i odlu\u010divanju. Ovih dana slu\u0161amo ponovne napade koji nikada nisu prestajali od strane lokalnih vlasti, \u010dlanova odre\u0111enih politi\u010dkih partija i drugih interesnih pojedinaca da udaraju na \u010dast, obraz i dostojanstvo zajednice. Govorio bih sa aspekta vjere \u0161ta je zajednica, ko nas predstavlja ali oni to ne razumeju jer je njihov govor, jezik i razumijevanje pro\u017eeto kroz li\u010dne uskoprimitivne interese. Ne znaju, ne razumiju kojoj zajednici pripadaju pa je sasvim jasno za\u0161to im smeta jaka Islamska zajednica koju ne mogu porobiti zarad li\u010dnih i strana\u010dkih interesa jer je ona bila i osta\u0107e temelj opstanka na\u0161eg naroda na ovim prostorima. Na\u0161e jasno opredjeljenje je pomirenje i pravda i mi ne\u0107emo odustati od na\u010dela koja nam nala\u017eu da budemo i jesmo na usluzi, svom narodu i Islamskoj zajednici.<\/p>\n<p>Nalazimo se u vremenu va\u017enih odluka, Bo\u0161njaci u ovom trenutku trasiraju put opstanka na ovim prostorima. Dragi Bo\u0161njaci, ovdje je rije\u010d bo\u0161nja\u010dke slobode, odvijanju politi\u010dkog \u017eivota \u010diji je cilj \u201eop\u0107e dobro\u201c, pravda, sloboda i jednakost te jedinstvena Islamska zajednica i zato nam je amanet boriti se za su\u0161tinu u ovom historijskom trenutku.<\/p>\n<p>Dr. Ferid Buli\u0107<\/p>\n","protected":false},"excerpt":{"rendered":"<p>Bo\u0161njaci, autohton narod, prkose svim neda\u0107ama vijekovima na prostoru Sand\u017eaka. Uvijek u pro\u0161losti imali smo politi\u010dku elitu, prvake, umne ljude koji su zra\u010dili energijom ljudskosti. Danas na \u017ealost, odre\u0111eni politi\u010dki \u010dinioci u Sand\u017eaku promoviraju primitivizam, la\u017eni patriotizam i navodnu plemenitu borbu za Islamsku zajednicu. Va\u017eno je da kao odgovorni ljudi u svakom trenutku nosimo odgovornost [&hellip;]<\/p>\n","protected":false},"author":509,"featured_media":214693,"comment_status":"open","ping_status":"open","sticky":false,"template":"","format":"standard","meta":{"footnotes":""},"categories":[72,10196],"tags":[],"class_list":{"0":"post-214692","1":"post","2":"type-post","3":"status-publish","4":"format-standard","5":"has-post-thumbnail","7":"category-novi-pazar","8":"category-iz-pera-nasih-autora"},"yoast_head":"<!-- This site is optimized with the Yoast SEO Premium plugin v23.1 (Yoast SEO v24.9) - https:\/\/yoast.com\/wordpress\/plugins\/seo\/ -->\n<title>Stav o napadima na Islamsku zajednicu<\/title>\n<meta name=\"robots\" content=\"index, follow, max-snippet:-1, max-image-preview:large, max-video-preview:-1\" \/>\n<link rel=\"canonical\" href=\"https:\/\/sandzakpress.net\/arhiva\/stav-o-napadima-na-islamsku-zajednicu\/\" \/>\n<meta property=\"og:locale\" content=\"bs_BA\" \/>\n<meta property=\"og:type\" content=\"article\" \/>\n<meta property=\"og:title\" content=\"Stav o napadima na Islamsku zajednicu\" \/>\n<meta property=\"og:description\" content=\"Bo\u0161njaci, autohton narod, prkose svim neda\u0107ama vijekovima na prostoru Sand\u017eaka. Uvijek u pro\u0161losti imali smo politi\u010dku elitu, prvake, umne ljude koji su zra\u010dili energijom ljudskosti. Danas na \u017ealost, odre\u0111eni politi\u010dki \u010dinioci u Sand\u017eaku promoviraju primitivizam, la\u017eni patriotizam i navodnu plemenitu borbu za Islamsku zajednicu. Va\u017eno je da kao odgovorni ljudi u svakom trenutku nosimo odgovornost [&hellip;]\" \/>\n<meta property=\"og:url\" content=\"https:\/\/sandzakpress.net\/arhiva\/stav-o-napadima-na-islamsku-zajednicu\/\" \/>\n<meta property=\"og:site_name\" content=\"Sand\u017eak PRESS\" \/>\n<meta property=\"article:published_time\" content=\"2018-12-26T12:25:11+00:00\" \/>\n<meta property=\"og:image\" content=\"https:\/\/sandzakpress.net\/arhiva\/wp-content\/uploads\/2018\/12\/44805186_2241964745847902_2304547793106108416_o.jpg\" \/>\n\t<meta property=\"og:image:width\" content=\"1165\" \/>\n\t<meta property=\"og:image:height\" content=\"1143\" \/>\n\t<meta property=\"og:image:type\" content=\"image\/jpeg\" \/>\n<meta name=\"author\" content=\"Agencija\" \/>\n<meta name=\"twitter:card\" content=\"summary_large_image\" \/>\n<meta name=\"twitter:label1\" content=\"Written by\" \/>\n\t<meta name=\"twitter:data1\" content=\"Agencija\" \/>\n\t<meta name=\"twitter:label2\" content=\"Est. reading time\" \/>\n\t<meta name=\"twitter:data2\" content=\"2 minute\" \/>\n<script type=\"application\/ld+json\" class=\"yoast-schema-graph\">{\"@context\":\"https:\/\/schema.org\",\"@graph\":[{\"@type\":\"Article\",\"@id\":\"https:\/\/sandzakpress.net\/arhiva\/stav-o-napadima-na-islamsku-zajednicu\/#article\",\"isPartOf\":{\"@id\":\"https:\/\/sandzakpress.net\/arhiva\/stav-o-napadima-na-islamsku-zajednicu\/\"},\"author\":{\"name\":\"Agencija\",\"@id\":\"https:\/\/sandzakpress.net\/arhiva\/#\/schema\/person\/cb59d7e3ab91ab90dd680ad0305a6185\"},\"headline\":\"Stav o napadima na Islamsku zajednicu\",\"datePublished\":\"2018-12-26T12:25:11+00:00\",\"mainEntityOfPage\":{\"@id\":\"https:\/\/sandzakpress.net\/arhiva\/stav-o-napadima-na-islamsku-zajednicu\/\"},\"wordCount\":484,\"commentCount\":1,\"publisher\":{\"@id\":\"https:\/\/sandzakpress.net\/arhiva\/#\/schema\/person\/6e72b67d6e51910a1117b3b483ba20bd\"},\"image\":{\"@id\":\"https:\/\/sandzakpress.net\/arhiva\/stav-o-napadima-na-islamsku-zajednicu\/#primaryimage\"},\"thumbnailUrl\":\"https:\/\/sandzakpress.net\/arhiva\/wp-content\/uploads\/2018\/12\/44805186_2241964745847902_2304547793106108416_o.jpg\",\"articleSection\":[\"Novi Pazar\",\"Iz pera na\u0161ih autora\"],\"inLanguage\":\"bs-BA\",\"potentialAction\":[{\"@type\":\"CommentAction\",\"name\":\"Comment\",\"target\":[\"https:\/\/sandzakpress.net\/arhiva\/stav-o-napadima-na-islamsku-zajednicu\/#respond\"]}]},{\"@type\":\"WebPage\",\"@id\":\"https:\/\/sandzakpress.net\/arhiva\/stav-o-napadima-na-islamsku-zajednicu\/\",\"url\":\"https:\/\/sandzakpress.net\/arhiva\/stav-o-napadima-na-islamsku-zajednicu\/\",\"name\":\"Stav o napadima na Islamsku zajednicu\",\"isPartOf\":{\"@id\":\"https:\/\/sandzakpress.net\/arhiva\/#website\"},\"primaryImageOfPage\":{\"@id\":\"https:\/\/sandzakpress.net\/arhiva\/stav-o-napadima-na-islamsku-zajednicu\/#primaryimage\"},\"image\":{\"@id\":\"https:\/\/sandzakpress.net\/arhiva\/stav-o-napadima-na-islamsku-zajednicu\/#primaryimage\"},\"thumbnailUrl\":\"https:\/\/sandzakpress.net\/arhiva\/wp-content\/uploads\/2018\/12\/44805186_2241964745847902_2304547793106108416_o.jpg\",\"datePublished\":\"2018-12-26T12:25:11+00:00\",\"breadcrumb\":{\"@id\":\"https:\/\/sandzakpress.net\/arhiva\/stav-o-napadima-na-islamsku-zajednicu\/#breadcrumb\"},\"inLanguage\":\"bs-BA\",\"potentialAction\":[{\"@type\":\"ReadAction\",\"target\":[\"https:\/\/sandzakpress.net\/arhiva\/stav-o-napadima-na-islamsku-zajednicu\/\"]}]},{\"@type\":\"ImageObject\",\"inLanguage\":\"bs-BA\",\"@id\":\"https:\/\/sandzakpress.net\/arhiva\/stav-o-napadima-na-islamsku-zajednicu\/#primaryimage\",\"url\":\"https:\/\/sandzakpress.net\/arhiva\/wp-content\/uploads\/2018\/12\/44805186_2241964745847902_2304547793106108416_o.jpg\",\"contentUrl\":\"https:\/\/sandzakpress.net\/arhiva\/wp-content\/uploads\/2018\/12\/44805186_2241964745847902_2304547793106108416_o.jpg\",\"width\":1165,\"height\":1143},{\"@type\":\"BreadcrumbList\",\"@id\":\"https:\/\/sandzakpress.net\/arhiva\/stav-o-napadima-na-islamsku-zajednicu\/#breadcrumb\",\"itemListElement\":[{\"@type\":\"ListItem\",\"position\":1,\"name\":\"Home\",\"item\":\"https:\/\/sandzakpress.net\/arhiva\/\"},{\"@type\":\"ListItem\",\"position\":2,\"name\":\"Stav o napadima na Islamsku zajednicu\"}]},{\"@type\":\"WebSite\",\"@id\":\"https:\/\/sandzakpress.net\/arhiva\/#website\",\"url\":\"https:\/\/sandzakpress.net\/arhiva\/\",\"name\":\"Sand\u017eak PRESS\",\"description\":\"Prve elektronske novine u Sand\u017eaku\",\"publisher\":{\"@id\":\"https:\/\/sandzakpress.net\/arhiva\/#\/schema\/person\/6e72b67d6e51910a1117b3b483ba20bd\"},\"potentialAction\":[{\"@type\":\"SearchAction\",\"target\":{\"@type\":\"EntryPoint\",\"urlTemplate\":\"https:\/\/sandzakpress.net\/arhiva\/?s={search_term_string}\"},\"query-input\":{\"@type\":\"PropertyValueSpecification\",\"valueRequired\":true,\"valueName\":\"search_term_string\"}}],\"inLanguage\":\"bs-BA\"},{\"@type\":[\"Person\",\"Organization\"],\"@id\":\"https:\/\/sandzakpress.net\/arhiva\/#\/schema\/person\/6e72b67d6e51910a1117b3b483ba20bd\",\"name\":\"Kul\",\"image\":{\"@type\":\"ImageObject\",\"inLanguage\":\"bs-BA\",\"@id\":\"https:\/\/sandzakpress.net\/arhiva\/#\/schema\/person\/image\/\",\"url\":\"https:\/\/secure.gravatar.com\/avatar\/42263f39aa27ac04c43cab85c280eb2e?s=96&d=mm&r=pg\",\"contentUrl\":\"https:\/\/secure.gravatar.com\/avatar\/42263f39aa27ac04c43cab85c280eb2e?s=96&d=mm&r=pg\",\"caption\":\"Kul\"},\"logo\":{\"@id\":\"https:\/\/sandzakpress.net\/arhiva\/#\/schema\/person\/image\/\"}},{\"@type\":\"Person\",\"@id\":\"https:\/\/sandzakpress.net\/arhiva\/#\/schema\/person\/cb59d7e3ab91ab90dd680ad0305a6185\",\"name\":\"Agencija\",\"image\":{\"@type\":\"ImageObject\",\"inLanguage\":\"bs-BA\",\"@id\":\"https:\/\/sandzakpress.net\/arhiva\/#\/schema\/person\/image\/\",\"url\":\"https:\/\/secure.gravatar.com\/avatar\/4b7fafa80a22f0c2afe23966b3961fe0?s=96&d=mm&r=pg\",\"contentUrl\":\"https:\/\/secure.gravatar.com\/avatar\/4b7fafa80a22f0c2afe23966b3961fe0?s=96&d=mm&r=pg\",\"caption\":\"Agencija\"},\"url\":\"https:\/\/sandzakpress.net\/arhiva\/author\/agencija\/\"}]}<\/script>\n<!-- \/ Yoast SEO Premium plugin. -->","yoast_head_json":{"title":"Stav o napadima na Islamsku zajednicu","robots":{"index":"index","follow":"follow","max-snippet":"max-snippet:-1","max-image-preview":"max-image-preview:large","max-video-preview":"max-video-preview:-1"},"canonical":"https:\/\/sandzakpress.net\/arhiva\/stav-o-napadima-na-islamsku-zajednicu\/","og_locale":"bs_BA","og_type":"article","og_title":"Stav o napadima na Islamsku zajednicu","og_description":"Bo\u0161njaci, autohton narod, prkose svim neda\u0107ama vijekovima na prostoru Sand\u017eaka. Uvijek u pro\u0161losti imali smo politi\u010dku elitu, prvake, umne ljude koji su zra\u010dili energijom ljudskosti. Danas na \u017ealost, odre\u0111eni politi\u010dki \u010dinioci u Sand\u017eaku promoviraju primitivizam, la\u017eni patriotizam i navodnu plemenitu borbu za Islamsku zajednicu. Va\u017eno je da kao odgovorni ljudi u svakom trenutku nosimo odgovornost [&hellip;]","og_url":"https:\/\/sandzakpress.net\/arhiva\/stav-o-napadima-na-islamsku-zajednicu\/","og_site_name":"Sand\u017eak PRESS","article_published_time":"2018-12-26T12:25:11+00:00","og_image":[{"width":1165,"height":1143,"url":"https:\/\/sandzakpress.net\/arhiva\/wp-content\/uploads\/2018\/12\/44805186_2241964745847902_2304547793106108416_o.jpg","type":"image\/jpeg"}],"author":"Agencija","twitter_card":"summary_large_image","twitter_misc":{"Written by":"Agencija","Est. reading time":"2 minute"},"schema":{"@context":"https:\/\/schema.org","@graph":[{"@type":"Article","@id":"https:\/\/sandzakpress.net\/arhiva\/stav-o-napadima-na-islamsku-zajednicu\/#article","isPartOf":{"@id":"https:\/\/sandzakpress.net\/arhiva\/stav-o-napadima-na-islamsku-zajednicu\/"},"author":{"name":"Agencija","@id":"https:\/\/sandzakpress.net\/arhiva\/#\/schema\/person\/cb59d7e3ab91ab90dd680ad0305a6185"},"headline":"Stav o napadima na Islamsku zajednicu","datePublished":"2018-12-26T12:25:11+00:00","mainEntityOfPage":{"@id":"https:\/\/sandzakpress.net\/arhiva\/stav-o-napadima-na-islamsku-zajednicu\/"},"wordCount":484,"commentCount":1,"publisher":{"@id":"https:\/\/sandzakpress.net\/arhiva\/#\/schema\/person\/6e72b67d6e51910a1117b3b483ba20bd"},"image":{"@id":"https:\/\/sandzakpress.net\/arhiva\/stav-o-napadima-na-islamsku-zajednicu\/#primaryimage"},"thumbnailUrl":"https:\/\/sandzakpress.net\/arhiva\/wp-content\/uploads\/2018\/12\/44805186_2241964745847902_2304547793106108416_o.jpg","articleSection":["Novi Pazar","Iz pera na\u0161ih autora"],"inLanguage":"bs-BA","potentialAction":[{"@type":"CommentAction","name":"Comment","target":["https:\/\/sandzakpress.net\/arhiva\/stav-o-napadima-na-islamsku-zajednicu\/#respond"]}]},{"@type":"WebPage","@id":"https:\/\/sandzakpress.net\/arhiva\/stav-o-napadima-na-islamsku-zajednicu\/","url":"https:\/\/sandzakpress.net\/arhiva\/stav-o-napadima-na-islamsku-zajednicu\/","name":"Stav o napadima na Islamsku zajednicu","isPartOf":{"@id":"https:\/\/sandzakpress.net\/arhiva\/#website"},"primaryImageOfPage":{"@id":"https:\/\/sandzakpress.net\/arhiva\/stav-o-napadima-na-islamsku-zajednicu\/#primaryimage"},"image":{"@id":"https:\/\/sandzakpress.net\/arhiva\/stav-o-napadima-na-islamsku-zajednicu\/#primaryimage"},"thumbnailUrl":"https:\/\/sandzakpress.net\/arhiva\/wp-content\/uploads\/2018\/12\/44805186_2241964745847902_2304547793106108416_o.jpg","datePublished":"2018-12-26T12:25:11+00:00","breadcrumb":{"@id":"https:\/\/sandzakpress.net\/arhiva\/stav-o-napadima-na-islamsku-zajednicu\/#breadcrumb"},"inLanguage":"bs-BA","potentialAction":[{"@type":"ReadAction","target":["https:\/\/sandzakpress.net\/arhiva\/stav-o-napadima-na-islamsku-zajednicu\/"]}]},{"@type":"ImageObject","inLanguage":"bs-BA","@id":"https:\/\/sandzakpress.net\/arhiva\/stav-o-napadima-na-islamsku-zajednicu\/#primaryimage","url":"https:\/\/sandzakpress.net\/arhiva\/wp-content\/uploads\/2018\/12\/44805186_2241964745847902_2304547793106108416_o.jpg","contentUrl":"https:\/\/sandzakpress.net\/arhiva\/wp-content\/uploads\/2018\/12\/44805186_2241964745847902_2304547793106108416_o.jpg","width":1165,"height":1143},{"@type":"BreadcrumbList","@id":"https:\/\/sandzakpress.net\/arhiva\/stav-o-napadima-na-islamsku-zajednicu\/#breadcrumb","itemListElement":[{"@type":"ListItem","position":1,"name":"Home","item":"https:\/\/sandzakpress.net\/arhiva\/"},{"@type":"ListItem","position":2,"name":"Stav o napadima na Islamsku zajednicu"}]},{"@type":"WebSite","@id":"https:\/\/sandzakpress.net\/arhiva\/#website","url":"https:\/\/sandzakpress.net\/arhiva\/","name":"Sand\u017eak PRESS","description":"Prve elektronske novine u Sand\u017eaku","publisher":{"@id":"https:\/\/sandzakpress.net\/arhiva\/#\/schema\/person\/6e72b67d6e51910a1117b3b483ba20bd"},"potentialAction":[{"@type":"SearchAction","target":{"@type":"EntryPoint","urlTemplate":"https:\/\/sandzakpress.net\/arhiva\/?s={search_term_string}"},"query-input":{"@type":"PropertyValueSpecification","valueRequired":true,"valueName":"search_term_string"}}],"inLanguage":"bs-BA"},{"@type":["Person","Organization"],"@id":"https:\/\/sandzakpress.net\/arhiva\/#\/schema\/person\/6e72b67d6e51910a1117b3b483ba20bd","name":"Kul","image":{"@type":"ImageObject","inLanguage":"bs-BA","@id":"https:\/\/sandzakpress.net\/arhiva\/#\/schema\/person\/image\/","url":"https:\/\/secure.gravatar.com\/avatar\/42263f39aa27ac04c43cab85c280eb2e?s=96&d=mm&r=pg","contentUrl":"https:\/\/secure.gravatar.com\/avatar\/42263f39aa27ac04c43cab85c280eb2e?s=96&d=mm&r=pg","caption":"Kul"},"logo":{"@id":"https:\/\/sandzakpress.net\/arhiva\/#\/schema\/person\/image\/"}},{"@type":"Person","@id":"https:\/\/sandzakpress.net\/arhiva\/#\/schema\/person\/cb59d7e3ab91ab90dd680ad0305a6185","name":"Agencija","image":{"@type":"ImageObject","inLanguage":"bs-BA","@id":"https:\/\/sandzakpress.net\/arhiva\/#\/schema\/person\/image\/","url":"https:\/\/secure.gravatar.com\/avatar\/4b7fafa80a22f0c2afe23966b3961fe0?s=96&d=mm&r=pg","contentUrl":"https:\/\/secure.gravatar.com\/avatar\/4b7fafa80a22f0c2afe23966b3961fe0?s=96&d=mm&r=pg","caption":"Agencija"},"url":"https:\/\/sandzakpress.net\/arhiva\/author\/agencija\/"}]}},"_links":{"self":[{"href":"https:\/\/sandzakpress.net\/arhiva\/wp-json\/wp\/v2\/posts\/214692"}],"collection":[{"href":"https:\/\/sandzakpress.net\/arhiva\/wp-json\/wp\/v2\/posts"}],"about":[{"href":"https:\/\/sandzakpress.net\/arhiva\/wp-json\/wp\/v2\/types\/post"}],"author":[{"embeddable":true,"href":"https:\/\/sandzakpress.net\/arhiva\/wp-json\/wp\/v2\/users\/509"}],"replies":[{"embeddable":true,"href":"https:\/\/sandzakpress.net\/arhiva\/wp-json\/wp\/v2\/comments?post=214692"}],"version-history":[{"count":0,"href":"https:\/\/sandzakpress.net\/arhiva\/wp-json\/wp\/v2\/posts\/214692\/revisions"}],"wp:featuredmedia":[{"embeddable":true,"href":"https:\/\/sandzakpress.net\/arhiva\/wp-json\/wp\/v2\/media\/214693"}],"wp:attachment":[{"href":"https:\/\/sandzakpress.net\/arhiva\/wp-json\/wp\/v2\/media?parent=214692"}],"wp:term":[{"taxonomy":"category","embeddable":true,"href":"https:\/\/sandzakpress.net\/arhiva\/wp-json\/wp\/v2\/categories?post=214692"},{"taxonomy":"post_tag","embeddable":true,"href":"https:\/\/sandzakpress.net\/arhiva\/wp-json\/wp\/v2\/tags?post=214692"}],"curies":[{"name":"wp","href":"https:\/\/api.w.org\/{rel}","templated":true}]}}