{"id":214553,"date":"2018-12-21T23:49:16","date_gmt":"2018-12-21T22:49:16","guid":{"rendered":"https:\/\/sandzakpress.net\/arhiva\/tri-pitanja-i-tri-odgovora-salih-ef-hausic-%e1%b8%a5afi%e1%ba%93ahullahu-teala"},"modified":"2018-12-21T23:49:16","modified_gmt":"2018-12-21T22:49:16","slug":"tri-pitanja-i-tri-odgovora-salih-ef-hausic-%e1%b8%a5afi%e1%ba%93ahullahu-teala","status":"publish","type":"post","link":"https:\/\/sandzakpress.net\/arhiva\/tri-pitanja-i-tri-odgovora-salih-ef-hausic-%e1%b8%a5afi%e1%ba%93ahullahu-teala\/","title":{"rendered":"Tri pitanja i tri odgovora \u2013 Salih ef. Hau\u0161i\u0107, \u1e25afi\u1e93ahull\u0101hu te&#039;\u0101l\u00e1"},"content":{"rendered":"<p><span class=\"cb-itemprop\"><\/p>\n<p><img decoding=\"async\" class=\"aligncenter\" src=\"https:\/\/en.shafaqna.com\/wp-content\/uploads\/2018\/03\/is-15.jpg\" alt=\"Image result for quran\" \/><\/p>\n<p>1. PITANJE: Koliko osoba je iz naroda Semud u\u010destvovalo u ubistvu Salihove deve?<\/p>\n<p>ODGOVOR: Samo jedna.<\/p>\n<p>Allah, d\u017eelle \u0161e'nuh, ka\u017ee: \u275dAli oni pozva\u0161e jednog od svojih, pa se on spremi i prekla je.\u275e [Mjesec, 29]<\/p>\n<p>\u0641\u064e\u0646\u064e\u0627\u062f\u064e\u0648\u0652\u0627 \u0635\u064e\u0627\u062d\u0650\u0628\u064e\u0647\u064f\u0645\u0652 \u0641\u064e\u062a\u064e\u0639\u064e\u0627\u0637\u064e\u0649 \u0641\u064e\u0639\u064e\u0642\u064e\u0631\u064e &#8211; \u0627\u0644\u0642\u0645\u0631\u060c 29<\/p>\n<p>2. PITANJE: Koliko osoba je u\u010destvovalo u planiranju i podsticanju na ubistvo Salihove deve?<\/p>\n<p>ODGOVOR: Devet osoba.<\/p>\n<p>Allah, d\u017eelle \u0161e'nuh, ka\u017ee: \u275dU gradu je bilo devet osoba koje su ne red nego nered \u010dinile.\u275e (Mravi, 48)<\/p>\n<p>\u0648\u064e\u0643\u064e\u0627\u0646\u064e \u0641\u0650\u064a \u0627\u0644\u0652\u0645\u064e\u062f\u0650\u064a\u0646\u064e\u0629\u0650 \u062a\u0650\u0633\u0652\u0639\u064e\u0629\u064f \u0631\u064e\u0647\u0652\u0637\u064d \u064a\u064f\u0641\u0652\u0633\u0650\u062f\u064f\u0648\u0646\u064e \u0641\u0650\u064a \u0627\u0644\u0652\u0623\u064e\u0631\u0652\u0636\u0650 \u0648\u064e\u0644\u064e\u0627 \u064a\u064f\u0635\u0652\u0644\u0650\u062d\u064f\u0648\u0646\u064e &#8211; \u0627\u0644\u0646\u0645\u0644\u060c 48<\/p>\n<p>3. PITANJE: Koga je Uzvi\u0161eni Allah kaznio zbog ubistva Salihove deve?<\/p>\n<p>ODGOVOR: \u010citav narod Sem\u016bd!<\/p>\n<p>Allah, d\u017eelle \u0161e'nuh, ka\u017ee:<\/p>\n<p><img decoding=\"async\" src=\"https:\/\/s.w.org\/images\/core\/emoji\/11\/72x72\/27a1.png\" alt=\"\u27a1\" class=\"wp-smiley\" style=\"height: 1em;max-height: 1em\" \/> \u275dI zadesi ih stra\u0161an potres i oni u zemlji svojoj osvanu\u0161e mrtvi, nepomi\u010dni.\u275e [Bedemi, 78]<\/p>\n<p><img decoding=\"async\" src=\"https:\/\/s.w.org\/images\/core\/emoji\/11\/72x72\/27a1.png\" alt=\"\u27a1\" class=\"wp-smiley\" style=\"height: 1em;max-height: 1em\" \/> \u275dI zadesi ih potom stra\u0161an potres i oni osvanu\u0161e u zemlji svojoj mrtvi, nepomi\u010dni.\u275e [Bedemi, 91]<\/p>\n<p><img decoding=\"async\" src=\"https:\/\/s.w.org\/images\/core\/emoji\/11\/72x72\/27a1.png\" alt=\"\u27a1\" class=\"wp-smiley\" style=\"height: 1em;max-height: 1em\" \/> \u275dAli mu oni ne povjerova\u0161e, pa ih zadesi stra\u0161an potres i oni osvanu\u0161e u zemlji svojoj mrtvi, nepomi\u010dni.\u275e [Pauk, 37]<\/p>\n<p>\u0641\u064e\u0623\u064e\u062e\u064e\u0630\u064e\u062a\u0652\u0647\u064f\u0645\u064f \u0627\u0644\u0631\u0651\u064e\u062c\u0652\u0641\u064e\u0629\u064f \u0641\u064e\u0623\u064e\u0635\u0652\u0628\u064e\u062d\u064f\u0648\u0627\u0652 \u0641\u0650\u064a \u062f\u064e\u0627\u0631\u0650\u0647\u0650\u0645\u0652 \u062c\u064e\u0627\u062b\u0650\u0645\u0650\u064a\u0646\u064e &#8211; \u0627\u0644\u0623\u0639\u0631\u0627\u0641\u060c 78<br \/>\n\u0641\u064e\u0623\u064e\u062e\u064e\u0630\u064e\u062a\u0652\u0647\u064f\u0645\u064f \u0627\u0644\u0631\u0651\u064e\u062c\u0652\u0641\u064e\u0629\u064f \u0641\u064e\u0623\u064e\u0635\u0652\u0628\u064e\u062d\u064f\u0648\u0627\u0652 \u0641\u0650\u064a \u062f\u064e\u0627\u0631\u0650\u0647\u0650\u0645\u0652 \u062c\u064e\u0627\u062b\u0650\u0645\u0650\u064a\u0646\u064e &#8211; \u0627\u0644\u0623\u0639\u0631\u0627\u0641\u060c 91<br \/>\n\u0641\u064e\u0643\u064e\u0630\u0651\u064e\u0628\u064f\u0648\u0647\u064f \u0641\u064e\u0623\u064e\u062e\u064e\u0630\u064e\u062a\u0652\u0647\u064f\u0645\u064f \u0627\u0644\u0631\u0651\u064e\u062c\u0652\u0641\u064e\u0629\u064f \u0641\u064e\u0623\u064e\u0635\u0652\u0628\u064e\u062d\u064f\u0648\u0627 \u0641\u0650\u064a \u062f\u064e\u0627\u0631\u0650\u0647\u0650\u0645\u0652 \u062c\u064e\u0627\u062b\u0650\u0645\u0650\u064a\u0646\u064e &#8211; \u0627\u0644\u0639\u0646\u0643\u0628\u0648\u062a\u060c 37<\/p>\n<p><img decoding=\"async\" src=\"https:\/\/s.w.org\/images\/core\/emoji\/11\/72x72\/26a0.png\" alt=\"\u26a0\" class=\"wp-smiley\" style=\"height: 1em;max-height: 1em\" \/> Izvr\u0161ilac, podstrekiva\u010d na djelo, onaj koji je planirao izvr\u0161enje grijeha, onaj ko je zadovoljan sa \u010dinjenjem grijeha i onaj ko je \u0161ute\u0107i posmatrao \u010dinjenje grijeha \u2013<\/p>\n<p><img decoding=\"async\" src=\"https:\/\/s.w.org\/images\/core\/emoji\/11\/72x72\/27a1.png\" alt=\"\u27a1\" class=\"wp-smiley\" style=\"height: 1em;max-height: 1em\" \/> SVI ONI ZASLU\u017dUJU ALLAHOVU KAZNU.<\/p>\n<p>\/SALIH ef. HAU\u0160I\u0106 &#8211; profesor u Gazi Husrev-begovoj medresi\/<\/p>\n<p><\/span><br \/>\nPogledajte vijest na izvornom sajtu:<\/p>\n<p><a href=\"http:\/\/islampress.net\/41035\/tri-pitanja-i-tri-odgovora-salih-ef-hausic-%E1%B8%A5afi%E1%BA%93ahullahu-teala\/\" target=\"_blank\">Tri pitanja i tri odgovora \u2013 Salih ef. Hau\u0161i\u0107, \u1e25afi\u1e93ahull\u0101hu te&#039;\u0101l\u00e1<\/a><\/p>\n","protected":false},"excerpt":{"rendered":"<p>1. PITANJE: Koliko osoba je iz naroda Semud u\u010destvovalo u ubistvu Salihove deve? ODGOVOR: Samo jedna. Allah, d\u017eelle \u0161e'nuh, ka\u017ee: \u275dAli oni pozva\u0161e jednog od svojih, pa se on spremi i prekla je.\u275e [Mjesec, 29] \u0641\u064e\u0646\u064e\u0627\u062f\u064e\u0648\u0652\u0627 \u0635\u064e\u0627\u062d\u0650\u0628\u064e\u0647\u064f\u0645\u0652 \u0641\u064e\u062a\u064e\u0639\u064e\u0627\u0637\u064e\u0649 \u0641\u064e\u0639\u064e\u0642\u064e\u0631\u064e &#8211; \u0627\u0644\u0642\u0645\u0631\u060c 29 2. PITANJE: Koliko osoba je u\u010destvovalo u planiranju i podsticanju na ubistvo Salihove [&hellip;]<\/p>\n","protected":false},"author":83,"featured_media":214555,"comment_status":"open","ping_status":"open","sticky":false,"template":"","format":"standard","meta":{"footnotes":""},"categories":[10514],"tags":[10516],"class_list":{"0":"post-214553","1":"post","2":"type-post","3":"status-publish","4":"format-standard","5":"has-post-thumbnail","7":"category-islam-press","8":"tag-islam"},"yoast_head":"<!-- This site is optimized with the Yoast SEO Premium plugin v23.1 (Yoast SEO v24.9) - https:\/\/yoast.com\/wordpress\/plugins\/seo\/ -->\n<title>Tri pitanja i tri odgovora \u2013 Salih ef. Hau\u0161i\u0107, \u1e25afi\u1e93ahull\u0101hu te&#039;\u0101l\u00e1<\/title>\n<meta name=\"robots\" content=\"index, follow, max-snippet:-1, max-image-preview:large, max-video-preview:-1\" \/>\n<link rel=\"canonical\" href=\"https:\/\/sandzakpress.net\/arhiva\/tri-pitanja-i-tri-odgovora-salih-ef-hausic-\u1e25afi\u1e93ahullahu-teala\/\" \/>\n<meta property=\"og:locale\" content=\"bs_BA\" \/>\n<meta property=\"og:type\" content=\"article\" \/>\n<meta property=\"og:title\" content=\"Tri pitanja i tri odgovora \u2013 Salih ef. Hau\u0161i\u0107, \u1e25afi\u1e93ahull\u0101hu te&#039;\u0101l\u00e1\" \/>\n<meta property=\"og:description\" content=\"1. PITANJE: Koliko osoba je iz naroda Semud u\u010destvovalo u ubistvu Salihove deve? ODGOVOR: Samo jedna. Allah, d\u017eelle \u0161e&#039;nuh, ka\u017ee: \u275dAli oni pozva\u0161e jednog od svojih, pa se on spremi i prekla je.\u275e [Mjesec, 29] \u0641\u064e\u0646\u064e\u0627\u062f\u064e\u0648\u0652\u0627 \u0635\u064e\u0627\u062d\u0650\u0628\u064e\u0647\u064f\u0645\u0652 \u0641\u064e\u062a\u064e\u0639\u064e\u0627\u0637\u064e\u0649 \u0641\u064e\u0639\u064e\u0642\u064e\u0631\u064e &#8211; \u0627\u0644\u0642\u0645\u0631\u060c 29 2. PITANJE: Koliko osoba je u\u010destvovalo u planiranju i podsticanju na ubistvo Salihove [&hellip;]\" \/>\n<meta property=\"og:url\" content=\"https:\/\/sandzakpress.net\/arhiva\/tri-pitanja-i-tri-odgovora-salih-ef-hausic-\u1e25afi\u1e93ahullahu-teala\/\" \/>\n<meta property=\"og:site_name\" content=\"Sand\u017eak PRESS\" \/>\n<meta property=\"article:published_time\" content=\"2018-12-21T22:49:16+00:00\" \/>\n<meta property=\"og:image\" content=\"https:\/\/sandzakpress.net\/arhiva\/wp-content\/uploads\/2018\/12\/is-15-1.jpg\" \/>\n\t<meta property=\"og:image:width\" content=\"480\" \/>\n\t<meta property=\"og:image:height\" content=\"480\" \/>\n\t<meta property=\"og:image:type\" content=\"image\/jpeg\" \/>\n<meta name=\"author\" content=\"bosniak\" \/>\n<meta name=\"twitter:card\" content=\"summary_large_image\" \/>\n<meta name=\"twitter:label1\" content=\"Written by\" \/>\n\t<meta name=\"twitter:data1\" content=\"bosniak\" \/>\n\t<meta name=\"twitter:label2\" content=\"Est. reading time\" \/>\n\t<meta name=\"twitter:data2\" content=\"1 minuta\" \/>\n<script type=\"application\/ld+json\" class=\"yoast-schema-graph\">{\"@context\":\"https:\/\/schema.org\",\"@graph\":[{\"@type\":\"Article\",\"@id\":\"https:\/\/sandzakpress.net\/arhiva\/tri-pitanja-i-tri-odgovora-salih-ef-hausic-%e1%b8%a5afi%e1%ba%93ahullahu-teala\/#article\",\"isPartOf\":{\"@id\":\"https:\/\/sandzakpress.net\/arhiva\/tri-pitanja-i-tri-odgovora-salih-ef-hausic-%e1%b8%a5afi%e1%ba%93ahullahu-teala\/\"},\"author\":{\"name\":\"bosniak\",\"@id\":\"https:\/\/sandzakpress.net\/arhiva\/#\/schema\/person\/c8baee722073534b583ea7bdb2e36c02\"},\"headline\":\"Tri pitanja i tri odgovora \u2013 Salih ef. Hau\u0161i\u0107, \u1e25afi\u1e93ahull\u0101hu te&#039;\u0101l\u00e1\",\"datePublished\":\"2018-12-21T22:49:16+00:00\",\"mainEntityOfPage\":{\"@id\":\"https:\/\/sandzakpress.net\/arhiva\/tri-pitanja-i-tri-odgovora-salih-ef-hausic-%e1%b8%a5afi%e1%ba%93ahullahu-teala\/\"},\"wordCount\":233,\"commentCount\":0,\"publisher\":{\"@id\":\"https:\/\/sandzakpress.net\/arhiva\/#\/schema\/person\/6e72b67d6e51910a1117b3b483ba20bd\"},\"image\":{\"@id\":\"https:\/\/sandzakpress.net\/arhiva\/tri-pitanja-i-tri-odgovora-salih-ef-hausic-%e1%b8%a5afi%e1%ba%93ahullahu-teala\/#primaryimage\"},\"thumbnailUrl\":\"https:\/\/sandzakpress.net\/arhiva\/wp-content\/uploads\/2018\/12\/is-15-1.jpg\",\"keywords\":[\"Islam\"],\"articleSection\":[\"Islam PRESS\"],\"inLanguage\":\"bs-BA\",\"potentialAction\":[{\"@type\":\"CommentAction\",\"name\":\"Comment\",\"target\":[\"https:\/\/sandzakpress.net\/arhiva\/tri-pitanja-i-tri-odgovora-salih-ef-hausic-%e1%b8%a5afi%e1%ba%93ahullahu-teala\/#respond\"]}]},{\"@type\":\"WebPage\",\"@id\":\"https:\/\/sandzakpress.net\/arhiva\/tri-pitanja-i-tri-odgovora-salih-ef-hausic-%e1%b8%a5afi%e1%ba%93ahullahu-teala\/\",\"url\":\"https:\/\/sandzakpress.net\/arhiva\/tri-pitanja-i-tri-odgovora-salih-ef-hausic-%e1%b8%a5afi%e1%ba%93ahullahu-teala\/\",\"name\":\"Tri pitanja i tri odgovora \u2013 Salih ef. Hau\u0161i\u0107, \u1e25afi\u1e93ahull\u0101hu te&#039;\u0101l\u00e1\",\"isPartOf\":{\"@id\":\"https:\/\/sandzakpress.net\/arhiva\/#website\"},\"primaryImageOfPage\":{\"@id\":\"https:\/\/sandzakpress.net\/arhiva\/tri-pitanja-i-tri-odgovora-salih-ef-hausic-%e1%b8%a5afi%e1%ba%93ahullahu-teala\/#primaryimage\"},\"image\":{\"@id\":\"https:\/\/sandzakpress.net\/arhiva\/tri-pitanja-i-tri-odgovora-salih-ef-hausic-%e1%b8%a5afi%e1%ba%93ahullahu-teala\/#primaryimage\"},\"thumbnailUrl\":\"https:\/\/sandzakpress.net\/arhiva\/wp-content\/uploads\/2018\/12\/is-15-1.jpg\",\"datePublished\":\"2018-12-21T22:49:16+00:00\",\"breadcrumb\":{\"@id\":\"https:\/\/sandzakpress.net\/arhiva\/tri-pitanja-i-tri-odgovora-salih-ef-hausic-%e1%b8%a5afi%e1%ba%93ahullahu-teala\/#breadcrumb\"},\"inLanguage\":\"bs-BA\",\"potentialAction\":[{\"@type\":\"ReadAction\",\"target\":[\"https:\/\/sandzakpress.net\/arhiva\/tri-pitanja-i-tri-odgovora-salih-ef-hausic-%e1%b8%a5afi%e1%ba%93ahullahu-teala\/\"]}]},{\"@type\":\"ImageObject\",\"inLanguage\":\"bs-BA\",\"@id\":\"https:\/\/sandzakpress.net\/arhiva\/tri-pitanja-i-tri-odgovora-salih-ef-hausic-%e1%b8%a5afi%e1%ba%93ahullahu-teala\/#primaryimage\",\"url\":\"https:\/\/sandzakpress.net\/arhiva\/wp-content\/uploads\/2018\/12\/is-15-1.jpg\",\"contentUrl\":\"https:\/\/sandzakpress.net\/arhiva\/wp-content\/uploads\/2018\/12\/is-15-1.jpg\",\"width\":480,\"height\":480},{\"@type\":\"BreadcrumbList\",\"@id\":\"https:\/\/sandzakpress.net\/arhiva\/tri-pitanja-i-tri-odgovora-salih-ef-hausic-%e1%b8%a5afi%e1%ba%93ahullahu-teala\/#breadcrumb\",\"itemListElement\":[{\"@type\":\"ListItem\",\"position\":1,\"name\":\"Home\",\"item\":\"https:\/\/sandzakpress.net\/arhiva\/\"},{\"@type\":\"ListItem\",\"position\":2,\"name\":\"Tri pitanja i tri odgovora \u2013 Salih ef. Hau\u0161i\u0107, \u1e25afi\u1e93ahull\u0101hu te&#039;\u0101l\u00e1\"}]},{\"@type\":\"WebSite\",\"@id\":\"https:\/\/sandzakpress.net\/arhiva\/#website\",\"url\":\"https:\/\/sandzakpress.net\/arhiva\/\",\"name\":\"Sand\u017eak PRESS\",\"description\":\"Prve elektronske novine u Sand\u017eaku\",\"publisher\":{\"@id\":\"https:\/\/sandzakpress.net\/arhiva\/#\/schema\/person\/6e72b67d6e51910a1117b3b483ba20bd\"},\"potentialAction\":[{\"@type\":\"SearchAction\",\"target\":{\"@type\":\"EntryPoint\",\"urlTemplate\":\"https:\/\/sandzakpress.net\/arhiva\/?s={search_term_string}\"},\"query-input\":{\"@type\":\"PropertyValueSpecification\",\"valueRequired\":true,\"valueName\":\"search_term_string\"}}],\"inLanguage\":\"bs-BA\"},{\"@type\":[\"Person\",\"Organization\"],\"@id\":\"https:\/\/sandzakpress.net\/arhiva\/#\/schema\/person\/6e72b67d6e51910a1117b3b483ba20bd\",\"name\":\"Kul\",\"image\":{\"@type\":\"ImageObject\",\"inLanguage\":\"bs-BA\",\"@id\":\"https:\/\/sandzakpress.net\/arhiva\/#\/schema\/person\/image\/\",\"url\":\"https:\/\/secure.gravatar.com\/avatar\/42263f39aa27ac04c43cab85c280eb2e?s=96&d=mm&r=pg\",\"contentUrl\":\"https:\/\/secure.gravatar.com\/avatar\/42263f39aa27ac04c43cab85c280eb2e?s=96&d=mm&r=pg\",\"caption\":\"Kul\"},\"logo\":{\"@id\":\"https:\/\/sandzakpress.net\/arhiva\/#\/schema\/person\/image\/\"}},{\"@type\":\"Person\",\"@id\":\"https:\/\/sandzakpress.net\/arhiva\/#\/schema\/person\/c8baee722073534b583ea7bdb2e36c02\",\"name\":\"bosniak\",\"image\":{\"@type\":\"ImageObject\",\"inLanguage\":\"bs-BA\",\"@id\":\"https:\/\/sandzakpress.net\/arhiva\/#\/schema\/person\/image\/\",\"url\":\"https:\/\/secure.gravatar.com\/avatar\/a04fd330bfe3a36a72a0ad4a6d89fca7?s=96&d=mm&r=pg\",\"contentUrl\":\"https:\/\/secure.gravatar.com\/avatar\/a04fd330bfe3a36a72a0ad4a6d89fca7?s=96&d=mm&r=pg\",\"caption\":\"bosniak\"},\"url\":\"https:\/\/sandzakpress.net\/arhiva\/author\/bosniak\/\"}]}<\/script>\n<!-- \/ Yoast SEO Premium plugin. -->","yoast_head_json":{"title":"Tri pitanja i tri odgovora \u2013 Salih ef. Hau\u0161i\u0107, \u1e25afi\u1e93ahull\u0101hu te&#039;\u0101l\u00e1","robots":{"index":"index","follow":"follow","max-snippet":"max-snippet:-1","max-image-preview":"max-image-preview:large","max-video-preview":"max-video-preview:-1"},"canonical":"https:\/\/sandzakpress.net\/arhiva\/tri-pitanja-i-tri-odgovora-salih-ef-hausic-\u1e25afi\u1e93ahullahu-teala\/","og_locale":"bs_BA","og_type":"article","og_title":"Tri pitanja i tri odgovora \u2013 Salih ef. Hau\u0161i\u0107, \u1e25afi\u1e93ahull\u0101hu te&#039;\u0101l\u00e1","og_description":"1. PITANJE: Koliko osoba je iz naroda Semud u\u010destvovalo u ubistvu Salihove deve? ODGOVOR: Samo jedna. Allah, d\u017eelle \u0161e'nuh, ka\u017ee: \u275dAli oni pozva\u0161e jednog od svojih, pa se on spremi i prekla je.\u275e [Mjesec, 29] \u0641\u064e\u0646\u064e\u0627\u062f\u064e\u0648\u0652\u0627 \u0635\u064e\u0627\u062d\u0650\u0628\u064e\u0647\u064f\u0645\u0652 \u0641\u064e\u062a\u064e\u0639\u064e\u0627\u0637\u064e\u0649 \u0641\u064e\u0639\u064e\u0642\u064e\u0631\u064e &#8211; \u0627\u0644\u0642\u0645\u0631\u060c 29 2. PITANJE: Koliko osoba je u\u010destvovalo u planiranju i podsticanju na ubistvo Salihove [&hellip;]","og_url":"https:\/\/sandzakpress.net\/arhiva\/tri-pitanja-i-tri-odgovora-salih-ef-hausic-\u1e25afi\u1e93ahullahu-teala\/","og_site_name":"Sand\u017eak PRESS","article_published_time":"2018-12-21T22:49:16+00:00","og_image":[{"width":480,"height":480,"url":"https:\/\/sandzakpress.net\/arhiva\/wp-content\/uploads\/2018\/12\/is-15-1.jpg","type":"image\/jpeg"}],"author":"bosniak","twitter_card":"summary_large_image","twitter_misc":{"Written by":"bosniak","Est. reading time":"1 minuta"},"schema":{"@context":"https:\/\/schema.org","@graph":[{"@type":"Article","@id":"https:\/\/sandzakpress.net\/arhiva\/tri-pitanja-i-tri-odgovora-salih-ef-hausic-%e1%b8%a5afi%e1%ba%93ahullahu-teala\/#article","isPartOf":{"@id":"https:\/\/sandzakpress.net\/arhiva\/tri-pitanja-i-tri-odgovora-salih-ef-hausic-%e1%b8%a5afi%e1%ba%93ahullahu-teala\/"},"author":{"name":"bosniak","@id":"https:\/\/sandzakpress.net\/arhiva\/#\/schema\/person\/c8baee722073534b583ea7bdb2e36c02"},"headline":"Tri pitanja i tri odgovora \u2013 Salih ef. Hau\u0161i\u0107, \u1e25afi\u1e93ahull\u0101hu te&#039;\u0101l\u00e1","datePublished":"2018-12-21T22:49:16+00:00","mainEntityOfPage":{"@id":"https:\/\/sandzakpress.net\/arhiva\/tri-pitanja-i-tri-odgovora-salih-ef-hausic-%e1%b8%a5afi%e1%ba%93ahullahu-teala\/"},"wordCount":233,"commentCount":0,"publisher":{"@id":"https:\/\/sandzakpress.net\/arhiva\/#\/schema\/person\/6e72b67d6e51910a1117b3b483ba20bd"},"image":{"@id":"https:\/\/sandzakpress.net\/arhiva\/tri-pitanja-i-tri-odgovora-salih-ef-hausic-%e1%b8%a5afi%e1%ba%93ahullahu-teala\/#primaryimage"},"thumbnailUrl":"https:\/\/sandzakpress.net\/arhiva\/wp-content\/uploads\/2018\/12\/is-15-1.jpg","keywords":["Islam"],"articleSection":["Islam PRESS"],"inLanguage":"bs-BA","potentialAction":[{"@type":"CommentAction","name":"Comment","target":["https:\/\/sandzakpress.net\/arhiva\/tri-pitanja-i-tri-odgovora-salih-ef-hausic-%e1%b8%a5afi%e1%ba%93ahullahu-teala\/#respond"]}]},{"@type":"WebPage","@id":"https:\/\/sandzakpress.net\/arhiva\/tri-pitanja-i-tri-odgovora-salih-ef-hausic-%e1%b8%a5afi%e1%ba%93ahullahu-teala\/","url":"https:\/\/sandzakpress.net\/arhiva\/tri-pitanja-i-tri-odgovora-salih-ef-hausic-%e1%b8%a5afi%e1%ba%93ahullahu-teala\/","name":"Tri pitanja i tri odgovora \u2013 Salih ef. Hau\u0161i\u0107, \u1e25afi\u1e93ahull\u0101hu te&#039;\u0101l\u00e1","isPartOf":{"@id":"https:\/\/sandzakpress.net\/arhiva\/#website"},"primaryImageOfPage":{"@id":"https:\/\/sandzakpress.net\/arhiva\/tri-pitanja-i-tri-odgovora-salih-ef-hausic-%e1%b8%a5afi%e1%ba%93ahullahu-teala\/#primaryimage"},"image":{"@id":"https:\/\/sandzakpress.net\/arhiva\/tri-pitanja-i-tri-odgovora-salih-ef-hausic-%e1%b8%a5afi%e1%ba%93ahullahu-teala\/#primaryimage"},"thumbnailUrl":"https:\/\/sandzakpress.net\/arhiva\/wp-content\/uploads\/2018\/12\/is-15-1.jpg","datePublished":"2018-12-21T22:49:16+00:00","breadcrumb":{"@id":"https:\/\/sandzakpress.net\/arhiva\/tri-pitanja-i-tri-odgovora-salih-ef-hausic-%e1%b8%a5afi%e1%ba%93ahullahu-teala\/#breadcrumb"},"inLanguage":"bs-BA","potentialAction":[{"@type":"ReadAction","target":["https:\/\/sandzakpress.net\/arhiva\/tri-pitanja-i-tri-odgovora-salih-ef-hausic-%e1%b8%a5afi%e1%ba%93ahullahu-teala\/"]}]},{"@type":"ImageObject","inLanguage":"bs-BA","@id":"https:\/\/sandzakpress.net\/arhiva\/tri-pitanja-i-tri-odgovora-salih-ef-hausic-%e1%b8%a5afi%e1%ba%93ahullahu-teala\/#primaryimage","url":"https:\/\/sandzakpress.net\/arhiva\/wp-content\/uploads\/2018\/12\/is-15-1.jpg","contentUrl":"https:\/\/sandzakpress.net\/arhiva\/wp-content\/uploads\/2018\/12\/is-15-1.jpg","width":480,"height":480},{"@type":"BreadcrumbList","@id":"https:\/\/sandzakpress.net\/arhiva\/tri-pitanja-i-tri-odgovora-salih-ef-hausic-%e1%b8%a5afi%e1%ba%93ahullahu-teala\/#breadcrumb","itemListElement":[{"@type":"ListItem","position":1,"name":"Home","item":"https:\/\/sandzakpress.net\/arhiva\/"},{"@type":"ListItem","position":2,"name":"Tri pitanja i tri odgovora \u2013 Salih ef. Hau\u0161i\u0107, \u1e25afi\u1e93ahull\u0101hu te&#039;\u0101l\u00e1"}]},{"@type":"WebSite","@id":"https:\/\/sandzakpress.net\/arhiva\/#website","url":"https:\/\/sandzakpress.net\/arhiva\/","name":"Sand\u017eak PRESS","description":"Prve elektronske novine u Sand\u017eaku","publisher":{"@id":"https:\/\/sandzakpress.net\/arhiva\/#\/schema\/person\/6e72b67d6e51910a1117b3b483ba20bd"},"potentialAction":[{"@type":"SearchAction","target":{"@type":"EntryPoint","urlTemplate":"https:\/\/sandzakpress.net\/arhiva\/?s={search_term_string}"},"query-input":{"@type":"PropertyValueSpecification","valueRequired":true,"valueName":"search_term_string"}}],"inLanguage":"bs-BA"},{"@type":["Person","Organization"],"@id":"https:\/\/sandzakpress.net\/arhiva\/#\/schema\/person\/6e72b67d6e51910a1117b3b483ba20bd","name":"Kul","image":{"@type":"ImageObject","inLanguage":"bs-BA","@id":"https:\/\/sandzakpress.net\/arhiva\/#\/schema\/person\/image\/","url":"https:\/\/secure.gravatar.com\/avatar\/42263f39aa27ac04c43cab85c280eb2e?s=96&d=mm&r=pg","contentUrl":"https:\/\/secure.gravatar.com\/avatar\/42263f39aa27ac04c43cab85c280eb2e?s=96&d=mm&r=pg","caption":"Kul"},"logo":{"@id":"https:\/\/sandzakpress.net\/arhiva\/#\/schema\/person\/image\/"}},{"@type":"Person","@id":"https:\/\/sandzakpress.net\/arhiva\/#\/schema\/person\/c8baee722073534b583ea7bdb2e36c02","name":"bosniak","image":{"@type":"ImageObject","inLanguage":"bs-BA","@id":"https:\/\/sandzakpress.net\/arhiva\/#\/schema\/person\/image\/","url":"https:\/\/secure.gravatar.com\/avatar\/a04fd330bfe3a36a72a0ad4a6d89fca7?s=96&d=mm&r=pg","contentUrl":"https:\/\/secure.gravatar.com\/avatar\/a04fd330bfe3a36a72a0ad4a6d89fca7?s=96&d=mm&r=pg","caption":"bosniak"},"url":"https:\/\/sandzakpress.net\/arhiva\/author\/bosniak\/"}]}},"_links":{"self":[{"href":"https:\/\/sandzakpress.net\/arhiva\/wp-json\/wp\/v2\/posts\/214553"}],"collection":[{"href":"https:\/\/sandzakpress.net\/arhiva\/wp-json\/wp\/v2\/posts"}],"about":[{"href":"https:\/\/sandzakpress.net\/arhiva\/wp-json\/wp\/v2\/types\/post"}],"author":[{"embeddable":true,"href":"https:\/\/sandzakpress.net\/arhiva\/wp-json\/wp\/v2\/users\/83"}],"replies":[{"embeddable":true,"href":"https:\/\/sandzakpress.net\/arhiva\/wp-json\/wp\/v2\/comments?post=214553"}],"version-history":[{"count":0,"href":"https:\/\/sandzakpress.net\/arhiva\/wp-json\/wp\/v2\/posts\/214553\/revisions"}],"wp:featuredmedia":[{"embeddable":true,"href":"https:\/\/sandzakpress.net\/arhiva\/wp-json\/wp\/v2\/media\/214555"}],"wp:attachment":[{"href":"https:\/\/sandzakpress.net\/arhiva\/wp-json\/wp\/v2\/media?parent=214553"}],"wp:term":[{"taxonomy":"category","embeddable":true,"href":"https:\/\/sandzakpress.net\/arhiva\/wp-json\/wp\/v2\/categories?post=214553"},{"taxonomy":"post_tag","embeddable":true,"href":"https:\/\/sandzakpress.net\/arhiva\/wp-json\/wp\/v2\/tags?post=214553"}],"curies":[{"name":"wp","href":"https:\/\/api.w.org\/{rel}","templated":true}]}}